{"id":23596,"date":"2024-11-22T10:35:14","date_gmt":"2024-11-22T13:35:14","guid":{"rendered":"http:\/\/diarioprincipios.com\/?p=23596"},"modified":"2024-11-22T10:35:16","modified_gmt":"2024-11-22T13:35:16","slug":"se-inauguro-el-nuevo-cesped-sintetico-de-la-cancha-del-club-municipal-malteria","status":"publish","type":"post","link":"https:\/\/diarioprincipios.com\/index.php\/2024\/11\/22\/se-inauguro-el-nuevo-cesped-sintetico-de-la-cancha-del-club-municipal-malteria\/","title":{"rendered":"Se inaugur\u00f3 el nuevo C\u00e9sped Sint\u00e9tico de la Cancha del Club Municipal Malter\u00eda"},"content":{"rendered":"\n<p><strong>En un emocionante y multitudinario acto, se inaugur\u00f3 la nueva carpeta de c\u00e9sped sint\u00e9tico de la cancha de f\u00fatbol 11 del Club Municipal Malter\u00eda Hudson y se dio inicio a la 2da edici\u00f3n de la Copa Autonom\u00eda Berazategui, Torneo de F\u00fatbol Femenino del distrito. Fue encabezado por el intendente Juan Jos\u00e9 Mussi, junto a la secretaria de Desarrollo Social y Comunitario, Recreaci\u00f3n, Turismo y Deportes, Mar\u00eda Laura Lacava.<\/strong><br>\u201cEsto es una alegr\u00eda, es una obra que realmente vale la pena, para todos los j\u00f3venes que vienen a un lugar sano a hacer deporte\u201d, asegur\u00f3 Mussi. Y expres\u00f3: \u201cNac\u00ed ac\u00e1 cerca y este fue un lugar muy importante para todos los vecinos de la zona, un espacio de encuentro. Hoy tambi\u00e9n inauguramos luminarias aqu\u00ed y agradezco a todos los que lo hicieron posible. Adem\u00e1s, arranca el torneo de f\u00fatbol femenino. Esto tiene una gran importancia, ac\u00e1 vemos a las familias\u201d.<\/p>\n\n\n\n<figure class=\"wp-block-image size-large\"><img loading=\"lazy\" decoding=\"async\" width=\"1024\" height=\"683\" src=\"https:\/\/diarioprincipios.com\/wp-content\/uploads\/2024\/11\/SE-INAUGURO-EL-NUEVO-CESPED-SINTETICO-DE-LA-CANCHA-DEL-CLUB-MUNICIPAL-MALTERIA-3-1024x683.jpg\" alt=\"\" class=\"wp-image-23597\" srcset=\"https:\/\/diarioprincipios.com\/wp-content\/uploads\/2024\/11\/SE-INAUGURO-EL-NUEVO-CESPED-SINTETICO-DE-LA-CANCHA-DEL-CLUB-MUNICIPAL-MALTERIA-3-1024x683.jpg 1024w, https:\/\/diarioprincipios.com\/wp-content\/uploads\/2024\/11\/SE-INAUGURO-EL-NUEVO-CESPED-SINTETICO-DE-LA-CANCHA-DEL-CLUB-MUNICIPAL-MALTERIA-3-300x200.jpg 300w, https:\/\/diarioprincipios.com\/wp-content\/uploads\/2024\/11\/SE-INAUGURO-EL-NUEVO-CESPED-SINTETICO-DE-LA-CANCHA-DEL-CLUB-MUNICIPAL-MALTERIA-3-768x512.jpg 768w, https:\/\/diarioprincipios.com\/wp-content\/uploads\/2024\/11\/SE-INAUGURO-EL-NUEVO-CESPED-SINTETICO-DE-LA-CANCHA-DEL-CLUB-MUNICIPAL-MALTERIA-3-1536x1024.jpg 1536w, https:\/\/diarioprincipios.com\/wp-content\/uploads\/2024\/11\/SE-INAUGURO-EL-NUEVO-CESPED-SINTETICO-DE-LA-CANCHA-DEL-CLUB-MUNICIPAL-MALTERIA-3-600x400.jpg 600w, https:\/\/diarioprincipios.com\/wp-content\/uploads\/2024\/11\/SE-INAUGURO-EL-NUEVO-CESPED-SINTETICO-DE-LA-CANCHA-DEL-CLUB-MUNICIPAL-MALTERIA-3.jpg 1920w\" sizes=\"auto, (max-width: 1024px) 100vw, 1024px\" \/><\/figure>\n\n\n\n<p>Asimismo, el Intendente manifest\u00f3: \u201cFue una hermosa sorpresa encontrar aqu\u00ed tanta gente y ver que aprecian esta inversi\u00f3n. Pensamos que siempre es m\u00e1s importante invertir en un ser humano, en el cuidado de nuestros chicos y chicas. Y lo vamos a seguir haciendo en el deporte, algo que nos iguala. A no aflojar.\u201d<\/p>\n\n\n\n<p>Por su parte, Mar\u00eda Laura Lacava destac\u00f3: \u201cEste es un d\u00eda muy especial para todos los berazateguenses y, sobre todo, para la comunidad de Hudson. Hoy inauguramos la nueva alfombra de c\u00e9sped sint\u00e9tico. El recambio era algo pendiente y el Municipio, con mucho esfuerzo, lo pudo lograr. Adem\u00e1s, hoy comenz\u00f3 la 2da edici\u00f3n de la Copa Autonom\u00eda. Estamos muy contentos, junto a vecinos y clubes que se sumaron al evento en este Club emblem\u00e1tico\u201d.<\/p>\n\n\n\n<figure class=\"wp-block-image size-large\"><img loading=\"lazy\" decoding=\"async\" width=\"1024\" height=\"683\" src=\"https:\/\/diarioprincipios.com\/wp-content\/uploads\/2024\/11\/SE-INAUGURO-EL-NUEVO-CESPED-SINTETICO-DE-LA-CANCHA-DEL-CLUB-MUNICIPAL-MALTERIA-2-1024x683.jpg\" alt=\"\" class=\"wp-image-23598\" srcset=\"https:\/\/diarioprincipios.com\/wp-content\/uploads\/2024\/11\/SE-INAUGURO-EL-NUEVO-CESPED-SINTETICO-DE-LA-CANCHA-DEL-CLUB-MUNICIPAL-MALTERIA-2-1024x683.jpg 1024w, https:\/\/diarioprincipios.com\/wp-content\/uploads\/2024\/11\/SE-INAUGURO-EL-NUEVO-CESPED-SINTETICO-DE-LA-CANCHA-DEL-CLUB-MUNICIPAL-MALTERIA-2-300x200.jpg 300w, https:\/\/diarioprincipios.com\/wp-content\/uploads\/2024\/11\/SE-INAUGURO-EL-NUEVO-CESPED-SINTETICO-DE-LA-CANCHA-DEL-CLUB-MUNICIPAL-MALTERIA-2-768x512.jpg 768w, https:\/\/diarioprincipios.com\/wp-content\/uploads\/2024\/11\/SE-INAUGURO-EL-NUEVO-CESPED-SINTETICO-DE-LA-CANCHA-DEL-CLUB-MUNICIPAL-MALTERIA-2-1536x1024.jpg 1536w, https:\/\/diarioprincipios.com\/wp-content\/uploads\/2024\/11\/SE-INAUGURO-EL-NUEVO-CESPED-SINTETICO-DE-LA-CANCHA-DEL-CLUB-MUNICIPAL-MALTERIA-2-600x400.jpg 600w, https:\/\/diarioprincipios.com\/wp-content\/uploads\/2024\/11\/SE-INAUGURO-EL-NUEVO-CESPED-SINTETICO-DE-LA-CANCHA-DEL-CLUB-MUNICIPAL-MALTERIA-2.jpg 1920w\" sizes=\"auto, (max-width: 1024px) 100vw, 1024px\" \/><\/figure>\n\n\n\n<p><br>Adem\u00e1s, la Titular de Desarrollo Social y Comunitario agreg\u00f3: \u201cEl 8 de diciembre se cumplir\u00e1n 15 a\u00f1os desde que el Municipio adquiri\u00f3 este espacio y lo puso en valor. Esto es algo para la comunidad. Estamos muy orgullosos de que el Dr. Mussi siga apostando al deporte, la recreaci\u00f3n y la cultura, cosas b\u00e1sicas para mejorar la calidad de vida de los vecinos, para el crecimiento integral de los ni\u00f1os, ni\u00f1as y j\u00f3venes\u201d.<br>La obra de colocaci\u00f3n de la carpeta de c\u00e9sped fue impulsada por el intendente Juan Jos\u00e9 Mussi y concretada con fondos municipales, con el fin de renovar y mejorar este espacio para uso de la comunidad. Esta cancha cuenta con medidas profesionales (100x70m) certificadas por la FIFA.<br>Por otra parte, la Copa Autonom\u00eda Berazategui 2024 de F\u00fatbol Femenino -en su 2da edici\u00f3n- se realiza en la modalidad F\u00fatbol 7 para jugadoras berazateguenses mayores de 18 a\u00f1os. En su primera edici\u00f3n (2023) compitieron cerca de 180 jugadoras (12 equipos). En tanto, este a\u00f1o participaron 480 (32 equipos) de clubes de los distintos barrios del distrito.<br>Para conocer m\u00e1s acerca de todas las propuestas deportivas y recreativas de los Clubes municipales, se puede ingresar en\u00a0<a href=\"http:\/\/berazategui.gob.ar\/deportesyrecreaci%C3%B3n\" target=\"_blank\" rel=\"noreferrer noopener\">Berazategui.gob.ar\/deportesyrecreaci\u00f3n<\/a>.<\/p>\n","protected":false},"excerpt":{"rendered":"<p>En un emocionante y multitudinario acto, se inaugur\u00f3 la nueva carpeta de c\u00e9sped sint\u00e9tico de la cancha de f\u00fatbol 11 del Club Municipal Malter\u00eda Hudson y se dio inicio a la 2da edici\u00f3n de la Copa Autonom\u00eda Berazategui, Torneo de F\u00fatbol Femenino del distrito. Fue encabezado por el intendente Juan Jos\u00e9 Mussi, junto a la&#8230;<\/p>\n","protected":false},"author":2,"featured_media":23599,"comment_status":"open","ping_status":"open","sticky":false,"template":"","format":"standard","meta":{"footnotes":""},"categories":[3,6],"tags":[],"class_list":["post-23596","post","type-post","status-publish","format-standard","has-post-thumbnail","hentry","category-berazategui","category-deportes"],"featured_image_src":"https:\/\/diarioprincipios.com\/wp-content\/uploads\/2024\/11\/SE-INAUGURO-EL-NUEVO-CESPED-SINTETICO-DE-LA-CANCHA-DEL-CLUB-MUNICIPAL-MALTERIA-1-1024x682.jpg","blog_images":{"medium":"https:\/\/diarioprincipios.com\/wp-content\/uploads\/2024\/11\/SE-INAUGURO-EL-NUEVO-CESPED-SINTETICO-DE-LA-CANCHA-DEL-CLUB-MUNICIPAL-MALTERIA-1-300x200.jpg","large":"https:\/\/diarioprincipios.com\/wp-content\/uploads\/2024\/11\/SE-INAUGURO-EL-NUEVO-CESPED-SINTETICO-DE-LA-CANCHA-DEL-CLUB-MUNICIPAL-MALTERIA-1-1024x682.jpg"},"ams_acf":[],"yoast_head":"<!-- This site is optimized with the Yoast SEO plugin v27.3 - https:\/\/yoast.com\/product\/yoast-seo-wordpress\/ -->\n<title>Se inaugur\u00f3 el nuevo C\u00e9sped Sint\u00e9tico de la Cancha del Club Municipal Malter\u00eda - Principios<\/title>\n<meta name=\"robots\" content=\"index, follow, max-snippet:-1, max-image-preview:large, max-video-preview:-1\" \/>\n<link rel=\"canonical\" href=\"https:\/\/diarioprincipios.com\/index.php\/2024\/11\/22\/se-inauguro-el-nuevo-cesped-sintetico-de-la-cancha-del-club-municipal-malteria\/\" \/>\n<meta property=\"og:locale\" content=\"es_ES\" \/>\n<meta property=\"og:type\" content=\"article\" \/>\n<meta property=\"og:title\" content=\"Se inaugur\u00f3 el nuevo C\u00e9sped Sint\u00e9tico de la Cancha del Club Municipal Malter\u00eda - Principios\" \/>\n<meta property=\"og:description\" content=\"En un emocionante y multitudinario acto, se inaugur\u00f3 la nueva carpeta de c\u00e9sped sint\u00e9tico de la cancha de f\u00fatbol 11 del Club Municipal Malter\u00eda Hudson y se dio inicio a la 2da edici\u00f3n de la Copa Autonom\u00eda Berazategui, Torneo de F\u00fatbol Femenino del distrito. Fue encabezado por el intendente Juan Jos\u00e9 Mussi, junto a la...\" \/>\n<meta property=\"og:url\" content=\"https:\/\/diarioprincipios.com\/index.php\/2024\/11\/22\/se-inauguro-el-nuevo-cesped-sintetico-de-la-cancha-del-club-municipal-malteria\/\" \/>\n<meta property=\"og:site_name\" content=\"Principios\" \/>\n<meta property=\"article:published_time\" content=\"2024-11-22T13:35:14+00:00\" \/>\n<meta property=\"article:modified_time\" content=\"2024-11-22T13:35:16+00:00\" \/>\n<meta property=\"og:image\" content=\"https:\/\/diarioprincipios.com\/wp-content\/uploads\/2024\/11\/SE-INAUGURO-EL-NUEVO-CESPED-SINTETICO-DE-LA-CANCHA-DEL-CLUB-MUNICIPAL-MALTERIA-1.jpg\" \/>\n\t<meta property=\"og:image:width\" content=\"1600\" \/>\n\t<meta property=\"og:image:height\" content=\"1066\" \/>\n\t<meta property=\"og:image:type\" content=\"image\/jpeg\" \/>\n<meta name=\"author\" content=\"Hern\u00e1n L\u00f3pez\" \/>\n<meta name=\"twitter:card\" content=\"summary_large_image\" \/>\n<meta name=\"twitter:label1\" content=\"Escrito por\" \/>\n\t<meta name=\"twitter:data1\" content=\"Hern\u00e1n L\u00f3pez\" \/>\n\t<meta name=\"twitter:label2\" content=\"Tiempo de lectura\" \/>\n\t<meta name=\"twitter:data2\" content=\"3 minutos\" \/>\n<script type=\"application\/ld+json\" class=\"yoast-schema-graph\">{\"@context\":\"https:\\\/\\\/schema.org\",\"@graph\":[{\"@type\":\"Article\",\"@id\":\"https:\\\/\\\/diarioprincipios.com\\\/index.php\\\/2024\\\/11\\\/22\\\/se-inauguro-el-nuevo-cesped-sintetico-de-la-cancha-del-club-municipal-malteria\\\/#article\",\"isPartOf\":{\"@id\":\"https:\\\/\\\/diarioprincipios.com\\\/index.php\\\/2024\\\/11\\\/22\\\/se-inauguro-el-nuevo-cesped-sintetico-de-la-cancha-del-club-municipal-malteria\\\/\"},\"author\":{\"name\":\"Hern\u00e1n L\u00f3pez\",\"@id\":\"https:\\\/\\\/diarioprincipios.com\\\/#\\\/schema\\\/person\\\/436d5a1fd41a5e250e23ff5a6a7cb080\"},\"headline\":\"Se inaugur\u00f3 el nuevo C\u00e9sped Sint\u00e9tico de la Cancha del Club Municipal Malter\u00eda\",\"datePublished\":\"2024-11-22T13:35:14+00:00\",\"dateModified\":\"2024-11-22T13:35:16+00:00\",\"mainEntityOfPage\":{\"@id\":\"https:\\\/\\\/diarioprincipios.com\\\/index.php\\\/2024\\\/11\\\/22\\\/se-inauguro-el-nuevo-cesped-sintetico-de-la-cancha-del-club-municipal-malteria\\\/\"},\"wordCount\":525,\"commentCount\":0,\"publisher\":{\"@id\":\"https:\\\/\\\/diarioprincipios.com\\\/#organization\"},\"image\":{\"@id\":\"https:\\\/\\\/diarioprincipios.com\\\/index.php\\\/2024\\\/11\\\/22\\\/se-inauguro-el-nuevo-cesped-sintetico-de-la-cancha-del-club-municipal-malteria\\\/#primaryimage\"},\"thumbnailUrl\":\"https:\\\/\\\/diarioprincipios.com\\\/wp-content\\\/uploads\\\/2024\\\/11\\\/SE-INAUGURO-EL-NUEVO-CESPED-SINTETICO-DE-LA-CANCHA-DEL-CLUB-MUNICIPAL-MALTERIA-1.jpg\",\"articleSection\":[\"Berazategui\",\"Deportes\"],\"inLanguage\":\"es\",\"potentialAction\":[{\"@type\":\"CommentAction\",\"name\":\"Comment\",\"target\":[\"https:\\\/\\\/diarioprincipios.com\\\/index.php\\\/2024\\\/11\\\/22\\\/se-inauguro-el-nuevo-cesped-sintetico-de-la-cancha-del-club-municipal-malteria\\\/#respond\"]}]},{\"@type\":\"WebPage\",\"@id\":\"https:\\\/\\\/diarioprincipios.com\\\/index.php\\\/2024\\\/11\\\/22\\\/se-inauguro-el-nuevo-cesped-sintetico-de-la-cancha-del-club-municipal-malteria\\\/\",\"url\":\"https:\\\/\\\/diarioprincipios.com\\\/index.php\\\/2024\\\/11\\\/22\\\/se-inauguro-el-nuevo-cesped-sintetico-de-la-cancha-del-club-municipal-malteria\\\/\",\"name\":\"Se inaugur\u00f3 el nuevo C\u00e9sped Sint\u00e9tico de la Cancha del Club Municipal Malter\u00eda - Principios\",\"isPartOf\":{\"@id\":\"https:\\\/\\\/diarioprincipios.com\\\/#website\"},\"primaryImageOfPage\":{\"@id\":\"https:\\\/\\\/diarioprincipios.com\\\/index.php\\\/2024\\\/11\\\/22\\\/se-inauguro-el-nuevo-cesped-sintetico-de-la-cancha-del-club-municipal-malteria\\\/#primaryimage\"},\"image\":{\"@id\":\"https:\\\/\\\/diarioprincipios.com\\\/index.php\\\/2024\\\/11\\\/22\\\/se-inauguro-el-nuevo-cesped-sintetico-de-la-cancha-del-club-municipal-malteria\\\/#primaryimage\"},\"thumbnailUrl\":\"https:\\\/\\\/diarioprincipios.com\\\/wp-content\\\/uploads\\\/2024\\\/11\\\/SE-INAUGURO-EL-NUEVO-CESPED-SINTETICO-DE-LA-CANCHA-DEL-CLUB-MUNICIPAL-MALTERIA-1.jpg\",\"datePublished\":\"2024-11-22T13:35:14+00:00\",\"dateModified\":\"2024-11-22T13:35:16+00:00\",\"breadcrumb\":{\"@id\":\"https:\\\/\\\/diarioprincipios.com\\\/index.php\\\/2024\\\/11\\\/22\\\/se-inauguro-el-nuevo-cesped-sintetico-de-la-cancha-del-club-municipal-malteria\\\/#breadcrumb\"},\"inLanguage\":\"es\",\"potentialAction\":[{\"@type\":\"ReadAction\",\"target\":[\"https:\\\/\\\/diarioprincipios.com\\\/index.php\\\/2024\\\/11\\\/22\\\/se-inauguro-el-nuevo-cesped-sintetico-de-la-cancha-del-club-municipal-malteria\\\/\"]}]},{\"@type\":\"ImageObject\",\"inLanguage\":\"es\",\"@id\":\"https:\\\/\\\/diarioprincipios.com\\\/index.php\\\/2024\\\/11\\\/22\\\/se-inauguro-el-nuevo-cesped-sintetico-de-la-cancha-del-club-municipal-malteria\\\/#primaryimage\",\"url\":\"https:\\\/\\\/diarioprincipios.com\\\/wp-content\\\/uploads\\\/2024\\\/11\\\/SE-INAUGURO-EL-NUEVO-CESPED-SINTETICO-DE-LA-CANCHA-DEL-CLUB-MUNICIPAL-MALTERIA-1.jpg\",\"contentUrl\":\"https:\\\/\\\/diarioprincipios.com\\\/wp-content\\\/uploads\\\/2024\\\/11\\\/SE-INAUGURO-EL-NUEVO-CESPED-SINTETICO-DE-LA-CANCHA-DEL-CLUB-MUNICIPAL-MALTERIA-1.jpg\",\"width\":1600,\"height\":1066},{\"@type\":\"BreadcrumbList\",\"@id\":\"https:\\\/\\\/diarioprincipios.com\\\/index.php\\\/2024\\\/11\\\/22\\\/se-inauguro-el-nuevo-cesped-sintetico-de-la-cancha-del-club-municipal-malteria\\\/#breadcrumb\",\"itemListElement\":[{\"@type\":\"ListItem\",\"position\":1,\"name\":\"Portada\",\"item\":\"https:\\\/\\\/diarioprincipios.com\\\/\"},{\"@type\":\"ListItem\",\"position\":2,\"name\":\"Se inaugur\u00f3 el nuevo C\u00e9sped Sint\u00e9tico de la Cancha del Club Municipal Malter\u00eda\"}]},{\"@type\":\"WebSite\",\"@id\":\"https:\\\/\\\/diarioprincipios.com\\\/#website\",\"url\":\"https:\\\/\\\/diarioprincipios.com\\\/\",\"name\":\"Principios\",\"description\":\"Principios Diario\",\"publisher\":{\"@id\":\"https:\\\/\\\/diarioprincipios.com\\\/#organization\"},\"potentialAction\":[{\"@type\":\"SearchAction\",\"target\":{\"@type\":\"EntryPoint\",\"urlTemplate\":\"https:\\\/\\\/diarioprincipios.com\\\/?s={search_term_string}\"},\"query-input\":{\"@type\":\"PropertyValueSpecification\",\"valueRequired\":true,\"valueName\":\"search_term_string\"}}],\"inLanguage\":\"es\"},{\"@type\":\"Organization\",\"@id\":\"https:\\\/\\\/diarioprincipios.com\\\/#organization\",\"name\":\"Principios\",\"url\":\"https:\\\/\\\/diarioprincipios.com\\\/\",\"logo\":{\"@type\":\"ImageObject\",\"inLanguage\":\"es\",\"@id\":\"https:\\\/\\\/diarioprincipios.com\\\/#\\\/schema\\\/logo\\\/image\\\/\",\"url\":\"https:\\\/\\\/diarioprincipios.com\\\/wp-content\\\/uploads\\\/2024\\\/04\\\/cropped-www.diarioprincipios.com_-1.png\",\"contentUrl\":\"https:\\\/\\\/diarioprincipios.com\\\/wp-content\\\/uploads\\\/2024\\\/04\\\/cropped-www.diarioprincipios.com_-1.png\",\"width\":5325,\"height\":1454,\"caption\":\"Principios\"},\"image\":{\"@id\":\"https:\\\/\\\/diarioprincipios.com\\\/#\\\/schema\\\/logo\\\/image\\\/\"}},{\"@type\":\"Person\",\"@id\":\"https:\\\/\\\/diarioprincipios.com\\\/#\\\/schema\\\/person\\\/436d5a1fd41a5e250e23ff5a6a7cb080\",\"name\":\"Hern\u00e1n L\u00f3pez\",\"image\":{\"@type\":\"ImageObject\",\"inLanguage\":\"es\",\"@id\":\"https:\\\/\\\/diarioprincipios.com\\\/wp-content\\\/litespeed\\\/avatar\\\/11ddfe5610ff3bd100522525b2571f48.jpg?ver=1777048341\",\"url\":\"https:\\\/\\\/diarioprincipios.com\\\/wp-content\\\/litespeed\\\/avatar\\\/11ddfe5610ff3bd100522525b2571f48.jpg?ver=1777048341\",\"contentUrl\":\"https:\\\/\\\/diarioprincipios.com\\\/wp-content\\\/litespeed\\\/avatar\\\/11ddfe5610ff3bd100522525b2571f48.jpg?ver=1777048341\",\"caption\":\"Hern\u00e1n L\u00f3pez\"},\"url\":\"https:\\\/\\\/diarioprincipios.com\\\/index.php\\\/author\\\/hernan\\\/\"}]}<\/script>\n<!-- \/ Yoast SEO plugin. -->","yoast_head_json":{"title":"Se inaugur\u00f3 el nuevo C\u00e9sped Sint\u00e9tico de la Cancha del Club Municipal Malter\u00eda - Principios","robots":{"index":"index","follow":"follow","max-snippet":"max-snippet:-1","max-image-preview":"max-image-preview:large","max-video-preview":"max-video-preview:-1"},"canonical":"https:\/\/diarioprincipios.com\/index.php\/2024\/11\/22\/se-inauguro-el-nuevo-cesped-sintetico-de-la-cancha-del-club-municipal-malteria\/","og_locale":"es_ES","og_type":"article","og_title":"Se inaugur\u00f3 el nuevo C\u00e9sped Sint\u00e9tico de la Cancha del Club Municipal Malter\u00eda - Principios","og_description":"En un emocionante y multitudinario acto, se inaugur\u00f3 la nueva carpeta de c\u00e9sped sint\u00e9tico de la cancha de f\u00fatbol 11 del Club Municipal Malter\u00eda Hudson y se dio inicio a la 2da edici\u00f3n de la Copa Autonom\u00eda Berazategui, Torneo de F\u00fatbol Femenino del distrito. Fue encabezado por el intendente Juan Jos\u00e9 Mussi, junto a la...","og_url":"https:\/\/diarioprincipios.com\/index.php\/2024\/11\/22\/se-inauguro-el-nuevo-cesped-sintetico-de-la-cancha-del-club-municipal-malteria\/","og_site_name":"Principios","article_published_time":"2024-11-22T13:35:14+00:00","article_modified_time":"2024-11-22T13:35:16+00:00","og_image":[{"width":1600,"height":1066,"url":"https:\/\/diarioprincipios.com\/wp-content\/uploads\/2024\/11\/SE-INAUGURO-EL-NUEVO-CESPED-SINTETICO-DE-LA-CANCHA-DEL-CLUB-MUNICIPAL-MALTERIA-1.jpg","type":"image\/jpeg"}],"author":"Hern\u00e1n L\u00f3pez","twitter_card":"summary_large_image","twitter_misc":{"Escrito por":"Hern\u00e1n L\u00f3pez","Tiempo de lectura":"3 minutos"},"schema":{"@context":"https:\/\/schema.org","@graph":[{"@type":"Article","@id":"https:\/\/diarioprincipios.com\/index.php\/2024\/11\/22\/se-inauguro-el-nuevo-cesped-sintetico-de-la-cancha-del-club-municipal-malteria\/#article","isPartOf":{"@id":"https:\/\/diarioprincipios.com\/index.php\/2024\/11\/22\/se-inauguro-el-nuevo-cesped-sintetico-de-la-cancha-del-club-municipal-malteria\/"},"author":{"name":"Hern\u00e1n L\u00f3pez","@id":"https:\/\/diarioprincipios.com\/#\/schema\/person\/436d5a1fd41a5e250e23ff5a6a7cb080"},"headline":"Se inaugur\u00f3 el nuevo C\u00e9sped Sint\u00e9tico de la Cancha del Club Municipal Malter\u00eda","datePublished":"2024-11-22T13:35:14+00:00","dateModified":"2024-11-22T13:35:16+00:00","mainEntityOfPage":{"@id":"https:\/\/diarioprincipios.com\/index.php\/2024\/11\/22\/se-inauguro-el-nuevo-cesped-sintetico-de-la-cancha-del-club-municipal-malteria\/"},"wordCount":525,"commentCount":0,"publisher":{"@id":"https:\/\/diarioprincipios.com\/#organization"},"image":{"@id":"https:\/\/diarioprincipios.com\/index.php\/2024\/11\/22\/se-inauguro-el-nuevo-cesped-sintetico-de-la-cancha-del-club-municipal-malteria\/#primaryimage"},"thumbnailUrl":"https:\/\/diarioprincipios.com\/wp-content\/uploads\/2024\/11\/SE-INAUGURO-EL-NUEVO-CESPED-SINTETICO-DE-LA-CANCHA-DEL-CLUB-MUNICIPAL-MALTERIA-1.jpg","articleSection":["Berazategui","Deportes"],"inLanguage":"es","potentialAction":[{"@type":"CommentAction","name":"Comment","target":["https:\/\/diarioprincipios.com\/index.php\/2024\/11\/22\/se-inauguro-el-nuevo-cesped-sintetico-de-la-cancha-del-club-municipal-malteria\/#respond"]}]},{"@type":"WebPage","@id":"https:\/\/diarioprincipios.com\/index.php\/2024\/11\/22\/se-inauguro-el-nuevo-cesped-sintetico-de-la-cancha-del-club-municipal-malteria\/","url":"https:\/\/diarioprincipios.com\/index.php\/2024\/11\/22\/se-inauguro-el-nuevo-cesped-sintetico-de-la-cancha-del-club-municipal-malteria\/","name":"Se inaugur\u00f3 el nuevo C\u00e9sped Sint\u00e9tico de la Cancha del Club Municipal Malter\u00eda - Principios","isPartOf":{"@id":"https:\/\/diarioprincipios.com\/#website"},"primaryImageOfPage":{"@id":"https:\/\/diarioprincipios.com\/index.php\/2024\/11\/22\/se-inauguro-el-nuevo-cesped-sintetico-de-la-cancha-del-club-municipal-malteria\/#primaryimage"},"image":{"@id":"https:\/\/diarioprincipios.com\/index.php\/2024\/11\/22\/se-inauguro-el-nuevo-cesped-sintetico-de-la-cancha-del-club-municipal-malteria\/#primaryimage"},"thumbnailUrl":"https:\/\/diarioprincipios.com\/wp-content\/uploads\/2024\/11\/SE-INAUGURO-EL-NUEVO-CESPED-SINTETICO-DE-LA-CANCHA-DEL-CLUB-MUNICIPAL-MALTERIA-1.jpg","datePublished":"2024-11-22T13:35:14+00:00","dateModified":"2024-11-22T13:35:16+00:00","breadcrumb":{"@id":"https:\/\/diarioprincipios.com\/index.php\/2024\/11\/22\/se-inauguro-el-nuevo-cesped-sintetico-de-la-cancha-del-club-municipal-malteria\/#breadcrumb"},"inLanguage":"es","potentialAction":[{"@type":"ReadAction","target":["https:\/\/diarioprincipios.com\/index.php\/2024\/11\/22\/se-inauguro-el-nuevo-cesped-sintetico-de-la-cancha-del-club-municipal-malteria\/"]}]},{"@type":"ImageObject","inLanguage":"es","@id":"https:\/\/diarioprincipios.com\/index.php\/2024\/11\/22\/se-inauguro-el-nuevo-cesped-sintetico-de-la-cancha-del-club-municipal-malteria\/#primaryimage","url":"https:\/\/diarioprincipios.com\/wp-content\/uploads\/2024\/11\/SE-INAUGURO-EL-NUEVO-CESPED-SINTETICO-DE-LA-CANCHA-DEL-CLUB-MUNICIPAL-MALTERIA-1.jpg","contentUrl":"https:\/\/diarioprincipios.com\/wp-content\/uploads\/2024\/11\/SE-INAUGURO-EL-NUEVO-CESPED-SINTETICO-DE-LA-CANCHA-DEL-CLUB-MUNICIPAL-MALTERIA-1.jpg","width":1600,"height":1066},{"@type":"BreadcrumbList","@id":"https:\/\/diarioprincipios.com\/index.php\/2024\/11\/22\/se-inauguro-el-nuevo-cesped-sintetico-de-la-cancha-del-club-municipal-malteria\/#breadcrumb","itemListElement":[{"@type":"ListItem","position":1,"name":"Portada","item":"https:\/\/diarioprincipios.com\/"},{"@type":"ListItem","position":2,"name":"Se inaugur\u00f3 el nuevo C\u00e9sped Sint\u00e9tico de la Cancha del Club Municipal Malter\u00eda"}]},{"@type":"WebSite","@id":"https:\/\/diarioprincipios.com\/#website","url":"https:\/\/diarioprincipios.com\/","name":"Principios","description":"Principios Diario","publisher":{"@id":"https:\/\/diarioprincipios.com\/#organization"},"potentialAction":[{"@type":"SearchAction","target":{"@type":"EntryPoint","urlTemplate":"https:\/\/diarioprincipios.com\/?s={search_term_string}"},"query-input":{"@type":"PropertyValueSpecification","valueRequired":true,"valueName":"search_term_string"}}],"inLanguage":"es"},{"@type":"Organization","@id":"https:\/\/diarioprincipios.com\/#organization","name":"Principios","url":"https:\/\/diarioprincipios.com\/","logo":{"@type":"ImageObject","inLanguage":"es","@id":"https:\/\/diarioprincipios.com\/#\/schema\/logo\/image\/","url":"https:\/\/diarioprincipios.com\/wp-content\/uploads\/2024\/04\/cropped-www.diarioprincipios.com_-1.png","contentUrl":"https:\/\/diarioprincipios.com\/wp-content\/uploads\/2024\/04\/cropped-www.diarioprincipios.com_-1.png","width":5325,"height":1454,"caption":"Principios"},"image":{"@id":"https:\/\/diarioprincipios.com\/#\/schema\/logo\/image\/"}},{"@type":"Person","@id":"https:\/\/diarioprincipios.com\/#\/schema\/person\/436d5a1fd41a5e250e23ff5a6a7cb080","name":"Hern\u00e1n L\u00f3pez","image":{"@type":"ImageObject","inLanguage":"es","@id":"https:\/\/diarioprincipios.com\/wp-content\/litespeed\/avatar\/11ddfe5610ff3bd100522525b2571f48.jpg?ver=1777048341","url":"https:\/\/diarioprincipios.com\/wp-content\/litespeed\/avatar\/11ddfe5610ff3bd100522525b2571f48.jpg?ver=1777048341","contentUrl":"https:\/\/diarioprincipios.com\/wp-content\/litespeed\/avatar\/11ddfe5610ff3bd100522525b2571f48.jpg?ver=1777048341","caption":"Hern\u00e1n L\u00f3pez"},"url":"https:\/\/diarioprincipios.com\/index.php\/author\/hernan\/"}]}},"jetpack_featured_media_url":"https:\/\/diarioprincipios.com\/wp-content\/uploads\/2024\/11\/SE-INAUGURO-EL-NUEVO-CESPED-SINTETICO-DE-LA-CANCHA-DEL-CLUB-MUNICIPAL-MALTERIA-1.jpg","_links":{"self":[{"href":"https:\/\/diarioprincipios.com\/index.php\/wp-json\/wp\/v2\/posts\/23596","targetHints":{"allow":["GET"]}}],"collection":[{"href":"https:\/\/diarioprincipios.com\/index.php\/wp-json\/wp\/v2\/posts"}],"about":[{"href":"https:\/\/diarioprincipios.com\/index.php\/wp-json\/wp\/v2\/types\/post"}],"author":[{"embeddable":true,"href":"https:\/\/diarioprincipios.com\/index.php\/wp-json\/wp\/v2\/users\/2"}],"replies":[{"embeddable":true,"href":"https:\/\/diarioprincipios.com\/index.php\/wp-json\/wp\/v2\/comments?post=23596"}],"version-history":[{"count":1,"href":"https:\/\/diarioprincipios.com\/index.php\/wp-json\/wp\/v2\/posts\/23596\/revisions"}],"predecessor-version":[{"id":23600,"href":"https:\/\/diarioprincipios.com\/index.php\/wp-json\/wp\/v2\/posts\/23596\/revisions\/23600"}],"wp:featuredmedia":[{"embeddable":true,"href":"https:\/\/diarioprincipios.com\/index.php\/wp-json\/wp\/v2\/media\/23599"}],"wp:attachment":[{"href":"https:\/\/diarioprincipios.com\/index.php\/wp-json\/wp\/v2\/media?parent=23596"}],"wp:term":[{"taxonomy":"category","embeddable":true,"href":"https:\/\/diarioprincipios.com\/index.php\/wp-json\/wp\/v2\/categories?post=23596"},{"taxonomy":"post_tag","embeddable":true,"href":"https:\/\/diarioprincipios.com\/index.php\/wp-json\/wp\/v2\/tags?post=23596"}],"curies":[{"name":"wp","href":"https:\/\/api.w.org\/{rel}","templated":true}]}}