{"id":23578,"date":"2024-11-21T11:29:12","date_gmt":"2024-11-21T14:29:12","guid":{"rendered":"http:\/\/diarioprincipios.com\/?p=23578"},"modified":"2024-11-21T11:29:14","modified_gmt":"2024-11-21T14:29:14","slug":"mas-auxiliares-se-capacitaron-en-gestion-alimentaria-escolar","status":"publish","type":"post","link":"https:\/\/diarioprincipios.com\/index.php\/2024\/11\/21\/mas-auxiliares-se-capacitaron-en-gestion-alimentaria-escolar\/","title":{"rendered":"M\u00e1s Auxiliares se capacitaron en Gesti\u00f3n Alimentaria Escolar"},"content":{"rendered":"\n<p><strong>Se entregaron certificados a 109 auxiliares docentes y aspirantes de Berazategui que realizaron el Curso de Gesti\u00f3n y Abordaje Integral del Servicio Alimentario Escolar. El acto fue encabezado por el intendente Juan Jos\u00e9 Mussi, quien los felicit\u00f3 por su compromiso con la educaci\u00f3n p\u00fablica.<\/strong><\/p>\n\n\n\n<p>El curso consisti\u00f3 en diez m\u00f3dulos que se dictaron con modalidad mixta (virtual y presencial), con una duraci\u00f3n de ocho semanas en total. Los temas incluyeron: procesos de almacenado, conservaci\u00f3n y cocci\u00f3n de los alimentos; promoci\u00f3n de alimentaci\u00f3n saludable y celiaqu\u00eda; y el rol que cumple la escuela en la construcci\u00f3n de entornos escolares saludables. Cada uno de los auxiliares y aspirantes recibir\u00e1n -en el futuro- el carnet de manipulaci\u00f3n de alimentos, requisito impuesto en el C\u00f3digo Alimentario Argentino.<\/p>\n\n\n\n<figure class=\"wp-block-image size-large\"><img loading=\"lazy\" decoding=\"async\" width=\"1024\" height=\"682\" src=\"https:\/\/diarioprincipios.com\/wp-content\/uploads\/2024\/11\/MAS-AUXILIARES-SE-CAPACITARON-EN-GESTION-ALIMENTARIA-ESCOLAR-4-1024x682.jpeg\" alt=\"\" class=\"wp-image-23579\" srcset=\"https:\/\/diarioprincipios.com\/wp-content\/uploads\/2024\/11\/MAS-AUXILIARES-SE-CAPACITARON-EN-GESTION-ALIMENTARIA-ESCOLAR-4-1024x682.jpeg 1024w, https:\/\/diarioprincipios.com\/wp-content\/uploads\/2024\/11\/MAS-AUXILIARES-SE-CAPACITARON-EN-GESTION-ALIMENTARIA-ESCOLAR-4-300x200.jpeg 300w, https:\/\/diarioprincipios.com\/wp-content\/uploads\/2024\/11\/MAS-AUXILIARES-SE-CAPACITARON-EN-GESTION-ALIMENTARIA-ESCOLAR-4-768x512.jpeg 768w, https:\/\/diarioprincipios.com\/wp-content\/uploads\/2024\/11\/MAS-AUXILIARES-SE-CAPACITARON-EN-GESTION-ALIMENTARIA-ESCOLAR-4-1536x1023.jpeg 1536w, https:\/\/diarioprincipios.com\/wp-content\/uploads\/2024\/11\/MAS-AUXILIARES-SE-CAPACITARON-EN-GESTION-ALIMENTARIA-ESCOLAR-4-820x545.jpeg 820w, https:\/\/diarioprincipios.com\/wp-content\/uploads\/2024\/11\/MAS-AUXILIARES-SE-CAPACITARON-EN-GESTION-ALIMENTARIA-ESCOLAR-4-600x400.jpeg 600w, https:\/\/diarioprincipios.com\/wp-content\/uploads\/2024\/11\/MAS-AUXILIARES-SE-CAPACITARON-EN-GESTION-ALIMENTARIA-ESCOLAR-4.jpeg 1600w\" sizes=\"auto, (max-width: 1024px) 100vw, 1024px\" \/><\/figure>\n\n\n\n<p>Al respecto, Mussi afirm\u00f3: \u201cQuiero agradecerles a quienes forman parte de esto, sobre todo al gobernador de la provincia de Buenos Aires, Axel Kicillof, que -en estos momentos dif\u00edciles- no nos deja solos. Nos alegra enormemente seguir trabajando con las instituciones educativas de nuestra ciudad, aportando capacitaciones que contribuyen a un mejor desempe\u00f1o\u201d.<\/p>\n\n\n\n<p>Asimismo, el director provincial de Seguridad y Soberan\u00eda Alimentaria, Bruno Bozzano, resalt\u00f3: \u201cEs una gran alegr\u00eda participar de este tipo de actos. Para nosotros, las capacitaciones son instancias sumamente importantes. Es un contexto muy complejo; nuestros chicos y chicas de la escuela p\u00fablica necesitan que los auxiliares est\u00e9n capacitados y sigan trabajando con el compromiso con el que lo hacen. Muchas gracias por eso\u201d.<\/p>\n\n\n\n<figure class=\"wp-block-image size-large\"><img loading=\"lazy\" decoding=\"async\" width=\"1024\" height=\"683\" src=\"https:\/\/diarioprincipios.com\/wp-content\/uploads\/2024\/11\/MAS-AUXILIARES-SE-CAPACITARON-EN-GESTION-ALIMENTARIA-ESCOLAR-1-1024x683.jpg\" alt=\"\" class=\"wp-image-23580\" srcset=\"https:\/\/diarioprincipios.com\/wp-content\/uploads\/2024\/11\/MAS-AUXILIARES-SE-CAPACITARON-EN-GESTION-ALIMENTARIA-ESCOLAR-1-1024x683.jpg 1024w, https:\/\/diarioprincipios.com\/wp-content\/uploads\/2024\/11\/MAS-AUXILIARES-SE-CAPACITARON-EN-GESTION-ALIMENTARIA-ESCOLAR-1-300x200.jpg 300w, https:\/\/diarioprincipios.com\/wp-content\/uploads\/2024\/11\/MAS-AUXILIARES-SE-CAPACITARON-EN-GESTION-ALIMENTARIA-ESCOLAR-1-768x512.jpg 768w, https:\/\/diarioprincipios.com\/wp-content\/uploads\/2024\/11\/MAS-AUXILIARES-SE-CAPACITARON-EN-GESTION-ALIMENTARIA-ESCOLAR-1-1536x1024.jpg 1536w, https:\/\/diarioprincipios.com\/wp-content\/uploads\/2024\/11\/MAS-AUXILIARES-SE-CAPACITARON-EN-GESTION-ALIMENTARIA-ESCOLAR-1-600x400.jpg 600w, https:\/\/diarioprincipios.com\/wp-content\/uploads\/2024\/11\/MAS-AUXILIARES-SE-CAPACITARON-EN-GESTION-ALIMENTARIA-ESCOLAR-1.jpg 1920w\" sizes=\"auto, (max-width: 1024px) 100vw, 1024px\" \/><\/figure>\n\n\n\n<p>En tanto, una de las auxiliares que particip\u00f3 del curso, Karina Barba, asegur\u00f3: \u201cMe parece muy importante esta capacitaci\u00f3n porque nos aport\u00f3 conocimientos para la manipulaci\u00f3n de alimentos. Las chicas y chicos bien alimentados van a tener un mejor desempe\u00f1o\u201d.<\/p>\n\n\n\n<p>Tambi\u00e9n participaron el secretario de Cultura y Educaci\u00f3n municipal, Federico L\u00f3pez, junto a otros integrantes del Gabinete; el presidente del Consejo Escolar local, Fernando Cardozo; el director provincial del Sistema Alimentario Escolar, Juan Sorrentino; y la licenciada en Nutrici\u00f3n a cargo del dictado de los cursos, Eliana Bazar.<\/p>\n","protected":false},"excerpt":{"rendered":"<p>Se entregaron certificados a 109 auxiliares docentes y aspirantes de Berazategui que realizaron el Curso de Gesti\u00f3n y Abordaje Integral del Servicio Alimentario Escolar. El acto fue encabezado por el intendente Juan Jos\u00e9 Mussi, quien los felicit\u00f3 por su compromiso con la educaci\u00f3n p\u00fablica. El curso consisti\u00f3 en diez m\u00f3dulos que se dictaron con modalidad&#8230;<\/p>\n","protected":false},"author":2,"featured_media":23581,"comment_status":"open","ping_status":"open","sticky":false,"template":"","format":"standard","meta":{"footnotes":""},"categories":[3,19],"tags":[],"class_list":["post-23578","post","type-post","status-publish","format-standard","has-post-thumbnail","hentry","category-berazategui","category-cultura-educacion"],"featured_image_src":"https:\/\/diarioprincipios.com\/wp-content\/uploads\/2024\/11\/MAS-AUXILIARES-SE-CAPACITARON-EN-GESTION-ALIMENTARIA-ESCOLAR-2-1024x683.jpg","blog_images":{"medium":"https:\/\/diarioprincipios.com\/wp-content\/uploads\/2024\/11\/MAS-AUXILIARES-SE-CAPACITARON-EN-GESTION-ALIMENTARIA-ESCOLAR-2-300x200.jpg","large":"https:\/\/diarioprincipios.com\/wp-content\/uploads\/2024\/11\/MAS-AUXILIARES-SE-CAPACITARON-EN-GESTION-ALIMENTARIA-ESCOLAR-2-1024x683.jpg"},"ams_acf":[],"yoast_head":"<!-- This site is optimized with the Yoast SEO plugin v27.3 - https:\/\/yoast.com\/product\/yoast-seo-wordpress\/ -->\n<title>M\u00e1s Auxiliares se capacitaron en Gesti\u00f3n Alimentaria Escolar - Principios<\/title>\n<meta name=\"robots\" content=\"index, follow, max-snippet:-1, max-image-preview:large, max-video-preview:-1\" \/>\n<link rel=\"canonical\" href=\"https:\/\/diarioprincipios.com\/index.php\/2024\/11\/21\/mas-auxiliares-se-capacitaron-en-gestion-alimentaria-escolar\/\" \/>\n<meta property=\"og:locale\" content=\"es_ES\" \/>\n<meta property=\"og:type\" content=\"article\" \/>\n<meta property=\"og:title\" content=\"M\u00e1s Auxiliares se capacitaron en Gesti\u00f3n Alimentaria Escolar - Principios\" \/>\n<meta property=\"og:description\" content=\"Se entregaron certificados a 109 auxiliares docentes y aspirantes de Berazategui que realizaron el Curso de Gesti\u00f3n y Abordaje Integral del Servicio Alimentario Escolar. El acto fue encabezado por el intendente Juan Jos\u00e9 Mussi, quien los felicit\u00f3 por su compromiso con la educaci\u00f3n p\u00fablica. El curso consisti\u00f3 en diez m\u00f3dulos que se dictaron con modalidad...\" \/>\n<meta property=\"og:url\" content=\"https:\/\/diarioprincipios.com\/index.php\/2024\/11\/21\/mas-auxiliares-se-capacitaron-en-gestion-alimentaria-escolar\/\" \/>\n<meta property=\"og:site_name\" content=\"Principios\" \/>\n<meta property=\"article:published_time\" content=\"2024-11-21T14:29:12+00:00\" \/>\n<meta property=\"article:modified_time\" content=\"2024-11-21T14:29:14+00:00\" \/>\n<meta property=\"og:image\" content=\"https:\/\/diarioprincipios.com\/wp-content\/uploads\/2024\/11\/MAS-AUXILIARES-SE-CAPACITARON-EN-GESTION-ALIMENTARIA-ESCOLAR-2.jpg\" \/>\n\t<meta property=\"og:image:width\" content=\"1920\" \/>\n\t<meta property=\"og:image:height\" content=\"1280\" \/>\n\t<meta property=\"og:image:type\" content=\"image\/jpeg\" \/>\n<meta name=\"author\" content=\"Hern\u00e1n L\u00f3pez\" \/>\n<meta name=\"twitter:card\" content=\"summary_large_image\" \/>\n<meta name=\"twitter:label1\" content=\"Escrito por\" \/>\n\t<meta name=\"twitter:data1\" content=\"Hern\u00e1n L\u00f3pez\" \/>\n\t<meta name=\"twitter:label2\" content=\"Tiempo de lectura\" \/>\n\t<meta name=\"twitter:data2\" content=\"3 minutos\" \/>\n<script type=\"application\/ld+json\" class=\"yoast-schema-graph\">{\"@context\":\"https:\\\/\\\/schema.org\",\"@graph\":[{\"@type\":\"Article\",\"@id\":\"https:\\\/\\\/diarioprincipios.com\\\/index.php\\\/2024\\\/11\\\/21\\\/mas-auxiliares-se-capacitaron-en-gestion-alimentaria-escolar\\\/#article\",\"isPartOf\":{\"@id\":\"https:\\\/\\\/diarioprincipios.com\\\/index.php\\\/2024\\\/11\\\/21\\\/mas-auxiliares-se-capacitaron-en-gestion-alimentaria-escolar\\\/\"},\"author\":{\"name\":\"Hern\u00e1n L\u00f3pez\",\"@id\":\"https:\\\/\\\/diarioprincipios.com\\\/#\\\/schema\\\/person\\\/436d5a1fd41a5e250e23ff5a6a7cb080\"},\"headline\":\"M\u00e1s Auxiliares se capacitaron en Gesti\u00f3n Alimentaria Escolar\",\"datePublished\":\"2024-11-21T14:29:12+00:00\",\"dateModified\":\"2024-11-21T14:29:14+00:00\",\"mainEntityOfPage\":{\"@id\":\"https:\\\/\\\/diarioprincipios.com\\\/index.php\\\/2024\\\/11\\\/21\\\/mas-auxiliares-se-capacitaron-en-gestion-alimentaria-escolar\\\/\"},\"wordCount\":364,\"commentCount\":0,\"publisher\":{\"@id\":\"https:\\\/\\\/diarioprincipios.com\\\/#organization\"},\"image\":{\"@id\":\"https:\\\/\\\/diarioprincipios.com\\\/index.php\\\/2024\\\/11\\\/21\\\/mas-auxiliares-se-capacitaron-en-gestion-alimentaria-escolar\\\/#primaryimage\"},\"thumbnailUrl\":\"https:\\\/\\\/diarioprincipios.com\\\/wp-content\\\/uploads\\\/2024\\\/11\\\/MAS-AUXILIARES-SE-CAPACITARON-EN-GESTION-ALIMENTARIA-ESCOLAR-2.jpg\",\"articleSection\":[\"Berazategui\",\"Cultura y Educaci\u00f3n\"],\"inLanguage\":\"es\",\"potentialAction\":[{\"@type\":\"CommentAction\",\"name\":\"Comment\",\"target\":[\"https:\\\/\\\/diarioprincipios.com\\\/index.php\\\/2024\\\/11\\\/21\\\/mas-auxiliares-se-capacitaron-en-gestion-alimentaria-escolar\\\/#respond\"]}]},{\"@type\":\"WebPage\",\"@id\":\"https:\\\/\\\/diarioprincipios.com\\\/index.php\\\/2024\\\/11\\\/21\\\/mas-auxiliares-se-capacitaron-en-gestion-alimentaria-escolar\\\/\",\"url\":\"https:\\\/\\\/diarioprincipios.com\\\/index.php\\\/2024\\\/11\\\/21\\\/mas-auxiliares-se-capacitaron-en-gestion-alimentaria-escolar\\\/\",\"name\":\"M\u00e1s Auxiliares se capacitaron en Gesti\u00f3n Alimentaria Escolar - Principios\",\"isPartOf\":{\"@id\":\"https:\\\/\\\/diarioprincipios.com\\\/#website\"},\"primaryImageOfPage\":{\"@id\":\"https:\\\/\\\/diarioprincipios.com\\\/index.php\\\/2024\\\/11\\\/21\\\/mas-auxiliares-se-capacitaron-en-gestion-alimentaria-escolar\\\/#primaryimage\"},\"image\":{\"@id\":\"https:\\\/\\\/diarioprincipios.com\\\/index.php\\\/2024\\\/11\\\/21\\\/mas-auxiliares-se-capacitaron-en-gestion-alimentaria-escolar\\\/#primaryimage\"},\"thumbnailUrl\":\"https:\\\/\\\/diarioprincipios.com\\\/wp-content\\\/uploads\\\/2024\\\/11\\\/MAS-AUXILIARES-SE-CAPACITARON-EN-GESTION-ALIMENTARIA-ESCOLAR-2.jpg\",\"datePublished\":\"2024-11-21T14:29:12+00:00\",\"dateModified\":\"2024-11-21T14:29:14+00:00\",\"breadcrumb\":{\"@id\":\"https:\\\/\\\/diarioprincipios.com\\\/index.php\\\/2024\\\/11\\\/21\\\/mas-auxiliares-se-capacitaron-en-gestion-alimentaria-escolar\\\/#breadcrumb\"},\"inLanguage\":\"es\",\"potentialAction\":[{\"@type\":\"ReadAction\",\"target\":[\"https:\\\/\\\/diarioprincipios.com\\\/index.php\\\/2024\\\/11\\\/21\\\/mas-auxiliares-se-capacitaron-en-gestion-alimentaria-escolar\\\/\"]}]},{\"@type\":\"ImageObject\",\"inLanguage\":\"es\",\"@id\":\"https:\\\/\\\/diarioprincipios.com\\\/index.php\\\/2024\\\/11\\\/21\\\/mas-auxiliares-se-capacitaron-en-gestion-alimentaria-escolar\\\/#primaryimage\",\"url\":\"https:\\\/\\\/diarioprincipios.com\\\/wp-content\\\/uploads\\\/2024\\\/11\\\/MAS-AUXILIARES-SE-CAPACITARON-EN-GESTION-ALIMENTARIA-ESCOLAR-2.jpg\",\"contentUrl\":\"https:\\\/\\\/diarioprincipios.com\\\/wp-content\\\/uploads\\\/2024\\\/11\\\/MAS-AUXILIARES-SE-CAPACITARON-EN-GESTION-ALIMENTARIA-ESCOLAR-2.jpg\",\"width\":1920,\"height\":1280},{\"@type\":\"BreadcrumbList\",\"@id\":\"https:\\\/\\\/diarioprincipios.com\\\/index.php\\\/2024\\\/11\\\/21\\\/mas-auxiliares-se-capacitaron-en-gestion-alimentaria-escolar\\\/#breadcrumb\",\"itemListElement\":[{\"@type\":\"ListItem\",\"position\":1,\"name\":\"Portada\",\"item\":\"https:\\\/\\\/diarioprincipios.com\\\/\"},{\"@type\":\"ListItem\",\"position\":2,\"name\":\"M\u00e1s Auxiliares se capacitaron en Gesti\u00f3n Alimentaria Escolar\"}]},{\"@type\":\"WebSite\",\"@id\":\"https:\\\/\\\/diarioprincipios.com\\\/#website\",\"url\":\"https:\\\/\\\/diarioprincipios.com\\\/\",\"name\":\"Principios\",\"description\":\"Principios Diario\",\"publisher\":{\"@id\":\"https:\\\/\\\/diarioprincipios.com\\\/#organization\"},\"potentialAction\":[{\"@type\":\"SearchAction\",\"target\":{\"@type\":\"EntryPoint\",\"urlTemplate\":\"https:\\\/\\\/diarioprincipios.com\\\/?s={search_term_string}\"},\"query-input\":{\"@type\":\"PropertyValueSpecification\",\"valueRequired\":true,\"valueName\":\"search_term_string\"}}],\"inLanguage\":\"es\"},{\"@type\":\"Organization\",\"@id\":\"https:\\\/\\\/diarioprincipios.com\\\/#organization\",\"name\":\"Principios\",\"url\":\"https:\\\/\\\/diarioprincipios.com\\\/\",\"logo\":{\"@type\":\"ImageObject\",\"inLanguage\":\"es\",\"@id\":\"https:\\\/\\\/diarioprincipios.com\\\/#\\\/schema\\\/logo\\\/image\\\/\",\"url\":\"https:\\\/\\\/diarioprincipios.com\\\/wp-content\\\/uploads\\\/2024\\\/04\\\/cropped-www.diarioprincipios.com_-1.png\",\"contentUrl\":\"https:\\\/\\\/diarioprincipios.com\\\/wp-content\\\/uploads\\\/2024\\\/04\\\/cropped-www.diarioprincipios.com_-1.png\",\"width\":5325,\"height\":1454,\"caption\":\"Principios\"},\"image\":{\"@id\":\"https:\\\/\\\/diarioprincipios.com\\\/#\\\/schema\\\/logo\\\/image\\\/\"}},{\"@type\":\"Person\",\"@id\":\"https:\\\/\\\/diarioprincipios.com\\\/#\\\/schema\\\/person\\\/436d5a1fd41a5e250e23ff5a6a7cb080\",\"name\":\"Hern\u00e1n L\u00f3pez\",\"image\":{\"@type\":\"ImageObject\",\"inLanguage\":\"es\",\"@id\":\"https:\\\/\\\/diarioprincipios.com\\\/wp-content\\\/litespeed\\\/avatar\\\/11ddfe5610ff3bd100522525b2571f48.jpg?ver=1777048341\",\"url\":\"https:\\\/\\\/diarioprincipios.com\\\/wp-content\\\/litespeed\\\/avatar\\\/11ddfe5610ff3bd100522525b2571f48.jpg?ver=1777048341\",\"contentUrl\":\"https:\\\/\\\/diarioprincipios.com\\\/wp-content\\\/litespeed\\\/avatar\\\/11ddfe5610ff3bd100522525b2571f48.jpg?ver=1777048341\",\"caption\":\"Hern\u00e1n L\u00f3pez\"},\"url\":\"https:\\\/\\\/diarioprincipios.com\\\/index.php\\\/author\\\/hernan\\\/\"}]}<\/script>\n<!-- \/ Yoast SEO plugin. -->","yoast_head_json":{"title":"M\u00e1s Auxiliares se capacitaron en Gesti\u00f3n Alimentaria Escolar - Principios","robots":{"index":"index","follow":"follow","max-snippet":"max-snippet:-1","max-image-preview":"max-image-preview:large","max-video-preview":"max-video-preview:-1"},"canonical":"https:\/\/diarioprincipios.com\/index.php\/2024\/11\/21\/mas-auxiliares-se-capacitaron-en-gestion-alimentaria-escolar\/","og_locale":"es_ES","og_type":"article","og_title":"M\u00e1s Auxiliares se capacitaron en Gesti\u00f3n Alimentaria Escolar - Principios","og_description":"Se entregaron certificados a 109 auxiliares docentes y aspirantes de Berazategui que realizaron el Curso de Gesti\u00f3n y Abordaje Integral del Servicio Alimentario Escolar. El acto fue encabezado por el intendente Juan Jos\u00e9 Mussi, quien los felicit\u00f3 por su compromiso con la educaci\u00f3n p\u00fablica. El curso consisti\u00f3 en diez m\u00f3dulos que se dictaron con modalidad...","og_url":"https:\/\/diarioprincipios.com\/index.php\/2024\/11\/21\/mas-auxiliares-se-capacitaron-en-gestion-alimentaria-escolar\/","og_site_name":"Principios","article_published_time":"2024-11-21T14:29:12+00:00","article_modified_time":"2024-11-21T14:29:14+00:00","og_image":[{"width":1920,"height":1280,"url":"https:\/\/diarioprincipios.com\/wp-content\/uploads\/2024\/11\/MAS-AUXILIARES-SE-CAPACITARON-EN-GESTION-ALIMENTARIA-ESCOLAR-2.jpg","type":"image\/jpeg"}],"author":"Hern\u00e1n L\u00f3pez","twitter_card":"summary_large_image","twitter_misc":{"Escrito por":"Hern\u00e1n L\u00f3pez","Tiempo de lectura":"3 minutos"},"schema":{"@context":"https:\/\/schema.org","@graph":[{"@type":"Article","@id":"https:\/\/diarioprincipios.com\/index.php\/2024\/11\/21\/mas-auxiliares-se-capacitaron-en-gestion-alimentaria-escolar\/#article","isPartOf":{"@id":"https:\/\/diarioprincipios.com\/index.php\/2024\/11\/21\/mas-auxiliares-se-capacitaron-en-gestion-alimentaria-escolar\/"},"author":{"name":"Hern\u00e1n L\u00f3pez","@id":"https:\/\/diarioprincipios.com\/#\/schema\/person\/436d5a1fd41a5e250e23ff5a6a7cb080"},"headline":"M\u00e1s Auxiliares se capacitaron en Gesti\u00f3n Alimentaria Escolar","datePublished":"2024-11-21T14:29:12+00:00","dateModified":"2024-11-21T14:29:14+00:00","mainEntityOfPage":{"@id":"https:\/\/diarioprincipios.com\/index.php\/2024\/11\/21\/mas-auxiliares-se-capacitaron-en-gestion-alimentaria-escolar\/"},"wordCount":364,"commentCount":0,"publisher":{"@id":"https:\/\/diarioprincipios.com\/#organization"},"image":{"@id":"https:\/\/diarioprincipios.com\/index.php\/2024\/11\/21\/mas-auxiliares-se-capacitaron-en-gestion-alimentaria-escolar\/#primaryimage"},"thumbnailUrl":"https:\/\/diarioprincipios.com\/wp-content\/uploads\/2024\/11\/MAS-AUXILIARES-SE-CAPACITARON-EN-GESTION-ALIMENTARIA-ESCOLAR-2.jpg","articleSection":["Berazategui","Cultura y Educaci\u00f3n"],"inLanguage":"es","potentialAction":[{"@type":"CommentAction","name":"Comment","target":["https:\/\/diarioprincipios.com\/index.php\/2024\/11\/21\/mas-auxiliares-se-capacitaron-en-gestion-alimentaria-escolar\/#respond"]}]},{"@type":"WebPage","@id":"https:\/\/diarioprincipios.com\/index.php\/2024\/11\/21\/mas-auxiliares-se-capacitaron-en-gestion-alimentaria-escolar\/","url":"https:\/\/diarioprincipios.com\/index.php\/2024\/11\/21\/mas-auxiliares-se-capacitaron-en-gestion-alimentaria-escolar\/","name":"M\u00e1s Auxiliares se capacitaron en Gesti\u00f3n Alimentaria Escolar - Principios","isPartOf":{"@id":"https:\/\/diarioprincipios.com\/#website"},"primaryImageOfPage":{"@id":"https:\/\/diarioprincipios.com\/index.php\/2024\/11\/21\/mas-auxiliares-se-capacitaron-en-gestion-alimentaria-escolar\/#primaryimage"},"image":{"@id":"https:\/\/diarioprincipios.com\/index.php\/2024\/11\/21\/mas-auxiliares-se-capacitaron-en-gestion-alimentaria-escolar\/#primaryimage"},"thumbnailUrl":"https:\/\/diarioprincipios.com\/wp-content\/uploads\/2024\/11\/MAS-AUXILIARES-SE-CAPACITARON-EN-GESTION-ALIMENTARIA-ESCOLAR-2.jpg","datePublished":"2024-11-21T14:29:12+00:00","dateModified":"2024-11-21T14:29:14+00:00","breadcrumb":{"@id":"https:\/\/diarioprincipios.com\/index.php\/2024\/11\/21\/mas-auxiliares-se-capacitaron-en-gestion-alimentaria-escolar\/#breadcrumb"},"inLanguage":"es","potentialAction":[{"@type":"ReadAction","target":["https:\/\/diarioprincipios.com\/index.php\/2024\/11\/21\/mas-auxiliares-se-capacitaron-en-gestion-alimentaria-escolar\/"]}]},{"@type":"ImageObject","inLanguage":"es","@id":"https:\/\/diarioprincipios.com\/index.php\/2024\/11\/21\/mas-auxiliares-se-capacitaron-en-gestion-alimentaria-escolar\/#primaryimage","url":"https:\/\/diarioprincipios.com\/wp-content\/uploads\/2024\/11\/MAS-AUXILIARES-SE-CAPACITARON-EN-GESTION-ALIMENTARIA-ESCOLAR-2.jpg","contentUrl":"https:\/\/diarioprincipios.com\/wp-content\/uploads\/2024\/11\/MAS-AUXILIARES-SE-CAPACITARON-EN-GESTION-ALIMENTARIA-ESCOLAR-2.jpg","width":1920,"height":1280},{"@type":"BreadcrumbList","@id":"https:\/\/diarioprincipios.com\/index.php\/2024\/11\/21\/mas-auxiliares-se-capacitaron-en-gestion-alimentaria-escolar\/#breadcrumb","itemListElement":[{"@type":"ListItem","position":1,"name":"Portada","item":"https:\/\/diarioprincipios.com\/"},{"@type":"ListItem","position":2,"name":"M\u00e1s Auxiliares se capacitaron en Gesti\u00f3n Alimentaria Escolar"}]},{"@type":"WebSite","@id":"https:\/\/diarioprincipios.com\/#website","url":"https:\/\/diarioprincipios.com\/","name":"Principios","description":"Principios Diario","publisher":{"@id":"https:\/\/diarioprincipios.com\/#organization"},"potentialAction":[{"@type":"SearchAction","target":{"@type":"EntryPoint","urlTemplate":"https:\/\/diarioprincipios.com\/?s={search_term_string}"},"query-input":{"@type":"PropertyValueSpecification","valueRequired":true,"valueName":"search_term_string"}}],"inLanguage":"es"},{"@type":"Organization","@id":"https:\/\/diarioprincipios.com\/#organization","name":"Principios","url":"https:\/\/diarioprincipios.com\/","logo":{"@type":"ImageObject","inLanguage":"es","@id":"https:\/\/diarioprincipios.com\/#\/schema\/logo\/image\/","url":"https:\/\/diarioprincipios.com\/wp-content\/uploads\/2024\/04\/cropped-www.diarioprincipios.com_-1.png","contentUrl":"https:\/\/diarioprincipios.com\/wp-content\/uploads\/2024\/04\/cropped-www.diarioprincipios.com_-1.png","width":5325,"height":1454,"caption":"Principios"},"image":{"@id":"https:\/\/diarioprincipios.com\/#\/schema\/logo\/image\/"}},{"@type":"Person","@id":"https:\/\/diarioprincipios.com\/#\/schema\/person\/436d5a1fd41a5e250e23ff5a6a7cb080","name":"Hern\u00e1n L\u00f3pez","image":{"@type":"ImageObject","inLanguage":"es","@id":"https:\/\/diarioprincipios.com\/wp-content\/litespeed\/avatar\/11ddfe5610ff3bd100522525b2571f48.jpg?ver=1777048341","url":"https:\/\/diarioprincipios.com\/wp-content\/litespeed\/avatar\/11ddfe5610ff3bd100522525b2571f48.jpg?ver=1777048341","contentUrl":"https:\/\/diarioprincipios.com\/wp-content\/litespeed\/avatar\/11ddfe5610ff3bd100522525b2571f48.jpg?ver=1777048341","caption":"Hern\u00e1n L\u00f3pez"},"url":"https:\/\/diarioprincipios.com\/index.php\/author\/hernan\/"}]}},"jetpack_featured_media_url":"https:\/\/diarioprincipios.com\/wp-content\/uploads\/2024\/11\/MAS-AUXILIARES-SE-CAPACITARON-EN-GESTION-ALIMENTARIA-ESCOLAR-2.jpg","_links":{"self":[{"href":"https:\/\/diarioprincipios.com\/index.php\/wp-json\/wp\/v2\/posts\/23578","targetHints":{"allow":["GET"]}}],"collection":[{"href":"https:\/\/diarioprincipios.com\/index.php\/wp-json\/wp\/v2\/posts"}],"about":[{"href":"https:\/\/diarioprincipios.com\/index.php\/wp-json\/wp\/v2\/types\/post"}],"author":[{"embeddable":true,"href":"https:\/\/diarioprincipios.com\/index.php\/wp-json\/wp\/v2\/users\/2"}],"replies":[{"embeddable":true,"href":"https:\/\/diarioprincipios.com\/index.php\/wp-json\/wp\/v2\/comments?post=23578"}],"version-history":[{"count":1,"href":"https:\/\/diarioprincipios.com\/index.php\/wp-json\/wp\/v2\/posts\/23578\/revisions"}],"predecessor-version":[{"id":23582,"href":"https:\/\/diarioprincipios.com\/index.php\/wp-json\/wp\/v2\/posts\/23578\/revisions\/23582"}],"wp:featuredmedia":[{"embeddable":true,"href":"https:\/\/diarioprincipios.com\/index.php\/wp-json\/wp\/v2\/media\/23581"}],"wp:attachment":[{"href":"https:\/\/diarioprincipios.com\/index.php\/wp-json\/wp\/v2\/media?parent=23578"}],"wp:term":[{"taxonomy":"category","embeddable":true,"href":"https:\/\/diarioprincipios.com\/index.php\/wp-json\/wp\/v2\/categories?post=23578"},{"taxonomy":"post_tag","embeddable":true,"href":"https:\/\/diarioprincipios.com\/index.php\/wp-json\/wp\/v2\/tags?post=23578"}],"curies":[{"name":"wp","href":"https:\/\/api.w.org\/{rel}","templated":true}]}}