{"id":23574,"date":"2024-11-21T11:17:35","date_gmt":"2024-11-21T14:17:35","guid":{"rendered":"http:\/\/diarioprincipios.com\/?p=23574"},"modified":"2024-11-21T11:17:37","modified_gmt":"2024-11-21T14:17:37","slug":"la-feria-municipal-emprender-cumplio-9-anos","status":"publish","type":"post","link":"https:\/\/diarioprincipios.com\/index.php\/2024\/11\/21\/la-feria-municipal-emprender-cumplio-9-anos\/","title":{"rendered":"La Feria Municipal Emprender cumpli\u00f3 9 a\u00f1os"},"content":{"rendered":"\n<p><strong>El s\u00e1bado 16 de noviembre se festejaron los nueve a\u00f1os de la Feria Municipal Emprender con una edici\u00f3n en la Plaza Rigolleau. El intendente de Berazategui, Juan Jos\u00e9 Mussi, encabez\u00f3 la celebraci\u00f3n y felicit\u00f3 a las y los emprendedores por el trabajo que realizan.<\/strong><\/p>\n\n\n\n<p>\u201cQu\u00e9 lindo ver que en este lugar se reivindique el trabajo y el esfuerzo. Ustedes son un ejemplo. En esta Argentina hay que vivir dando ejemplos y hay que d\u00e1rselos a los hijos, que tienen que ver el esfuerzo y el trabajo de los grandes. El trabajo dignifica. Feliz cumplea\u00f1os y que sean muchos m\u00e1s\u201d, destac\u00f3 Mussi.<\/p>\n\n\n\n<figure class=\"wp-block-image size-large\"><img loading=\"lazy\" decoding=\"async\" width=\"1024\" height=\"683\" src=\"https:\/\/diarioprincipios.com\/wp-content\/uploads\/2024\/11\/LA-FERIA-MUNICIPAL-EMPRENDER-CUMPLIO-9-ANOS-2-1024x683.jpg\" alt=\"\" class=\"wp-image-23575\" srcset=\"https:\/\/diarioprincipios.com\/wp-content\/uploads\/2024\/11\/LA-FERIA-MUNICIPAL-EMPRENDER-CUMPLIO-9-ANOS-2-1024x683.jpg 1024w, https:\/\/diarioprincipios.com\/wp-content\/uploads\/2024\/11\/LA-FERIA-MUNICIPAL-EMPRENDER-CUMPLIO-9-ANOS-2-300x200.jpg 300w, https:\/\/diarioprincipios.com\/wp-content\/uploads\/2024\/11\/LA-FERIA-MUNICIPAL-EMPRENDER-CUMPLIO-9-ANOS-2-768x512.jpg 768w, https:\/\/diarioprincipios.com\/wp-content\/uploads\/2024\/11\/LA-FERIA-MUNICIPAL-EMPRENDER-CUMPLIO-9-ANOS-2-1536x1024.jpg 1536w, https:\/\/diarioprincipios.com\/wp-content\/uploads\/2024\/11\/LA-FERIA-MUNICIPAL-EMPRENDER-CUMPLIO-9-ANOS-2-600x400.jpg 600w, https:\/\/diarioprincipios.com\/wp-content\/uploads\/2024\/11\/LA-FERIA-MUNICIPAL-EMPRENDER-CUMPLIO-9-ANOS-2.jpg 1920w\" sizes=\"auto, (max-width: 1024px) 100vw, 1024px\" \/><\/figure>\n\n\n\n<p>A su vez, el secretario municipal de Trabajo, Juan Manuel Parra, asegur\u00f3: \u201cEl intendente Juan Jos\u00e9 Mussi es el art\u00edfice de esta feria que ayuda a los vecinos y vecinas de Berazategui, quienes est\u00e1n potenciando y capacit\u00e1ndose para llevar adelante sus emprendimientos mediante esta pol\u00edtica\u201d.<\/p>\n\n\n\n<p>Por su parte, la emprendedora Laura Lescano se\u00f1al\u00f3: \u201cHacemos sublimaci\u00f3n en marroquiner\u00eda, a trav\u00e9s de \u2018Uri Sublimados\u2019. Desde 2018 participamos de la Feria Municipal Emprender, la cual es muy importante porque nos permite trabajar. Estamos muy felices\u201d.<\/p>\n\n\n\n<p>La Feria Municipal Emprender se realiz\u00f3 por primera vez en 2015, en la Estaci\u00f3n de Ranelagh, con la participaci\u00f3n de 40 emprendedores locales.<\/p>\n\n\n\n<p>Para conocer m\u00e1s, se puede ingresar en&nbsp;<a rel=\"noreferrer noopener\" target=\"_blank\" href=\"http:\/\/berazategui.gob.ar\/emprender\">Berazategui.gob.ar\/emprender<\/a>.<\/p>\n","protected":false},"excerpt":{"rendered":"<p>El s\u00e1bado 16 de noviembre se festejaron los nueve a\u00f1os de la Feria Municipal Emprender con una edici\u00f3n en la Plaza Rigolleau. El intendente de Berazategui, Juan Jos\u00e9 Mussi, encabez\u00f3 la celebraci\u00f3n y felicit\u00f3 a las y los emprendedores por el trabajo que realizan. \u201cQu\u00e9 lindo ver que en este lugar se reivindique el trabajo&#8230;<\/p>\n","protected":false},"author":2,"featured_media":23576,"comment_status":"open","ping_status":"open","sticky":false,"template":"","format":"standard","meta":{"footnotes":""},"categories":[3],"tags":[],"class_list":["post-23574","post","type-post","status-publish","format-standard","has-post-thumbnail","hentry","category-berazategui"],"featured_image_src":"https:\/\/diarioprincipios.com\/wp-content\/uploads\/2024\/11\/LA-FERIA-MUNICIPAL-EMPRENDER-CUMPLIO-9-ANOS-1-1024x683.jpg","blog_images":{"medium":"https:\/\/diarioprincipios.com\/wp-content\/uploads\/2024\/11\/LA-FERIA-MUNICIPAL-EMPRENDER-CUMPLIO-9-ANOS-1-300x200.jpg","large":"https:\/\/diarioprincipios.com\/wp-content\/uploads\/2024\/11\/LA-FERIA-MUNICIPAL-EMPRENDER-CUMPLIO-9-ANOS-1-1024x683.jpg"},"ams_acf":[],"yoast_head":"<!-- This site is optimized with the Yoast SEO plugin v27.3 - https:\/\/yoast.com\/product\/yoast-seo-wordpress\/ -->\n<title>La Feria Municipal Emprender cumpli\u00f3 9 a\u00f1os - Principios<\/title>\n<meta name=\"robots\" content=\"index, follow, max-snippet:-1, max-image-preview:large, max-video-preview:-1\" \/>\n<link rel=\"canonical\" href=\"https:\/\/diarioprincipios.com\/index.php\/2024\/11\/21\/la-feria-municipal-emprender-cumplio-9-anos\/\" \/>\n<meta property=\"og:locale\" content=\"es_ES\" \/>\n<meta property=\"og:type\" content=\"article\" \/>\n<meta property=\"og:title\" content=\"La Feria Municipal Emprender cumpli\u00f3 9 a\u00f1os - Principios\" \/>\n<meta property=\"og:description\" content=\"El s\u00e1bado 16 de noviembre se festejaron los nueve a\u00f1os de la Feria Municipal Emprender con una edici\u00f3n en la Plaza Rigolleau. El intendente de Berazategui, Juan Jos\u00e9 Mussi, encabez\u00f3 la celebraci\u00f3n y felicit\u00f3 a las y los emprendedores por el trabajo que realizan. \u201cQu\u00e9 lindo ver que en este lugar se reivindique el trabajo...\" \/>\n<meta property=\"og:url\" content=\"https:\/\/diarioprincipios.com\/index.php\/2024\/11\/21\/la-feria-municipal-emprender-cumplio-9-anos\/\" \/>\n<meta property=\"og:site_name\" content=\"Principios\" \/>\n<meta property=\"article:published_time\" content=\"2024-11-21T14:17:35+00:00\" \/>\n<meta property=\"article:modified_time\" content=\"2024-11-21T14:17:37+00:00\" \/>\n<meta property=\"og:image\" content=\"https:\/\/diarioprincipios.com\/wp-content\/uploads\/2024\/11\/LA-FERIA-MUNICIPAL-EMPRENDER-CUMPLIO-9-ANOS-1.jpg\" \/>\n\t<meta property=\"og:image:width\" content=\"1920\" \/>\n\t<meta property=\"og:image:height\" content=\"1280\" \/>\n\t<meta property=\"og:image:type\" content=\"image\/jpeg\" \/>\n<meta name=\"author\" content=\"Hern\u00e1n L\u00f3pez\" \/>\n<meta name=\"twitter:card\" content=\"summary_large_image\" \/>\n<meta name=\"twitter:label1\" content=\"Escrito por\" \/>\n\t<meta name=\"twitter:data1\" content=\"Hern\u00e1n L\u00f3pez\" \/>\n\t<meta name=\"twitter:label2\" content=\"Tiempo de lectura\" \/>\n\t<meta name=\"twitter:data2\" content=\"2 minutos\" \/>\n<script type=\"application\/ld+json\" class=\"yoast-schema-graph\">{\"@context\":\"https:\\\/\\\/schema.org\",\"@graph\":[{\"@type\":\"Article\",\"@id\":\"https:\\\/\\\/diarioprincipios.com\\\/index.php\\\/2024\\\/11\\\/21\\\/la-feria-municipal-emprender-cumplio-9-anos\\\/#article\",\"isPartOf\":{\"@id\":\"https:\\\/\\\/diarioprincipios.com\\\/index.php\\\/2024\\\/11\\\/21\\\/la-feria-municipal-emprender-cumplio-9-anos\\\/\"},\"author\":{\"name\":\"Hern\u00e1n L\u00f3pez\",\"@id\":\"https:\\\/\\\/diarioprincipios.com\\\/#\\\/schema\\\/person\\\/436d5a1fd41a5e250e23ff5a6a7cb080\"},\"headline\":\"La Feria Municipal Emprender cumpli\u00f3 9 a\u00f1os\",\"datePublished\":\"2024-11-21T14:17:35+00:00\",\"dateModified\":\"2024-11-21T14:17:37+00:00\",\"mainEntityOfPage\":{\"@id\":\"https:\\\/\\\/diarioprincipios.com\\\/index.php\\\/2024\\\/11\\\/21\\\/la-feria-municipal-emprender-cumplio-9-anos\\\/\"},\"wordCount\":239,\"commentCount\":0,\"publisher\":{\"@id\":\"https:\\\/\\\/diarioprincipios.com\\\/#organization\"},\"image\":{\"@id\":\"https:\\\/\\\/diarioprincipios.com\\\/index.php\\\/2024\\\/11\\\/21\\\/la-feria-municipal-emprender-cumplio-9-anos\\\/#primaryimage\"},\"thumbnailUrl\":\"https:\\\/\\\/diarioprincipios.com\\\/wp-content\\\/uploads\\\/2024\\\/11\\\/LA-FERIA-MUNICIPAL-EMPRENDER-CUMPLIO-9-ANOS-1.jpg\",\"articleSection\":[\"Berazategui\"],\"inLanguage\":\"es\",\"potentialAction\":[{\"@type\":\"CommentAction\",\"name\":\"Comment\",\"target\":[\"https:\\\/\\\/diarioprincipios.com\\\/index.php\\\/2024\\\/11\\\/21\\\/la-feria-municipal-emprender-cumplio-9-anos\\\/#respond\"]}]},{\"@type\":\"WebPage\",\"@id\":\"https:\\\/\\\/diarioprincipios.com\\\/index.php\\\/2024\\\/11\\\/21\\\/la-feria-municipal-emprender-cumplio-9-anos\\\/\",\"url\":\"https:\\\/\\\/diarioprincipios.com\\\/index.php\\\/2024\\\/11\\\/21\\\/la-feria-municipal-emprender-cumplio-9-anos\\\/\",\"name\":\"La Feria Municipal Emprender cumpli\u00f3 9 a\u00f1os - Principios\",\"isPartOf\":{\"@id\":\"https:\\\/\\\/diarioprincipios.com\\\/#website\"},\"primaryImageOfPage\":{\"@id\":\"https:\\\/\\\/diarioprincipios.com\\\/index.php\\\/2024\\\/11\\\/21\\\/la-feria-municipal-emprender-cumplio-9-anos\\\/#primaryimage\"},\"image\":{\"@id\":\"https:\\\/\\\/diarioprincipios.com\\\/index.php\\\/2024\\\/11\\\/21\\\/la-feria-municipal-emprender-cumplio-9-anos\\\/#primaryimage\"},\"thumbnailUrl\":\"https:\\\/\\\/diarioprincipios.com\\\/wp-content\\\/uploads\\\/2024\\\/11\\\/LA-FERIA-MUNICIPAL-EMPRENDER-CUMPLIO-9-ANOS-1.jpg\",\"datePublished\":\"2024-11-21T14:17:35+00:00\",\"dateModified\":\"2024-11-21T14:17:37+00:00\",\"breadcrumb\":{\"@id\":\"https:\\\/\\\/diarioprincipios.com\\\/index.php\\\/2024\\\/11\\\/21\\\/la-feria-municipal-emprender-cumplio-9-anos\\\/#breadcrumb\"},\"inLanguage\":\"es\",\"potentialAction\":[{\"@type\":\"ReadAction\",\"target\":[\"https:\\\/\\\/diarioprincipios.com\\\/index.php\\\/2024\\\/11\\\/21\\\/la-feria-municipal-emprender-cumplio-9-anos\\\/\"]}]},{\"@type\":\"ImageObject\",\"inLanguage\":\"es\",\"@id\":\"https:\\\/\\\/diarioprincipios.com\\\/index.php\\\/2024\\\/11\\\/21\\\/la-feria-municipal-emprender-cumplio-9-anos\\\/#primaryimage\",\"url\":\"https:\\\/\\\/diarioprincipios.com\\\/wp-content\\\/uploads\\\/2024\\\/11\\\/LA-FERIA-MUNICIPAL-EMPRENDER-CUMPLIO-9-ANOS-1.jpg\",\"contentUrl\":\"https:\\\/\\\/diarioprincipios.com\\\/wp-content\\\/uploads\\\/2024\\\/11\\\/LA-FERIA-MUNICIPAL-EMPRENDER-CUMPLIO-9-ANOS-1.jpg\",\"width\":1920,\"height\":1280},{\"@type\":\"BreadcrumbList\",\"@id\":\"https:\\\/\\\/diarioprincipios.com\\\/index.php\\\/2024\\\/11\\\/21\\\/la-feria-municipal-emprender-cumplio-9-anos\\\/#breadcrumb\",\"itemListElement\":[{\"@type\":\"ListItem\",\"position\":1,\"name\":\"Portada\",\"item\":\"https:\\\/\\\/diarioprincipios.com\\\/\"},{\"@type\":\"ListItem\",\"position\":2,\"name\":\"La Feria Municipal Emprender cumpli\u00f3 9 a\u00f1os\"}]},{\"@type\":\"WebSite\",\"@id\":\"https:\\\/\\\/diarioprincipios.com\\\/#website\",\"url\":\"https:\\\/\\\/diarioprincipios.com\\\/\",\"name\":\"Principios\",\"description\":\"Principios Diario\",\"publisher\":{\"@id\":\"https:\\\/\\\/diarioprincipios.com\\\/#organization\"},\"potentialAction\":[{\"@type\":\"SearchAction\",\"target\":{\"@type\":\"EntryPoint\",\"urlTemplate\":\"https:\\\/\\\/diarioprincipios.com\\\/?s={search_term_string}\"},\"query-input\":{\"@type\":\"PropertyValueSpecification\",\"valueRequired\":true,\"valueName\":\"search_term_string\"}}],\"inLanguage\":\"es\"},{\"@type\":\"Organization\",\"@id\":\"https:\\\/\\\/diarioprincipios.com\\\/#organization\",\"name\":\"Principios\",\"url\":\"https:\\\/\\\/diarioprincipios.com\\\/\",\"logo\":{\"@type\":\"ImageObject\",\"inLanguage\":\"es\",\"@id\":\"https:\\\/\\\/diarioprincipios.com\\\/#\\\/schema\\\/logo\\\/image\\\/\",\"url\":\"https:\\\/\\\/diarioprincipios.com\\\/wp-content\\\/uploads\\\/2024\\\/04\\\/cropped-www.diarioprincipios.com_-1.png\",\"contentUrl\":\"https:\\\/\\\/diarioprincipios.com\\\/wp-content\\\/uploads\\\/2024\\\/04\\\/cropped-www.diarioprincipios.com_-1.png\",\"width\":5325,\"height\":1454,\"caption\":\"Principios\"},\"image\":{\"@id\":\"https:\\\/\\\/diarioprincipios.com\\\/#\\\/schema\\\/logo\\\/image\\\/\"}},{\"@type\":\"Person\",\"@id\":\"https:\\\/\\\/diarioprincipios.com\\\/#\\\/schema\\\/person\\\/436d5a1fd41a5e250e23ff5a6a7cb080\",\"name\":\"Hern\u00e1n L\u00f3pez\",\"image\":{\"@type\":\"ImageObject\",\"inLanguage\":\"es\",\"@id\":\"https:\\\/\\\/diarioprincipios.com\\\/wp-content\\\/litespeed\\\/avatar\\\/11ddfe5610ff3bd100522525b2571f48.jpg?ver=1777048341\",\"url\":\"https:\\\/\\\/diarioprincipios.com\\\/wp-content\\\/litespeed\\\/avatar\\\/11ddfe5610ff3bd100522525b2571f48.jpg?ver=1777048341\",\"contentUrl\":\"https:\\\/\\\/diarioprincipios.com\\\/wp-content\\\/litespeed\\\/avatar\\\/11ddfe5610ff3bd100522525b2571f48.jpg?ver=1777048341\",\"caption\":\"Hern\u00e1n L\u00f3pez\"},\"url\":\"https:\\\/\\\/diarioprincipios.com\\\/index.php\\\/author\\\/hernan\\\/\"}]}<\/script>\n<!-- \/ Yoast SEO plugin. -->","yoast_head_json":{"title":"La Feria Municipal Emprender cumpli\u00f3 9 a\u00f1os - Principios","robots":{"index":"index","follow":"follow","max-snippet":"max-snippet:-1","max-image-preview":"max-image-preview:large","max-video-preview":"max-video-preview:-1"},"canonical":"https:\/\/diarioprincipios.com\/index.php\/2024\/11\/21\/la-feria-municipal-emprender-cumplio-9-anos\/","og_locale":"es_ES","og_type":"article","og_title":"La Feria Municipal Emprender cumpli\u00f3 9 a\u00f1os - Principios","og_description":"El s\u00e1bado 16 de noviembre se festejaron los nueve a\u00f1os de la Feria Municipal Emprender con una edici\u00f3n en la Plaza Rigolleau. El intendente de Berazategui, Juan Jos\u00e9 Mussi, encabez\u00f3 la celebraci\u00f3n y felicit\u00f3 a las y los emprendedores por el trabajo que realizan. \u201cQu\u00e9 lindo ver que en este lugar se reivindique el trabajo...","og_url":"https:\/\/diarioprincipios.com\/index.php\/2024\/11\/21\/la-feria-municipal-emprender-cumplio-9-anos\/","og_site_name":"Principios","article_published_time":"2024-11-21T14:17:35+00:00","article_modified_time":"2024-11-21T14:17:37+00:00","og_image":[{"width":1920,"height":1280,"url":"https:\/\/diarioprincipios.com\/wp-content\/uploads\/2024\/11\/LA-FERIA-MUNICIPAL-EMPRENDER-CUMPLIO-9-ANOS-1.jpg","type":"image\/jpeg"}],"author":"Hern\u00e1n L\u00f3pez","twitter_card":"summary_large_image","twitter_misc":{"Escrito por":"Hern\u00e1n L\u00f3pez","Tiempo de lectura":"2 minutos"},"schema":{"@context":"https:\/\/schema.org","@graph":[{"@type":"Article","@id":"https:\/\/diarioprincipios.com\/index.php\/2024\/11\/21\/la-feria-municipal-emprender-cumplio-9-anos\/#article","isPartOf":{"@id":"https:\/\/diarioprincipios.com\/index.php\/2024\/11\/21\/la-feria-municipal-emprender-cumplio-9-anos\/"},"author":{"name":"Hern\u00e1n L\u00f3pez","@id":"https:\/\/diarioprincipios.com\/#\/schema\/person\/436d5a1fd41a5e250e23ff5a6a7cb080"},"headline":"La Feria Municipal Emprender cumpli\u00f3 9 a\u00f1os","datePublished":"2024-11-21T14:17:35+00:00","dateModified":"2024-11-21T14:17:37+00:00","mainEntityOfPage":{"@id":"https:\/\/diarioprincipios.com\/index.php\/2024\/11\/21\/la-feria-municipal-emprender-cumplio-9-anos\/"},"wordCount":239,"commentCount":0,"publisher":{"@id":"https:\/\/diarioprincipios.com\/#organization"},"image":{"@id":"https:\/\/diarioprincipios.com\/index.php\/2024\/11\/21\/la-feria-municipal-emprender-cumplio-9-anos\/#primaryimage"},"thumbnailUrl":"https:\/\/diarioprincipios.com\/wp-content\/uploads\/2024\/11\/LA-FERIA-MUNICIPAL-EMPRENDER-CUMPLIO-9-ANOS-1.jpg","articleSection":["Berazategui"],"inLanguage":"es","potentialAction":[{"@type":"CommentAction","name":"Comment","target":["https:\/\/diarioprincipios.com\/index.php\/2024\/11\/21\/la-feria-municipal-emprender-cumplio-9-anos\/#respond"]}]},{"@type":"WebPage","@id":"https:\/\/diarioprincipios.com\/index.php\/2024\/11\/21\/la-feria-municipal-emprender-cumplio-9-anos\/","url":"https:\/\/diarioprincipios.com\/index.php\/2024\/11\/21\/la-feria-municipal-emprender-cumplio-9-anos\/","name":"La Feria Municipal Emprender cumpli\u00f3 9 a\u00f1os - Principios","isPartOf":{"@id":"https:\/\/diarioprincipios.com\/#website"},"primaryImageOfPage":{"@id":"https:\/\/diarioprincipios.com\/index.php\/2024\/11\/21\/la-feria-municipal-emprender-cumplio-9-anos\/#primaryimage"},"image":{"@id":"https:\/\/diarioprincipios.com\/index.php\/2024\/11\/21\/la-feria-municipal-emprender-cumplio-9-anos\/#primaryimage"},"thumbnailUrl":"https:\/\/diarioprincipios.com\/wp-content\/uploads\/2024\/11\/LA-FERIA-MUNICIPAL-EMPRENDER-CUMPLIO-9-ANOS-1.jpg","datePublished":"2024-11-21T14:17:35+00:00","dateModified":"2024-11-21T14:17:37+00:00","breadcrumb":{"@id":"https:\/\/diarioprincipios.com\/index.php\/2024\/11\/21\/la-feria-municipal-emprender-cumplio-9-anos\/#breadcrumb"},"inLanguage":"es","potentialAction":[{"@type":"ReadAction","target":["https:\/\/diarioprincipios.com\/index.php\/2024\/11\/21\/la-feria-municipal-emprender-cumplio-9-anos\/"]}]},{"@type":"ImageObject","inLanguage":"es","@id":"https:\/\/diarioprincipios.com\/index.php\/2024\/11\/21\/la-feria-municipal-emprender-cumplio-9-anos\/#primaryimage","url":"https:\/\/diarioprincipios.com\/wp-content\/uploads\/2024\/11\/LA-FERIA-MUNICIPAL-EMPRENDER-CUMPLIO-9-ANOS-1.jpg","contentUrl":"https:\/\/diarioprincipios.com\/wp-content\/uploads\/2024\/11\/LA-FERIA-MUNICIPAL-EMPRENDER-CUMPLIO-9-ANOS-1.jpg","width":1920,"height":1280},{"@type":"BreadcrumbList","@id":"https:\/\/diarioprincipios.com\/index.php\/2024\/11\/21\/la-feria-municipal-emprender-cumplio-9-anos\/#breadcrumb","itemListElement":[{"@type":"ListItem","position":1,"name":"Portada","item":"https:\/\/diarioprincipios.com\/"},{"@type":"ListItem","position":2,"name":"La Feria Municipal Emprender cumpli\u00f3 9 a\u00f1os"}]},{"@type":"WebSite","@id":"https:\/\/diarioprincipios.com\/#website","url":"https:\/\/diarioprincipios.com\/","name":"Principios","description":"Principios Diario","publisher":{"@id":"https:\/\/diarioprincipios.com\/#organization"},"potentialAction":[{"@type":"SearchAction","target":{"@type":"EntryPoint","urlTemplate":"https:\/\/diarioprincipios.com\/?s={search_term_string}"},"query-input":{"@type":"PropertyValueSpecification","valueRequired":true,"valueName":"search_term_string"}}],"inLanguage":"es"},{"@type":"Organization","@id":"https:\/\/diarioprincipios.com\/#organization","name":"Principios","url":"https:\/\/diarioprincipios.com\/","logo":{"@type":"ImageObject","inLanguage":"es","@id":"https:\/\/diarioprincipios.com\/#\/schema\/logo\/image\/","url":"https:\/\/diarioprincipios.com\/wp-content\/uploads\/2024\/04\/cropped-www.diarioprincipios.com_-1.png","contentUrl":"https:\/\/diarioprincipios.com\/wp-content\/uploads\/2024\/04\/cropped-www.diarioprincipios.com_-1.png","width":5325,"height":1454,"caption":"Principios"},"image":{"@id":"https:\/\/diarioprincipios.com\/#\/schema\/logo\/image\/"}},{"@type":"Person","@id":"https:\/\/diarioprincipios.com\/#\/schema\/person\/436d5a1fd41a5e250e23ff5a6a7cb080","name":"Hern\u00e1n L\u00f3pez","image":{"@type":"ImageObject","inLanguage":"es","@id":"https:\/\/diarioprincipios.com\/wp-content\/litespeed\/avatar\/11ddfe5610ff3bd100522525b2571f48.jpg?ver=1777048341","url":"https:\/\/diarioprincipios.com\/wp-content\/litespeed\/avatar\/11ddfe5610ff3bd100522525b2571f48.jpg?ver=1777048341","contentUrl":"https:\/\/diarioprincipios.com\/wp-content\/litespeed\/avatar\/11ddfe5610ff3bd100522525b2571f48.jpg?ver=1777048341","caption":"Hern\u00e1n L\u00f3pez"},"url":"https:\/\/diarioprincipios.com\/index.php\/author\/hernan\/"}]}},"jetpack_featured_media_url":"https:\/\/diarioprincipios.com\/wp-content\/uploads\/2024\/11\/LA-FERIA-MUNICIPAL-EMPRENDER-CUMPLIO-9-ANOS-1.jpg","_links":{"self":[{"href":"https:\/\/diarioprincipios.com\/index.php\/wp-json\/wp\/v2\/posts\/23574","targetHints":{"allow":["GET"]}}],"collection":[{"href":"https:\/\/diarioprincipios.com\/index.php\/wp-json\/wp\/v2\/posts"}],"about":[{"href":"https:\/\/diarioprincipios.com\/index.php\/wp-json\/wp\/v2\/types\/post"}],"author":[{"embeddable":true,"href":"https:\/\/diarioprincipios.com\/index.php\/wp-json\/wp\/v2\/users\/2"}],"replies":[{"embeddable":true,"href":"https:\/\/diarioprincipios.com\/index.php\/wp-json\/wp\/v2\/comments?post=23574"}],"version-history":[{"count":1,"href":"https:\/\/diarioprincipios.com\/index.php\/wp-json\/wp\/v2\/posts\/23574\/revisions"}],"predecessor-version":[{"id":23577,"href":"https:\/\/diarioprincipios.com\/index.php\/wp-json\/wp\/v2\/posts\/23574\/revisions\/23577"}],"wp:featuredmedia":[{"embeddable":true,"href":"https:\/\/diarioprincipios.com\/index.php\/wp-json\/wp\/v2\/media\/23576"}],"wp:attachment":[{"href":"https:\/\/diarioprincipios.com\/index.php\/wp-json\/wp\/v2\/media?parent=23574"}],"wp:term":[{"taxonomy":"category","embeddable":true,"href":"https:\/\/diarioprincipios.com\/index.php\/wp-json\/wp\/v2\/categories?post=23574"},{"taxonomy":"post_tag","embeddable":true,"href":"https:\/\/diarioprincipios.com\/index.php\/wp-json\/wp\/v2\/tags?post=23574"}],"curies":[{"name":"wp","href":"https:\/\/api.w.org\/{rel}","templated":true}]}}