{"id":2357,"date":"2020-06-01T18:42:54","date_gmt":"2020-06-01T21:42:54","guid":{"rendered":"http:\/\/diarioprincipios.com\/?p=2357"},"modified":"2020-06-01T18:42:55","modified_gmt":"2020-06-01T21:42:55","slug":"prorrogan-hasta-el-31-de-julio-la-vigencia-de-la-vtv-para-vehiculos-que-circulen-por-amba","status":"publish","type":"post","link":"https:\/\/diarioprincipios.com\/index.php\/2020\/06\/01\/prorrogan-hasta-el-31-de-julio-la-vigencia-de-la-vtv-para-vehiculos-que-circulen-por-amba\/","title":{"rendered":"Prorrogan hasta el 31 de julio la vigencia de la VTV para veh\u00edculos que circulen por AMBA"},"content":{"rendered":"\n<p>El gobierno bonaerense prorrog\u00f3 hasta el 31 de julio pr\u00f3ximo la vigencia de la Verificaci\u00f3n T\u00e9cnica Vehicular (VTV) para aquellos veh\u00edculos que deban circular por el \u00c1rea Metropolitana de Buenos Aires (AMBA), inform\u00f3 el ministerio de Infraestructura y Servicios P\u00fablicos bonaerense.<\/p>\n\n\n\n<p>\u00abPara la circulaci\u00f3n dentro del AMBA se prorrogan todas las VTV hasta el 31\/7. Para veh\u00edculos con permiso fuera del \u00e1rea metropolitana se otorga plazo hasta el 30\/6\u00bb, precis\u00f3 la cartera provincial en su cuenta oficial de Twitter.<\/p>\n\n\n\n<p>A los veh\u00edculos que circulen por el AMBA se prorroga la VTV hasta el 31 de julio pr\u00f3ximo; exceptuando a los transportes de pasajeros y cargas, servicios de fuerza de seguridad, fuerzas armadas, salud y transporte especializado.<\/p>\n\n\n\n<p>Para los veh\u00edculos que cuenten con permiso de circulaci\u00f3n fuera del \u00c1rea Metropolitana se otorga el plazo hasta el 30 de junio pr\u00f3ximo para tener la VTV vigente y regularizar su situaci\u00f3n.<\/p>\n","protected":false},"excerpt":{"rendered":"<p>El gobierno bonaerense prorrog\u00f3 hasta el 31 de julio pr\u00f3ximo la vigencia de la Verificaci\u00f3n T\u00e9cnica Vehicular (VTV) para aquellos veh\u00edculos que deban circular por el \u00c1rea Metropolitana de Buenos Aires (AMBA), inform\u00f3 el ministerio de Infraestructura y Servicios P\u00fablicos bonaerense. \u00abPara la circulaci\u00f3n dentro del AMBA se prorrogan todas las VTV hasta el 31\/7&#8230;.<\/p>\n","protected":false},"author":2,"featured_media":2358,"comment_status":"open","ping_status":"open","sticky":false,"template":"","format":"standard","meta":{"footnotes":""},"categories":[7],"tags":[],"class_list":["post-2357","post","type-post","status-publish","format-standard","has-post-thumbnail","hentry","category-provincia"],"featured_image_src":"https:\/\/diarioprincipios.com\/wp-content\/uploads\/2020\/06\/vtv.jpg","blog_images":{"medium":"https:\/\/diarioprincipios.com\/wp-content\/uploads\/2020\/06\/vtv-300x169.jpg","large":"https:\/\/diarioprincipios.com\/wp-content\/uploads\/2020\/06\/vtv.jpg"},"ams_acf":[],"yoast_head":"<!-- This site is optimized with the Yoast SEO plugin v27.3 - https:\/\/yoast.com\/product\/yoast-seo-wordpress\/ -->\n<title>Prorrogan hasta el 31 de julio la vigencia de la VTV para veh\u00edculos que circulen por AMBA - Principios<\/title>\n<meta name=\"robots\" content=\"index, follow, max-snippet:-1, max-image-preview:large, max-video-preview:-1\" \/>\n<link rel=\"canonical\" href=\"https:\/\/diarioprincipios.com\/index.php\/2020\/06\/01\/prorrogan-hasta-el-31-de-julio-la-vigencia-de-la-vtv-para-vehiculos-que-circulen-por-amba\/\" \/>\n<meta property=\"og:locale\" content=\"es_ES\" \/>\n<meta property=\"og:type\" content=\"article\" \/>\n<meta property=\"og:title\" content=\"Prorrogan hasta el 31 de julio la vigencia de la VTV para veh\u00edculos que circulen por AMBA - Principios\" \/>\n<meta property=\"og:description\" content=\"El gobierno bonaerense prorrog\u00f3 hasta el 31 de julio pr\u00f3ximo la vigencia de la Verificaci\u00f3n T\u00e9cnica Vehicular (VTV) para aquellos veh\u00edculos que deban circular por el \u00c1rea Metropolitana de Buenos Aires (AMBA), inform\u00f3 el ministerio de Infraestructura y Servicios P\u00fablicos bonaerense. \u00abPara la circulaci\u00f3n dentro del AMBA se prorrogan todas las VTV hasta el 31\/7....\" \/>\n<meta property=\"og:url\" content=\"https:\/\/diarioprincipios.com\/index.php\/2020\/06\/01\/prorrogan-hasta-el-31-de-julio-la-vigencia-de-la-vtv-para-vehiculos-que-circulen-por-amba\/\" \/>\n<meta property=\"og:site_name\" content=\"Principios\" \/>\n<meta property=\"article:published_time\" content=\"2020-06-01T21:42:54+00:00\" \/>\n<meta property=\"article:modified_time\" content=\"2020-06-01T21:42:55+00:00\" \/>\n<meta property=\"og:image\" content=\"https:\/\/diarioprincipios.com\/wp-content\/uploads\/2020\/06\/vtv.jpg\" \/>\n\t<meta property=\"og:image:width\" content=\"783\" \/>\n\t<meta property=\"og:image:height\" content=\"440\" \/>\n\t<meta property=\"og:image:type\" content=\"image\/jpeg\" \/>\n<meta name=\"author\" content=\"Hern\u00e1n L\u00f3pez\" \/>\n<meta name=\"twitter:card\" content=\"summary_large_image\" \/>\n<meta name=\"twitter:label1\" content=\"Escrito por\" \/>\n\t<meta name=\"twitter:data1\" content=\"Hern\u00e1n L\u00f3pez\" \/>\n\t<meta name=\"twitter:label2\" content=\"Tiempo de lectura\" \/>\n\t<meta name=\"twitter:data2\" content=\"1 minuto\" \/>\n<script type=\"application\/ld+json\" class=\"yoast-schema-graph\">{\"@context\":\"https:\\\/\\\/schema.org\",\"@graph\":[{\"@type\":\"Article\",\"@id\":\"https:\\\/\\\/diarioprincipios.com\\\/index.php\\\/2020\\\/06\\\/01\\\/prorrogan-hasta-el-31-de-julio-la-vigencia-de-la-vtv-para-vehiculos-que-circulen-por-amba\\\/#article\",\"isPartOf\":{\"@id\":\"https:\\\/\\\/diarioprincipios.com\\\/index.php\\\/2020\\\/06\\\/01\\\/prorrogan-hasta-el-31-de-julio-la-vigencia-de-la-vtv-para-vehiculos-que-circulen-por-amba\\\/\"},\"author\":{\"name\":\"Hern\u00e1n L\u00f3pez\",\"@id\":\"https:\\\/\\\/diarioprincipios.com\\\/#\\\/schema\\\/person\\\/436d5a1fd41a5e250e23ff5a6a7cb080\"},\"headline\":\"Prorrogan hasta el 31 de julio la vigencia de la VTV para veh\u00edculos que circulen por AMBA\",\"datePublished\":\"2020-06-01T21:42:54+00:00\",\"dateModified\":\"2020-06-01T21:42:55+00:00\",\"mainEntityOfPage\":{\"@id\":\"https:\\\/\\\/diarioprincipios.com\\\/index.php\\\/2020\\\/06\\\/01\\\/prorrogan-hasta-el-31-de-julio-la-vigencia-de-la-vtv-para-vehiculos-que-circulen-por-amba\\\/\"},\"wordCount\":173,\"commentCount\":0,\"publisher\":{\"@id\":\"https:\\\/\\\/diarioprincipios.com\\\/#organization\"},\"image\":{\"@id\":\"https:\\\/\\\/diarioprincipios.com\\\/index.php\\\/2020\\\/06\\\/01\\\/prorrogan-hasta-el-31-de-julio-la-vigencia-de-la-vtv-para-vehiculos-que-circulen-por-amba\\\/#primaryimage\"},\"thumbnailUrl\":\"https:\\\/\\\/diarioprincipios.com\\\/wp-content\\\/uploads\\\/2020\\\/06\\\/vtv.jpg\",\"articleSection\":[\"Provincia\"],\"inLanguage\":\"es\",\"potentialAction\":[{\"@type\":\"CommentAction\",\"name\":\"Comment\",\"target\":[\"https:\\\/\\\/diarioprincipios.com\\\/index.php\\\/2020\\\/06\\\/01\\\/prorrogan-hasta-el-31-de-julio-la-vigencia-de-la-vtv-para-vehiculos-que-circulen-por-amba\\\/#respond\"]}]},{\"@type\":\"WebPage\",\"@id\":\"https:\\\/\\\/diarioprincipios.com\\\/index.php\\\/2020\\\/06\\\/01\\\/prorrogan-hasta-el-31-de-julio-la-vigencia-de-la-vtv-para-vehiculos-que-circulen-por-amba\\\/\",\"url\":\"https:\\\/\\\/diarioprincipios.com\\\/index.php\\\/2020\\\/06\\\/01\\\/prorrogan-hasta-el-31-de-julio-la-vigencia-de-la-vtv-para-vehiculos-que-circulen-por-amba\\\/\",\"name\":\"Prorrogan hasta el 31 de julio la vigencia de la VTV para veh\u00edculos que circulen por AMBA - Principios\",\"isPartOf\":{\"@id\":\"https:\\\/\\\/diarioprincipios.com\\\/#website\"},\"primaryImageOfPage\":{\"@id\":\"https:\\\/\\\/diarioprincipios.com\\\/index.php\\\/2020\\\/06\\\/01\\\/prorrogan-hasta-el-31-de-julio-la-vigencia-de-la-vtv-para-vehiculos-que-circulen-por-amba\\\/#primaryimage\"},\"image\":{\"@id\":\"https:\\\/\\\/diarioprincipios.com\\\/index.php\\\/2020\\\/06\\\/01\\\/prorrogan-hasta-el-31-de-julio-la-vigencia-de-la-vtv-para-vehiculos-que-circulen-por-amba\\\/#primaryimage\"},\"thumbnailUrl\":\"https:\\\/\\\/diarioprincipios.com\\\/wp-content\\\/uploads\\\/2020\\\/06\\\/vtv.jpg\",\"datePublished\":\"2020-06-01T21:42:54+00:00\",\"dateModified\":\"2020-06-01T21:42:55+00:00\",\"breadcrumb\":{\"@id\":\"https:\\\/\\\/diarioprincipios.com\\\/index.php\\\/2020\\\/06\\\/01\\\/prorrogan-hasta-el-31-de-julio-la-vigencia-de-la-vtv-para-vehiculos-que-circulen-por-amba\\\/#breadcrumb\"},\"inLanguage\":\"es\",\"potentialAction\":[{\"@type\":\"ReadAction\",\"target\":[\"https:\\\/\\\/diarioprincipios.com\\\/index.php\\\/2020\\\/06\\\/01\\\/prorrogan-hasta-el-31-de-julio-la-vigencia-de-la-vtv-para-vehiculos-que-circulen-por-amba\\\/\"]}]},{\"@type\":\"ImageObject\",\"inLanguage\":\"es\",\"@id\":\"https:\\\/\\\/diarioprincipios.com\\\/index.php\\\/2020\\\/06\\\/01\\\/prorrogan-hasta-el-31-de-julio-la-vigencia-de-la-vtv-para-vehiculos-que-circulen-por-amba\\\/#primaryimage\",\"url\":\"https:\\\/\\\/diarioprincipios.com\\\/wp-content\\\/uploads\\\/2020\\\/06\\\/vtv.jpg\",\"contentUrl\":\"https:\\\/\\\/diarioprincipios.com\\\/wp-content\\\/uploads\\\/2020\\\/06\\\/vtv.jpg\",\"width\":783,\"height\":440},{\"@type\":\"BreadcrumbList\",\"@id\":\"https:\\\/\\\/diarioprincipios.com\\\/index.php\\\/2020\\\/06\\\/01\\\/prorrogan-hasta-el-31-de-julio-la-vigencia-de-la-vtv-para-vehiculos-que-circulen-por-amba\\\/#breadcrumb\",\"itemListElement\":[{\"@type\":\"ListItem\",\"position\":1,\"name\":\"Portada\",\"item\":\"https:\\\/\\\/diarioprincipios.com\\\/\"},{\"@type\":\"ListItem\",\"position\":2,\"name\":\"Prorrogan hasta el 31 de julio la vigencia de la VTV para veh\u00edculos que circulen por AMBA\"}]},{\"@type\":\"WebSite\",\"@id\":\"https:\\\/\\\/diarioprincipios.com\\\/#website\",\"url\":\"https:\\\/\\\/diarioprincipios.com\\\/\",\"name\":\"Principios\",\"description\":\"Principios Diario\",\"publisher\":{\"@id\":\"https:\\\/\\\/diarioprincipios.com\\\/#organization\"},\"potentialAction\":[{\"@type\":\"SearchAction\",\"target\":{\"@type\":\"EntryPoint\",\"urlTemplate\":\"https:\\\/\\\/diarioprincipios.com\\\/?s={search_term_string}\"},\"query-input\":{\"@type\":\"PropertyValueSpecification\",\"valueRequired\":true,\"valueName\":\"search_term_string\"}}],\"inLanguage\":\"es\"},{\"@type\":\"Organization\",\"@id\":\"https:\\\/\\\/diarioprincipios.com\\\/#organization\",\"name\":\"Principios\",\"url\":\"https:\\\/\\\/diarioprincipios.com\\\/\",\"logo\":{\"@type\":\"ImageObject\",\"inLanguage\":\"es\",\"@id\":\"https:\\\/\\\/diarioprincipios.com\\\/#\\\/schema\\\/logo\\\/image\\\/\",\"url\":\"https:\\\/\\\/diarioprincipios.com\\\/wp-content\\\/uploads\\\/2024\\\/04\\\/cropped-www.diarioprincipios.com_-1.png\",\"contentUrl\":\"https:\\\/\\\/diarioprincipios.com\\\/wp-content\\\/uploads\\\/2024\\\/04\\\/cropped-www.diarioprincipios.com_-1.png\",\"width\":5325,\"height\":1454,\"caption\":\"Principios\"},\"image\":{\"@id\":\"https:\\\/\\\/diarioprincipios.com\\\/#\\\/schema\\\/logo\\\/image\\\/\"}},{\"@type\":\"Person\",\"@id\":\"https:\\\/\\\/diarioprincipios.com\\\/#\\\/schema\\\/person\\\/436d5a1fd41a5e250e23ff5a6a7cb080\",\"name\":\"Hern\u00e1n L\u00f3pez\",\"image\":{\"@type\":\"ImageObject\",\"inLanguage\":\"es\",\"@id\":\"https:\\\/\\\/diarioprincipios.com\\\/wp-content\\\/litespeed\\\/avatar\\\/11ddfe5610ff3bd100522525b2571f48.jpg?ver=1777048341\",\"url\":\"https:\\\/\\\/diarioprincipios.com\\\/wp-content\\\/litespeed\\\/avatar\\\/11ddfe5610ff3bd100522525b2571f48.jpg?ver=1777048341\",\"contentUrl\":\"https:\\\/\\\/diarioprincipios.com\\\/wp-content\\\/litespeed\\\/avatar\\\/11ddfe5610ff3bd100522525b2571f48.jpg?ver=1777048341\",\"caption\":\"Hern\u00e1n L\u00f3pez\"},\"url\":\"https:\\\/\\\/diarioprincipios.com\\\/index.php\\\/author\\\/hernan\\\/\"}]}<\/script>\n<!-- \/ Yoast SEO plugin. -->","yoast_head_json":{"title":"Prorrogan hasta el 31 de julio la vigencia de la VTV para veh\u00edculos que circulen por AMBA - Principios","robots":{"index":"index","follow":"follow","max-snippet":"max-snippet:-1","max-image-preview":"max-image-preview:large","max-video-preview":"max-video-preview:-1"},"canonical":"https:\/\/diarioprincipios.com\/index.php\/2020\/06\/01\/prorrogan-hasta-el-31-de-julio-la-vigencia-de-la-vtv-para-vehiculos-que-circulen-por-amba\/","og_locale":"es_ES","og_type":"article","og_title":"Prorrogan hasta el 31 de julio la vigencia de la VTV para veh\u00edculos que circulen por AMBA - Principios","og_description":"El gobierno bonaerense prorrog\u00f3 hasta el 31 de julio pr\u00f3ximo la vigencia de la Verificaci\u00f3n T\u00e9cnica Vehicular (VTV) para aquellos veh\u00edculos que deban circular por el \u00c1rea Metropolitana de Buenos Aires (AMBA), inform\u00f3 el ministerio de Infraestructura y Servicios P\u00fablicos bonaerense. \u00abPara la circulaci\u00f3n dentro del AMBA se prorrogan todas las VTV hasta el 31\/7....","og_url":"https:\/\/diarioprincipios.com\/index.php\/2020\/06\/01\/prorrogan-hasta-el-31-de-julio-la-vigencia-de-la-vtv-para-vehiculos-que-circulen-por-amba\/","og_site_name":"Principios","article_published_time":"2020-06-01T21:42:54+00:00","article_modified_time":"2020-06-01T21:42:55+00:00","og_image":[{"width":783,"height":440,"url":"https:\/\/diarioprincipios.com\/wp-content\/uploads\/2020\/06\/vtv.jpg","type":"image\/jpeg"}],"author":"Hern\u00e1n L\u00f3pez","twitter_card":"summary_large_image","twitter_misc":{"Escrito por":"Hern\u00e1n L\u00f3pez","Tiempo de lectura":"1 minuto"},"schema":{"@context":"https:\/\/schema.org","@graph":[{"@type":"Article","@id":"https:\/\/diarioprincipios.com\/index.php\/2020\/06\/01\/prorrogan-hasta-el-31-de-julio-la-vigencia-de-la-vtv-para-vehiculos-que-circulen-por-amba\/#article","isPartOf":{"@id":"https:\/\/diarioprincipios.com\/index.php\/2020\/06\/01\/prorrogan-hasta-el-31-de-julio-la-vigencia-de-la-vtv-para-vehiculos-que-circulen-por-amba\/"},"author":{"name":"Hern\u00e1n L\u00f3pez","@id":"https:\/\/diarioprincipios.com\/#\/schema\/person\/436d5a1fd41a5e250e23ff5a6a7cb080"},"headline":"Prorrogan hasta el 31 de julio la vigencia de la VTV para veh\u00edculos que circulen por AMBA","datePublished":"2020-06-01T21:42:54+00:00","dateModified":"2020-06-01T21:42:55+00:00","mainEntityOfPage":{"@id":"https:\/\/diarioprincipios.com\/index.php\/2020\/06\/01\/prorrogan-hasta-el-31-de-julio-la-vigencia-de-la-vtv-para-vehiculos-que-circulen-por-amba\/"},"wordCount":173,"commentCount":0,"publisher":{"@id":"https:\/\/diarioprincipios.com\/#organization"},"image":{"@id":"https:\/\/diarioprincipios.com\/index.php\/2020\/06\/01\/prorrogan-hasta-el-31-de-julio-la-vigencia-de-la-vtv-para-vehiculos-que-circulen-por-amba\/#primaryimage"},"thumbnailUrl":"https:\/\/diarioprincipios.com\/wp-content\/uploads\/2020\/06\/vtv.jpg","articleSection":["Provincia"],"inLanguage":"es","potentialAction":[{"@type":"CommentAction","name":"Comment","target":["https:\/\/diarioprincipios.com\/index.php\/2020\/06\/01\/prorrogan-hasta-el-31-de-julio-la-vigencia-de-la-vtv-para-vehiculos-que-circulen-por-amba\/#respond"]}]},{"@type":"WebPage","@id":"https:\/\/diarioprincipios.com\/index.php\/2020\/06\/01\/prorrogan-hasta-el-31-de-julio-la-vigencia-de-la-vtv-para-vehiculos-que-circulen-por-amba\/","url":"https:\/\/diarioprincipios.com\/index.php\/2020\/06\/01\/prorrogan-hasta-el-31-de-julio-la-vigencia-de-la-vtv-para-vehiculos-que-circulen-por-amba\/","name":"Prorrogan hasta el 31 de julio la vigencia de la VTV para veh\u00edculos que circulen por AMBA - Principios","isPartOf":{"@id":"https:\/\/diarioprincipios.com\/#website"},"primaryImageOfPage":{"@id":"https:\/\/diarioprincipios.com\/index.php\/2020\/06\/01\/prorrogan-hasta-el-31-de-julio-la-vigencia-de-la-vtv-para-vehiculos-que-circulen-por-amba\/#primaryimage"},"image":{"@id":"https:\/\/diarioprincipios.com\/index.php\/2020\/06\/01\/prorrogan-hasta-el-31-de-julio-la-vigencia-de-la-vtv-para-vehiculos-que-circulen-por-amba\/#primaryimage"},"thumbnailUrl":"https:\/\/diarioprincipios.com\/wp-content\/uploads\/2020\/06\/vtv.jpg","datePublished":"2020-06-01T21:42:54+00:00","dateModified":"2020-06-01T21:42:55+00:00","breadcrumb":{"@id":"https:\/\/diarioprincipios.com\/index.php\/2020\/06\/01\/prorrogan-hasta-el-31-de-julio-la-vigencia-de-la-vtv-para-vehiculos-que-circulen-por-amba\/#breadcrumb"},"inLanguage":"es","potentialAction":[{"@type":"ReadAction","target":["https:\/\/diarioprincipios.com\/index.php\/2020\/06\/01\/prorrogan-hasta-el-31-de-julio-la-vigencia-de-la-vtv-para-vehiculos-que-circulen-por-amba\/"]}]},{"@type":"ImageObject","inLanguage":"es","@id":"https:\/\/diarioprincipios.com\/index.php\/2020\/06\/01\/prorrogan-hasta-el-31-de-julio-la-vigencia-de-la-vtv-para-vehiculos-que-circulen-por-amba\/#primaryimage","url":"https:\/\/diarioprincipios.com\/wp-content\/uploads\/2020\/06\/vtv.jpg","contentUrl":"https:\/\/diarioprincipios.com\/wp-content\/uploads\/2020\/06\/vtv.jpg","width":783,"height":440},{"@type":"BreadcrumbList","@id":"https:\/\/diarioprincipios.com\/index.php\/2020\/06\/01\/prorrogan-hasta-el-31-de-julio-la-vigencia-de-la-vtv-para-vehiculos-que-circulen-por-amba\/#breadcrumb","itemListElement":[{"@type":"ListItem","position":1,"name":"Portada","item":"https:\/\/diarioprincipios.com\/"},{"@type":"ListItem","position":2,"name":"Prorrogan hasta el 31 de julio la vigencia de la VTV para veh\u00edculos que circulen por AMBA"}]},{"@type":"WebSite","@id":"https:\/\/diarioprincipios.com\/#website","url":"https:\/\/diarioprincipios.com\/","name":"Principios","description":"Principios Diario","publisher":{"@id":"https:\/\/diarioprincipios.com\/#organization"},"potentialAction":[{"@type":"SearchAction","target":{"@type":"EntryPoint","urlTemplate":"https:\/\/diarioprincipios.com\/?s={search_term_string}"},"query-input":{"@type":"PropertyValueSpecification","valueRequired":true,"valueName":"search_term_string"}}],"inLanguage":"es"},{"@type":"Organization","@id":"https:\/\/diarioprincipios.com\/#organization","name":"Principios","url":"https:\/\/diarioprincipios.com\/","logo":{"@type":"ImageObject","inLanguage":"es","@id":"https:\/\/diarioprincipios.com\/#\/schema\/logo\/image\/","url":"https:\/\/diarioprincipios.com\/wp-content\/uploads\/2024\/04\/cropped-www.diarioprincipios.com_-1.png","contentUrl":"https:\/\/diarioprincipios.com\/wp-content\/uploads\/2024\/04\/cropped-www.diarioprincipios.com_-1.png","width":5325,"height":1454,"caption":"Principios"},"image":{"@id":"https:\/\/diarioprincipios.com\/#\/schema\/logo\/image\/"}},{"@type":"Person","@id":"https:\/\/diarioprincipios.com\/#\/schema\/person\/436d5a1fd41a5e250e23ff5a6a7cb080","name":"Hern\u00e1n L\u00f3pez","image":{"@type":"ImageObject","inLanguage":"es","@id":"https:\/\/diarioprincipios.com\/wp-content\/litespeed\/avatar\/11ddfe5610ff3bd100522525b2571f48.jpg?ver=1777048341","url":"https:\/\/diarioprincipios.com\/wp-content\/litespeed\/avatar\/11ddfe5610ff3bd100522525b2571f48.jpg?ver=1777048341","contentUrl":"https:\/\/diarioprincipios.com\/wp-content\/litespeed\/avatar\/11ddfe5610ff3bd100522525b2571f48.jpg?ver=1777048341","caption":"Hern\u00e1n L\u00f3pez"},"url":"https:\/\/diarioprincipios.com\/index.php\/author\/hernan\/"}]}},"jetpack_featured_media_url":"https:\/\/diarioprincipios.com\/wp-content\/uploads\/2020\/06\/vtv.jpg","_links":{"self":[{"href":"https:\/\/diarioprincipios.com\/index.php\/wp-json\/wp\/v2\/posts\/2357","targetHints":{"allow":["GET"]}}],"collection":[{"href":"https:\/\/diarioprincipios.com\/index.php\/wp-json\/wp\/v2\/posts"}],"about":[{"href":"https:\/\/diarioprincipios.com\/index.php\/wp-json\/wp\/v2\/types\/post"}],"author":[{"embeddable":true,"href":"https:\/\/diarioprincipios.com\/index.php\/wp-json\/wp\/v2\/users\/2"}],"replies":[{"embeddable":true,"href":"https:\/\/diarioprincipios.com\/index.php\/wp-json\/wp\/v2\/comments?post=2357"}],"version-history":[{"count":1,"href":"https:\/\/diarioprincipios.com\/index.php\/wp-json\/wp\/v2\/posts\/2357\/revisions"}],"predecessor-version":[{"id":2359,"href":"https:\/\/diarioprincipios.com\/index.php\/wp-json\/wp\/v2\/posts\/2357\/revisions\/2359"}],"wp:featuredmedia":[{"embeddable":true,"href":"https:\/\/diarioprincipios.com\/index.php\/wp-json\/wp\/v2\/media\/2358"}],"wp:attachment":[{"href":"https:\/\/diarioprincipios.com\/index.php\/wp-json\/wp\/v2\/media?parent=2357"}],"wp:term":[{"taxonomy":"category","embeddable":true,"href":"https:\/\/diarioprincipios.com\/index.php\/wp-json\/wp\/v2\/categories?post=2357"},{"taxonomy":"post_tag","embeddable":true,"href":"https:\/\/diarioprincipios.com\/index.php\/wp-json\/wp\/v2\/tags?post=2357"}],"curies":[{"name":"wp","href":"https:\/\/api.w.org\/{rel}","templated":true}]}}