{"id":23569,"date":"2024-11-21T11:10:00","date_gmt":"2024-11-21T14:10:00","guid":{"rendered":"http:\/\/diarioprincipios.com\/?p=23569"},"modified":"2024-11-21T11:10:03","modified_gmt":"2024-11-21T14:10:03","slug":"presentaron-un-libro-que-recorre-la-historia-del-politecnico","status":"publish","type":"post","link":"https:\/\/diarioprincipios.com\/index.php\/2024\/11\/21\/presentaron-un-libro-que-recorre-la-historia-del-politecnico\/","title":{"rendered":"Presentaron un libro que recorre la historia del Polit\u00e9cnico"},"content":{"rendered":"\n<p><strong>Se present\u00f3 el libro \u00abEl Polit\u00e9cnico de Berazategui: su historia\u00bb, escrito por el profesor Claudio Egisti Staniscia. La obra hace un repaso desde c\u00f3mo se inici\u00f3 la idea de generar la escuela, hasta sus primeros 50 a\u00f1os de vida educativa. El intendente Juan Jos\u00e9 Mussi acudi\u00f3 a la presentaci\u00f3n, de la que participaron decenas de ex directivos, docentes y estudiantes.<\/strong><\/p>\n\n\n\n<p>A trav\u00e9s de una l\u00ednea de tiempo, el autor repas\u00f3 momentos destacados de la historia, acompa\u00f1ados por im\u00e1genes incluidas tambi\u00e9n en la investigaci\u00f3n. Adem\u00e1s, hubo un espacio breve para recordar a aquellos protagonistas que ya fallecieron. El libro fue declarado de inter\u00e9s municipal por el Concejo Deliberante.<\/p>\n\n\n\n<figure class=\"wp-block-image size-large\"><img loading=\"lazy\" decoding=\"async\" width=\"1024\" height=\"683\" src=\"https:\/\/diarioprincipios.com\/wp-content\/uploads\/2024\/11\/PRESENTARON-UN-LIBRO-QUE-RECORRE-LA-HISTORIA-DEL-POLITECNICO-DE-BERAZATEGUI-1-1024x683.jpg\" alt=\"\" class=\"wp-image-23570\" srcset=\"https:\/\/diarioprincipios.com\/wp-content\/uploads\/2024\/11\/PRESENTARON-UN-LIBRO-QUE-RECORRE-LA-HISTORIA-DEL-POLITECNICO-DE-BERAZATEGUI-1-1024x683.jpg 1024w, https:\/\/diarioprincipios.com\/wp-content\/uploads\/2024\/11\/PRESENTARON-UN-LIBRO-QUE-RECORRE-LA-HISTORIA-DEL-POLITECNICO-DE-BERAZATEGUI-1-300x200.jpg 300w, https:\/\/diarioprincipios.com\/wp-content\/uploads\/2024\/11\/PRESENTARON-UN-LIBRO-QUE-RECORRE-LA-HISTORIA-DEL-POLITECNICO-DE-BERAZATEGUI-1-768x512.jpg 768w, https:\/\/diarioprincipios.com\/wp-content\/uploads\/2024\/11\/PRESENTARON-UN-LIBRO-QUE-RECORRE-LA-HISTORIA-DEL-POLITECNICO-DE-BERAZATEGUI-1-1536x1024.jpg 1536w, https:\/\/diarioprincipios.com\/wp-content\/uploads\/2024\/11\/PRESENTARON-UN-LIBRO-QUE-RECORRE-LA-HISTORIA-DEL-POLITECNICO-DE-BERAZATEGUI-1-600x400.jpg 600w, https:\/\/diarioprincipios.com\/wp-content\/uploads\/2024\/11\/PRESENTARON-UN-LIBRO-QUE-RECORRE-LA-HISTORIA-DEL-POLITECNICO-DE-BERAZATEGUI-1.jpg 1920w\" sizes=\"auto, (max-width: 1024px) 100vw, 1024px\" \/><\/figure>\n\n\n\n<p>En ese marco, Mussi expres\u00f3: \u201cDe antemano sab\u00eda que este libro iba a ser bueno, porque es un homenaje a la escuela p\u00fablica. Muchas gracias, Claudio, porque mediante el libro me hiciste conocer y aprender a admirar a mucha gente de Berazategui. Puedo decir que el Polit\u00e9cnico es un orgullo para nuestra ciudad\u201d.<\/p>\n\n\n\n<p>En tanto, Staniscia manifest\u00f3: \u201cPara hacer este libro estuve m\u00e1s de 20 a\u00f1os, ya que fui docente, regente y director del Polit\u00e9cnico. El libro recorre la historia de esta instituci\u00f3n emblem\u00e1tica de la ciudad\u201d.<\/p>\n\n\n\n<figure class=\"wp-block-image size-large\"><img loading=\"lazy\" decoding=\"async\" width=\"1024\" height=\"683\" src=\"https:\/\/diarioprincipios.com\/wp-content\/uploads\/2024\/11\/PRESENTARON-UN-LIBRO-QUE-RECORRE-LA-HISTORIA-DEL-POLITECNICO-DE-BERAZATEGUI-3-1024x683.jpg\" alt=\"\" class=\"wp-image-23571\" srcset=\"https:\/\/diarioprincipios.com\/wp-content\/uploads\/2024\/11\/PRESENTARON-UN-LIBRO-QUE-RECORRE-LA-HISTORIA-DEL-POLITECNICO-DE-BERAZATEGUI-3-1024x683.jpg 1024w, https:\/\/diarioprincipios.com\/wp-content\/uploads\/2024\/11\/PRESENTARON-UN-LIBRO-QUE-RECORRE-LA-HISTORIA-DEL-POLITECNICO-DE-BERAZATEGUI-3-300x200.jpg 300w, https:\/\/diarioprincipios.com\/wp-content\/uploads\/2024\/11\/PRESENTARON-UN-LIBRO-QUE-RECORRE-LA-HISTORIA-DEL-POLITECNICO-DE-BERAZATEGUI-3-768x512.jpg 768w, https:\/\/diarioprincipios.com\/wp-content\/uploads\/2024\/11\/PRESENTARON-UN-LIBRO-QUE-RECORRE-LA-HISTORIA-DEL-POLITECNICO-DE-BERAZATEGUI-3-1536x1024.jpg 1536w, https:\/\/diarioprincipios.com\/wp-content\/uploads\/2024\/11\/PRESENTARON-UN-LIBRO-QUE-RECORRE-LA-HISTORIA-DEL-POLITECNICO-DE-BERAZATEGUI-3-600x400.jpg 600w, https:\/\/diarioprincipios.com\/wp-content\/uploads\/2024\/11\/PRESENTARON-UN-LIBRO-QUE-RECORRE-LA-HISTORIA-DEL-POLITECNICO-DE-BERAZATEGUI-3.jpg 1920w\" sizes=\"auto, (max-width: 1024px) 100vw, 1024px\" \/><\/figure>\n\n\n\n<p>Tambi\u00e9n participaron los secretarios municipales de Cultura y Educaci\u00f3n, Federico L\u00f3pez; y de Desarrollo Social y Comunitario, Recreaci\u00f3n, Turismo y Deportes, Mar\u00eda Laura Lacava; la presidenta del Concejo Deliberante, Andrea Canestro; y autoridades educativas.<\/p>\n","protected":false},"excerpt":{"rendered":"<p>Se present\u00f3 el libro \u00abEl Polit\u00e9cnico de Berazategui: su historia\u00bb, escrito por el profesor Claudio Egisti Staniscia. La obra hace un repaso desde c\u00f3mo se inici\u00f3 la idea de generar la escuela, hasta sus primeros 50 a\u00f1os de vida educativa. El intendente Juan Jos\u00e9 Mussi acudi\u00f3 a la presentaci\u00f3n, de la que participaron decenas de&#8230;<\/p>\n","protected":false},"author":2,"featured_media":23572,"comment_status":"open","ping_status":"open","sticky":false,"template":"","format":"standard","meta":{"footnotes":""},"categories":[3],"tags":[],"class_list":["post-23569","post","type-post","status-publish","format-standard","has-post-thumbnail","hentry","category-berazategui"],"featured_image_src":"https:\/\/diarioprincipios.com\/wp-content\/uploads\/2024\/11\/PRESENTARON-UN-LIBRO-QUE-RECORRE-LA-HISTORIA-DEL-POLITECNICO-DE-BERAZATEGUI-2-1024x683.jpg","blog_images":{"medium":"https:\/\/diarioprincipios.com\/wp-content\/uploads\/2024\/11\/PRESENTARON-UN-LIBRO-QUE-RECORRE-LA-HISTORIA-DEL-POLITECNICO-DE-BERAZATEGUI-2-300x200.jpg","large":"https:\/\/diarioprincipios.com\/wp-content\/uploads\/2024\/11\/PRESENTARON-UN-LIBRO-QUE-RECORRE-LA-HISTORIA-DEL-POLITECNICO-DE-BERAZATEGUI-2-1024x683.jpg"},"ams_acf":[],"yoast_head":"<!-- This site is optimized with the Yoast SEO plugin v27.3 - https:\/\/yoast.com\/product\/yoast-seo-wordpress\/ -->\n<title>Presentaron un libro que recorre la historia del Polit\u00e9cnico - Principios<\/title>\n<meta name=\"robots\" content=\"index, follow, max-snippet:-1, max-image-preview:large, max-video-preview:-1\" \/>\n<link rel=\"canonical\" href=\"https:\/\/diarioprincipios.com\/index.php\/2024\/11\/21\/presentaron-un-libro-que-recorre-la-historia-del-politecnico\/\" \/>\n<meta property=\"og:locale\" content=\"es_ES\" \/>\n<meta property=\"og:type\" content=\"article\" \/>\n<meta property=\"og:title\" content=\"Presentaron un libro que recorre la historia del Polit\u00e9cnico - Principios\" \/>\n<meta property=\"og:description\" content=\"Se present\u00f3 el libro \u00abEl Polit\u00e9cnico de Berazategui: su historia\u00bb, escrito por el profesor Claudio Egisti Staniscia. La obra hace un repaso desde c\u00f3mo se inici\u00f3 la idea de generar la escuela, hasta sus primeros 50 a\u00f1os de vida educativa. El intendente Juan Jos\u00e9 Mussi acudi\u00f3 a la presentaci\u00f3n, de la que participaron decenas de...\" \/>\n<meta property=\"og:url\" content=\"https:\/\/diarioprincipios.com\/index.php\/2024\/11\/21\/presentaron-un-libro-que-recorre-la-historia-del-politecnico\/\" \/>\n<meta property=\"og:site_name\" content=\"Principios\" \/>\n<meta property=\"article:published_time\" content=\"2024-11-21T14:10:00+00:00\" \/>\n<meta property=\"article:modified_time\" content=\"2024-11-21T14:10:03+00:00\" \/>\n<meta property=\"og:image\" content=\"https:\/\/diarioprincipios.com\/wp-content\/uploads\/2024\/11\/PRESENTARON-UN-LIBRO-QUE-RECORRE-LA-HISTORIA-DEL-POLITECNICO-DE-BERAZATEGUI-2.jpg\" \/>\n\t<meta property=\"og:image:width\" content=\"1920\" \/>\n\t<meta property=\"og:image:height\" content=\"1280\" \/>\n\t<meta property=\"og:image:type\" content=\"image\/jpeg\" \/>\n<meta name=\"author\" content=\"Hern\u00e1n L\u00f3pez\" \/>\n<meta name=\"twitter:card\" content=\"summary_large_image\" \/>\n<meta name=\"twitter:label1\" content=\"Escrito por\" \/>\n\t<meta name=\"twitter:data1\" content=\"Hern\u00e1n L\u00f3pez\" \/>\n\t<meta name=\"twitter:label2\" content=\"Tiempo de lectura\" \/>\n\t<meta name=\"twitter:data2\" content=\"2 minutos\" \/>\n<script type=\"application\/ld+json\" class=\"yoast-schema-graph\">{\"@context\":\"https:\\\/\\\/schema.org\",\"@graph\":[{\"@type\":\"Article\",\"@id\":\"https:\\\/\\\/diarioprincipios.com\\\/index.php\\\/2024\\\/11\\\/21\\\/presentaron-un-libro-que-recorre-la-historia-del-politecnico\\\/#article\",\"isPartOf\":{\"@id\":\"https:\\\/\\\/diarioprincipios.com\\\/index.php\\\/2024\\\/11\\\/21\\\/presentaron-un-libro-que-recorre-la-historia-del-politecnico\\\/\"},\"author\":{\"name\":\"Hern\u00e1n L\u00f3pez\",\"@id\":\"https:\\\/\\\/diarioprincipios.com\\\/#\\\/schema\\\/person\\\/436d5a1fd41a5e250e23ff5a6a7cb080\"},\"headline\":\"Presentaron un libro que recorre la historia del Polit\u00e9cnico\",\"datePublished\":\"2024-11-21T14:10:00+00:00\",\"dateModified\":\"2024-11-21T14:10:03+00:00\",\"mainEntityOfPage\":{\"@id\":\"https:\\\/\\\/diarioprincipios.com\\\/index.php\\\/2024\\\/11\\\/21\\\/presentaron-un-libro-que-recorre-la-historia-del-politecnico\\\/\"},\"wordCount\":261,\"commentCount\":0,\"publisher\":{\"@id\":\"https:\\\/\\\/diarioprincipios.com\\\/#organization\"},\"image\":{\"@id\":\"https:\\\/\\\/diarioprincipios.com\\\/index.php\\\/2024\\\/11\\\/21\\\/presentaron-un-libro-que-recorre-la-historia-del-politecnico\\\/#primaryimage\"},\"thumbnailUrl\":\"https:\\\/\\\/diarioprincipios.com\\\/wp-content\\\/uploads\\\/2024\\\/11\\\/PRESENTARON-UN-LIBRO-QUE-RECORRE-LA-HISTORIA-DEL-POLITECNICO-DE-BERAZATEGUI-2.jpg\",\"articleSection\":[\"Berazategui\"],\"inLanguage\":\"es\",\"potentialAction\":[{\"@type\":\"CommentAction\",\"name\":\"Comment\",\"target\":[\"https:\\\/\\\/diarioprincipios.com\\\/index.php\\\/2024\\\/11\\\/21\\\/presentaron-un-libro-que-recorre-la-historia-del-politecnico\\\/#respond\"]}]},{\"@type\":\"WebPage\",\"@id\":\"https:\\\/\\\/diarioprincipios.com\\\/index.php\\\/2024\\\/11\\\/21\\\/presentaron-un-libro-que-recorre-la-historia-del-politecnico\\\/\",\"url\":\"https:\\\/\\\/diarioprincipios.com\\\/index.php\\\/2024\\\/11\\\/21\\\/presentaron-un-libro-que-recorre-la-historia-del-politecnico\\\/\",\"name\":\"Presentaron un libro que recorre la historia del Polit\u00e9cnico - Principios\",\"isPartOf\":{\"@id\":\"https:\\\/\\\/diarioprincipios.com\\\/#website\"},\"primaryImageOfPage\":{\"@id\":\"https:\\\/\\\/diarioprincipios.com\\\/index.php\\\/2024\\\/11\\\/21\\\/presentaron-un-libro-que-recorre-la-historia-del-politecnico\\\/#primaryimage\"},\"image\":{\"@id\":\"https:\\\/\\\/diarioprincipios.com\\\/index.php\\\/2024\\\/11\\\/21\\\/presentaron-un-libro-que-recorre-la-historia-del-politecnico\\\/#primaryimage\"},\"thumbnailUrl\":\"https:\\\/\\\/diarioprincipios.com\\\/wp-content\\\/uploads\\\/2024\\\/11\\\/PRESENTARON-UN-LIBRO-QUE-RECORRE-LA-HISTORIA-DEL-POLITECNICO-DE-BERAZATEGUI-2.jpg\",\"datePublished\":\"2024-11-21T14:10:00+00:00\",\"dateModified\":\"2024-11-21T14:10:03+00:00\",\"breadcrumb\":{\"@id\":\"https:\\\/\\\/diarioprincipios.com\\\/index.php\\\/2024\\\/11\\\/21\\\/presentaron-un-libro-que-recorre-la-historia-del-politecnico\\\/#breadcrumb\"},\"inLanguage\":\"es\",\"potentialAction\":[{\"@type\":\"ReadAction\",\"target\":[\"https:\\\/\\\/diarioprincipios.com\\\/index.php\\\/2024\\\/11\\\/21\\\/presentaron-un-libro-que-recorre-la-historia-del-politecnico\\\/\"]}]},{\"@type\":\"ImageObject\",\"inLanguage\":\"es\",\"@id\":\"https:\\\/\\\/diarioprincipios.com\\\/index.php\\\/2024\\\/11\\\/21\\\/presentaron-un-libro-que-recorre-la-historia-del-politecnico\\\/#primaryimage\",\"url\":\"https:\\\/\\\/diarioprincipios.com\\\/wp-content\\\/uploads\\\/2024\\\/11\\\/PRESENTARON-UN-LIBRO-QUE-RECORRE-LA-HISTORIA-DEL-POLITECNICO-DE-BERAZATEGUI-2.jpg\",\"contentUrl\":\"https:\\\/\\\/diarioprincipios.com\\\/wp-content\\\/uploads\\\/2024\\\/11\\\/PRESENTARON-UN-LIBRO-QUE-RECORRE-LA-HISTORIA-DEL-POLITECNICO-DE-BERAZATEGUI-2.jpg\",\"width\":1920,\"height\":1280},{\"@type\":\"BreadcrumbList\",\"@id\":\"https:\\\/\\\/diarioprincipios.com\\\/index.php\\\/2024\\\/11\\\/21\\\/presentaron-un-libro-que-recorre-la-historia-del-politecnico\\\/#breadcrumb\",\"itemListElement\":[{\"@type\":\"ListItem\",\"position\":1,\"name\":\"Portada\",\"item\":\"https:\\\/\\\/diarioprincipios.com\\\/\"},{\"@type\":\"ListItem\",\"position\":2,\"name\":\"Presentaron un libro que recorre la historia del Polit\u00e9cnico\"}]},{\"@type\":\"WebSite\",\"@id\":\"https:\\\/\\\/diarioprincipios.com\\\/#website\",\"url\":\"https:\\\/\\\/diarioprincipios.com\\\/\",\"name\":\"Principios\",\"description\":\"Principios Diario\",\"publisher\":{\"@id\":\"https:\\\/\\\/diarioprincipios.com\\\/#organization\"},\"potentialAction\":[{\"@type\":\"SearchAction\",\"target\":{\"@type\":\"EntryPoint\",\"urlTemplate\":\"https:\\\/\\\/diarioprincipios.com\\\/?s={search_term_string}\"},\"query-input\":{\"@type\":\"PropertyValueSpecification\",\"valueRequired\":true,\"valueName\":\"search_term_string\"}}],\"inLanguage\":\"es\"},{\"@type\":\"Organization\",\"@id\":\"https:\\\/\\\/diarioprincipios.com\\\/#organization\",\"name\":\"Principios\",\"url\":\"https:\\\/\\\/diarioprincipios.com\\\/\",\"logo\":{\"@type\":\"ImageObject\",\"inLanguage\":\"es\",\"@id\":\"https:\\\/\\\/diarioprincipios.com\\\/#\\\/schema\\\/logo\\\/image\\\/\",\"url\":\"https:\\\/\\\/diarioprincipios.com\\\/wp-content\\\/uploads\\\/2024\\\/04\\\/cropped-www.diarioprincipios.com_-1.png\",\"contentUrl\":\"https:\\\/\\\/diarioprincipios.com\\\/wp-content\\\/uploads\\\/2024\\\/04\\\/cropped-www.diarioprincipios.com_-1.png\",\"width\":5325,\"height\":1454,\"caption\":\"Principios\"},\"image\":{\"@id\":\"https:\\\/\\\/diarioprincipios.com\\\/#\\\/schema\\\/logo\\\/image\\\/\"}},{\"@type\":\"Person\",\"@id\":\"https:\\\/\\\/diarioprincipios.com\\\/#\\\/schema\\\/person\\\/436d5a1fd41a5e250e23ff5a6a7cb080\",\"name\":\"Hern\u00e1n L\u00f3pez\",\"image\":{\"@type\":\"ImageObject\",\"inLanguage\":\"es\",\"@id\":\"https:\\\/\\\/diarioprincipios.com\\\/wp-content\\\/litespeed\\\/avatar\\\/11ddfe5610ff3bd100522525b2571f48.jpg?ver=1777048341\",\"url\":\"https:\\\/\\\/diarioprincipios.com\\\/wp-content\\\/litespeed\\\/avatar\\\/11ddfe5610ff3bd100522525b2571f48.jpg?ver=1777048341\",\"contentUrl\":\"https:\\\/\\\/diarioprincipios.com\\\/wp-content\\\/litespeed\\\/avatar\\\/11ddfe5610ff3bd100522525b2571f48.jpg?ver=1777048341\",\"caption\":\"Hern\u00e1n L\u00f3pez\"},\"url\":\"https:\\\/\\\/diarioprincipios.com\\\/index.php\\\/author\\\/hernan\\\/\"}]}<\/script>\n<!-- \/ Yoast SEO plugin. -->","yoast_head_json":{"title":"Presentaron un libro que recorre la historia del Polit\u00e9cnico - Principios","robots":{"index":"index","follow":"follow","max-snippet":"max-snippet:-1","max-image-preview":"max-image-preview:large","max-video-preview":"max-video-preview:-1"},"canonical":"https:\/\/diarioprincipios.com\/index.php\/2024\/11\/21\/presentaron-un-libro-que-recorre-la-historia-del-politecnico\/","og_locale":"es_ES","og_type":"article","og_title":"Presentaron un libro que recorre la historia del Polit\u00e9cnico - Principios","og_description":"Se present\u00f3 el libro \u00abEl Polit\u00e9cnico de Berazategui: su historia\u00bb, escrito por el profesor Claudio Egisti Staniscia. La obra hace un repaso desde c\u00f3mo se inici\u00f3 la idea de generar la escuela, hasta sus primeros 50 a\u00f1os de vida educativa. El intendente Juan Jos\u00e9 Mussi acudi\u00f3 a la presentaci\u00f3n, de la que participaron decenas de...","og_url":"https:\/\/diarioprincipios.com\/index.php\/2024\/11\/21\/presentaron-un-libro-que-recorre-la-historia-del-politecnico\/","og_site_name":"Principios","article_published_time":"2024-11-21T14:10:00+00:00","article_modified_time":"2024-11-21T14:10:03+00:00","og_image":[{"width":1920,"height":1280,"url":"https:\/\/diarioprincipios.com\/wp-content\/uploads\/2024\/11\/PRESENTARON-UN-LIBRO-QUE-RECORRE-LA-HISTORIA-DEL-POLITECNICO-DE-BERAZATEGUI-2.jpg","type":"image\/jpeg"}],"author":"Hern\u00e1n L\u00f3pez","twitter_card":"summary_large_image","twitter_misc":{"Escrito por":"Hern\u00e1n L\u00f3pez","Tiempo de lectura":"2 minutos"},"schema":{"@context":"https:\/\/schema.org","@graph":[{"@type":"Article","@id":"https:\/\/diarioprincipios.com\/index.php\/2024\/11\/21\/presentaron-un-libro-que-recorre-la-historia-del-politecnico\/#article","isPartOf":{"@id":"https:\/\/diarioprincipios.com\/index.php\/2024\/11\/21\/presentaron-un-libro-que-recorre-la-historia-del-politecnico\/"},"author":{"name":"Hern\u00e1n L\u00f3pez","@id":"https:\/\/diarioprincipios.com\/#\/schema\/person\/436d5a1fd41a5e250e23ff5a6a7cb080"},"headline":"Presentaron un libro que recorre la historia del Polit\u00e9cnico","datePublished":"2024-11-21T14:10:00+00:00","dateModified":"2024-11-21T14:10:03+00:00","mainEntityOfPage":{"@id":"https:\/\/diarioprincipios.com\/index.php\/2024\/11\/21\/presentaron-un-libro-que-recorre-la-historia-del-politecnico\/"},"wordCount":261,"commentCount":0,"publisher":{"@id":"https:\/\/diarioprincipios.com\/#organization"},"image":{"@id":"https:\/\/diarioprincipios.com\/index.php\/2024\/11\/21\/presentaron-un-libro-que-recorre-la-historia-del-politecnico\/#primaryimage"},"thumbnailUrl":"https:\/\/diarioprincipios.com\/wp-content\/uploads\/2024\/11\/PRESENTARON-UN-LIBRO-QUE-RECORRE-LA-HISTORIA-DEL-POLITECNICO-DE-BERAZATEGUI-2.jpg","articleSection":["Berazategui"],"inLanguage":"es","potentialAction":[{"@type":"CommentAction","name":"Comment","target":["https:\/\/diarioprincipios.com\/index.php\/2024\/11\/21\/presentaron-un-libro-que-recorre-la-historia-del-politecnico\/#respond"]}]},{"@type":"WebPage","@id":"https:\/\/diarioprincipios.com\/index.php\/2024\/11\/21\/presentaron-un-libro-que-recorre-la-historia-del-politecnico\/","url":"https:\/\/diarioprincipios.com\/index.php\/2024\/11\/21\/presentaron-un-libro-que-recorre-la-historia-del-politecnico\/","name":"Presentaron un libro que recorre la historia del Polit\u00e9cnico - Principios","isPartOf":{"@id":"https:\/\/diarioprincipios.com\/#website"},"primaryImageOfPage":{"@id":"https:\/\/diarioprincipios.com\/index.php\/2024\/11\/21\/presentaron-un-libro-que-recorre-la-historia-del-politecnico\/#primaryimage"},"image":{"@id":"https:\/\/diarioprincipios.com\/index.php\/2024\/11\/21\/presentaron-un-libro-que-recorre-la-historia-del-politecnico\/#primaryimage"},"thumbnailUrl":"https:\/\/diarioprincipios.com\/wp-content\/uploads\/2024\/11\/PRESENTARON-UN-LIBRO-QUE-RECORRE-LA-HISTORIA-DEL-POLITECNICO-DE-BERAZATEGUI-2.jpg","datePublished":"2024-11-21T14:10:00+00:00","dateModified":"2024-11-21T14:10:03+00:00","breadcrumb":{"@id":"https:\/\/diarioprincipios.com\/index.php\/2024\/11\/21\/presentaron-un-libro-que-recorre-la-historia-del-politecnico\/#breadcrumb"},"inLanguage":"es","potentialAction":[{"@type":"ReadAction","target":["https:\/\/diarioprincipios.com\/index.php\/2024\/11\/21\/presentaron-un-libro-que-recorre-la-historia-del-politecnico\/"]}]},{"@type":"ImageObject","inLanguage":"es","@id":"https:\/\/diarioprincipios.com\/index.php\/2024\/11\/21\/presentaron-un-libro-que-recorre-la-historia-del-politecnico\/#primaryimage","url":"https:\/\/diarioprincipios.com\/wp-content\/uploads\/2024\/11\/PRESENTARON-UN-LIBRO-QUE-RECORRE-LA-HISTORIA-DEL-POLITECNICO-DE-BERAZATEGUI-2.jpg","contentUrl":"https:\/\/diarioprincipios.com\/wp-content\/uploads\/2024\/11\/PRESENTARON-UN-LIBRO-QUE-RECORRE-LA-HISTORIA-DEL-POLITECNICO-DE-BERAZATEGUI-2.jpg","width":1920,"height":1280},{"@type":"BreadcrumbList","@id":"https:\/\/diarioprincipios.com\/index.php\/2024\/11\/21\/presentaron-un-libro-que-recorre-la-historia-del-politecnico\/#breadcrumb","itemListElement":[{"@type":"ListItem","position":1,"name":"Portada","item":"https:\/\/diarioprincipios.com\/"},{"@type":"ListItem","position":2,"name":"Presentaron un libro que recorre la historia del Polit\u00e9cnico"}]},{"@type":"WebSite","@id":"https:\/\/diarioprincipios.com\/#website","url":"https:\/\/diarioprincipios.com\/","name":"Principios","description":"Principios Diario","publisher":{"@id":"https:\/\/diarioprincipios.com\/#organization"},"potentialAction":[{"@type":"SearchAction","target":{"@type":"EntryPoint","urlTemplate":"https:\/\/diarioprincipios.com\/?s={search_term_string}"},"query-input":{"@type":"PropertyValueSpecification","valueRequired":true,"valueName":"search_term_string"}}],"inLanguage":"es"},{"@type":"Organization","@id":"https:\/\/diarioprincipios.com\/#organization","name":"Principios","url":"https:\/\/diarioprincipios.com\/","logo":{"@type":"ImageObject","inLanguage":"es","@id":"https:\/\/diarioprincipios.com\/#\/schema\/logo\/image\/","url":"https:\/\/diarioprincipios.com\/wp-content\/uploads\/2024\/04\/cropped-www.diarioprincipios.com_-1.png","contentUrl":"https:\/\/diarioprincipios.com\/wp-content\/uploads\/2024\/04\/cropped-www.diarioprincipios.com_-1.png","width":5325,"height":1454,"caption":"Principios"},"image":{"@id":"https:\/\/diarioprincipios.com\/#\/schema\/logo\/image\/"}},{"@type":"Person","@id":"https:\/\/diarioprincipios.com\/#\/schema\/person\/436d5a1fd41a5e250e23ff5a6a7cb080","name":"Hern\u00e1n L\u00f3pez","image":{"@type":"ImageObject","inLanguage":"es","@id":"https:\/\/diarioprincipios.com\/wp-content\/litespeed\/avatar\/11ddfe5610ff3bd100522525b2571f48.jpg?ver=1777048341","url":"https:\/\/diarioprincipios.com\/wp-content\/litespeed\/avatar\/11ddfe5610ff3bd100522525b2571f48.jpg?ver=1777048341","contentUrl":"https:\/\/diarioprincipios.com\/wp-content\/litespeed\/avatar\/11ddfe5610ff3bd100522525b2571f48.jpg?ver=1777048341","caption":"Hern\u00e1n L\u00f3pez"},"url":"https:\/\/diarioprincipios.com\/index.php\/author\/hernan\/"}]}},"jetpack_featured_media_url":"https:\/\/diarioprincipios.com\/wp-content\/uploads\/2024\/11\/PRESENTARON-UN-LIBRO-QUE-RECORRE-LA-HISTORIA-DEL-POLITECNICO-DE-BERAZATEGUI-2.jpg","_links":{"self":[{"href":"https:\/\/diarioprincipios.com\/index.php\/wp-json\/wp\/v2\/posts\/23569","targetHints":{"allow":["GET"]}}],"collection":[{"href":"https:\/\/diarioprincipios.com\/index.php\/wp-json\/wp\/v2\/posts"}],"about":[{"href":"https:\/\/diarioprincipios.com\/index.php\/wp-json\/wp\/v2\/types\/post"}],"author":[{"embeddable":true,"href":"https:\/\/diarioprincipios.com\/index.php\/wp-json\/wp\/v2\/users\/2"}],"replies":[{"embeddable":true,"href":"https:\/\/diarioprincipios.com\/index.php\/wp-json\/wp\/v2\/comments?post=23569"}],"version-history":[{"count":1,"href":"https:\/\/diarioprincipios.com\/index.php\/wp-json\/wp\/v2\/posts\/23569\/revisions"}],"predecessor-version":[{"id":23573,"href":"https:\/\/diarioprincipios.com\/index.php\/wp-json\/wp\/v2\/posts\/23569\/revisions\/23573"}],"wp:featuredmedia":[{"embeddable":true,"href":"https:\/\/diarioprincipios.com\/index.php\/wp-json\/wp\/v2\/media\/23572"}],"wp:attachment":[{"href":"https:\/\/diarioprincipios.com\/index.php\/wp-json\/wp\/v2\/media?parent=23569"}],"wp:term":[{"taxonomy":"category","embeddable":true,"href":"https:\/\/diarioprincipios.com\/index.php\/wp-json\/wp\/v2\/categories?post=23569"},{"taxonomy":"post_tag","embeddable":true,"href":"https:\/\/diarioprincipios.com\/index.php\/wp-json\/wp\/v2\/tags?post=23569"}],"curies":[{"name":"wp","href":"https:\/\/api.w.org\/{rel}","templated":true}]}}