{"id":23566,"date":"2024-11-21T11:02:31","date_gmt":"2024-11-21T14:02:31","guid":{"rendered":"http:\/\/diarioprincipios.com\/?p=23566"},"modified":"2024-11-21T11:02:33","modified_gmt":"2024-11-21T14:02:33","slug":"se-viene-el-festejo-por-los-152-anos-de-ezpeleta","status":"publish","type":"post","link":"https:\/\/diarioprincipios.com\/index.php\/2024\/11\/21\/se-viene-el-festejo-por-los-152-anos-de-ezpeleta\/","title":{"rendered":"Se viene el festejo por los 152 a\u00f1os de Ezpeleta"},"content":{"rendered":"\n<p>El Municipio de Quilmes invita a los vecinos a los festejos por el 152\u00ba aniversario de Ezpeleta, que se desarrollar\u00e1n el domingo 24, a partir de las 11, y que continuar\u00e1n hasta la noche con distintas actividades libres y gratuitas para toda la familia, en el marco del festival Somos Quilmes.<\/p>\n\n\n\n<p>La actividad comenzar\u00e1 a las 11, con el desfile tradicionalista sobre la avenida Centenario y Bogot\u00e1. M\u00e1s tarde, a las 16, se realizar\u00e1 el acto formal en la plaza San Mart\u00edn (estaci\u00f3n), en Hip\u00f3lito Yrigoyen y Carbonari, con el izamiento de bandera y la presencia de representantes de instituciones ezpeletenses y de la Municipalidad de Quilmes.<\/p>\n\n\n\n<p>La celebraci\u00f3n seguir\u00e1 a pura m\u00fasica en vivo, desde las 18, con una nueva edici\u00f3n del festival Somos Quilmes, que tendr\u00e1 como cierre estelar la presentaci\u00f3n de la banda Los Charros. Previamente, pasar\u00e1n por el escenario el ballet Coraz\u00f3n Leg\u00fcero; la banda de la Escuela N\u00ba 18; Gramo de Cumbia; Amambay; Judi Colman; Los Espejos de Petrushka; Los Rayos Covers Band; AlSolo &amp; The Bastas; Fuera de Serie; Los Monzones, y Ale Vega y Juan Manuel.<\/p>\n\n\n\n<p>El evento est\u00e1 organizado por la Comisi\u00f3n de Festejos de Ezpeleta, con el acompa\u00f1amiento del Municipio de Quilmes, y en el lugar se implementar\u00e1n los correspondientes protocolos de seguridad, fiscalizaci\u00f3n y limpieza para un correcto funcionamiento de las actividades previstas.<\/p>\n","protected":false},"excerpt":{"rendered":"<p>El Municipio de Quilmes invita a los vecinos a los festejos por el 152\u00ba aniversario de Ezpeleta, que se desarrollar\u00e1n el domingo 24, a partir de las 11, y que continuar\u00e1n hasta la noche con distintas actividades libres y gratuitas para toda la familia, en el marco del festival Somos Quilmes. La actividad comenzar\u00e1 a&#8230;<\/p>\n","protected":false},"author":2,"featured_media":23567,"comment_status":"open","ping_status":"open","sticky":false,"template":"","format":"standard","meta":{"footnotes":""},"categories":[17],"tags":[],"class_list":["post-23566","post","type-post","status-publish","format-standard","has-post-thumbnail","hentry","category-zona-sur"],"featured_image_src":"https:\/\/diarioprincipios.com\/wp-content\/uploads\/2024\/11\/EXITOSO-FESTEJO-POR-EL-151o-ANIVERSARIO-DE-EZPELETA-5-1024x683.jpg","blog_images":{"medium":"https:\/\/diarioprincipios.com\/wp-content\/uploads\/2024\/11\/EXITOSO-FESTEJO-POR-EL-151o-ANIVERSARIO-DE-EZPELETA-5-300x200.jpg","large":"https:\/\/diarioprincipios.com\/wp-content\/uploads\/2024\/11\/EXITOSO-FESTEJO-POR-EL-151o-ANIVERSARIO-DE-EZPELETA-5-1024x683.jpg"},"ams_acf":[],"yoast_head":"<!-- This site is optimized with the Yoast SEO plugin v27.3 - https:\/\/yoast.com\/product\/yoast-seo-wordpress\/ -->\n<title>Se viene el festejo por los 152 a\u00f1os de Ezpeleta - Principios<\/title>\n<meta name=\"robots\" content=\"index, follow, max-snippet:-1, max-image-preview:large, max-video-preview:-1\" \/>\n<link rel=\"canonical\" href=\"https:\/\/diarioprincipios.com\/index.php\/2024\/11\/21\/se-viene-el-festejo-por-los-152-anos-de-ezpeleta\/\" \/>\n<meta property=\"og:locale\" content=\"es_ES\" \/>\n<meta property=\"og:type\" content=\"article\" \/>\n<meta property=\"og:title\" content=\"Se viene el festejo por los 152 a\u00f1os de Ezpeleta - Principios\" \/>\n<meta property=\"og:description\" content=\"El Municipio de Quilmes invita a los vecinos a los festejos por el 152\u00ba aniversario de Ezpeleta, que se desarrollar\u00e1n el domingo 24, a partir de las 11, y que continuar\u00e1n hasta la noche con distintas actividades libres y gratuitas para toda la familia, en el marco del festival Somos Quilmes. La actividad comenzar\u00e1 a...\" \/>\n<meta property=\"og:url\" content=\"https:\/\/diarioprincipios.com\/index.php\/2024\/11\/21\/se-viene-el-festejo-por-los-152-anos-de-ezpeleta\/\" \/>\n<meta property=\"og:site_name\" content=\"Principios\" \/>\n<meta property=\"article:published_time\" content=\"2024-11-21T14:02:31+00:00\" \/>\n<meta property=\"article:modified_time\" content=\"2024-11-21T14:02:33+00:00\" \/>\n<meta property=\"og:image\" content=\"https:\/\/diarioprincipios.com\/wp-content\/uploads\/2024\/11\/EXITOSO-FESTEJO-POR-EL-151o-ANIVERSARIO-DE-EZPELETA-5.jpg\" \/>\n\t<meta property=\"og:image:width\" content=\"1280\" \/>\n\t<meta property=\"og:image:height\" content=\"854\" \/>\n\t<meta property=\"og:image:type\" content=\"image\/jpeg\" \/>\n<meta name=\"author\" content=\"Hern\u00e1n L\u00f3pez\" \/>\n<meta name=\"twitter:card\" content=\"summary_large_image\" \/>\n<meta name=\"twitter:label1\" content=\"Escrito por\" \/>\n\t<meta name=\"twitter:data1\" content=\"Hern\u00e1n L\u00f3pez\" \/>\n\t<meta name=\"twitter:label2\" content=\"Tiempo de lectura\" \/>\n\t<meta name=\"twitter:data2\" content=\"2 minutos\" \/>\n<script type=\"application\/ld+json\" class=\"yoast-schema-graph\">{\"@context\":\"https:\\\/\\\/schema.org\",\"@graph\":[{\"@type\":\"Article\",\"@id\":\"https:\\\/\\\/diarioprincipios.com\\\/index.php\\\/2024\\\/11\\\/21\\\/se-viene-el-festejo-por-los-152-anos-de-ezpeleta\\\/#article\",\"isPartOf\":{\"@id\":\"https:\\\/\\\/diarioprincipios.com\\\/index.php\\\/2024\\\/11\\\/21\\\/se-viene-el-festejo-por-los-152-anos-de-ezpeleta\\\/\"},\"author\":{\"name\":\"Hern\u00e1n L\u00f3pez\",\"@id\":\"https:\\\/\\\/diarioprincipios.com\\\/#\\\/schema\\\/person\\\/436d5a1fd41a5e250e23ff5a6a7cb080\"},\"headline\":\"Se viene el festejo por los 152 a\u00f1os de Ezpeleta\",\"datePublished\":\"2024-11-21T14:02:31+00:00\",\"dateModified\":\"2024-11-21T14:02:33+00:00\",\"mainEntityOfPage\":{\"@id\":\"https:\\\/\\\/diarioprincipios.com\\\/index.php\\\/2024\\\/11\\\/21\\\/se-viene-el-festejo-por-los-152-anos-de-ezpeleta\\\/\"},\"wordCount\":243,\"commentCount\":0,\"publisher\":{\"@id\":\"https:\\\/\\\/diarioprincipios.com\\\/#organization\"},\"image\":{\"@id\":\"https:\\\/\\\/diarioprincipios.com\\\/index.php\\\/2024\\\/11\\\/21\\\/se-viene-el-festejo-por-los-152-anos-de-ezpeleta\\\/#primaryimage\"},\"thumbnailUrl\":\"https:\\\/\\\/diarioprincipios.com\\\/wp-content\\\/uploads\\\/2024\\\/11\\\/EXITOSO-FESTEJO-POR-EL-151o-ANIVERSARIO-DE-EZPELETA-5.jpg\",\"articleSection\":[\"Zonar Sur\"],\"inLanguage\":\"es\",\"potentialAction\":[{\"@type\":\"CommentAction\",\"name\":\"Comment\",\"target\":[\"https:\\\/\\\/diarioprincipios.com\\\/index.php\\\/2024\\\/11\\\/21\\\/se-viene-el-festejo-por-los-152-anos-de-ezpeleta\\\/#respond\"]}]},{\"@type\":\"WebPage\",\"@id\":\"https:\\\/\\\/diarioprincipios.com\\\/index.php\\\/2024\\\/11\\\/21\\\/se-viene-el-festejo-por-los-152-anos-de-ezpeleta\\\/\",\"url\":\"https:\\\/\\\/diarioprincipios.com\\\/index.php\\\/2024\\\/11\\\/21\\\/se-viene-el-festejo-por-los-152-anos-de-ezpeleta\\\/\",\"name\":\"Se viene el festejo por los 152 a\u00f1os de Ezpeleta - Principios\",\"isPartOf\":{\"@id\":\"https:\\\/\\\/diarioprincipios.com\\\/#website\"},\"primaryImageOfPage\":{\"@id\":\"https:\\\/\\\/diarioprincipios.com\\\/index.php\\\/2024\\\/11\\\/21\\\/se-viene-el-festejo-por-los-152-anos-de-ezpeleta\\\/#primaryimage\"},\"image\":{\"@id\":\"https:\\\/\\\/diarioprincipios.com\\\/index.php\\\/2024\\\/11\\\/21\\\/se-viene-el-festejo-por-los-152-anos-de-ezpeleta\\\/#primaryimage\"},\"thumbnailUrl\":\"https:\\\/\\\/diarioprincipios.com\\\/wp-content\\\/uploads\\\/2024\\\/11\\\/EXITOSO-FESTEJO-POR-EL-151o-ANIVERSARIO-DE-EZPELETA-5.jpg\",\"datePublished\":\"2024-11-21T14:02:31+00:00\",\"dateModified\":\"2024-11-21T14:02:33+00:00\",\"breadcrumb\":{\"@id\":\"https:\\\/\\\/diarioprincipios.com\\\/index.php\\\/2024\\\/11\\\/21\\\/se-viene-el-festejo-por-los-152-anos-de-ezpeleta\\\/#breadcrumb\"},\"inLanguage\":\"es\",\"potentialAction\":[{\"@type\":\"ReadAction\",\"target\":[\"https:\\\/\\\/diarioprincipios.com\\\/index.php\\\/2024\\\/11\\\/21\\\/se-viene-el-festejo-por-los-152-anos-de-ezpeleta\\\/\"]}]},{\"@type\":\"ImageObject\",\"inLanguage\":\"es\",\"@id\":\"https:\\\/\\\/diarioprincipios.com\\\/index.php\\\/2024\\\/11\\\/21\\\/se-viene-el-festejo-por-los-152-anos-de-ezpeleta\\\/#primaryimage\",\"url\":\"https:\\\/\\\/diarioprincipios.com\\\/wp-content\\\/uploads\\\/2024\\\/11\\\/EXITOSO-FESTEJO-POR-EL-151o-ANIVERSARIO-DE-EZPELETA-5.jpg\",\"contentUrl\":\"https:\\\/\\\/diarioprincipios.com\\\/wp-content\\\/uploads\\\/2024\\\/11\\\/EXITOSO-FESTEJO-POR-EL-151o-ANIVERSARIO-DE-EZPELETA-5.jpg\",\"width\":1280,\"height\":854},{\"@type\":\"BreadcrumbList\",\"@id\":\"https:\\\/\\\/diarioprincipios.com\\\/index.php\\\/2024\\\/11\\\/21\\\/se-viene-el-festejo-por-los-152-anos-de-ezpeleta\\\/#breadcrumb\",\"itemListElement\":[{\"@type\":\"ListItem\",\"position\":1,\"name\":\"Portada\",\"item\":\"https:\\\/\\\/diarioprincipios.com\\\/\"},{\"@type\":\"ListItem\",\"position\":2,\"name\":\"Se viene el festejo por los 152 a\u00f1os de Ezpeleta\"}]},{\"@type\":\"WebSite\",\"@id\":\"https:\\\/\\\/diarioprincipios.com\\\/#website\",\"url\":\"https:\\\/\\\/diarioprincipios.com\\\/\",\"name\":\"Principios\",\"description\":\"Principios Diario\",\"publisher\":{\"@id\":\"https:\\\/\\\/diarioprincipios.com\\\/#organization\"},\"potentialAction\":[{\"@type\":\"SearchAction\",\"target\":{\"@type\":\"EntryPoint\",\"urlTemplate\":\"https:\\\/\\\/diarioprincipios.com\\\/?s={search_term_string}\"},\"query-input\":{\"@type\":\"PropertyValueSpecification\",\"valueRequired\":true,\"valueName\":\"search_term_string\"}}],\"inLanguage\":\"es\"},{\"@type\":\"Organization\",\"@id\":\"https:\\\/\\\/diarioprincipios.com\\\/#organization\",\"name\":\"Principios\",\"url\":\"https:\\\/\\\/diarioprincipios.com\\\/\",\"logo\":{\"@type\":\"ImageObject\",\"inLanguage\":\"es\",\"@id\":\"https:\\\/\\\/diarioprincipios.com\\\/#\\\/schema\\\/logo\\\/image\\\/\",\"url\":\"https:\\\/\\\/diarioprincipios.com\\\/wp-content\\\/uploads\\\/2024\\\/04\\\/cropped-www.diarioprincipios.com_-1.png\",\"contentUrl\":\"https:\\\/\\\/diarioprincipios.com\\\/wp-content\\\/uploads\\\/2024\\\/04\\\/cropped-www.diarioprincipios.com_-1.png\",\"width\":5325,\"height\":1454,\"caption\":\"Principios\"},\"image\":{\"@id\":\"https:\\\/\\\/diarioprincipios.com\\\/#\\\/schema\\\/logo\\\/image\\\/\"}},{\"@type\":\"Person\",\"@id\":\"https:\\\/\\\/diarioprincipios.com\\\/#\\\/schema\\\/person\\\/436d5a1fd41a5e250e23ff5a6a7cb080\",\"name\":\"Hern\u00e1n L\u00f3pez\",\"image\":{\"@type\":\"ImageObject\",\"inLanguage\":\"es\",\"@id\":\"https:\\\/\\\/diarioprincipios.com\\\/wp-content\\\/litespeed\\\/avatar\\\/11ddfe5610ff3bd100522525b2571f48.jpg?ver=1777048341\",\"url\":\"https:\\\/\\\/diarioprincipios.com\\\/wp-content\\\/litespeed\\\/avatar\\\/11ddfe5610ff3bd100522525b2571f48.jpg?ver=1777048341\",\"contentUrl\":\"https:\\\/\\\/diarioprincipios.com\\\/wp-content\\\/litespeed\\\/avatar\\\/11ddfe5610ff3bd100522525b2571f48.jpg?ver=1777048341\",\"caption\":\"Hern\u00e1n L\u00f3pez\"},\"url\":\"https:\\\/\\\/diarioprincipios.com\\\/index.php\\\/author\\\/hernan\\\/\"}]}<\/script>\n<!-- \/ Yoast SEO plugin. -->","yoast_head_json":{"title":"Se viene el festejo por los 152 a\u00f1os de Ezpeleta - Principios","robots":{"index":"index","follow":"follow","max-snippet":"max-snippet:-1","max-image-preview":"max-image-preview:large","max-video-preview":"max-video-preview:-1"},"canonical":"https:\/\/diarioprincipios.com\/index.php\/2024\/11\/21\/se-viene-el-festejo-por-los-152-anos-de-ezpeleta\/","og_locale":"es_ES","og_type":"article","og_title":"Se viene el festejo por los 152 a\u00f1os de Ezpeleta - Principios","og_description":"El Municipio de Quilmes invita a los vecinos a los festejos por el 152\u00ba aniversario de Ezpeleta, que se desarrollar\u00e1n el domingo 24, a partir de las 11, y que continuar\u00e1n hasta la noche con distintas actividades libres y gratuitas para toda la familia, en el marco del festival Somos Quilmes. La actividad comenzar\u00e1 a...","og_url":"https:\/\/diarioprincipios.com\/index.php\/2024\/11\/21\/se-viene-el-festejo-por-los-152-anos-de-ezpeleta\/","og_site_name":"Principios","article_published_time":"2024-11-21T14:02:31+00:00","article_modified_time":"2024-11-21T14:02:33+00:00","og_image":[{"width":1280,"height":854,"url":"https:\/\/diarioprincipios.com\/wp-content\/uploads\/2024\/11\/EXITOSO-FESTEJO-POR-EL-151o-ANIVERSARIO-DE-EZPELETA-5.jpg","type":"image\/jpeg"}],"author":"Hern\u00e1n L\u00f3pez","twitter_card":"summary_large_image","twitter_misc":{"Escrito por":"Hern\u00e1n L\u00f3pez","Tiempo de lectura":"2 minutos"},"schema":{"@context":"https:\/\/schema.org","@graph":[{"@type":"Article","@id":"https:\/\/diarioprincipios.com\/index.php\/2024\/11\/21\/se-viene-el-festejo-por-los-152-anos-de-ezpeleta\/#article","isPartOf":{"@id":"https:\/\/diarioprincipios.com\/index.php\/2024\/11\/21\/se-viene-el-festejo-por-los-152-anos-de-ezpeleta\/"},"author":{"name":"Hern\u00e1n L\u00f3pez","@id":"https:\/\/diarioprincipios.com\/#\/schema\/person\/436d5a1fd41a5e250e23ff5a6a7cb080"},"headline":"Se viene el festejo por los 152 a\u00f1os de Ezpeleta","datePublished":"2024-11-21T14:02:31+00:00","dateModified":"2024-11-21T14:02:33+00:00","mainEntityOfPage":{"@id":"https:\/\/diarioprincipios.com\/index.php\/2024\/11\/21\/se-viene-el-festejo-por-los-152-anos-de-ezpeleta\/"},"wordCount":243,"commentCount":0,"publisher":{"@id":"https:\/\/diarioprincipios.com\/#organization"},"image":{"@id":"https:\/\/diarioprincipios.com\/index.php\/2024\/11\/21\/se-viene-el-festejo-por-los-152-anos-de-ezpeleta\/#primaryimage"},"thumbnailUrl":"https:\/\/diarioprincipios.com\/wp-content\/uploads\/2024\/11\/EXITOSO-FESTEJO-POR-EL-151o-ANIVERSARIO-DE-EZPELETA-5.jpg","articleSection":["Zonar Sur"],"inLanguage":"es","potentialAction":[{"@type":"CommentAction","name":"Comment","target":["https:\/\/diarioprincipios.com\/index.php\/2024\/11\/21\/se-viene-el-festejo-por-los-152-anos-de-ezpeleta\/#respond"]}]},{"@type":"WebPage","@id":"https:\/\/diarioprincipios.com\/index.php\/2024\/11\/21\/se-viene-el-festejo-por-los-152-anos-de-ezpeleta\/","url":"https:\/\/diarioprincipios.com\/index.php\/2024\/11\/21\/se-viene-el-festejo-por-los-152-anos-de-ezpeleta\/","name":"Se viene el festejo por los 152 a\u00f1os de Ezpeleta - Principios","isPartOf":{"@id":"https:\/\/diarioprincipios.com\/#website"},"primaryImageOfPage":{"@id":"https:\/\/diarioprincipios.com\/index.php\/2024\/11\/21\/se-viene-el-festejo-por-los-152-anos-de-ezpeleta\/#primaryimage"},"image":{"@id":"https:\/\/diarioprincipios.com\/index.php\/2024\/11\/21\/se-viene-el-festejo-por-los-152-anos-de-ezpeleta\/#primaryimage"},"thumbnailUrl":"https:\/\/diarioprincipios.com\/wp-content\/uploads\/2024\/11\/EXITOSO-FESTEJO-POR-EL-151o-ANIVERSARIO-DE-EZPELETA-5.jpg","datePublished":"2024-11-21T14:02:31+00:00","dateModified":"2024-11-21T14:02:33+00:00","breadcrumb":{"@id":"https:\/\/diarioprincipios.com\/index.php\/2024\/11\/21\/se-viene-el-festejo-por-los-152-anos-de-ezpeleta\/#breadcrumb"},"inLanguage":"es","potentialAction":[{"@type":"ReadAction","target":["https:\/\/diarioprincipios.com\/index.php\/2024\/11\/21\/se-viene-el-festejo-por-los-152-anos-de-ezpeleta\/"]}]},{"@type":"ImageObject","inLanguage":"es","@id":"https:\/\/diarioprincipios.com\/index.php\/2024\/11\/21\/se-viene-el-festejo-por-los-152-anos-de-ezpeleta\/#primaryimage","url":"https:\/\/diarioprincipios.com\/wp-content\/uploads\/2024\/11\/EXITOSO-FESTEJO-POR-EL-151o-ANIVERSARIO-DE-EZPELETA-5.jpg","contentUrl":"https:\/\/diarioprincipios.com\/wp-content\/uploads\/2024\/11\/EXITOSO-FESTEJO-POR-EL-151o-ANIVERSARIO-DE-EZPELETA-5.jpg","width":1280,"height":854},{"@type":"BreadcrumbList","@id":"https:\/\/diarioprincipios.com\/index.php\/2024\/11\/21\/se-viene-el-festejo-por-los-152-anos-de-ezpeleta\/#breadcrumb","itemListElement":[{"@type":"ListItem","position":1,"name":"Portada","item":"https:\/\/diarioprincipios.com\/"},{"@type":"ListItem","position":2,"name":"Se viene el festejo por los 152 a\u00f1os de Ezpeleta"}]},{"@type":"WebSite","@id":"https:\/\/diarioprincipios.com\/#website","url":"https:\/\/diarioprincipios.com\/","name":"Principios","description":"Principios Diario","publisher":{"@id":"https:\/\/diarioprincipios.com\/#organization"},"potentialAction":[{"@type":"SearchAction","target":{"@type":"EntryPoint","urlTemplate":"https:\/\/diarioprincipios.com\/?s={search_term_string}"},"query-input":{"@type":"PropertyValueSpecification","valueRequired":true,"valueName":"search_term_string"}}],"inLanguage":"es"},{"@type":"Organization","@id":"https:\/\/diarioprincipios.com\/#organization","name":"Principios","url":"https:\/\/diarioprincipios.com\/","logo":{"@type":"ImageObject","inLanguage":"es","@id":"https:\/\/diarioprincipios.com\/#\/schema\/logo\/image\/","url":"https:\/\/diarioprincipios.com\/wp-content\/uploads\/2024\/04\/cropped-www.diarioprincipios.com_-1.png","contentUrl":"https:\/\/diarioprincipios.com\/wp-content\/uploads\/2024\/04\/cropped-www.diarioprincipios.com_-1.png","width":5325,"height":1454,"caption":"Principios"},"image":{"@id":"https:\/\/diarioprincipios.com\/#\/schema\/logo\/image\/"}},{"@type":"Person","@id":"https:\/\/diarioprincipios.com\/#\/schema\/person\/436d5a1fd41a5e250e23ff5a6a7cb080","name":"Hern\u00e1n L\u00f3pez","image":{"@type":"ImageObject","inLanguage":"es","@id":"https:\/\/diarioprincipios.com\/wp-content\/litespeed\/avatar\/11ddfe5610ff3bd100522525b2571f48.jpg?ver=1777048341","url":"https:\/\/diarioprincipios.com\/wp-content\/litespeed\/avatar\/11ddfe5610ff3bd100522525b2571f48.jpg?ver=1777048341","contentUrl":"https:\/\/diarioprincipios.com\/wp-content\/litespeed\/avatar\/11ddfe5610ff3bd100522525b2571f48.jpg?ver=1777048341","caption":"Hern\u00e1n L\u00f3pez"},"url":"https:\/\/diarioprincipios.com\/index.php\/author\/hernan\/"}]}},"jetpack_featured_media_url":"https:\/\/diarioprincipios.com\/wp-content\/uploads\/2024\/11\/EXITOSO-FESTEJO-POR-EL-151o-ANIVERSARIO-DE-EZPELETA-5.jpg","_links":{"self":[{"href":"https:\/\/diarioprincipios.com\/index.php\/wp-json\/wp\/v2\/posts\/23566","targetHints":{"allow":["GET"]}}],"collection":[{"href":"https:\/\/diarioprincipios.com\/index.php\/wp-json\/wp\/v2\/posts"}],"about":[{"href":"https:\/\/diarioprincipios.com\/index.php\/wp-json\/wp\/v2\/types\/post"}],"author":[{"embeddable":true,"href":"https:\/\/diarioprincipios.com\/index.php\/wp-json\/wp\/v2\/users\/2"}],"replies":[{"embeddable":true,"href":"https:\/\/diarioprincipios.com\/index.php\/wp-json\/wp\/v2\/comments?post=23566"}],"version-history":[{"count":1,"href":"https:\/\/diarioprincipios.com\/index.php\/wp-json\/wp\/v2\/posts\/23566\/revisions"}],"predecessor-version":[{"id":23568,"href":"https:\/\/diarioprincipios.com\/index.php\/wp-json\/wp\/v2\/posts\/23566\/revisions\/23568"}],"wp:featuredmedia":[{"embeddable":true,"href":"https:\/\/diarioprincipios.com\/index.php\/wp-json\/wp\/v2\/media\/23567"}],"wp:attachment":[{"href":"https:\/\/diarioprincipios.com\/index.php\/wp-json\/wp\/v2\/media?parent=23566"}],"wp:term":[{"taxonomy":"category","embeddable":true,"href":"https:\/\/diarioprincipios.com\/index.php\/wp-json\/wp\/v2\/categories?post=23566"},{"taxonomy":"post_tag","embeddable":true,"href":"https:\/\/diarioprincipios.com\/index.php\/wp-json\/wp\/v2\/tags?post=23566"}],"curies":[{"name":"wp","href":"https:\/\/api.w.org\/{rel}","templated":true}]}}