{"id":23552,"date":"2024-11-20T20:36:26","date_gmt":"2024-11-20T23:36:26","guid":{"rendered":"http:\/\/diarioprincipios.com\/?p=23552"},"modified":"2024-11-20T20:36:28","modified_gmt":"2024-11-20T23:36:28","slug":"entregaron-equipamiento-a-mas-de-60-establecimientos-educativos","status":"publish","type":"post","link":"https:\/\/diarioprincipios.com\/index.php\/2024\/11\/20\/entregaron-equipamiento-a-mas-de-60-establecimientos-educativos\/","title":{"rendered":"Entregaron equipamiento a m\u00e1s de 60 Establecimientos Educativos"},"content":{"rendered":"\n<p><strong>Se realiz\u00f3 la entrega de equipamiento y elementos de vajilla para 52 Jardines de Infantes y diez Escuelas p\u00fablicas de Berazategui (ocho Primarias, una Secundaria y la Especial N\u00b0 501). El acto fue encabezado por el intendente Juan Jos\u00e9 Mussi, ante docentes y directivos. Adem\u00e1s, los Jardines recibieron un set de 4 libros con 2 cuentos cada uno, publicados por EdiBer, la editorial municipal.<\/strong><\/p>\n\n\n\n<figure class=\"wp-block-image size-large\"><img loading=\"lazy\" decoding=\"async\" width=\"1024\" height=\"683\" src=\"https:\/\/diarioprincipios.com\/wp-content\/uploads\/2024\/11\/ENTREGARON-EQUIPAMIENTO-A-MAS-DE-60-ESTABLECIMIENTOS-EDUCATIVOS-DE-BERAZATEGUI-4-1024x683.jpg\" alt=\"\" class=\"wp-image-23553\" srcset=\"https:\/\/diarioprincipios.com\/wp-content\/uploads\/2024\/11\/ENTREGARON-EQUIPAMIENTO-A-MAS-DE-60-ESTABLECIMIENTOS-EDUCATIVOS-DE-BERAZATEGUI-4-1024x683.jpg 1024w, https:\/\/diarioprincipios.com\/wp-content\/uploads\/2024\/11\/ENTREGARON-EQUIPAMIENTO-A-MAS-DE-60-ESTABLECIMIENTOS-EDUCATIVOS-DE-BERAZATEGUI-4-300x200.jpg 300w, https:\/\/diarioprincipios.com\/wp-content\/uploads\/2024\/11\/ENTREGARON-EQUIPAMIENTO-A-MAS-DE-60-ESTABLECIMIENTOS-EDUCATIVOS-DE-BERAZATEGUI-4-768x512.jpg 768w, https:\/\/diarioprincipios.com\/wp-content\/uploads\/2024\/11\/ENTREGARON-EQUIPAMIENTO-A-MAS-DE-60-ESTABLECIMIENTOS-EDUCATIVOS-DE-BERAZATEGUI-4-1536x1024.jpg 1536w, https:\/\/diarioprincipios.com\/wp-content\/uploads\/2024\/11\/ENTREGARON-EQUIPAMIENTO-A-MAS-DE-60-ESTABLECIMIENTOS-EDUCATIVOS-DE-BERAZATEGUI-4-600x400.jpg 600w, https:\/\/diarioprincipios.com\/wp-content\/uploads\/2024\/11\/ENTREGARON-EQUIPAMIENTO-A-MAS-DE-60-ESTABLECIMIENTOS-EDUCATIVOS-DE-BERAZATEGUI-4.jpg 1920w\" sizes=\"auto, (max-width: 1024px) 100vw, 1024px\" \/><\/figure>\n\n\n\n<p>El equipamiento incluye cocinas, termotanques y heladeras; mientras que los elementos contemplan platos, tazas, cubiertos, bandejas, jarras, paneras, ollas, asaderas, pavas y bateas, entre otros. Todo fue financiado por el Gobierno de la provincia de Buenos Aires. Asimismo, los libros de EdiBer contienen textos e ilustraciones de artistas locales, con cuentos como El Dinosaurio Exquisito, Pompones y Mara\u00f1as, Plan Pochoclo y La Princesa de las Sombras.<\/p>\n\n\n\n<figure class=\"wp-block-image size-large\"><img loading=\"lazy\" decoding=\"async\" width=\"1024\" height=\"683\" src=\"https:\/\/diarioprincipios.com\/wp-content\/uploads\/2024\/11\/ENTREGARON-EQUIPAMIENTO-A-MAS-DE-60-ESTABLECIMIENTOS-EDUCATIVOS-DE-BERAZATEGUI-5-1-1024x683.jpg\" alt=\"\" class=\"wp-image-23554\" srcset=\"https:\/\/diarioprincipios.com\/wp-content\/uploads\/2024\/11\/ENTREGARON-EQUIPAMIENTO-A-MAS-DE-60-ESTABLECIMIENTOS-EDUCATIVOS-DE-BERAZATEGUI-5-1-1024x683.jpg 1024w, https:\/\/diarioprincipios.com\/wp-content\/uploads\/2024\/11\/ENTREGARON-EQUIPAMIENTO-A-MAS-DE-60-ESTABLECIMIENTOS-EDUCATIVOS-DE-BERAZATEGUI-5-1-300x200.jpg 300w, https:\/\/diarioprincipios.com\/wp-content\/uploads\/2024\/11\/ENTREGARON-EQUIPAMIENTO-A-MAS-DE-60-ESTABLECIMIENTOS-EDUCATIVOS-DE-BERAZATEGUI-5-1-768x512.jpg 768w, https:\/\/diarioprincipios.com\/wp-content\/uploads\/2024\/11\/ENTREGARON-EQUIPAMIENTO-A-MAS-DE-60-ESTABLECIMIENTOS-EDUCATIVOS-DE-BERAZATEGUI-5-1-1536x1024.jpg 1536w, https:\/\/diarioprincipios.com\/wp-content\/uploads\/2024\/11\/ENTREGARON-EQUIPAMIENTO-A-MAS-DE-60-ESTABLECIMIENTOS-EDUCATIVOS-DE-BERAZATEGUI-5-1-600x400.jpg 600w, https:\/\/diarioprincipios.com\/wp-content\/uploads\/2024\/11\/ENTREGARON-EQUIPAMIENTO-A-MAS-DE-60-ESTABLECIMIENTOS-EDUCATIVOS-DE-BERAZATEGUI-5-1.jpg 1920w\" sizes=\"auto, (max-width: 1024px) 100vw, 1024px\" \/><\/figure>\n\n\n\n<p>En este sentido, Mussi expres\u00f3: \u201cEsto es la comunidad organizada para mejorar la educaci\u00f3n p\u00fablica. Cooperadoras, familias, directivos, auxiliares, autoridades y el gobernador de la provincia de Buenos Aires, Axel Kicillof, de quien recibimos un aporte fundamental para enaltecer la escuela p\u00fablica, donde los chicos tienen la posibilidad de crecer y competir en la vida\u201d.<\/p>\n\n\n\n<p>En tanto, el director provincial de Consejos Escolares, Alejandro Perrone, asegur\u00f3: \u201cBerazategui es un distrito ejemplo para otros de la provincia de Buenos Aires. Aqu\u00ed hay un Municipio presente que hace f\u00e1cil articular y trabajar por el bien com\u00fan. Eso significa Estado presente\u201d.<\/p>\n\n\n\n<figure class=\"wp-block-image size-large\"><img loading=\"lazy\" decoding=\"async\" width=\"1024\" height=\"683\" src=\"https:\/\/diarioprincipios.com\/wp-content\/uploads\/2024\/11\/ENTREGARON-EQUIPAMIENTO-A-MAS-DE-60-ESTABLECIMIENTOS-EDUCATIVOS-DE-BERAZATEGUI-6-1024x683.jpg\" alt=\"\" class=\"wp-image-23555\" srcset=\"https:\/\/diarioprincipios.com\/wp-content\/uploads\/2024\/11\/ENTREGARON-EQUIPAMIENTO-A-MAS-DE-60-ESTABLECIMIENTOS-EDUCATIVOS-DE-BERAZATEGUI-6-1024x683.jpg 1024w, https:\/\/diarioprincipios.com\/wp-content\/uploads\/2024\/11\/ENTREGARON-EQUIPAMIENTO-A-MAS-DE-60-ESTABLECIMIENTOS-EDUCATIVOS-DE-BERAZATEGUI-6-300x200.jpg 300w, https:\/\/diarioprincipios.com\/wp-content\/uploads\/2024\/11\/ENTREGARON-EQUIPAMIENTO-A-MAS-DE-60-ESTABLECIMIENTOS-EDUCATIVOS-DE-BERAZATEGUI-6-768x512.jpg 768w, https:\/\/diarioprincipios.com\/wp-content\/uploads\/2024\/11\/ENTREGARON-EQUIPAMIENTO-A-MAS-DE-60-ESTABLECIMIENTOS-EDUCATIVOS-DE-BERAZATEGUI-6-1536x1024.jpg 1536w, https:\/\/diarioprincipios.com\/wp-content\/uploads\/2024\/11\/ENTREGARON-EQUIPAMIENTO-A-MAS-DE-60-ESTABLECIMIENTOS-EDUCATIVOS-DE-BERAZATEGUI-6-600x400.jpg 600w, https:\/\/diarioprincipios.com\/wp-content\/uploads\/2024\/11\/ENTREGARON-EQUIPAMIENTO-A-MAS-DE-60-ESTABLECIMIENTOS-EDUCATIVOS-DE-BERAZATEGUI-6.jpg 1920w\" sizes=\"auto, (max-width: 1024px) 100vw, 1024px\" \/><\/figure>\n\n\n\n<p>A su vez, Marisa Barraza -directora de los Jardines N\u00b0 901 y N\u00b0 940- indic\u00f3: \u201cEstoy muy feliz de que los dos jardines reciban vajillas de cocina, que son elementos muy necesarios para el trabajo de nuestras auxiliares. Con esta entrega se favorecen las pol\u00edticas de cuidado en las escuelas p\u00fablicas de Berazategui\u201d.<\/p>\n\n\n\n<p>Tambi\u00e9n participaron el secretario de Cultura y Educaci\u00f3n municipal, Federico L\u00f3pez, junto a otros integrantes del Gabinete; el presidente del Consejo Escolar, Fernando Cardozo; y la inspectora Jefa Distrital, Gladys Ram\u00edrez.<\/p>\n","protected":false},"excerpt":{"rendered":"<p>Se realiz\u00f3 la entrega de equipamiento y elementos de vajilla para 52 Jardines de Infantes y diez Escuelas p\u00fablicas de Berazategui (ocho Primarias, una Secundaria y la Especial N\u00b0 501). El acto fue encabezado por el intendente Juan Jos\u00e9 Mussi, ante docentes y directivos. Adem\u00e1s, los Jardines recibieron un set de 4 libros con 2&#8230;<\/p>\n","protected":false},"author":2,"featured_media":23556,"comment_status":"open","ping_status":"open","sticky":false,"template":"","format":"standard","meta":{"footnotes":""},"categories":[3,19],"tags":[],"class_list":["post-23552","post","type-post","status-publish","format-standard","has-post-thumbnail","hentry","category-berazategui","category-cultura-educacion"],"featured_image_src":"https:\/\/diarioprincipios.com\/wp-content\/uploads\/2024\/11\/ENTREGARON-EQUIPAMIENTO-A-MAS-DE-60-ESTABLECIMIENTOS-EDUCATIVOS-DE-BERAZATEGUI-1-1024x683.jpg","blog_images":{"medium":"https:\/\/diarioprincipios.com\/wp-content\/uploads\/2024\/11\/ENTREGARON-EQUIPAMIENTO-A-MAS-DE-60-ESTABLECIMIENTOS-EDUCATIVOS-DE-BERAZATEGUI-1-300x200.jpg","large":"https:\/\/diarioprincipios.com\/wp-content\/uploads\/2024\/11\/ENTREGARON-EQUIPAMIENTO-A-MAS-DE-60-ESTABLECIMIENTOS-EDUCATIVOS-DE-BERAZATEGUI-1-1024x683.jpg"},"ams_acf":[],"yoast_head":"<!-- This site is optimized with the Yoast SEO plugin v27.3 - https:\/\/yoast.com\/product\/yoast-seo-wordpress\/ -->\n<title>Entregaron equipamiento a m\u00e1s de 60 Establecimientos Educativos - Principios<\/title>\n<meta name=\"robots\" content=\"index, follow, max-snippet:-1, max-image-preview:large, max-video-preview:-1\" \/>\n<link rel=\"canonical\" href=\"https:\/\/diarioprincipios.com\/index.php\/2024\/11\/20\/entregaron-equipamiento-a-mas-de-60-establecimientos-educativos\/\" \/>\n<meta property=\"og:locale\" content=\"es_ES\" \/>\n<meta property=\"og:type\" content=\"article\" \/>\n<meta property=\"og:title\" content=\"Entregaron equipamiento a m\u00e1s de 60 Establecimientos Educativos - Principios\" \/>\n<meta property=\"og:description\" content=\"Se realiz\u00f3 la entrega de equipamiento y elementos de vajilla para 52 Jardines de Infantes y diez Escuelas p\u00fablicas de Berazategui (ocho Primarias, una Secundaria y la Especial N\u00b0 501). El acto fue encabezado por el intendente Juan Jos\u00e9 Mussi, ante docentes y directivos. Adem\u00e1s, los Jardines recibieron un set de 4 libros con 2...\" \/>\n<meta property=\"og:url\" content=\"https:\/\/diarioprincipios.com\/index.php\/2024\/11\/20\/entregaron-equipamiento-a-mas-de-60-establecimientos-educativos\/\" \/>\n<meta property=\"og:site_name\" content=\"Principios\" \/>\n<meta property=\"article:published_time\" content=\"2024-11-20T23:36:26+00:00\" \/>\n<meta property=\"article:modified_time\" content=\"2024-11-20T23:36:28+00:00\" \/>\n<meta property=\"og:image\" content=\"https:\/\/diarioprincipios.com\/wp-content\/uploads\/2024\/11\/ENTREGARON-EQUIPAMIENTO-A-MAS-DE-60-ESTABLECIMIENTOS-EDUCATIVOS-DE-BERAZATEGUI-1.jpg\" \/>\n\t<meta property=\"og:image:width\" content=\"1920\" \/>\n\t<meta property=\"og:image:height\" content=\"1280\" \/>\n\t<meta property=\"og:image:type\" content=\"image\/jpeg\" \/>\n<meta name=\"author\" content=\"Hern\u00e1n L\u00f3pez\" \/>\n<meta name=\"twitter:card\" content=\"summary_large_image\" \/>\n<meta name=\"twitter:label1\" content=\"Escrito por\" \/>\n\t<meta name=\"twitter:data1\" content=\"Hern\u00e1n L\u00f3pez\" \/>\n\t<meta name=\"twitter:label2\" content=\"Tiempo de lectura\" \/>\n\t<meta name=\"twitter:data2\" content=\"3 minutos\" \/>\n<script type=\"application\/ld+json\" class=\"yoast-schema-graph\">{\"@context\":\"https:\\\/\\\/schema.org\",\"@graph\":[{\"@type\":\"Article\",\"@id\":\"https:\\\/\\\/diarioprincipios.com\\\/index.php\\\/2024\\\/11\\\/20\\\/entregaron-equipamiento-a-mas-de-60-establecimientos-educativos\\\/#article\",\"isPartOf\":{\"@id\":\"https:\\\/\\\/diarioprincipios.com\\\/index.php\\\/2024\\\/11\\\/20\\\/entregaron-equipamiento-a-mas-de-60-establecimientos-educativos\\\/\"},\"author\":{\"name\":\"Hern\u00e1n L\u00f3pez\",\"@id\":\"https:\\\/\\\/diarioprincipios.com\\\/#\\\/schema\\\/person\\\/436d5a1fd41a5e250e23ff5a6a7cb080\"},\"headline\":\"Entregaron equipamiento a m\u00e1s de 60 Establecimientos Educativos\",\"datePublished\":\"2024-11-20T23:36:26+00:00\",\"dateModified\":\"2024-11-20T23:36:28+00:00\",\"mainEntityOfPage\":{\"@id\":\"https:\\\/\\\/diarioprincipios.com\\\/index.php\\\/2024\\\/11\\\/20\\\/entregaron-equipamiento-a-mas-de-60-establecimientos-educativos\\\/\"},\"wordCount\":329,\"commentCount\":0,\"publisher\":{\"@id\":\"https:\\\/\\\/diarioprincipios.com\\\/#organization\"},\"image\":{\"@id\":\"https:\\\/\\\/diarioprincipios.com\\\/index.php\\\/2024\\\/11\\\/20\\\/entregaron-equipamiento-a-mas-de-60-establecimientos-educativos\\\/#primaryimage\"},\"thumbnailUrl\":\"https:\\\/\\\/diarioprincipios.com\\\/wp-content\\\/uploads\\\/2024\\\/11\\\/ENTREGARON-EQUIPAMIENTO-A-MAS-DE-60-ESTABLECIMIENTOS-EDUCATIVOS-DE-BERAZATEGUI-1.jpg\",\"articleSection\":[\"Berazategui\",\"Cultura y Educaci\u00f3n\"],\"inLanguage\":\"es\",\"potentialAction\":[{\"@type\":\"CommentAction\",\"name\":\"Comment\",\"target\":[\"https:\\\/\\\/diarioprincipios.com\\\/index.php\\\/2024\\\/11\\\/20\\\/entregaron-equipamiento-a-mas-de-60-establecimientos-educativos\\\/#respond\"]}]},{\"@type\":\"WebPage\",\"@id\":\"https:\\\/\\\/diarioprincipios.com\\\/index.php\\\/2024\\\/11\\\/20\\\/entregaron-equipamiento-a-mas-de-60-establecimientos-educativos\\\/\",\"url\":\"https:\\\/\\\/diarioprincipios.com\\\/index.php\\\/2024\\\/11\\\/20\\\/entregaron-equipamiento-a-mas-de-60-establecimientos-educativos\\\/\",\"name\":\"Entregaron equipamiento a m\u00e1s de 60 Establecimientos Educativos - Principios\",\"isPartOf\":{\"@id\":\"https:\\\/\\\/diarioprincipios.com\\\/#website\"},\"primaryImageOfPage\":{\"@id\":\"https:\\\/\\\/diarioprincipios.com\\\/index.php\\\/2024\\\/11\\\/20\\\/entregaron-equipamiento-a-mas-de-60-establecimientos-educativos\\\/#primaryimage\"},\"image\":{\"@id\":\"https:\\\/\\\/diarioprincipios.com\\\/index.php\\\/2024\\\/11\\\/20\\\/entregaron-equipamiento-a-mas-de-60-establecimientos-educativos\\\/#primaryimage\"},\"thumbnailUrl\":\"https:\\\/\\\/diarioprincipios.com\\\/wp-content\\\/uploads\\\/2024\\\/11\\\/ENTREGARON-EQUIPAMIENTO-A-MAS-DE-60-ESTABLECIMIENTOS-EDUCATIVOS-DE-BERAZATEGUI-1.jpg\",\"datePublished\":\"2024-11-20T23:36:26+00:00\",\"dateModified\":\"2024-11-20T23:36:28+00:00\",\"breadcrumb\":{\"@id\":\"https:\\\/\\\/diarioprincipios.com\\\/index.php\\\/2024\\\/11\\\/20\\\/entregaron-equipamiento-a-mas-de-60-establecimientos-educativos\\\/#breadcrumb\"},\"inLanguage\":\"es\",\"potentialAction\":[{\"@type\":\"ReadAction\",\"target\":[\"https:\\\/\\\/diarioprincipios.com\\\/index.php\\\/2024\\\/11\\\/20\\\/entregaron-equipamiento-a-mas-de-60-establecimientos-educativos\\\/\"]}]},{\"@type\":\"ImageObject\",\"inLanguage\":\"es\",\"@id\":\"https:\\\/\\\/diarioprincipios.com\\\/index.php\\\/2024\\\/11\\\/20\\\/entregaron-equipamiento-a-mas-de-60-establecimientos-educativos\\\/#primaryimage\",\"url\":\"https:\\\/\\\/diarioprincipios.com\\\/wp-content\\\/uploads\\\/2024\\\/11\\\/ENTREGARON-EQUIPAMIENTO-A-MAS-DE-60-ESTABLECIMIENTOS-EDUCATIVOS-DE-BERAZATEGUI-1.jpg\",\"contentUrl\":\"https:\\\/\\\/diarioprincipios.com\\\/wp-content\\\/uploads\\\/2024\\\/11\\\/ENTREGARON-EQUIPAMIENTO-A-MAS-DE-60-ESTABLECIMIENTOS-EDUCATIVOS-DE-BERAZATEGUI-1.jpg\",\"width\":1920,\"height\":1280},{\"@type\":\"BreadcrumbList\",\"@id\":\"https:\\\/\\\/diarioprincipios.com\\\/index.php\\\/2024\\\/11\\\/20\\\/entregaron-equipamiento-a-mas-de-60-establecimientos-educativos\\\/#breadcrumb\",\"itemListElement\":[{\"@type\":\"ListItem\",\"position\":1,\"name\":\"Portada\",\"item\":\"https:\\\/\\\/diarioprincipios.com\\\/\"},{\"@type\":\"ListItem\",\"position\":2,\"name\":\"Entregaron equipamiento a m\u00e1s de 60 Establecimientos Educativos\"}]},{\"@type\":\"WebSite\",\"@id\":\"https:\\\/\\\/diarioprincipios.com\\\/#website\",\"url\":\"https:\\\/\\\/diarioprincipios.com\\\/\",\"name\":\"Principios\",\"description\":\"Principios Diario\",\"publisher\":{\"@id\":\"https:\\\/\\\/diarioprincipios.com\\\/#organization\"},\"potentialAction\":[{\"@type\":\"SearchAction\",\"target\":{\"@type\":\"EntryPoint\",\"urlTemplate\":\"https:\\\/\\\/diarioprincipios.com\\\/?s={search_term_string}\"},\"query-input\":{\"@type\":\"PropertyValueSpecification\",\"valueRequired\":true,\"valueName\":\"search_term_string\"}}],\"inLanguage\":\"es\"},{\"@type\":\"Organization\",\"@id\":\"https:\\\/\\\/diarioprincipios.com\\\/#organization\",\"name\":\"Principios\",\"url\":\"https:\\\/\\\/diarioprincipios.com\\\/\",\"logo\":{\"@type\":\"ImageObject\",\"inLanguage\":\"es\",\"@id\":\"https:\\\/\\\/diarioprincipios.com\\\/#\\\/schema\\\/logo\\\/image\\\/\",\"url\":\"https:\\\/\\\/diarioprincipios.com\\\/wp-content\\\/uploads\\\/2024\\\/04\\\/cropped-www.diarioprincipios.com_-1.png\",\"contentUrl\":\"https:\\\/\\\/diarioprincipios.com\\\/wp-content\\\/uploads\\\/2024\\\/04\\\/cropped-www.diarioprincipios.com_-1.png\",\"width\":5325,\"height\":1454,\"caption\":\"Principios\"},\"image\":{\"@id\":\"https:\\\/\\\/diarioprincipios.com\\\/#\\\/schema\\\/logo\\\/image\\\/\"}},{\"@type\":\"Person\",\"@id\":\"https:\\\/\\\/diarioprincipios.com\\\/#\\\/schema\\\/person\\\/436d5a1fd41a5e250e23ff5a6a7cb080\",\"name\":\"Hern\u00e1n L\u00f3pez\",\"image\":{\"@type\":\"ImageObject\",\"inLanguage\":\"es\",\"@id\":\"https:\\\/\\\/diarioprincipios.com\\\/wp-content\\\/litespeed\\\/avatar\\\/11ddfe5610ff3bd100522525b2571f48.jpg?ver=1777048341\",\"url\":\"https:\\\/\\\/diarioprincipios.com\\\/wp-content\\\/litespeed\\\/avatar\\\/11ddfe5610ff3bd100522525b2571f48.jpg?ver=1777048341\",\"contentUrl\":\"https:\\\/\\\/diarioprincipios.com\\\/wp-content\\\/litespeed\\\/avatar\\\/11ddfe5610ff3bd100522525b2571f48.jpg?ver=1777048341\",\"caption\":\"Hern\u00e1n L\u00f3pez\"},\"url\":\"https:\\\/\\\/diarioprincipios.com\\\/index.php\\\/author\\\/hernan\\\/\"}]}<\/script>\n<!-- \/ Yoast SEO plugin. -->","yoast_head_json":{"title":"Entregaron equipamiento a m\u00e1s de 60 Establecimientos Educativos - Principios","robots":{"index":"index","follow":"follow","max-snippet":"max-snippet:-1","max-image-preview":"max-image-preview:large","max-video-preview":"max-video-preview:-1"},"canonical":"https:\/\/diarioprincipios.com\/index.php\/2024\/11\/20\/entregaron-equipamiento-a-mas-de-60-establecimientos-educativos\/","og_locale":"es_ES","og_type":"article","og_title":"Entregaron equipamiento a m\u00e1s de 60 Establecimientos Educativos - Principios","og_description":"Se realiz\u00f3 la entrega de equipamiento y elementos de vajilla para 52 Jardines de Infantes y diez Escuelas p\u00fablicas de Berazategui (ocho Primarias, una Secundaria y la Especial N\u00b0 501). El acto fue encabezado por el intendente Juan Jos\u00e9 Mussi, ante docentes y directivos. Adem\u00e1s, los Jardines recibieron un set de 4 libros con 2...","og_url":"https:\/\/diarioprincipios.com\/index.php\/2024\/11\/20\/entregaron-equipamiento-a-mas-de-60-establecimientos-educativos\/","og_site_name":"Principios","article_published_time":"2024-11-20T23:36:26+00:00","article_modified_time":"2024-11-20T23:36:28+00:00","og_image":[{"width":1920,"height":1280,"url":"https:\/\/diarioprincipios.com\/wp-content\/uploads\/2024\/11\/ENTREGARON-EQUIPAMIENTO-A-MAS-DE-60-ESTABLECIMIENTOS-EDUCATIVOS-DE-BERAZATEGUI-1.jpg","type":"image\/jpeg"}],"author":"Hern\u00e1n L\u00f3pez","twitter_card":"summary_large_image","twitter_misc":{"Escrito por":"Hern\u00e1n L\u00f3pez","Tiempo de lectura":"3 minutos"},"schema":{"@context":"https:\/\/schema.org","@graph":[{"@type":"Article","@id":"https:\/\/diarioprincipios.com\/index.php\/2024\/11\/20\/entregaron-equipamiento-a-mas-de-60-establecimientos-educativos\/#article","isPartOf":{"@id":"https:\/\/diarioprincipios.com\/index.php\/2024\/11\/20\/entregaron-equipamiento-a-mas-de-60-establecimientos-educativos\/"},"author":{"name":"Hern\u00e1n L\u00f3pez","@id":"https:\/\/diarioprincipios.com\/#\/schema\/person\/436d5a1fd41a5e250e23ff5a6a7cb080"},"headline":"Entregaron equipamiento a m\u00e1s de 60 Establecimientos Educativos","datePublished":"2024-11-20T23:36:26+00:00","dateModified":"2024-11-20T23:36:28+00:00","mainEntityOfPage":{"@id":"https:\/\/diarioprincipios.com\/index.php\/2024\/11\/20\/entregaron-equipamiento-a-mas-de-60-establecimientos-educativos\/"},"wordCount":329,"commentCount":0,"publisher":{"@id":"https:\/\/diarioprincipios.com\/#organization"},"image":{"@id":"https:\/\/diarioprincipios.com\/index.php\/2024\/11\/20\/entregaron-equipamiento-a-mas-de-60-establecimientos-educativos\/#primaryimage"},"thumbnailUrl":"https:\/\/diarioprincipios.com\/wp-content\/uploads\/2024\/11\/ENTREGARON-EQUIPAMIENTO-A-MAS-DE-60-ESTABLECIMIENTOS-EDUCATIVOS-DE-BERAZATEGUI-1.jpg","articleSection":["Berazategui","Cultura y Educaci\u00f3n"],"inLanguage":"es","potentialAction":[{"@type":"CommentAction","name":"Comment","target":["https:\/\/diarioprincipios.com\/index.php\/2024\/11\/20\/entregaron-equipamiento-a-mas-de-60-establecimientos-educativos\/#respond"]}]},{"@type":"WebPage","@id":"https:\/\/diarioprincipios.com\/index.php\/2024\/11\/20\/entregaron-equipamiento-a-mas-de-60-establecimientos-educativos\/","url":"https:\/\/diarioprincipios.com\/index.php\/2024\/11\/20\/entregaron-equipamiento-a-mas-de-60-establecimientos-educativos\/","name":"Entregaron equipamiento a m\u00e1s de 60 Establecimientos Educativos - Principios","isPartOf":{"@id":"https:\/\/diarioprincipios.com\/#website"},"primaryImageOfPage":{"@id":"https:\/\/diarioprincipios.com\/index.php\/2024\/11\/20\/entregaron-equipamiento-a-mas-de-60-establecimientos-educativos\/#primaryimage"},"image":{"@id":"https:\/\/diarioprincipios.com\/index.php\/2024\/11\/20\/entregaron-equipamiento-a-mas-de-60-establecimientos-educativos\/#primaryimage"},"thumbnailUrl":"https:\/\/diarioprincipios.com\/wp-content\/uploads\/2024\/11\/ENTREGARON-EQUIPAMIENTO-A-MAS-DE-60-ESTABLECIMIENTOS-EDUCATIVOS-DE-BERAZATEGUI-1.jpg","datePublished":"2024-11-20T23:36:26+00:00","dateModified":"2024-11-20T23:36:28+00:00","breadcrumb":{"@id":"https:\/\/diarioprincipios.com\/index.php\/2024\/11\/20\/entregaron-equipamiento-a-mas-de-60-establecimientos-educativos\/#breadcrumb"},"inLanguage":"es","potentialAction":[{"@type":"ReadAction","target":["https:\/\/diarioprincipios.com\/index.php\/2024\/11\/20\/entregaron-equipamiento-a-mas-de-60-establecimientos-educativos\/"]}]},{"@type":"ImageObject","inLanguage":"es","@id":"https:\/\/diarioprincipios.com\/index.php\/2024\/11\/20\/entregaron-equipamiento-a-mas-de-60-establecimientos-educativos\/#primaryimage","url":"https:\/\/diarioprincipios.com\/wp-content\/uploads\/2024\/11\/ENTREGARON-EQUIPAMIENTO-A-MAS-DE-60-ESTABLECIMIENTOS-EDUCATIVOS-DE-BERAZATEGUI-1.jpg","contentUrl":"https:\/\/diarioprincipios.com\/wp-content\/uploads\/2024\/11\/ENTREGARON-EQUIPAMIENTO-A-MAS-DE-60-ESTABLECIMIENTOS-EDUCATIVOS-DE-BERAZATEGUI-1.jpg","width":1920,"height":1280},{"@type":"BreadcrumbList","@id":"https:\/\/diarioprincipios.com\/index.php\/2024\/11\/20\/entregaron-equipamiento-a-mas-de-60-establecimientos-educativos\/#breadcrumb","itemListElement":[{"@type":"ListItem","position":1,"name":"Portada","item":"https:\/\/diarioprincipios.com\/"},{"@type":"ListItem","position":2,"name":"Entregaron equipamiento a m\u00e1s de 60 Establecimientos Educativos"}]},{"@type":"WebSite","@id":"https:\/\/diarioprincipios.com\/#website","url":"https:\/\/diarioprincipios.com\/","name":"Principios","description":"Principios Diario","publisher":{"@id":"https:\/\/diarioprincipios.com\/#organization"},"potentialAction":[{"@type":"SearchAction","target":{"@type":"EntryPoint","urlTemplate":"https:\/\/diarioprincipios.com\/?s={search_term_string}"},"query-input":{"@type":"PropertyValueSpecification","valueRequired":true,"valueName":"search_term_string"}}],"inLanguage":"es"},{"@type":"Organization","@id":"https:\/\/diarioprincipios.com\/#organization","name":"Principios","url":"https:\/\/diarioprincipios.com\/","logo":{"@type":"ImageObject","inLanguage":"es","@id":"https:\/\/diarioprincipios.com\/#\/schema\/logo\/image\/","url":"https:\/\/diarioprincipios.com\/wp-content\/uploads\/2024\/04\/cropped-www.diarioprincipios.com_-1.png","contentUrl":"https:\/\/diarioprincipios.com\/wp-content\/uploads\/2024\/04\/cropped-www.diarioprincipios.com_-1.png","width":5325,"height":1454,"caption":"Principios"},"image":{"@id":"https:\/\/diarioprincipios.com\/#\/schema\/logo\/image\/"}},{"@type":"Person","@id":"https:\/\/diarioprincipios.com\/#\/schema\/person\/436d5a1fd41a5e250e23ff5a6a7cb080","name":"Hern\u00e1n L\u00f3pez","image":{"@type":"ImageObject","inLanguage":"es","@id":"https:\/\/diarioprincipios.com\/wp-content\/litespeed\/avatar\/11ddfe5610ff3bd100522525b2571f48.jpg?ver=1777048341","url":"https:\/\/diarioprincipios.com\/wp-content\/litespeed\/avatar\/11ddfe5610ff3bd100522525b2571f48.jpg?ver=1777048341","contentUrl":"https:\/\/diarioprincipios.com\/wp-content\/litespeed\/avatar\/11ddfe5610ff3bd100522525b2571f48.jpg?ver=1777048341","caption":"Hern\u00e1n L\u00f3pez"},"url":"https:\/\/diarioprincipios.com\/index.php\/author\/hernan\/"}]}},"jetpack_featured_media_url":"https:\/\/diarioprincipios.com\/wp-content\/uploads\/2024\/11\/ENTREGARON-EQUIPAMIENTO-A-MAS-DE-60-ESTABLECIMIENTOS-EDUCATIVOS-DE-BERAZATEGUI-1.jpg","_links":{"self":[{"href":"https:\/\/diarioprincipios.com\/index.php\/wp-json\/wp\/v2\/posts\/23552","targetHints":{"allow":["GET"]}}],"collection":[{"href":"https:\/\/diarioprincipios.com\/index.php\/wp-json\/wp\/v2\/posts"}],"about":[{"href":"https:\/\/diarioprincipios.com\/index.php\/wp-json\/wp\/v2\/types\/post"}],"author":[{"embeddable":true,"href":"https:\/\/diarioprincipios.com\/index.php\/wp-json\/wp\/v2\/users\/2"}],"replies":[{"embeddable":true,"href":"https:\/\/diarioprincipios.com\/index.php\/wp-json\/wp\/v2\/comments?post=23552"}],"version-history":[{"count":1,"href":"https:\/\/diarioprincipios.com\/index.php\/wp-json\/wp\/v2\/posts\/23552\/revisions"}],"predecessor-version":[{"id":23557,"href":"https:\/\/diarioprincipios.com\/index.php\/wp-json\/wp\/v2\/posts\/23552\/revisions\/23557"}],"wp:featuredmedia":[{"embeddable":true,"href":"https:\/\/diarioprincipios.com\/index.php\/wp-json\/wp\/v2\/media\/23556"}],"wp:attachment":[{"href":"https:\/\/diarioprincipios.com\/index.php\/wp-json\/wp\/v2\/media?parent=23552"}],"wp:term":[{"taxonomy":"category","embeddable":true,"href":"https:\/\/diarioprincipios.com\/index.php\/wp-json\/wp\/v2\/categories?post=23552"},{"taxonomy":"post_tag","embeddable":true,"href":"https:\/\/diarioprincipios.com\/index.php\/wp-json\/wp\/v2\/tags?post=23552"}],"curies":[{"name":"wp","href":"https:\/\/api.w.org\/{rel}","templated":true}]}}