{"id":23542,"date":"2024-11-20T13:09:03","date_gmt":"2024-11-20T16:09:03","guid":{"rendered":"http:\/\/diarioprincipios.com\/?p=23542"},"modified":"2024-11-20T13:09:06","modified_gmt":"2024-11-20T16:09:06","slug":"damian-gimenez-cierra-el-2024-como-campeon-panamericano-y-subcampeon-mundial","status":"publish","type":"post","link":"https:\/\/diarioprincipios.com\/index.php\/2024\/11\/20\/damian-gimenez-cierra-el-2024-como-campeon-panamericano-y-subcampeon-mundial\/","title":{"rendered":"Damian Gim\u00e9nez cierra el 2024 como Campe\u00f3n Panamericano y Subcampe\u00f3n Mundial"},"content":{"rendered":"\n<p>El deportista berazateguense Dam\u00edan Gim\u00e9nez cierra un espectacular 2024 como Campe\u00f3n Panamericano y Subcampe\u00f3n del Mundo en la modalidad Formas de Taekwondo.<\/p>\n\n\n\n<figure class=\"wp-block-image size-large\"><img loading=\"lazy\" decoding=\"async\" width=\"883\" height=\"1024\" src=\"https:\/\/diarioprincipios.com\/wp-content\/uploads\/2024\/11\/Screenshot_20241119_124742_WhatsApp-883x1024.jpg\" alt=\"\" class=\"wp-image-23543\" srcset=\"https:\/\/diarioprincipios.com\/wp-content\/uploads\/2024\/11\/Screenshot_20241119_124742_WhatsApp-883x1024.jpg 883w, https:\/\/diarioprincipios.com\/wp-content\/uploads\/2024\/11\/Screenshot_20241119_124742_WhatsApp-259x300.jpg 259w, https:\/\/diarioprincipios.com\/wp-content\/uploads\/2024\/11\/Screenshot_20241119_124742_WhatsApp-768x890.jpg 768w, https:\/\/diarioprincipios.com\/wp-content\/uploads\/2024\/11\/Screenshot_20241119_124742_WhatsApp.jpg 1079w\" sizes=\"auto, (max-width: 883px) 100vw, 883px\" \/><\/figure>\n\n\n\n<p><br>Damian fue subcampe\u00f3n en el Campeonato Mundial desarrollado entre el 28 de octubre y el 3 de noviembre en Mar Del Plata y tambi\u00e9n se consagr\u00f3 recientemente como Campe\u00f3n Panamericano.<\/p>\n\n\n\n<figure class=\"wp-block-image size-large\"><img loading=\"lazy\" decoding=\"async\" width=\"1024\" height=\"769\" src=\"https:\/\/diarioprincipios.com\/wp-content\/uploads\/2024\/11\/Screenshot_20241119_124827_WhatsApp-1024x769.jpg\" alt=\"\" class=\"wp-image-23544\" srcset=\"https:\/\/diarioprincipios.com\/wp-content\/uploads\/2024\/11\/Screenshot_20241119_124827_WhatsApp-1024x769.jpg 1024w, https:\/\/diarioprincipios.com\/wp-content\/uploads\/2024\/11\/Screenshot_20241119_124827_WhatsApp-300x225.jpg 300w, https:\/\/diarioprincipios.com\/wp-content\/uploads\/2024\/11\/Screenshot_20241119_124827_WhatsApp-768x577.jpg 768w, https:\/\/diarioprincipios.com\/wp-content\/uploads\/2024\/11\/Screenshot_20241119_124827_WhatsApp.jpg 1079w\" sizes=\"auto, (max-width: 1024px) 100vw, 1024px\" \/><\/figure>\n\n\n\n<p><br>Con 38 a\u00f1os, casado con Paula, con quien tiene 4 hijos, Dam\u00edan tiene una historia particular ya que conoci\u00f3 esta disciplina deportiva por su hijo mayor, hace unos 14 a\u00f1os atr\u00e1s, adem\u00e1s hace 10 a\u00f1os que entrena y lleva 3 como instructor.<\/p>\n\n\n\n<figure class=\"wp-block-image size-large\"><img loading=\"lazy\" decoding=\"async\" width=\"1024\" height=\"1004\" src=\"https:\/\/diarioprincipios.com\/wp-content\/uploads\/2024\/11\/Screenshot_20241119_125118_WhatsApp-1024x1004.jpg\" alt=\"\" class=\"wp-image-23545\" srcset=\"https:\/\/diarioprincipios.com\/wp-content\/uploads\/2024\/11\/Screenshot_20241119_125118_WhatsApp-1024x1004.jpg 1024w, https:\/\/diarioprincipios.com\/wp-content\/uploads\/2024\/11\/Screenshot_20241119_125118_WhatsApp-300x294.jpg 300w, https:\/\/diarioprincipios.com\/wp-content\/uploads\/2024\/11\/Screenshot_20241119_125118_WhatsApp-768x753.jpg 768w, https:\/\/diarioprincipios.com\/wp-content\/uploads\/2024\/11\/Screenshot_20241119_125118_WhatsApp.jpg 1080w\" sizes=\"auto, (max-width: 1024px) 100vw, 1024px\" \/><\/figure>\n\n\n\n<p><br>\u00abMi nivel competitivo siempre estuve dentro del \u00e1rea metropolitana y de la costa de Buenos Aires, adem\u00e1s de campeonatos nacionales de los cu\u00e1les tengo medallas y podios, hasta el a\u00f1o pasado que tuvimos el privilegio de competir a nivel internacional y he tenido el logro de salir subcampe\u00f3n de luchas y formas en la superliga de Uruguay y tambi\u00e9n 2 \u00b0 puesto en Lucha<br>3\u00b0 puesto en formas por equipos, 3\u00b0 puesto en formas adultos\/ categor\u00edas de 18 a 35 a\u00f1os\u00bb, cont\u00f3 Damian.<\/p>\n\n\n\n<figure class=\"wp-block-image size-large\"><img loading=\"lazy\" decoding=\"async\" width=\"660\" height=\"1024\" src=\"https:\/\/diarioprincipios.com\/wp-content\/uploads\/2024\/11\/Screenshot_20241119_124844_WhatsApp-660x1024.jpg\" alt=\"\" class=\"wp-image-23546\" srcset=\"https:\/\/diarioprincipios.com\/wp-content\/uploads\/2024\/11\/Screenshot_20241119_124844_WhatsApp-660x1024.jpg 660w, https:\/\/diarioprincipios.com\/wp-content\/uploads\/2024\/11\/Screenshot_20241119_124844_WhatsApp-193x300.jpg 193w, https:\/\/diarioprincipios.com\/wp-content\/uploads\/2024\/11\/Screenshot_20241119_124844_WhatsApp-768x1192.jpg 768w, https:\/\/diarioprincipios.com\/wp-content\/uploads\/2024\/11\/Screenshot_20241119_124844_WhatsApp-989x1536.jpg 989w, https:\/\/diarioprincipios.com\/wp-content\/uploads\/2024\/11\/Screenshot_20241119_124844_WhatsApp.jpg 1079w\" sizes=\"auto, (max-width: 660px) 100vw, 660px\" \/><\/figure>\n\n\n\n<p>Seguidamente relat\u00f3 que \u00abeste a\u00f1o tuve el honor de representar a mi pa\u00eds en el campeonato centro y sudamericano que se realiz\u00f3 en Paraguay desde el 25 de Junio hasta el 1 de Julio y tambi\u00e9n en el Mundial de Mar del Plata donde fuimos Sub Campeones\u00bb.<\/p>\n\n\n\n<figure class=\"wp-block-image size-large\"><img loading=\"lazy\" decoding=\"async\" width=\"1024\" height=\"769\" src=\"https:\/\/diarioprincipios.com\/wp-content\/uploads\/2024\/11\/Screenshot_20241119_124730_WhatsApp-1024x769.jpg\" alt=\"\" class=\"wp-image-23547\" srcset=\"https:\/\/diarioprincipios.com\/wp-content\/uploads\/2024\/11\/Screenshot_20241119_124730_WhatsApp-1024x769.jpg 1024w, https:\/\/diarioprincipios.com\/wp-content\/uploads\/2024\/11\/Screenshot_20241119_124730_WhatsApp-300x225.jpg 300w, https:\/\/diarioprincipios.com\/wp-content\/uploads\/2024\/11\/Screenshot_20241119_124730_WhatsApp-768x577.jpg 768w, https:\/\/diarioprincipios.com\/wp-content\/uploads\/2024\/11\/Screenshot_20241119_124730_WhatsApp.jpg 1079w\" sizes=\"auto, (max-width: 1024px) 100vw, 1024px\" \/><\/figure>\n\n\n\n<p>El deportista, que recientemente fue distinguido por el Honorable Concejo Deliberante de Berazategui, destac\u00f3 que \u00abcomo todos sabemos estos son deportes amateurs por lo cual todo siempre es a pulm\u00f3n, y siempre estamos agradecidos de las familias y de los amigos, quiero agradecer particularmente al Concejo Deliberante, a su presidenta Andrea Canestro, al Secretario Osvaldo Acu\u00f1a, a la concejal y presidenta de la Asociaci\u00f3n de Voley Celia Cabrera, y al Intendente Juan Jos\u00e9 Mussi por impulsar el proyecto donde me nombran \u00abdeportista destacado\u00bb, algo que nos anima y compromete a seguir trabajando con esfuerzo para representar a nuestra ciudad en cada evento que nos toque\u00bb.<\/p>\n\n\n\n<figure class=\"wp-block-image size-large\"><img loading=\"lazy\" decoding=\"async\" width=\"769\" height=\"1024\" src=\"https:\/\/diarioprincipios.com\/wp-content\/uploads\/2024\/11\/Screenshot_20241119_124701_WhatsApp-769x1024.jpg\" alt=\"\" class=\"wp-image-23548\" srcset=\"https:\/\/diarioprincipios.com\/wp-content\/uploads\/2024\/11\/Screenshot_20241119_124701_WhatsApp-769x1024.jpg 769w, https:\/\/diarioprincipios.com\/wp-content\/uploads\/2024\/11\/Screenshot_20241119_124701_WhatsApp-225x300.jpg 225w, https:\/\/diarioprincipios.com\/wp-content\/uploads\/2024\/11\/Screenshot_20241119_124701_WhatsApp-768x1022.jpg 768w, https:\/\/diarioprincipios.com\/wp-content\/uploads\/2024\/11\/Screenshot_20241119_124701_WhatsApp.jpg 1079w\" sizes=\"auto, (max-width: 769px) 100vw, 769px\" \/><\/figure>\n","protected":false},"excerpt":{"rendered":"<p>El deportista berazateguense Dam\u00edan Gim\u00e9nez cierra un espectacular 2024 como Campe\u00f3n Panamericano y Subcampe\u00f3n del Mundo en la modalidad Formas de Taekwondo. Damian fue subcampe\u00f3n en el Campeonato Mundial desarrollado entre el 28 de octubre y el 3 de noviembre en Mar Del Plata y tambi\u00e9n se consagr\u00f3 recientemente como Campe\u00f3n Panamericano. Con 38 a\u00f1os,&#8230;<\/p>\n","protected":false},"author":2,"featured_media":23549,"comment_status":"open","ping_status":"open","sticky":false,"template":"","format":"standard","meta":{"footnotes":""},"categories":[6],"tags":[],"class_list":["post-23542","post","type-post","status-publish","format-standard","has-post-thumbnail","hentry","category-deportes"],"featured_image_src":"https:\/\/diarioprincipios.com\/wp-content\/uploads\/2024\/11\/Screenshot_20241119_125102_WhatsApp-1024x997.jpg","blog_images":{"medium":"https:\/\/diarioprincipios.com\/wp-content\/uploads\/2024\/11\/Screenshot_20241119_125102_WhatsApp-300x292.jpg","large":"https:\/\/diarioprincipios.com\/wp-content\/uploads\/2024\/11\/Screenshot_20241119_125102_WhatsApp-1024x997.jpg"},"ams_acf":[],"yoast_head":"<!-- This site is optimized with the Yoast SEO plugin v27.3 - https:\/\/yoast.com\/product\/yoast-seo-wordpress\/ -->\n<title>Damian Gim\u00e9nez cierra el 2024 como Campe\u00f3n Panamericano y Subcampe\u00f3n Mundial - Principios<\/title>\n<meta name=\"robots\" content=\"index, follow, max-snippet:-1, max-image-preview:large, max-video-preview:-1\" \/>\n<link rel=\"canonical\" href=\"https:\/\/diarioprincipios.com\/index.php\/2024\/11\/20\/damian-gimenez-cierra-el-2024-como-campeon-panamericano-y-subcampeon-mundial\/\" \/>\n<meta property=\"og:locale\" content=\"es_ES\" \/>\n<meta property=\"og:type\" content=\"article\" \/>\n<meta property=\"og:title\" content=\"Damian Gim\u00e9nez cierra el 2024 como Campe\u00f3n Panamericano y Subcampe\u00f3n Mundial - Principios\" \/>\n<meta property=\"og:description\" content=\"El deportista berazateguense Dam\u00edan Gim\u00e9nez cierra un espectacular 2024 como Campe\u00f3n Panamericano y Subcampe\u00f3n del Mundo en la modalidad Formas de Taekwondo. Damian fue subcampe\u00f3n en el Campeonato Mundial desarrollado entre el 28 de octubre y el 3 de noviembre en Mar Del Plata y tambi\u00e9n se consagr\u00f3 recientemente como Campe\u00f3n Panamericano. Con 38 a\u00f1os,...\" \/>\n<meta property=\"og:url\" content=\"https:\/\/diarioprincipios.com\/index.php\/2024\/11\/20\/damian-gimenez-cierra-el-2024-como-campeon-panamericano-y-subcampeon-mundial\/\" \/>\n<meta property=\"og:site_name\" content=\"Principios\" \/>\n<meta property=\"article:published_time\" content=\"2024-11-20T16:09:03+00:00\" \/>\n<meta property=\"article:modified_time\" content=\"2024-11-20T16:09:06+00:00\" \/>\n<meta property=\"og:image\" content=\"https:\/\/diarioprincipios.com\/wp-content\/uploads\/2024\/11\/Screenshot_20241119_125102_WhatsApp.jpg\" \/>\n\t<meta property=\"og:image:width\" content=\"1079\" \/>\n\t<meta property=\"og:image:height\" content=\"1051\" \/>\n\t<meta property=\"og:image:type\" content=\"image\/jpeg\" \/>\n<meta name=\"author\" content=\"Hern\u00e1n L\u00f3pez\" \/>\n<meta name=\"twitter:card\" content=\"summary_large_image\" \/>\n<meta name=\"twitter:label1\" content=\"Escrito por\" \/>\n\t<meta name=\"twitter:data1\" content=\"Hern\u00e1n L\u00f3pez\" \/>\n\t<meta name=\"twitter:label2\" content=\"Tiempo de lectura\" \/>\n\t<meta name=\"twitter:data2\" content=\"3 minutos\" \/>\n<script type=\"application\/ld+json\" class=\"yoast-schema-graph\">{\"@context\":\"https:\\\/\\\/schema.org\",\"@graph\":[{\"@type\":\"Article\",\"@id\":\"https:\\\/\\\/diarioprincipios.com\\\/index.php\\\/2024\\\/11\\\/20\\\/damian-gimenez-cierra-el-2024-como-campeon-panamericano-y-subcampeon-mundial\\\/#article\",\"isPartOf\":{\"@id\":\"https:\\\/\\\/diarioprincipios.com\\\/index.php\\\/2024\\\/11\\\/20\\\/damian-gimenez-cierra-el-2024-como-campeon-panamericano-y-subcampeon-mundial\\\/\"},\"author\":{\"name\":\"Hern\u00e1n L\u00f3pez\",\"@id\":\"https:\\\/\\\/diarioprincipios.com\\\/#\\\/schema\\\/person\\\/436d5a1fd41a5e250e23ff5a6a7cb080\"},\"headline\":\"Damian Gim\u00e9nez cierra el 2024 como Campe\u00f3n Panamericano y Subcampe\u00f3n Mundial\",\"datePublished\":\"2024-11-20T16:09:03+00:00\",\"dateModified\":\"2024-11-20T16:09:06+00:00\",\"mainEntityOfPage\":{\"@id\":\"https:\\\/\\\/diarioprincipios.com\\\/index.php\\\/2024\\\/11\\\/20\\\/damian-gimenez-cierra-el-2024-como-campeon-panamericano-y-subcampeon-mundial\\\/\"},\"wordCount\":352,\"commentCount\":0,\"publisher\":{\"@id\":\"https:\\\/\\\/diarioprincipios.com\\\/#organization\"},\"image\":{\"@id\":\"https:\\\/\\\/diarioprincipios.com\\\/index.php\\\/2024\\\/11\\\/20\\\/damian-gimenez-cierra-el-2024-como-campeon-panamericano-y-subcampeon-mundial\\\/#primaryimage\"},\"thumbnailUrl\":\"https:\\\/\\\/diarioprincipios.com\\\/wp-content\\\/uploads\\\/2024\\\/11\\\/Screenshot_20241119_125102_WhatsApp.jpg\",\"articleSection\":[\"Deportes\"],\"inLanguage\":\"es\",\"potentialAction\":[{\"@type\":\"CommentAction\",\"name\":\"Comment\",\"target\":[\"https:\\\/\\\/diarioprincipios.com\\\/index.php\\\/2024\\\/11\\\/20\\\/damian-gimenez-cierra-el-2024-como-campeon-panamericano-y-subcampeon-mundial\\\/#respond\"]}]},{\"@type\":\"WebPage\",\"@id\":\"https:\\\/\\\/diarioprincipios.com\\\/index.php\\\/2024\\\/11\\\/20\\\/damian-gimenez-cierra-el-2024-como-campeon-panamericano-y-subcampeon-mundial\\\/\",\"url\":\"https:\\\/\\\/diarioprincipios.com\\\/index.php\\\/2024\\\/11\\\/20\\\/damian-gimenez-cierra-el-2024-como-campeon-panamericano-y-subcampeon-mundial\\\/\",\"name\":\"Damian Gim\u00e9nez cierra el 2024 como Campe\u00f3n Panamericano y Subcampe\u00f3n Mundial - Principios\",\"isPartOf\":{\"@id\":\"https:\\\/\\\/diarioprincipios.com\\\/#website\"},\"primaryImageOfPage\":{\"@id\":\"https:\\\/\\\/diarioprincipios.com\\\/index.php\\\/2024\\\/11\\\/20\\\/damian-gimenez-cierra-el-2024-como-campeon-panamericano-y-subcampeon-mundial\\\/#primaryimage\"},\"image\":{\"@id\":\"https:\\\/\\\/diarioprincipios.com\\\/index.php\\\/2024\\\/11\\\/20\\\/damian-gimenez-cierra-el-2024-como-campeon-panamericano-y-subcampeon-mundial\\\/#primaryimage\"},\"thumbnailUrl\":\"https:\\\/\\\/diarioprincipios.com\\\/wp-content\\\/uploads\\\/2024\\\/11\\\/Screenshot_20241119_125102_WhatsApp.jpg\",\"datePublished\":\"2024-11-20T16:09:03+00:00\",\"dateModified\":\"2024-11-20T16:09:06+00:00\",\"breadcrumb\":{\"@id\":\"https:\\\/\\\/diarioprincipios.com\\\/index.php\\\/2024\\\/11\\\/20\\\/damian-gimenez-cierra-el-2024-como-campeon-panamericano-y-subcampeon-mundial\\\/#breadcrumb\"},\"inLanguage\":\"es\",\"potentialAction\":[{\"@type\":\"ReadAction\",\"target\":[\"https:\\\/\\\/diarioprincipios.com\\\/index.php\\\/2024\\\/11\\\/20\\\/damian-gimenez-cierra-el-2024-como-campeon-panamericano-y-subcampeon-mundial\\\/\"]}]},{\"@type\":\"ImageObject\",\"inLanguage\":\"es\",\"@id\":\"https:\\\/\\\/diarioprincipios.com\\\/index.php\\\/2024\\\/11\\\/20\\\/damian-gimenez-cierra-el-2024-como-campeon-panamericano-y-subcampeon-mundial\\\/#primaryimage\",\"url\":\"https:\\\/\\\/diarioprincipios.com\\\/wp-content\\\/uploads\\\/2024\\\/11\\\/Screenshot_20241119_125102_WhatsApp.jpg\",\"contentUrl\":\"https:\\\/\\\/diarioprincipios.com\\\/wp-content\\\/uploads\\\/2024\\\/11\\\/Screenshot_20241119_125102_WhatsApp.jpg\",\"width\":1079,\"height\":1051},{\"@type\":\"BreadcrumbList\",\"@id\":\"https:\\\/\\\/diarioprincipios.com\\\/index.php\\\/2024\\\/11\\\/20\\\/damian-gimenez-cierra-el-2024-como-campeon-panamericano-y-subcampeon-mundial\\\/#breadcrumb\",\"itemListElement\":[{\"@type\":\"ListItem\",\"position\":1,\"name\":\"Portada\",\"item\":\"https:\\\/\\\/diarioprincipios.com\\\/\"},{\"@type\":\"ListItem\",\"position\":2,\"name\":\"Damian Gim\u00e9nez cierra el 2024 como Campe\u00f3n Panamericano y Subcampe\u00f3n Mundial\"}]},{\"@type\":\"WebSite\",\"@id\":\"https:\\\/\\\/diarioprincipios.com\\\/#website\",\"url\":\"https:\\\/\\\/diarioprincipios.com\\\/\",\"name\":\"Principios\",\"description\":\"Principios Diario\",\"publisher\":{\"@id\":\"https:\\\/\\\/diarioprincipios.com\\\/#organization\"},\"potentialAction\":[{\"@type\":\"SearchAction\",\"target\":{\"@type\":\"EntryPoint\",\"urlTemplate\":\"https:\\\/\\\/diarioprincipios.com\\\/?s={search_term_string}\"},\"query-input\":{\"@type\":\"PropertyValueSpecification\",\"valueRequired\":true,\"valueName\":\"search_term_string\"}}],\"inLanguage\":\"es\"},{\"@type\":\"Organization\",\"@id\":\"https:\\\/\\\/diarioprincipios.com\\\/#organization\",\"name\":\"Principios\",\"url\":\"https:\\\/\\\/diarioprincipios.com\\\/\",\"logo\":{\"@type\":\"ImageObject\",\"inLanguage\":\"es\",\"@id\":\"https:\\\/\\\/diarioprincipios.com\\\/#\\\/schema\\\/logo\\\/image\\\/\",\"url\":\"https:\\\/\\\/diarioprincipios.com\\\/wp-content\\\/uploads\\\/2024\\\/04\\\/cropped-www.diarioprincipios.com_-1.png\",\"contentUrl\":\"https:\\\/\\\/diarioprincipios.com\\\/wp-content\\\/uploads\\\/2024\\\/04\\\/cropped-www.diarioprincipios.com_-1.png\",\"width\":5325,\"height\":1454,\"caption\":\"Principios\"},\"image\":{\"@id\":\"https:\\\/\\\/diarioprincipios.com\\\/#\\\/schema\\\/logo\\\/image\\\/\"}},{\"@type\":\"Person\",\"@id\":\"https:\\\/\\\/diarioprincipios.com\\\/#\\\/schema\\\/person\\\/436d5a1fd41a5e250e23ff5a6a7cb080\",\"name\":\"Hern\u00e1n L\u00f3pez\",\"image\":{\"@type\":\"ImageObject\",\"inLanguage\":\"es\",\"@id\":\"https:\\\/\\\/diarioprincipios.com\\\/wp-content\\\/litespeed\\\/avatar\\\/11ddfe5610ff3bd100522525b2571f48.jpg?ver=1777048341\",\"url\":\"https:\\\/\\\/diarioprincipios.com\\\/wp-content\\\/litespeed\\\/avatar\\\/11ddfe5610ff3bd100522525b2571f48.jpg?ver=1777048341\",\"contentUrl\":\"https:\\\/\\\/diarioprincipios.com\\\/wp-content\\\/litespeed\\\/avatar\\\/11ddfe5610ff3bd100522525b2571f48.jpg?ver=1777048341\",\"caption\":\"Hern\u00e1n L\u00f3pez\"},\"url\":\"https:\\\/\\\/diarioprincipios.com\\\/index.php\\\/author\\\/hernan\\\/\"}]}<\/script>\n<!-- \/ Yoast SEO plugin. -->","yoast_head_json":{"title":"Damian Gim\u00e9nez cierra el 2024 como Campe\u00f3n Panamericano y Subcampe\u00f3n Mundial - Principios","robots":{"index":"index","follow":"follow","max-snippet":"max-snippet:-1","max-image-preview":"max-image-preview:large","max-video-preview":"max-video-preview:-1"},"canonical":"https:\/\/diarioprincipios.com\/index.php\/2024\/11\/20\/damian-gimenez-cierra-el-2024-como-campeon-panamericano-y-subcampeon-mundial\/","og_locale":"es_ES","og_type":"article","og_title":"Damian Gim\u00e9nez cierra el 2024 como Campe\u00f3n Panamericano y Subcampe\u00f3n Mundial - Principios","og_description":"El deportista berazateguense Dam\u00edan Gim\u00e9nez cierra un espectacular 2024 como Campe\u00f3n Panamericano y Subcampe\u00f3n del Mundo en la modalidad Formas de Taekwondo. Damian fue subcampe\u00f3n en el Campeonato Mundial desarrollado entre el 28 de octubre y el 3 de noviembre en Mar Del Plata y tambi\u00e9n se consagr\u00f3 recientemente como Campe\u00f3n Panamericano. Con 38 a\u00f1os,...","og_url":"https:\/\/diarioprincipios.com\/index.php\/2024\/11\/20\/damian-gimenez-cierra-el-2024-como-campeon-panamericano-y-subcampeon-mundial\/","og_site_name":"Principios","article_published_time":"2024-11-20T16:09:03+00:00","article_modified_time":"2024-11-20T16:09:06+00:00","og_image":[{"width":1079,"height":1051,"url":"https:\/\/diarioprincipios.com\/wp-content\/uploads\/2024\/11\/Screenshot_20241119_125102_WhatsApp.jpg","type":"image\/jpeg"}],"author":"Hern\u00e1n L\u00f3pez","twitter_card":"summary_large_image","twitter_misc":{"Escrito por":"Hern\u00e1n L\u00f3pez","Tiempo de lectura":"3 minutos"},"schema":{"@context":"https:\/\/schema.org","@graph":[{"@type":"Article","@id":"https:\/\/diarioprincipios.com\/index.php\/2024\/11\/20\/damian-gimenez-cierra-el-2024-como-campeon-panamericano-y-subcampeon-mundial\/#article","isPartOf":{"@id":"https:\/\/diarioprincipios.com\/index.php\/2024\/11\/20\/damian-gimenez-cierra-el-2024-como-campeon-panamericano-y-subcampeon-mundial\/"},"author":{"name":"Hern\u00e1n L\u00f3pez","@id":"https:\/\/diarioprincipios.com\/#\/schema\/person\/436d5a1fd41a5e250e23ff5a6a7cb080"},"headline":"Damian Gim\u00e9nez cierra el 2024 como Campe\u00f3n Panamericano y Subcampe\u00f3n Mundial","datePublished":"2024-11-20T16:09:03+00:00","dateModified":"2024-11-20T16:09:06+00:00","mainEntityOfPage":{"@id":"https:\/\/diarioprincipios.com\/index.php\/2024\/11\/20\/damian-gimenez-cierra-el-2024-como-campeon-panamericano-y-subcampeon-mundial\/"},"wordCount":352,"commentCount":0,"publisher":{"@id":"https:\/\/diarioprincipios.com\/#organization"},"image":{"@id":"https:\/\/diarioprincipios.com\/index.php\/2024\/11\/20\/damian-gimenez-cierra-el-2024-como-campeon-panamericano-y-subcampeon-mundial\/#primaryimage"},"thumbnailUrl":"https:\/\/diarioprincipios.com\/wp-content\/uploads\/2024\/11\/Screenshot_20241119_125102_WhatsApp.jpg","articleSection":["Deportes"],"inLanguage":"es","potentialAction":[{"@type":"CommentAction","name":"Comment","target":["https:\/\/diarioprincipios.com\/index.php\/2024\/11\/20\/damian-gimenez-cierra-el-2024-como-campeon-panamericano-y-subcampeon-mundial\/#respond"]}]},{"@type":"WebPage","@id":"https:\/\/diarioprincipios.com\/index.php\/2024\/11\/20\/damian-gimenez-cierra-el-2024-como-campeon-panamericano-y-subcampeon-mundial\/","url":"https:\/\/diarioprincipios.com\/index.php\/2024\/11\/20\/damian-gimenez-cierra-el-2024-como-campeon-panamericano-y-subcampeon-mundial\/","name":"Damian Gim\u00e9nez cierra el 2024 como Campe\u00f3n Panamericano y Subcampe\u00f3n Mundial - Principios","isPartOf":{"@id":"https:\/\/diarioprincipios.com\/#website"},"primaryImageOfPage":{"@id":"https:\/\/diarioprincipios.com\/index.php\/2024\/11\/20\/damian-gimenez-cierra-el-2024-como-campeon-panamericano-y-subcampeon-mundial\/#primaryimage"},"image":{"@id":"https:\/\/diarioprincipios.com\/index.php\/2024\/11\/20\/damian-gimenez-cierra-el-2024-como-campeon-panamericano-y-subcampeon-mundial\/#primaryimage"},"thumbnailUrl":"https:\/\/diarioprincipios.com\/wp-content\/uploads\/2024\/11\/Screenshot_20241119_125102_WhatsApp.jpg","datePublished":"2024-11-20T16:09:03+00:00","dateModified":"2024-11-20T16:09:06+00:00","breadcrumb":{"@id":"https:\/\/diarioprincipios.com\/index.php\/2024\/11\/20\/damian-gimenez-cierra-el-2024-como-campeon-panamericano-y-subcampeon-mundial\/#breadcrumb"},"inLanguage":"es","potentialAction":[{"@type":"ReadAction","target":["https:\/\/diarioprincipios.com\/index.php\/2024\/11\/20\/damian-gimenez-cierra-el-2024-como-campeon-panamericano-y-subcampeon-mundial\/"]}]},{"@type":"ImageObject","inLanguage":"es","@id":"https:\/\/diarioprincipios.com\/index.php\/2024\/11\/20\/damian-gimenez-cierra-el-2024-como-campeon-panamericano-y-subcampeon-mundial\/#primaryimage","url":"https:\/\/diarioprincipios.com\/wp-content\/uploads\/2024\/11\/Screenshot_20241119_125102_WhatsApp.jpg","contentUrl":"https:\/\/diarioprincipios.com\/wp-content\/uploads\/2024\/11\/Screenshot_20241119_125102_WhatsApp.jpg","width":1079,"height":1051},{"@type":"BreadcrumbList","@id":"https:\/\/diarioprincipios.com\/index.php\/2024\/11\/20\/damian-gimenez-cierra-el-2024-como-campeon-panamericano-y-subcampeon-mundial\/#breadcrumb","itemListElement":[{"@type":"ListItem","position":1,"name":"Portada","item":"https:\/\/diarioprincipios.com\/"},{"@type":"ListItem","position":2,"name":"Damian Gim\u00e9nez cierra el 2024 como Campe\u00f3n Panamericano y Subcampe\u00f3n Mundial"}]},{"@type":"WebSite","@id":"https:\/\/diarioprincipios.com\/#website","url":"https:\/\/diarioprincipios.com\/","name":"Principios","description":"Principios Diario","publisher":{"@id":"https:\/\/diarioprincipios.com\/#organization"},"potentialAction":[{"@type":"SearchAction","target":{"@type":"EntryPoint","urlTemplate":"https:\/\/diarioprincipios.com\/?s={search_term_string}"},"query-input":{"@type":"PropertyValueSpecification","valueRequired":true,"valueName":"search_term_string"}}],"inLanguage":"es"},{"@type":"Organization","@id":"https:\/\/diarioprincipios.com\/#organization","name":"Principios","url":"https:\/\/diarioprincipios.com\/","logo":{"@type":"ImageObject","inLanguage":"es","@id":"https:\/\/diarioprincipios.com\/#\/schema\/logo\/image\/","url":"https:\/\/diarioprincipios.com\/wp-content\/uploads\/2024\/04\/cropped-www.diarioprincipios.com_-1.png","contentUrl":"https:\/\/diarioprincipios.com\/wp-content\/uploads\/2024\/04\/cropped-www.diarioprincipios.com_-1.png","width":5325,"height":1454,"caption":"Principios"},"image":{"@id":"https:\/\/diarioprincipios.com\/#\/schema\/logo\/image\/"}},{"@type":"Person","@id":"https:\/\/diarioprincipios.com\/#\/schema\/person\/436d5a1fd41a5e250e23ff5a6a7cb080","name":"Hern\u00e1n L\u00f3pez","image":{"@type":"ImageObject","inLanguage":"es","@id":"https:\/\/diarioprincipios.com\/wp-content\/litespeed\/avatar\/11ddfe5610ff3bd100522525b2571f48.jpg?ver=1777048341","url":"https:\/\/diarioprincipios.com\/wp-content\/litespeed\/avatar\/11ddfe5610ff3bd100522525b2571f48.jpg?ver=1777048341","contentUrl":"https:\/\/diarioprincipios.com\/wp-content\/litespeed\/avatar\/11ddfe5610ff3bd100522525b2571f48.jpg?ver=1777048341","caption":"Hern\u00e1n L\u00f3pez"},"url":"https:\/\/diarioprincipios.com\/index.php\/author\/hernan\/"}]}},"jetpack_featured_media_url":"https:\/\/diarioprincipios.com\/wp-content\/uploads\/2024\/11\/Screenshot_20241119_125102_WhatsApp.jpg","_links":{"self":[{"href":"https:\/\/diarioprincipios.com\/index.php\/wp-json\/wp\/v2\/posts\/23542","targetHints":{"allow":["GET"]}}],"collection":[{"href":"https:\/\/diarioprincipios.com\/index.php\/wp-json\/wp\/v2\/posts"}],"about":[{"href":"https:\/\/diarioprincipios.com\/index.php\/wp-json\/wp\/v2\/types\/post"}],"author":[{"embeddable":true,"href":"https:\/\/diarioprincipios.com\/index.php\/wp-json\/wp\/v2\/users\/2"}],"replies":[{"embeddable":true,"href":"https:\/\/diarioprincipios.com\/index.php\/wp-json\/wp\/v2\/comments?post=23542"}],"version-history":[{"count":1,"href":"https:\/\/diarioprincipios.com\/index.php\/wp-json\/wp\/v2\/posts\/23542\/revisions"}],"predecessor-version":[{"id":23550,"href":"https:\/\/diarioprincipios.com\/index.php\/wp-json\/wp\/v2\/posts\/23542\/revisions\/23550"}],"wp:featuredmedia":[{"embeddable":true,"href":"https:\/\/diarioprincipios.com\/index.php\/wp-json\/wp\/v2\/media\/23549"}],"wp:attachment":[{"href":"https:\/\/diarioprincipios.com\/index.php\/wp-json\/wp\/v2\/media?parent=23542"}],"wp:term":[{"taxonomy":"category","embeddable":true,"href":"https:\/\/diarioprincipios.com\/index.php\/wp-json\/wp\/v2\/categories?post=23542"},{"taxonomy":"post_tag","embeddable":true,"href":"https:\/\/diarioprincipios.com\/index.php\/wp-json\/wp\/v2\/tags?post=23542"}],"curies":[{"name":"wp","href":"https:\/\/api.w.org\/{rel}","templated":true}]}}