{"id":23534,"date":"2024-11-19T16:13:38","date_gmt":"2024-11-19T19:13:38","guid":{"rendered":"http:\/\/diarioprincipios.com\/?p=23534"},"modified":"2024-11-19T16:13:40","modified_gmt":"2024-11-19T19:13:40","slug":"la-unaj-se-suma-a-la-noche-de-las-universidades","status":"publish","type":"post","link":"https:\/\/diarioprincipios.com\/index.php\/2024\/11\/19\/la-unaj-se-suma-a-la-noche-de-las-universidades\/","title":{"rendered":"La UNAJ se suma a La Noche de las Universidades\u00a0"},"content":{"rendered":"\n<p>El jueves 21 de noviembre, a partir de las 19, las universidades p\u00fablicas de todo el pa\u00eds invitan a sus comunidades a disfrutar de actividades culturales, musicales, acad\u00e9micas, de investigaci\u00f3n y cient\u00edficas.<\/p>\n\n\n\n<p>La iniciativa se realiza horas previas al 75\u00b0 aniversario de la gratuidad universitaria en Argentina, que se celebra el 22 de noviembre.<\/p>\n\n\n\n<figure class=\"wp-block-image size-large\"><img loading=\"lazy\" decoding=\"async\" width=\"1024\" height=\"1024\" src=\"https:\/\/diarioprincipios.com\/wp-content\/uploads\/2024\/11\/WhatsApp-Image-2024-11-19-at-11_20_08-1024x1024.jpeg\" alt=\"\" class=\"wp-image-23536\" srcset=\"https:\/\/diarioprincipios.com\/wp-content\/uploads\/2024\/11\/WhatsApp-Image-2024-11-19-at-11_20_08-1024x1024.jpeg 1024w, https:\/\/diarioprincipios.com\/wp-content\/uploads\/2024\/11\/WhatsApp-Image-2024-11-19-at-11_20_08-300x300.jpeg 300w, https:\/\/diarioprincipios.com\/wp-content\/uploads\/2024\/11\/WhatsApp-Image-2024-11-19-at-11_20_08-150x150.jpeg 150w, https:\/\/diarioprincipios.com\/wp-content\/uploads\/2024\/11\/WhatsApp-Image-2024-11-19-at-11_20_08-768x768.jpeg 768w, https:\/\/diarioprincipios.com\/wp-content\/uploads\/2024\/11\/WhatsApp-Image-2024-11-19-at-11_20_08-1536x1536.jpeg 1536w, https:\/\/diarioprincipios.com\/wp-content\/uploads\/2024\/11\/WhatsApp-Image-2024-11-19-at-11_20_08.jpeg 1600w\" sizes=\"auto, (max-width: 1024px) 100vw, 1024px\" \/><\/figure>\n\n\n\n<p>Desde las &nbsp;19 a 24 hs, la UNAJ abre sus puertas con actividades para que la comunidad conozca y disfrute la universidad:<\/p>\n\n\n\n<p>Deportes y recreaci\u00f3n:<\/p>\n\n\n\n<p>\u2022 F\u00fatbol Tenis, F\u00fatbol Penales y V\u00f3ley<\/p>\n\n\n\n<p>\u2022 Strike 360, Ajedrez y Minivoley<\/p>\n\n\n\n<p>M\u00fasica en vivo:<\/p>\n\n\n\n<p>\u2022 Show ac\u00fastico de Anita Cozzi en el Patio de la Magnolia.<\/p>\n\n\n\n<p>Actividades Culturales:<\/p>\n\n\n\n<p>\u2022 Teatro, Cine y Derechos Humanos y cortometrajes en el Auditorio<\/p>\n\n\n\n<p>Stands con propuestas de todas nuestras carreras:<\/p>\n\n\n\n<p>\u2022 Modelado Biom\u00e9dico + Impresi\u00f3n 3D + Realidad Aumentada y Robots, dom\u00f3tica, IoT<\/p>\n\n\n\n<p>\u2022 Talleres de Anticoncepci\u00f3n y RCP.<\/p>\n\n\n\n<p>\u2022 Debates sobre la situaci\u00f3n econ\u00f3mica actual.<\/p>\n\n\n\n<p>\u2022 Charlas y clases abiertas sobre Gesti\u00f3n ambiental en Malvinas y Ant\u00e1rtida, Gesti\u00f3n comunitaria del h\u00e1bitat, Cambio Clim\u00e1tico, Vinculaci\u00f3n con el entramado socio productivo local, entre otras.<\/p>\n\n\n\n<p>Presentaciones de libros:<\/p>\n\n\n\n<p>\u2022 Las universidades del conurbano: entre resistencias y desaf\u00edos, por el Doctorado del Conurbano.<\/p>\n\n\n\n<p>\u2022 Obras colectivas:<\/p>\n\n\n\n<p>Ciencia colectiva y sus resultados, por la Secretar\u00eda de Investigaci\u00f3n.<\/p>\n\n\n\n<p>Caf\u00e9 Cient\u00edfico: di\u00e1logos informales con investigadores, por la Secretar\u00eda de Investigaci\u00f3n.<\/p>\n\n\n\n<p>Visitas guiadas: al Hospital de Simulaci\u00f3n, al Centro Universitario de Ciencias Forenses y Derechos Humanos, Recorridas por el predio en clave hist\u00f3rica, y m\u00e1s.<\/p>\n","protected":false},"excerpt":{"rendered":"<p>El jueves 21 de noviembre, a partir de las 19, las universidades p\u00fablicas de todo el pa\u00eds invitan a sus comunidades a disfrutar de actividades culturales, musicales, acad\u00e9micas, de investigaci\u00f3n y cient\u00edficas. La iniciativa se realiza horas previas al 75\u00b0 aniversario de la gratuidad universitaria en Argentina, que se celebra el 22 de noviembre. Desde&#8230;<\/p>\n","protected":false},"author":2,"featured_media":23535,"comment_status":"open","ping_status":"open","sticky":false,"template":"","format":"standard","meta":{"footnotes":""},"categories":[19],"tags":[],"class_list":["post-23534","post","type-post","status-publish","format-standard","has-post-thumbnail","hentry","category-cultura-educacion"],"featured_image_src":"https:\/\/diarioprincipios.com\/wp-content\/uploads\/2024\/11\/FB_IMG_1732042695981.jpg","blog_images":{"medium":"https:\/\/diarioprincipios.com\/wp-content\/uploads\/2024\/11\/FB_IMG_1732042695981-300x169.jpg","large":"https:\/\/diarioprincipios.com\/wp-content\/uploads\/2024\/11\/FB_IMG_1732042695981.jpg"},"ams_acf":[],"yoast_head":"<!-- This site is optimized with the Yoast SEO plugin v27.3 - https:\/\/yoast.com\/product\/yoast-seo-wordpress\/ -->\n<title>La UNAJ se suma a La Noche de las Universidades\u00a0 - Principios<\/title>\n<meta name=\"robots\" content=\"index, follow, max-snippet:-1, max-image-preview:large, max-video-preview:-1\" \/>\n<link rel=\"canonical\" href=\"https:\/\/diarioprincipios.com\/index.php\/2024\/11\/19\/la-unaj-se-suma-a-la-noche-de-las-universidades\/\" \/>\n<meta property=\"og:locale\" content=\"es_ES\" \/>\n<meta property=\"og:type\" content=\"article\" \/>\n<meta property=\"og:title\" content=\"La UNAJ se suma a La Noche de las Universidades\u00a0 - Principios\" \/>\n<meta property=\"og:description\" content=\"El jueves 21 de noviembre, a partir de las 19, las universidades p\u00fablicas de todo el pa\u00eds invitan a sus comunidades a disfrutar de actividades culturales, musicales, acad\u00e9micas, de investigaci\u00f3n y cient\u00edficas. La iniciativa se realiza horas previas al 75\u00b0 aniversario de la gratuidad universitaria en Argentina, que se celebra el 22 de noviembre. Desde...\" \/>\n<meta property=\"og:url\" content=\"https:\/\/diarioprincipios.com\/index.php\/2024\/11\/19\/la-unaj-se-suma-a-la-noche-de-las-universidades\/\" \/>\n<meta property=\"og:site_name\" content=\"Principios\" \/>\n<meta property=\"article:published_time\" content=\"2024-11-19T19:13:38+00:00\" \/>\n<meta property=\"article:modified_time\" content=\"2024-11-19T19:13:40+00:00\" \/>\n<meta property=\"og:image\" content=\"https:\/\/diarioprincipios.com\/wp-content\/uploads\/2024\/11\/FB_IMG_1732042695981.jpg\" \/>\n\t<meta property=\"og:image:width\" content=\"680\" \/>\n\t<meta property=\"og:image:height\" content=\"383\" \/>\n\t<meta property=\"og:image:type\" content=\"image\/jpeg\" \/>\n<meta name=\"author\" content=\"Hern\u00e1n L\u00f3pez\" \/>\n<meta name=\"twitter:card\" content=\"summary_large_image\" \/>\n<meta name=\"twitter:label1\" content=\"Escrito por\" \/>\n\t<meta name=\"twitter:data1\" content=\"Hern\u00e1n L\u00f3pez\" \/>\n\t<meta name=\"twitter:label2\" content=\"Tiempo de lectura\" \/>\n\t<meta name=\"twitter:data2\" content=\"2 minutos\" \/>\n<script type=\"application\/ld+json\" class=\"yoast-schema-graph\">{\"@context\":\"https:\\\/\\\/schema.org\",\"@graph\":[{\"@type\":\"Article\",\"@id\":\"https:\\\/\\\/diarioprincipios.com\\\/index.php\\\/2024\\\/11\\\/19\\\/la-unaj-se-suma-a-la-noche-de-las-universidades\\\/#article\",\"isPartOf\":{\"@id\":\"https:\\\/\\\/diarioprincipios.com\\\/index.php\\\/2024\\\/11\\\/19\\\/la-unaj-se-suma-a-la-noche-de-las-universidades\\\/\"},\"author\":{\"name\":\"Hern\u00e1n L\u00f3pez\",\"@id\":\"https:\\\/\\\/diarioprincipios.com\\\/#\\\/schema\\\/person\\\/436d5a1fd41a5e250e23ff5a6a7cb080\"},\"headline\":\"La UNAJ se suma a La Noche de las Universidades\u00a0\",\"datePublished\":\"2024-11-19T19:13:38+00:00\",\"dateModified\":\"2024-11-19T19:13:40+00:00\",\"mainEntityOfPage\":{\"@id\":\"https:\\\/\\\/diarioprincipios.com\\\/index.php\\\/2024\\\/11\\\/19\\\/la-unaj-se-suma-a-la-noche-de-las-universidades\\\/\"},\"wordCount\":270,\"commentCount\":0,\"publisher\":{\"@id\":\"https:\\\/\\\/diarioprincipios.com\\\/#organization\"},\"image\":{\"@id\":\"https:\\\/\\\/diarioprincipios.com\\\/index.php\\\/2024\\\/11\\\/19\\\/la-unaj-se-suma-a-la-noche-de-las-universidades\\\/#primaryimage\"},\"thumbnailUrl\":\"https:\\\/\\\/diarioprincipios.com\\\/wp-content\\\/uploads\\\/2024\\\/11\\\/FB_IMG_1732042695981.jpg\",\"articleSection\":[\"Cultura y Educaci\u00f3n\"],\"inLanguage\":\"es\",\"potentialAction\":[{\"@type\":\"CommentAction\",\"name\":\"Comment\",\"target\":[\"https:\\\/\\\/diarioprincipios.com\\\/index.php\\\/2024\\\/11\\\/19\\\/la-unaj-se-suma-a-la-noche-de-las-universidades\\\/#respond\"]}]},{\"@type\":\"WebPage\",\"@id\":\"https:\\\/\\\/diarioprincipios.com\\\/index.php\\\/2024\\\/11\\\/19\\\/la-unaj-se-suma-a-la-noche-de-las-universidades\\\/\",\"url\":\"https:\\\/\\\/diarioprincipios.com\\\/index.php\\\/2024\\\/11\\\/19\\\/la-unaj-se-suma-a-la-noche-de-las-universidades\\\/\",\"name\":\"La UNAJ se suma a La Noche de las Universidades\u00a0 - Principios\",\"isPartOf\":{\"@id\":\"https:\\\/\\\/diarioprincipios.com\\\/#website\"},\"primaryImageOfPage\":{\"@id\":\"https:\\\/\\\/diarioprincipios.com\\\/index.php\\\/2024\\\/11\\\/19\\\/la-unaj-se-suma-a-la-noche-de-las-universidades\\\/#primaryimage\"},\"image\":{\"@id\":\"https:\\\/\\\/diarioprincipios.com\\\/index.php\\\/2024\\\/11\\\/19\\\/la-unaj-se-suma-a-la-noche-de-las-universidades\\\/#primaryimage\"},\"thumbnailUrl\":\"https:\\\/\\\/diarioprincipios.com\\\/wp-content\\\/uploads\\\/2024\\\/11\\\/FB_IMG_1732042695981.jpg\",\"datePublished\":\"2024-11-19T19:13:38+00:00\",\"dateModified\":\"2024-11-19T19:13:40+00:00\",\"breadcrumb\":{\"@id\":\"https:\\\/\\\/diarioprincipios.com\\\/index.php\\\/2024\\\/11\\\/19\\\/la-unaj-se-suma-a-la-noche-de-las-universidades\\\/#breadcrumb\"},\"inLanguage\":\"es\",\"potentialAction\":[{\"@type\":\"ReadAction\",\"target\":[\"https:\\\/\\\/diarioprincipios.com\\\/index.php\\\/2024\\\/11\\\/19\\\/la-unaj-se-suma-a-la-noche-de-las-universidades\\\/\"]}]},{\"@type\":\"ImageObject\",\"inLanguage\":\"es\",\"@id\":\"https:\\\/\\\/diarioprincipios.com\\\/index.php\\\/2024\\\/11\\\/19\\\/la-unaj-se-suma-a-la-noche-de-las-universidades\\\/#primaryimage\",\"url\":\"https:\\\/\\\/diarioprincipios.com\\\/wp-content\\\/uploads\\\/2024\\\/11\\\/FB_IMG_1732042695981.jpg\",\"contentUrl\":\"https:\\\/\\\/diarioprincipios.com\\\/wp-content\\\/uploads\\\/2024\\\/11\\\/FB_IMG_1732042695981.jpg\",\"width\":680,\"height\":383},{\"@type\":\"BreadcrumbList\",\"@id\":\"https:\\\/\\\/diarioprincipios.com\\\/index.php\\\/2024\\\/11\\\/19\\\/la-unaj-se-suma-a-la-noche-de-las-universidades\\\/#breadcrumb\",\"itemListElement\":[{\"@type\":\"ListItem\",\"position\":1,\"name\":\"Portada\",\"item\":\"https:\\\/\\\/diarioprincipios.com\\\/\"},{\"@type\":\"ListItem\",\"position\":2,\"name\":\"La UNAJ se suma a La Noche de las Universidades\u00a0\"}]},{\"@type\":\"WebSite\",\"@id\":\"https:\\\/\\\/diarioprincipios.com\\\/#website\",\"url\":\"https:\\\/\\\/diarioprincipios.com\\\/\",\"name\":\"Principios\",\"description\":\"Principios Diario\",\"publisher\":{\"@id\":\"https:\\\/\\\/diarioprincipios.com\\\/#organization\"},\"potentialAction\":[{\"@type\":\"SearchAction\",\"target\":{\"@type\":\"EntryPoint\",\"urlTemplate\":\"https:\\\/\\\/diarioprincipios.com\\\/?s={search_term_string}\"},\"query-input\":{\"@type\":\"PropertyValueSpecification\",\"valueRequired\":true,\"valueName\":\"search_term_string\"}}],\"inLanguage\":\"es\"},{\"@type\":\"Organization\",\"@id\":\"https:\\\/\\\/diarioprincipios.com\\\/#organization\",\"name\":\"Principios\",\"url\":\"https:\\\/\\\/diarioprincipios.com\\\/\",\"logo\":{\"@type\":\"ImageObject\",\"inLanguage\":\"es\",\"@id\":\"https:\\\/\\\/diarioprincipios.com\\\/#\\\/schema\\\/logo\\\/image\\\/\",\"url\":\"https:\\\/\\\/diarioprincipios.com\\\/wp-content\\\/uploads\\\/2024\\\/04\\\/cropped-www.diarioprincipios.com_-1.png\",\"contentUrl\":\"https:\\\/\\\/diarioprincipios.com\\\/wp-content\\\/uploads\\\/2024\\\/04\\\/cropped-www.diarioprincipios.com_-1.png\",\"width\":5325,\"height\":1454,\"caption\":\"Principios\"},\"image\":{\"@id\":\"https:\\\/\\\/diarioprincipios.com\\\/#\\\/schema\\\/logo\\\/image\\\/\"}},{\"@type\":\"Person\",\"@id\":\"https:\\\/\\\/diarioprincipios.com\\\/#\\\/schema\\\/person\\\/436d5a1fd41a5e250e23ff5a6a7cb080\",\"name\":\"Hern\u00e1n L\u00f3pez\",\"image\":{\"@type\":\"ImageObject\",\"inLanguage\":\"es\",\"@id\":\"https:\\\/\\\/diarioprincipios.com\\\/wp-content\\\/litespeed\\\/avatar\\\/11ddfe5610ff3bd100522525b2571f48.jpg?ver=1777048341\",\"url\":\"https:\\\/\\\/diarioprincipios.com\\\/wp-content\\\/litespeed\\\/avatar\\\/11ddfe5610ff3bd100522525b2571f48.jpg?ver=1777048341\",\"contentUrl\":\"https:\\\/\\\/diarioprincipios.com\\\/wp-content\\\/litespeed\\\/avatar\\\/11ddfe5610ff3bd100522525b2571f48.jpg?ver=1777048341\",\"caption\":\"Hern\u00e1n L\u00f3pez\"},\"url\":\"https:\\\/\\\/diarioprincipios.com\\\/index.php\\\/author\\\/hernan\\\/\"}]}<\/script>\n<!-- \/ Yoast SEO plugin. -->","yoast_head_json":{"title":"La UNAJ se suma a La Noche de las Universidades\u00a0 - Principios","robots":{"index":"index","follow":"follow","max-snippet":"max-snippet:-1","max-image-preview":"max-image-preview:large","max-video-preview":"max-video-preview:-1"},"canonical":"https:\/\/diarioprincipios.com\/index.php\/2024\/11\/19\/la-unaj-se-suma-a-la-noche-de-las-universidades\/","og_locale":"es_ES","og_type":"article","og_title":"La UNAJ se suma a La Noche de las Universidades\u00a0 - Principios","og_description":"El jueves 21 de noviembre, a partir de las 19, las universidades p\u00fablicas de todo el pa\u00eds invitan a sus comunidades a disfrutar de actividades culturales, musicales, acad\u00e9micas, de investigaci\u00f3n y cient\u00edficas. La iniciativa se realiza horas previas al 75\u00b0 aniversario de la gratuidad universitaria en Argentina, que se celebra el 22 de noviembre. Desde...","og_url":"https:\/\/diarioprincipios.com\/index.php\/2024\/11\/19\/la-unaj-se-suma-a-la-noche-de-las-universidades\/","og_site_name":"Principios","article_published_time":"2024-11-19T19:13:38+00:00","article_modified_time":"2024-11-19T19:13:40+00:00","og_image":[{"width":680,"height":383,"url":"https:\/\/diarioprincipios.com\/wp-content\/uploads\/2024\/11\/FB_IMG_1732042695981.jpg","type":"image\/jpeg"}],"author":"Hern\u00e1n L\u00f3pez","twitter_card":"summary_large_image","twitter_misc":{"Escrito por":"Hern\u00e1n L\u00f3pez","Tiempo de lectura":"2 minutos"},"schema":{"@context":"https:\/\/schema.org","@graph":[{"@type":"Article","@id":"https:\/\/diarioprincipios.com\/index.php\/2024\/11\/19\/la-unaj-se-suma-a-la-noche-de-las-universidades\/#article","isPartOf":{"@id":"https:\/\/diarioprincipios.com\/index.php\/2024\/11\/19\/la-unaj-se-suma-a-la-noche-de-las-universidades\/"},"author":{"name":"Hern\u00e1n L\u00f3pez","@id":"https:\/\/diarioprincipios.com\/#\/schema\/person\/436d5a1fd41a5e250e23ff5a6a7cb080"},"headline":"La UNAJ se suma a La Noche de las Universidades\u00a0","datePublished":"2024-11-19T19:13:38+00:00","dateModified":"2024-11-19T19:13:40+00:00","mainEntityOfPage":{"@id":"https:\/\/diarioprincipios.com\/index.php\/2024\/11\/19\/la-unaj-se-suma-a-la-noche-de-las-universidades\/"},"wordCount":270,"commentCount":0,"publisher":{"@id":"https:\/\/diarioprincipios.com\/#organization"},"image":{"@id":"https:\/\/diarioprincipios.com\/index.php\/2024\/11\/19\/la-unaj-se-suma-a-la-noche-de-las-universidades\/#primaryimage"},"thumbnailUrl":"https:\/\/diarioprincipios.com\/wp-content\/uploads\/2024\/11\/FB_IMG_1732042695981.jpg","articleSection":["Cultura y Educaci\u00f3n"],"inLanguage":"es","potentialAction":[{"@type":"CommentAction","name":"Comment","target":["https:\/\/diarioprincipios.com\/index.php\/2024\/11\/19\/la-unaj-se-suma-a-la-noche-de-las-universidades\/#respond"]}]},{"@type":"WebPage","@id":"https:\/\/diarioprincipios.com\/index.php\/2024\/11\/19\/la-unaj-se-suma-a-la-noche-de-las-universidades\/","url":"https:\/\/diarioprincipios.com\/index.php\/2024\/11\/19\/la-unaj-se-suma-a-la-noche-de-las-universidades\/","name":"La UNAJ se suma a La Noche de las Universidades\u00a0 - Principios","isPartOf":{"@id":"https:\/\/diarioprincipios.com\/#website"},"primaryImageOfPage":{"@id":"https:\/\/diarioprincipios.com\/index.php\/2024\/11\/19\/la-unaj-se-suma-a-la-noche-de-las-universidades\/#primaryimage"},"image":{"@id":"https:\/\/diarioprincipios.com\/index.php\/2024\/11\/19\/la-unaj-se-suma-a-la-noche-de-las-universidades\/#primaryimage"},"thumbnailUrl":"https:\/\/diarioprincipios.com\/wp-content\/uploads\/2024\/11\/FB_IMG_1732042695981.jpg","datePublished":"2024-11-19T19:13:38+00:00","dateModified":"2024-11-19T19:13:40+00:00","breadcrumb":{"@id":"https:\/\/diarioprincipios.com\/index.php\/2024\/11\/19\/la-unaj-se-suma-a-la-noche-de-las-universidades\/#breadcrumb"},"inLanguage":"es","potentialAction":[{"@type":"ReadAction","target":["https:\/\/diarioprincipios.com\/index.php\/2024\/11\/19\/la-unaj-se-suma-a-la-noche-de-las-universidades\/"]}]},{"@type":"ImageObject","inLanguage":"es","@id":"https:\/\/diarioprincipios.com\/index.php\/2024\/11\/19\/la-unaj-se-suma-a-la-noche-de-las-universidades\/#primaryimage","url":"https:\/\/diarioprincipios.com\/wp-content\/uploads\/2024\/11\/FB_IMG_1732042695981.jpg","contentUrl":"https:\/\/diarioprincipios.com\/wp-content\/uploads\/2024\/11\/FB_IMG_1732042695981.jpg","width":680,"height":383},{"@type":"BreadcrumbList","@id":"https:\/\/diarioprincipios.com\/index.php\/2024\/11\/19\/la-unaj-se-suma-a-la-noche-de-las-universidades\/#breadcrumb","itemListElement":[{"@type":"ListItem","position":1,"name":"Portada","item":"https:\/\/diarioprincipios.com\/"},{"@type":"ListItem","position":2,"name":"La UNAJ se suma a La Noche de las Universidades\u00a0"}]},{"@type":"WebSite","@id":"https:\/\/diarioprincipios.com\/#website","url":"https:\/\/diarioprincipios.com\/","name":"Principios","description":"Principios Diario","publisher":{"@id":"https:\/\/diarioprincipios.com\/#organization"},"potentialAction":[{"@type":"SearchAction","target":{"@type":"EntryPoint","urlTemplate":"https:\/\/diarioprincipios.com\/?s={search_term_string}"},"query-input":{"@type":"PropertyValueSpecification","valueRequired":true,"valueName":"search_term_string"}}],"inLanguage":"es"},{"@type":"Organization","@id":"https:\/\/diarioprincipios.com\/#organization","name":"Principios","url":"https:\/\/diarioprincipios.com\/","logo":{"@type":"ImageObject","inLanguage":"es","@id":"https:\/\/diarioprincipios.com\/#\/schema\/logo\/image\/","url":"https:\/\/diarioprincipios.com\/wp-content\/uploads\/2024\/04\/cropped-www.diarioprincipios.com_-1.png","contentUrl":"https:\/\/diarioprincipios.com\/wp-content\/uploads\/2024\/04\/cropped-www.diarioprincipios.com_-1.png","width":5325,"height":1454,"caption":"Principios"},"image":{"@id":"https:\/\/diarioprincipios.com\/#\/schema\/logo\/image\/"}},{"@type":"Person","@id":"https:\/\/diarioprincipios.com\/#\/schema\/person\/436d5a1fd41a5e250e23ff5a6a7cb080","name":"Hern\u00e1n L\u00f3pez","image":{"@type":"ImageObject","inLanguage":"es","@id":"https:\/\/diarioprincipios.com\/wp-content\/litespeed\/avatar\/11ddfe5610ff3bd100522525b2571f48.jpg?ver=1777048341","url":"https:\/\/diarioprincipios.com\/wp-content\/litespeed\/avatar\/11ddfe5610ff3bd100522525b2571f48.jpg?ver=1777048341","contentUrl":"https:\/\/diarioprincipios.com\/wp-content\/litespeed\/avatar\/11ddfe5610ff3bd100522525b2571f48.jpg?ver=1777048341","caption":"Hern\u00e1n L\u00f3pez"},"url":"https:\/\/diarioprincipios.com\/index.php\/author\/hernan\/"}]}},"jetpack_featured_media_url":"https:\/\/diarioprincipios.com\/wp-content\/uploads\/2024\/11\/FB_IMG_1732042695981.jpg","_links":{"self":[{"href":"https:\/\/diarioprincipios.com\/index.php\/wp-json\/wp\/v2\/posts\/23534","targetHints":{"allow":["GET"]}}],"collection":[{"href":"https:\/\/diarioprincipios.com\/index.php\/wp-json\/wp\/v2\/posts"}],"about":[{"href":"https:\/\/diarioprincipios.com\/index.php\/wp-json\/wp\/v2\/types\/post"}],"author":[{"embeddable":true,"href":"https:\/\/diarioprincipios.com\/index.php\/wp-json\/wp\/v2\/users\/2"}],"replies":[{"embeddable":true,"href":"https:\/\/diarioprincipios.com\/index.php\/wp-json\/wp\/v2\/comments?post=23534"}],"version-history":[{"count":1,"href":"https:\/\/diarioprincipios.com\/index.php\/wp-json\/wp\/v2\/posts\/23534\/revisions"}],"predecessor-version":[{"id":23537,"href":"https:\/\/diarioprincipios.com\/index.php\/wp-json\/wp\/v2\/posts\/23534\/revisions\/23537"}],"wp:featuredmedia":[{"embeddable":true,"href":"https:\/\/diarioprincipios.com\/index.php\/wp-json\/wp\/v2\/media\/23535"}],"wp:attachment":[{"href":"https:\/\/diarioprincipios.com\/index.php\/wp-json\/wp\/v2\/media?parent=23534"}],"wp:term":[{"taxonomy":"category","embeddable":true,"href":"https:\/\/diarioprincipios.com\/index.php\/wp-json\/wp\/v2\/categories?post=23534"},{"taxonomy":"post_tag","embeddable":true,"href":"https:\/\/diarioprincipios.com\/index.php\/wp-json\/wp\/v2\/tags?post=23534"}],"curies":[{"name":"wp","href":"https:\/\/api.w.org\/{rel}","templated":true}]}}