{"id":23521,"date":"2024-11-15T17:06:56","date_gmt":"2024-11-15T20:06:56","guid":{"rendered":"http:\/\/diarioprincipios.com\/?p=23521"},"modified":"2024-11-15T17:06:59","modified_gmt":"2024-11-15T20:06:59","slug":"inicio-la-repavimentacion-del-ramal-gutierrez-de-la-autopista-bs-as-la-plata","status":"publish","type":"post","link":"https:\/\/diarioprincipios.com\/index.php\/2024\/11\/15\/inicio-la-repavimentacion-del-ramal-gutierrez-de-la-autopista-bs-as-la-plata\/","title":{"rendered":"Inici\u00f3 la repavimentaci\u00f3n del Ramal Guti\u00e9rrez de la Autopista Bs As &#8211; La Plata"},"content":{"rendered":"\n<p>Comenzaron las obras de repavimentaci\u00f3n del Ramal Guti\u00e9rrez de la Autopista Buenos Aires &#8211; La Plata. El intendente de Berazategui, Juan Jos\u00e9 Mussi, recorri\u00f3 los trabajos que beneficiar\u00e1n a m\u00e1s de 723 mil usuarios. Tambi\u00e9n estuvieron el ministro bonaerense de Infraestructura y Servicios P\u00fablicos, Gabriel Katopodis; y el presidente de Autopistas de Buenos Aires SA (AUBASA), Jos\u00e9 Arteaga.<\/p>\n\n\n\n<p>El plazo estimado de las obras es de cuatro meses e incluyen la repavimentaci\u00f3n con mezcla asf\u00e1ltica en caliente, bacheo profundo y se\u00f1alizaci\u00f3n horizontal. El Ramal Guti\u00e9rrez tiene una extensi\u00f3n aproximada de 8.1 kil\u00f3metros y se encuentra en su totalidad dentro del partido de Berazategui. Cuenta con dos carriles y presenta vol\u00famenes de tr\u00e1nsito muy altos durante todo el a\u00f1o, especialmente en la temporada de verano y los fines de semana. El financiamiento es \u00edntegramente de AUBASA.<\/p>\n\n\n\n<figure class=\"wp-block-image size-large\"><img loading=\"lazy\" decoding=\"async\" width=\"1024\" height=\"683\" src=\"https:\/\/diarioprincipios.com\/wp-content\/uploads\/2024\/11\/INICIO-LA-REPAVIMENTACION-DEL-RAMAL-GUTIERREZ-DE-LA-AUTOPISTA-BS-AS-LA-PLATA-3-1024x683.jpg\" alt=\"\" class=\"wp-image-23522\" srcset=\"https:\/\/diarioprincipios.com\/wp-content\/uploads\/2024\/11\/INICIO-LA-REPAVIMENTACION-DEL-RAMAL-GUTIERREZ-DE-LA-AUTOPISTA-BS-AS-LA-PLATA-3-1024x683.jpg 1024w, https:\/\/diarioprincipios.com\/wp-content\/uploads\/2024\/11\/INICIO-LA-REPAVIMENTACION-DEL-RAMAL-GUTIERREZ-DE-LA-AUTOPISTA-BS-AS-LA-PLATA-3-300x200.jpg 300w, https:\/\/diarioprincipios.com\/wp-content\/uploads\/2024\/11\/INICIO-LA-REPAVIMENTACION-DEL-RAMAL-GUTIERREZ-DE-LA-AUTOPISTA-BS-AS-LA-PLATA-3-768x512.jpg 768w, https:\/\/diarioprincipios.com\/wp-content\/uploads\/2024\/11\/INICIO-LA-REPAVIMENTACION-DEL-RAMAL-GUTIERREZ-DE-LA-AUTOPISTA-BS-AS-LA-PLATA-3-1536x1024.jpg 1536w, https:\/\/diarioprincipios.com\/wp-content\/uploads\/2024\/11\/INICIO-LA-REPAVIMENTACION-DEL-RAMAL-GUTIERREZ-DE-LA-AUTOPISTA-BS-AS-LA-PLATA-3-600x400.jpg 600w, https:\/\/diarioprincipios.com\/wp-content\/uploads\/2024\/11\/INICIO-LA-REPAVIMENTACION-DEL-RAMAL-GUTIERREZ-DE-LA-AUTOPISTA-BS-AS-LA-PLATA-3.jpg 1920w\" sizes=\"auto, (max-width: 1024px) 100vw, 1024px\" \/><\/figure>\n\n\n\n<p>Al respecto, Mussi afirm\u00f3: \u201cEs una obra fundamental, porque en este trayecto hay much\u00edsimo tr\u00e1nsito y nunca se hab\u00eda podido arreglar la autopista. Ahora, gracias a la excelente predisposici\u00f3n de AUBASA y la voluntad pol\u00edtica del gobernador Axel Kicillof, se van a mejorar 8 kil\u00f3metros\u00bb. Adem\u00e1s, el Intendente agreg\u00f3: \u00abEs bueno que la gente entienda que, en estos momentos dif\u00edciles, se est\u00e1 invirtiendo en mejorar la calidad de vida de los ciudadanos\u201d.<\/p>\n\n\n\n<p>En tanto, Katopodis asegur\u00f3: \u201cEs algo muy importante para toda la provincia de Buenos Aires, para el desarrollo tur\u00edstico y para Berazategui. El intendente Mussi -a trav\u00e9s de su gesti\u00f3n- se preocupa por mejorar la conectividad y el acceso de su municipio, adem\u00e1s de la comunicaci\u00f3n con todas las localidades vecinas\u201d.<\/p>\n\n\n\n<figure class=\"wp-block-image size-large\"><img loading=\"lazy\" decoding=\"async\" width=\"1024\" height=\"683\" src=\"https:\/\/diarioprincipios.com\/wp-content\/uploads\/2024\/11\/INICIO-LA-REPAVIMENTACION-DEL-RAMAL-GUTIERREZ-DE-LA-AUTOPISTA-BS-AS-LA-PLATA-4-1024x683.jpg\" alt=\"\" class=\"wp-image-23523\" srcset=\"https:\/\/diarioprincipios.com\/wp-content\/uploads\/2024\/11\/INICIO-LA-REPAVIMENTACION-DEL-RAMAL-GUTIERREZ-DE-LA-AUTOPISTA-BS-AS-LA-PLATA-4-1024x683.jpg 1024w, https:\/\/diarioprincipios.com\/wp-content\/uploads\/2024\/11\/INICIO-LA-REPAVIMENTACION-DEL-RAMAL-GUTIERREZ-DE-LA-AUTOPISTA-BS-AS-LA-PLATA-4-300x200.jpg 300w, https:\/\/diarioprincipios.com\/wp-content\/uploads\/2024\/11\/INICIO-LA-REPAVIMENTACION-DEL-RAMAL-GUTIERREZ-DE-LA-AUTOPISTA-BS-AS-LA-PLATA-4-768x512.jpg 768w, https:\/\/diarioprincipios.com\/wp-content\/uploads\/2024\/11\/INICIO-LA-REPAVIMENTACION-DEL-RAMAL-GUTIERREZ-DE-LA-AUTOPISTA-BS-AS-LA-PLATA-4-1536x1024.jpg 1536w, https:\/\/diarioprincipios.com\/wp-content\/uploads\/2024\/11\/INICIO-LA-REPAVIMENTACION-DEL-RAMAL-GUTIERREZ-DE-LA-AUTOPISTA-BS-AS-LA-PLATA-4-600x400.jpg 600w, https:\/\/diarioprincipios.com\/wp-content\/uploads\/2024\/11\/INICIO-LA-REPAVIMENTACION-DEL-RAMAL-GUTIERREZ-DE-LA-AUTOPISTA-BS-AS-LA-PLATA-4.jpg 1920w\" sizes=\"auto, (max-width: 1024px) 100vw, 1024px\" \/><\/figure>\n\n\n\n<p>Finalmente, Arteaga se\u00f1al\u00f3: \u201cEsta es una obra que nos plante\u00f3 insistentemente el gobernador Kicillof. Es importante porque va a mejorar la fluidez, el tr\u00e1nsito y la conectividad; era una de las trazas que nunca se hab\u00eda reparado, por eso le dimos prioridad.\u201d<\/p>\n\n\n\n<p>Tambi\u00e9n participaron el secretario municipal de Obras P\u00fablicas, Carlos Balor; y el coordinador general operativo de AUBASA, Mart\u00edn Valli.<\/p>\n","protected":false},"excerpt":{"rendered":"<p>Comenzaron las obras de repavimentaci\u00f3n del Ramal Guti\u00e9rrez de la Autopista Buenos Aires &#8211; La Plata. El intendente de Berazategui, Juan Jos\u00e9 Mussi, recorri\u00f3 los trabajos que beneficiar\u00e1n a m\u00e1s de 723 mil usuarios. Tambi\u00e9n estuvieron el ministro bonaerense de Infraestructura y Servicios P\u00fablicos, Gabriel Katopodis; y el presidente de Autopistas de Buenos Aires SA&#8230;<\/p>\n","protected":false},"author":2,"featured_media":23524,"comment_status":"open","ping_status":"open","sticky":false,"template":"","format":"standard","meta":{"footnotes":""},"categories":[3],"tags":[],"class_list":["post-23521","post","type-post","status-publish","format-standard","has-post-thumbnail","hentry","category-berazategui"],"featured_image_src":"https:\/\/diarioprincipios.com\/wp-content\/uploads\/2024\/11\/INICIO-LA-REPAVIMENTACION-DEL-RAMAL-GUTIERREZ-DE-LA-AUTOPISTA-BS-AS-LA-PLATA-1-1024x683.jpg","blog_images":{"medium":"https:\/\/diarioprincipios.com\/wp-content\/uploads\/2024\/11\/INICIO-LA-REPAVIMENTACION-DEL-RAMAL-GUTIERREZ-DE-LA-AUTOPISTA-BS-AS-LA-PLATA-1-300x200.jpg","large":"https:\/\/diarioprincipios.com\/wp-content\/uploads\/2024\/11\/INICIO-LA-REPAVIMENTACION-DEL-RAMAL-GUTIERREZ-DE-LA-AUTOPISTA-BS-AS-LA-PLATA-1-1024x683.jpg"},"ams_acf":[],"yoast_head":"<!-- This site is optimized with the Yoast SEO plugin v27.3 - https:\/\/yoast.com\/product\/yoast-seo-wordpress\/ -->\n<title>Inici\u00f3 la repavimentaci\u00f3n del Ramal Guti\u00e9rrez de la Autopista Bs As - La Plata - Principios<\/title>\n<meta name=\"robots\" content=\"index, follow, max-snippet:-1, max-image-preview:large, max-video-preview:-1\" \/>\n<link rel=\"canonical\" href=\"https:\/\/diarioprincipios.com\/index.php\/2024\/11\/15\/inicio-la-repavimentacion-del-ramal-gutierrez-de-la-autopista-bs-as-la-plata\/\" \/>\n<meta property=\"og:locale\" content=\"es_ES\" \/>\n<meta property=\"og:type\" content=\"article\" \/>\n<meta property=\"og:title\" content=\"Inici\u00f3 la repavimentaci\u00f3n del Ramal Guti\u00e9rrez de la Autopista Bs As - La Plata - Principios\" \/>\n<meta property=\"og:description\" content=\"Comenzaron las obras de repavimentaci\u00f3n del Ramal Guti\u00e9rrez de la Autopista Buenos Aires &#8211; La Plata. El intendente de Berazategui, Juan Jos\u00e9 Mussi, recorri\u00f3 los trabajos que beneficiar\u00e1n a m\u00e1s de 723 mil usuarios. Tambi\u00e9n estuvieron el ministro bonaerense de Infraestructura y Servicios P\u00fablicos, Gabriel Katopodis; y el presidente de Autopistas de Buenos Aires SA...\" \/>\n<meta property=\"og:url\" content=\"https:\/\/diarioprincipios.com\/index.php\/2024\/11\/15\/inicio-la-repavimentacion-del-ramal-gutierrez-de-la-autopista-bs-as-la-plata\/\" \/>\n<meta property=\"og:site_name\" content=\"Principios\" \/>\n<meta property=\"article:published_time\" content=\"2024-11-15T20:06:56+00:00\" \/>\n<meta property=\"article:modified_time\" content=\"2024-11-15T20:06:59+00:00\" \/>\n<meta property=\"og:image\" content=\"https:\/\/diarioprincipios.com\/wp-content\/uploads\/2024\/11\/INICIO-LA-REPAVIMENTACION-DEL-RAMAL-GUTIERREZ-DE-LA-AUTOPISTA-BS-AS-LA-PLATA-1.jpg\" \/>\n\t<meta property=\"og:image:width\" content=\"1920\" \/>\n\t<meta property=\"og:image:height\" content=\"1280\" \/>\n\t<meta property=\"og:image:type\" content=\"image\/jpeg\" \/>\n<meta name=\"author\" content=\"Hern\u00e1n L\u00f3pez\" \/>\n<meta name=\"twitter:card\" content=\"summary_large_image\" \/>\n<meta name=\"twitter:label1\" content=\"Escrito por\" \/>\n\t<meta name=\"twitter:data1\" content=\"Hern\u00e1n L\u00f3pez\" \/>\n\t<meta name=\"twitter:label2\" content=\"Tiempo de lectura\" \/>\n\t<meta name=\"twitter:data2\" content=\"3 minutos\" \/>\n<script type=\"application\/ld+json\" class=\"yoast-schema-graph\">{\"@context\":\"https:\\\/\\\/schema.org\",\"@graph\":[{\"@type\":\"Article\",\"@id\":\"https:\\\/\\\/diarioprincipios.com\\\/index.php\\\/2024\\\/11\\\/15\\\/inicio-la-repavimentacion-del-ramal-gutierrez-de-la-autopista-bs-as-la-plata\\\/#article\",\"isPartOf\":{\"@id\":\"https:\\\/\\\/diarioprincipios.com\\\/index.php\\\/2024\\\/11\\\/15\\\/inicio-la-repavimentacion-del-ramal-gutierrez-de-la-autopista-bs-as-la-plata\\\/\"},\"author\":{\"name\":\"Hern\u00e1n L\u00f3pez\",\"@id\":\"https:\\\/\\\/diarioprincipios.com\\\/#\\\/schema\\\/person\\\/436d5a1fd41a5e250e23ff5a6a7cb080\"},\"headline\":\"Inici\u00f3 la repavimentaci\u00f3n del Ramal Guti\u00e9rrez de la Autopista Bs As &#8211; La Plata\",\"datePublished\":\"2024-11-15T20:06:56+00:00\",\"dateModified\":\"2024-11-15T20:06:59+00:00\",\"mainEntityOfPage\":{\"@id\":\"https:\\\/\\\/diarioprincipios.com\\\/index.php\\\/2024\\\/11\\\/15\\\/inicio-la-repavimentacion-del-ramal-gutierrez-de-la-autopista-bs-as-la-plata\\\/\"},\"wordCount\":367,\"commentCount\":0,\"publisher\":{\"@id\":\"https:\\\/\\\/diarioprincipios.com\\\/#organization\"},\"image\":{\"@id\":\"https:\\\/\\\/diarioprincipios.com\\\/index.php\\\/2024\\\/11\\\/15\\\/inicio-la-repavimentacion-del-ramal-gutierrez-de-la-autopista-bs-as-la-plata\\\/#primaryimage\"},\"thumbnailUrl\":\"https:\\\/\\\/diarioprincipios.com\\\/wp-content\\\/uploads\\\/2024\\\/11\\\/INICIO-LA-REPAVIMENTACION-DEL-RAMAL-GUTIERREZ-DE-LA-AUTOPISTA-BS-AS-LA-PLATA-1.jpg\",\"articleSection\":[\"Berazategui\"],\"inLanguage\":\"es\",\"potentialAction\":[{\"@type\":\"CommentAction\",\"name\":\"Comment\",\"target\":[\"https:\\\/\\\/diarioprincipios.com\\\/index.php\\\/2024\\\/11\\\/15\\\/inicio-la-repavimentacion-del-ramal-gutierrez-de-la-autopista-bs-as-la-plata\\\/#respond\"]}]},{\"@type\":\"WebPage\",\"@id\":\"https:\\\/\\\/diarioprincipios.com\\\/index.php\\\/2024\\\/11\\\/15\\\/inicio-la-repavimentacion-del-ramal-gutierrez-de-la-autopista-bs-as-la-plata\\\/\",\"url\":\"https:\\\/\\\/diarioprincipios.com\\\/index.php\\\/2024\\\/11\\\/15\\\/inicio-la-repavimentacion-del-ramal-gutierrez-de-la-autopista-bs-as-la-plata\\\/\",\"name\":\"Inici\u00f3 la repavimentaci\u00f3n del Ramal Guti\u00e9rrez de la Autopista Bs As - La Plata - Principios\",\"isPartOf\":{\"@id\":\"https:\\\/\\\/diarioprincipios.com\\\/#website\"},\"primaryImageOfPage\":{\"@id\":\"https:\\\/\\\/diarioprincipios.com\\\/index.php\\\/2024\\\/11\\\/15\\\/inicio-la-repavimentacion-del-ramal-gutierrez-de-la-autopista-bs-as-la-plata\\\/#primaryimage\"},\"image\":{\"@id\":\"https:\\\/\\\/diarioprincipios.com\\\/index.php\\\/2024\\\/11\\\/15\\\/inicio-la-repavimentacion-del-ramal-gutierrez-de-la-autopista-bs-as-la-plata\\\/#primaryimage\"},\"thumbnailUrl\":\"https:\\\/\\\/diarioprincipios.com\\\/wp-content\\\/uploads\\\/2024\\\/11\\\/INICIO-LA-REPAVIMENTACION-DEL-RAMAL-GUTIERREZ-DE-LA-AUTOPISTA-BS-AS-LA-PLATA-1.jpg\",\"datePublished\":\"2024-11-15T20:06:56+00:00\",\"dateModified\":\"2024-11-15T20:06:59+00:00\",\"breadcrumb\":{\"@id\":\"https:\\\/\\\/diarioprincipios.com\\\/index.php\\\/2024\\\/11\\\/15\\\/inicio-la-repavimentacion-del-ramal-gutierrez-de-la-autopista-bs-as-la-plata\\\/#breadcrumb\"},\"inLanguage\":\"es\",\"potentialAction\":[{\"@type\":\"ReadAction\",\"target\":[\"https:\\\/\\\/diarioprincipios.com\\\/index.php\\\/2024\\\/11\\\/15\\\/inicio-la-repavimentacion-del-ramal-gutierrez-de-la-autopista-bs-as-la-plata\\\/\"]}]},{\"@type\":\"ImageObject\",\"inLanguage\":\"es\",\"@id\":\"https:\\\/\\\/diarioprincipios.com\\\/index.php\\\/2024\\\/11\\\/15\\\/inicio-la-repavimentacion-del-ramal-gutierrez-de-la-autopista-bs-as-la-plata\\\/#primaryimage\",\"url\":\"https:\\\/\\\/diarioprincipios.com\\\/wp-content\\\/uploads\\\/2024\\\/11\\\/INICIO-LA-REPAVIMENTACION-DEL-RAMAL-GUTIERREZ-DE-LA-AUTOPISTA-BS-AS-LA-PLATA-1.jpg\",\"contentUrl\":\"https:\\\/\\\/diarioprincipios.com\\\/wp-content\\\/uploads\\\/2024\\\/11\\\/INICIO-LA-REPAVIMENTACION-DEL-RAMAL-GUTIERREZ-DE-LA-AUTOPISTA-BS-AS-LA-PLATA-1.jpg\",\"width\":1920,\"height\":1280},{\"@type\":\"BreadcrumbList\",\"@id\":\"https:\\\/\\\/diarioprincipios.com\\\/index.php\\\/2024\\\/11\\\/15\\\/inicio-la-repavimentacion-del-ramal-gutierrez-de-la-autopista-bs-as-la-plata\\\/#breadcrumb\",\"itemListElement\":[{\"@type\":\"ListItem\",\"position\":1,\"name\":\"Portada\",\"item\":\"https:\\\/\\\/diarioprincipios.com\\\/\"},{\"@type\":\"ListItem\",\"position\":2,\"name\":\"Inici\u00f3 la repavimentaci\u00f3n del Ramal Guti\u00e9rrez de la Autopista Bs As &#8211; La Plata\"}]},{\"@type\":\"WebSite\",\"@id\":\"https:\\\/\\\/diarioprincipios.com\\\/#website\",\"url\":\"https:\\\/\\\/diarioprincipios.com\\\/\",\"name\":\"Principios\",\"description\":\"Principios Diario\",\"publisher\":{\"@id\":\"https:\\\/\\\/diarioprincipios.com\\\/#organization\"},\"potentialAction\":[{\"@type\":\"SearchAction\",\"target\":{\"@type\":\"EntryPoint\",\"urlTemplate\":\"https:\\\/\\\/diarioprincipios.com\\\/?s={search_term_string}\"},\"query-input\":{\"@type\":\"PropertyValueSpecification\",\"valueRequired\":true,\"valueName\":\"search_term_string\"}}],\"inLanguage\":\"es\"},{\"@type\":\"Organization\",\"@id\":\"https:\\\/\\\/diarioprincipios.com\\\/#organization\",\"name\":\"Principios\",\"url\":\"https:\\\/\\\/diarioprincipios.com\\\/\",\"logo\":{\"@type\":\"ImageObject\",\"inLanguage\":\"es\",\"@id\":\"https:\\\/\\\/diarioprincipios.com\\\/#\\\/schema\\\/logo\\\/image\\\/\",\"url\":\"https:\\\/\\\/diarioprincipios.com\\\/wp-content\\\/uploads\\\/2024\\\/04\\\/cropped-www.diarioprincipios.com_-1.png\",\"contentUrl\":\"https:\\\/\\\/diarioprincipios.com\\\/wp-content\\\/uploads\\\/2024\\\/04\\\/cropped-www.diarioprincipios.com_-1.png\",\"width\":5325,\"height\":1454,\"caption\":\"Principios\"},\"image\":{\"@id\":\"https:\\\/\\\/diarioprincipios.com\\\/#\\\/schema\\\/logo\\\/image\\\/\"}},{\"@type\":\"Person\",\"@id\":\"https:\\\/\\\/diarioprincipios.com\\\/#\\\/schema\\\/person\\\/436d5a1fd41a5e250e23ff5a6a7cb080\",\"name\":\"Hern\u00e1n L\u00f3pez\",\"image\":{\"@type\":\"ImageObject\",\"inLanguage\":\"es\",\"@id\":\"https:\\\/\\\/diarioprincipios.com\\\/wp-content\\\/litespeed\\\/avatar\\\/11ddfe5610ff3bd100522525b2571f48.jpg?ver=1777048341\",\"url\":\"https:\\\/\\\/diarioprincipios.com\\\/wp-content\\\/litespeed\\\/avatar\\\/11ddfe5610ff3bd100522525b2571f48.jpg?ver=1777048341\",\"contentUrl\":\"https:\\\/\\\/diarioprincipios.com\\\/wp-content\\\/litespeed\\\/avatar\\\/11ddfe5610ff3bd100522525b2571f48.jpg?ver=1777048341\",\"caption\":\"Hern\u00e1n L\u00f3pez\"},\"url\":\"https:\\\/\\\/diarioprincipios.com\\\/index.php\\\/author\\\/hernan\\\/\"}]}<\/script>\n<!-- \/ Yoast SEO plugin. -->","yoast_head_json":{"title":"Inici\u00f3 la repavimentaci\u00f3n del Ramal Guti\u00e9rrez de la Autopista Bs As - La Plata - Principios","robots":{"index":"index","follow":"follow","max-snippet":"max-snippet:-1","max-image-preview":"max-image-preview:large","max-video-preview":"max-video-preview:-1"},"canonical":"https:\/\/diarioprincipios.com\/index.php\/2024\/11\/15\/inicio-la-repavimentacion-del-ramal-gutierrez-de-la-autopista-bs-as-la-plata\/","og_locale":"es_ES","og_type":"article","og_title":"Inici\u00f3 la repavimentaci\u00f3n del Ramal Guti\u00e9rrez de la Autopista Bs As - La Plata - Principios","og_description":"Comenzaron las obras de repavimentaci\u00f3n del Ramal Guti\u00e9rrez de la Autopista Buenos Aires &#8211; La Plata. El intendente de Berazategui, Juan Jos\u00e9 Mussi, recorri\u00f3 los trabajos que beneficiar\u00e1n a m\u00e1s de 723 mil usuarios. Tambi\u00e9n estuvieron el ministro bonaerense de Infraestructura y Servicios P\u00fablicos, Gabriel Katopodis; y el presidente de Autopistas de Buenos Aires SA...","og_url":"https:\/\/diarioprincipios.com\/index.php\/2024\/11\/15\/inicio-la-repavimentacion-del-ramal-gutierrez-de-la-autopista-bs-as-la-plata\/","og_site_name":"Principios","article_published_time":"2024-11-15T20:06:56+00:00","article_modified_time":"2024-11-15T20:06:59+00:00","og_image":[{"width":1920,"height":1280,"url":"https:\/\/diarioprincipios.com\/wp-content\/uploads\/2024\/11\/INICIO-LA-REPAVIMENTACION-DEL-RAMAL-GUTIERREZ-DE-LA-AUTOPISTA-BS-AS-LA-PLATA-1.jpg","type":"image\/jpeg"}],"author":"Hern\u00e1n L\u00f3pez","twitter_card":"summary_large_image","twitter_misc":{"Escrito por":"Hern\u00e1n L\u00f3pez","Tiempo de lectura":"3 minutos"},"schema":{"@context":"https:\/\/schema.org","@graph":[{"@type":"Article","@id":"https:\/\/diarioprincipios.com\/index.php\/2024\/11\/15\/inicio-la-repavimentacion-del-ramal-gutierrez-de-la-autopista-bs-as-la-plata\/#article","isPartOf":{"@id":"https:\/\/diarioprincipios.com\/index.php\/2024\/11\/15\/inicio-la-repavimentacion-del-ramal-gutierrez-de-la-autopista-bs-as-la-plata\/"},"author":{"name":"Hern\u00e1n L\u00f3pez","@id":"https:\/\/diarioprincipios.com\/#\/schema\/person\/436d5a1fd41a5e250e23ff5a6a7cb080"},"headline":"Inici\u00f3 la repavimentaci\u00f3n del Ramal Guti\u00e9rrez de la Autopista Bs As &#8211; La Plata","datePublished":"2024-11-15T20:06:56+00:00","dateModified":"2024-11-15T20:06:59+00:00","mainEntityOfPage":{"@id":"https:\/\/diarioprincipios.com\/index.php\/2024\/11\/15\/inicio-la-repavimentacion-del-ramal-gutierrez-de-la-autopista-bs-as-la-plata\/"},"wordCount":367,"commentCount":0,"publisher":{"@id":"https:\/\/diarioprincipios.com\/#organization"},"image":{"@id":"https:\/\/diarioprincipios.com\/index.php\/2024\/11\/15\/inicio-la-repavimentacion-del-ramal-gutierrez-de-la-autopista-bs-as-la-plata\/#primaryimage"},"thumbnailUrl":"https:\/\/diarioprincipios.com\/wp-content\/uploads\/2024\/11\/INICIO-LA-REPAVIMENTACION-DEL-RAMAL-GUTIERREZ-DE-LA-AUTOPISTA-BS-AS-LA-PLATA-1.jpg","articleSection":["Berazategui"],"inLanguage":"es","potentialAction":[{"@type":"CommentAction","name":"Comment","target":["https:\/\/diarioprincipios.com\/index.php\/2024\/11\/15\/inicio-la-repavimentacion-del-ramal-gutierrez-de-la-autopista-bs-as-la-plata\/#respond"]}]},{"@type":"WebPage","@id":"https:\/\/diarioprincipios.com\/index.php\/2024\/11\/15\/inicio-la-repavimentacion-del-ramal-gutierrez-de-la-autopista-bs-as-la-plata\/","url":"https:\/\/diarioprincipios.com\/index.php\/2024\/11\/15\/inicio-la-repavimentacion-del-ramal-gutierrez-de-la-autopista-bs-as-la-plata\/","name":"Inici\u00f3 la repavimentaci\u00f3n del Ramal Guti\u00e9rrez de la Autopista Bs As - La Plata - Principios","isPartOf":{"@id":"https:\/\/diarioprincipios.com\/#website"},"primaryImageOfPage":{"@id":"https:\/\/diarioprincipios.com\/index.php\/2024\/11\/15\/inicio-la-repavimentacion-del-ramal-gutierrez-de-la-autopista-bs-as-la-plata\/#primaryimage"},"image":{"@id":"https:\/\/diarioprincipios.com\/index.php\/2024\/11\/15\/inicio-la-repavimentacion-del-ramal-gutierrez-de-la-autopista-bs-as-la-plata\/#primaryimage"},"thumbnailUrl":"https:\/\/diarioprincipios.com\/wp-content\/uploads\/2024\/11\/INICIO-LA-REPAVIMENTACION-DEL-RAMAL-GUTIERREZ-DE-LA-AUTOPISTA-BS-AS-LA-PLATA-1.jpg","datePublished":"2024-11-15T20:06:56+00:00","dateModified":"2024-11-15T20:06:59+00:00","breadcrumb":{"@id":"https:\/\/diarioprincipios.com\/index.php\/2024\/11\/15\/inicio-la-repavimentacion-del-ramal-gutierrez-de-la-autopista-bs-as-la-plata\/#breadcrumb"},"inLanguage":"es","potentialAction":[{"@type":"ReadAction","target":["https:\/\/diarioprincipios.com\/index.php\/2024\/11\/15\/inicio-la-repavimentacion-del-ramal-gutierrez-de-la-autopista-bs-as-la-plata\/"]}]},{"@type":"ImageObject","inLanguage":"es","@id":"https:\/\/diarioprincipios.com\/index.php\/2024\/11\/15\/inicio-la-repavimentacion-del-ramal-gutierrez-de-la-autopista-bs-as-la-plata\/#primaryimage","url":"https:\/\/diarioprincipios.com\/wp-content\/uploads\/2024\/11\/INICIO-LA-REPAVIMENTACION-DEL-RAMAL-GUTIERREZ-DE-LA-AUTOPISTA-BS-AS-LA-PLATA-1.jpg","contentUrl":"https:\/\/diarioprincipios.com\/wp-content\/uploads\/2024\/11\/INICIO-LA-REPAVIMENTACION-DEL-RAMAL-GUTIERREZ-DE-LA-AUTOPISTA-BS-AS-LA-PLATA-1.jpg","width":1920,"height":1280},{"@type":"BreadcrumbList","@id":"https:\/\/diarioprincipios.com\/index.php\/2024\/11\/15\/inicio-la-repavimentacion-del-ramal-gutierrez-de-la-autopista-bs-as-la-plata\/#breadcrumb","itemListElement":[{"@type":"ListItem","position":1,"name":"Portada","item":"https:\/\/diarioprincipios.com\/"},{"@type":"ListItem","position":2,"name":"Inici\u00f3 la repavimentaci\u00f3n del Ramal Guti\u00e9rrez de la Autopista Bs As &#8211; La Plata"}]},{"@type":"WebSite","@id":"https:\/\/diarioprincipios.com\/#website","url":"https:\/\/diarioprincipios.com\/","name":"Principios","description":"Principios Diario","publisher":{"@id":"https:\/\/diarioprincipios.com\/#organization"},"potentialAction":[{"@type":"SearchAction","target":{"@type":"EntryPoint","urlTemplate":"https:\/\/diarioprincipios.com\/?s={search_term_string}"},"query-input":{"@type":"PropertyValueSpecification","valueRequired":true,"valueName":"search_term_string"}}],"inLanguage":"es"},{"@type":"Organization","@id":"https:\/\/diarioprincipios.com\/#organization","name":"Principios","url":"https:\/\/diarioprincipios.com\/","logo":{"@type":"ImageObject","inLanguage":"es","@id":"https:\/\/diarioprincipios.com\/#\/schema\/logo\/image\/","url":"https:\/\/diarioprincipios.com\/wp-content\/uploads\/2024\/04\/cropped-www.diarioprincipios.com_-1.png","contentUrl":"https:\/\/diarioprincipios.com\/wp-content\/uploads\/2024\/04\/cropped-www.diarioprincipios.com_-1.png","width":5325,"height":1454,"caption":"Principios"},"image":{"@id":"https:\/\/diarioprincipios.com\/#\/schema\/logo\/image\/"}},{"@type":"Person","@id":"https:\/\/diarioprincipios.com\/#\/schema\/person\/436d5a1fd41a5e250e23ff5a6a7cb080","name":"Hern\u00e1n L\u00f3pez","image":{"@type":"ImageObject","inLanguage":"es","@id":"https:\/\/diarioprincipios.com\/wp-content\/litespeed\/avatar\/11ddfe5610ff3bd100522525b2571f48.jpg?ver=1777048341","url":"https:\/\/diarioprincipios.com\/wp-content\/litespeed\/avatar\/11ddfe5610ff3bd100522525b2571f48.jpg?ver=1777048341","contentUrl":"https:\/\/diarioprincipios.com\/wp-content\/litespeed\/avatar\/11ddfe5610ff3bd100522525b2571f48.jpg?ver=1777048341","caption":"Hern\u00e1n L\u00f3pez"},"url":"https:\/\/diarioprincipios.com\/index.php\/author\/hernan\/"}]}},"jetpack_featured_media_url":"https:\/\/diarioprincipios.com\/wp-content\/uploads\/2024\/11\/INICIO-LA-REPAVIMENTACION-DEL-RAMAL-GUTIERREZ-DE-LA-AUTOPISTA-BS-AS-LA-PLATA-1.jpg","_links":{"self":[{"href":"https:\/\/diarioprincipios.com\/index.php\/wp-json\/wp\/v2\/posts\/23521","targetHints":{"allow":["GET"]}}],"collection":[{"href":"https:\/\/diarioprincipios.com\/index.php\/wp-json\/wp\/v2\/posts"}],"about":[{"href":"https:\/\/diarioprincipios.com\/index.php\/wp-json\/wp\/v2\/types\/post"}],"author":[{"embeddable":true,"href":"https:\/\/diarioprincipios.com\/index.php\/wp-json\/wp\/v2\/users\/2"}],"replies":[{"embeddable":true,"href":"https:\/\/diarioprincipios.com\/index.php\/wp-json\/wp\/v2\/comments?post=23521"}],"version-history":[{"count":1,"href":"https:\/\/diarioprincipios.com\/index.php\/wp-json\/wp\/v2\/posts\/23521\/revisions"}],"predecessor-version":[{"id":23525,"href":"https:\/\/diarioprincipios.com\/index.php\/wp-json\/wp\/v2\/posts\/23521\/revisions\/23525"}],"wp:featuredmedia":[{"embeddable":true,"href":"https:\/\/diarioprincipios.com\/index.php\/wp-json\/wp\/v2\/media\/23524"}],"wp:attachment":[{"href":"https:\/\/diarioprincipios.com\/index.php\/wp-json\/wp\/v2\/media?parent=23521"}],"wp:term":[{"taxonomy":"category","embeddable":true,"href":"https:\/\/diarioprincipios.com\/index.php\/wp-json\/wp\/v2\/categories?post=23521"},{"taxonomy":"post_tag","embeddable":true,"href":"https:\/\/diarioprincipios.com\/index.php\/wp-json\/wp\/v2\/tags?post=23521"}],"curies":[{"name":"wp","href":"https:\/\/api.w.org\/{rel}","templated":true}]}}