{"id":23515,"date":"2024-11-14T20:01:56","date_gmt":"2024-11-14T23:01:56","guid":{"rendered":"http:\/\/diarioprincipios.com\/?p=23515"},"modified":"2024-11-14T20:01:58","modified_gmt":"2024-11-14T23:01:58","slug":"mussi-brindo-una-conferencia-de-gestion","status":"publish","type":"post","link":"https:\/\/diarioprincipios.com\/index.php\/2024\/11\/14\/mussi-brindo-una-conferencia-de-gestion\/","title":{"rendered":"Mussi brind\u00f3 una Conferencia de Gesti\u00f3n"},"content":{"rendered":"\n<p>El intendente de Berazategui, Juan Jos\u00e9 Mussi, brind\u00f3 una conferencia de gesti\u00f3n donde detall\u00f3 las diferentes obras p\u00fablicas realizadas y en ejecuci\u00f3n en el distrito, con financiamiento de los Gobiernos provincial y municipal, durante este 2024.<br>Adem\u00e1s del gran esfuerzo econ\u00f3mico realizado por la gesti\u00f3n municipal, Mussi subray\u00f3 el constante acompa\u00f1amiento del Gobierno bonaerense en la concreci\u00f3n de importantes obras para los y las berazateguenses. \u201cSi nos preguntan cu\u00e1nto invirti\u00f3 este a\u00f1o la Provincia de Buenos Aires en Berazategui, s\u00f3lo en obra p\u00fablica: la suma supera los 70 mil millones de pesos. Esto es lo que ha dispuesto el gobernador, Axel Kicillof, para el Municipio de Berazategui. Nosotros tambi\u00e9n invertimos y les puedo asegurar que, en un momento tan dif\u00edcil como el que estamos pasando, estamos felices de haber podido hacer todo lo que hicimos. La crisis no nos detuvo y no estamos quietos. A m\u00ed me eligi\u00f3 la gente de Berazategui y yo tengo que cumplir con ellos\u201d, manifest\u00f3.<br>El Intendente tambi\u00e9n defendi\u00f3 el sistema de salud p\u00fablica. \u201cLo comprob\u00e9 cuando era Ministro de Salud. Esto lo viv\u00ed; si no lo hubiera vivido, no lo dir\u00eda. La gente eleg\u00eda el hospital p\u00fablico teniendo obra social. En la salud p\u00fablica, con todos sus problemas y todo lo dem\u00e1s, en una guardia de un hospital grande encontr\u00e1s todo tipo de especialistas; mientras que en un sanatorio privado hay un m\u00e9dico generalista que llama al especialista despu\u00e9s. Eso lo tenemos que decir\u201d.<br>Por otro lado, Mussi afirm\u00f3: \u201cHay crisis, pero no nos detuvo; no estamos quietos. Nosotros queremos que la crisis sea menor para los de Berazategui. Seguimos apostando a la cultura, al deporte\u2026 De hecho, le hemos pedido al Gobierno nacional que se desafecte de la obra del Centro C\u00edvico El Pato, que qued\u00f3 paralizada, porque nosotros la vamos a financiar. Se abrir\u00e1 nuevamente la licitaci\u00f3n\u201d.<\/p>\n\n\n\n<figure class=\"wp-block-image size-large\"><img loading=\"lazy\" decoding=\"async\" width=\"1024\" height=\"682\" src=\"https:\/\/diarioprincipios.com\/wp-content\/uploads\/2024\/11\/MUSSI-A-MI-ME-ELIGIO-LA-GENTE-DE-BERAZATEGUI-Y-TENGO-QUE-CUMPLIR-CON-ELLOS-2-1024x682.jpg\" alt=\"\" class=\"wp-image-23516\" srcset=\"https:\/\/diarioprincipios.com\/wp-content\/uploads\/2024\/11\/MUSSI-A-MI-ME-ELIGIO-LA-GENTE-DE-BERAZATEGUI-Y-TENGO-QUE-CUMPLIR-CON-ELLOS-2-1024x682.jpg 1024w, https:\/\/diarioprincipios.com\/wp-content\/uploads\/2024\/11\/MUSSI-A-MI-ME-ELIGIO-LA-GENTE-DE-BERAZATEGUI-Y-TENGO-QUE-CUMPLIR-CON-ELLOS-2-300x200.jpg 300w, https:\/\/diarioprincipios.com\/wp-content\/uploads\/2024\/11\/MUSSI-A-MI-ME-ELIGIO-LA-GENTE-DE-BERAZATEGUI-Y-TENGO-QUE-CUMPLIR-CON-ELLOS-2-768x511.jpg 768w, https:\/\/diarioprincipios.com\/wp-content\/uploads\/2024\/11\/MUSSI-A-MI-ME-ELIGIO-LA-GENTE-DE-BERAZATEGUI-Y-TENGO-QUE-CUMPLIR-CON-ELLOS-2-820x545.jpg 820w, https:\/\/diarioprincipios.com\/wp-content\/uploads\/2024\/11\/MUSSI-A-MI-ME-ELIGIO-LA-GENTE-DE-BERAZATEGUI-Y-TENGO-QUE-CUMPLIR-CON-ELLOS-2-600x400.jpg 600w, https:\/\/diarioprincipios.com\/wp-content\/uploads\/2024\/11\/MUSSI-A-MI-ME-ELIGIO-LA-GENTE-DE-BERAZATEGUI-Y-TENGO-QUE-CUMPLIR-CON-ELLOS-2.jpg 1280w\" sizes=\"auto, (max-width: 1024px) 100vw, 1024px\" \/><\/figure>\n\n\n\n<p><br>Durante la conferencia se proyectaron tres videos en los que se mostraron desarrollos de emprendimientos comerciales, industriales e inmobiliarios privados en el distrito: Puerto Nizuc, Intepark y Polo Hudson. En ese contexto, en relaci\u00f3n con la inversi\u00f3n privada en Berazategui, el Jefe comunal se\u00f1al\u00f3: \u201cD\u00edganme cu\u00e1ntos hubieran pensado, hace un tiempo, que en nuestro humilde distrito de la Zona Sur \u00edbamos a tener un hotel Sheraton\u201d.<br>A continuaci\u00f3n, el Intendente habl\u00f3 del sector privado de Berazategui. \u201cTenemos 26 barrios cerrados, que son casi iguales a los 13 parques industriales, porque todos le dieron trabajo digno a la gente\u201d, indic\u00f3. Y continu\u00f3: \u201cQueremos que la gente tenga trabajo. Es lo que est\u00e1n pidiendo los argentinos en este momento\u201d.<br>Para finalizar, Mussi destac\u00f3: \u201cEn el mes de la Autonom\u00eda, en un a\u00f1o no electoral, quer\u00edamos hablar de las obras y los emprendimientos de Berazategui: finalizadas, en marcha y por hacer. Esto es una conferencia para todos. De hecho, adem\u00e1s de la prensa, aqu\u00ed se encuentran presentes todas las fuerzas vivas del distrito, para que todos entiendan de qu\u00e9 forma se administran los recursos municipales\u201d.<br>La conferencia se llev\u00f3 a cabo en el Complejo Cultural Municipal La Calle, ante m\u00e1s de 450 vecinos y vecinas, integrantes de instituciones y fuerzas vivas de la comunidad local, comerciantes, empresarios, medios de comunicaci\u00f3n y autoridades del Gabinete municipal.<\/p>\n\n\n\n<figure class=\"wp-block-image size-large\"><img loading=\"lazy\" decoding=\"async\" width=\"1024\" height=\"682\" src=\"https:\/\/diarioprincipios.com\/wp-content\/uploads\/2024\/11\/MUSSI-A-MI-ME-ELIGIO-LA-GENTE-DE-BERAZATEGUI-Y-TENGO-QUE-CUMPLIR-CON-ELLOS-3-1024x682.jpg\" alt=\"\" class=\"wp-image-23517\" srcset=\"https:\/\/diarioprincipios.com\/wp-content\/uploads\/2024\/11\/MUSSI-A-MI-ME-ELIGIO-LA-GENTE-DE-BERAZATEGUI-Y-TENGO-QUE-CUMPLIR-CON-ELLOS-3-1024x682.jpg 1024w, https:\/\/diarioprincipios.com\/wp-content\/uploads\/2024\/11\/MUSSI-A-MI-ME-ELIGIO-LA-GENTE-DE-BERAZATEGUI-Y-TENGO-QUE-CUMPLIR-CON-ELLOS-3-300x200.jpg 300w, https:\/\/diarioprincipios.com\/wp-content\/uploads\/2024\/11\/MUSSI-A-MI-ME-ELIGIO-LA-GENTE-DE-BERAZATEGUI-Y-TENGO-QUE-CUMPLIR-CON-ELLOS-3-768x511.jpg 768w, https:\/\/diarioprincipios.com\/wp-content\/uploads\/2024\/11\/MUSSI-A-MI-ME-ELIGIO-LA-GENTE-DE-BERAZATEGUI-Y-TENGO-QUE-CUMPLIR-CON-ELLOS-3-820x545.jpg 820w, https:\/\/diarioprincipios.com\/wp-content\/uploads\/2024\/11\/MUSSI-A-MI-ME-ELIGIO-LA-GENTE-DE-BERAZATEGUI-Y-TENGO-QUE-CUMPLIR-CON-ELLOS-3-600x400.jpg 600w, https:\/\/diarioprincipios.com\/wp-content\/uploads\/2024\/11\/MUSSI-A-MI-ME-ELIGIO-LA-GENTE-DE-BERAZATEGUI-Y-TENGO-QUE-CUMPLIR-CON-ELLOS-3.jpg 1280w\" sizes=\"auto, (max-width: 1024px) 100vw, 1024px\" \/><\/figure>\n\n\n\n<p><br>INFORME DE OBRAS REALIZADAS CON FONDOS 100% PROVINCIALES<br>Vivienda<br>Mussi destac\u00f3 el proyecto habitacional impulsado en el barrio 3 de Junio (Pl\u00e1tanos), de inversi\u00f3n provincial con financiamiento del Banco Mundial. Ya tiene un 40% de avance y comprende la construcci\u00f3n de 120 viviendas, la relocalizaci\u00f3n de las familias que viven bajo un electroducto y a la vera del Arroyo Las Conchitas \/ Canal Pl\u00e1tanos; la pavimentaci\u00f3n de calles, construcci\u00f3n de veredas, trabajos de saneamiento; y la puesta en marcha del sistema de desag\u00fces cloacales, red de agua potable, gas y alumbrado p\u00fablico. Asimismo, la segunda etapa de la obra se encuentra licitada y adjudicada, para la construcci\u00f3n de 239 viviendas y un Parque p\u00fablico.<br>El Intendente tambi\u00e9n remarc\u00f3 el 32% de avance de la edificaci\u00f3n de 300 viviendas en Kennedy Norte (Hudson), que implica la relocalizaci\u00f3n de familias que viven a la vera del Arroyo Las Conchitas; la construcci\u00f3n de viviendas (de 2, 3 y 4 dormitorios), de infraestructura de red de agua y cloaca, y de una planta de tratamiento de desechos cloacales; as\u00ed como una obra de alumbrado p\u00fablico.<br>Adem\u00e1s, el Dr. Mussi inform\u00f3 que avanza el Plan Integral Barrio COMPAL &#8211; Pl\u00e1tanos, con una obra de equipamiento comunitario y mejora del espacio p\u00fablico que abarca la construcci\u00f3n de un SUM, cocina y ba\u00f1os; la instalaci\u00f3n de la red de agua y cloaca -que se encuentra en ejecuci\u00f3n-; y una obra de alumbrado p\u00fablico -que est\u00e1 finalizada-.<br>Asimismo, mencion\u00f3 la entrega de subsidios y microcr\u00e9ditos a familias de bajos recursos, para refaccionar, mejorar o ampliar sus viviendas. Aquellos destinados a mejoramientos habitacionales se entregaron a 400 familias de 34 barrios de Berazategui. En tanto, los microcr\u00e9ditos para la vivienda se otorgaron a 200 familias de 18 barrios.<\/p>\n\n\n\n<p>Producci\u00f3n sustentable y comercio local<br>El Intendente resalt\u00f3 la iniciativa Mercado de Alimentos Bonaerenses de Berazategui, que se encuentra en ejecuci\u00f3n en Juan Mar\u00eda Guti\u00e9rrez, un espacio destinado a comercializar alimentos producidos en Berazategui y la provincia de Buenos Aires, sin intermediarios, en una superficie aproximada de 500 metros cuadrados. Tambi\u00e9n destac\u00f3 la creaci\u00f3n de la Chacra Experimental El Pato, que fue construida con el fin de contribuir al desarrollo sustentable de la producci\u00f3n agroalimentaria de la Provincia, fomentar actividades de investigaci\u00f3n-extensi\u00f3n, capacitaciones a productores e intercambio de conocimientos.<\/p>\n\n\n\n<figure class=\"wp-block-image size-large\"><img loading=\"lazy\" decoding=\"async\" width=\"1024\" height=\"682\" src=\"https:\/\/diarioprincipios.com\/wp-content\/uploads\/2024\/11\/MUSSI-A-MI-ME-ELIGIO-LA-GENTE-DE-BERAZATEGUI-Y-TENGO-QUE-CUMPLIR-CON-ELLOS-1024x682.jpg\" alt=\"\" class=\"wp-image-23518\" srcset=\"https:\/\/diarioprincipios.com\/wp-content\/uploads\/2024\/11\/MUSSI-A-MI-ME-ELIGIO-LA-GENTE-DE-BERAZATEGUI-Y-TENGO-QUE-CUMPLIR-CON-ELLOS-1024x682.jpg 1024w, https:\/\/diarioprincipios.com\/wp-content\/uploads\/2024\/11\/MUSSI-A-MI-ME-ELIGIO-LA-GENTE-DE-BERAZATEGUI-Y-TENGO-QUE-CUMPLIR-CON-ELLOS-300x200.jpg 300w, https:\/\/diarioprincipios.com\/wp-content\/uploads\/2024\/11\/MUSSI-A-MI-ME-ELIGIO-LA-GENTE-DE-BERAZATEGUI-Y-TENGO-QUE-CUMPLIR-CON-ELLOS-768x512.jpg 768w, https:\/\/diarioprincipios.com\/wp-content\/uploads\/2024\/11\/MUSSI-A-MI-ME-ELIGIO-LA-GENTE-DE-BERAZATEGUI-Y-TENGO-QUE-CUMPLIR-CON-ELLOS-1536x1023.jpg 1536w, https:\/\/diarioprincipios.com\/wp-content\/uploads\/2024\/11\/MUSSI-A-MI-ME-ELIGIO-LA-GENTE-DE-BERAZATEGUI-Y-TENGO-QUE-CUMPLIR-CON-ELLOS-820x545.jpg 820w, https:\/\/diarioprincipios.com\/wp-content\/uploads\/2024\/11\/MUSSI-A-MI-ME-ELIGIO-LA-GENTE-DE-BERAZATEGUI-Y-TENGO-QUE-CUMPLIR-CON-ELLOS-600x400.jpg 600w, https:\/\/diarioprincipios.com\/wp-content\/uploads\/2024\/11\/MUSSI-A-MI-ME-ELIGIO-LA-GENTE-DE-BERAZATEGUI-Y-TENGO-QUE-CUMPLIR-CON-ELLOS.jpg 1600w\" sizes=\"auto, (max-width: 1024px) 100vw, 1024px\" \/><\/figure>\n\n\n\n<p>Obras de Cloacas<br>*Plan Maestro Cloacal: Es una obra ya finalizada, que contempla 9 Km. de ca\u00f1er\u00edas en los barrios Sarmiento y San Marcos para beneficio de 14.000 vecinas y vecinos.<br>*Plan Maestro Cloacal para los barrios Kennedy Sur, Kennedy Norte, El Cicl\u00f3n, La Coquita y 1\u00b0 de Septiembre. Una obra en ejecuci\u00f3n, que comprende 42 Km. de ca\u00f1er\u00edas y m\u00e1s de 7.000 conexiones domiciliarias, para beneficio de m\u00e1s de 40.000 vecinas y vecinos.<\/p>\n\n\n\n<p>Barrio Los Perales &#8211; San Blas: con m\u00e1s de 15.200 metros de ca\u00f1er\u00edas y 2.400 conexiones domiciliarias, con un 84% de avance, para beneficio de m\u00e1s de 12.000 vecinas y vecinos.<br>Barrio El Rinc\u00f3n: lleva un 62% de avance. Comprende m\u00e1s de 3.000 metros de ca\u00f1er\u00edas y 376 conexiones domiciliarias, para beneficio de m\u00e1s de 3.000 vecinas y vecinos.<br>Barrio Centenario Sur: con un avance del 86%, m\u00e1s de 2.900 metros de ca\u00f1er\u00edas y 780 conexiones domiciliarias para beneficio de m\u00e1s de 6.240 vecinas y vecinos.<\/p>\n\n\n\n<p>Obras de Agua<br>Por otro lado, Mussi destac\u00f3 las obras de agua -realizadas con inversi\u00f3n provincial-, como la de 10 kil\u00f3metros de cierre de mallas de la red de agua y la extensi\u00f3n de ca\u00f1er\u00edas en los barrios Pl\u00e1tanos Norte, 1\u00b0 de Septiembre, San Blas, Islas Malvinas, Gral. Belgrano, San Pablo (El Pato); y la de empalme del Acueducto Pereyra; con un nuevo ingreso de agua proveniente del acueducto Pereyra y ca\u00f1er\u00eda principal de distribuci\u00f3n para el barrio 3 de Junio (Pl\u00e1tanos), ambas ya finalizadas.<\/p>\n\n\n\n<p>Plan Integral Barrio Once &#8211; El Pato<br>Con la construcci\u00f3n de un Polo Educativo -con un 62,77% de avance- que comprende la edificaci\u00f3n de una Escuela Primaria, una Secundaria, un Jard\u00edn de Infantes, un Sal\u00f3n de Usos M\u00faltiples, una plaza y un circuito deportivo; y con una obra de alumbrado p\u00fablico -con un 66% de avance-, para beneficio de m\u00e1s de 40 mil vecinas y vecinos, tambi\u00e9n con financiaci\u00f3n provincial.<\/p>\n\n\n\n<p>INFORME DE OBRAS REALIZADAS CON INVERSI\u00d3N 100% MUNICIPAL<br>Obras de Agua<br>Puesta en valor de la Estaci\u00f3n de Bombeo Vergara (Av. Vergara y Av. Ant\u00e1rtida Argentina), con 3 nuevas bombas, un sistema de control y monitoreo; y un generador de energ\u00eda.<br>Cierre de mallas de la red de agua: con un total de 2.800 metros de ca\u00f1er\u00edas distribuidos en Berazategui Oeste, Berazategui Este, Ranelagh, El Pato y Hudson.<br>En cuanto a las obras de agua ya finalizadas, mencion\u00f3 las siguientes:<br>Barrio Los Troncos (calle 148 y 1): Construcci\u00f3n de un nuevo pozo de extracci\u00f3n y refuerzo de la red de agua, con tableros el\u00e9ctricos, 760 metros lineales de nuevas ca\u00f1er\u00edas, conexiones y empalmes.<br>El Municipio colabor\u00f3 en el reacondicionamiento de los tanques de agua: para el barrio Juan El Bueno -con nuevas ca\u00f1er\u00edas de llenado y distribuci\u00f3n; y el reemplazo de v\u00e1lvulas de accionamiento- y para el Barrio CGT -con el recambio de ca\u00f1er\u00edas-.<br>Asimismo, inform\u00f3 que ya se encuentra en licitaci\u00f3n la obra de puesta en valor del pozo de agua del Barrio Americano.<\/p>\n\n\n\n<p>Obras de Cloacas<br>El avance de los trabajos de cierre de mallas de la red cloacal comprende 2.800 metros de ca\u00f1er\u00edas y la extensi\u00f3n de la red cloacal, para beneficio de los vecinos y vecinas de Berazategui Oeste, Berazategui Centro, Hudson y Sourigues.<br>Nuevas Luminarias<br>Avanza la colocaci\u00f3n de 115 nuevas luminarias en espacios p\u00fablicos: en el barrio Juan El Bueno, en las Plazas Vecinal El Pato, Pato Ganso, 9 de Julio, Paseo Argentinidad, Los Nonos de Alberdi y El Rel\u00e1mpago.<br>Tambi\u00e9n avanza la colocaci\u00f3n de 31 luminarias nuevas en las siguientes instituciones: Juventud Unida de Hudson; y los Clubes San Marcos, Voluntad, El Hogar y Los Manzanos.<br>Finalmente, destac\u00f3 que ya son m\u00e1s de 146 las luminarias nuevas instaladas en Berazategui.<\/p>\n\n\n\n<p>Obras en Calles y Avenidas<br>Avance de 90.000 metros cuadrados de pavimentaci\u00f3n, repavimentaci\u00f3n y bacheo de carpeta asf\u00e1ltica para beneficio de los barrios Los Manzanos, Los Pinos, El Sol, San Carlos T. Sourigues, Villa Rial, Islas Malvinas, Gral. G\u00fcemes, Pl\u00e1tanos Norte, Aldana, El Zorzal, San Pedro, 6 de Enero, Santa Rosa, Guillermo E. Hudson y San Blas, entre otros. Asimismo, destac\u00f3 que en calles y avenidas fueron repavimentadas 34 cuadras y pavimentadas unas 20, en distintos barrios.<br>Se est\u00e1 ejecutando la reparaci\u00f3n de losas de hormig\u00f3n en 30.500 m2 para el mantenimiento de la red vial, en las localidades de Berazategui, Pl\u00e1tanos, Hudson, Pereyra, Villa Espa\u00f1a, Ranelagh, Sourigues, Guti\u00e9rrez y El Pato.<br>Se est\u00e1 llevando a cabo el saneamiento y consolidado de calles de tierra en todo el distrito, con mano de obra y maquinaria 100% municipal. Esto implica el mantenimiento de la red vial, el mejorado de las calles de tierra, el saneamiento de zanjas y el consolidado de calles en todas las localidades.<\/p>\n\n\n\n<p>Obras de Desag\u00fces Pluviales<br>Avanza la obra de ensanche, perfilado y saneamiento del canal pluvial Padre Mugica, entre la Colectora de la Au. Bs. As. &#8211; La Plata y la desembocadura en el R\u00edo de la Plata, con ejecuci\u00f3n de alcantarilla. Beneficia a los barrios: Villa Mitre, Jacarand\u00e1 y Pl\u00e1tanos Norte. Adem\u00e1s, se est\u00e1n ejecutando obras de desag\u00fces pluviales en La Porte\u00f1a (Hudson), en Villa Mitre &#8211; Berasur, en el barrio Belgrano (Hudson) y en El Rinc\u00f3n (Ranelagh). Asimismo, en distintos puntos del partido se est\u00e1n reconstruyendo los sumideros, seg\u00fan las necesidades de infraestructura.<br>Seguidamente, destac\u00f3 dos obras de desag\u00fces ya finalizadas: la de saneamiento, perfilado, extracci\u00f3n de vegetaci\u00f3n y s\u00f3lidos del canal aliviador en la Colectora de la Au. Bs. As. &#8211; La Plata e\/ 12 B y la desembocadura en el Arroyo Jim\u00e9nez; as\u00ed como la de alcantarilla y canal aliviador en calle 529 y 619 (El Pato).<\/p>\n\n\n\n<p>Nuevas Veredas<br>Construcci\u00f3n de veredas ya finalizadas:<br>Berazategui Centro: Reconstrucci\u00f3n y reparaci\u00f3n de veredas en Av. 14 entre Lisandro de la Torre y Av. Mitre\/N\u00e9stor Kirchner. Con reparaci\u00f3n de cordones y la colocaci\u00f3n de rampas y baldosas t\u00e1ctiles.<br>Berazategui Oeste: Embellecimiento y reconstrucci\u00f3n de veredas en Av. 14 entre 130 y Av. Dardo Rocha.<br>Berazategui Centro: Nuevas veredas, refugios de colectivos y mobiliario en Lisandro de la Torre entre 13 y Av. 14.<\/p>\n\n\n\n<p>Obras en Plazas, Instituciones y Dependencias Municipales<br>Avanzan las obras en la Plaza Vecinal El Pato (calle 523 entre Colectora Autov\u00eda 2 y 529), que comprenden la construcci\u00f3n de senderos y un cerco ol\u00edmpico; la colocaci\u00f3n de juegos infantiles y equipos aer\u00f3bicos; adem\u00e1s de forestaci\u00f3n y parquizaci\u00f3n.<br>Se realizaron distintas obras de mantenimiento de plazas, instituciones y espacios p\u00fablicos, con mano de obra 100% municipal, que comprenden la colocaci\u00f3n de juegos infantiles y elementos de gimnasia; as\u00ed como trabajos de pintura en plazas, instituciones y paradas de colectivos. Estas son las Plazas Barrio Los Quilmes y 2 de Octubre (en Berazategui Oeste); Platini y Abuela Mecha (UOCRA); El Rel\u00e1mpago (Berazategui); y San Carlos (Sourigues). En estas y otras plazas, adem\u00e1s, se llevan a cabo tareas de mantenimiento, limpieza, arreglos y pintura.<br>Adem\u00e1s, el Intendente remarc\u00f3 que cada d\u00eda se realizan tareas de mantenimiento, limpieza, arreglos y pintura en Dependencias municipales y provinciales (Hospital Evita Pueblo), as\u00ed como en Sociedades de Fomento, Clubes, Polideportivos, Centros de Jubilados y Pensionados, entre otras instituciones.<\/p>\n\n\n\n<p>Obras en Clubes Municipales<br>Club Municipal Malter\u00eda Hudson: se realiz\u00f3 la reconstrucci\u00f3n de suelo-cemento y se coloc\u00f3 la alfombra de c\u00e9sped sint\u00e9tico de la cancha de f\u00fatbol 11.<br>Club Municipal Ducilo: avanza la construcci\u00f3n de ba\u00f1os, vestuarios, sala de estar y sala de m\u00e1quinas.<br>Obras en Espacios Culturales Municipales<br>Avanza el proyecto integral de renovaci\u00f3n del Centro C\u00edvico Municipal Villa Espa\u00f1a &#8211; Pl\u00e1tanos, en un espacio cedido por el C\u00edrculo Italiano. Comprende la edificaci\u00f3n del Centro Cultural Municipal (con cinco aulas y un sal\u00f3n auditorio), la Delegaci\u00f3n Municipal Villa Espa\u00f1a &#8211; Pl\u00e1tanos, el Registro Provincial de las Personas y Oficinas de atenci\u00f3n al p\u00fablico, junto a la sede del C\u00edrculo Italiano.<\/p>\n\n\n\n<p>Complejo Cultural Municipal La Humanitaria: incluye la construcci\u00f3n de un Registro Provincial de las Personas y un dep\u00f3sito, as\u00ed como refacciones en el sector exterior del Complejo.<br>Seguidamente, Mussi resalt\u00f3 las siguientes obras ya finalizadas, que fueron concretadas tambi\u00e9n con fondos 100% municipales:<br>Centro C\u00edvico, Cultural y Recreativo Municipal Guti\u00e9rrez: La obra implic\u00f3 arreglos y la finalizaci\u00f3n del auditorio, la colocaci\u00f3n de un nuevo cielorraso de placas de yeso suspendido, trabajos de pintura en general, la renovaci\u00f3n de la carpeta hidr\u00f3fuga y m\u00e1s iluminaci\u00f3n: luz de escenario, sala general e iluminaci\u00f3n m\u00f3vil adaptable a muestras y actividades.<br>Complejo Cultural Municipal La Casa de la Estaci\u00f3n: Los trabajos incluyeron la construcci\u00f3n de un local del Programa Regal\u00e1 Cultura, una plaza seca con piso antigolpes; la colocaci\u00f3n de juegos nuevos y c\u00e9sped; adem\u00e1s de la instalaci\u00f3n de una baranda de contenci\u00f3n.<\/p>\n","protected":false},"excerpt":{"rendered":"<p>El intendente de Berazategui, Juan Jos\u00e9 Mussi, brind\u00f3 una conferencia de gesti\u00f3n donde detall\u00f3 las diferentes obras p\u00fablicas realizadas y en ejecuci\u00f3n en el distrito, con financiamiento de los Gobiernos provincial y municipal, durante este 2024.Adem\u00e1s del gran esfuerzo econ\u00f3mico realizado por la gesti\u00f3n municipal, Mussi subray\u00f3 el constante acompa\u00f1amiento del Gobierno bonaerense en la&#8230;<\/p>\n","protected":false},"author":2,"featured_media":23519,"comment_status":"open","ping_status":"open","sticky":false,"template":"","format":"standard","meta":{"footnotes":""},"categories":[3],"tags":[],"class_list":["post-23515","post","type-post","status-publish","format-standard","has-post-thumbnail","hentry","category-berazategui"],"featured_image_src":"https:\/\/diarioprincipios.com\/wp-content\/uploads\/2024\/11\/MUSSI-A-MI-ME-ELIGIO-LA-GENTE-DE-BERAZATEGUI-Y-TENGO-QUE-CUMPLIR-CON-ELLOS-1-1024x682.jpg","blog_images":{"medium":"https:\/\/diarioprincipios.com\/wp-content\/uploads\/2024\/11\/MUSSI-A-MI-ME-ELIGIO-LA-GENTE-DE-BERAZATEGUI-Y-TENGO-QUE-CUMPLIR-CON-ELLOS-1-300x200.jpg","large":"https:\/\/diarioprincipios.com\/wp-content\/uploads\/2024\/11\/MUSSI-A-MI-ME-ELIGIO-LA-GENTE-DE-BERAZATEGUI-Y-TENGO-QUE-CUMPLIR-CON-ELLOS-1-1024x682.jpg"},"ams_acf":[],"yoast_head":"<!-- This site is optimized with the Yoast SEO plugin v27.3 - https:\/\/yoast.com\/product\/yoast-seo-wordpress\/ -->\n<title>Mussi brind\u00f3 una Conferencia de Gesti\u00f3n - Principios<\/title>\n<meta name=\"robots\" content=\"index, follow, max-snippet:-1, max-image-preview:large, max-video-preview:-1\" \/>\n<link rel=\"canonical\" href=\"https:\/\/diarioprincipios.com\/index.php\/2024\/11\/14\/mussi-brindo-una-conferencia-de-gestion\/\" \/>\n<meta property=\"og:locale\" content=\"es_ES\" \/>\n<meta property=\"og:type\" content=\"article\" \/>\n<meta property=\"og:title\" content=\"Mussi brind\u00f3 una Conferencia de Gesti\u00f3n - Principios\" \/>\n<meta property=\"og:description\" content=\"El intendente de Berazategui, Juan Jos\u00e9 Mussi, brind\u00f3 una conferencia de gesti\u00f3n donde detall\u00f3 las diferentes obras p\u00fablicas realizadas y en ejecuci\u00f3n en el distrito, con financiamiento de los Gobiernos provincial y municipal, durante este 2024.Adem\u00e1s del gran esfuerzo econ\u00f3mico realizado por la gesti\u00f3n municipal, Mussi subray\u00f3 el constante acompa\u00f1amiento del Gobierno bonaerense en la...\" \/>\n<meta property=\"og:url\" content=\"https:\/\/diarioprincipios.com\/index.php\/2024\/11\/14\/mussi-brindo-una-conferencia-de-gestion\/\" \/>\n<meta property=\"og:site_name\" content=\"Principios\" \/>\n<meta property=\"article:published_time\" content=\"2024-11-14T23:01:56+00:00\" \/>\n<meta property=\"article:modified_time\" content=\"2024-11-14T23:01:58+00:00\" \/>\n<meta property=\"og:image\" content=\"https:\/\/diarioprincipios.com\/wp-content\/uploads\/2024\/11\/MUSSI-A-MI-ME-ELIGIO-LA-GENTE-DE-BERAZATEGUI-Y-TENGO-QUE-CUMPLIR-CON-ELLOS-1.jpg\" \/>\n\t<meta property=\"og:image:width\" content=\"1600\" \/>\n\t<meta property=\"og:image:height\" content=\"1066\" \/>\n\t<meta property=\"og:image:type\" content=\"image\/jpeg\" \/>\n<meta name=\"author\" content=\"Hern\u00e1n L\u00f3pez\" \/>\n<meta name=\"twitter:card\" content=\"summary_large_image\" \/>\n<meta name=\"twitter:label1\" content=\"Escrito por\" \/>\n\t<meta name=\"twitter:data1\" content=\"Hern\u00e1n L\u00f3pez\" \/>\n\t<meta name=\"twitter:label2\" content=\"Tiempo de lectura\" \/>\n\t<meta name=\"twitter:data2\" content=\"12 minutos\" \/>\n<script type=\"application\/ld+json\" class=\"yoast-schema-graph\">{\"@context\":\"https:\\\/\\\/schema.org\",\"@graph\":[{\"@type\":\"Article\",\"@id\":\"https:\\\/\\\/diarioprincipios.com\\\/index.php\\\/2024\\\/11\\\/14\\\/mussi-brindo-una-conferencia-de-gestion\\\/#article\",\"isPartOf\":{\"@id\":\"https:\\\/\\\/diarioprincipios.com\\\/index.php\\\/2024\\\/11\\\/14\\\/mussi-brindo-una-conferencia-de-gestion\\\/\"},\"author\":{\"name\":\"Hern\u00e1n L\u00f3pez\",\"@id\":\"https:\\\/\\\/diarioprincipios.com\\\/#\\\/schema\\\/person\\\/436d5a1fd41a5e250e23ff5a6a7cb080\"},\"headline\":\"Mussi brind\u00f3 una Conferencia de Gesti\u00f3n\",\"datePublished\":\"2024-11-14T23:01:56+00:00\",\"dateModified\":\"2024-11-14T23:01:58+00:00\",\"mainEntityOfPage\":{\"@id\":\"https:\\\/\\\/diarioprincipios.com\\\/index.php\\\/2024\\\/11\\\/14\\\/mussi-brindo-una-conferencia-de-gestion\\\/\"},\"wordCount\":2472,\"commentCount\":0,\"publisher\":{\"@id\":\"https:\\\/\\\/diarioprincipios.com\\\/#organization\"},\"image\":{\"@id\":\"https:\\\/\\\/diarioprincipios.com\\\/index.php\\\/2024\\\/11\\\/14\\\/mussi-brindo-una-conferencia-de-gestion\\\/#primaryimage\"},\"thumbnailUrl\":\"https:\\\/\\\/diarioprincipios.com\\\/wp-content\\\/uploads\\\/2024\\\/11\\\/MUSSI-A-MI-ME-ELIGIO-LA-GENTE-DE-BERAZATEGUI-Y-TENGO-QUE-CUMPLIR-CON-ELLOS-1.jpg\",\"articleSection\":[\"Berazategui\"],\"inLanguage\":\"es\",\"potentialAction\":[{\"@type\":\"CommentAction\",\"name\":\"Comment\",\"target\":[\"https:\\\/\\\/diarioprincipios.com\\\/index.php\\\/2024\\\/11\\\/14\\\/mussi-brindo-una-conferencia-de-gestion\\\/#respond\"]}]},{\"@type\":\"WebPage\",\"@id\":\"https:\\\/\\\/diarioprincipios.com\\\/index.php\\\/2024\\\/11\\\/14\\\/mussi-brindo-una-conferencia-de-gestion\\\/\",\"url\":\"https:\\\/\\\/diarioprincipios.com\\\/index.php\\\/2024\\\/11\\\/14\\\/mussi-brindo-una-conferencia-de-gestion\\\/\",\"name\":\"Mussi brind\u00f3 una Conferencia de Gesti\u00f3n - Principios\",\"isPartOf\":{\"@id\":\"https:\\\/\\\/diarioprincipios.com\\\/#website\"},\"primaryImageOfPage\":{\"@id\":\"https:\\\/\\\/diarioprincipios.com\\\/index.php\\\/2024\\\/11\\\/14\\\/mussi-brindo-una-conferencia-de-gestion\\\/#primaryimage\"},\"image\":{\"@id\":\"https:\\\/\\\/diarioprincipios.com\\\/index.php\\\/2024\\\/11\\\/14\\\/mussi-brindo-una-conferencia-de-gestion\\\/#primaryimage\"},\"thumbnailUrl\":\"https:\\\/\\\/diarioprincipios.com\\\/wp-content\\\/uploads\\\/2024\\\/11\\\/MUSSI-A-MI-ME-ELIGIO-LA-GENTE-DE-BERAZATEGUI-Y-TENGO-QUE-CUMPLIR-CON-ELLOS-1.jpg\",\"datePublished\":\"2024-11-14T23:01:56+00:00\",\"dateModified\":\"2024-11-14T23:01:58+00:00\",\"breadcrumb\":{\"@id\":\"https:\\\/\\\/diarioprincipios.com\\\/index.php\\\/2024\\\/11\\\/14\\\/mussi-brindo-una-conferencia-de-gestion\\\/#breadcrumb\"},\"inLanguage\":\"es\",\"potentialAction\":[{\"@type\":\"ReadAction\",\"target\":[\"https:\\\/\\\/diarioprincipios.com\\\/index.php\\\/2024\\\/11\\\/14\\\/mussi-brindo-una-conferencia-de-gestion\\\/\"]}]},{\"@type\":\"ImageObject\",\"inLanguage\":\"es\",\"@id\":\"https:\\\/\\\/diarioprincipios.com\\\/index.php\\\/2024\\\/11\\\/14\\\/mussi-brindo-una-conferencia-de-gestion\\\/#primaryimage\",\"url\":\"https:\\\/\\\/diarioprincipios.com\\\/wp-content\\\/uploads\\\/2024\\\/11\\\/MUSSI-A-MI-ME-ELIGIO-LA-GENTE-DE-BERAZATEGUI-Y-TENGO-QUE-CUMPLIR-CON-ELLOS-1.jpg\",\"contentUrl\":\"https:\\\/\\\/diarioprincipios.com\\\/wp-content\\\/uploads\\\/2024\\\/11\\\/MUSSI-A-MI-ME-ELIGIO-LA-GENTE-DE-BERAZATEGUI-Y-TENGO-QUE-CUMPLIR-CON-ELLOS-1.jpg\",\"width\":1600,\"height\":1066},{\"@type\":\"BreadcrumbList\",\"@id\":\"https:\\\/\\\/diarioprincipios.com\\\/index.php\\\/2024\\\/11\\\/14\\\/mussi-brindo-una-conferencia-de-gestion\\\/#breadcrumb\",\"itemListElement\":[{\"@type\":\"ListItem\",\"position\":1,\"name\":\"Portada\",\"item\":\"https:\\\/\\\/diarioprincipios.com\\\/\"},{\"@type\":\"ListItem\",\"position\":2,\"name\":\"Mussi brind\u00f3 una Conferencia de Gesti\u00f3n\"}]},{\"@type\":\"WebSite\",\"@id\":\"https:\\\/\\\/diarioprincipios.com\\\/#website\",\"url\":\"https:\\\/\\\/diarioprincipios.com\\\/\",\"name\":\"Principios\",\"description\":\"Principios Diario\",\"publisher\":{\"@id\":\"https:\\\/\\\/diarioprincipios.com\\\/#organization\"},\"potentialAction\":[{\"@type\":\"SearchAction\",\"target\":{\"@type\":\"EntryPoint\",\"urlTemplate\":\"https:\\\/\\\/diarioprincipios.com\\\/?s={search_term_string}\"},\"query-input\":{\"@type\":\"PropertyValueSpecification\",\"valueRequired\":true,\"valueName\":\"search_term_string\"}}],\"inLanguage\":\"es\"},{\"@type\":\"Organization\",\"@id\":\"https:\\\/\\\/diarioprincipios.com\\\/#organization\",\"name\":\"Principios\",\"url\":\"https:\\\/\\\/diarioprincipios.com\\\/\",\"logo\":{\"@type\":\"ImageObject\",\"inLanguage\":\"es\",\"@id\":\"https:\\\/\\\/diarioprincipios.com\\\/#\\\/schema\\\/logo\\\/image\\\/\",\"url\":\"https:\\\/\\\/diarioprincipios.com\\\/wp-content\\\/uploads\\\/2024\\\/04\\\/cropped-www.diarioprincipios.com_-1.png\",\"contentUrl\":\"https:\\\/\\\/diarioprincipios.com\\\/wp-content\\\/uploads\\\/2024\\\/04\\\/cropped-www.diarioprincipios.com_-1.png\",\"width\":5325,\"height\":1454,\"caption\":\"Principios\"},\"image\":{\"@id\":\"https:\\\/\\\/diarioprincipios.com\\\/#\\\/schema\\\/logo\\\/image\\\/\"}},{\"@type\":\"Person\",\"@id\":\"https:\\\/\\\/diarioprincipios.com\\\/#\\\/schema\\\/person\\\/436d5a1fd41a5e250e23ff5a6a7cb080\",\"name\":\"Hern\u00e1n L\u00f3pez\",\"image\":{\"@type\":\"ImageObject\",\"inLanguage\":\"es\",\"@id\":\"https:\\\/\\\/diarioprincipios.com\\\/wp-content\\\/litespeed\\\/avatar\\\/11ddfe5610ff3bd100522525b2571f48.jpg?ver=1777048341\",\"url\":\"https:\\\/\\\/diarioprincipios.com\\\/wp-content\\\/litespeed\\\/avatar\\\/11ddfe5610ff3bd100522525b2571f48.jpg?ver=1777048341\",\"contentUrl\":\"https:\\\/\\\/diarioprincipios.com\\\/wp-content\\\/litespeed\\\/avatar\\\/11ddfe5610ff3bd100522525b2571f48.jpg?ver=1777048341\",\"caption\":\"Hern\u00e1n L\u00f3pez\"},\"url\":\"https:\\\/\\\/diarioprincipios.com\\\/index.php\\\/author\\\/hernan\\\/\"}]}<\/script>\n<!-- \/ Yoast SEO plugin. -->","yoast_head_json":{"title":"Mussi brind\u00f3 una Conferencia de Gesti\u00f3n - Principios","robots":{"index":"index","follow":"follow","max-snippet":"max-snippet:-1","max-image-preview":"max-image-preview:large","max-video-preview":"max-video-preview:-1"},"canonical":"https:\/\/diarioprincipios.com\/index.php\/2024\/11\/14\/mussi-brindo-una-conferencia-de-gestion\/","og_locale":"es_ES","og_type":"article","og_title":"Mussi brind\u00f3 una Conferencia de Gesti\u00f3n - Principios","og_description":"El intendente de Berazategui, Juan Jos\u00e9 Mussi, brind\u00f3 una conferencia de gesti\u00f3n donde detall\u00f3 las diferentes obras p\u00fablicas realizadas y en ejecuci\u00f3n en el distrito, con financiamiento de los Gobiernos provincial y municipal, durante este 2024.Adem\u00e1s del gran esfuerzo econ\u00f3mico realizado por la gesti\u00f3n municipal, Mussi subray\u00f3 el constante acompa\u00f1amiento del Gobierno bonaerense en la...","og_url":"https:\/\/diarioprincipios.com\/index.php\/2024\/11\/14\/mussi-brindo-una-conferencia-de-gestion\/","og_site_name":"Principios","article_published_time":"2024-11-14T23:01:56+00:00","article_modified_time":"2024-11-14T23:01:58+00:00","og_image":[{"width":1600,"height":1066,"url":"https:\/\/diarioprincipios.com\/wp-content\/uploads\/2024\/11\/MUSSI-A-MI-ME-ELIGIO-LA-GENTE-DE-BERAZATEGUI-Y-TENGO-QUE-CUMPLIR-CON-ELLOS-1.jpg","type":"image\/jpeg"}],"author":"Hern\u00e1n L\u00f3pez","twitter_card":"summary_large_image","twitter_misc":{"Escrito por":"Hern\u00e1n L\u00f3pez","Tiempo de lectura":"12 minutos"},"schema":{"@context":"https:\/\/schema.org","@graph":[{"@type":"Article","@id":"https:\/\/diarioprincipios.com\/index.php\/2024\/11\/14\/mussi-brindo-una-conferencia-de-gestion\/#article","isPartOf":{"@id":"https:\/\/diarioprincipios.com\/index.php\/2024\/11\/14\/mussi-brindo-una-conferencia-de-gestion\/"},"author":{"name":"Hern\u00e1n L\u00f3pez","@id":"https:\/\/diarioprincipios.com\/#\/schema\/person\/436d5a1fd41a5e250e23ff5a6a7cb080"},"headline":"Mussi brind\u00f3 una Conferencia de Gesti\u00f3n","datePublished":"2024-11-14T23:01:56+00:00","dateModified":"2024-11-14T23:01:58+00:00","mainEntityOfPage":{"@id":"https:\/\/diarioprincipios.com\/index.php\/2024\/11\/14\/mussi-brindo-una-conferencia-de-gestion\/"},"wordCount":2472,"commentCount":0,"publisher":{"@id":"https:\/\/diarioprincipios.com\/#organization"},"image":{"@id":"https:\/\/diarioprincipios.com\/index.php\/2024\/11\/14\/mussi-brindo-una-conferencia-de-gestion\/#primaryimage"},"thumbnailUrl":"https:\/\/diarioprincipios.com\/wp-content\/uploads\/2024\/11\/MUSSI-A-MI-ME-ELIGIO-LA-GENTE-DE-BERAZATEGUI-Y-TENGO-QUE-CUMPLIR-CON-ELLOS-1.jpg","articleSection":["Berazategui"],"inLanguage":"es","potentialAction":[{"@type":"CommentAction","name":"Comment","target":["https:\/\/diarioprincipios.com\/index.php\/2024\/11\/14\/mussi-brindo-una-conferencia-de-gestion\/#respond"]}]},{"@type":"WebPage","@id":"https:\/\/diarioprincipios.com\/index.php\/2024\/11\/14\/mussi-brindo-una-conferencia-de-gestion\/","url":"https:\/\/diarioprincipios.com\/index.php\/2024\/11\/14\/mussi-brindo-una-conferencia-de-gestion\/","name":"Mussi brind\u00f3 una Conferencia de Gesti\u00f3n - Principios","isPartOf":{"@id":"https:\/\/diarioprincipios.com\/#website"},"primaryImageOfPage":{"@id":"https:\/\/diarioprincipios.com\/index.php\/2024\/11\/14\/mussi-brindo-una-conferencia-de-gestion\/#primaryimage"},"image":{"@id":"https:\/\/diarioprincipios.com\/index.php\/2024\/11\/14\/mussi-brindo-una-conferencia-de-gestion\/#primaryimage"},"thumbnailUrl":"https:\/\/diarioprincipios.com\/wp-content\/uploads\/2024\/11\/MUSSI-A-MI-ME-ELIGIO-LA-GENTE-DE-BERAZATEGUI-Y-TENGO-QUE-CUMPLIR-CON-ELLOS-1.jpg","datePublished":"2024-11-14T23:01:56+00:00","dateModified":"2024-11-14T23:01:58+00:00","breadcrumb":{"@id":"https:\/\/diarioprincipios.com\/index.php\/2024\/11\/14\/mussi-brindo-una-conferencia-de-gestion\/#breadcrumb"},"inLanguage":"es","potentialAction":[{"@type":"ReadAction","target":["https:\/\/diarioprincipios.com\/index.php\/2024\/11\/14\/mussi-brindo-una-conferencia-de-gestion\/"]}]},{"@type":"ImageObject","inLanguage":"es","@id":"https:\/\/diarioprincipios.com\/index.php\/2024\/11\/14\/mussi-brindo-una-conferencia-de-gestion\/#primaryimage","url":"https:\/\/diarioprincipios.com\/wp-content\/uploads\/2024\/11\/MUSSI-A-MI-ME-ELIGIO-LA-GENTE-DE-BERAZATEGUI-Y-TENGO-QUE-CUMPLIR-CON-ELLOS-1.jpg","contentUrl":"https:\/\/diarioprincipios.com\/wp-content\/uploads\/2024\/11\/MUSSI-A-MI-ME-ELIGIO-LA-GENTE-DE-BERAZATEGUI-Y-TENGO-QUE-CUMPLIR-CON-ELLOS-1.jpg","width":1600,"height":1066},{"@type":"BreadcrumbList","@id":"https:\/\/diarioprincipios.com\/index.php\/2024\/11\/14\/mussi-brindo-una-conferencia-de-gestion\/#breadcrumb","itemListElement":[{"@type":"ListItem","position":1,"name":"Portada","item":"https:\/\/diarioprincipios.com\/"},{"@type":"ListItem","position":2,"name":"Mussi brind\u00f3 una Conferencia de Gesti\u00f3n"}]},{"@type":"WebSite","@id":"https:\/\/diarioprincipios.com\/#website","url":"https:\/\/diarioprincipios.com\/","name":"Principios","description":"Principios Diario","publisher":{"@id":"https:\/\/diarioprincipios.com\/#organization"},"potentialAction":[{"@type":"SearchAction","target":{"@type":"EntryPoint","urlTemplate":"https:\/\/diarioprincipios.com\/?s={search_term_string}"},"query-input":{"@type":"PropertyValueSpecification","valueRequired":true,"valueName":"search_term_string"}}],"inLanguage":"es"},{"@type":"Organization","@id":"https:\/\/diarioprincipios.com\/#organization","name":"Principios","url":"https:\/\/diarioprincipios.com\/","logo":{"@type":"ImageObject","inLanguage":"es","@id":"https:\/\/diarioprincipios.com\/#\/schema\/logo\/image\/","url":"https:\/\/diarioprincipios.com\/wp-content\/uploads\/2024\/04\/cropped-www.diarioprincipios.com_-1.png","contentUrl":"https:\/\/diarioprincipios.com\/wp-content\/uploads\/2024\/04\/cropped-www.diarioprincipios.com_-1.png","width":5325,"height":1454,"caption":"Principios"},"image":{"@id":"https:\/\/diarioprincipios.com\/#\/schema\/logo\/image\/"}},{"@type":"Person","@id":"https:\/\/diarioprincipios.com\/#\/schema\/person\/436d5a1fd41a5e250e23ff5a6a7cb080","name":"Hern\u00e1n L\u00f3pez","image":{"@type":"ImageObject","inLanguage":"es","@id":"https:\/\/diarioprincipios.com\/wp-content\/litespeed\/avatar\/11ddfe5610ff3bd100522525b2571f48.jpg?ver=1777048341","url":"https:\/\/diarioprincipios.com\/wp-content\/litespeed\/avatar\/11ddfe5610ff3bd100522525b2571f48.jpg?ver=1777048341","contentUrl":"https:\/\/diarioprincipios.com\/wp-content\/litespeed\/avatar\/11ddfe5610ff3bd100522525b2571f48.jpg?ver=1777048341","caption":"Hern\u00e1n L\u00f3pez"},"url":"https:\/\/diarioprincipios.com\/index.php\/author\/hernan\/"}]}},"jetpack_featured_media_url":"https:\/\/diarioprincipios.com\/wp-content\/uploads\/2024\/11\/MUSSI-A-MI-ME-ELIGIO-LA-GENTE-DE-BERAZATEGUI-Y-TENGO-QUE-CUMPLIR-CON-ELLOS-1.jpg","_links":{"self":[{"href":"https:\/\/diarioprincipios.com\/index.php\/wp-json\/wp\/v2\/posts\/23515","targetHints":{"allow":["GET"]}}],"collection":[{"href":"https:\/\/diarioprincipios.com\/index.php\/wp-json\/wp\/v2\/posts"}],"about":[{"href":"https:\/\/diarioprincipios.com\/index.php\/wp-json\/wp\/v2\/types\/post"}],"author":[{"embeddable":true,"href":"https:\/\/diarioprincipios.com\/index.php\/wp-json\/wp\/v2\/users\/2"}],"replies":[{"embeddable":true,"href":"https:\/\/diarioprincipios.com\/index.php\/wp-json\/wp\/v2\/comments?post=23515"}],"version-history":[{"count":1,"href":"https:\/\/diarioprincipios.com\/index.php\/wp-json\/wp\/v2\/posts\/23515\/revisions"}],"predecessor-version":[{"id":23520,"href":"https:\/\/diarioprincipios.com\/index.php\/wp-json\/wp\/v2\/posts\/23515\/revisions\/23520"}],"wp:featuredmedia":[{"embeddable":true,"href":"https:\/\/diarioprincipios.com\/index.php\/wp-json\/wp\/v2\/media\/23519"}],"wp:attachment":[{"href":"https:\/\/diarioprincipios.com\/index.php\/wp-json\/wp\/v2\/media?parent=23515"}],"wp:term":[{"taxonomy":"category","embeddable":true,"href":"https:\/\/diarioprincipios.com\/index.php\/wp-json\/wp\/v2\/categories?post=23515"},{"taxonomy":"post_tag","embeddable":true,"href":"https:\/\/diarioprincipios.com\/index.php\/wp-json\/wp\/v2\/tags?post=23515"}],"curies":[{"name":"wp","href":"https:\/\/api.w.org\/{rel}","templated":true}]}}