{"id":235,"date":"2020-03-09T14:42:54","date_gmt":"2020-03-09T14:42:54","guid":{"rendered":"http:\/\/diarioprincipios.com\/?p=235"},"modified":"2020-03-09T14:42:56","modified_gmt":"2020-03-09T14:42:56","slug":"comenzo-la-entrega-de-las-mochilas-guardapolvos-y-zapatillas-del-programa-de-punta-en-blanco","status":"publish","type":"post","link":"https:\/\/diarioprincipios.com\/index.php\/2020\/03\/09\/comenzo-la-entrega-de-las-mochilas-guardapolvos-y-zapatillas-del-programa-de-punta-en-blanco\/","title":{"rendered":"Comenz\u00f3 la entrega de las mochilas, guardapolvos y zapatillas del Programa \u201cDe Punta en Blanco\u201d"},"content":{"rendered":"\n<p>Seis mil ni\u00f1os y ni\u00f1as que asisten a las escuelas p\u00fablicas primarias de la ciudad reciben a trav\u00e9s del programa municipal los kits compuestos por un guardapolvo, un par de zapatillas y una mochila.<\/p>\n\n\n\n<p>El programa \u201cDe Punta en Blanco\u201d tuvo su apertura el viernes por la tarde en el Polideportivo \u201cGabino Alegre\u201d de Villa Corina donde estuvo presente el intendente interino de Avellaneda, Alejo Chornobroff acompa\u00f1ado por la subsecretaria de Desarrollo, Romina Barreiro.<\/p>\n\n\n\n<p>Durante el fin de semana seis mil ni\u00f1os y ni\u00f1as recibieron los kits para que puedan comenzar las clases de la mejor manera y promover la equidad y la no discriminaci\u00f3n.<\/p>\n\n\n\n<p>Escuelas Primarias:<\/p>\n\n\n\n<p>Viernes 6 de marzo&nbsp;&nbsp;&nbsp;&nbsp;&nbsp;&nbsp;&nbsp;&nbsp;&nbsp;&nbsp;&nbsp;&nbsp;&nbsp;&nbsp;&nbsp;&nbsp;&nbsp;&nbsp;&nbsp;&nbsp;&nbsp;&nbsp;&nbsp;&nbsp;&nbsp;&nbsp;&nbsp;&nbsp;&nbsp;&nbsp;&nbsp;<\/p>\n\n\n\n<ul class=\"wp-block-list\"><li>N\u00ba27<\/li><li>N\u00ba59<\/li><li>N\u00ba61<\/li><li>N\u00ba66<\/li><li>N\u00ba16<\/li><li>N\u00ba32<\/li><li>N\u00ba58<\/li><\/ul>\n\n\n\n<p>S\u00e1bado 7 de marzo<\/p>\n\n\n\n<ul class=\"wp-block-list\"><li>N\u00ba20<\/li><li>N\u00ba21<\/li><li>N\u00ba38<\/li><li>N\u00ba43<\/li><li>N\u00ba50<\/li><li>N\u00ba52<\/li><li>N\u00ba70<\/li><li>N\u00ba47<\/li><li>N\u00ba3<\/li><li>N\u00ba64<\/li><li>N\u00ba5<\/li><li>N\u00ba8<\/li><\/ul>\n\n\n\n<p>Cabe destacar que \u201cDe Punta en Blanco\u201d es uno de los Programas Sociales que se ejecuta desde el Observatorio Social de Pol\u00edticas P\u00fablicas de Avellaneda y que tiene como finalidad que cada estudiante de las escuelas primarias tenga todo lo necesario para que puedan estudiar de la mejor manera.<\/p>\n","protected":false},"excerpt":{"rendered":"<p>Seis mil ni\u00f1os y ni\u00f1as que asisten a las escuelas p\u00fablicas primarias de la ciudad reciben a trav\u00e9s del programa municipal los kits compuestos por un guardapolvo, un par de zapatillas y una mochila. El programa \u201cDe Punta en Blanco\u201d tuvo su apertura el viernes por la tarde en el Polideportivo \u201cGabino Alegre\u201d de Villa&#8230;<\/p>\n","protected":false},"author":2,"featured_media":237,"comment_status":"open","ping_status":"open","sticky":false,"template":"","format":"standard","meta":{"footnotes":""},"categories":[5],"tags":[],"class_list":["post-235","post","type-post","status-publish","format-standard","has-post-thumbnail","hentry","category-avellaneda"],"featured_image_src":"https:\/\/diarioprincipios.com\/wp-content\/uploads\/2020\/03\/WhatsApp-Image-2020-03-06-at-5_28_53-PM-1024x720.jpeg","blog_images":{"medium":"https:\/\/diarioprincipios.com\/wp-content\/uploads\/2020\/03\/WhatsApp-Image-2020-03-06-at-5_28_53-PM-300x211.jpeg","large":"https:\/\/diarioprincipios.com\/wp-content\/uploads\/2020\/03\/WhatsApp-Image-2020-03-06-at-5_28_53-PM-1024x720.jpeg"},"ams_acf":[],"yoast_head":"<!-- This site is optimized with the Yoast SEO plugin v27.3 - https:\/\/yoast.com\/product\/yoast-seo-wordpress\/ -->\n<title>Comenz\u00f3 la entrega de las mochilas, guardapolvos y zapatillas del Programa \u201cDe Punta en Blanco\u201d - Principios<\/title>\n<meta name=\"robots\" content=\"index, follow, max-snippet:-1, max-image-preview:large, max-video-preview:-1\" \/>\n<link rel=\"canonical\" href=\"https:\/\/diarioprincipios.com\/index.php\/2020\/03\/09\/comenzo-la-entrega-de-las-mochilas-guardapolvos-y-zapatillas-del-programa-de-punta-en-blanco\/\" \/>\n<meta property=\"og:locale\" content=\"es_ES\" \/>\n<meta property=\"og:type\" content=\"article\" \/>\n<meta property=\"og:title\" content=\"Comenz\u00f3 la entrega de las mochilas, guardapolvos y zapatillas del Programa \u201cDe Punta en Blanco\u201d - Principios\" \/>\n<meta property=\"og:description\" content=\"Seis mil ni\u00f1os y ni\u00f1as que asisten a las escuelas p\u00fablicas primarias de la ciudad reciben a trav\u00e9s del programa municipal los kits compuestos por un guardapolvo, un par de zapatillas y una mochila. El programa \u201cDe Punta en Blanco\u201d tuvo su apertura el viernes por la tarde en el Polideportivo \u201cGabino Alegre\u201d de Villa...\" \/>\n<meta property=\"og:url\" content=\"https:\/\/diarioprincipios.com\/index.php\/2020\/03\/09\/comenzo-la-entrega-de-las-mochilas-guardapolvos-y-zapatillas-del-programa-de-punta-en-blanco\/\" \/>\n<meta property=\"og:site_name\" content=\"Principios\" \/>\n<meta property=\"article:published_time\" content=\"2020-03-09T14:42:54+00:00\" \/>\n<meta property=\"article:modified_time\" content=\"2020-03-09T14:42:56+00:00\" \/>\n<meta property=\"og:image\" content=\"https:\/\/diarioprincipios.com\/wp-content\/uploads\/2020\/03\/WhatsApp-Image-2020-03-06-at-5_28_53-PM.jpeg\" \/>\n\t<meta property=\"og:image:width\" content=\"1070\" \/>\n\t<meta property=\"og:image:height\" content=\"752\" \/>\n\t<meta property=\"og:image:type\" content=\"image\/jpeg\" \/>\n<meta name=\"author\" content=\"Hern\u00e1n L\u00f3pez\" \/>\n<meta name=\"twitter:card\" content=\"summary_large_image\" \/>\n<meta name=\"twitter:label1\" content=\"Escrito por\" \/>\n\t<meta name=\"twitter:data1\" content=\"Hern\u00e1n L\u00f3pez\" \/>\n\t<meta name=\"twitter:label2\" content=\"Tiempo de lectura\" \/>\n\t<meta name=\"twitter:data2\" content=\"1 minuto\" \/>\n<script type=\"application\/ld+json\" class=\"yoast-schema-graph\">{\"@context\":\"https:\\\/\\\/schema.org\",\"@graph\":[{\"@type\":\"Article\",\"@id\":\"https:\\\/\\\/diarioprincipios.com\\\/index.php\\\/2020\\\/03\\\/09\\\/comenzo-la-entrega-de-las-mochilas-guardapolvos-y-zapatillas-del-programa-de-punta-en-blanco\\\/#article\",\"isPartOf\":{\"@id\":\"https:\\\/\\\/diarioprincipios.com\\\/index.php\\\/2020\\\/03\\\/09\\\/comenzo-la-entrega-de-las-mochilas-guardapolvos-y-zapatillas-del-programa-de-punta-en-blanco\\\/\"},\"author\":{\"name\":\"Hern\u00e1n L\u00f3pez\",\"@id\":\"https:\\\/\\\/diarioprincipios.com\\\/#\\\/schema\\\/person\\\/436d5a1fd41a5e250e23ff5a6a7cb080\"},\"headline\":\"Comenz\u00f3 la entrega de las mochilas, guardapolvos y zapatillas del Programa \u201cDe Punta en Blanco\u201d\",\"datePublished\":\"2020-03-09T14:42:54+00:00\",\"dateModified\":\"2020-03-09T14:42:56+00:00\",\"mainEntityOfPage\":{\"@id\":\"https:\\\/\\\/diarioprincipios.com\\\/index.php\\\/2020\\\/03\\\/09\\\/comenzo-la-entrega-de-las-mochilas-guardapolvos-y-zapatillas-del-programa-de-punta-en-blanco\\\/\"},\"wordCount\":238,\"commentCount\":0,\"publisher\":{\"@id\":\"https:\\\/\\\/diarioprincipios.com\\\/#organization\"},\"image\":{\"@id\":\"https:\\\/\\\/diarioprincipios.com\\\/index.php\\\/2020\\\/03\\\/09\\\/comenzo-la-entrega-de-las-mochilas-guardapolvos-y-zapatillas-del-programa-de-punta-en-blanco\\\/#primaryimage\"},\"thumbnailUrl\":\"https:\\\/\\\/diarioprincipios.com\\\/wp-content\\\/uploads\\\/2020\\\/03\\\/WhatsApp-Image-2020-03-06-at-5_28_53-PM.jpeg\",\"articleSection\":[\"Avellaneda\"],\"inLanguage\":\"es\",\"potentialAction\":[{\"@type\":\"CommentAction\",\"name\":\"Comment\",\"target\":[\"https:\\\/\\\/diarioprincipios.com\\\/index.php\\\/2020\\\/03\\\/09\\\/comenzo-la-entrega-de-las-mochilas-guardapolvos-y-zapatillas-del-programa-de-punta-en-blanco\\\/#respond\"]}]},{\"@type\":\"WebPage\",\"@id\":\"https:\\\/\\\/diarioprincipios.com\\\/index.php\\\/2020\\\/03\\\/09\\\/comenzo-la-entrega-de-las-mochilas-guardapolvos-y-zapatillas-del-programa-de-punta-en-blanco\\\/\",\"url\":\"https:\\\/\\\/diarioprincipios.com\\\/index.php\\\/2020\\\/03\\\/09\\\/comenzo-la-entrega-de-las-mochilas-guardapolvos-y-zapatillas-del-programa-de-punta-en-blanco\\\/\",\"name\":\"Comenz\u00f3 la entrega de las mochilas, guardapolvos y zapatillas del Programa \u201cDe Punta en Blanco\u201d - Principios\",\"isPartOf\":{\"@id\":\"https:\\\/\\\/diarioprincipios.com\\\/#website\"},\"primaryImageOfPage\":{\"@id\":\"https:\\\/\\\/diarioprincipios.com\\\/index.php\\\/2020\\\/03\\\/09\\\/comenzo-la-entrega-de-las-mochilas-guardapolvos-y-zapatillas-del-programa-de-punta-en-blanco\\\/#primaryimage\"},\"image\":{\"@id\":\"https:\\\/\\\/diarioprincipios.com\\\/index.php\\\/2020\\\/03\\\/09\\\/comenzo-la-entrega-de-las-mochilas-guardapolvos-y-zapatillas-del-programa-de-punta-en-blanco\\\/#primaryimage\"},\"thumbnailUrl\":\"https:\\\/\\\/diarioprincipios.com\\\/wp-content\\\/uploads\\\/2020\\\/03\\\/WhatsApp-Image-2020-03-06-at-5_28_53-PM.jpeg\",\"datePublished\":\"2020-03-09T14:42:54+00:00\",\"dateModified\":\"2020-03-09T14:42:56+00:00\",\"breadcrumb\":{\"@id\":\"https:\\\/\\\/diarioprincipios.com\\\/index.php\\\/2020\\\/03\\\/09\\\/comenzo-la-entrega-de-las-mochilas-guardapolvos-y-zapatillas-del-programa-de-punta-en-blanco\\\/#breadcrumb\"},\"inLanguage\":\"es\",\"potentialAction\":[{\"@type\":\"ReadAction\",\"target\":[\"https:\\\/\\\/diarioprincipios.com\\\/index.php\\\/2020\\\/03\\\/09\\\/comenzo-la-entrega-de-las-mochilas-guardapolvos-y-zapatillas-del-programa-de-punta-en-blanco\\\/\"]}]},{\"@type\":\"ImageObject\",\"inLanguage\":\"es\",\"@id\":\"https:\\\/\\\/diarioprincipios.com\\\/index.php\\\/2020\\\/03\\\/09\\\/comenzo-la-entrega-de-las-mochilas-guardapolvos-y-zapatillas-del-programa-de-punta-en-blanco\\\/#primaryimage\",\"url\":\"https:\\\/\\\/diarioprincipios.com\\\/wp-content\\\/uploads\\\/2020\\\/03\\\/WhatsApp-Image-2020-03-06-at-5_28_53-PM.jpeg\",\"contentUrl\":\"https:\\\/\\\/diarioprincipios.com\\\/wp-content\\\/uploads\\\/2020\\\/03\\\/WhatsApp-Image-2020-03-06-at-5_28_53-PM.jpeg\",\"width\":1070,\"height\":752},{\"@type\":\"BreadcrumbList\",\"@id\":\"https:\\\/\\\/diarioprincipios.com\\\/index.php\\\/2020\\\/03\\\/09\\\/comenzo-la-entrega-de-las-mochilas-guardapolvos-y-zapatillas-del-programa-de-punta-en-blanco\\\/#breadcrumb\",\"itemListElement\":[{\"@type\":\"ListItem\",\"position\":1,\"name\":\"Portada\",\"item\":\"https:\\\/\\\/diarioprincipios.com\\\/\"},{\"@type\":\"ListItem\",\"position\":2,\"name\":\"Comenz\u00f3 la entrega de las mochilas, guardapolvos y zapatillas del Programa \u201cDe Punta en Blanco\u201d\"}]},{\"@type\":\"WebSite\",\"@id\":\"https:\\\/\\\/diarioprincipios.com\\\/#website\",\"url\":\"https:\\\/\\\/diarioprincipios.com\\\/\",\"name\":\"Principios\",\"description\":\"Principios Diario\",\"publisher\":{\"@id\":\"https:\\\/\\\/diarioprincipios.com\\\/#organization\"},\"potentialAction\":[{\"@type\":\"SearchAction\",\"target\":{\"@type\":\"EntryPoint\",\"urlTemplate\":\"https:\\\/\\\/diarioprincipios.com\\\/?s={search_term_string}\"},\"query-input\":{\"@type\":\"PropertyValueSpecification\",\"valueRequired\":true,\"valueName\":\"search_term_string\"}}],\"inLanguage\":\"es\"},{\"@type\":\"Organization\",\"@id\":\"https:\\\/\\\/diarioprincipios.com\\\/#organization\",\"name\":\"Principios\",\"url\":\"https:\\\/\\\/diarioprincipios.com\\\/\",\"logo\":{\"@type\":\"ImageObject\",\"inLanguage\":\"es\",\"@id\":\"https:\\\/\\\/diarioprincipios.com\\\/#\\\/schema\\\/logo\\\/image\\\/\",\"url\":\"https:\\\/\\\/diarioprincipios.com\\\/wp-content\\\/uploads\\\/2024\\\/04\\\/cropped-www.diarioprincipios.com_-1.png\",\"contentUrl\":\"https:\\\/\\\/diarioprincipios.com\\\/wp-content\\\/uploads\\\/2024\\\/04\\\/cropped-www.diarioprincipios.com_-1.png\",\"width\":5325,\"height\":1454,\"caption\":\"Principios\"},\"image\":{\"@id\":\"https:\\\/\\\/diarioprincipios.com\\\/#\\\/schema\\\/logo\\\/image\\\/\"}},{\"@type\":\"Person\",\"@id\":\"https:\\\/\\\/diarioprincipios.com\\\/#\\\/schema\\\/person\\\/436d5a1fd41a5e250e23ff5a6a7cb080\",\"name\":\"Hern\u00e1n L\u00f3pez\",\"image\":{\"@type\":\"ImageObject\",\"inLanguage\":\"es\",\"@id\":\"https:\\\/\\\/diarioprincipios.com\\\/wp-content\\\/litespeed\\\/avatar\\\/11ddfe5610ff3bd100522525b2571f48.jpg?ver=1777653193\",\"url\":\"https:\\\/\\\/diarioprincipios.com\\\/wp-content\\\/litespeed\\\/avatar\\\/11ddfe5610ff3bd100522525b2571f48.jpg?ver=1777653193\",\"contentUrl\":\"https:\\\/\\\/diarioprincipios.com\\\/wp-content\\\/litespeed\\\/avatar\\\/11ddfe5610ff3bd100522525b2571f48.jpg?ver=1777653193\",\"caption\":\"Hern\u00e1n L\u00f3pez\"},\"url\":\"https:\\\/\\\/diarioprincipios.com\\\/index.php\\\/author\\\/hernan\\\/\"}]}<\/script>\n<!-- \/ Yoast SEO plugin. -->","yoast_head_json":{"title":"Comenz\u00f3 la entrega de las mochilas, guardapolvos y zapatillas del Programa \u201cDe Punta en Blanco\u201d - Principios","robots":{"index":"index","follow":"follow","max-snippet":"max-snippet:-1","max-image-preview":"max-image-preview:large","max-video-preview":"max-video-preview:-1"},"canonical":"https:\/\/diarioprincipios.com\/index.php\/2020\/03\/09\/comenzo-la-entrega-de-las-mochilas-guardapolvos-y-zapatillas-del-programa-de-punta-en-blanco\/","og_locale":"es_ES","og_type":"article","og_title":"Comenz\u00f3 la entrega de las mochilas, guardapolvos y zapatillas del Programa \u201cDe Punta en Blanco\u201d - Principios","og_description":"Seis mil ni\u00f1os y ni\u00f1as que asisten a las escuelas p\u00fablicas primarias de la ciudad reciben a trav\u00e9s del programa municipal los kits compuestos por un guardapolvo, un par de zapatillas y una mochila. El programa \u201cDe Punta en Blanco\u201d tuvo su apertura el viernes por la tarde en el Polideportivo \u201cGabino Alegre\u201d de Villa...","og_url":"https:\/\/diarioprincipios.com\/index.php\/2020\/03\/09\/comenzo-la-entrega-de-las-mochilas-guardapolvos-y-zapatillas-del-programa-de-punta-en-blanco\/","og_site_name":"Principios","article_published_time":"2020-03-09T14:42:54+00:00","article_modified_time":"2020-03-09T14:42:56+00:00","og_image":[{"width":1070,"height":752,"url":"https:\/\/diarioprincipios.com\/wp-content\/uploads\/2020\/03\/WhatsApp-Image-2020-03-06-at-5_28_53-PM.jpeg","type":"image\/jpeg"}],"author":"Hern\u00e1n L\u00f3pez","twitter_card":"summary_large_image","twitter_misc":{"Escrito por":"Hern\u00e1n L\u00f3pez","Tiempo de lectura":"1 minuto"},"schema":{"@context":"https:\/\/schema.org","@graph":[{"@type":"Article","@id":"https:\/\/diarioprincipios.com\/index.php\/2020\/03\/09\/comenzo-la-entrega-de-las-mochilas-guardapolvos-y-zapatillas-del-programa-de-punta-en-blanco\/#article","isPartOf":{"@id":"https:\/\/diarioprincipios.com\/index.php\/2020\/03\/09\/comenzo-la-entrega-de-las-mochilas-guardapolvos-y-zapatillas-del-programa-de-punta-en-blanco\/"},"author":{"name":"Hern\u00e1n L\u00f3pez","@id":"https:\/\/diarioprincipios.com\/#\/schema\/person\/436d5a1fd41a5e250e23ff5a6a7cb080"},"headline":"Comenz\u00f3 la entrega de las mochilas, guardapolvos y zapatillas del Programa \u201cDe Punta en Blanco\u201d","datePublished":"2020-03-09T14:42:54+00:00","dateModified":"2020-03-09T14:42:56+00:00","mainEntityOfPage":{"@id":"https:\/\/diarioprincipios.com\/index.php\/2020\/03\/09\/comenzo-la-entrega-de-las-mochilas-guardapolvos-y-zapatillas-del-programa-de-punta-en-blanco\/"},"wordCount":238,"commentCount":0,"publisher":{"@id":"https:\/\/diarioprincipios.com\/#organization"},"image":{"@id":"https:\/\/diarioprincipios.com\/index.php\/2020\/03\/09\/comenzo-la-entrega-de-las-mochilas-guardapolvos-y-zapatillas-del-programa-de-punta-en-blanco\/#primaryimage"},"thumbnailUrl":"https:\/\/diarioprincipios.com\/wp-content\/uploads\/2020\/03\/WhatsApp-Image-2020-03-06-at-5_28_53-PM.jpeg","articleSection":["Avellaneda"],"inLanguage":"es","potentialAction":[{"@type":"CommentAction","name":"Comment","target":["https:\/\/diarioprincipios.com\/index.php\/2020\/03\/09\/comenzo-la-entrega-de-las-mochilas-guardapolvos-y-zapatillas-del-programa-de-punta-en-blanco\/#respond"]}]},{"@type":"WebPage","@id":"https:\/\/diarioprincipios.com\/index.php\/2020\/03\/09\/comenzo-la-entrega-de-las-mochilas-guardapolvos-y-zapatillas-del-programa-de-punta-en-blanco\/","url":"https:\/\/diarioprincipios.com\/index.php\/2020\/03\/09\/comenzo-la-entrega-de-las-mochilas-guardapolvos-y-zapatillas-del-programa-de-punta-en-blanco\/","name":"Comenz\u00f3 la entrega de las mochilas, guardapolvos y zapatillas del Programa \u201cDe Punta en Blanco\u201d - Principios","isPartOf":{"@id":"https:\/\/diarioprincipios.com\/#website"},"primaryImageOfPage":{"@id":"https:\/\/diarioprincipios.com\/index.php\/2020\/03\/09\/comenzo-la-entrega-de-las-mochilas-guardapolvos-y-zapatillas-del-programa-de-punta-en-blanco\/#primaryimage"},"image":{"@id":"https:\/\/diarioprincipios.com\/index.php\/2020\/03\/09\/comenzo-la-entrega-de-las-mochilas-guardapolvos-y-zapatillas-del-programa-de-punta-en-blanco\/#primaryimage"},"thumbnailUrl":"https:\/\/diarioprincipios.com\/wp-content\/uploads\/2020\/03\/WhatsApp-Image-2020-03-06-at-5_28_53-PM.jpeg","datePublished":"2020-03-09T14:42:54+00:00","dateModified":"2020-03-09T14:42:56+00:00","breadcrumb":{"@id":"https:\/\/diarioprincipios.com\/index.php\/2020\/03\/09\/comenzo-la-entrega-de-las-mochilas-guardapolvos-y-zapatillas-del-programa-de-punta-en-blanco\/#breadcrumb"},"inLanguage":"es","potentialAction":[{"@type":"ReadAction","target":["https:\/\/diarioprincipios.com\/index.php\/2020\/03\/09\/comenzo-la-entrega-de-las-mochilas-guardapolvos-y-zapatillas-del-programa-de-punta-en-blanco\/"]}]},{"@type":"ImageObject","inLanguage":"es","@id":"https:\/\/diarioprincipios.com\/index.php\/2020\/03\/09\/comenzo-la-entrega-de-las-mochilas-guardapolvos-y-zapatillas-del-programa-de-punta-en-blanco\/#primaryimage","url":"https:\/\/diarioprincipios.com\/wp-content\/uploads\/2020\/03\/WhatsApp-Image-2020-03-06-at-5_28_53-PM.jpeg","contentUrl":"https:\/\/diarioprincipios.com\/wp-content\/uploads\/2020\/03\/WhatsApp-Image-2020-03-06-at-5_28_53-PM.jpeg","width":1070,"height":752},{"@type":"BreadcrumbList","@id":"https:\/\/diarioprincipios.com\/index.php\/2020\/03\/09\/comenzo-la-entrega-de-las-mochilas-guardapolvos-y-zapatillas-del-programa-de-punta-en-blanco\/#breadcrumb","itemListElement":[{"@type":"ListItem","position":1,"name":"Portada","item":"https:\/\/diarioprincipios.com\/"},{"@type":"ListItem","position":2,"name":"Comenz\u00f3 la entrega de las mochilas, guardapolvos y zapatillas del Programa \u201cDe Punta en Blanco\u201d"}]},{"@type":"WebSite","@id":"https:\/\/diarioprincipios.com\/#website","url":"https:\/\/diarioprincipios.com\/","name":"Principios","description":"Principios Diario","publisher":{"@id":"https:\/\/diarioprincipios.com\/#organization"},"potentialAction":[{"@type":"SearchAction","target":{"@type":"EntryPoint","urlTemplate":"https:\/\/diarioprincipios.com\/?s={search_term_string}"},"query-input":{"@type":"PropertyValueSpecification","valueRequired":true,"valueName":"search_term_string"}}],"inLanguage":"es"},{"@type":"Organization","@id":"https:\/\/diarioprincipios.com\/#organization","name":"Principios","url":"https:\/\/diarioprincipios.com\/","logo":{"@type":"ImageObject","inLanguage":"es","@id":"https:\/\/diarioprincipios.com\/#\/schema\/logo\/image\/","url":"https:\/\/diarioprincipios.com\/wp-content\/uploads\/2024\/04\/cropped-www.diarioprincipios.com_-1.png","contentUrl":"https:\/\/diarioprincipios.com\/wp-content\/uploads\/2024\/04\/cropped-www.diarioprincipios.com_-1.png","width":5325,"height":1454,"caption":"Principios"},"image":{"@id":"https:\/\/diarioprincipios.com\/#\/schema\/logo\/image\/"}},{"@type":"Person","@id":"https:\/\/diarioprincipios.com\/#\/schema\/person\/436d5a1fd41a5e250e23ff5a6a7cb080","name":"Hern\u00e1n L\u00f3pez","image":{"@type":"ImageObject","inLanguage":"es","@id":"https:\/\/diarioprincipios.com\/wp-content\/litespeed\/avatar\/11ddfe5610ff3bd100522525b2571f48.jpg?ver=1777653193","url":"https:\/\/diarioprincipios.com\/wp-content\/litespeed\/avatar\/11ddfe5610ff3bd100522525b2571f48.jpg?ver=1777653193","contentUrl":"https:\/\/diarioprincipios.com\/wp-content\/litespeed\/avatar\/11ddfe5610ff3bd100522525b2571f48.jpg?ver=1777653193","caption":"Hern\u00e1n L\u00f3pez"},"url":"https:\/\/diarioprincipios.com\/index.php\/author\/hernan\/"}]}},"jetpack_featured_media_url":"https:\/\/diarioprincipios.com\/wp-content\/uploads\/2020\/03\/WhatsApp-Image-2020-03-06-at-5_28_53-PM.jpeg","_links":{"self":[{"href":"https:\/\/diarioprincipios.com\/index.php\/wp-json\/wp\/v2\/posts\/235","targetHints":{"allow":["GET"]}}],"collection":[{"href":"https:\/\/diarioprincipios.com\/index.php\/wp-json\/wp\/v2\/posts"}],"about":[{"href":"https:\/\/diarioprincipios.com\/index.php\/wp-json\/wp\/v2\/types\/post"}],"author":[{"embeddable":true,"href":"https:\/\/diarioprincipios.com\/index.php\/wp-json\/wp\/v2\/users\/2"}],"replies":[{"embeddable":true,"href":"https:\/\/diarioprincipios.com\/index.php\/wp-json\/wp\/v2\/comments?post=235"}],"version-history":[{"count":1,"href":"https:\/\/diarioprincipios.com\/index.php\/wp-json\/wp\/v2\/posts\/235\/revisions"}],"predecessor-version":[{"id":238,"href":"https:\/\/diarioprincipios.com\/index.php\/wp-json\/wp\/v2\/posts\/235\/revisions\/238"}],"wp:featuredmedia":[{"embeddable":true,"href":"https:\/\/diarioprincipios.com\/index.php\/wp-json\/wp\/v2\/media\/237"}],"wp:attachment":[{"href":"https:\/\/diarioprincipios.com\/index.php\/wp-json\/wp\/v2\/media?parent=235"}],"wp:term":[{"taxonomy":"category","embeddable":true,"href":"https:\/\/diarioprincipios.com\/index.php\/wp-json\/wp\/v2\/categories?post=235"},{"taxonomy":"post_tag","embeddable":true,"href":"https:\/\/diarioprincipios.com\/index.php\/wp-json\/wp\/v2\/tags?post=235"}],"curies":[{"name":"wp","href":"https:\/\/api.w.org\/{rel}","templated":true}]}}