{"id":23499,"date":"2024-11-13T11:59:05","date_gmt":"2024-11-13T14:59:05","guid":{"rendered":"http:\/\/diarioprincipios.com\/?p=23499"},"modified":"2024-11-13T11:59:08","modified_gmt":"2024-11-13T14:59:08","slug":"festejaron-los-10-anos-de-la-escuela-de-educacion-artistica","status":"publish","type":"post","link":"https:\/\/diarioprincipios.com\/index.php\/2024\/11\/13\/festejaron-los-10-anos-de-la-escuela-de-educacion-artistica\/","title":{"rendered":"Festejaron los 10 a\u00f1os de la Escuela de Educaci\u00f3n Art\u00edstica"},"content":{"rendered":"\n<p><strong>Se festej\u00f3 el 10\u00b0 aniversario de la Escuela de Educaci\u00f3n Art\u00edstica, ubicada en Barrio Mar\u00edtimo, con un encuentro que incluy\u00f3 distintas presentaciones. El intendente de Berazategui, Juan Jos\u00e9 Mussi, particip\u00f3 de la celebraci\u00f3n de esta instituci\u00f3n educativa \u00fanica en su tipo en la regi\u00f3n y les obsequi\u00f3 un proyector.<\/strong><\/p>\n\n\n\n<p>En ese contexto, Mussi se\u00f1al\u00f3: \u201cCuando decimos \u2018feliz cumplea\u00f1os\u2019 hablamos de la felicidad de tener escuelas p\u00fablicas de esta caracter\u00edstica, porque esta escuela tiene algo muy importante: el compromiso\u201d.<\/p>\n\n\n\n<figure class=\"wp-block-image size-large\"><img loading=\"lazy\" decoding=\"async\" width=\"1024\" height=\"683\" src=\"https:\/\/diarioprincipios.com\/wp-content\/uploads\/2024\/11\/FESTEJARON-LOS-10-ANOS-DE-LA-ESCUELA-DE-EDUCACION-ARTISTICA-1-1024x683.jpg\" alt=\"\" class=\"wp-image-23500\" srcset=\"https:\/\/diarioprincipios.com\/wp-content\/uploads\/2024\/11\/FESTEJARON-LOS-10-ANOS-DE-LA-ESCUELA-DE-EDUCACION-ARTISTICA-1-1024x683.jpg 1024w, https:\/\/diarioprincipios.com\/wp-content\/uploads\/2024\/11\/FESTEJARON-LOS-10-ANOS-DE-LA-ESCUELA-DE-EDUCACION-ARTISTICA-1-300x200.jpg 300w, https:\/\/diarioprincipios.com\/wp-content\/uploads\/2024\/11\/FESTEJARON-LOS-10-ANOS-DE-LA-ESCUELA-DE-EDUCACION-ARTISTICA-1-768x512.jpg 768w, https:\/\/diarioprincipios.com\/wp-content\/uploads\/2024\/11\/FESTEJARON-LOS-10-ANOS-DE-LA-ESCUELA-DE-EDUCACION-ARTISTICA-1-1536x1024.jpg 1536w, https:\/\/diarioprincipios.com\/wp-content\/uploads\/2024\/11\/FESTEJARON-LOS-10-ANOS-DE-LA-ESCUELA-DE-EDUCACION-ARTISTICA-1-600x400.jpg 600w, https:\/\/diarioprincipios.com\/wp-content\/uploads\/2024\/11\/FESTEJARON-LOS-10-ANOS-DE-LA-ESCUELA-DE-EDUCACION-ARTISTICA-1.jpg 1920w\" sizes=\"auto, (max-width: 1024px) 100vw, 1024px\" \/><\/figure>\n\n\n\n<p>Asimismo, el Intendente agreg\u00f3: \u201cEn estos momentos es dif\u00edcil conseguir personas que se comprometan con un espacio en la vida cultural, art\u00edstica, educativa. Lo art\u00edstico tiene mucho que ver con lo humano, por eso creo que esta instituci\u00f3n significa un homenaje a la educaci\u00f3n p\u00fablica\u201d.<\/p>\n\n\n\n<figure class=\"wp-block-image size-large\"><img loading=\"lazy\" decoding=\"async\" width=\"1024\" height=\"683\" src=\"https:\/\/diarioprincipios.com\/wp-content\/uploads\/2024\/11\/FESTEJARON-LOS-10-ANOS-DE-LA-ESCUELA-DE-EDUCACION-ARTISTICA-3-1024x683.jpg\" alt=\"\" class=\"wp-image-23501\" srcset=\"https:\/\/diarioprincipios.com\/wp-content\/uploads\/2024\/11\/FESTEJARON-LOS-10-ANOS-DE-LA-ESCUELA-DE-EDUCACION-ARTISTICA-3-1024x683.jpg 1024w, https:\/\/diarioprincipios.com\/wp-content\/uploads\/2024\/11\/FESTEJARON-LOS-10-ANOS-DE-LA-ESCUELA-DE-EDUCACION-ARTISTICA-3-300x200.jpg 300w, https:\/\/diarioprincipios.com\/wp-content\/uploads\/2024\/11\/FESTEJARON-LOS-10-ANOS-DE-LA-ESCUELA-DE-EDUCACION-ARTISTICA-3-768x512.jpg 768w, https:\/\/diarioprincipios.com\/wp-content\/uploads\/2024\/11\/FESTEJARON-LOS-10-ANOS-DE-LA-ESCUELA-DE-EDUCACION-ARTISTICA-3-1536x1024.jpg 1536w, https:\/\/diarioprincipios.com\/wp-content\/uploads\/2024\/11\/FESTEJARON-LOS-10-ANOS-DE-LA-ESCUELA-DE-EDUCACION-ARTISTICA-3-600x400.jpg 600w, https:\/\/diarioprincipios.com\/wp-content\/uploads\/2024\/11\/FESTEJARON-LOS-10-ANOS-DE-LA-ESCUELA-DE-EDUCACION-ARTISTICA-3.jpg 1920w\" sizes=\"auto, (max-width: 1024px) 100vw, 1024px\" \/><\/figure>\n\n\n\n<p>Por su parte, la directora de la Escuela de Educaci\u00f3n Art\u00edstica, Marina \u00c1lvarez, asegur\u00f3: \u201cPara quienes trabajamos en este lugar es un honor y un orgullo hacerlo con el arte como campo de conocimiento, para formar ciudadanos capaces de intervenir creativamente en la sociedad\u201d.<\/p>\n\n\n\n<p>Estuvieron presentes, adem\u00e1s, el secretario municipal de Cultura y Educaci\u00f3n, Federico L\u00f3pez -junto a otros integrantes del Gabinete-; el presidente del Consejo Escolar, Fernando Cardozo; el inspector Jefe Regional de Educaci\u00f3n Estatal, Pablo Vinuesa; y la inspectora Jefa Distrital, Gladys Ram\u00edrez.<\/p>\n","protected":false},"excerpt":{"rendered":"<p>Se festej\u00f3 el 10\u00b0 aniversario de la Escuela de Educaci\u00f3n Art\u00edstica, ubicada en Barrio Mar\u00edtimo, con un encuentro que incluy\u00f3 distintas presentaciones. El intendente de Berazategui, Juan Jos\u00e9 Mussi, particip\u00f3 de la celebraci\u00f3n de esta instituci\u00f3n educativa \u00fanica en su tipo en la regi\u00f3n y les obsequi\u00f3 un proyector. En ese contexto, Mussi se\u00f1al\u00f3: \u201cCuando&#8230;<\/p>\n","protected":false},"author":2,"featured_media":23502,"comment_status":"open","ping_status":"open","sticky":false,"template":"","format":"standard","meta":{"footnotes":""},"categories":[3,19],"tags":[],"class_list":["post-23499","post","type-post","status-publish","format-standard","has-post-thumbnail","hentry","category-berazategui","category-cultura-educacion"],"featured_image_src":"https:\/\/diarioprincipios.com\/wp-content\/uploads\/2024\/11\/FESTEJARON-LOS-10-ANOS-DE-LA-ESCUELA-DE-EDUCACION-ARTISTICA-5-1024x683.jpg","blog_images":{"medium":"https:\/\/diarioprincipios.com\/wp-content\/uploads\/2024\/11\/FESTEJARON-LOS-10-ANOS-DE-LA-ESCUELA-DE-EDUCACION-ARTISTICA-5-300x200.jpg","large":"https:\/\/diarioprincipios.com\/wp-content\/uploads\/2024\/11\/FESTEJARON-LOS-10-ANOS-DE-LA-ESCUELA-DE-EDUCACION-ARTISTICA-5-1024x683.jpg"},"ams_acf":[],"yoast_head":"<!-- This site is optimized with the Yoast SEO plugin v27.3 - https:\/\/yoast.com\/product\/yoast-seo-wordpress\/ -->\n<title>Festejaron los 10 a\u00f1os de la Escuela de Educaci\u00f3n Art\u00edstica - Principios<\/title>\n<meta name=\"robots\" content=\"index, follow, max-snippet:-1, max-image-preview:large, max-video-preview:-1\" \/>\n<link rel=\"canonical\" href=\"https:\/\/diarioprincipios.com\/index.php\/2024\/11\/13\/festejaron-los-10-anos-de-la-escuela-de-educacion-artistica\/\" \/>\n<meta property=\"og:locale\" content=\"es_ES\" \/>\n<meta property=\"og:type\" content=\"article\" \/>\n<meta property=\"og:title\" content=\"Festejaron los 10 a\u00f1os de la Escuela de Educaci\u00f3n Art\u00edstica - Principios\" \/>\n<meta property=\"og:description\" content=\"Se festej\u00f3 el 10\u00b0 aniversario de la Escuela de Educaci\u00f3n Art\u00edstica, ubicada en Barrio Mar\u00edtimo, con un encuentro que incluy\u00f3 distintas presentaciones. El intendente de Berazategui, Juan Jos\u00e9 Mussi, particip\u00f3 de la celebraci\u00f3n de esta instituci\u00f3n educativa \u00fanica en su tipo en la regi\u00f3n y les obsequi\u00f3 un proyector. En ese contexto, Mussi se\u00f1al\u00f3: \u201cCuando...\" \/>\n<meta property=\"og:url\" content=\"https:\/\/diarioprincipios.com\/index.php\/2024\/11\/13\/festejaron-los-10-anos-de-la-escuela-de-educacion-artistica\/\" \/>\n<meta property=\"og:site_name\" content=\"Principios\" \/>\n<meta property=\"article:published_time\" content=\"2024-11-13T14:59:05+00:00\" \/>\n<meta property=\"article:modified_time\" content=\"2024-11-13T14:59:08+00:00\" \/>\n<meta property=\"og:image\" content=\"https:\/\/diarioprincipios.com\/wp-content\/uploads\/2024\/11\/FESTEJARON-LOS-10-ANOS-DE-LA-ESCUELA-DE-EDUCACION-ARTISTICA-5.jpg\" \/>\n\t<meta property=\"og:image:width\" content=\"1920\" \/>\n\t<meta property=\"og:image:height\" content=\"1280\" \/>\n\t<meta property=\"og:image:type\" content=\"image\/jpeg\" \/>\n<meta name=\"author\" content=\"Hern\u00e1n L\u00f3pez\" \/>\n<meta name=\"twitter:card\" content=\"summary_large_image\" \/>\n<meta name=\"twitter:label1\" content=\"Escrito por\" \/>\n\t<meta name=\"twitter:data1\" content=\"Hern\u00e1n L\u00f3pez\" \/>\n\t<meta name=\"twitter:label2\" content=\"Tiempo de lectura\" \/>\n\t<meta name=\"twitter:data2\" content=\"2 minutos\" \/>\n<script type=\"application\/ld+json\" class=\"yoast-schema-graph\">{\"@context\":\"https:\\\/\\\/schema.org\",\"@graph\":[{\"@type\":\"Article\",\"@id\":\"https:\\\/\\\/diarioprincipios.com\\\/index.php\\\/2024\\\/11\\\/13\\\/festejaron-los-10-anos-de-la-escuela-de-educacion-artistica\\\/#article\",\"isPartOf\":{\"@id\":\"https:\\\/\\\/diarioprincipios.com\\\/index.php\\\/2024\\\/11\\\/13\\\/festejaron-los-10-anos-de-la-escuela-de-educacion-artistica\\\/\"},\"author\":{\"name\":\"Hern\u00e1n L\u00f3pez\",\"@id\":\"https:\\\/\\\/diarioprincipios.com\\\/#\\\/schema\\\/person\\\/436d5a1fd41a5e250e23ff5a6a7cb080\"},\"headline\":\"Festejaron los 10 a\u00f1os de la Escuela de Educaci\u00f3n Art\u00edstica\",\"datePublished\":\"2024-11-13T14:59:05+00:00\",\"dateModified\":\"2024-11-13T14:59:08+00:00\",\"mainEntityOfPage\":{\"@id\":\"https:\\\/\\\/diarioprincipios.com\\\/index.php\\\/2024\\\/11\\\/13\\\/festejaron-los-10-anos-de-la-escuela-de-educacion-artistica\\\/\"},\"wordCount\":242,\"commentCount\":0,\"publisher\":{\"@id\":\"https:\\\/\\\/diarioprincipios.com\\\/#organization\"},\"image\":{\"@id\":\"https:\\\/\\\/diarioprincipios.com\\\/index.php\\\/2024\\\/11\\\/13\\\/festejaron-los-10-anos-de-la-escuela-de-educacion-artistica\\\/#primaryimage\"},\"thumbnailUrl\":\"https:\\\/\\\/diarioprincipios.com\\\/wp-content\\\/uploads\\\/2024\\\/11\\\/FESTEJARON-LOS-10-ANOS-DE-LA-ESCUELA-DE-EDUCACION-ARTISTICA-5.jpg\",\"articleSection\":[\"Berazategui\",\"Cultura y Educaci\u00f3n\"],\"inLanguage\":\"es\",\"potentialAction\":[{\"@type\":\"CommentAction\",\"name\":\"Comment\",\"target\":[\"https:\\\/\\\/diarioprincipios.com\\\/index.php\\\/2024\\\/11\\\/13\\\/festejaron-los-10-anos-de-la-escuela-de-educacion-artistica\\\/#respond\"]}]},{\"@type\":\"WebPage\",\"@id\":\"https:\\\/\\\/diarioprincipios.com\\\/index.php\\\/2024\\\/11\\\/13\\\/festejaron-los-10-anos-de-la-escuela-de-educacion-artistica\\\/\",\"url\":\"https:\\\/\\\/diarioprincipios.com\\\/index.php\\\/2024\\\/11\\\/13\\\/festejaron-los-10-anos-de-la-escuela-de-educacion-artistica\\\/\",\"name\":\"Festejaron los 10 a\u00f1os de la Escuela de Educaci\u00f3n Art\u00edstica - Principios\",\"isPartOf\":{\"@id\":\"https:\\\/\\\/diarioprincipios.com\\\/#website\"},\"primaryImageOfPage\":{\"@id\":\"https:\\\/\\\/diarioprincipios.com\\\/index.php\\\/2024\\\/11\\\/13\\\/festejaron-los-10-anos-de-la-escuela-de-educacion-artistica\\\/#primaryimage\"},\"image\":{\"@id\":\"https:\\\/\\\/diarioprincipios.com\\\/index.php\\\/2024\\\/11\\\/13\\\/festejaron-los-10-anos-de-la-escuela-de-educacion-artistica\\\/#primaryimage\"},\"thumbnailUrl\":\"https:\\\/\\\/diarioprincipios.com\\\/wp-content\\\/uploads\\\/2024\\\/11\\\/FESTEJARON-LOS-10-ANOS-DE-LA-ESCUELA-DE-EDUCACION-ARTISTICA-5.jpg\",\"datePublished\":\"2024-11-13T14:59:05+00:00\",\"dateModified\":\"2024-11-13T14:59:08+00:00\",\"breadcrumb\":{\"@id\":\"https:\\\/\\\/diarioprincipios.com\\\/index.php\\\/2024\\\/11\\\/13\\\/festejaron-los-10-anos-de-la-escuela-de-educacion-artistica\\\/#breadcrumb\"},\"inLanguage\":\"es\",\"potentialAction\":[{\"@type\":\"ReadAction\",\"target\":[\"https:\\\/\\\/diarioprincipios.com\\\/index.php\\\/2024\\\/11\\\/13\\\/festejaron-los-10-anos-de-la-escuela-de-educacion-artistica\\\/\"]}]},{\"@type\":\"ImageObject\",\"inLanguage\":\"es\",\"@id\":\"https:\\\/\\\/diarioprincipios.com\\\/index.php\\\/2024\\\/11\\\/13\\\/festejaron-los-10-anos-de-la-escuela-de-educacion-artistica\\\/#primaryimage\",\"url\":\"https:\\\/\\\/diarioprincipios.com\\\/wp-content\\\/uploads\\\/2024\\\/11\\\/FESTEJARON-LOS-10-ANOS-DE-LA-ESCUELA-DE-EDUCACION-ARTISTICA-5.jpg\",\"contentUrl\":\"https:\\\/\\\/diarioprincipios.com\\\/wp-content\\\/uploads\\\/2024\\\/11\\\/FESTEJARON-LOS-10-ANOS-DE-LA-ESCUELA-DE-EDUCACION-ARTISTICA-5.jpg\",\"width\":1920,\"height\":1280},{\"@type\":\"BreadcrumbList\",\"@id\":\"https:\\\/\\\/diarioprincipios.com\\\/index.php\\\/2024\\\/11\\\/13\\\/festejaron-los-10-anos-de-la-escuela-de-educacion-artistica\\\/#breadcrumb\",\"itemListElement\":[{\"@type\":\"ListItem\",\"position\":1,\"name\":\"Portada\",\"item\":\"https:\\\/\\\/diarioprincipios.com\\\/\"},{\"@type\":\"ListItem\",\"position\":2,\"name\":\"Festejaron los 10 a\u00f1os de la Escuela de Educaci\u00f3n Art\u00edstica\"}]},{\"@type\":\"WebSite\",\"@id\":\"https:\\\/\\\/diarioprincipios.com\\\/#website\",\"url\":\"https:\\\/\\\/diarioprincipios.com\\\/\",\"name\":\"Principios\",\"description\":\"Principios Diario\",\"publisher\":{\"@id\":\"https:\\\/\\\/diarioprincipios.com\\\/#organization\"},\"potentialAction\":[{\"@type\":\"SearchAction\",\"target\":{\"@type\":\"EntryPoint\",\"urlTemplate\":\"https:\\\/\\\/diarioprincipios.com\\\/?s={search_term_string}\"},\"query-input\":{\"@type\":\"PropertyValueSpecification\",\"valueRequired\":true,\"valueName\":\"search_term_string\"}}],\"inLanguage\":\"es\"},{\"@type\":\"Organization\",\"@id\":\"https:\\\/\\\/diarioprincipios.com\\\/#organization\",\"name\":\"Principios\",\"url\":\"https:\\\/\\\/diarioprincipios.com\\\/\",\"logo\":{\"@type\":\"ImageObject\",\"inLanguage\":\"es\",\"@id\":\"https:\\\/\\\/diarioprincipios.com\\\/#\\\/schema\\\/logo\\\/image\\\/\",\"url\":\"https:\\\/\\\/diarioprincipios.com\\\/wp-content\\\/uploads\\\/2024\\\/04\\\/cropped-www.diarioprincipios.com_-1.png\",\"contentUrl\":\"https:\\\/\\\/diarioprincipios.com\\\/wp-content\\\/uploads\\\/2024\\\/04\\\/cropped-www.diarioprincipios.com_-1.png\",\"width\":5325,\"height\":1454,\"caption\":\"Principios\"},\"image\":{\"@id\":\"https:\\\/\\\/diarioprincipios.com\\\/#\\\/schema\\\/logo\\\/image\\\/\"}},{\"@type\":\"Person\",\"@id\":\"https:\\\/\\\/diarioprincipios.com\\\/#\\\/schema\\\/person\\\/436d5a1fd41a5e250e23ff5a6a7cb080\",\"name\":\"Hern\u00e1n L\u00f3pez\",\"image\":{\"@type\":\"ImageObject\",\"inLanguage\":\"es\",\"@id\":\"https:\\\/\\\/diarioprincipios.com\\\/wp-content\\\/litespeed\\\/avatar\\\/11ddfe5610ff3bd100522525b2571f48.jpg?ver=1777048341\",\"url\":\"https:\\\/\\\/diarioprincipios.com\\\/wp-content\\\/litespeed\\\/avatar\\\/11ddfe5610ff3bd100522525b2571f48.jpg?ver=1777048341\",\"contentUrl\":\"https:\\\/\\\/diarioprincipios.com\\\/wp-content\\\/litespeed\\\/avatar\\\/11ddfe5610ff3bd100522525b2571f48.jpg?ver=1777048341\",\"caption\":\"Hern\u00e1n L\u00f3pez\"},\"url\":\"https:\\\/\\\/diarioprincipios.com\\\/index.php\\\/author\\\/hernan\\\/\"}]}<\/script>\n<!-- \/ Yoast SEO plugin. -->","yoast_head_json":{"title":"Festejaron los 10 a\u00f1os de la Escuela de Educaci\u00f3n Art\u00edstica - Principios","robots":{"index":"index","follow":"follow","max-snippet":"max-snippet:-1","max-image-preview":"max-image-preview:large","max-video-preview":"max-video-preview:-1"},"canonical":"https:\/\/diarioprincipios.com\/index.php\/2024\/11\/13\/festejaron-los-10-anos-de-la-escuela-de-educacion-artistica\/","og_locale":"es_ES","og_type":"article","og_title":"Festejaron los 10 a\u00f1os de la Escuela de Educaci\u00f3n Art\u00edstica - Principios","og_description":"Se festej\u00f3 el 10\u00b0 aniversario de la Escuela de Educaci\u00f3n Art\u00edstica, ubicada en Barrio Mar\u00edtimo, con un encuentro que incluy\u00f3 distintas presentaciones. El intendente de Berazategui, Juan Jos\u00e9 Mussi, particip\u00f3 de la celebraci\u00f3n de esta instituci\u00f3n educativa \u00fanica en su tipo en la regi\u00f3n y les obsequi\u00f3 un proyector. En ese contexto, Mussi se\u00f1al\u00f3: \u201cCuando...","og_url":"https:\/\/diarioprincipios.com\/index.php\/2024\/11\/13\/festejaron-los-10-anos-de-la-escuela-de-educacion-artistica\/","og_site_name":"Principios","article_published_time":"2024-11-13T14:59:05+00:00","article_modified_time":"2024-11-13T14:59:08+00:00","og_image":[{"width":1920,"height":1280,"url":"https:\/\/diarioprincipios.com\/wp-content\/uploads\/2024\/11\/FESTEJARON-LOS-10-ANOS-DE-LA-ESCUELA-DE-EDUCACION-ARTISTICA-5.jpg","type":"image\/jpeg"}],"author":"Hern\u00e1n L\u00f3pez","twitter_card":"summary_large_image","twitter_misc":{"Escrito por":"Hern\u00e1n L\u00f3pez","Tiempo de lectura":"2 minutos"},"schema":{"@context":"https:\/\/schema.org","@graph":[{"@type":"Article","@id":"https:\/\/diarioprincipios.com\/index.php\/2024\/11\/13\/festejaron-los-10-anos-de-la-escuela-de-educacion-artistica\/#article","isPartOf":{"@id":"https:\/\/diarioprincipios.com\/index.php\/2024\/11\/13\/festejaron-los-10-anos-de-la-escuela-de-educacion-artistica\/"},"author":{"name":"Hern\u00e1n L\u00f3pez","@id":"https:\/\/diarioprincipios.com\/#\/schema\/person\/436d5a1fd41a5e250e23ff5a6a7cb080"},"headline":"Festejaron los 10 a\u00f1os de la Escuela de Educaci\u00f3n Art\u00edstica","datePublished":"2024-11-13T14:59:05+00:00","dateModified":"2024-11-13T14:59:08+00:00","mainEntityOfPage":{"@id":"https:\/\/diarioprincipios.com\/index.php\/2024\/11\/13\/festejaron-los-10-anos-de-la-escuela-de-educacion-artistica\/"},"wordCount":242,"commentCount":0,"publisher":{"@id":"https:\/\/diarioprincipios.com\/#organization"},"image":{"@id":"https:\/\/diarioprincipios.com\/index.php\/2024\/11\/13\/festejaron-los-10-anos-de-la-escuela-de-educacion-artistica\/#primaryimage"},"thumbnailUrl":"https:\/\/diarioprincipios.com\/wp-content\/uploads\/2024\/11\/FESTEJARON-LOS-10-ANOS-DE-LA-ESCUELA-DE-EDUCACION-ARTISTICA-5.jpg","articleSection":["Berazategui","Cultura y Educaci\u00f3n"],"inLanguage":"es","potentialAction":[{"@type":"CommentAction","name":"Comment","target":["https:\/\/diarioprincipios.com\/index.php\/2024\/11\/13\/festejaron-los-10-anos-de-la-escuela-de-educacion-artistica\/#respond"]}]},{"@type":"WebPage","@id":"https:\/\/diarioprincipios.com\/index.php\/2024\/11\/13\/festejaron-los-10-anos-de-la-escuela-de-educacion-artistica\/","url":"https:\/\/diarioprincipios.com\/index.php\/2024\/11\/13\/festejaron-los-10-anos-de-la-escuela-de-educacion-artistica\/","name":"Festejaron los 10 a\u00f1os de la Escuela de Educaci\u00f3n Art\u00edstica - Principios","isPartOf":{"@id":"https:\/\/diarioprincipios.com\/#website"},"primaryImageOfPage":{"@id":"https:\/\/diarioprincipios.com\/index.php\/2024\/11\/13\/festejaron-los-10-anos-de-la-escuela-de-educacion-artistica\/#primaryimage"},"image":{"@id":"https:\/\/diarioprincipios.com\/index.php\/2024\/11\/13\/festejaron-los-10-anos-de-la-escuela-de-educacion-artistica\/#primaryimage"},"thumbnailUrl":"https:\/\/diarioprincipios.com\/wp-content\/uploads\/2024\/11\/FESTEJARON-LOS-10-ANOS-DE-LA-ESCUELA-DE-EDUCACION-ARTISTICA-5.jpg","datePublished":"2024-11-13T14:59:05+00:00","dateModified":"2024-11-13T14:59:08+00:00","breadcrumb":{"@id":"https:\/\/diarioprincipios.com\/index.php\/2024\/11\/13\/festejaron-los-10-anos-de-la-escuela-de-educacion-artistica\/#breadcrumb"},"inLanguage":"es","potentialAction":[{"@type":"ReadAction","target":["https:\/\/diarioprincipios.com\/index.php\/2024\/11\/13\/festejaron-los-10-anos-de-la-escuela-de-educacion-artistica\/"]}]},{"@type":"ImageObject","inLanguage":"es","@id":"https:\/\/diarioprincipios.com\/index.php\/2024\/11\/13\/festejaron-los-10-anos-de-la-escuela-de-educacion-artistica\/#primaryimage","url":"https:\/\/diarioprincipios.com\/wp-content\/uploads\/2024\/11\/FESTEJARON-LOS-10-ANOS-DE-LA-ESCUELA-DE-EDUCACION-ARTISTICA-5.jpg","contentUrl":"https:\/\/diarioprincipios.com\/wp-content\/uploads\/2024\/11\/FESTEJARON-LOS-10-ANOS-DE-LA-ESCUELA-DE-EDUCACION-ARTISTICA-5.jpg","width":1920,"height":1280},{"@type":"BreadcrumbList","@id":"https:\/\/diarioprincipios.com\/index.php\/2024\/11\/13\/festejaron-los-10-anos-de-la-escuela-de-educacion-artistica\/#breadcrumb","itemListElement":[{"@type":"ListItem","position":1,"name":"Portada","item":"https:\/\/diarioprincipios.com\/"},{"@type":"ListItem","position":2,"name":"Festejaron los 10 a\u00f1os de la Escuela de Educaci\u00f3n Art\u00edstica"}]},{"@type":"WebSite","@id":"https:\/\/diarioprincipios.com\/#website","url":"https:\/\/diarioprincipios.com\/","name":"Principios","description":"Principios Diario","publisher":{"@id":"https:\/\/diarioprincipios.com\/#organization"},"potentialAction":[{"@type":"SearchAction","target":{"@type":"EntryPoint","urlTemplate":"https:\/\/diarioprincipios.com\/?s={search_term_string}"},"query-input":{"@type":"PropertyValueSpecification","valueRequired":true,"valueName":"search_term_string"}}],"inLanguage":"es"},{"@type":"Organization","@id":"https:\/\/diarioprincipios.com\/#organization","name":"Principios","url":"https:\/\/diarioprincipios.com\/","logo":{"@type":"ImageObject","inLanguage":"es","@id":"https:\/\/diarioprincipios.com\/#\/schema\/logo\/image\/","url":"https:\/\/diarioprincipios.com\/wp-content\/uploads\/2024\/04\/cropped-www.diarioprincipios.com_-1.png","contentUrl":"https:\/\/diarioprincipios.com\/wp-content\/uploads\/2024\/04\/cropped-www.diarioprincipios.com_-1.png","width":5325,"height":1454,"caption":"Principios"},"image":{"@id":"https:\/\/diarioprincipios.com\/#\/schema\/logo\/image\/"}},{"@type":"Person","@id":"https:\/\/diarioprincipios.com\/#\/schema\/person\/436d5a1fd41a5e250e23ff5a6a7cb080","name":"Hern\u00e1n L\u00f3pez","image":{"@type":"ImageObject","inLanguage":"es","@id":"https:\/\/diarioprincipios.com\/wp-content\/litespeed\/avatar\/11ddfe5610ff3bd100522525b2571f48.jpg?ver=1777048341","url":"https:\/\/diarioprincipios.com\/wp-content\/litespeed\/avatar\/11ddfe5610ff3bd100522525b2571f48.jpg?ver=1777048341","contentUrl":"https:\/\/diarioprincipios.com\/wp-content\/litespeed\/avatar\/11ddfe5610ff3bd100522525b2571f48.jpg?ver=1777048341","caption":"Hern\u00e1n L\u00f3pez"},"url":"https:\/\/diarioprincipios.com\/index.php\/author\/hernan\/"}]}},"jetpack_featured_media_url":"https:\/\/diarioprincipios.com\/wp-content\/uploads\/2024\/11\/FESTEJARON-LOS-10-ANOS-DE-LA-ESCUELA-DE-EDUCACION-ARTISTICA-5.jpg","_links":{"self":[{"href":"https:\/\/diarioprincipios.com\/index.php\/wp-json\/wp\/v2\/posts\/23499","targetHints":{"allow":["GET"]}}],"collection":[{"href":"https:\/\/diarioprincipios.com\/index.php\/wp-json\/wp\/v2\/posts"}],"about":[{"href":"https:\/\/diarioprincipios.com\/index.php\/wp-json\/wp\/v2\/types\/post"}],"author":[{"embeddable":true,"href":"https:\/\/diarioprincipios.com\/index.php\/wp-json\/wp\/v2\/users\/2"}],"replies":[{"embeddable":true,"href":"https:\/\/diarioprincipios.com\/index.php\/wp-json\/wp\/v2\/comments?post=23499"}],"version-history":[{"count":1,"href":"https:\/\/diarioprincipios.com\/index.php\/wp-json\/wp\/v2\/posts\/23499\/revisions"}],"predecessor-version":[{"id":23503,"href":"https:\/\/diarioprincipios.com\/index.php\/wp-json\/wp\/v2\/posts\/23499\/revisions\/23503"}],"wp:featuredmedia":[{"embeddable":true,"href":"https:\/\/diarioprincipios.com\/index.php\/wp-json\/wp\/v2\/media\/23502"}],"wp:attachment":[{"href":"https:\/\/diarioprincipios.com\/index.php\/wp-json\/wp\/v2\/media?parent=23499"}],"wp:term":[{"taxonomy":"category","embeddable":true,"href":"https:\/\/diarioprincipios.com\/index.php\/wp-json\/wp\/v2\/categories?post=23499"},{"taxonomy":"post_tag","embeddable":true,"href":"https:\/\/diarioprincipios.com\/index.php\/wp-json\/wp\/v2\/tags?post=23499"}],"curies":[{"name":"wp","href":"https:\/\/api.w.org\/{rel}","templated":true}]}}