{"id":23488,"date":"2024-11-11T21:40:02","date_gmt":"2024-11-12T00:40:02","guid":{"rendered":"http:\/\/diarioprincipios.com\/?p=23488"},"modified":"2024-11-11T21:40:04","modified_gmt":"2024-11-12T00:40:04","slug":"se-viene-la-32-muestra-anual-educativa","status":"publish","type":"post","link":"https:\/\/diarioprincipios.com\/index.php\/2024\/11\/11\/se-viene-la-32-muestra-anual-educativa\/","title":{"rendered":"Se viene la 32\u00b0 Muestra Anual Educativa"},"content":{"rendered":"\n<p><strong>El 23 y 24 de noviembre se realizar\u00e1 la Muestra Anual Educativa (MAE) de Berazategui, en la Plaza San Mart\u00edn (Av. Mitre e\/ 6 y 7), con acceso libre y gratuito. En su 32\u00b0 edici\u00f3n, este emblem\u00e1tico evento -impulsado por el intendente Juan Jos\u00e9 Mussi- contar\u00e1 con n\u00fameros art\u00edsticos y distintas propuestas recreativas, l\u00fadicas y participativas para disfrutar en familia o con amigos.<\/strong><\/p>\n\n\n\n<p>El s\u00e1bado 23 se realizar\u00e1 de 14.00 a 00.00; y el domingo 24 de noviembre se podr\u00e1 visitar de 14.00 a 22.00. El evento se suspende en caso de lluvia.<\/p>\n\n\n\n<figure class=\"wp-block-image size-large\"><img loading=\"lazy\" decoding=\"async\" width=\"1024\" height=\"683\" src=\"https:\/\/diarioprincipios.com\/wp-content\/uploads\/2024\/11\/SE-VIENE-LA-32\u00b0-MUESTRA-ANUAL-EDUCATIVA-BERAZATEGUENSE-4-1024x683.jpg\" alt=\"\" class=\"wp-image-23489\" srcset=\"https:\/\/diarioprincipios.com\/wp-content\/uploads\/2024\/11\/SE-VIENE-LA-32\u00b0-MUESTRA-ANUAL-EDUCATIVA-BERAZATEGUENSE-4-1024x683.jpg 1024w, https:\/\/diarioprincipios.com\/wp-content\/uploads\/2024\/11\/SE-VIENE-LA-32\u00b0-MUESTRA-ANUAL-EDUCATIVA-BERAZATEGUENSE-4-300x200.jpg 300w, https:\/\/diarioprincipios.com\/wp-content\/uploads\/2024\/11\/SE-VIENE-LA-32\u00b0-MUESTRA-ANUAL-EDUCATIVA-BERAZATEGUENSE-4-768x512.jpg 768w, https:\/\/diarioprincipios.com\/wp-content\/uploads\/2024\/11\/SE-VIENE-LA-32\u00b0-MUESTRA-ANUAL-EDUCATIVA-BERAZATEGUENSE-4-1536x1024.jpg 1536w, https:\/\/diarioprincipios.com\/wp-content\/uploads\/2024\/11\/SE-VIENE-LA-32\u00b0-MUESTRA-ANUAL-EDUCATIVA-BERAZATEGUENSE-4-600x400.jpg 600w, https:\/\/diarioprincipios.com\/wp-content\/uploads\/2024\/11\/SE-VIENE-LA-32\u00b0-MUESTRA-ANUAL-EDUCATIVA-BERAZATEGUENSE-4.jpg 1920w\" sizes=\"auto, (max-width: 1024px) 100vw, 1024px\" \/><\/figure>\n\n\n\n<p>En esta edici\u00f3n, el s\u00e1bado tendr\u00e1 un gran cierre a cargo del folclorista N\u00e9stor Garnica. En tanto, el domingo el evento finalizar\u00e1 de la mano del grupo de cumbia tropical Los Amados. Adem\u00e1s, como todos los a\u00f1os, habr\u00e1 food trucks con propuestas gastron\u00f3micas muy recomendables para degustar al paso.<\/p>\n\n\n\n<figure class=\"wp-block-image size-large\"><img loading=\"lazy\" decoding=\"async\" width=\"819\" height=\"1024\" src=\"https:\/\/diarioprincipios.com\/wp-content\/uploads\/2024\/11\/FB_IMG_1731337707133-819x1024.jpg\" alt=\"\" class=\"wp-image-23490\" srcset=\"https:\/\/diarioprincipios.com\/wp-content\/uploads\/2024\/11\/FB_IMG_1731337707133-819x1024.jpg 819w, https:\/\/diarioprincipios.com\/wp-content\/uploads\/2024\/11\/FB_IMG_1731337707133-240x300.jpg 240w, https:\/\/diarioprincipios.com\/wp-content\/uploads\/2024\/11\/FB_IMG_1731337707133-768x960.jpg 768w, https:\/\/diarioprincipios.com\/wp-content\/uploads\/2024\/11\/FB_IMG_1731337707133.jpg 1080w\" sizes=\"auto, (max-width: 819px) 100vw, 819px\" \/><\/figure>\n\n\n\n<p>La MAE es organizada por la Municipalidad de Berazategui, a trav\u00e9s de la Secretar\u00eda de Cultura y Educaci\u00f3n; y es resultado de un proyecto cultural de m\u00e1s de 30 a\u00f1os. Su objetivo es exhibir el trabajo y la producci\u00f3n anual de las y los estudiantes que participan en los talleres de las \u00c1reas Educativas y las Escuelas Municipales de Artesan\u00edas, Cer\u00e1mica, Fotograf\u00eda, M\u00fasica y Vidrio.<\/p>\n\n\n\n<p>Para m\u00e1s informaci\u00f3n, se puede ingresar en&nbsp;<a rel=\"noreferrer noopener\" target=\"_blank\" href=\"http:\/\/berazategui.gob.ar\/cultura\">Berazategui.gob.ar\/cultura<\/a>.<\/p>\n","protected":false},"excerpt":{"rendered":"<p>El 23 y 24 de noviembre se realizar\u00e1 la Muestra Anual Educativa (MAE) de Berazategui, en la Plaza San Mart\u00edn (Av. Mitre e\/ 6 y 7), con acceso libre y gratuito. En su 32\u00b0 edici\u00f3n, este emblem\u00e1tico evento -impulsado por el intendente Juan Jos\u00e9 Mussi- contar\u00e1 con n\u00fameros art\u00edsticos y distintas propuestas recreativas, l\u00fadicas y&#8230;<\/p>\n","protected":false},"author":2,"featured_media":23491,"comment_status":"open","ping_status":"open","sticky":false,"template":"","format":"standard","meta":{"footnotes":""},"categories":[3,19],"tags":[],"class_list":["post-23488","post","type-post","status-publish","format-standard","has-post-thumbnail","hentry","category-berazategui","category-cultura-educacion"],"featured_image_src":"https:\/\/diarioprincipios.com\/wp-content\/uploads\/2024\/11\/SE-VIENE-LA-32\u00b0-MUESTRA-ANUAL-EDUCATIVA-BERAZATEGUENSE-1-1024x683.jpg","blog_images":{"medium":"https:\/\/diarioprincipios.com\/wp-content\/uploads\/2024\/11\/SE-VIENE-LA-32\u00b0-MUESTRA-ANUAL-EDUCATIVA-BERAZATEGUENSE-1-300x200.jpg","large":"https:\/\/diarioprincipios.com\/wp-content\/uploads\/2024\/11\/SE-VIENE-LA-32\u00b0-MUESTRA-ANUAL-EDUCATIVA-BERAZATEGUENSE-1-1024x683.jpg"},"ams_acf":[],"yoast_head":"<!-- This site is optimized with the Yoast SEO plugin v27.3 - https:\/\/yoast.com\/product\/yoast-seo-wordpress\/ -->\n<title>Se viene la 32\u00b0 Muestra Anual Educativa - Principios<\/title>\n<meta name=\"robots\" content=\"index, follow, max-snippet:-1, max-image-preview:large, max-video-preview:-1\" \/>\n<link rel=\"canonical\" href=\"https:\/\/diarioprincipios.com\/index.php\/2024\/11\/11\/se-viene-la-32-muestra-anual-educativa\/\" \/>\n<meta property=\"og:locale\" content=\"es_ES\" \/>\n<meta property=\"og:type\" content=\"article\" \/>\n<meta property=\"og:title\" content=\"Se viene la 32\u00b0 Muestra Anual Educativa - Principios\" \/>\n<meta property=\"og:description\" content=\"El 23 y 24 de noviembre se realizar\u00e1 la Muestra Anual Educativa (MAE) de Berazategui, en la Plaza San Mart\u00edn (Av. Mitre e\/ 6 y 7), con acceso libre y gratuito. En su 32\u00b0 edici\u00f3n, este emblem\u00e1tico evento -impulsado por el intendente Juan Jos\u00e9 Mussi- contar\u00e1 con n\u00fameros art\u00edsticos y distintas propuestas recreativas, l\u00fadicas y...\" \/>\n<meta property=\"og:url\" content=\"https:\/\/diarioprincipios.com\/index.php\/2024\/11\/11\/se-viene-la-32-muestra-anual-educativa\/\" \/>\n<meta property=\"og:site_name\" content=\"Principios\" \/>\n<meta property=\"article:published_time\" content=\"2024-11-12T00:40:02+00:00\" \/>\n<meta property=\"article:modified_time\" content=\"2024-11-12T00:40:04+00:00\" \/>\n<meta property=\"og:image\" content=\"https:\/\/diarioprincipios.com\/wp-content\/uploads\/2024\/11\/SE-VIENE-LA-32\u00b0-MUESTRA-ANUAL-EDUCATIVA-BERAZATEGUENSE-1.jpg\" \/>\n\t<meta property=\"og:image:width\" content=\"1920\" \/>\n\t<meta property=\"og:image:height\" content=\"1280\" \/>\n\t<meta property=\"og:image:type\" content=\"image\/jpeg\" \/>\n<meta name=\"author\" content=\"Hern\u00e1n L\u00f3pez\" \/>\n<meta name=\"twitter:card\" content=\"summary_large_image\" \/>\n<meta name=\"twitter:label1\" content=\"Escrito por\" \/>\n\t<meta name=\"twitter:data1\" content=\"Hern\u00e1n L\u00f3pez\" \/>\n\t<meta name=\"twitter:label2\" content=\"Tiempo de lectura\" \/>\n\t<meta name=\"twitter:data2\" content=\"2 minutos\" \/>\n<script type=\"application\/ld+json\" class=\"yoast-schema-graph\">{\"@context\":\"https:\\\/\\\/schema.org\",\"@graph\":[{\"@type\":\"Article\",\"@id\":\"https:\\\/\\\/diarioprincipios.com\\\/index.php\\\/2024\\\/11\\\/11\\\/se-viene-la-32-muestra-anual-educativa\\\/#article\",\"isPartOf\":{\"@id\":\"https:\\\/\\\/diarioprincipios.com\\\/index.php\\\/2024\\\/11\\\/11\\\/se-viene-la-32-muestra-anual-educativa\\\/\"},\"author\":{\"name\":\"Hern\u00e1n L\u00f3pez\",\"@id\":\"https:\\\/\\\/diarioprincipios.com\\\/#\\\/schema\\\/person\\\/436d5a1fd41a5e250e23ff5a6a7cb080\"},\"headline\":\"Se viene la 32\u00b0 Muestra Anual Educativa\",\"datePublished\":\"2024-11-12T00:40:02+00:00\",\"dateModified\":\"2024-11-12T00:40:04+00:00\",\"mainEntityOfPage\":{\"@id\":\"https:\\\/\\\/diarioprincipios.com\\\/index.php\\\/2024\\\/11\\\/11\\\/se-viene-la-32-muestra-anual-educativa\\\/\"},\"wordCount\":238,\"commentCount\":0,\"publisher\":{\"@id\":\"https:\\\/\\\/diarioprincipios.com\\\/#organization\"},\"image\":{\"@id\":\"https:\\\/\\\/diarioprincipios.com\\\/index.php\\\/2024\\\/11\\\/11\\\/se-viene-la-32-muestra-anual-educativa\\\/#primaryimage\"},\"thumbnailUrl\":\"https:\\\/\\\/diarioprincipios.com\\\/wp-content\\\/uploads\\\/2024\\\/11\\\/SE-VIENE-LA-32\u00b0-MUESTRA-ANUAL-EDUCATIVA-BERAZATEGUENSE-1.jpg\",\"articleSection\":[\"Berazategui\",\"Cultura y Educaci\u00f3n\"],\"inLanguage\":\"es\",\"potentialAction\":[{\"@type\":\"CommentAction\",\"name\":\"Comment\",\"target\":[\"https:\\\/\\\/diarioprincipios.com\\\/index.php\\\/2024\\\/11\\\/11\\\/se-viene-la-32-muestra-anual-educativa\\\/#respond\"]}]},{\"@type\":\"WebPage\",\"@id\":\"https:\\\/\\\/diarioprincipios.com\\\/index.php\\\/2024\\\/11\\\/11\\\/se-viene-la-32-muestra-anual-educativa\\\/\",\"url\":\"https:\\\/\\\/diarioprincipios.com\\\/index.php\\\/2024\\\/11\\\/11\\\/se-viene-la-32-muestra-anual-educativa\\\/\",\"name\":\"Se viene la 32\u00b0 Muestra Anual Educativa - Principios\",\"isPartOf\":{\"@id\":\"https:\\\/\\\/diarioprincipios.com\\\/#website\"},\"primaryImageOfPage\":{\"@id\":\"https:\\\/\\\/diarioprincipios.com\\\/index.php\\\/2024\\\/11\\\/11\\\/se-viene-la-32-muestra-anual-educativa\\\/#primaryimage\"},\"image\":{\"@id\":\"https:\\\/\\\/diarioprincipios.com\\\/index.php\\\/2024\\\/11\\\/11\\\/se-viene-la-32-muestra-anual-educativa\\\/#primaryimage\"},\"thumbnailUrl\":\"https:\\\/\\\/diarioprincipios.com\\\/wp-content\\\/uploads\\\/2024\\\/11\\\/SE-VIENE-LA-32\u00b0-MUESTRA-ANUAL-EDUCATIVA-BERAZATEGUENSE-1.jpg\",\"datePublished\":\"2024-11-12T00:40:02+00:00\",\"dateModified\":\"2024-11-12T00:40:04+00:00\",\"breadcrumb\":{\"@id\":\"https:\\\/\\\/diarioprincipios.com\\\/index.php\\\/2024\\\/11\\\/11\\\/se-viene-la-32-muestra-anual-educativa\\\/#breadcrumb\"},\"inLanguage\":\"es\",\"potentialAction\":[{\"@type\":\"ReadAction\",\"target\":[\"https:\\\/\\\/diarioprincipios.com\\\/index.php\\\/2024\\\/11\\\/11\\\/se-viene-la-32-muestra-anual-educativa\\\/\"]}]},{\"@type\":\"ImageObject\",\"inLanguage\":\"es\",\"@id\":\"https:\\\/\\\/diarioprincipios.com\\\/index.php\\\/2024\\\/11\\\/11\\\/se-viene-la-32-muestra-anual-educativa\\\/#primaryimage\",\"url\":\"https:\\\/\\\/diarioprincipios.com\\\/wp-content\\\/uploads\\\/2024\\\/11\\\/SE-VIENE-LA-32\u00b0-MUESTRA-ANUAL-EDUCATIVA-BERAZATEGUENSE-1.jpg\",\"contentUrl\":\"https:\\\/\\\/diarioprincipios.com\\\/wp-content\\\/uploads\\\/2024\\\/11\\\/SE-VIENE-LA-32\u00b0-MUESTRA-ANUAL-EDUCATIVA-BERAZATEGUENSE-1.jpg\",\"width\":1920,\"height\":1280},{\"@type\":\"BreadcrumbList\",\"@id\":\"https:\\\/\\\/diarioprincipios.com\\\/index.php\\\/2024\\\/11\\\/11\\\/se-viene-la-32-muestra-anual-educativa\\\/#breadcrumb\",\"itemListElement\":[{\"@type\":\"ListItem\",\"position\":1,\"name\":\"Portada\",\"item\":\"https:\\\/\\\/diarioprincipios.com\\\/\"},{\"@type\":\"ListItem\",\"position\":2,\"name\":\"Se viene la 32\u00b0 Muestra Anual Educativa\"}]},{\"@type\":\"WebSite\",\"@id\":\"https:\\\/\\\/diarioprincipios.com\\\/#website\",\"url\":\"https:\\\/\\\/diarioprincipios.com\\\/\",\"name\":\"Principios\",\"description\":\"Principios Diario\",\"publisher\":{\"@id\":\"https:\\\/\\\/diarioprincipios.com\\\/#organization\"},\"potentialAction\":[{\"@type\":\"SearchAction\",\"target\":{\"@type\":\"EntryPoint\",\"urlTemplate\":\"https:\\\/\\\/diarioprincipios.com\\\/?s={search_term_string}\"},\"query-input\":{\"@type\":\"PropertyValueSpecification\",\"valueRequired\":true,\"valueName\":\"search_term_string\"}}],\"inLanguage\":\"es\"},{\"@type\":\"Organization\",\"@id\":\"https:\\\/\\\/diarioprincipios.com\\\/#organization\",\"name\":\"Principios\",\"url\":\"https:\\\/\\\/diarioprincipios.com\\\/\",\"logo\":{\"@type\":\"ImageObject\",\"inLanguage\":\"es\",\"@id\":\"https:\\\/\\\/diarioprincipios.com\\\/#\\\/schema\\\/logo\\\/image\\\/\",\"url\":\"https:\\\/\\\/diarioprincipios.com\\\/wp-content\\\/uploads\\\/2024\\\/04\\\/cropped-www.diarioprincipios.com_-1.png\",\"contentUrl\":\"https:\\\/\\\/diarioprincipios.com\\\/wp-content\\\/uploads\\\/2024\\\/04\\\/cropped-www.diarioprincipios.com_-1.png\",\"width\":5325,\"height\":1454,\"caption\":\"Principios\"},\"image\":{\"@id\":\"https:\\\/\\\/diarioprincipios.com\\\/#\\\/schema\\\/logo\\\/image\\\/\"}},{\"@type\":\"Person\",\"@id\":\"https:\\\/\\\/diarioprincipios.com\\\/#\\\/schema\\\/person\\\/436d5a1fd41a5e250e23ff5a6a7cb080\",\"name\":\"Hern\u00e1n L\u00f3pez\",\"image\":{\"@type\":\"ImageObject\",\"inLanguage\":\"es\",\"@id\":\"https:\\\/\\\/diarioprincipios.com\\\/wp-content\\\/litespeed\\\/avatar\\\/11ddfe5610ff3bd100522525b2571f48.jpg?ver=1777653193\",\"url\":\"https:\\\/\\\/diarioprincipios.com\\\/wp-content\\\/litespeed\\\/avatar\\\/11ddfe5610ff3bd100522525b2571f48.jpg?ver=1777653193\",\"contentUrl\":\"https:\\\/\\\/diarioprincipios.com\\\/wp-content\\\/litespeed\\\/avatar\\\/11ddfe5610ff3bd100522525b2571f48.jpg?ver=1777653193\",\"caption\":\"Hern\u00e1n L\u00f3pez\"},\"url\":\"https:\\\/\\\/diarioprincipios.com\\\/index.php\\\/author\\\/hernan\\\/\"}]}<\/script>\n<!-- \/ Yoast SEO plugin. -->","yoast_head_json":{"title":"Se viene la 32\u00b0 Muestra Anual Educativa - Principios","robots":{"index":"index","follow":"follow","max-snippet":"max-snippet:-1","max-image-preview":"max-image-preview:large","max-video-preview":"max-video-preview:-1"},"canonical":"https:\/\/diarioprincipios.com\/index.php\/2024\/11\/11\/se-viene-la-32-muestra-anual-educativa\/","og_locale":"es_ES","og_type":"article","og_title":"Se viene la 32\u00b0 Muestra Anual Educativa - Principios","og_description":"El 23 y 24 de noviembre se realizar\u00e1 la Muestra Anual Educativa (MAE) de Berazategui, en la Plaza San Mart\u00edn (Av. Mitre e\/ 6 y 7), con acceso libre y gratuito. En su 32\u00b0 edici\u00f3n, este emblem\u00e1tico evento -impulsado por el intendente Juan Jos\u00e9 Mussi- contar\u00e1 con n\u00fameros art\u00edsticos y distintas propuestas recreativas, l\u00fadicas y...","og_url":"https:\/\/diarioprincipios.com\/index.php\/2024\/11\/11\/se-viene-la-32-muestra-anual-educativa\/","og_site_name":"Principios","article_published_time":"2024-11-12T00:40:02+00:00","article_modified_time":"2024-11-12T00:40:04+00:00","og_image":[{"width":1920,"height":1280,"url":"https:\/\/diarioprincipios.com\/wp-content\/uploads\/2024\/11\/SE-VIENE-LA-32\u00b0-MUESTRA-ANUAL-EDUCATIVA-BERAZATEGUENSE-1.jpg","type":"image\/jpeg"}],"author":"Hern\u00e1n L\u00f3pez","twitter_card":"summary_large_image","twitter_misc":{"Escrito por":"Hern\u00e1n L\u00f3pez","Tiempo de lectura":"2 minutos"},"schema":{"@context":"https:\/\/schema.org","@graph":[{"@type":"Article","@id":"https:\/\/diarioprincipios.com\/index.php\/2024\/11\/11\/se-viene-la-32-muestra-anual-educativa\/#article","isPartOf":{"@id":"https:\/\/diarioprincipios.com\/index.php\/2024\/11\/11\/se-viene-la-32-muestra-anual-educativa\/"},"author":{"name":"Hern\u00e1n L\u00f3pez","@id":"https:\/\/diarioprincipios.com\/#\/schema\/person\/436d5a1fd41a5e250e23ff5a6a7cb080"},"headline":"Se viene la 32\u00b0 Muestra Anual Educativa","datePublished":"2024-11-12T00:40:02+00:00","dateModified":"2024-11-12T00:40:04+00:00","mainEntityOfPage":{"@id":"https:\/\/diarioprincipios.com\/index.php\/2024\/11\/11\/se-viene-la-32-muestra-anual-educativa\/"},"wordCount":238,"commentCount":0,"publisher":{"@id":"https:\/\/diarioprincipios.com\/#organization"},"image":{"@id":"https:\/\/diarioprincipios.com\/index.php\/2024\/11\/11\/se-viene-la-32-muestra-anual-educativa\/#primaryimage"},"thumbnailUrl":"https:\/\/diarioprincipios.com\/wp-content\/uploads\/2024\/11\/SE-VIENE-LA-32\u00b0-MUESTRA-ANUAL-EDUCATIVA-BERAZATEGUENSE-1.jpg","articleSection":["Berazategui","Cultura y Educaci\u00f3n"],"inLanguage":"es","potentialAction":[{"@type":"CommentAction","name":"Comment","target":["https:\/\/diarioprincipios.com\/index.php\/2024\/11\/11\/se-viene-la-32-muestra-anual-educativa\/#respond"]}]},{"@type":"WebPage","@id":"https:\/\/diarioprincipios.com\/index.php\/2024\/11\/11\/se-viene-la-32-muestra-anual-educativa\/","url":"https:\/\/diarioprincipios.com\/index.php\/2024\/11\/11\/se-viene-la-32-muestra-anual-educativa\/","name":"Se viene la 32\u00b0 Muestra Anual Educativa - Principios","isPartOf":{"@id":"https:\/\/diarioprincipios.com\/#website"},"primaryImageOfPage":{"@id":"https:\/\/diarioprincipios.com\/index.php\/2024\/11\/11\/se-viene-la-32-muestra-anual-educativa\/#primaryimage"},"image":{"@id":"https:\/\/diarioprincipios.com\/index.php\/2024\/11\/11\/se-viene-la-32-muestra-anual-educativa\/#primaryimage"},"thumbnailUrl":"https:\/\/diarioprincipios.com\/wp-content\/uploads\/2024\/11\/SE-VIENE-LA-32\u00b0-MUESTRA-ANUAL-EDUCATIVA-BERAZATEGUENSE-1.jpg","datePublished":"2024-11-12T00:40:02+00:00","dateModified":"2024-11-12T00:40:04+00:00","breadcrumb":{"@id":"https:\/\/diarioprincipios.com\/index.php\/2024\/11\/11\/se-viene-la-32-muestra-anual-educativa\/#breadcrumb"},"inLanguage":"es","potentialAction":[{"@type":"ReadAction","target":["https:\/\/diarioprincipios.com\/index.php\/2024\/11\/11\/se-viene-la-32-muestra-anual-educativa\/"]}]},{"@type":"ImageObject","inLanguage":"es","@id":"https:\/\/diarioprincipios.com\/index.php\/2024\/11\/11\/se-viene-la-32-muestra-anual-educativa\/#primaryimage","url":"https:\/\/diarioprincipios.com\/wp-content\/uploads\/2024\/11\/SE-VIENE-LA-32\u00b0-MUESTRA-ANUAL-EDUCATIVA-BERAZATEGUENSE-1.jpg","contentUrl":"https:\/\/diarioprincipios.com\/wp-content\/uploads\/2024\/11\/SE-VIENE-LA-32\u00b0-MUESTRA-ANUAL-EDUCATIVA-BERAZATEGUENSE-1.jpg","width":1920,"height":1280},{"@type":"BreadcrumbList","@id":"https:\/\/diarioprincipios.com\/index.php\/2024\/11\/11\/se-viene-la-32-muestra-anual-educativa\/#breadcrumb","itemListElement":[{"@type":"ListItem","position":1,"name":"Portada","item":"https:\/\/diarioprincipios.com\/"},{"@type":"ListItem","position":2,"name":"Se viene la 32\u00b0 Muestra Anual Educativa"}]},{"@type":"WebSite","@id":"https:\/\/diarioprincipios.com\/#website","url":"https:\/\/diarioprincipios.com\/","name":"Principios","description":"Principios Diario","publisher":{"@id":"https:\/\/diarioprincipios.com\/#organization"},"potentialAction":[{"@type":"SearchAction","target":{"@type":"EntryPoint","urlTemplate":"https:\/\/diarioprincipios.com\/?s={search_term_string}"},"query-input":{"@type":"PropertyValueSpecification","valueRequired":true,"valueName":"search_term_string"}}],"inLanguage":"es"},{"@type":"Organization","@id":"https:\/\/diarioprincipios.com\/#organization","name":"Principios","url":"https:\/\/diarioprincipios.com\/","logo":{"@type":"ImageObject","inLanguage":"es","@id":"https:\/\/diarioprincipios.com\/#\/schema\/logo\/image\/","url":"https:\/\/diarioprincipios.com\/wp-content\/uploads\/2024\/04\/cropped-www.diarioprincipios.com_-1.png","contentUrl":"https:\/\/diarioprincipios.com\/wp-content\/uploads\/2024\/04\/cropped-www.diarioprincipios.com_-1.png","width":5325,"height":1454,"caption":"Principios"},"image":{"@id":"https:\/\/diarioprincipios.com\/#\/schema\/logo\/image\/"}},{"@type":"Person","@id":"https:\/\/diarioprincipios.com\/#\/schema\/person\/436d5a1fd41a5e250e23ff5a6a7cb080","name":"Hern\u00e1n L\u00f3pez","image":{"@type":"ImageObject","inLanguage":"es","@id":"https:\/\/diarioprincipios.com\/wp-content\/litespeed\/avatar\/11ddfe5610ff3bd100522525b2571f48.jpg?ver=1777653193","url":"https:\/\/diarioprincipios.com\/wp-content\/litespeed\/avatar\/11ddfe5610ff3bd100522525b2571f48.jpg?ver=1777653193","contentUrl":"https:\/\/diarioprincipios.com\/wp-content\/litespeed\/avatar\/11ddfe5610ff3bd100522525b2571f48.jpg?ver=1777653193","caption":"Hern\u00e1n L\u00f3pez"},"url":"https:\/\/diarioprincipios.com\/index.php\/author\/hernan\/"}]}},"jetpack_featured_media_url":"https:\/\/diarioprincipios.com\/wp-content\/uploads\/2024\/11\/SE-VIENE-LA-32\u00b0-MUESTRA-ANUAL-EDUCATIVA-BERAZATEGUENSE-1.jpg","_links":{"self":[{"href":"https:\/\/diarioprincipios.com\/index.php\/wp-json\/wp\/v2\/posts\/23488","targetHints":{"allow":["GET"]}}],"collection":[{"href":"https:\/\/diarioprincipios.com\/index.php\/wp-json\/wp\/v2\/posts"}],"about":[{"href":"https:\/\/diarioprincipios.com\/index.php\/wp-json\/wp\/v2\/types\/post"}],"author":[{"embeddable":true,"href":"https:\/\/diarioprincipios.com\/index.php\/wp-json\/wp\/v2\/users\/2"}],"replies":[{"embeddable":true,"href":"https:\/\/diarioprincipios.com\/index.php\/wp-json\/wp\/v2\/comments?post=23488"}],"version-history":[{"count":1,"href":"https:\/\/diarioprincipios.com\/index.php\/wp-json\/wp\/v2\/posts\/23488\/revisions"}],"predecessor-version":[{"id":23492,"href":"https:\/\/diarioprincipios.com\/index.php\/wp-json\/wp\/v2\/posts\/23488\/revisions\/23492"}],"wp:featuredmedia":[{"embeddable":true,"href":"https:\/\/diarioprincipios.com\/index.php\/wp-json\/wp\/v2\/media\/23491"}],"wp:attachment":[{"href":"https:\/\/diarioprincipios.com\/index.php\/wp-json\/wp\/v2\/media?parent=23488"}],"wp:term":[{"taxonomy":"category","embeddable":true,"href":"https:\/\/diarioprincipios.com\/index.php\/wp-json\/wp\/v2\/categories?post=23488"},{"taxonomy":"post_tag","embeddable":true,"href":"https:\/\/diarioprincipios.com\/index.php\/wp-json\/wp\/v2\/tags?post=23488"}],"curies":[{"name":"wp","href":"https:\/\/api.w.org\/{rel}","templated":true}]}}