{"id":23420,"date":"2024-10-30T13:32:18","date_gmt":"2024-10-30T16:32:18","guid":{"rendered":"http:\/\/diarioprincipios.com\/?p=23420"},"modified":"2024-10-30T13:34:10","modified_gmt":"2024-10-30T16:34:10","slug":"berazategui-concientizo-sobre-el-cancer-de-mama","status":"publish","type":"post","link":"https:\/\/diarioprincipios.com\/index.php\/2024\/10\/30\/berazategui-concientizo-sobre-el-cancer-de-mama\/","title":{"rendered":"Berazategui concientiz\u00f3 sobre el C\u00e1ncer de Mama"},"content":{"rendered":"\n<p><strong>Como cada a\u00f1o, los vecinos y vecinas de Berazategui se unieron en una gran jornada por el Mes de la Lucha contra el C\u00e1ncer de Mama, con el objetivo de prevenir y concientizar sobre esta enfermedad. La actividad se desarroll\u00f3 el s\u00e1bado 26 de octubre, en la Plaza San Mart\u00edn, e incluy\u00f3 la tradicional caminata.<\/strong><\/p>\n\n\n\n<p>Este evento es impulsado por la Asociaci\u00f3n Berazateguenses Prevenci\u00f3n CAMAMAS y el Honorable Concejo Deliberante.<\/p>\n\n\n\n<p>En ese marco, tras descubrir una escultura alusiva a la prevenci\u00f3n de esta enfermedad, el intendente Juan Jos\u00e9 Mussi expres\u00f3: \u201cEstamos orgullosos de nuestra gente: nuestros vecinos. Es un orgullo hacer esto que hacen todos los a\u00f1os para generar conciencia y prevenci\u00f3n. Nosotros so\u00f1amos con que ninguna mujer se vaya de este mundo antes de tiempo, por no haber prevenido el c\u00e1ncer de mama\u201d.<\/p>\n\n\n\n<figure class=\"wp-block-image size-large\"><img loading=\"lazy\" decoding=\"async\" width=\"1024\" height=\"683\" src=\"https:\/\/diarioprincipios.com\/wp-content\/uploads\/2024\/10\/BERAZATEGUI-CONCIENTIZO-SOBRE-EL-CANCER-DE-MAMA-5-1024x683.jpg\" alt=\"\" class=\"wp-image-23421\" srcset=\"https:\/\/diarioprincipios.com\/wp-content\/uploads\/2024\/10\/BERAZATEGUI-CONCIENTIZO-SOBRE-EL-CANCER-DE-MAMA-5-1024x683.jpg 1024w, https:\/\/diarioprincipios.com\/wp-content\/uploads\/2024\/10\/BERAZATEGUI-CONCIENTIZO-SOBRE-EL-CANCER-DE-MAMA-5-300x200.jpg 300w, https:\/\/diarioprincipios.com\/wp-content\/uploads\/2024\/10\/BERAZATEGUI-CONCIENTIZO-SOBRE-EL-CANCER-DE-MAMA-5-768x512.jpg 768w, https:\/\/diarioprincipios.com\/wp-content\/uploads\/2024\/10\/BERAZATEGUI-CONCIENTIZO-SOBRE-EL-CANCER-DE-MAMA-5-1536x1024.jpg 1536w, https:\/\/diarioprincipios.com\/wp-content\/uploads\/2024\/10\/BERAZATEGUI-CONCIENTIZO-SOBRE-EL-CANCER-DE-MAMA-5-600x400.jpg 600w, https:\/\/diarioprincipios.com\/wp-content\/uploads\/2024\/10\/BERAZATEGUI-CONCIENTIZO-SOBRE-EL-CANCER-DE-MAMA-5.jpg 1920w\" sizes=\"auto, (max-width: 1024px) 100vw, 1024px\" \/><\/figure>\n\n\n\n<p>Adem\u00e1s, el Intendente destac\u00f3: \u201cFelicito a CAMAMAS, que todos los a\u00f1os incentiva a las mujeres a que se cuiden y se hagan los estudios. \u00bfC\u00f3mo no voy a estar orgulloso? Hoy estamos hablando de la vida de los vecinos, de la educaci\u00f3n, de la salud p\u00fablica, del amor, del respeto por el otro. Les agradezco a todos los que hicieron posible este evento. Yo nac\u00ed en Berazategui y cada vez estoy m\u00e1s orgulloso, porque los vecinos dan el ejemplo todos los d\u00edas\u201d, asegur\u00f3.<\/p>\n\n\n\n<p>A su vez, el secretario de Salud P\u00fablica e Higiene, Dr. Pablo Costa, expres\u00f3: \u201cEs un hermoso d\u00eda para poder concientizar sobre este tema tan importante. Quiero agradecer a todas las \u00e1reas del Municipio que colaboraron. Durante todo el a\u00f1o nos acercamos a los barrios para concientizar y prevenir. En el CAPS N\u00b0 1 \u00abDr. Javier S\u00e1batto\u00bb contamos con un mam\u00f3grafo municipal que est\u00e1 a disposici\u00f3n de la poblaci\u00f3n\u201d.<\/p>\n\n\n\n<figure class=\"wp-block-image size-large\"><img loading=\"lazy\" decoding=\"async\" width=\"1024\" height=\"683\" src=\"https:\/\/diarioprincipios.com\/wp-content\/uploads\/2024\/10\/BERAZATEGUI-CONCIENTIZO-SOBRE-EL-CANCER-DE-MAMA-1-1024x683.jpg\" alt=\"\" class=\"wp-image-23423\" srcset=\"https:\/\/diarioprincipios.com\/wp-content\/uploads\/2024\/10\/BERAZATEGUI-CONCIENTIZO-SOBRE-EL-CANCER-DE-MAMA-1-1024x683.jpg 1024w, https:\/\/diarioprincipios.com\/wp-content\/uploads\/2024\/10\/BERAZATEGUI-CONCIENTIZO-SOBRE-EL-CANCER-DE-MAMA-1-300x200.jpg 300w, https:\/\/diarioprincipios.com\/wp-content\/uploads\/2024\/10\/BERAZATEGUI-CONCIENTIZO-SOBRE-EL-CANCER-DE-MAMA-1-768x512.jpg 768w, https:\/\/diarioprincipios.com\/wp-content\/uploads\/2024\/10\/BERAZATEGUI-CONCIENTIZO-SOBRE-EL-CANCER-DE-MAMA-1-1536x1024.jpg 1536w, https:\/\/diarioprincipios.com\/wp-content\/uploads\/2024\/10\/BERAZATEGUI-CONCIENTIZO-SOBRE-EL-CANCER-DE-MAMA-1-600x400.jpg 600w, https:\/\/diarioprincipios.com\/wp-content\/uploads\/2024\/10\/BERAZATEGUI-CONCIENTIZO-SOBRE-EL-CANCER-DE-MAMA-1.jpg 1920w\" sizes=\"auto, (max-width: 1024px) 100vw, 1024px\" \/><\/figure>\n\n\n\n<p>Durante la jornada, se brindaron las siguientes propuestas:<\/p>\n\n\n\n<p>&nbsp;-Asesoramiento e informaci\u00f3n sobre el c\u00e1ncer de mama.<\/p>\n\n\n\n<p>&nbsp;-Radio abierta.<\/p>\n\n\n\n<p>&nbsp;-Stand de micropigmentaci\u00f3n: reconstrucci\u00f3n de pez\u00f3n. Informaci\u00f3n y asesoramiento.<\/p>\n\n\n\n<p>&nbsp;-Stand para estampar remeras y bandanas.<\/p>\n\n\n\n<p>-Coreos de zumba para la familia.<\/p>\n\n\n\n<p>-Cultura Colectiva.<\/p>\n\n\n\n<p>Adem\u00e1s, se inaugur\u00f3 una obra de arte -intervenida por artistas de la Secretar\u00eda de Cultura y Educaci\u00f3n municipal- para identificar ese espacio como punto de encuentro de CAMAMAS.<\/p>\n\n\n\n<p>Para conocer m\u00e1s sobre las pol\u00edticas sanitarias municipales disponibles para todos los vecinos y vecinas, se puede ingresar en&nbsp;<a rel=\"noreferrer noopener\" target=\"_blank\" href=\"http:\/\/berazategui.gob.ar\/salud\">berazategui.gob.ar\/salud<\/a>.<\/p>\n","protected":false},"excerpt":{"rendered":"<p>Como cada a\u00f1o, los vecinos y vecinas de Berazategui se unieron en una gran jornada por el Mes de la Lucha contra el C\u00e1ncer de Mama, con el objetivo de prevenir y concientizar sobre esta enfermedad. La actividad se desarroll\u00f3 el s\u00e1bado 26 de octubre, en la Plaza San Mart\u00edn, e incluy\u00f3 la tradicional caminata&#8230;.<\/p>\n","protected":false},"author":2,"featured_media":23424,"comment_status":"open","ping_status":"open","sticky":false,"template":"","format":"standard","meta":{"footnotes":""},"categories":[20],"tags":[],"class_list":["post-23420","post","type-post","status-publish","format-standard","has-post-thumbnail","hentry","category-salud-ambiente"],"featured_image_src":"https:\/\/diarioprincipios.com\/wp-content\/uploads\/2024\/10\/BERAZATEGUI-CONCIENTIZO-SOBRE-EL-CANCER-DE-MAMA-2-1024x683.jpg","blog_images":{"medium":"https:\/\/diarioprincipios.com\/wp-content\/uploads\/2024\/10\/BERAZATEGUI-CONCIENTIZO-SOBRE-EL-CANCER-DE-MAMA-2-300x200.jpg","large":"https:\/\/diarioprincipios.com\/wp-content\/uploads\/2024\/10\/BERAZATEGUI-CONCIENTIZO-SOBRE-EL-CANCER-DE-MAMA-2-1024x683.jpg"},"ams_acf":[],"yoast_head":"<!-- This site is optimized with the Yoast SEO plugin v27.3 - https:\/\/yoast.com\/product\/yoast-seo-wordpress\/ -->\n<title>Berazategui concientiz\u00f3 sobre el C\u00e1ncer de Mama - Principios<\/title>\n<meta name=\"robots\" content=\"index, follow, max-snippet:-1, max-image-preview:large, max-video-preview:-1\" \/>\n<link rel=\"canonical\" href=\"https:\/\/diarioprincipios.com\/index.php\/2024\/10\/30\/berazategui-concientizo-sobre-el-cancer-de-mama\/\" \/>\n<meta property=\"og:locale\" content=\"es_ES\" \/>\n<meta property=\"og:type\" content=\"article\" \/>\n<meta property=\"og:title\" content=\"Berazategui concientiz\u00f3 sobre el C\u00e1ncer de Mama - Principios\" \/>\n<meta property=\"og:description\" content=\"Como cada a\u00f1o, los vecinos y vecinas de Berazategui se unieron en una gran jornada por el Mes de la Lucha contra el C\u00e1ncer de Mama, con el objetivo de prevenir y concientizar sobre esta enfermedad. La actividad se desarroll\u00f3 el s\u00e1bado 26 de octubre, en la Plaza San Mart\u00edn, e incluy\u00f3 la tradicional caminata....\" \/>\n<meta property=\"og:url\" content=\"https:\/\/diarioprincipios.com\/index.php\/2024\/10\/30\/berazategui-concientizo-sobre-el-cancer-de-mama\/\" \/>\n<meta property=\"og:site_name\" content=\"Principios\" \/>\n<meta property=\"article:published_time\" content=\"2024-10-30T16:32:18+00:00\" \/>\n<meta property=\"article:modified_time\" content=\"2024-10-30T16:34:10+00:00\" \/>\n<meta property=\"og:image\" content=\"https:\/\/diarioprincipios.com\/wp-content\/uploads\/2024\/10\/BERAZATEGUI-CONCIENTIZO-SOBRE-EL-CANCER-DE-MAMA-2.jpg\" \/>\n\t<meta property=\"og:image:width\" content=\"1920\" \/>\n\t<meta property=\"og:image:height\" content=\"1280\" \/>\n\t<meta property=\"og:image:type\" content=\"image\/jpeg\" \/>\n<meta name=\"author\" content=\"Hern\u00e1n L\u00f3pez\" \/>\n<meta name=\"twitter:card\" content=\"summary_large_image\" \/>\n<meta name=\"twitter:label1\" content=\"Escrito por\" \/>\n\t<meta name=\"twitter:data1\" content=\"Hern\u00e1n L\u00f3pez\" \/>\n\t<meta name=\"twitter:label2\" content=\"Tiempo de lectura\" \/>\n\t<meta name=\"twitter:data2\" content=\"3 minutos\" \/>\n<script type=\"application\/ld+json\" class=\"yoast-schema-graph\">{\"@context\":\"https:\\\/\\\/schema.org\",\"@graph\":[{\"@type\":\"Article\",\"@id\":\"https:\\\/\\\/diarioprincipios.com\\\/index.php\\\/2024\\\/10\\\/30\\\/berazategui-concientizo-sobre-el-cancer-de-mama\\\/#article\",\"isPartOf\":{\"@id\":\"https:\\\/\\\/diarioprincipios.com\\\/index.php\\\/2024\\\/10\\\/30\\\/berazategui-concientizo-sobre-el-cancer-de-mama\\\/\"},\"author\":{\"name\":\"Hern\u00e1n L\u00f3pez\",\"@id\":\"https:\\\/\\\/diarioprincipios.com\\\/#\\\/schema\\\/person\\\/436d5a1fd41a5e250e23ff5a6a7cb080\"},\"headline\":\"Berazategui concientiz\u00f3 sobre el C\u00e1ncer de Mama\",\"datePublished\":\"2024-10-30T16:32:18+00:00\",\"dateModified\":\"2024-10-30T16:34:10+00:00\",\"mainEntityOfPage\":{\"@id\":\"https:\\\/\\\/diarioprincipios.com\\\/index.php\\\/2024\\\/10\\\/30\\\/berazategui-concientizo-sobre-el-cancer-de-mama\\\/\"},\"wordCount\":425,\"commentCount\":0,\"publisher\":{\"@id\":\"https:\\\/\\\/diarioprincipios.com\\\/#organization\"},\"image\":{\"@id\":\"https:\\\/\\\/diarioprincipios.com\\\/index.php\\\/2024\\\/10\\\/30\\\/berazategui-concientizo-sobre-el-cancer-de-mama\\\/#primaryimage\"},\"thumbnailUrl\":\"https:\\\/\\\/diarioprincipios.com\\\/wp-content\\\/uploads\\\/2024\\\/10\\\/BERAZATEGUI-CONCIENTIZO-SOBRE-EL-CANCER-DE-MAMA-2.jpg\",\"articleSection\":[\"Salud y Ambiente\"],\"inLanguage\":\"es\",\"potentialAction\":[{\"@type\":\"CommentAction\",\"name\":\"Comment\",\"target\":[\"https:\\\/\\\/diarioprincipios.com\\\/index.php\\\/2024\\\/10\\\/30\\\/berazategui-concientizo-sobre-el-cancer-de-mama\\\/#respond\"]}]},{\"@type\":\"WebPage\",\"@id\":\"https:\\\/\\\/diarioprincipios.com\\\/index.php\\\/2024\\\/10\\\/30\\\/berazategui-concientizo-sobre-el-cancer-de-mama\\\/\",\"url\":\"https:\\\/\\\/diarioprincipios.com\\\/index.php\\\/2024\\\/10\\\/30\\\/berazategui-concientizo-sobre-el-cancer-de-mama\\\/\",\"name\":\"Berazategui concientiz\u00f3 sobre el C\u00e1ncer de Mama - Principios\",\"isPartOf\":{\"@id\":\"https:\\\/\\\/diarioprincipios.com\\\/#website\"},\"primaryImageOfPage\":{\"@id\":\"https:\\\/\\\/diarioprincipios.com\\\/index.php\\\/2024\\\/10\\\/30\\\/berazategui-concientizo-sobre-el-cancer-de-mama\\\/#primaryimage\"},\"image\":{\"@id\":\"https:\\\/\\\/diarioprincipios.com\\\/index.php\\\/2024\\\/10\\\/30\\\/berazategui-concientizo-sobre-el-cancer-de-mama\\\/#primaryimage\"},\"thumbnailUrl\":\"https:\\\/\\\/diarioprincipios.com\\\/wp-content\\\/uploads\\\/2024\\\/10\\\/BERAZATEGUI-CONCIENTIZO-SOBRE-EL-CANCER-DE-MAMA-2.jpg\",\"datePublished\":\"2024-10-30T16:32:18+00:00\",\"dateModified\":\"2024-10-30T16:34:10+00:00\",\"breadcrumb\":{\"@id\":\"https:\\\/\\\/diarioprincipios.com\\\/index.php\\\/2024\\\/10\\\/30\\\/berazategui-concientizo-sobre-el-cancer-de-mama\\\/#breadcrumb\"},\"inLanguage\":\"es\",\"potentialAction\":[{\"@type\":\"ReadAction\",\"target\":[\"https:\\\/\\\/diarioprincipios.com\\\/index.php\\\/2024\\\/10\\\/30\\\/berazategui-concientizo-sobre-el-cancer-de-mama\\\/\"]}]},{\"@type\":\"ImageObject\",\"inLanguage\":\"es\",\"@id\":\"https:\\\/\\\/diarioprincipios.com\\\/index.php\\\/2024\\\/10\\\/30\\\/berazategui-concientizo-sobre-el-cancer-de-mama\\\/#primaryimage\",\"url\":\"https:\\\/\\\/diarioprincipios.com\\\/wp-content\\\/uploads\\\/2024\\\/10\\\/BERAZATEGUI-CONCIENTIZO-SOBRE-EL-CANCER-DE-MAMA-2.jpg\",\"contentUrl\":\"https:\\\/\\\/diarioprincipios.com\\\/wp-content\\\/uploads\\\/2024\\\/10\\\/BERAZATEGUI-CONCIENTIZO-SOBRE-EL-CANCER-DE-MAMA-2.jpg\",\"width\":1920,\"height\":1280},{\"@type\":\"BreadcrumbList\",\"@id\":\"https:\\\/\\\/diarioprincipios.com\\\/index.php\\\/2024\\\/10\\\/30\\\/berazategui-concientizo-sobre-el-cancer-de-mama\\\/#breadcrumb\",\"itemListElement\":[{\"@type\":\"ListItem\",\"position\":1,\"name\":\"Portada\",\"item\":\"https:\\\/\\\/diarioprincipios.com\\\/\"},{\"@type\":\"ListItem\",\"position\":2,\"name\":\"Berazategui concientiz\u00f3 sobre el C\u00e1ncer de Mama\"}]},{\"@type\":\"WebSite\",\"@id\":\"https:\\\/\\\/diarioprincipios.com\\\/#website\",\"url\":\"https:\\\/\\\/diarioprincipios.com\\\/\",\"name\":\"Principios\",\"description\":\"Principios Diario\",\"publisher\":{\"@id\":\"https:\\\/\\\/diarioprincipios.com\\\/#organization\"},\"potentialAction\":[{\"@type\":\"SearchAction\",\"target\":{\"@type\":\"EntryPoint\",\"urlTemplate\":\"https:\\\/\\\/diarioprincipios.com\\\/?s={search_term_string}\"},\"query-input\":{\"@type\":\"PropertyValueSpecification\",\"valueRequired\":true,\"valueName\":\"search_term_string\"}}],\"inLanguage\":\"es\"},{\"@type\":\"Organization\",\"@id\":\"https:\\\/\\\/diarioprincipios.com\\\/#organization\",\"name\":\"Principios\",\"url\":\"https:\\\/\\\/diarioprincipios.com\\\/\",\"logo\":{\"@type\":\"ImageObject\",\"inLanguage\":\"es\",\"@id\":\"https:\\\/\\\/diarioprincipios.com\\\/#\\\/schema\\\/logo\\\/image\\\/\",\"url\":\"https:\\\/\\\/diarioprincipios.com\\\/wp-content\\\/uploads\\\/2024\\\/04\\\/cropped-www.diarioprincipios.com_-1.png\",\"contentUrl\":\"https:\\\/\\\/diarioprincipios.com\\\/wp-content\\\/uploads\\\/2024\\\/04\\\/cropped-www.diarioprincipios.com_-1.png\",\"width\":5325,\"height\":1454,\"caption\":\"Principios\"},\"image\":{\"@id\":\"https:\\\/\\\/diarioprincipios.com\\\/#\\\/schema\\\/logo\\\/image\\\/\"}},{\"@type\":\"Person\",\"@id\":\"https:\\\/\\\/diarioprincipios.com\\\/#\\\/schema\\\/person\\\/436d5a1fd41a5e250e23ff5a6a7cb080\",\"name\":\"Hern\u00e1n L\u00f3pez\",\"image\":{\"@type\":\"ImageObject\",\"inLanguage\":\"es\",\"@id\":\"https:\\\/\\\/diarioprincipios.com\\\/wp-content\\\/litespeed\\\/avatar\\\/11ddfe5610ff3bd100522525b2571f48.jpg?ver=1777048341\",\"url\":\"https:\\\/\\\/diarioprincipios.com\\\/wp-content\\\/litespeed\\\/avatar\\\/11ddfe5610ff3bd100522525b2571f48.jpg?ver=1777048341\",\"contentUrl\":\"https:\\\/\\\/diarioprincipios.com\\\/wp-content\\\/litespeed\\\/avatar\\\/11ddfe5610ff3bd100522525b2571f48.jpg?ver=1777048341\",\"caption\":\"Hern\u00e1n L\u00f3pez\"},\"url\":\"https:\\\/\\\/diarioprincipios.com\\\/index.php\\\/author\\\/hernan\\\/\"}]}<\/script>\n<!-- \/ Yoast SEO plugin. -->","yoast_head_json":{"title":"Berazategui concientiz\u00f3 sobre el C\u00e1ncer de Mama - Principios","robots":{"index":"index","follow":"follow","max-snippet":"max-snippet:-1","max-image-preview":"max-image-preview:large","max-video-preview":"max-video-preview:-1"},"canonical":"https:\/\/diarioprincipios.com\/index.php\/2024\/10\/30\/berazategui-concientizo-sobre-el-cancer-de-mama\/","og_locale":"es_ES","og_type":"article","og_title":"Berazategui concientiz\u00f3 sobre el C\u00e1ncer de Mama - Principios","og_description":"Como cada a\u00f1o, los vecinos y vecinas de Berazategui se unieron en una gran jornada por el Mes de la Lucha contra el C\u00e1ncer de Mama, con el objetivo de prevenir y concientizar sobre esta enfermedad. La actividad se desarroll\u00f3 el s\u00e1bado 26 de octubre, en la Plaza San Mart\u00edn, e incluy\u00f3 la tradicional caminata....","og_url":"https:\/\/diarioprincipios.com\/index.php\/2024\/10\/30\/berazategui-concientizo-sobre-el-cancer-de-mama\/","og_site_name":"Principios","article_published_time":"2024-10-30T16:32:18+00:00","article_modified_time":"2024-10-30T16:34:10+00:00","og_image":[{"width":1920,"height":1280,"url":"https:\/\/diarioprincipios.com\/wp-content\/uploads\/2024\/10\/BERAZATEGUI-CONCIENTIZO-SOBRE-EL-CANCER-DE-MAMA-2.jpg","type":"image\/jpeg"}],"author":"Hern\u00e1n L\u00f3pez","twitter_card":"summary_large_image","twitter_misc":{"Escrito por":"Hern\u00e1n L\u00f3pez","Tiempo de lectura":"3 minutos"},"schema":{"@context":"https:\/\/schema.org","@graph":[{"@type":"Article","@id":"https:\/\/diarioprincipios.com\/index.php\/2024\/10\/30\/berazategui-concientizo-sobre-el-cancer-de-mama\/#article","isPartOf":{"@id":"https:\/\/diarioprincipios.com\/index.php\/2024\/10\/30\/berazategui-concientizo-sobre-el-cancer-de-mama\/"},"author":{"name":"Hern\u00e1n L\u00f3pez","@id":"https:\/\/diarioprincipios.com\/#\/schema\/person\/436d5a1fd41a5e250e23ff5a6a7cb080"},"headline":"Berazategui concientiz\u00f3 sobre el C\u00e1ncer de Mama","datePublished":"2024-10-30T16:32:18+00:00","dateModified":"2024-10-30T16:34:10+00:00","mainEntityOfPage":{"@id":"https:\/\/diarioprincipios.com\/index.php\/2024\/10\/30\/berazategui-concientizo-sobre-el-cancer-de-mama\/"},"wordCount":425,"commentCount":0,"publisher":{"@id":"https:\/\/diarioprincipios.com\/#organization"},"image":{"@id":"https:\/\/diarioprincipios.com\/index.php\/2024\/10\/30\/berazategui-concientizo-sobre-el-cancer-de-mama\/#primaryimage"},"thumbnailUrl":"https:\/\/diarioprincipios.com\/wp-content\/uploads\/2024\/10\/BERAZATEGUI-CONCIENTIZO-SOBRE-EL-CANCER-DE-MAMA-2.jpg","articleSection":["Salud y Ambiente"],"inLanguage":"es","potentialAction":[{"@type":"CommentAction","name":"Comment","target":["https:\/\/diarioprincipios.com\/index.php\/2024\/10\/30\/berazategui-concientizo-sobre-el-cancer-de-mama\/#respond"]}]},{"@type":"WebPage","@id":"https:\/\/diarioprincipios.com\/index.php\/2024\/10\/30\/berazategui-concientizo-sobre-el-cancer-de-mama\/","url":"https:\/\/diarioprincipios.com\/index.php\/2024\/10\/30\/berazategui-concientizo-sobre-el-cancer-de-mama\/","name":"Berazategui concientiz\u00f3 sobre el C\u00e1ncer de Mama - Principios","isPartOf":{"@id":"https:\/\/diarioprincipios.com\/#website"},"primaryImageOfPage":{"@id":"https:\/\/diarioprincipios.com\/index.php\/2024\/10\/30\/berazategui-concientizo-sobre-el-cancer-de-mama\/#primaryimage"},"image":{"@id":"https:\/\/diarioprincipios.com\/index.php\/2024\/10\/30\/berazategui-concientizo-sobre-el-cancer-de-mama\/#primaryimage"},"thumbnailUrl":"https:\/\/diarioprincipios.com\/wp-content\/uploads\/2024\/10\/BERAZATEGUI-CONCIENTIZO-SOBRE-EL-CANCER-DE-MAMA-2.jpg","datePublished":"2024-10-30T16:32:18+00:00","dateModified":"2024-10-30T16:34:10+00:00","breadcrumb":{"@id":"https:\/\/diarioprincipios.com\/index.php\/2024\/10\/30\/berazategui-concientizo-sobre-el-cancer-de-mama\/#breadcrumb"},"inLanguage":"es","potentialAction":[{"@type":"ReadAction","target":["https:\/\/diarioprincipios.com\/index.php\/2024\/10\/30\/berazategui-concientizo-sobre-el-cancer-de-mama\/"]}]},{"@type":"ImageObject","inLanguage":"es","@id":"https:\/\/diarioprincipios.com\/index.php\/2024\/10\/30\/berazategui-concientizo-sobre-el-cancer-de-mama\/#primaryimage","url":"https:\/\/diarioprincipios.com\/wp-content\/uploads\/2024\/10\/BERAZATEGUI-CONCIENTIZO-SOBRE-EL-CANCER-DE-MAMA-2.jpg","contentUrl":"https:\/\/diarioprincipios.com\/wp-content\/uploads\/2024\/10\/BERAZATEGUI-CONCIENTIZO-SOBRE-EL-CANCER-DE-MAMA-2.jpg","width":1920,"height":1280},{"@type":"BreadcrumbList","@id":"https:\/\/diarioprincipios.com\/index.php\/2024\/10\/30\/berazategui-concientizo-sobre-el-cancer-de-mama\/#breadcrumb","itemListElement":[{"@type":"ListItem","position":1,"name":"Portada","item":"https:\/\/diarioprincipios.com\/"},{"@type":"ListItem","position":2,"name":"Berazategui concientiz\u00f3 sobre el C\u00e1ncer de Mama"}]},{"@type":"WebSite","@id":"https:\/\/diarioprincipios.com\/#website","url":"https:\/\/diarioprincipios.com\/","name":"Principios","description":"Principios Diario","publisher":{"@id":"https:\/\/diarioprincipios.com\/#organization"},"potentialAction":[{"@type":"SearchAction","target":{"@type":"EntryPoint","urlTemplate":"https:\/\/diarioprincipios.com\/?s={search_term_string}"},"query-input":{"@type":"PropertyValueSpecification","valueRequired":true,"valueName":"search_term_string"}}],"inLanguage":"es"},{"@type":"Organization","@id":"https:\/\/diarioprincipios.com\/#organization","name":"Principios","url":"https:\/\/diarioprincipios.com\/","logo":{"@type":"ImageObject","inLanguage":"es","@id":"https:\/\/diarioprincipios.com\/#\/schema\/logo\/image\/","url":"https:\/\/diarioprincipios.com\/wp-content\/uploads\/2024\/04\/cropped-www.diarioprincipios.com_-1.png","contentUrl":"https:\/\/diarioprincipios.com\/wp-content\/uploads\/2024\/04\/cropped-www.diarioprincipios.com_-1.png","width":5325,"height":1454,"caption":"Principios"},"image":{"@id":"https:\/\/diarioprincipios.com\/#\/schema\/logo\/image\/"}},{"@type":"Person","@id":"https:\/\/diarioprincipios.com\/#\/schema\/person\/436d5a1fd41a5e250e23ff5a6a7cb080","name":"Hern\u00e1n L\u00f3pez","image":{"@type":"ImageObject","inLanguage":"es","@id":"https:\/\/diarioprincipios.com\/wp-content\/litespeed\/avatar\/11ddfe5610ff3bd100522525b2571f48.jpg?ver=1777048341","url":"https:\/\/diarioprincipios.com\/wp-content\/litespeed\/avatar\/11ddfe5610ff3bd100522525b2571f48.jpg?ver=1777048341","contentUrl":"https:\/\/diarioprincipios.com\/wp-content\/litespeed\/avatar\/11ddfe5610ff3bd100522525b2571f48.jpg?ver=1777048341","caption":"Hern\u00e1n L\u00f3pez"},"url":"https:\/\/diarioprincipios.com\/index.php\/author\/hernan\/"}]}},"jetpack_featured_media_url":"https:\/\/diarioprincipios.com\/wp-content\/uploads\/2024\/10\/BERAZATEGUI-CONCIENTIZO-SOBRE-EL-CANCER-DE-MAMA-2.jpg","_links":{"self":[{"href":"https:\/\/diarioprincipios.com\/index.php\/wp-json\/wp\/v2\/posts\/23420","targetHints":{"allow":["GET"]}}],"collection":[{"href":"https:\/\/diarioprincipios.com\/index.php\/wp-json\/wp\/v2\/posts"}],"about":[{"href":"https:\/\/diarioprincipios.com\/index.php\/wp-json\/wp\/v2\/types\/post"}],"author":[{"embeddable":true,"href":"https:\/\/diarioprincipios.com\/index.php\/wp-json\/wp\/v2\/users\/2"}],"replies":[{"embeddable":true,"href":"https:\/\/diarioprincipios.com\/index.php\/wp-json\/wp\/v2\/comments?post=23420"}],"version-history":[{"count":1,"href":"https:\/\/diarioprincipios.com\/index.php\/wp-json\/wp\/v2\/posts\/23420\/revisions"}],"predecessor-version":[{"id":23425,"href":"https:\/\/diarioprincipios.com\/index.php\/wp-json\/wp\/v2\/posts\/23420\/revisions\/23425"}],"wp:featuredmedia":[{"embeddable":true,"href":"https:\/\/diarioprincipios.com\/index.php\/wp-json\/wp\/v2\/media\/23424"}],"wp:attachment":[{"href":"https:\/\/diarioprincipios.com\/index.php\/wp-json\/wp\/v2\/media?parent=23420"}],"wp:term":[{"taxonomy":"category","embeddable":true,"href":"https:\/\/diarioprincipios.com\/index.php\/wp-json\/wp\/v2\/categories?post=23420"},{"taxonomy":"post_tag","embeddable":true,"href":"https:\/\/diarioprincipios.com\/index.php\/wp-json\/wp\/v2\/tags?post=23420"}],"curies":[{"name":"wp","href":"https:\/\/api.w.org\/{rel}","templated":true}]}}