{"id":23416,"date":"2024-10-30T13:27:14","date_gmt":"2024-10-30T16:27:14","guid":{"rendered":"http:\/\/diarioprincipios.com\/?p=23416"},"modified":"2024-10-30T13:27:17","modified_gmt":"2024-10-30T16:27:17","slug":"ya-se-puede-visitar-la-muestra-estimulo-de-la-escuela-municipal-de-ceramica","status":"publish","type":"post","link":"https:\/\/diarioprincipios.com\/index.php\/2024\/10\/30\/ya-se-puede-visitar-la-muestra-estimulo-de-la-escuela-municipal-de-ceramica\/","title":{"rendered":"Ya se puede visitar la Muestra Est\u00edmulo de la Escuela Municipal de Cer\u00e1mica"},"content":{"rendered":"\n<p><strong>Se est\u00e1 realizando la Muestra Est\u00edmulo de la Escuela Municipal de Cer\u00e1mica, en el Complejo Cultural Municipal Le\u00f3n F. Rigolleau. Se desarrollar\u00e1 hasta el jueves 7 de noviembre, de lunes a s\u00e1bados, de 16.00 a 20.00. Es organizada por la Municipalidad de Berazategui, con entrada libre y gratuita.<\/strong><br>La profesora del \u00e1rea de Cer\u00e1mica de la Secretar\u00eda de Cultura y Educaci\u00f3n municipal, Laura Bustos, inform\u00f3 al respecto: \u201cEn esta muestra se puede ver lo que hacemos durante todo el a\u00f1o, con trabajos en los que aplicamos diferentes t\u00e9cnicas y abordamos tem\u00e1ticas diversas. Las obras fueron hechas por estudiantes de la Escuela y de los talleres municipales, entre los que se encuentran vecinos y vecinas de todas las edades\u201d.<\/p>\n\n\n\n<figure class=\"wp-block-image size-large\"><img loading=\"lazy\" decoding=\"async\" width=\"1024\" height=\"731\" src=\"https:\/\/diarioprincipios.com\/wp-content\/uploads\/2024\/10\/COMENZO-LA-MUESTRA-ESTIMULO-DE-LA-ESCUELA-MUNICIPAL-DE-CERAMICA-1024x731.jpg\" alt=\"\" class=\"wp-image-23417\" srcset=\"https:\/\/diarioprincipios.com\/wp-content\/uploads\/2024\/10\/COMENZO-LA-MUESTRA-ESTIMULO-DE-LA-ESCUELA-MUNICIPAL-DE-CERAMICA-1024x731.jpg 1024w, https:\/\/diarioprincipios.com\/wp-content\/uploads\/2024\/10\/COMENZO-LA-MUESTRA-ESTIMULO-DE-LA-ESCUELA-MUNICIPAL-DE-CERAMICA-300x214.jpg 300w, https:\/\/diarioprincipios.com\/wp-content\/uploads\/2024\/10\/COMENZO-LA-MUESTRA-ESTIMULO-DE-LA-ESCUELA-MUNICIPAL-DE-CERAMICA-768x548.jpg 768w, https:\/\/diarioprincipios.com\/wp-content\/uploads\/2024\/10\/COMENZO-LA-MUESTRA-ESTIMULO-DE-LA-ESCUELA-MUNICIPAL-DE-CERAMICA-1536x1097.jpg 1536w, https:\/\/diarioprincipios.com\/wp-content\/uploads\/2024\/10\/COMENZO-LA-MUESTRA-ESTIMULO-DE-LA-ESCUELA-MUNICIPAL-DE-CERAMICA.jpg 1920w\" sizes=\"auto, (max-width: 1024px) 100vw, 1024px\" \/><\/figure>\n\n\n\n<p><br>Adem\u00e1s, indic\u00f3: \u201cEs una oportunidad ideal para acercarse, conocer y anotarse para participar de esta y de todas las propuestas culturales que ofrece la Municipalidad, por impulso del intendente Juan Jos\u00e9 Mussi\u201d.<br>La Escuela Municipal de Cer\u00e1mica funciona en Berazategui desde 1988. Ofrece una carrera de dos a\u00f1os para obtener el t\u00edtulo de T\u00e9cnico\/a ceramista, mediante una ense\u00f1anza organizada y sistem\u00e1tica de las t\u00e9cnicas cer\u00e1micas con un perfil t\u00e9cnico, artesanal y art\u00edstico. A su vez, capacita para la producci\u00f3n en serie orientada a una salida laboral. Se encuentra en el Complejo Cultural Municipal Le\u00f3n F. Rigolleau, donde tambi\u00e9n se dictan talleres de decoraci\u00f3n, mosaico y torno.<br>Para m\u00e1s informaci\u00f3n, se puede ingresar en\u00a0<a href=\"http:\/\/berazategui.gob.ar\/cultura\" target=\"_blank\" rel=\"noreferrer noopener\">berazategui.gob.ar\/cultura<\/a>.<\/p>\n","protected":false},"excerpt":{"rendered":"<p>Se est\u00e1 realizando la Muestra Est\u00edmulo de la Escuela Municipal de Cer\u00e1mica, en el Complejo Cultural Municipal Le\u00f3n F. Rigolleau. Se desarrollar\u00e1 hasta el jueves 7 de noviembre, de lunes a s\u00e1bados, de 16.00 a 20.00. Es organizada por la Municipalidad de Berazategui, con entrada libre y gratuita.La profesora del \u00e1rea de Cer\u00e1mica de la&#8230;<\/p>\n","protected":false},"author":2,"featured_media":23418,"comment_status":"open","ping_status":"open","sticky":false,"template":"","format":"standard","meta":{"footnotes":""},"categories":[3,19],"tags":[],"class_list":["post-23416","post","type-post","status-publish","format-standard","has-post-thumbnail","hentry","category-berazategui","category-cultura-educacion"],"featured_image_src":"https:\/\/diarioprincipios.com\/wp-content\/uploads\/2024\/10\/COMENZO-LA-MUESTRA-ESTIMULO-DE-LA-ESCUELA-MUNICIPAL-DE-CERAMICA-1-1024x731.jpg","blog_images":{"medium":"https:\/\/diarioprincipios.com\/wp-content\/uploads\/2024\/10\/COMENZO-LA-MUESTRA-ESTIMULO-DE-LA-ESCUELA-MUNICIPAL-DE-CERAMICA-1-300x214.jpg","large":"https:\/\/diarioprincipios.com\/wp-content\/uploads\/2024\/10\/COMENZO-LA-MUESTRA-ESTIMULO-DE-LA-ESCUELA-MUNICIPAL-DE-CERAMICA-1-1024x731.jpg"},"ams_acf":[],"yoast_head":"<!-- This site is optimized with the Yoast SEO plugin v27.3 - https:\/\/yoast.com\/product\/yoast-seo-wordpress\/ -->\n<title>Ya se puede visitar la Muestra Est\u00edmulo de la Escuela Municipal de Cer\u00e1mica - Principios<\/title>\n<meta name=\"robots\" content=\"index, follow, max-snippet:-1, max-image-preview:large, max-video-preview:-1\" \/>\n<link rel=\"canonical\" href=\"https:\/\/diarioprincipios.com\/index.php\/2024\/10\/30\/ya-se-puede-visitar-la-muestra-estimulo-de-la-escuela-municipal-de-ceramica\/\" \/>\n<meta property=\"og:locale\" content=\"es_ES\" \/>\n<meta property=\"og:type\" content=\"article\" \/>\n<meta property=\"og:title\" content=\"Ya se puede visitar la Muestra Est\u00edmulo de la Escuela Municipal de Cer\u00e1mica - Principios\" \/>\n<meta property=\"og:description\" content=\"Se est\u00e1 realizando la Muestra Est\u00edmulo de la Escuela Municipal de Cer\u00e1mica, en el Complejo Cultural Municipal Le\u00f3n F. Rigolleau. Se desarrollar\u00e1 hasta el jueves 7 de noviembre, de lunes a s\u00e1bados, de 16.00 a 20.00. Es organizada por la Municipalidad de Berazategui, con entrada libre y gratuita.La profesora del \u00e1rea de Cer\u00e1mica de la...\" \/>\n<meta property=\"og:url\" content=\"https:\/\/diarioprincipios.com\/index.php\/2024\/10\/30\/ya-se-puede-visitar-la-muestra-estimulo-de-la-escuela-municipal-de-ceramica\/\" \/>\n<meta property=\"og:site_name\" content=\"Principios\" \/>\n<meta property=\"article:published_time\" content=\"2024-10-30T16:27:14+00:00\" \/>\n<meta property=\"article:modified_time\" content=\"2024-10-30T16:27:17+00:00\" \/>\n<meta property=\"og:image\" content=\"https:\/\/diarioprincipios.com\/wp-content\/uploads\/2024\/10\/COMENZO-LA-MUESTRA-ESTIMULO-DE-LA-ESCUELA-MUNICIPAL-DE-CERAMICA-1.jpg\" \/>\n\t<meta property=\"og:image:width\" content=\"1920\" \/>\n\t<meta property=\"og:image:height\" content=\"1371\" \/>\n\t<meta property=\"og:image:type\" content=\"image\/jpeg\" \/>\n<meta name=\"author\" content=\"Hern\u00e1n L\u00f3pez\" \/>\n<meta name=\"twitter:card\" content=\"summary_large_image\" \/>\n<meta name=\"twitter:label1\" content=\"Escrito por\" \/>\n\t<meta name=\"twitter:data1\" content=\"Hern\u00e1n L\u00f3pez\" \/>\n\t<meta name=\"twitter:label2\" content=\"Tiempo de lectura\" \/>\n\t<meta name=\"twitter:data2\" content=\"2 minutos\" \/>\n<script type=\"application\/ld+json\" class=\"yoast-schema-graph\">{\"@context\":\"https:\\\/\\\/schema.org\",\"@graph\":[{\"@type\":\"Article\",\"@id\":\"https:\\\/\\\/diarioprincipios.com\\\/index.php\\\/2024\\\/10\\\/30\\\/ya-se-puede-visitar-la-muestra-estimulo-de-la-escuela-municipal-de-ceramica\\\/#article\",\"isPartOf\":{\"@id\":\"https:\\\/\\\/diarioprincipios.com\\\/index.php\\\/2024\\\/10\\\/30\\\/ya-se-puede-visitar-la-muestra-estimulo-de-la-escuela-municipal-de-ceramica\\\/\"},\"author\":{\"name\":\"Hern\u00e1n L\u00f3pez\",\"@id\":\"https:\\\/\\\/diarioprincipios.com\\\/#\\\/schema\\\/person\\\/436d5a1fd41a5e250e23ff5a6a7cb080\"},\"headline\":\"Ya se puede visitar la Muestra Est\u00edmulo de la Escuela Municipal de Cer\u00e1mica\",\"datePublished\":\"2024-10-30T16:27:14+00:00\",\"dateModified\":\"2024-10-30T16:27:17+00:00\",\"mainEntityOfPage\":{\"@id\":\"https:\\\/\\\/diarioprincipios.com\\\/index.php\\\/2024\\\/10\\\/30\\\/ya-se-puede-visitar-la-muestra-estimulo-de-la-escuela-municipal-de-ceramica\\\/\"},\"wordCount\":274,\"commentCount\":0,\"publisher\":{\"@id\":\"https:\\\/\\\/diarioprincipios.com\\\/#organization\"},\"image\":{\"@id\":\"https:\\\/\\\/diarioprincipios.com\\\/index.php\\\/2024\\\/10\\\/30\\\/ya-se-puede-visitar-la-muestra-estimulo-de-la-escuela-municipal-de-ceramica\\\/#primaryimage\"},\"thumbnailUrl\":\"https:\\\/\\\/diarioprincipios.com\\\/wp-content\\\/uploads\\\/2024\\\/10\\\/COMENZO-LA-MUESTRA-ESTIMULO-DE-LA-ESCUELA-MUNICIPAL-DE-CERAMICA-1.jpg\",\"articleSection\":[\"Berazategui\",\"Cultura y Educaci\u00f3n\"],\"inLanguage\":\"es\",\"potentialAction\":[{\"@type\":\"CommentAction\",\"name\":\"Comment\",\"target\":[\"https:\\\/\\\/diarioprincipios.com\\\/index.php\\\/2024\\\/10\\\/30\\\/ya-se-puede-visitar-la-muestra-estimulo-de-la-escuela-municipal-de-ceramica\\\/#respond\"]}]},{\"@type\":\"WebPage\",\"@id\":\"https:\\\/\\\/diarioprincipios.com\\\/index.php\\\/2024\\\/10\\\/30\\\/ya-se-puede-visitar-la-muestra-estimulo-de-la-escuela-municipal-de-ceramica\\\/\",\"url\":\"https:\\\/\\\/diarioprincipios.com\\\/index.php\\\/2024\\\/10\\\/30\\\/ya-se-puede-visitar-la-muestra-estimulo-de-la-escuela-municipal-de-ceramica\\\/\",\"name\":\"Ya se puede visitar la Muestra Est\u00edmulo de la Escuela Municipal de Cer\u00e1mica - Principios\",\"isPartOf\":{\"@id\":\"https:\\\/\\\/diarioprincipios.com\\\/#website\"},\"primaryImageOfPage\":{\"@id\":\"https:\\\/\\\/diarioprincipios.com\\\/index.php\\\/2024\\\/10\\\/30\\\/ya-se-puede-visitar-la-muestra-estimulo-de-la-escuela-municipal-de-ceramica\\\/#primaryimage\"},\"image\":{\"@id\":\"https:\\\/\\\/diarioprincipios.com\\\/index.php\\\/2024\\\/10\\\/30\\\/ya-se-puede-visitar-la-muestra-estimulo-de-la-escuela-municipal-de-ceramica\\\/#primaryimage\"},\"thumbnailUrl\":\"https:\\\/\\\/diarioprincipios.com\\\/wp-content\\\/uploads\\\/2024\\\/10\\\/COMENZO-LA-MUESTRA-ESTIMULO-DE-LA-ESCUELA-MUNICIPAL-DE-CERAMICA-1.jpg\",\"datePublished\":\"2024-10-30T16:27:14+00:00\",\"dateModified\":\"2024-10-30T16:27:17+00:00\",\"breadcrumb\":{\"@id\":\"https:\\\/\\\/diarioprincipios.com\\\/index.php\\\/2024\\\/10\\\/30\\\/ya-se-puede-visitar-la-muestra-estimulo-de-la-escuela-municipal-de-ceramica\\\/#breadcrumb\"},\"inLanguage\":\"es\",\"potentialAction\":[{\"@type\":\"ReadAction\",\"target\":[\"https:\\\/\\\/diarioprincipios.com\\\/index.php\\\/2024\\\/10\\\/30\\\/ya-se-puede-visitar-la-muestra-estimulo-de-la-escuela-municipal-de-ceramica\\\/\"]}]},{\"@type\":\"ImageObject\",\"inLanguage\":\"es\",\"@id\":\"https:\\\/\\\/diarioprincipios.com\\\/index.php\\\/2024\\\/10\\\/30\\\/ya-se-puede-visitar-la-muestra-estimulo-de-la-escuela-municipal-de-ceramica\\\/#primaryimage\",\"url\":\"https:\\\/\\\/diarioprincipios.com\\\/wp-content\\\/uploads\\\/2024\\\/10\\\/COMENZO-LA-MUESTRA-ESTIMULO-DE-LA-ESCUELA-MUNICIPAL-DE-CERAMICA-1.jpg\",\"contentUrl\":\"https:\\\/\\\/diarioprincipios.com\\\/wp-content\\\/uploads\\\/2024\\\/10\\\/COMENZO-LA-MUESTRA-ESTIMULO-DE-LA-ESCUELA-MUNICIPAL-DE-CERAMICA-1.jpg\",\"width\":1920,\"height\":1371},{\"@type\":\"BreadcrumbList\",\"@id\":\"https:\\\/\\\/diarioprincipios.com\\\/index.php\\\/2024\\\/10\\\/30\\\/ya-se-puede-visitar-la-muestra-estimulo-de-la-escuela-municipal-de-ceramica\\\/#breadcrumb\",\"itemListElement\":[{\"@type\":\"ListItem\",\"position\":1,\"name\":\"Portada\",\"item\":\"https:\\\/\\\/diarioprincipios.com\\\/\"},{\"@type\":\"ListItem\",\"position\":2,\"name\":\"Ya se puede visitar la Muestra Est\u00edmulo de la Escuela Municipal de Cer\u00e1mica\"}]},{\"@type\":\"WebSite\",\"@id\":\"https:\\\/\\\/diarioprincipios.com\\\/#website\",\"url\":\"https:\\\/\\\/diarioprincipios.com\\\/\",\"name\":\"Principios\",\"description\":\"Principios Diario\",\"publisher\":{\"@id\":\"https:\\\/\\\/diarioprincipios.com\\\/#organization\"},\"potentialAction\":[{\"@type\":\"SearchAction\",\"target\":{\"@type\":\"EntryPoint\",\"urlTemplate\":\"https:\\\/\\\/diarioprincipios.com\\\/?s={search_term_string}\"},\"query-input\":{\"@type\":\"PropertyValueSpecification\",\"valueRequired\":true,\"valueName\":\"search_term_string\"}}],\"inLanguage\":\"es\"},{\"@type\":\"Organization\",\"@id\":\"https:\\\/\\\/diarioprincipios.com\\\/#organization\",\"name\":\"Principios\",\"url\":\"https:\\\/\\\/diarioprincipios.com\\\/\",\"logo\":{\"@type\":\"ImageObject\",\"inLanguage\":\"es\",\"@id\":\"https:\\\/\\\/diarioprincipios.com\\\/#\\\/schema\\\/logo\\\/image\\\/\",\"url\":\"https:\\\/\\\/diarioprincipios.com\\\/wp-content\\\/uploads\\\/2024\\\/04\\\/cropped-www.diarioprincipios.com_-1.png\",\"contentUrl\":\"https:\\\/\\\/diarioprincipios.com\\\/wp-content\\\/uploads\\\/2024\\\/04\\\/cropped-www.diarioprincipios.com_-1.png\",\"width\":5325,\"height\":1454,\"caption\":\"Principios\"},\"image\":{\"@id\":\"https:\\\/\\\/diarioprincipios.com\\\/#\\\/schema\\\/logo\\\/image\\\/\"}},{\"@type\":\"Person\",\"@id\":\"https:\\\/\\\/diarioprincipios.com\\\/#\\\/schema\\\/person\\\/436d5a1fd41a5e250e23ff5a6a7cb080\",\"name\":\"Hern\u00e1n L\u00f3pez\",\"image\":{\"@type\":\"ImageObject\",\"inLanguage\":\"es\",\"@id\":\"https:\\\/\\\/diarioprincipios.com\\\/wp-content\\\/litespeed\\\/avatar\\\/11ddfe5610ff3bd100522525b2571f48.jpg?ver=1777048341\",\"url\":\"https:\\\/\\\/diarioprincipios.com\\\/wp-content\\\/litespeed\\\/avatar\\\/11ddfe5610ff3bd100522525b2571f48.jpg?ver=1777048341\",\"contentUrl\":\"https:\\\/\\\/diarioprincipios.com\\\/wp-content\\\/litespeed\\\/avatar\\\/11ddfe5610ff3bd100522525b2571f48.jpg?ver=1777048341\",\"caption\":\"Hern\u00e1n L\u00f3pez\"},\"url\":\"https:\\\/\\\/diarioprincipios.com\\\/index.php\\\/author\\\/hernan\\\/\"}]}<\/script>\n<!-- \/ Yoast SEO plugin. -->","yoast_head_json":{"title":"Ya se puede visitar la Muestra Est\u00edmulo de la Escuela Municipal de Cer\u00e1mica - Principios","robots":{"index":"index","follow":"follow","max-snippet":"max-snippet:-1","max-image-preview":"max-image-preview:large","max-video-preview":"max-video-preview:-1"},"canonical":"https:\/\/diarioprincipios.com\/index.php\/2024\/10\/30\/ya-se-puede-visitar-la-muestra-estimulo-de-la-escuela-municipal-de-ceramica\/","og_locale":"es_ES","og_type":"article","og_title":"Ya se puede visitar la Muestra Est\u00edmulo de la Escuela Municipal de Cer\u00e1mica - Principios","og_description":"Se est\u00e1 realizando la Muestra Est\u00edmulo de la Escuela Municipal de Cer\u00e1mica, en el Complejo Cultural Municipal Le\u00f3n F. Rigolleau. Se desarrollar\u00e1 hasta el jueves 7 de noviembre, de lunes a s\u00e1bados, de 16.00 a 20.00. Es organizada por la Municipalidad de Berazategui, con entrada libre y gratuita.La profesora del \u00e1rea de Cer\u00e1mica de la...","og_url":"https:\/\/diarioprincipios.com\/index.php\/2024\/10\/30\/ya-se-puede-visitar-la-muestra-estimulo-de-la-escuela-municipal-de-ceramica\/","og_site_name":"Principios","article_published_time":"2024-10-30T16:27:14+00:00","article_modified_time":"2024-10-30T16:27:17+00:00","og_image":[{"width":1920,"height":1371,"url":"https:\/\/diarioprincipios.com\/wp-content\/uploads\/2024\/10\/COMENZO-LA-MUESTRA-ESTIMULO-DE-LA-ESCUELA-MUNICIPAL-DE-CERAMICA-1.jpg","type":"image\/jpeg"}],"author":"Hern\u00e1n L\u00f3pez","twitter_card":"summary_large_image","twitter_misc":{"Escrito por":"Hern\u00e1n L\u00f3pez","Tiempo de lectura":"2 minutos"},"schema":{"@context":"https:\/\/schema.org","@graph":[{"@type":"Article","@id":"https:\/\/diarioprincipios.com\/index.php\/2024\/10\/30\/ya-se-puede-visitar-la-muestra-estimulo-de-la-escuela-municipal-de-ceramica\/#article","isPartOf":{"@id":"https:\/\/diarioprincipios.com\/index.php\/2024\/10\/30\/ya-se-puede-visitar-la-muestra-estimulo-de-la-escuela-municipal-de-ceramica\/"},"author":{"name":"Hern\u00e1n L\u00f3pez","@id":"https:\/\/diarioprincipios.com\/#\/schema\/person\/436d5a1fd41a5e250e23ff5a6a7cb080"},"headline":"Ya se puede visitar la Muestra Est\u00edmulo de la Escuela Municipal de Cer\u00e1mica","datePublished":"2024-10-30T16:27:14+00:00","dateModified":"2024-10-30T16:27:17+00:00","mainEntityOfPage":{"@id":"https:\/\/diarioprincipios.com\/index.php\/2024\/10\/30\/ya-se-puede-visitar-la-muestra-estimulo-de-la-escuela-municipal-de-ceramica\/"},"wordCount":274,"commentCount":0,"publisher":{"@id":"https:\/\/diarioprincipios.com\/#organization"},"image":{"@id":"https:\/\/diarioprincipios.com\/index.php\/2024\/10\/30\/ya-se-puede-visitar-la-muestra-estimulo-de-la-escuela-municipal-de-ceramica\/#primaryimage"},"thumbnailUrl":"https:\/\/diarioprincipios.com\/wp-content\/uploads\/2024\/10\/COMENZO-LA-MUESTRA-ESTIMULO-DE-LA-ESCUELA-MUNICIPAL-DE-CERAMICA-1.jpg","articleSection":["Berazategui","Cultura y Educaci\u00f3n"],"inLanguage":"es","potentialAction":[{"@type":"CommentAction","name":"Comment","target":["https:\/\/diarioprincipios.com\/index.php\/2024\/10\/30\/ya-se-puede-visitar-la-muestra-estimulo-de-la-escuela-municipal-de-ceramica\/#respond"]}]},{"@type":"WebPage","@id":"https:\/\/diarioprincipios.com\/index.php\/2024\/10\/30\/ya-se-puede-visitar-la-muestra-estimulo-de-la-escuela-municipal-de-ceramica\/","url":"https:\/\/diarioprincipios.com\/index.php\/2024\/10\/30\/ya-se-puede-visitar-la-muestra-estimulo-de-la-escuela-municipal-de-ceramica\/","name":"Ya se puede visitar la Muestra Est\u00edmulo de la Escuela Municipal de Cer\u00e1mica - Principios","isPartOf":{"@id":"https:\/\/diarioprincipios.com\/#website"},"primaryImageOfPage":{"@id":"https:\/\/diarioprincipios.com\/index.php\/2024\/10\/30\/ya-se-puede-visitar-la-muestra-estimulo-de-la-escuela-municipal-de-ceramica\/#primaryimage"},"image":{"@id":"https:\/\/diarioprincipios.com\/index.php\/2024\/10\/30\/ya-se-puede-visitar-la-muestra-estimulo-de-la-escuela-municipal-de-ceramica\/#primaryimage"},"thumbnailUrl":"https:\/\/diarioprincipios.com\/wp-content\/uploads\/2024\/10\/COMENZO-LA-MUESTRA-ESTIMULO-DE-LA-ESCUELA-MUNICIPAL-DE-CERAMICA-1.jpg","datePublished":"2024-10-30T16:27:14+00:00","dateModified":"2024-10-30T16:27:17+00:00","breadcrumb":{"@id":"https:\/\/diarioprincipios.com\/index.php\/2024\/10\/30\/ya-se-puede-visitar-la-muestra-estimulo-de-la-escuela-municipal-de-ceramica\/#breadcrumb"},"inLanguage":"es","potentialAction":[{"@type":"ReadAction","target":["https:\/\/diarioprincipios.com\/index.php\/2024\/10\/30\/ya-se-puede-visitar-la-muestra-estimulo-de-la-escuela-municipal-de-ceramica\/"]}]},{"@type":"ImageObject","inLanguage":"es","@id":"https:\/\/diarioprincipios.com\/index.php\/2024\/10\/30\/ya-se-puede-visitar-la-muestra-estimulo-de-la-escuela-municipal-de-ceramica\/#primaryimage","url":"https:\/\/diarioprincipios.com\/wp-content\/uploads\/2024\/10\/COMENZO-LA-MUESTRA-ESTIMULO-DE-LA-ESCUELA-MUNICIPAL-DE-CERAMICA-1.jpg","contentUrl":"https:\/\/diarioprincipios.com\/wp-content\/uploads\/2024\/10\/COMENZO-LA-MUESTRA-ESTIMULO-DE-LA-ESCUELA-MUNICIPAL-DE-CERAMICA-1.jpg","width":1920,"height":1371},{"@type":"BreadcrumbList","@id":"https:\/\/diarioprincipios.com\/index.php\/2024\/10\/30\/ya-se-puede-visitar-la-muestra-estimulo-de-la-escuela-municipal-de-ceramica\/#breadcrumb","itemListElement":[{"@type":"ListItem","position":1,"name":"Portada","item":"https:\/\/diarioprincipios.com\/"},{"@type":"ListItem","position":2,"name":"Ya se puede visitar la Muestra Est\u00edmulo de la Escuela Municipal de Cer\u00e1mica"}]},{"@type":"WebSite","@id":"https:\/\/diarioprincipios.com\/#website","url":"https:\/\/diarioprincipios.com\/","name":"Principios","description":"Principios Diario","publisher":{"@id":"https:\/\/diarioprincipios.com\/#organization"},"potentialAction":[{"@type":"SearchAction","target":{"@type":"EntryPoint","urlTemplate":"https:\/\/diarioprincipios.com\/?s={search_term_string}"},"query-input":{"@type":"PropertyValueSpecification","valueRequired":true,"valueName":"search_term_string"}}],"inLanguage":"es"},{"@type":"Organization","@id":"https:\/\/diarioprincipios.com\/#organization","name":"Principios","url":"https:\/\/diarioprincipios.com\/","logo":{"@type":"ImageObject","inLanguage":"es","@id":"https:\/\/diarioprincipios.com\/#\/schema\/logo\/image\/","url":"https:\/\/diarioprincipios.com\/wp-content\/uploads\/2024\/04\/cropped-www.diarioprincipios.com_-1.png","contentUrl":"https:\/\/diarioprincipios.com\/wp-content\/uploads\/2024\/04\/cropped-www.diarioprincipios.com_-1.png","width":5325,"height":1454,"caption":"Principios"},"image":{"@id":"https:\/\/diarioprincipios.com\/#\/schema\/logo\/image\/"}},{"@type":"Person","@id":"https:\/\/diarioprincipios.com\/#\/schema\/person\/436d5a1fd41a5e250e23ff5a6a7cb080","name":"Hern\u00e1n L\u00f3pez","image":{"@type":"ImageObject","inLanguage":"es","@id":"https:\/\/diarioprincipios.com\/wp-content\/litespeed\/avatar\/11ddfe5610ff3bd100522525b2571f48.jpg?ver=1777048341","url":"https:\/\/diarioprincipios.com\/wp-content\/litespeed\/avatar\/11ddfe5610ff3bd100522525b2571f48.jpg?ver=1777048341","contentUrl":"https:\/\/diarioprincipios.com\/wp-content\/litespeed\/avatar\/11ddfe5610ff3bd100522525b2571f48.jpg?ver=1777048341","caption":"Hern\u00e1n L\u00f3pez"},"url":"https:\/\/diarioprincipios.com\/index.php\/author\/hernan\/"}]}},"jetpack_featured_media_url":"https:\/\/diarioprincipios.com\/wp-content\/uploads\/2024\/10\/COMENZO-LA-MUESTRA-ESTIMULO-DE-LA-ESCUELA-MUNICIPAL-DE-CERAMICA-1.jpg","_links":{"self":[{"href":"https:\/\/diarioprincipios.com\/index.php\/wp-json\/wp\/v2\/posts\/23416","targetHints":{"allow":["GET"]}}],"collection":[{"href":"https:\/\/diarioprincipios.com\/index.php\/wp-json\/wp\/v2\/posts"}],"about":[{"href":"https:\/\/diarioprincipios.com\/index.php\/wp-json\/wp\/v2\/types\/post"}],"author":[{"embeddable":true,"href":"https:\/\/diarioprincipios.com\/index.php\/wp-json\/wp\/v2\/users\/2"}],"replies":[{"embeddable":true,"href":"https:\/\/diarioprincipios.com\/index.php\/wp-json\/wp\/v2\/comments?post=23416"}],"version-history":[{"count":1,"href":"https:\/\/diarioprincipios.com\/index.php\/wp-json\/wp\/v2\/posts\/23416\/revisions"}],"predecessor-version":[{"id":23419,"href":"https:\/\/diarioprincipios.com\/index.php\/wp-json\/wp\/v2\/posts\/23416\/revisions\/23419"}],"wp:featuredmedia":[{"embeddable":true,"href":"https:\/\/diarioprincipios.com\/index.php\/wp-json\/wp\/v2\/media\/23418"}],"wp:attachment":[{"href":"https:\/\/diarioprincipios.com\/index.php\/wp-json\/wp\/v2\/media?parent=23416"}],"wp:term":[{"taxonomy":"category","embeddable":true,"href":"https:\/\/diarioprincipios.com\/index.php\/wp-json\/wp\/v2\/categories?post=23416"},{"taxonomy":"post_tag","embeddable":true,"href":"https:\/\/diarioprincipios.com\/index.php\/wp-json\/wp\/v2\/tags?post=23416"}],"curies":[{"name":"wp","href":"https:\/\/api.w.org\/{rel}","templated":true}]}}