{"id":23380,"date":"2024-10-25T10:32:46","date_gmt":"2024-10-25T13:32:46","guid":{"rendered":"http:\/\/diarioprincipios.com\/?p=23380"},"modified":"2024-10-25T10:32:49","modified_gmt":"2024-10-25T13:32:49","slug":"jornada-de-prevencion-y-concientizacion-del-cancer-de-mama","status":"publish","type":"post","link":"https:\/\/diarioprincipios.com\/index.php\/2024\/10\/25\/jornada-de-prevencion-y-concientizacion-del-cancer-de-mama\/","title":{"rendered":"Jornada de Prevenci\u00f3n y Concientizaci\u00f3n del C\u00e1ncer de Mama"},"content":{"rendered":"\n<p><strong>Como todos los a\u00f1os, se realizar\u00e1 una jornada y una caminata por el Mes de Lucha contra el C\u00e1ncer de Mama, con el objetivo de prevenir y concientizar sobre esta enfermedad. Ser\u00e1 este s\u00e1bado 26 de octubre, en la Plaza San Mart\u00edn (Av. Mitre y 7), a las 16.00. Habr\u00e1 distintas actividades para toda la familia, una muestra de los cooperadores escolares del distrito y se presentar\u00e1 la Orquesta Escuela Municipal. Se suspende en caso de lluvia.<\/strong><\/p>\n\n\n\n<p>El evento es impulsado por el Municipio de Berazategui -a cargo de Juan Jos\u00e9 Mussi-, junto a la Asociaci\u00f3n Berazateguenses Prevenci\u00f3n CAMAMAS y el Honorable Concejo Deliberante.<\/p>\n\n\n\n<figure class=\"wp-block-image size-large\"><img loading=\"lazy\" decoding=\"async\" width=\"1024\" height=\"683\" src=\"https:\/\/diarioprincipios.com\/wp-content\/uploads\/2024\/10\/JORNADA-DE-PREVENCION-Y-CONCIENTIZACION-DEL-CANCER-DE-MAMA-1-1-1024x683.jpg\" alt=\"\" class=\"wp-image-23381\" srcset=\"https:\/\/diarioprincipios.com\/wp-content\/uploads\/2024\/10\/JORNADA-DE-PREVENCION-Y-CONCIENTIZACION-DEL-CANCER-DE-MAMA-1-1-1024x683.jpg 1024w, https:\/\/diarioprincipios.com\/wp-content\/uploads\/2024\/10\/JORNADA-DE-PREVENCION-Y-CONCIENTIZACION-DEL-CANCER-DE-MAMA-1-1-300x200.jpg 300w, https:\/\/diarioprincipios.com\/wp-content\/uploads\/2024\/10\/JORNADA-DE-PREVENCION-Y-CONCIENTIZACION-DEL-CANCER-DE-MAMA-1-1-768x512.jpg 768w, https:\/\/diarioprincipios.com\/wp-content\/uploads\/2024\/10\/JORNADA-DE-PREVENCION-Y-CONCIENTIZACION-DEL-CANCER-DE-MAMA-1-1-1536x1025.jpg 1536w, https:\/\/diarioprincipios.com\/wp-content\/uploads\/2024\/10\/JORNADA-DE-PREVENCION-Y-CONCIENTIZACION-DEL-CANCER-DE-MAMA-1-1-600x400.jpg 600w, https:\/\/diarioprincipios.com\/wp-content\/uploads\/2024\/10\/JORNADA-DE-PREVENCION-Y-CONCIENTIZACION-DEL-CANCER-DE-MAMA-1-1.jpg 1920w\" sizes=\"auto, (max-width: 1024px) 100vw, 1024px\" \/><\/figure>\n\n\n\n<p>\u201cComo cada octubre, realizaremos la jornada en Plaza San Mart\u00edn para pasarla bien y concientizar sobre el c\u00e1ncer de mama. El objetivo es dar a conocer la enfermedad y que las asistentes puedan acceder a un turno para realizarse una mamograf\u00eda\u201d, explic\u00f3 la presidenta de CAMAMAS, Gilda Iezzi.<\/p>\n\n\n\n<p>Por su parte, la Dra. Estela Valiente -directora del \u00e1rea de Materno Infantil de la Secretar\u00eda de Salud municipal- afirm\u00f3: \u201cUna vez m\u00e1s acompa\u00f1amos a CAMAMAS en algo clave como la prevenci\u00f3n del c\u00e1ncer de mama. Se hace en octubre porque el 19 de este mes es el D\u00eda Mundial de la Lucha contra el C\u00e1ncer de Mama. Este es un tipo de c\u00e1ncer que, si se detecta a tiempo, se puede curar. Por eso es tan importante la prevenci\u00f3n\u201d.<\/p>\n\n\n\n<p>Durante la jornada, adem\u00e1s, se brindar\u00e1n las siguientes propuestas:<\/p>\n\n\n\n<p>-Asesoramiento e informaci\u00f3n sobre el c\u00e1ncer de mama.<\/p>\n\n\n\n<p>-Turnos para mamograf\u00edas.<\/p>\n\n\n\n<p>-Actividades recreativas, coreos de zumba, etc.<\/p>\n\n\n\n<p>-Stand de trenzas.<\/p>\n\n\n\n<p>-Radio abierta.<\/p>\n\n\n\n<p>-Stand de micropigmentaci\u00f3n: reconstrucci\u00f3n de pez\u00f3n. Informaci\u00f3n y asesoramiento.<\/p>\n\n\n\n<p>-Stand para estampar remeras y bandanas y el m\u00f3vil de Cultura Colectiva.<\/p>\n","protected":false},"excerpt":{"rendered":"<p>Como todos los a\u00f1os, se realizar\u00e1 una jornada y una caminata por el Mes de Lucha contra el C\u00e1ncer de Mama, con el objetivo de prevenir y concientizar sobre esta enfermedad. Ser\u00e1 este s\u00e1bado 26 de octubre, en la Plaza San Mart\u00edn (Av. Mitre y 7), a las 16.00. Habr\u00e1 distintas actividades para toda la&#8230;<\/p>\n","protected":false},"author":2,"featured_media":23382,"comment_status":"open","ping_status":"open","sticky":false,"template":"","format":"standard","meta":{"footnotes":""},"categories":[3,20],"tags":[],"class_list":["post-23380","post","type-post","status-publish","format-standard","has-post-thumbnail","hentry","category-berazategui","category-salud-ambiente"],"featured_image_src":"https:\/\/diarioprincipios.com\/wp-content\/uploads\/2024\/10\/JORNADA-DE-PREVENCION-Y-CONCIENTIZACION-DEL-CANCER-DE-MAMA-3-1-1024x683.jpg","blog_images":{"medium":"https:\/\/diarioprincipios.com\/wp-content\/uploads\/2024\/10\/JORNADA-DE-PREVENCION-Y-CONCIENTIZACION-DEL-CANCER-DE-MAMA-3-1-300x200.jpg","large":"https:\/\/diarioprincipios.com\/wp-content\/uploads\/2024\/10\/JORNADA-DE-PREVENCION-Y-CONCIENTIZACION-DEL-CANCER-DE-MAMA-3-1-1024x683.jpg"},"ams_acf":[],"yoast_head":"<!-- This site is optimized with the Yoast SEO plugin v27.3 - https:\/\/yoast.com\/product\/yoast-seo-wordpress\/ -->\n<title>Jornada de Prevenci\u00f3n y Concientizaci\u00f3n del C\u00e1ncer de Mama - Principios<\/title>\n<meta name=\"robots\" content=\"index, follow, max-snippet:-1, max-image-preview:large, max-video-preview:-1\" \/>\n<link rel=\"canonical\" href=\"https:\/\/diarioprincipios.com\/index.php\/2024\/10\/25\/jornada-de-prevencion-y-concientizacion-del-cancer-de-mama\/\" \/>\n<meta property=\"og:locale\" content=\"es_ES\" \/>\n<meta property=\"og:type\" content=\"article\" \/>\n<meta property=\"og:title\" content=\"Jornada de Prevenci\u00f3n y Concientizaci\u00f3n del C\u00e1ncer de Mama - Principios\" \/>\n<meta property=\"og:description\" content=\"Como todos los a\u00f1os, se realizar\u00e1 una jornada y una caminata por el Mes de Lucha contra el C\u00e1ncer de Mama, con el objetivo de prevenir y concientizar sobre esta enfermedad. Ser\u00e1 este s\u00e1bado 26 de octubre, en la Plaza San Mart\u00edn (Av. Mitre y 7), a las 16.00. Habr\u00e1 distintas actividades para toda la...\" \/>\n<meta property=\"og:url\" content=\"https:\/\/diarioprincipios.com\/index.php\/2024\/10\/25\/jornada-de-prevencion-y-concientizacion-del-cancer-de-mama\/\" \/>\n<meta property=\"og:site_name\" content=\"Principios\" \/>\n<meta property=\"article:published_time\" content=\"2024-10-25T13:32:46+00:00\" \/>\n<meta property=\"article:modified_time\" content=\"2024-10-25T13:32:49+00:00\" \/>\n<meta property=\"og:image\" content=\"https:\/\/diarioprincipios.com\/wp-content\/uploads\/2024\/10\/JORNADA-DE-PREVENCION-Y-CONCIENTIZACION-DEL-CANCER-DE-MAMA-3-1.jpg\" \/>\n\t<meta property=\"og:image:width\" content=\"1920\" \/>\n\t<meta property=\"og:image:height\" content=\"1281\" \/>\n\t<meta property=\"og:image:type\" content=\"image\/jpeg\" \/>\n<meta name=\"author\" content=\"Hern\u00e1n L\u00f3pez\" \/>\n<meta name=\"twitter:card\" content=\"summary_large_image\" \/>\n<meta name=\"twitter:label1\" content=\"Escrito por\" \/>\n\t<meta name=\"twitter:data1\" content=\"Hern\u00e1n L\u00f3pez\" \/>\n\t<meta name=\"twitter:label2\" content=\"Tiempo de lectura\" \/>\n\t<meta name=\"twitter:data2\" content=\"2 minutos\" \/>\n<script type=\"application\/ld+json\" class=\"yoast-schema-graph\">{\"@context\":\"https:\\\/\\\/schema.org\",\"@graph\":[{\"@type\":\"Article\",\"@id\":\"https:\\\/\\\/diarioprincipios.com\\\/index.php\\\/2024\\\/10\\\/25\\\/jornada-de-prevencion-y-concientizacion-del-cancer-de-mama\\\/#article\",\"isPartOf\":{\"@id\":\"https:\\\/\\\/diarioprincipios.com\\\/index.php\\\/2024\\\/10\\\/25\\\/jornada-de-prevencion-y-concientizacion-del-cancer-de-mama\\\/\"},\"author\":{\"name\":\"Hern\u00e1n L\u00f3pez\",\"@id\":\"https:\\\/\\\/diarioprincipios.com\\\/#\\\/schema\\\/person\\\/436d5a1fd41a5e250e23ff5a6a7cb080\"},\"headline\":\"Jornada de Prevenci\u00f3n y Concientizaci\u00f3n del C\u00e1ncer de Mama\",\"datePublished\":\"2024-10-25T13:32:46+00:00\",\"dateModified\":\"2024-10-25T13:32:49+00:00\",\"mainEntityOfPage\":{\"@id\":\"https:\\\/\\\/diarioprincipios.com\\\/index.php\\\/2024\\\/10\\\/25\\\/jornada-de-prevencion-y-concientizacion-del-cancer-de-mama\\\/\"},\"wordCount\":320,\"commentCount\":0,\"publisher\":{\"@id\":\"https:\\\/\\\/diarioprincipios.com\\\/#organization\"},\"image\":{\"@id\":\"https:\\\/\\\/diarioprincipios.com\\\/index.php\\\/2024\\\/10\\\/25\\\/jornada-de-prevencion-y-concientizacion-del-cancer-de-mama\\\/#primaryimage\"},\"thumbnailUrl\":\"https:\\\/\\\/diarioprincipios.com\\\/wp-content\\\/uploads\\\/2024\\\/10\\\/JORNADA-DE-PREVENCION-Y-CONCIENTIZACION-DEL-CANCER-DE-MAMA-3-1.jpg\",\"articleSection\":[\"Berazategui\",\"Salud y Ambiente\"],\"inLanguage\":\"es\",\"potentialAction\":[{\"@type\":\"CommentAction\",\"name\":\"Comment\",\"target\":[\"https:\\\/\\\/diarioprincipios.com\\\/index.php\\\/2024\\\/10\\\/25\\\/jornada-de-prevencion-y-concientizacion-del-cancer-de-mama\\\/#respond\"]}]},{\"@type\":\"WebPage\",\"@id\":\"https:\\\/\\\/diarioprincipios.com\\\/index.php\\\/2024\\\/10\\\/25\\\/jornada-de-prevencion-y-concientizacion-del-cancer-de-mama\\\/\",\"url\":\"https:\\\/\\\/diarioprincipios.com\\\/index.php\\\/2024\\\/10\\\/25\\\/jornada-de-prevencion-y-concientizacion-del-cancer-de-mama\\\/\",\"name\":\"Jornada de Prevenci\u00f3n y Concientizaci\u00f3n del C\u00e1ncer de Mama - Principios\",\"isPartOf\":{\"@id\":\"https:\\\/\\\/diarioprincipios.com\\\/#website\"},\"primaryImageOfPage\":{\"@id\":\"https:\\\/\\\/diarioprincipios.com\\\/index.php\\\/2024\\\/10\\\/25\\\/jornada-de-prevencion-y-concientizacion-del-cancer-de-mama\\\/#primaryimage\"},\"image\":{\"@id\":\"https:\\\/\\\/diarioprincipios.com\\\/index.php\\\/2024\\\/10\\\/25\\\/jornada-de-prevencion-y-concientizacion-del-cancer-de-mama\\\/#primaryimage\"},\"thumbnailUrl\":\"https:\\\/\\\/diarioprincipios.com\\\/wp-content\\\/uploads\\\/2024\\\/10\\\/JORNADA-DE-PREVENCION-Y-CONCIENTIZACION-DEL-CANCER-DE-MAMA-3-1.jpg\",\"datePublished\":\"2024-10-25T13:32:46+00:00\",\"dateModified\":\"2024-10-25T13:32:49+00:00\",\"breadcrumb\":{\"@id\":\"https:\\\/\\\/diarioprincipios.com\\\/index.php\\\/2024\\\/10\\\/25\\\/jornada-de-prevencion-y-concientizacion-del-cancer-de-mama\\\/#breadcrumb\"},\"inLanguage\":\"es\",\"potentialAction\":[{\"@type\":\"ReadAction\",\"target\":[\"https:\\\/\\\/diarioprincipios.com\\\/index.php\\\/2024\\\/10\\\/25\\\/jornada-de-prevencion-y-concientizacion-del-cancer-de-mama\\\/\"]}]},{\"@type\":\"ImageObject\",\"inLanguage\":\"es\",\"@id\":\"https:\\\/\\\/diarioprincipios.com\\\/index.php\\\/2024\\\/10\\\/25\\\/jornada-de-prevencion-y-concientizacion-del-cancer-de-mama\\\/#primaryimage\",\"url\":\"https:\\\/\\\/diarioprincipios.com\\\/wp-content\\\/uploads\\\/2024\\\/10\\\/JORNADA-DE-PREVENCION-Y-CONCIENTIZACION-DEL-CANCER-DE-MAMA-3-1.jpg\",\"contentUrl\":\"https:\\\/\\\/diarioprincipios.com\\\/wp-content\\\/uploads\\\/2024\\\/10\\\/JORNADA-DE-PREVENCION-Y-CONCIENTIZACION-DEL-CANCER-DE-MAMA-3-1.jpg\",\"width\":1920,\"height\":1281},{\"@type\":\"BreadcrumbList\",\"@id\":\"https:\\\/\\\/diarioprincipios.com\\\/index.php\\\/2024\\\/10\\\/25\\\/jornada-de-prevencion-y-concientizacion-del-cancer-de-mama\\\/#breadcrumb\",\"itemListElement\":[{\"@type\":\"ListItem\",\"position\":1,\"name\":\"Portada\",\"item\":\"https:\\\/\\\/diarioprincipios.com\\\/\"},{\"@type\":\"ListItem\",\"position\":2,\"name\":\"Jornada de Prevenci\u00f3n y Concientizaci\u00f3n del C\u00e1ncer de Mama\"}]},{\"@type\":\"WebSite\",\"@id\":\"https:\\\/\\\/diarioprincipios.com\\\/#website\",\"url\":\"https:\\\/\\\/diarioprincipios.com\\\/\",\"name\":\"Principios\",\"description\":\"Principios Diario\",\"publisher\":{\"@id\":\"https:\\\/\\\/diarioprincipios.com\\\/#organization\"},\"potentialAction\":[{\"@type\":\"SearchAction\",\"target\":{\"@type\":\"EntryPoint\",\"urlTemplate\":\"https:\\\/\\\/diarioprincipios.com\\\/?s={search_term_string}\"},\"query-input\":{\"@type\":\"PropertyValueSpecification\",\"valueRequired\":true,\"valueName\":\"search_term_string\"}}],\"inLanguage\":\"es\"},{\"@type\":\"Organization\",\"@id\":\"https:\\\/\\\/diarioprincipios.com\\\/#organization\",\"name\":\"Principios\",\"url\":\"https:\\\/\\\/diarioprincipios.com\\\/\",\"logo\":{\"@type\":\"ImageObject\",\"inLanguage\":\"es\",\"@id\":\"https:\\\/\\\/diarioprincipios.com\\\/#\\\/schema\\\/logo\\\/image\\\/\",\"url\":\"https:\\\/\\\/diarioprincipios.com\\\/wp-content\\\/uploads\\\/2024\\\/04\\\/cropped-www.diarioprincipios.com_-1.png\",\"contentUrl\":\"https:\\\/\\\/diarioprincipios.com\\\/wp-content\\\/uploads\\\/2024\\\/04\\\/cropped-www.diarioprincipios.com_-1.png\",\"width\":5325,\"height\":1454,\"caption\":\"Principios\"},\"image\":{\"@id\":\"https:\\\/\\\/diarioprincipios.com\\\/#\\\/schema\\\/logo\\\/image\\\/\"}},{\"@type\":\"Person\",\"@id\":\"https:\\\/\\\/diarioprincipios.com\\\/#\\\/schema\\\/person\\\/436d5a1fd41a5e250e23ff5a6a7cb080\",\"name\":\"Hern\u00e1n L\u00f3pez\",\"image\":{\"@type\":\"ImageObject\",\"inLanguage\":\"es\",\"@id\":\"https:\\\/\\\/diarioprincipios.com\\\/wp-content\\\/litespeed\\\/avatar\\\/11ddfe5610ff3bd100522525b2571f48.jpg?ver=1777653193\",\"url\":\"https:\\\/\\\/diarioprincipios.com\\\/wp-content\\\/litespeed\\\/avatar\\\/11ddfe5610ff3bd100522525b2571f48.jpg?ver=1777653193\",\"contentUrl\":\"https:\\\/\\\/diarioprincipios.com\\\/wp-content\\\/litespeed\\\/avatar\\\/11ddfe5610ff3bd100522525b2571f48.jpg?ver=1777653193\",\"caption\":\"Hern\u00e1n L\u00f3pez\"},\"url\":\"https:\\\/\\\/diarioprincipios.com\\\/index.php\\\/author\\\/hernan\\\/\"}]}<\/script>\n<!-- \/ Yoast SEO plugin. -->","yoast_head_json":{"title":"Jornada de Prevenci\u00f3n y Concientizaci\u00f3n del C\u00e1ncer de Mama - Principios","robots":{"index":"index","follow":"follow","max-snippet":"max-snippet:-1","max-image-preview":"max-image-preview:large","max-video-preview":"max-video-preview:-1"},"canonical":"https:\/\/diarioprincipios.com\/index.php\/2024\/10\/25\/jornada-de-prevencion-y-concientizacion-del-cancer-de-mama\/","og_locale":"es_ES","og_type":"article","og_title":"Jornada de Prevenci\u00f3n y Concientizaci\u00f3n del C\u00e1ncer de Mama - Principios","og_description":"Como todos los a\u00f1os, se realizar\u00e1 una jornada y una caminata por el Mes de Lucha contra el C\u00e1ncer de Mama, con el objetivo de prevenir y concientizar sobre esta enfermedad. Ser\u00e1 este s\u00e1bado 26 de octubre, en la Plaza San Mart\u00edn (Av. Mitre y 7), a las 16.00. Habr\u00e1 distintas actividades para toda la...","og_url":"https:\/\/diarioprincipios.com\/index.php\/2024\/10\/25\/jornada-de-prevencion-y-concientizacion-del-cancer-de-mama\/","og_site_name":"Principios","article_published_time":"2024-10-25T13:32:46+00:00","article_modified_time":"2024-10-25T13:32:49+00:00","og_image":[{"width":1920,"height":1281,"url":"https:\/\/diarioprincipios.com\/wp-content\/uploads\/2024\/10\/JORNADA-DE-PREVENCION-Y-CONCIENTIZACION-DEL-CANCER-DE-MAMA-3-1.jpg","type":"image\/jpeg"}],"author":"Hern\u00e1n L\u00f3pez","twitter_card":"summary_large_image","twitter_misc":{"Escrito por":"Hern\u00e1n L\u00f3pez","Tiempo de lectura":"2 minutos"},"schema":{"@context":"https:\/\/schema.org","@graph":[{"@type":"Article","@id":"https:\/\/diarioprincipios.com\/index.php\/2024\/10\/25\/jornada-de-prevencion-y-concientizacion-del-cancer-de-mama\/#article","isPartOf":{"@id":"https:\/\/diarioprincipios.com\/index.php\/2024\/10\/25\/jornada-de-prevencion-y-concientizacion-del-cancer-de-mama\/"},"author":{"name":"Hern\u00e1n L\u00f3pez","@id":"https:\/\/diarioprincipios.com\/#\/schema\/person\/436d5a1fd41a5e250e23ff5a6a7cb080"},"headline":"Jornada de Prevenci\u00f3n y Concientizaci\u00f3n del C\u00e1ncer de Mama","datePublished":"2024-10-25T13:32:46+00:00","dateModified":"2024-10-25T13:32:49+00:00","mainEntityOfPage":{"@id":"https:\/\/diarioprincipios.com\/index.php\/2024\/10\/25\/jornada-de-prevencion-y-concientizacion-del-cancer-de-mama\/"},"wordCount":320,"commentCount":0,"publisher":{"@id":"https:\/\/diarioprincipios.com\/#organization"},"image":{"@id":"https:\/\/diarioprincipios.com\/index.php\/2024\/10\/25\/jornada-de-prevencion-y-concientizacion-del-cancer-de-mama\/#primaryimage"},"thumbnailUrl":"https:\/\/diarioprincipios.com\/wp-content\/uploads\/2024\/10\/JORNADA-DE-PREVENCION-Y-CONCIENTIZACION-DEL-CANCER-DE-MAMA-3-1.jpg","articleSection":["Berazategui","Salud y Ambiente"],"inLanguage":"es","potentialAction":[{"@type":"CommentAction","name":"Comment","target":["https:\/\/diarioprincipios.com\/index.php\/2024\/10\/25\/jornada-de-prevencion-y-concientizacion-del-cancer-de-mama\/#respond"]}]},{"@type":"WebPage","@id":"https:\/\/diarioprincipios.com\/index.php\/2024\/10\/25\/jornada-de-prevencion-y-concientizacion-del-cancer-de-mama\/","url":"https:\/\/diarioprincipios.com\/index.php\/2024\/10\/25\/jornada-de-prevencion-y-concientizacion-del-cancer-de-mama\/","name":"Jornada de Prevenci\u00f3n y Concientizaci\u00f3n del C\u00e1ncer de Mama - Principios","isPartOf":{"@id":"https:\/\/diarioprincipios.com\/#website"},"primaryImageOfPage":{"@id":"https:\/\/diarioprincipios.com\/index.php\/2024\/10\/25\/jornada-de-prevencion-y-concientizacion-del-cancer-de-mama\/#primaryimage"},"image":{"@id":"https:\/\/diarioprincipios.com\/index.php\/2024\/10\/25\/jornada-de-prevencion-y-concientizacion-del-cancer-de-mama\/#primaryimage"},"thumbnailUrl":"https:\/\/diarioprincipios.com\/wp-content\/uploads\/2024\/10\/JORNADA-DE-PREVENCION-Y-CONCIENTIZACION-DEL-CANCER-DE-MAMA-3-1.jpg","datePublished":"2024-10-25T13:32:46+00:00","dateModified":"2024-10-25T13:32:49+00:00","breadcrumb":{"@id":"https:\/\/diarioprincipios.com\/index.php\/2024\/10\/25\/jornada-de-prevencion-y-concientizacion-del-cancer-de-mama\/#breadcrumb"},"inLanguage":"es","potentialAction":[{"@type":"ReadAction","target":["https:\/\/diarioprincipios.com\/index.php\/2024\/10\/25\/jornada-de-prevencion-y-concientizacion-del-cancer-de-mama\/"]}]},{"@type":"ImageObject","inLanguage":"es","@id":"https:\/\/diarioprincipios.com\/index.php\/2024\/10\/25\/jornada-de-prevencion-y-concientizacion-del-cancer-de-mama\/#primaryimage","url":"https:\/\/diarioprincipios.com\/wp-content\/uploads\/2024\/10\/JORNADA-DE-PREVENCION-Y-CONCIENTIZACION-DEL-CANCER-DE-MAMA-3-1.jpg","contentUrl":"https:\/\/diarioprincipios.com\/wp-content\/uploads\/2024\/10\/JORNADA-DE-PREVENCION-Y-CONCIENTIZACION-DEL-CANCER-DE-MAMA-3-1.jpg","width":1920,"height":1281},{"@type":"BreadcrumbList","@id":"https:\/\/diarioprincipios.com\/index.php\/2024\/10\/25\/jornada-de-prevencion-y-concientizacion-del-cancer-de-mama\/#breadcrumb","itemListElement":[{"@type":"ListItem","position":1,"name":"Portada","item":"https:\/\/diarioprincipios.com\/"},{"@type":"ListItem","position":2,"name":"Jornada de Prevenci\u00f3n y Concientizaci\u00f3n del C\u00e1ncer de Mama"}]},{"@type":"WebSite","@id":"https:\/\/diarioprincipios.com\/#website","url":"https:\/\/diarioprincipios.com\/","name":"Principios","description":"Principios Diario","publisher":{"@id":"https:\/\/diarioprincipios.com\/#organization"},"potentialAction":[{"@type":"SearchAction","target":{"@type":"EntryPoint","urlTemplate":"https:\/\/diarioprincipios.com\/?s={search_term_string}"},"query-input":{"@type":"PropertyValueSpecification","valueRequired":true,"valueName":"search_term_string"}}],"inLanguage":"es"},{"@type":"Organization","@id":"https:\/\/diarioprincipios.com\/#organization","name":"Principios","url":"https:\/\/diarioprincipios.com\/","logo":{"@type":"ImageObject","inLanguage":"es","@id":"https:\/\/diarioprincipios.com\/#\/schema\/logo\/image\/","url":"https:\/\/diarioprincipios.com\/wp-content\/uploads\/2024\/04\/cropped-www.diarioprincipios.com_-1.png","contentUrl":"https:\/\/diarioprincipios.com\/wp-content\/uploads\/2024\/04\/cropped-www.diarioprincipios.com_-1.png","width":5325,"height":1454,"caption":"Principios"},"image":{"@id":"https:\/\/diarioprincipios.com\/#\/schema\/logo\/image\/"}},{"@type":"Person","@id":"https:\/\/diarioprincipios.com\/#\/schema\/person\/436d5a1fd41a5e250e23ff5a6a7cb080","name":"Hern\u00e1n L\u00f3pez","image":{"@type":"ImageObject","inLanguage":"es","@id":"https:\/\/diarioprincipios.com\/wp-content\/litespeed\/avatar\/11ddfe5610ff3bd100522525b2571f48.jpg?ver=1777653193","url":"https:\/\/diarioprincipios.com\/wp-content\/litespeed\/avatar\/11ddfe5610ff3bd100522525b2571f48.jpg?ver=1777653193","contentUrl":"https:\/\/diarioprincipios.com\/wp-content\/litespeed\/avatar\/11ddfe5610ff3bd100522525b2571f48.jpg?ver=1777653193","caption":"Hern\u00e1n L\u00f3pez"},"url":"https:\/\/diarioprincipios.com\/index.php\/author\/hernan\/"}]}},"jetpack_featured_media_url":"https:\/\/diarioprincipios.com\/wp-content\/uploads\/2024\/10\/JORNADA-DE-PREVENCION-Y-CONCIENTIZACION-DEL-CANCER-DE-MAMA-3-1.jpg","_links":{"self":[{"href":"https:\/\/diarioprincipios.com\/index.php\/wp-json\/wp\/v2\/posts\/23380","targetHints":{"allow":["GET"]}}],"collection":[{"href":"https:\/\/diarioprincipios.com\/index.php\/wp-json\/wp\/v2\/posts"}],"about":[{"href":"https:\/\/diarioprincipios.com\/index.php\/wp-json\/wp\/v2\/types\/post"}],"author":[{"embeddable":true,"href":"https:\/\/diarioprincipios.com\/index.php\/wp-json\/wp\/v2\/users\/2"}],"replies":[{"embeddable":true,"href":"https:\/\/diarioprincipios.com\/index.php\/wp-json\/wp\/v2\/comments?post=23380"}],"version-history":[{"count":1,"href":"https:\/\/diarioprincipios.com\/index.php\/wp-json\/wp\/v2\/posts\/23380\/revisions"}],"predecessor-version":[{"id":23383,"href":"https:\/\/diarioprincipios.com\/index.php\/wp-json\/wp\/v2\/posts\/23380\/revisions\/23383"}],"wp:featuredmedia":[{"embeddable":true,"href":"https:\/\/diarioprincipios.com\/index.php\/wp-json\/wp\/v2\/media\/23382"}],"wp:attachment":[{"href":"https:\/\/diarioprincipios.com\/index.php\/wp-json\/wp\/v2\/media?parent=23380"}],"wp:term":[{"taxonomy":"category","embeddable":true,"href":"https:\/\/diarioprincipios.com\/index.php\/wp-json\/wp\/v2\/categories?post=23380"},{"taxonomy":"post_tag","embeddable":true,"href":"https:\/\/diarioprincipios.com\/index.php\/wp-json\/wp\/v2\/tags?post=23380"}],"curies":[{"name":"wp","href":"https:\/\/api.w.org\/{rel}","templated":true}]}}