{"id":23363,"date":"2024-10-23T16:10:33","date_gmt":"2024-10-23T19:10:33","guid":{"rendered":"http:\/\/diarioprincipios.com\/?p=23363"},"modified":"2024-10-23T16:10:36","modified_gmt":"2024-10-23T19:10:36","slug":"el-municipio-realizo-una-jornada-de-trabajo-en-el-hospital-evita-pueblo","status":"publish","type":"post","link":"https:\/\/diarioprincipios.com\/index.php\/2024\/10\/23\/el-municipio-realizo-una-jornada-de-trabajo-en-el-hospital-evita-pueblo\/","title":{"rendered":"El Municipio realiz\u00f3 una Jornada de Trabajo en el Hospital Evita Pueblo"},"content":{"rendered":"\n<p><strong>La Municipalidad de Berazategui llev\u00f3 a cabo una jornada de trabajo en el Hospital Evita Pueblo -en el marco de su 30\u00b0 Aniversario-, con el objetivo de mejorar sus instalaciones. El intendente Juan Jos\u00e9 Mussi estuvo en el lugar y recorri\u00f3 los distintos trabajos realizados.<\/strong><\/p>\n\n\n\n<figure class=\"wp-block-image size-large\"><img loading=\"lazy\" decoding=\"async\" width=\"1024\" height=\"683\" src=\"https:\/\/diarioprincipios.com\/wp-content\/uploads\/2024\/10\/EL-MUNICIPIO-REALIZO-UNA-JORNADA-DE-TRABAJO-EN-EL-HOSPITAL-EVITA-PUEBLO-1-1024x683.jpg\" alt=\"\" class=\"wp-image-23364\" srcset=\"https:\/\/diarioprincipios.com\/wp-content\/uploads\/2024\/10\/EL-MUNICIPIO-REALIZO-UNA-JORNADA-DE-TRABAJO-EN-EL-HOSPITAL-EVITA-PUEBLO-1-1024x683.jpg 1024w, https:\/\/diarioprincipios.com\/wp-content\/uploads\/2024\/10\/EL-MUNICIPIO-REALIZO-UNA-JORNADA-DE-TRABAJO-EN-EL-HOSPITAL-EVITA-PUEBLO-1-300x200.jpg 300w, https:\/\/diarioprincipios.com\/wp-content\/uploads\/2024\/10\/EL-MUNICIPIO-REALIZO-UNA-JORNADA-DE-TRABAJO-EN-EL-HOSPITAL-EVITA-PUEBLO-1-768x512.jpg 768w, https:\/\/diarioprincipios.com\/wp-content\/uploads\/2024\/10\/EL-MUNICIPIO-REALIZO-UNA-JORNADA-DE-TRABAJO-EN-EL-HOSPITAL-EVITA-PUEBLO-1-1536x1024.jpg 1536w, https:\/\/diarioprincipios.com\/wp-content\/uploads\/2024\/10\/EL-MUNICIPIO-REALIZO-UNA-JORNADA-DE-TRABAJO-EN-EL-HOSPITAL-EVITA-PUEBLO-1-600x400.jpg 600w, https:\/\/diarioprincipios.com\/wp-content\/uploads\/2024\/10\/EL-MUNICIPIO-REALIZO-UNA-JORNADA-DE-TRABAJO-EN-EL-HOSPITAL-EVITA-PUEBLO-1.jpg 1920w\" sizes=\"auto, (max-width: 1024px) 100vw, 1024px\" \/><\/figure>\n\n\n\n<p>La directora del Hospital, Gabriela Zeoli, explic\u00f3: \u201cEsta fue una propuesta del intendente Juan Jos\u00e9 Mussi, que siempre nos est\u00e1 apoyando. Estamos muy contentos por este acompa\u00f1amiento que recibimos, porque pone lindo el Evita tanto para quienes vienen a atenderse, como para los trabajadores y trabajadoras\u201d.<\/p>\n\n\n\n<figure class=\"wp-block-image size-large\"><img loading=\"lazy\" decoding=\"async\" width=\"1024\" height=\"683\" src=\"https:\/\/diarioprincipios.com\/wp-content\/uploads\/2024\/10\/EL-MUNICIPIO-REALIZO-UNA-JORNADA-DE-TRABAJO-EN-EL-HOSPITAL-EVITA-PUEBLO-2-1024x683.jpg\" alt=\"\" class=\"wp-image-23366\" srcset=\"https:\/\/diarioprincipios.com\/wp-content\/uploads\/2024\/10\/EL-MUNICIPIO-REALIZO-UNA-JORNADA-DE-TRABAJO-EN-EL-HOSPITAL-EVITA-PUEBLO-2-1024x683.jpg 1024w, https:\/\/diarioprincipios.com\/wp-content\/uploads\/2024\/10\/EL-MUNICIPIO-REALIZO-UNA-JORNADA-DE-TRABAJO-EN-EL-HOSPITAL-EVITA-PUEBLO-2-300x200.jpg 300w, https:\/\/diarioprincipios.com\/wp-content\/uploads\/2024\/10\/EL-MUNICIPIO-REALIZO-UNA-JORNADA-DE-TRABAJO-EN-EL-HOSPITAL-EVITA-PUEBLO-2-768x512.jpg 768w, https:\/\/diarioprincipios.com\/wp-content\/uploads\/2024\/10\/EL-MUNICIPIO-REALIZO-UNA-JORNADA-DE-TRABAJO-EN-EL-HOSPITAL-EVITA-PUEBLO-2-1536x1024.jpg 1536w, https:\/\/diarioprincipios.com\/wp-content\/uploads\/2024\/10\/EL-MUNICIPIO-REALIZO-UNA-JORNADA-DE-TRABAJO-EN-EL-HOSPITAL-EVITA-PUEBLO-2-600x400.jpg 600w, https:\/\/diarioprincipios.com\/wp-content\/uploads\/2024\/10\/EL-MUNICIPIO-REALIZO-UNA-JORNADA-DE-TRABAJO-EN-EL-HOSPITAL-EVITA-PUEBLO-2.jpg 1920w\" sizes=\"auto, (max-width: 1024px) 100vw, 1024px\" \/><\/figure>\n\n\n\n<p>A lo largo de la jornada se llevaron a cabo tareas de pintura; alba\u00f1iler\u00eda en general; puesta en funciones del jard\u00edn interno; corte de pasto y poda; la readecuaci\u00f3n de la iluminaci\u00f3n del pabell\u00f3n principal y per\u00edmetros del edificio; adem\u00e1s de trabajos sobre ca\u00f1er\u00eda el\u00e9ctrica para la alimentaci\u00f3n de los nuevos equipos de aire acondicionado, que fueron adquiridos por el Hospital para instalar en los consultorios.<\/p>\n\n\n\n<figure class=\"wp-block-image size-large\"><img loading=\"lazy\" decoding=\"async\" width=\"1024\" height=\"683\" src=\"https:\/\/diarioprincipios.com\/wp-content\/uploads\/2024\/10\/EL-MUNICIPIO-REALIZO-UNA-JORNADA-DE-TRABAJO-EN-EL-HOSPITAL-EVITA-PUEBLO-3-1024x683.jpg\" alt=\"\" class=\"wp-image-23365\" srcset=\"https:\/\/diarioprincipios.com\/wp-content\/uploads\/2024\/10\/EL-MUNICIPIO-REALIZO-UNA-JORNADA-DE-TRABAJO-EN-EL-HOSPITAL-EVITA-PUEBLO-3-1024x683.jpg 1024w, https:\/\/diarioprincipios.com\/wp-content\/uploads\/2024\/10\/EL-MUNICIPIO-REALIZO-UNA-JORNADA-DE-TRABAJO-EN-EL-HOSPITAL-EVITA-PUEBLO-3-300x200.jpg 300w, https:\/\/diarioprincipios.com\/wp-content\/uploads\/2024\/10\/EL-MUNICIPIO-REALIZO-UNA-JORNADA-DE-TRABAJO-EN-EL-HOSPITAL-EVITA-PUEBLO-3-768x512.jpg 768w, https:\/\/diarioprincipios.com\/wp-content\/uploads\/2024\/10\/EL-MUNICIPIO-REALIZO-UNA-JORNADA-DE-TRABAJO-EN-EL-HOSPITAL-EVITA-PUEBLO-3-1536x1024.jpg 1536w, https:\/\/diarioprincipios.com\/wp-content\/uploads\/2024\/10\/EL-MUNICIPIO-REALIZO-UNA-JORNADA-DE-TRABAJO-EN-EL-HOSPITAL-EVITA-PUEBLO-3-600x400.jpg 600w, https:\/\/diarioprincipios.com\/wp-content\/uploads\/2024\/10\/EL-MUNICIPIO-REALIZO-UNA-JORNADA-DE-TRABAJO-EN-EL-HOSPITAL-EVITA-PUEBLO-3.jpg 1920w\" sizes=\"auto, (max-width: 1024px) 100vw, 1024px\" \/><\/figure>\n\n\n\n<p>Participaron las Secretar\u00edas municipales de Gobierno, de Organizaciones No Gubernamentales, Servicios P\u00fablicos, Control Urbano y Obras P\u00fablicas, junto al equipo de poda y vivero municipal y personal del Evita Pueblo.&nbsp;<\/p>\n","protected":false},"excerpt":{"rendered":"<p>La Municipalidad de Berazategui llev\u00f3 a cabo una jornada de trabajo en el Hospital Evita Pueblo -en el marco de su 30\u00b0 Aniversario-, con el objetivo de mejorar sus instalaciones. El intendente Juan Jos\u00e9 Mussi estuvo en el lugar y recorri\u00f3 los distintos trabajos realizados. La directora del Hospital, Gabriela Zeoli, explic\u00f3: \u201cEsta fue una&#8230;<\/p>\n","protected":false},"author":2,"featured_media":23367,"comment_status":"open","ping_status":"open","sticky":false,"template":"","format":"standard","meta":{"footnotes":""},"categories":[3,20],"tags":[],"class_list":["post-23363","post","type-post","status-publish","format-standard","has-post-thumbnail","hentry","category-berazategui","category-salud-ambiente"],"featured_image_src":"https:\/\/diarioprincipios.com\/wp-content\/uploads\/2024\/10\/EL-MUNICIPIO-REALIZO-UNA-JORNADA-DE-TRABAJO-EN-EL-HOSPITAL-EVITA-PUEBLO-4-1024x683.jpg","blog_images":{"medium":"https:\/\/diarioprincipios.com\/wp-content\/uploads\/2024\/10\/EL-MUNICIPIO-REALIZO-UNA-JORNADA-DE-TRABAJO-EN-EL-HOSPITAL-EVITA-PUEBLO-4-300x200.jpg","large":"https:\/\/diarioprincipios.com\/wp-content\/uploads\/2024\/10\/EL-MUNICIPIO-REALIZO-UNA-JORNADA-DE-TRABAJO-EN-EL-HOSPITAL-EVITA-PUEBLO-4-1024x683.jpg"},"ams_acf":[],"yoast_head":"<!-- This site is optimized with the Yoast SEO plugin v27.3 - https:\/\/yoast.com\/product\/yoast-seo-wordpress\/ -->\n<title>El Municipio realiz\u00f3 una Jornada de Trabajo en el Hospital Evita Pueblo - Principios<\/title>\n<meta name=\"robots\" content=\"index, follow, max-snippet:-1, max-image-preview:large, max-video-preview:-1\" \/>\n<link rel=\"canonical\" href=\"https:\/\/diarioprincipios.com\/index.php\/2024\/10\/23\/el-municipio-realizo-una-jornada-de-trabajo-en-el-hospital-evita-pueblo\/\" \/>\n<meta property=\"og:locale\" content=\"es_ES\" \/>\n<meta property=\"og:type\" content=\"article\" \/>\n<meta property=\"og:title\" content=\"El Municipio realiz\u00f3 una Jornada de Trabajo en el Hospital Evita Pueblo - Principios\" \/>\n<meta property=\"og:description\" content=\"La Municipalidad de Berazategui llev\u00f3 a cabo una jornada de trabajo en el Hospital Evita Pueblo -en el marco de su 30\u00b0 Aniversario-, con el objetivo de mejorar sus instalaciones. El intendente Juan Jos\u00e9 Mussi estuvo en el lugar y recorri\u00f3 los distintos trabajos realizados. La directora del Hospital, Gabriela Zeoli, explic\u00f3: \u201cEsta fue una...\" \/>\n<meta property=\"og:url\" content=\"https:\/\/diarioprincipios.com\/index.php\/2024\/10\/23\/el-municipio-realizo-una-jornada-de-trabajo-en-el-hospital-evita-pueblo\/\" \/>\n<meta property=\"og:site_name\" content=\"Principios\" \/>\n<meta property=\"article:published_time\" content=\"2024-10-23T19:10:33+00:00\" \/>\n<meta property=\"article:modified_time\" content=\"2024-10-23T19:10:36+00:00\" \/>\n<meta property=\"og:image\" content=\"https:\/\/diarioprincipios.com\/wp-content\/uploads\/2024\/10\/EL-MUNICIPIO-REALIZO-UNA-JORNADA-DE-TRABAJO-EN-EL-HOSPITAL-EVITA-PUEBLO-4.jpg\" \/>\n\t<meta property=\"og:image:width\" content=\"1920\" \/>\n\t<meta property=\"og:image:height\" content=\"1280\" \/>\n\t<meta property=\"og:image:type\" content=\"image\/jpeg\" \/>\n<meta name=\"author\" content=\"Hern\u00e1n L\u00f3pez\" \/>\n<meta name=\"twitter:card\" content=\"summary_large_image\" \/>\n<meta name=\"twitter:label1\" content=\"Escrito por\" \/>\n\t<meta name=\"twitter:data1\" content=\"Hern\u00e1n L\u00f3pez\" \/>\n\t<meta name=\"twitter:label2\" content=\"Tiempo de lectura\" \/>\n\t<meta name=\"twitter:data2\" content=\"2 minutos\" \/>\n<script type=\"application\/ld+json\" class=\"yoast-schema-graph\">{\"@context\":\"https:\\\/\\\/schema.org\",\"@graph\":[{\"@type\":\"Article\",\"@id\":\"https:\\\/\\\/diarioprincipios.com\\\/index.php\\\/2024\\\/10\\\/23\\\/el-municipio-realizo-una-jornada-de-trabajo-en-el-hospital-evita-pueblo\\\/#article\",\"isPartOf\":{\"@id\":\"https:\\\/\\\/diarioprincipios.com\\\/index.php\\\/2024\\\/10\\\/23\\\/el-municipio-realizo-una-jornada-de-trabajo-en-el-hospital-evita-pueblo\\\/\"},\"author\":{\"name\":\"Hern\u00e1n L\u00f3pez\",\"@id\":\"https:\\\/\\\/diarioprincipios.com\\\/#\\\/schema\\\/person\\\/436d5a1fd41a5e250e23ff5a6a7cb080\"},\"headline\":\"El Municipio realiz\u00f3 una Jornada de Trabajo en el Hospital Evita Pueblo\",\"datePublished\":\"2024-10-23T19:10:33+00:00\",\"dateModified\":\"2024-10-23T19:10:36+00:00\",\"mainEntityOfPage\":{\"@id\":\"https:\\\/\\\/diarioprincipios.com\\\/index.php\\\/2024\\\/10\\\/23\\\/el-municipio-realizo-una-jornada-de-trabajo-en-el-hospital-evita-pueblo\\\/\"},\"wordCount\":215,\"commentCount\":0,\"publisher\":{\"@id\":\"https:\\\/\\\/diarioprincipios.com\\\/#organization\"},\"image\":{\"@id\":\"https:\\\/\\\/diarioprincipios.com\\\/index.php\\\/2024\\\/10\\\/23\\\/el-municipio-realizo-una-jornada-de-trabajo-en-el-hospital-evita-pueblo\\\/#primaryimage\"},\"thumbnailUrl\":\"https:\\\/\\\/diarioprincipios.com\\\/wp-content\\\/uploads\\\/2024\\\/10\\\/EL-MUNICIPIO-REALIZO-UNA-JORNADA-DE-TRABAJO-EN-EL-HOSPITAL-EVITA-PUEBLO-4.jpg\",\"articleSection\":[\"Berazategui\",\"Salud y Ambiente\"],\"inLanguage\":\"es\",\"potentialAction\":[{\"@type\":\"CommentAction\",\"name\":\"Comment\",\"target\":[\"https:\\\/\\\/diarioprincipios.com\\\/index.php\\\/2024\\\/10\\\/23\\\/el-municipio-realizo-una-jornada-de-trabajo-en-el-hospital-evita-pueblo\\\/#respond\"]}]},{\"@type\":\"WebPage\",\"@id\":\"https:\\\/\\\/diarioprincipios.com\\\/index.php\\\/2024\\\/10\\\/23\\\/el-municipio-realizo-una-jornada-de-trabajo-en-el-hospital-evita-pueblo\\\/\",\"url\":\"https:\\\/\\\/diarioprincipios.com\\\/index.php\\\/2024\\\/10\\\/23\\\/el-municipio-realizo-una-jornada-de-trabajo-en-el-hospital-evita-pueblo\\\/\",\"name\":\"El Municipio realiz\u00f3 una Jornada de Trabajo en el Hospital Evita Pueblo - Principios\",\"isPartOf\":{\"@id\":\"https:\\\/\\\/diarioprincipios.com\\\/#website\"},\"primaryImageOfPage\":{\"@id\":\"https:\\\/\\\/diarioprincipios.com\\\/index.php\\\/2024\\\/10\\\/23\\\/el-municipio-realizo-una-jornada-de-trabajo-en-el-hospital-evita-pueblo\\\/#primaryimage\"},\"image\":{\"@id\":\"https:\\\/\\\/diarioprincipios.com\\\/index.php\\\/2024\\\/10\\\/23\\\/el-municipio-realizo-una-jornada-de-trabajo-en-el-hospital-evita-pueblo\\\/#primaryimage\"},\"thumbnailUrl\":\"https:\\\/\\\/diarioprincipios.com\\\/wp-content\\\/uploads\\\/2024\\\/10\\\/EL-MUNICIPIO-REALIZO-UNA-JORNADA-DE-TRABAJO-EN-EL-HOSPITAL-EVITA-PUEBLO-4.jpg\",\"datePublished\":\"2024-10-23T19:10:33+00:00\",\"dateModified\":\"2024-10-23T19:10:36+00:00\",\"breadcrumb\":{\"@id\":\"https:\\\/\\\/diarioprincipios.com\\\/index.php\\\/2024\\\/10\\\/23\\\/el-municipio-realizo-una-jornada-de-trabajo-en-el-hospital-evita-pueblo\\\/#breadcrumb\"},\"inLanguage\":\"es\",\"potentialAction\":[{\"@type\":\"ReadAction\",\"target\":[\"https:\\\/\\\/diarioprincipios.com\\\/index.php\\\/2024\\\/10\\\/23\\\/el-municipio-realizo-una-jornada-de-trabajo-en-el-hospital-evita-pueblo\\\/\"]}]},{\"@type\":\"ImageObject\",\"inLanguage\":\"es\",\"@id\":\"https:\\\/\\\/diarioprincipios.com\\\/index.php\\\/2024\\\/10\\\/23\\\/el-municipio-realizo-una-jornada-de-trabajo-en-el-hospital-evita-pueblo\\\/#primaryimage\",\"url\":\"https:\\\/\\\/diarioprincipios.com\\\/wp-content\\\/uploads\\\/2024\\\/10\\\/EL-MUNICIPIO-REALIZO-UNA-JORNADA-DE-TRABAJO-EN-EL-HOSPITAL-EVITA-PUEBLO-4.jpg\",\"contentUrl\":\"https:\\\/\\\/diarioprincipios.com\\\/wp-content\\\/uploads\\\/2024\\\/10\\\/EL-MUNICIPIO-REALIZO-UNA-JORNADA-DE-TRABAJO-EN-EL-HOSPITAL-EVITA-PUEBLO-4.jpg\",\"width\":1920,\"height\":1280},{\"@type\":\"BreadcrumbList\",\"@id\":\"https:\\\/\\\/diarioprincipios.com\\\/index.php\\\/2024\\\/10\\\/23\\\/el-municipio-realizo-una-jornada-de-trabajo-en-el-hospital-evita-pueblo\\\/#breadcrumb\",\"itemListElement\":[{\"@type\":\"ListItem\",\"position\":1,\"name\":\"Portada\",\"item\":\"https:\\\/\\\/diarioprincipios.com\\\/\"},{\"@type\":\"ListItem\",\"position\":2,\"name\":\"El Municipio realiz\u00f3 una Jornada de Trabajo en el Hospital Evita Pueblo\"}]},{\"@type\":\"WebSite\",\"@id\":\"https:\\\/\\\/diarioprincipios.com\\\/#website\",\"url\":\"https:\\\/\\\/diarioprincipios.com\\\/\",\"name\":\"Principios\",\"description\":\"Principios Diario\",\"publisher\":{\"@id\":\"https:\\\/\\\/diarioprincipios.com\\\/#organization\"},\"potentialAction\":[{\"@type\":\"SearchAction\",\"target\":{\"@type\":\"EntryPoint\",\"urlTemplate\":\"https:\\\/\\\/diarioprincipios.com\\\/?s={search_term_string}\"},\"query-input\":{\"@type\":\"PropertyValueSpecification\",\"valueRequired\":true,\"valueName\":\"search_term_string\"}}],\"inLanguage\":\"es\"},{\"@type\":\"Organization\",\"@id\":\"https:\\\/\\\/diarioprincipios.com\\\/#organization\",\"name\":\"Principios\",\"url\":\"https:\\\/\\\/diarioprincipios.com\\\/\",\"logo\":{\"@type\":\"ImageObject\",\"inLanguage\":\"es\",\"@id\":\"https:\\\/\\\/diarioprincipios.com\\\/#\\\/schema\\\/logo\\\/image\\\/\",\"url\":\"https:\\\/\\\/diarioprincipios.com\\\/wp-content\\\/uploads\\\/2024\\\/04\\\/cropped-www.diarioprincipios.com_-1.png\",\"contentUrl\":\"https:\\\/\\\/diarioprincipios.com\\\/wp-content\\\/uploads\\\/2024\\\/04\\\/cropped-www.diarioprincipios.com_-1.png\",\"width\":5325,\"height\":1454,\"caption\":\"Principios\"},\"image\":{\"@id\":\"https:\\\/\\\/diarioprincipios.com\\\/#\\\/schema\\\/logo\\\/image\\\/\"}},{\"@type\":\"Person\",\"@id\":\"https:\\\/\\\/diarioprincipios.com\\\/#\\\/schema\\\/person\\\/436d5a1fd41a5e250e23ff5a6a7cb080\",\"name\":\"Hern\u00e1n L\u00f3pez\",\"image\":{\"@type\":\"ImageObject\",\"inLanguage\":\"es\",\"@id\":\"https:\\\/\\\/diarioprincipios.com\\\/wp-content\\\/litespeed\\\/avatar\\\/11ddfe5610ff3bd100522525b2571f48.jpg?ver=1777048341\",\"url\":\"https:\\\/\\\/diarioprincipios.com\\\/wp-content\\\/litespeed\\\/avatar\\\/11ddfe5610ff3bd100522525b2571f48.jpg?ver=1777048341\",\"contentUrl\":\"https:\\\/\\\/diarioprincipios.com\\\/wp-content\\\/litespeed\\\/avatar\\\/11ddfe5610ff3bd100522525b2571f48.jpg?ver=1777048341\",\"caption\":\"Hern\u00e1n L\u00f3pez\"},\"url\":\"https:\\\/\\\/diarioprincipios.com\\\/index.php\\\/author\\\/hernan\\\/\"}]}<\/script>\n<!-- \/ Yoast SEO plugin. -->","yoast_head_json":{"title":"El Municipio realiz\u00f3 una Jornada de Trabajo en el Hospital Evita Pueblo - Principios","robots":{"index":"index","follow":"follow","max-snippet":"max-snippet:-1","max-image-preview":"max-image-preview:large","max-video-preview":"max-video-preview:-1"},"canonical":"https:\/\/diarioprincipios.com\/index.php\/2024\/10\/23\/el-municipio-realizo-una-jornada-de-trabajo-en-el-hospital-evita-pueblo\/","og_locale":"es_ES","og_type":"article","og_title":"El Municipio realiz\u00f3 una Jornada de Trabajo en el Hospital Evita Pueblo - Principios","og_description":"La Municipalidad de Berazategui llev\u00f3 a cabo una jornada de trabajo en el Hospital Evita Pueblo -en el marco de su 30\u00b0 Aniversario-, con el objetivo de mejorar sus instalaciones. El intendente Juan Jos\u00e9 Mussi estuvo en el lugar y recorri\u00f3 los distintos trabajos realizados. La directora del Hospital, Gabriela Zeoli, explic\u00f3: \u201cEsta fue una...","og_url":"https:\/\/diarioprincipios.com\/index.php\/2024\/10\/23\/el-municipio-realizo-una-jornada-de-trabajo-en-el-hospital-evita-pueblo\/","og_site_name":"Principios","article_published_time":"2024-10-23T19:10:33+00:00","article_modified_time":"2024-10-23T19:10:36+00:00","og_image":[{"width":1920,"height":1280,"url":"https:\/\/diarioprincipios.com\/wp-content\/uploads\/2024\/10\/EL-MUNICIPIO-REALIZO-UNA-JORNADA-DE-TRABAJO-EN-EL-HOSPITAL-EVITA-PUEBLO-4.jpg","type":"image\/jpeg"}],"author":"Hern\u00e1n L\u00f3pez","twitter_card":"summary_large_image","twitter_misc":{"Escrito por":"Hern\u00e1n L\u00f3pez","Tiempo de lectura":"2 minutos"},"schema":{"@context":"https:\/\/schema.org","@graph":[{"@type":"Article","@id":"https:\/\/diarioprincipios.com\/index.php\/2024\/10\/23\/el-municipio-realizo-una-jornada-de-trabajo-en-el-hospital-evita-pueblo\/#article","isPartOf":{"@id":"https:\/\/diarioprincipios.com\/index.php\/2024\/10\/23\/el-municipio-realizo-una-jornada-de-trabajo-en-el-hospital-evita-pueblo\/"},"author":{"name":"Hern\u00e1n L\u00f3pez","@id":"https:\/\/diarioprincipios.com\/#\/schema\/person\/436d5a1fd41a5e250e23ff5a6a7cb080"},"headline":"El Municipio realiz\u00f3 una Jornada de Trabajo en el Hospital Evita Pueblo","datePublished":"2024-10-23T19:10:33+00:00","dateModified":"2024-10-23T19:10:36+00:00","mainEntityOfPage":{"@id":"https:\/\/diarioprincipios.com\/index.php\/2024\/10\/23\/el-municipio-realizo-una-jornada-de-trabajo-en-el-hospital-evita-pueblo\/"},"wordCount":215,"commentCount":0,"publisher":{"@id":"https:\/\/diarioprincipios.com\/#organization"},"image":{"@id":"https:\/\/diarioprincipios.com\/index.php\/2024\/10\/23\/el-municipio-realizo-una-jornada-de-trabajo-en-el-hospital-evita-pueblo\/#primaryimage"},"thumbnailUrl":"https:\/\/diarioprincipios.com\/wp-content\/uploads\/2024\/10\/EL-MUNICIPIO-REALIZO-UNA-JORNADA-DE-TRABAJO-EN-EL-HOSPITAL-EVITA-PUEBLO-4.jpg","articleSection":["Berazategui","Salud y Ambiente"],"inLanguage":"es","potentialAction":[{"@type":"CommentAction","name":"Comment","target":["https:\/\/diarioprincipios.com\/index.php\/2024\/10\/23\/el-municipio-realizo-una-jornada-de-trabajo-en-el-hospital-evita-pueblo\/#respond"]}]},{"@type":"WebPage","@id":"https:\/\/diarioprincipios.com\/index.php\/2024\/10\/23\/el-municipio-realizo-una-jornada-de-trabajo-en-el-hospital-evita-pueblo\/","url":"https:\/\/diarioprincipios.com\/index.php\/2024\/10\/23\/el-municipio-realizo-una-jornada-de-trabajo-en-el-hospital-evita-pueblo\/","name":"El Municipio realiz\u00f3 una Jornada de Trabajo en el Hospital Evita Pueblo - Principios","isPartOf":{"@id":"https:\/\/diarioprincipios.com\/#website"},"primaryImageOfPage":{"@id":"https:\/\/diarioprincipios.com\/index.php\/2024\/10\/23\/el-municipio-realizo-una-jornada-de-trabajo-en-el-hospital-evita-pueblo\/#primaryimage"},"image":{"@id":"https:\/\/diarioprincipios.com\/index.php\/2024\/10\/23\/el-municipio-realizo-una-jornada-de-trabajo-en-el-hospital-evita-pueblo\/#primaryimage"},"thumbnailUrl":"https:\/\/diarioprincipios.com\/wp-content\/uploads\/2024\/10\/EL-MUNICIPIO-REALIZO-UNA-JORNADA-DE-TRABAJO-EN-EL-HOSPITAL-EVITA-PUEBLO-4.jpg","datePublished":"2024-10-23T19:10:33+00:00","dateModified":"2024-10-23T19:10:36+00:00","breadcrumb":{"@id":"https:\/\/diarioprincipios.com\/index.php\/2024\/10\/23\/el-municipio-realizo-una-jornada-de-trabajo-en-el-hospital-evita-pueblo\/#breadcrumb"},"inLanguage":"es","potentialAction":[{"@type":"ReadAction","target":["https:\/\/diarioprincipios.com\/index.php\/2024\/10\/23\/el-municipio-realizo-una-jornada-de-trabajo-en-el-hospital-evita-pueblo\/"]}]},{"@type":"ImageObject","inLanguage":"es","@id":"https:\/\/diarioprincipios.com\/index.php\/2024\/10\/23\/el-municipio-realizo-una-jornada-de-trabajo-en-el-hospital-evita-pueblo\/#primaryimage","url":"https:\/\/diarioprincipios.com\/wp-content\/uploads\/2024\/10\/EL-MUNICIPIO-REALIZO-UNA-JORNADA-DE-TRABAJO-EN-EL-HOSPITAL-EVITA-PUEBLO-4.jpg","contentUrl":"https:\/\/diarioprincipios.com\/wp-content\/uploads\/2024\/10\/EL-MUNICIPIO-REALIZO-UNA-JORNADA-DE-TRABAJO-EN-EL-HOSPITAL-EVITA-PUEBLO-4.jpg","width":1920,"height":1280},{"@type":"BreadcrumbList","@id":"https:\/\/diarioprincipios.com\/index.php\/2024\/10\/23\/el-municipio-realizo-una-jornada-de-trabajo-en-el-hospital-evita-pueblo\/#breadcrumb","itemListElement":[{"@type":"ListItem","position":1,"name":"Portada","item":"https:\/\/diarioprincipios.com\/"},{"@type":"ListItem","position":2,"name":"El Municipio realiz\u00f3 una Jornada de Trabajo en el Hospital Evita Pueblo"}]},{"@type":"WebSite","@id":"https:\/\/diarioprincipios.com\/#website","url":"https:\/\/diarioprincipios.com\/","name":"Principios","description":"Principios Diario","publisher":{"@id":"https:\/\/diarioprincipios.com\/#organization"},"potentialAction":[{"@type":"SearchAction","target":{"@type":"EntryPoint","urlTemplate":"https:\/\/diarioprincipios.com\/?s={search_term_string}"},"query-input":{"@type":"PropertyValueSpecification","valueRequired":true,"valueName":"search_term_string"}}],"inLanguage":"es"},{"@type":"Organization","@id":"https:\/\/diarioprincipios.com\/#organization","name":"Principios","url":"https:\/\/diarioprincipios.com\/","logo":{"@type":"ImageObject","inLanguage":"es","@id":"https:\/\/diarioprincipios.com\/#\/schema\/logo\/image\/","url":"https:\/\/diarioprincipios.com\/wp-content\/uploads\/2024\/04\/cropped-www.diarioprincipios.com_-1.png","contentUrl":"https:\/\/diarioprincipios.com\/wp-content\/uploads\/2024\/04\/cropped-www.diarioprincipios.com_-1.png","width":5325,"height":1454,"caption":"Principios"},"image":{"@id":"https:\/\/diarioprincipios.com\/#\/schema\/logo\/image\/"}},{"@type":"Person","@id":"https:\/\/diarioprincipios.com\/#\/schema\/person\/436d5a1fd41a5e250e23ff5a6a7cb080","name":"Hern\u00e1n L\u00f3pez","image":{"@type":"ImageObject","inLanguage":"es","@id":"https:\/\/diarioprincipios.com\/wp-content\/litespeed\/avatar\/11ddfe5610ff3bd100522525b2571f48.jpg?ver=1777048341","url":"https:\/\/diarioprincipios.com\/wp-content\/litespeed\/avatar\/11ddfe5610ff3bd100522525b2571f48.jpg?ver=1777048341","contentUrl":"https:\/\/diarioprincipios.com\/wp-content\/litespeed\/avatar\/11ddfe5610ff3bd100522525b2571f48.jpg?ver=1777048341","caption":"Hern\u00e1n L\u00f3pez"},"url":"https:\/\/diarioprincipios.com\/index.php\/author\/hernan\/"}]}},"jetpack_featured_media_url":"https:\/\/diarioprincipios.com\/wp-content\/uploads\/2024\/10\/EL-MUNICIPIO-REALIZO-UNA-JORNADA-DE-TRABAJO-EN-EL-HOSPITAL-EVITA-PUEBLO-4.jpg","_links":{"self":[{"href":"https:\/\/diarioprincipios.com\/index.php\/wp-json\/wp\/v2\/posts\/23363","targetHints":{"allow":["GET"]}}],"collection":[{"href":"https:\/\/diarioprincipios.com\/index.php\/wp-json\/wp\/v2\/posts"}],"about":[{"href":"https:\/\/diarioprincipios.com\/index.php\/wp-json\/wp\/v2\/types\/post"}],"author":[{"embeddable":true,"href":"https:\/\/diarioprincipios.com\/index.php\/wp-json\/wp\/v2\/users\/2"}],"replies":[{"embeddable":true,"href":"https:\/\/diarioprincipios.com\/index.php\/wp-json\/wp\/v2\/comments?post=23363"}],"version-history":[{"count":1,"href":"https:\/\/diarioprincipios.com\/index.php\/wp-json\/wp\/v2\/posts\/23363\/revisions"}],"predecessor-version":[{"id":23368,"href":"https:\/\/diarioprincipios.com\/index.php\/wp-json\/wp\/v2\/posts\/23363\/revisions\/23368"}],"wp:featuredmedia":[{"embeddable":true,"href":"https:\/\/diarioprincipios.com\/index.php\/wp-json\/wp\/v2\/media\/23367"}],"wp:attachment":[{"href":"https:\/\/diarioprincipios.com\/index.php\/wp-json\/wp\/v2\/media?parent=23363"}],"wp:term":[{"taxonomy":"category","embeddable":true,"href":"https:\/\/diarioprincipios.com\/index.php\/wp-json\/wp\/v2\/categories?post=23363"},{"taxonomy":"post_tag","embeddable":true,"href":"https:\/\/diarioprincipios.com\/index.php\/wp-json\/wp\/v2\/tags?post=23363"}],"curies":[{"name":"wp","href":"https:\/\/api.w.org\/{rel}","templated":true}]}}