{"id":23358,"date":"2024-10-23T14:24:21","date_gmt":"2024-10-23T17:24:21","guid":{"rendered":"http:\/\/diarioprincipios.com\/?p=23358"},"modified":"2024-10-23T14:24:23","modified_gmt":"2024-10-23T17:24:23","slug":"se-realizo-una-nueva-entrega-del-reconocimiento-re-locales","status":"publish","type":"post","link":"https:\/\/diarioprincipios.com\/index.php\/2024\/10\/23\/se-realizo-una-nueva-entrega-del-reconocimiento-re-locales\/","title":{"rendered":"Se realiz\u00f3 una nueva entrega del reconocimiento \u00abRe Locales\u00bb"},"content":{"rendered":"\n<p><strong>Se realiz\u00f3 una nueva entrega del reconocimiento \u00abRe Locales\u00bb, esta vez a 21 comercios berazateguenses, por su destacada trayectoria en el distrito. El intendente municipal, Juan Jos\u00e9 Mussi, encabez\u00f3 la ceremonia que se llev\u00f3 a cabo en el Centro Comercial de Berazategui.<\/strong><\/p>\n\n\n\n<p>Las entidades homenajeadas fueron: Casa Caffarena, Inmobiliaria Proficio, Joyer\u00eda Frangi, Casa Cabanas, Florer\u00eda Baliani, Casa Cuellas, Papelera Lopez, Pizzer\u00eda Riazor, Lencer\u00eda Bettina, La Torinesa, Capuzzi Seguros, Coiffeur Marcelo Estilista, Embalajes del Sur, Flor Azul, Arquitecto Gabriel D\u2019Egidio, Confiter\u00eda La Perfecci\u00f3n, Caf\u00e9 14, Helader\u00eda Yel\u00e9e, Solamar Calzados, Casa Dina y Relojer\u00eda Nino.<\/p>\n\n\n\n<figure class=\"wp-block-image size-large\"><img loading=\"lazy\" decoding=\"async\" width=\"1024\" height=\"683\" src=\"https:\/\/diarioprincipios.com\/wp-content\/uploads\/2024\/10\/21-COMERCIOS-RECIBIERON-EL-RECONOCIMIENTO-RE-LOCALES-4-1024x683.jpg\" alt=\"\" class=\"wp-image-23359\" srcset=\"https:\/\/diarioprincipios.com\/wp-content\/uploads\/2024\/10\/21-COMERCIOS-RECIBIERON-EL-RECONOCIMIENTO-RE-LOCALES-4-1024x683.jpg 1024w, https:\/\/diarioprincipios.com\/wp-content\/uploads\/2024\/10\/21-COMERCIOS-RECIBIERON-EL-RECONOCIMIENTO-RE-LOCALES-4-300x200.jpg 300w, https:\/\/diarioprincipios.com\/wp-content\/uploads\/2024\/10\/21-COMERCIOS-RECIBIERON-EL-RECONOCIMIENTO-RE-LOCALES-4-768x512.jpg 768w, https:\/\/diarioprincipios.com\/wp-content\/uploads\/2024\/10\/21-COMERCIOS-RECIBIERON-EL-RECONOCIMIENTO-RE-LOCALES-4-1536x1024.jpg 1536w, https:\/\/diarioprincipios.com\/wp-content\/uploads\/2024\/10\/21-COMERCIOS-RECIBIERON-EL-RECONOCIMIENTO-RE-LOCALES-4-600x400.jpg 600w, https:\/\/diarioprincipios.com\/wp-content\/uploads\/2024\/10\/21-COMERCIOS-RECIBIERON-EL-RECONOCIMIENTO-RE-LOCALES-4.jpg 1920w\" sizes=\"auto, (max-width: 1024px) 100vw, 1024px\" \/><\/figure>\n\n\n\n<p>\u201cNo todos pueden llegar a tener una trayectoria como estos comercios que hoy reciben la distinci\u00f3n. Por eso nos parece importante reconocerlos. Quiero felicitarlos a todos y decirles gracias porque ustedes construyen vecindad\u201d, expres\u00f3 Mussi.<\/p>\n\n\n\n<p>A su vez, uno de los comerciantes homenajeados, Carlos Cabana, cont\u00f3: \u201cJunto a mi madre fundamos Casa Cabanas, tenemos m\u00e1s de 64 a\u00f1os al servicio de Berazategui y hoy, mi hijo est\u00e1 al frente del negocio. Estoy muy contento por esto, porque es un premio al trabajo y la dedicaci\u00f3n\u201d.<\/p>\n\n\n\n<figure class=\"wp-block-image size-large\"><img loading=\"lazy\" decoding=\"async\" width=\"1024\" height=\"683\" src=\"https:\/\/diarioprincipios.com\/wp-content\/uploads\/2024\/10\/21-COMERCIOS-RECIBIERON-EL-RECONOCIMIENTO-RE-LOCALES-3-1024x683.jpg\" alt=\"\" class=\"wp-image-23360\" srcset=\"https:\/\/diarioprincipios.com\/wp-content\/uploads\/2024\/10\/21-COMERCIOS-RECIBIERON-EL-RECONOCIMIENTO-RE-LOCALES-3-1024x683.jpg 1024w, https:\/\/diarioprincipios.com\/wp-content\/uploads\/2024\/10\/21-COMERCIOS-RECIBIERON-EL-RECONOCIMIENTO-RE-LOCALES-3-300x200.jpg 300w, https:\/\/diarioprincipios.com\/wp-content\/uploads\/2024\/10\/21-COMERCIOS-RECIBIERON-EL-RECONOCIMIENTO-RE-LOCALES-3-768x512.jpg 768w, https:\/\/diarioprincipios.com\/wp-content\/uploads\/2024\/10\/21-COMERCIOS-RECIBIERON-EL-RECONOCIMIENTO-RE-LOCALES-3-1536x1024.jpg 1536w, https:\/\/diarioprincipios.com\/wp-content\/uploads\/2024\/10\/21-COMERCIOS-RECIBIERON-EL-RECONOCIMIENTO-RE-LOCALES-3-600x400.jpg 600w, https:\/\/diarioprincipios.com\/wp-content\/uploads\/2024\/10\/21-COMERCIOS-RECIBIERON-EL-RECONOCIMIENTO-RE-LOCALES-3.jpg 1920w\" sizes=\"auto, (max-width: 1024px) 100vw, 1024px\" \/><\/figure>\n\n\n\n<p>El Municipio de Berazategui, a trav\u00e9s de las Secretar\u00edas de Cultura y Educaci\u00f3n, y de Trabajo, impulsa esta distinci\u00f3n -por medio de la Ordenanza N\u00b0 6073- que reconoce a comercios minoristas locales emblem\u00e1ticos, destacados por su servicio a la comunidad y significaci\u00f3n hist\u00f3rica barrial con m\u00e1s de 25 a\u00f1os de trayectoria.<\/p>\n","protected":false},"excerpt":{"rendered":"<p>Se realiz\u00f3 una nueva entrega del reconocimiento \u00abRe Locales\u00bb, esta vez a 21 comercios berazateguenses, por su destacada trayectoria en el distrito. El intendente municipal, Juan Jos\u00e9 Mussi, encabez\u00f3 la ceremonia que se llev\u00f3 a cabo en el Centro Comercial de Berazategui. Las entidades homenajeadas fueron: Casa Caffarena, Inmobiliaria Proficio, Joyer\u00eda Frangi, Casa Cabanas, Florer\u00eda&#8230;<\/p>\n","protected":false},"author":2,"featured_media":23361,"comment_status":"open","ping_status":"open","sticky":false,"template":"","format":"standard","meta":{"footnotes":""},"categories":[3,18],"tags":[],"class_list":["post-23358","post","type-post","status-publish","format-standard","has-post-thumbnail","hentry","category-berazategui","category-comercio-industria"],"featured_image_src":"https:\/\/diarioprincipios.com\/wp-content\/uploads\/2024\/10\/21-COMERCIOS-RECIBIERON-EL-RECONOCIMIENTO-RE-LOCALES-6-1024x683.jpg","blog_images":{"medium":"https:\/\/diarioprincipios.com\/wp-content\/uploads\/2024\/10\/21-COMERCIOS-RECIBIERON-EL-RECONOCIMIENTO-RE-LOCALES-6-300x200.jpg","large":"https:\/\/diarioprincipios.com\/wp-content\/uploads\/2024\/10\/21-COMERCIOS-RECIBIERON-EL-RECONOCIMIENTO-RE-LOCALES-6-1024x683.jpg"},"ams_acf":[],"yoast_head":"<!-- This site is optimized with the Yoast SEO plugin v27.3 - https:\/\/yoast.com\/product\/yoast-seo-wordpress\/ -->\n<title>Se realiz\u00f3 una nueva entrega del reconocimiento &quot;Re Locales&quot; - Principios<\/title>\n<meta name=\"robots\" content=\"index, follow, max-snippet:-1, max-image-preview:large, max-video-preview:-1\" \/>\n<link rel=\"canonical\" href=\"https:\/\/diarioprincipios.com\/index.php\/2024\/10\/23\/se-realizo-una-nueva-entrega-del-reconocimiento-re-locales\/\" \/>\n<meta property=\"og:locale\" content=\"es_ES\" \/>\n<meta property=\"og:type\" content=\"article\" \/>\n<meta property=\"og:title\" content=\"Se realiz\u00f3 una nueva entrega del reconocimiento &quot;Re Locales&quot; - Principios\" \/>\n<meta property=\"og:description\" content=\"Se realiz\u00f3 una nueva entrega del reconocimiento \u00abRe Locales\u00bb, esta vez a 21 comercios berazateguenses, por su destacada trayectoria en el distrito. El intendente municipal, Juan Jos\u00e9 Mussi, encabez\u00f3 la ceremonia que se llev\u00f3 a cabo en el Centro Comercial de Berazategui. Las entidades homenajeadas fueron: Casa Caffarena, Inmobiliaria Proficio, Joyer\u00eda Frangi, Casa Cabanas, Florer\u00eda...\" \/>\n<meta property=\"og:url\" content=\"https:\/\/diarioprincipios.com\/index.php\/2024\/10\/23\/se-realizo-una-nueva-entrega-del-reconocimiento-re-locales\/\" \/>\n<meta property=\"og:site_name\" content=\"Principios\" \/>\n<meta property=\"article:published_time\" content=\"2024-10-23T17:24:21+00:00\" \/>\n<meta property=\"article:modified_time\" content=\"2024-10-23T17:24:23+00:00\" \/>\n<meta property=\"og:image\" content=\"https:\/\/diarioprincipios.com\/wp-content\/uploads\/2024\/10\/21-COMERCIOS-RECIBIERON-EL-RECONOCIMIENTO-RE-LOCALES-6.jpg\" \/>\n\t<meta property=\"og:image:width\" content=\"1920\" \/>\n\t<meta property=\"og:image:height\" content=\"1280\" \/>\n\t<meta property=\"og:image:type\" content=\"image\/jpeg\" \/>\n<meta name=\"author\" content=\"Hern\u00e1n L\u00f3pez\" \/>\n<meta name=\"twitter:card\" content=\"summary_large_image\" \/>\n<meta name=\"twitter:label1\" content=\"Escrito por\" \/>\n\t<meta name=\"twitter:data1\" content=\"Hern\u00e1n L\u00f3pez\" \/>\n\t<meta name=\"twitter:label2\" content=\"Tiempo de lectura\" \/>\n\t<meta name=\"twitter:data2\" content=\"2 minutos\" \/>\n<script type=\"application\/ld+json\" class=\"yoast-schema-graph\">{\"@context\":\"https:\\\/\\\/schema.org\",\"@graph\":[{\"@type\":\"Article\",\"@id\":\"https:\\\/\\\/diarioprincipios.com\\\/index.php\\\/2024\\\/10\\\/23\\\/se-realizo-una-nueva-entrega-del-reconocimiento-re-locales\\\/#article\",\"isPartOf\":{\"@id\":\"https:\\\/\\\/diarioprincipios.com\\\/index.php\\\/2024\\\/10\\\/23\\\/se-realizo-una-nueva-entrega-del-reconocimiento-re-locales\\\/\"},\"author\":{\"name\":\"Hern\u00e1n L\u00f3pez\",\"@id\":\"https:\\\/\\\/diarioprincipios.com\\\/#\\\/schema\\\/person\\\/436d5a1fd41a5e250e23ff5a6a7cb080\"},\"headline\":\"Se realiz\u00f3 una nueva entrega del reconocimiento \u00abRe Locales\u00bb\",\"datePublished\":\"2024-10-23T17:24:21+00:00\",\"dateModified\":\"2024-10-23T17:24:23+00:00\",\"mainEntityOfPage\":{\"@id\":\"https:\\\/\\\/diarioprincipios.com\\\/index.php\\\/2024\\\/10\\\/23\\\/se-realizo-una-nueva-entrega-del-reconocimiento-re-locales\\\/\"},\"wordCount\":257,\"commentCount\":0,\"publisher\":{\"@id\":\"https:\\\/\\\/diarioprincipios.com\\\/#organization\"},\"image\":{\"@id\":\"https:\\\/\\\/diarioprincipios.com\\\/index.php\\\/2024\\\/10\\\/23\\\/se-realizo-una-nueva-entrega-del-reconocimiento-re-locales\\\/#primaryimage\"},\"thumbnailUrl\":\"https:\\\/\\\/diarioprincipios.com\\\/wp-content\\\/uploads\\\/2024\\\/10\\\/21-COMERCIOS-RECIBIERON-EL-RECONOCIMIENTO-RE-LOCALES-6.jpg\",\"articleSection\":[\"Berazategui\",\"Comercio e Industria\"],\"inLanguage\":\"es\",\"potentialAction\":[{\"@type\":\"CommentAction\",\"name\":\"Comment\",\"target\":[\"https:\\\/\\\/diarioprincipios.com\\\/index.php\\\/2024\\\/10\\\/23\\\/se-realizo-una-nueva-entrega-del-reconocimiento-re-locales\\\/#respond\"]}]},{\"@type\":\"WebPage\",\"@id\":\"https:\\\/\\\/diarioprincipios.com\\\/index.php\\\/2024\\\/10\\\/23\\\/se-realizo-una-nueva-entrega-del-reconocimiento-re-locales\\\/\",\"url\":\"https:\\\/\\\/diarioprincipios.com\\\/index.php\\\/2024\\\/10\\\/23\\\/se-realizo-una-nueva-entrega-del-reconocimiento-re-locales\\\/\",\"name\":\"Se realiz\u00f3 una nueva entrega del reconocimiento \\\"Re Locales\\\" - Principios\",\"isPartOf\":{\"@id\":\"https:\\\/\\\/diarioprincipios.com\\\/#website\"},\"primaryImageOfPage\":{\"@id\":\"https:\\\/\\\/diarioprincipios.com\\\/index.php\\\/2024\\\/10\\\/23\\\/se-realizo-una-nueva-entrega-del-reconocimiento-re-locales\\\/#primaryimage\"},\"image\":{\"@id\":\"https:\\\/\\\/diarioprincipios.com\\\/index.php\\\/2024\\\/10\\\/23\\\/se-realizo-una-nueva-entrega-del-reconocimiento-re-locales\\\/#primaryimage\"},\"thumbnailUrl\":\"https:\\\/\\\/diarioprincipios.com\\\/wp-content\\\/uploads\\\/2024\\\/10\\\/21-COMERCIOS-RECIBIERON-EL-RECONOCIMIENTO-RE-LOCALES-6.jpg\",\"datePublished\":\"2024-10-23T17:24:21+00:00\",\"dateModified\":\"2024-10-23T17:24:23+00:00\",\"breadcrumb\":{\"@id\":\"https:\\\/\\\/diarioprincipios.com\\\/index.php\\\/2024\\\/10\\\/23\\\/se-realizo-una-nueva-entrega-del-reconocimiento-re-locales\\\/#breadcrumb\"},\"inLanguage\":\"es\",\"potentialAction\":[{\"@type\":\"ReadAction\",\"target\":[\"https:\\\/\\\/diarioprincipios.com\\\/index.php\\\/2024\\\/10\\\/23\\\/se-realizo-una-nueva-entrega-del-reconocimiento-re-locales\\\/\"]}]},{\"@type\":\"ImageObject\",\"inLanguage\":\"es\",\"@id\":\"https:\\\/\\\/diarioprincipios.com\\\/index.php\\\/2024\\\/10\\\/23\\\/se-realizo-una-nueva-entrega-del-reconocimiento-re-locales\\\/#primaryimage\",\"url\":\"https:\\\/\\\/diarioprincipios.com\\\/wp-content\\\/uploads\\\/2024\\\/10\\\/21-COMERCIOS-RECIBIERON-EL-RECONOCIMIENTO-RE-LOCALES-6.jpg\",\"contentUrl\":\"https:\\\/\\\/diarioprincipios.com\\\/wp-content\\\/uploads\\\/2024\\\/10\\\/21-COMERCIOS-RECIBIERON-EL-RECONOCIMIENTO-RE-LOCALES-6.jpg\",\"width\":1920,\"height\":1280},{\"@type\":\"BreadcrumbList\",\"@id\":\"https:\\\/\\\/diarioprincipios.com\\\/index.php\\\/2024\\\/10\\\/23\\\/se-realizo-una-nueva-entrega-del-reconocimiento-re-locales\\\/#breadcrumb\",\"itemListElement\":[{\"@type\":\"ListItem\",\"position\":1,\"name\":\"Portada\",\"item\":\"https:\\\/\\\/diarioprincipios.com\\\/\"},{\"@type\":\"ListItem\",\"position\":2,\"name\":\"Se realiz\u00f3 una nueva entrega del reconocimiento \u00abRe Locales\u00bb\"}]},{\"@type\":\"WebSite\",\"@id\":\"https:\\\/\\\/diarioprincipios.com\\\/#website\",\"url\":\"https:\\\/\\\/diarioprincipios.com\\\/\",\"name\":\"Principios\",\"description\":\"Principios Diario\",\"publisher\":{\"@id\":\"https:\\\/\\\/diarioprincipios.com\\\/#organization\"},\"potentialAction\":[{\"@type\":\"SearchAction\",\"target\":{\"@type\":\"EntryPoint\",\"urlTemplate\":\"https:\\\/\\\/diarioprincipios.com\\\/?s={search_term_string}\"},\"query-input\":{\"@type\":\"PropertyValueSpecification\",\"valueRequired\":true,\"valueName\":\"search_term_string\"}}],\"inLanguage\":\"es\"},{\"@type\":\"Organization\",\"@id\":\"https:\\\/\\\/diarioprincipios.com\\\/#organization\",\"name\":\"Principios\",\"url\":\"https:\\\/\\\/diarioprincipios.com\\\/\",\"logo\":{\"@type\":\"ImageObject\",\"inLanguage\":\"es\",\"@id\":\"https:\\\/\\\/diarioprincipios.com\\\/#\\\/schema\\\/logo\\\/image\\\/\",\"url\":\"https:\\\/\\\/diarioprincipios.com\\\/wp-content\\\/uploads\\\/2024\\\/04\\\/cropped-www.diarioprincipios.com_-1.png\",\"contentUrl\":\"https:\\\/\\\/diarioprincipios.com\\\/wp-content\\\/uploads\\\/2024\\\/04\\\/cropped-www.diarioprincipios.com_-1.png\",\"width\":5325,\"height\":1454,\"caption\":\"Principios\"},\"image\":{\"@id\":\"https:\\\/\\\/diarioprincipios.com\\\/#\\\/schema\\\/logo\\\/image\\\/\"}},{\"@type\":\"Person\",\"@id\":\"https:\\\/\\\/diarioprincipios.com\\\/#\\\/schema\\\/person\\\/436d5a1fd41a5e250e23ff5a6a7cb080\",\"name\":\"Hern\u00e1n L\u00f3pez\",\"image\":{\"@type\":\"ImageObject\",\"inLanguage\":\"es\",\"@id\":\"https:\\\/\\\/diarioprincipios.com\\\/wp-content\\\/litespeed\\\/avatar\\\/11ddfe5610ff3bd100522525b2571f48.jpg?ver=1777048341\",\"url\":\"https:\\\/\\\/diarioprincipios.com\\\/wp-content\\\/litespeed\\\/avatar\\\/11ddfe5610ff3bd100522525b2571f48.jpg?ver=1777048341\",\"contentUrl\":\"https:\\\/\\\/diarioprincipios.com\\\/wp-content\\\/litespeed\\\/avatar\\\/11ddfe5610ff3bd100522525b2571f48.jpg?ver=1777048341\",\"caption\":\"Hern\u00e1n L\u00f3pez\"},\"url\":\"https:\\\/\\\/diarioprincipios.com\\\/index.php\\\/author\\\/hernan\\\/\"}]}<\/script>\n<!-- \/ Yoast SEO plugin. -->","yoast_head_json":{"title":"Se realiz\u00f3 una nueva entrega del reconocimiento \"Re Locales\" - Principios","robots":{"index":"index","follow":"follow","max-snippet":"max-snippet:-1","max-image-preview":"max-image-preview:large","max-video-preview":"max-video-preview:-1"},"canonical":"https:\/\/diarioprincipios.com\/index.php\/2024\/10\/23\/se-realizo-una-nueva-entrega-del-reconocimiento-re-locales\/","og_locale":"es_ES","og_type":"article","og_title":"Se realiz\u00f3 una nueva entrega del reconocimiento \"Re Locales\" - Principios","og_description":"Se realiz\u00f3 una nueva entrega del reconocimiento \u00abRe Locales\u00bb, esta vez a 21 comercios berazateguenses, por su destacada trayectoria en el distrito. El intendente municipal, Juan Jos\u00e9 Mussi, encabez\u00f3 la ceremonia que se llev\u00f3 a cabo en el Centro Comercial de Berazategui. Las entidades homenajeadas fueron: Casa Caffarena, Inmobiliaria Proficio, Joyer\u00eda Frangi, Casa Cabanas, Florer\u00eda...","og_url":"https:\/\/diarioprincipios.com\/index.php\/2024\/10\/23\/se-realizo-una-nueva-entrega-del-reconocimiento-re-locales\/","og_site_name":"Principios","article_published_time":"2024-10-23T17:24:21+00:00","article_modified_time":"2024-10-23T17:24:23+00:00","og_image":[{"width":1920,"height":1280,"url":"https:\/\/diarioprincipios.com\/wp-content\/uploads\/2024\/10\/21-COMERCIOS-RECIBIERON-EL-RECONOCIMIENTO-RE-LOCALES-6.jpg","type":"image\/jpeg"}],"author":"Hern\u00e1n L\u00f3pez","twitter_card":"summary_large_image","twitter_misc":{"Escrito por":"Hern\u00e1n L\u00f3pez","Tiempo de lectura":"2 minutos"},"schema":{"@context":"https:\/\/schema.org","@graph":[{"@type":"Article","@id":"https:\/\/diarioprincipios.com\/index.php\/2024\/10\/23\/se-realizo-una-nueva-entrega-del-reconocimiento-re-locales\/#article","isPartOf":{"@id":"https:\/\/diarioprincipios.com\/index.php\/2024\/10\/23\/se-realizo-una-nueva-entrega-del-reconocimiento-re-locales\/"},"author":{"name":"Hern\u00e1n L\u00f3pez","@id":"https:\/\/diarioprincipios.com\/#\/schema\/person\/436d5a1fd41a5e250e23ff5a6a7cb080"},"headline":"Se realiz\u00f3 una nueva entrega del reconocimiento \u00abRe Locales\u00bb","datePublished":"2024-10-23T17:24:21+00:00","dateModified":"2024-10-23T17:24:23+00:00","mainEntityOfPage":{"@id":"https:\/\/diarioprincipios.com\/index.php\/2024\/10\/23\/se-realizo-una-nueva-entrega-del-reconocimiento-re-locales\/"},"wordCount":257,"commentCount":0,"publisher":{"@id":"https:\/\/diarioprincipios.com\/#organization"},"image":{"@id":"https:\/\/diarioprincipios.com\/index.php\/2024\/10\/23\/se-realizo-una-nueva-entrega-del-reconocimiento-re-locales\/#primaryimage"},"thumbnailUrl":"https:\/\/diarioprincipios.com\/wp-content\/uploads\/2024\/10\/21-COMERCIOS-RECIBIERON-EL-RECONOCIMIENTO-RE-LOCALES-6.jpg","articleSection":["Berazategui","Comercio e Industria"],"inLanguage":"es","potentialAction":[{"@type":"CommentAction","name":"Comment","target":["https:\/\/diarioprincipios.com\/index.php\/2024\/10\/23\/se-realizo-una-nueva-entrega-del-reconocimiento-re-locales\/#respond"]}]},{"@type":"WebPage","@id":"https:\/\/diarioprincipios.com\/index.php\/2024\/10\/23\/se-realizo-una-nueva-entrega-del-reconocimiento-re-locales\/","url":"https:\/\/diarioprincipios.com\/index.php\/2024\/10\/23\/se-realizo-una-nueva-entrega-del-reconocimiento-re-locales\/","name":"Se realiz\u00f3 una nueva entrega del reconocimiento \"Re Locales\" - Principios","isPartOf":{"@id":"https:\/\/diarioprincipios.com\/#website"},"primaryImageOfPage":{"@id":"https:\/\/diarioprincipios.com\/index.php\/2024\/10\/23\/se-realizo-una-nueva-entrega-del-reconocimiento-re-locales\/#primaryimage"},"image":{"@id":"https:\/\/diarioprincipios.com\/index.php\/2024\/10\/23\/se-realizo-una-nueva-entrega-del-reconocimiento-re-locales\/#primaryimage"},"thumbnailUrl":"https:\/\/diarioprincipios.com\/wp-content\/uploads\/2024\/10\/21-COMERCIOS-RECIBIERON-EL-RECONOCIMIENTO-RE-LOCALES-6.jpg","datePublished":"2024-10-23T17:24:21+00:00","dateModified":"2024-10-23T17:24:23+00:00","breadcrumb":{"@id":"https:\/\/diarioprincipios.com\/index.php\/2024\/10\/23\/se-realizo-una-nueva-entrega-del-reconocimiento-re-locales\/#breadcrumb"},"inLanguage":"es","potentialAction":[{"@type":"ReadAction","target":["https:\/\/diarioprincipios.com\/index.php\/2024\/10\/23\/se-realizo-una-nueva-entrega-del-reconocimiento-re-locales\/"]}]},{"@type":"ImageObject","inLanguage":"es","@id":"https:\/\/diarioprincipios.com\/index.php\/2024\/10\/23\/se-realizo-una-nueva-entrega-del-reconocimiento-re-locales\/#primaryimage","url":"https:\/\/diarioprincipios.com\/wp-content\/uploads\/2024\/10\/21-COMERCIOS-RECIBIERON-EL-RECONOCIMIENTO-RE-LOCALES-6.jpg","contentUrl":"https:\/\/diarioprincipios.com\/wp-content\/uploads\/2024\/10\/21-COMERCIOS-RECIBIERON-EL-RECONOCIMIENTO-RE-LOCALES-6.jpg","width":1920,"height":1280},{"@type":"BreadcrumbList","@id":"https:\/\/diarioprincipios.com\/index.php\/2024\/10\/23\/se-realizo-una-nueva-entrega-del-reconocimiento-re-locales\/#breadcrumb","itemListElement":[{"@type":"ListItem","position":1,"name":"Portada","item":"https:\/\/diarioprincipios.com\/"},{"@type":"ListItem","position":2,"name":"Se realiz\u00f3 una nueva entrega del reconocimiento \u00abRe Locales\u00bb"}]},{"@type":"WebSite","@id":"https:\/\/diarioprincipios.com\/#website","url":"https:\/\/diarioprincipios.com\/","name":"Principios","description":"Principios Diario","publisher":{"@id":"https:\/\/diarioprincipios.com\/#organization"},"potentialAction":[{"@type":"SearchAction","target":{"@type":"EntryPoint","urlTemplate":"https:\/\/diarioprincipios.com\/?s={search_term_string}"},"query-input":{"@type":"PropertyValueSpecification","valueRequired":true,"valueName":"search_term_string"}}],"inLanguage":"es"},{"@type":"Organization","@id":"https:\/\/diarioprincipios.com\/#organization","name":"Principios","url":"https:\/\/diarioprincipios.com\/","logo":{"@type":"ImageObject","inLanguage":"es","@id":"https:\/\/diarioprincipios.com\/#\/schema\/logo\/image\/","url":"https:\/\/diarioprincipios.com\/wp-content\/uploads\/2024\/04\/cropped-www.diarioprincipios.com_-1.png","contentUrl":"https:\/\/diarioprincipios.com\/wp-content\/uploads\/2024\/04\/cropped-www.diarioprincipios.com_-1.png","width":5325,"height":1454,"caption":"Principios"},"image":{"@id":"https:\/\/diarioprincipios.com\/#\/schema\/logo\/image\/"}},{"@type":"Person","@id":"https:\/\/diarioprincipios.com\/#\/schema\/person\/436d5a1fd41a5e250e23ff5a6a7cb080","name":"Hern\u00e1n L\u00f3pez","image":{"@type":"ImageObject","inLanguage":"es","@id":"https:\/\/diarioprincipios.com\/wp-content\/litespeed\/avatar\/11ddfe5610ff3bd100522525b2571f48.jpg?ver=1777048341","url":"https:\/\/diarioprincipios.com\/wp-content\/litespeed\/avatar\/11ddfe5610ff3bd100522525b2571f48.jpg?ver=1777048341","contentUrl":"https:\/\/diarioprincipios.com\/wp-content\/litespeed\/avatar\/11ddfe5610ff3bd100522525b2571f48.jpg?ver=1777048341","caption":"Hern\u00e1n L\u00f3pez"},"url":"https:\/\/diarioprincipios.com\/index.php\/author\/hernan\/"}]}},"jetpack_featured_media_url":"https:\/\/diarioprincipios.com\/wp-content\/uploads\/2024\/10\/21-COMERCIOS-RECIBIERON-EL-RECONOCIMIENTO-RE-LOCALES-6.jpg","_links":{"self":[{"href":"https:\/\/diarioprincipios.com\/index.php\/wp-json\/wp\/v2\/posts\/23358","targetHints":{"allow":["GET"]}}],"collection":[{"href":"https:\/\/diarioprincipios.com\/index.php\/wp-json\/wp\/v2\/posts"}],"about":[{"href":"https:\/\/diarioprincipios.com\/index.php\/wp-json\/wp\/v2\/types\/post"}],"author":[{"embeddable":true,"href":"https:\/\/diarioprincipios.com\/index.php\/wp-json\/wp\/v2\/users\/2"}],"replies":[{"embeddable":true,"href":"https:\/\/diarioprincipios.com\/index.php\/wp-json\/wp\/v2\/comments?post=23358"}],"version-history":[{"count":1,"href":"https:\/\/diarioprincipios.com\/index.php\/wp-json\/wp\/v2\/posts\/23358\/revisions"}],"predecessor-version":[{"id":23362,"href":"https:\/\/diarioprincipios.com\/index.php\/wp-json\/wp\/v2\/posts\/23358\/revisions\/23362"}],"wp:featuredmedia":[{"embeddable":true,"href":"https:\/\/diarioprincipios.com\/index.php\/wp-json\/wp\/v2\/media\/23361"}],"wp:attachment":[{"href":"https:\/\/diarioprincipios.com\/index.php\/wp-json\/wp\/v2\/media?parent=23358"}],"wp:term":[{"taxonomy":"category","embeddable":true,"href":"https:\/\/diarioprincipios.com\/index.php\/wp-json\/wp\/v2\/categories?post=23358"},{"taxonomy":"post_tag","embeddable":true,"href":"https:\/\/diarioprincipios.com\/index.php\/wp-json\/wp\/v2\/tags?post=23358"}],"curies":[{"name":"wp","href":"https:\/\/api.w.org\/{rel}","templated":true}]}}