{"id":23344,"date":"2024-10-22T08:50:29","date_gmt":"2024-10-22T11:50:29","guid":{"rendered":"http:\/\/diarioprincipios.com\/?p=23344"},"modified":"2024-10-22T08:50:31","modified_gmt":"2024-10-22T11:50:31","slug":"los-concejos-deliberantes-de-la-region-sesionaron-de-manera-conjunta-en-la-unaj","status":"publish","type":"post","link":"https:\/\/diarioprincipios.com\/index.php\/2024\/10\/22\/los-concejos-deliberantes-de-la-region-sesionaron-de-manera-conjunta-en-la-unaj\/","title":{"rendered":"Los Concejos Deliberantes de la regi\u00f3n sesionaron de manera conjunta en la UNAJ"},"content":{"rendered":"\n<p><strong>Los ntegrantes de los Concejos Deliberantes de Berazategui, Florencio Varela, Quilmes, Almirante Brown y Lomas de Zamora sesionaron conjuntamente en la Universidad Nacional Arturo Jauretche (UNAJ). Fue una iniciativa de los diferentes Bloques Justicialistas que pronunciaron su en\u00e9rgico repudio frente al veto a la ley de financiamiento universitario, en defensa de la educaci\u00f3n p\u00fablica y gratuita.<\/strong><br>En ese marco, Andrea Canestro, presidenta del Concejo Deliberante de Berazategui, expres\u00f3: \u201cHoy, en la UNAJ, nos re\u00fane la lucha continua por defender nuestros derechos y, en este caso, los derechos de los estudiantes. Estamos en contra del veto del Presidente en cuanto al desfinanciamiento de las Universidades P\u00fablicas. Pensamos esta jornada con varios distritos de la regi\u00f3n y estudiantes de esta Universidad, junto a los Concejos Deliberantes de Florencio Varela, Berazategui, Lomas de Zamora, Almirante Brown y Quilmes, y los Bloques Justicialistas o de Uni\u00f3n por la Patria, en defensa de la Educaci\u00f3n P\u00fablica. Los otros bloques faltaron a la sesi\u00f3n para no dar el debate. Nuestros pibes y pibas no podr\u00e1n seguir estudiando y se fren\u00f3 la obra de nuestra tan ansiada sede de la UNAJ en Berazategui. Este Presidente fren\u00f3 el proyecto\u201d.<\/p>\n\n\n\n<figure class=\"wp-block-image size-large\"><img loading=\"lazy\" decoding=\"async\" width=\"1024\" height=\"683\" src=\"https:\/\/diarioprincipios.com\/wp-content\/uploads\/2024\/10\/LOS-CONCEJOS-DELIBERANTES-DE-LA-REGION-SESIONARON-DE-MANERA-CONJUNTA-EN-LA-UNAJ-1-1-1024x683.jpg\" alt=\"\" class=\"wp-image-23345\" srcset=\"https:\/\/diarioprincipios.com\/wp-content\/uploads\/2024\/10\/LOS-CONCEJOS-DELIBERANTES-DE-LA-REGION-SESIONARON-DE-MANERA-CONJUNTA-EN-LA-UNAJ-1-1-1024x683.jpg 1024w, https:\/\/diarioprincipios.com\/wp-content\/uploads\/2024\/10\/LOS-CONCEJOS-DELIBERANTES-DE-LA-REGION-SESIONARON-DE-MANERA-CONJUNTA-EN-LA-UNAJ-1-1-300x200.jpg 300w, https:\/\/diarioprincipios.com\/wp-content\/uploads\/2024\/10\/LOS-CONCEJOS-DELIBERANTES-DE-LA-REGION-SESIONARON-DE-MANERA-CONJUNTA-EN-LA-UNAJ-1-1-768x512.jpg 768w, https:\/\/diarioprincipios.com\/wp-content\/uploads\/2024\/10\/LOS-CONCEJOS-DELIBERANTES-DE-LA-REGION-SESIONARON-DE-MANERA-CONJUNTA-EN-LA-UNAJ-1-1-1536x1024.jpg 1536w, https:\/\/diarioprincipios.com\/wp-content\/uploads\/2024\/10\/LOS-CONCEJOS-DELIBERANTES-DE-LA-REGION-SESIONARON-DE-MANERA-CONJUNTA-EN-LA-UNAJ-1-1-600x400.jpg 600w, https:\/\/diarioprincipios.com\/wp-content\/uploads\/2024\/10\/LOS-CONCEJOS-DELIBERANTES-DE-LA-REGION-SESIONARON-DE-MANERA-CONJUNTA-EN-LA-UNAJ-1-1.jpg 1920w\" sizes=\"auto, (max-width: 1024px) 100vw, 1024px\" \/><\/figure>\n\n\n\n<p><br>Por su parte, Arnaldo Medina, rector de la UNAJ, manifest\u00f3: \u201cAnte la afirmaci\u00f3n de que a las Universidades P\u00fablicas asisten solo los ricos y de clase alta, tenemos para decirle al Presidente que los datos oficiales del INDEC, de la encuesta permanente de hogares, dicen que el 48,5 % de los estudiantes universitarios -que son m\u00e1s de 2 millones en nuestro pa\u00eds- est\u00e1n por debajo de la l\u00ednea de pobreza. Todas las clases sociales est\u00e1n representadas en nuestras universidades\u201d.<br>De esta manera, los y las presentes expresaron su oposici\u00f3n al veto presidencial a la Ley 27.757 de Financiamiento Universitario, dispuesto en relaci\u00f3n al desfinanciamiento de estas Instituciones de la Democracia.<\/p>\n","protected":false},"excerpt":{"rendered":"<p>Los ntegrantes de los Concejos Deliberantes de Berazategui, Florencio Varela, Quilmes, Almirante Brown y Lomas de Zamora sesionaron conjuntamente en la Universidad Nacional Arturo Jauretche (UNAJ). Fue una iniciativa de los diferentes Bloques Justicialistas que pronunciaron su en\u00e9rgico repudio frente al veto a la ley de financiamiento universitario, en defensa de la educaci\u00f3n p\u00fablica y&#8230;<\/p>\n","protected":false},"author":2,"featured_media":23346,"comment_status":"open","ping_status":"open","sticky":false,"template":"","format":"standard","meta":{"footnotes":""},"categories":[17],"tags":[],"class_list":["post-23344","post","type-post","status-publish","format-standard","has-post-thumbnail","hentry","category-zona-sur"],"featured_image_src":"https:\/\/diarioprincipios.com\/wp-content\/uploads\/2024\/10\/LOS-CONCEJOS-DELIBERANTES-DE-LA-REGION-SESIONARON-DE-MANERA-CONJUNTA-EN-LA-UNAJ-1-1024x683.jpg","blog_images":{"medium":"https:\/\/diarioprincipios.com\/wp-content\/uploads\/2024\/10\/LOS-CONCEJOS-DELIBERANTES-DE-LA-REGION-SESIONARON-DE-MANERA-CONJUNTA-EN-LA-UNAJ-1-300x200.jpg","large":"https:\/\/diarioprincipios.com\/wp-content\/uploads\/2024\/10\/LOS-CONCEJOS-DELIBERANTES-DE-LA-REGION-SESIONARON-DE-MANERA-CONJUNTA-EN-LA-UNAJ-1-1024x683.jpg"},"ams_acf":[],"yoast_head":"<!-- This site is optimized with the Yoast SEO plugin v27.3 - https:\/\/yoast.com\/product\/yoast-seo-wordpress\/ -->\n<title>Los Concejos Deliberantes de la regi\u00f3n sesionaron de manera conjunta en la UNAJ - Principios<\/title>\n<meta name=\"robots\" content=\"index, follow, max-snippet:-1, max-image-preview:large, max-video-preview:-1\" \/>\n<link rel=\"canonical\" href=\"https:\/\/diarioprincipios.com\/index.php\/2024\/10\/22\/los-concejos-deliberantes-de-la-region-sesionaron-de-manera-conjunta-en-la-unaj\/\" \/>\n<meta property=\"og:locale\" content=\"es_ES\" \/>\n<meta property=\"og:type\" content=\"article\" \/>\n<meta property=\"og:title\" content=\"Los Concejos Deliberantes de la regi\u00f3n sesionaron de manera conjunta en la UNAJ - Principios\" \/>\n<meta property=\"og:description\" content=\"Los ntegrantes de los Concejos Deliberantes de Berazategui, Florencio Varela, Quilmes, Almirante Brown y Lomas de Zamora sesionaron conjuntamente en la Universidad Nacional Arturo Jauretche (UNAJ). Fue una iniciativa de los diferentes Bloques Justicialistas que pronunciaron su en\u00e9rgico repudio frente al veto a la ley de financiamiento universitario, en defensa de la educaci\u00f3n p\u00fablica y...\" \/>\n<meta property=\"og:url\" content=\"https:\/\/diarioprincipios.com\/index.php\/2024\/10\/22\/los-concejos-deliberantes-de-la-region-sesionaron-de-manera-conjunta-en-la-unaj\/\" \/>\n<meta property=\"og:site_name\" content=\"Principios\" \/>\n<meta property=\"article:published_time\" content=\"2024-10-22T11:50:29+00:00\" \/>\n<meta property=\"article:modified_time\" content=\"2024-10-22T11:50:31+00:00\" \/>\n<meta property=\"og:image\" content=\"https:\/\/diarioprincipios.com\/wp-content\/uploads\/2024\/10\/LOS-CONCEJOS-DELIBERANTES-DE-LA-REGION-SESIONARON-DE-MANERA-CONJUNTA-EN-LA-UNAJ-1.jpg\" \/>\n\t<meta property=\"og:image:width\" content=\"1920\" \/>\n\t<meta property=\"og:image:height\" content=\"1280\" \/>\n\t<meta property=\"og:image:type\" content=\"image\/jpeg\" \/>\n<meta name=\"author\" content=\"Hern\u00e1n L\u00f3pez\" \/>\n<meta name=\"twitter:card\" content=\"summary_large_image\" \/>\n<meta name=\"twitter:label1\" content=\"Escrito por\" \/>\n\t<meta name=\"twitter:data1\" content=\"Hern\u00e1n L\u00f3pez\" \/>\n\t<meta name=\"twitter:label2\" content=\"Tiempo de lectura\" \/>\n\t<meta name=\"twitter:data2\" content=\"2 minutos\" \/>\n<script type=\"application\/ld+json\" class=\"yoast-schema-graph\">{\"@context\":\"https:\\\/\\\/schema.org\",\"@graph\":[{\"@type\":\"Article\",\"@id\":\"https:\\\/\\\/diarioprincipios.com\\\/index.php\\\/2024\\\/10\\\/22\\\/los-concejos-deliberantes-de-la-region-sesionaron-de-manera-conjunta-en-la-unaj\\\/#article\",\"isPartOf\":{\"@id\":\"https:\\\/\\\/diarioprincipios.com\\\/index.php\\\/2024\\\/10\\\/22\\\/los-concejos-deliberantes-de-la-region-sesionaron-de-manera-conjunta-en-la-unaj\\\/\"},\"author\":{\"name\":\"Hern\u00e1n L\u00f3pez\",\"@id\":\"https:\\\/\\\/diarioprincipios.com\\\/#\\\/schema\\\/person\\\/436d5a1fd41a5e250e23ff5a6a7cb080\"},\"headline\":\"Los Concejos Deliberantes de la regi\u00f3n sesionaron de manera conjunta en la UNAJ\",\"datePublished\":\"2024-10-22T11:50:29+00:00\",\"dateModified\":\"2024-10-22T11:50:31+00:00\",\"mainEntityOfPage\":{\"@id\":\"https:\\\/\\\/diarioprincipios.com\\\/index.php\\\/2024\\\/10\\\/22\\\/los-concejos-deliberantes-de-la-region-sesionaron-de-manera-conjunta-en-la-unaj\\\/\"},\"wordCount\":331,\"commentCount\":0,\"publisher\":{\"@id\":\"https:\\\/\\\/diarioprincipios.com\\\/#organization\"},\"image\":{\"@id\":\"https:\\\/\\\/diarioprincipios.com\\\/index.php\\\/2024\\\/10\\\/22\\\/los-concejos-deliberantes-de-la-region-sesionaron-de-manera-conjunta-en-la-unaj\\\/#primaryimage\"},\"thumbnailUrl\":\"https:\\\/\\\/diarioprincipios.com\\\/wp-content\\\/uploads\\\/2024\\\/10\\\/LOS-CONCEJOS-DELIBERANTES-DE-LA-REGION-SESIONARON-DE-MANERA-CONJUNTA-EN-LA-UNAJ-1.jpg\",\"articleSection\":[\"Zonar Sur\"],\"inLanguage\":\"es\",\"potentialAction\":[{\"@type\":\"CommentAction\",\"name\":\"Comment\",\"target\":[\"https:\\\/\\\/diarioprincipios.com\\\/index.php\\\/2024\\\/10\\\/22\\\/los-concejos-deliberantes-de-la-region-sesionaron-de-manera-conjunta-en-la-unaj\\\/#respond\"]}]},{\"@type\":\"WebPage\",\"@id\":\"https:\\\/\\\/diarioprincipios.com\\\/index.php\\\/2024\\\/10\\\/22\\\/los-concejos-deliberantes-de-la-region-sesionaron-de-manera-conjunta-en-la-unaj\\\/\",\"url\":\"https:\\\/\\\/diarioprincipios.com\\\/index.php\\\/2024\\\/10\\\/22\\\/los-concejos-deliberantes-de-la-region-sesionaron-de-manera-conjunta-en-la-unaj\\\/\",\"name\":\"Los Concejos Deliberantes de la regi\u00f3n sesionaron de manera conjunta en la UNAJ - Principios\",\"isPartOf\":{\"@id\":\"https:\\\/\\\/diarioprincipios.com\\\/#website\"},\"primaryImageOfPage\":{\"@id\":\"https:\\\/\\\/diarioprincipios.com\\\/index.php\\\/2024\\\/10\\\/22\\\/los-concejos-deliberantes-de-la-region-sesionaron-de-manera-conjunta-en-la-unaj\\\/#primaryimage\"},\"image\":{\"@id\":\"https:\\\/\\\/diarioprincipios.com\\\/index.php\\\/2024\\\/10\\\/22\\\/los-concejos-deliberantes-de-la-region-sesionaron-de-manera-conjunta-en-la-unaj\\\/#primaryimage\"},\"thumbnailUrl\":\"https:\\\/\\\/diarioprincipios.com\\\/wp-content\\\/uploads\\\/2024\\\/10\\\/LOS-CONCEJOS-DELIBERANTES-DE-LA-REGION-SESIONARON-DE-MANERA-CONJUNTA-EN-LA-UNAJ-1.jpg\",\"datePublished\":\"2024-10-22T11:50:29+00:00\",\"dateModified\":\"2024-10-22T11:50:31+00:00\",\"breadcrumb\":{\"@id\":\"https:\\\/\\\/diarioprincipios.com\\\/index.php\\\/2024\\\/10\\\/22\\\/los-concejos-deliberantes-de-la-region-sesionaron-de-manera-conjunta-en-la-unaj\\\/#breadcrumb\"},\"inLanguage\":\"es\",\"potentialAction\":[{\"@type\":\"ReadAction\",\"target\":[\"https:\\\/\\\/diarioprincipios.com\\\/index.php\\\/2024\\\/10\\\/22\\\/los-concejos-deliberantes-de-la-region-sesionaron-de-manera-conjunta-en-la-unaj\\\/\"]}]},{\"@type\":\"ImageObject\",\"inLanguage\":\"es\",\"@id\":\"https:\\\/\\\/diarioprincipios.com\\\/index.php\\\/2024\\\/10\\\/22\\\/los-concejos-deliberantes-de-la-region-sesionaron-de-manera-conjunta-en-la-unaj\\\/#primaryimage\",\"url\":\"https:\\\/\\\/diarioprincipios.com\\\/wp-content\\\/uploads\\\/2024\\\/10\\\/LOS-CONCEJOS-DELIBERANTES-DE-LA-REGION-SESIONARON-DE-MANERA-CONJUNTA-EN-LA-UNAJ-1.jpg\",\"contentUrl\":\"https:\\\/\\\/diarioprincipios.com\\\/wp-content\\\/uploads\\\/2024\\\/10\\\/LOS-CONCEJOS-DELIBERANTES-DE-LA-REGION-SESIONARON-DE-MANERA-CONJUNTA-EN-LA-UNAJ-1.jpg\",\"width\":1920,\"height\":1280},{\"@type\":\"BreadcrumbList\",\"@id\":\"https:\\\/\\\/diarioprincipios.com\\\/index.php\\\/2024\\\/10\\\/22\\\/los-concejos-deliberantes-de-la-region-sesionaron-de-manera-conjunta-en-la-unaj\\\/#breadcrumb\",\"itemListElement\":[{\"@type\":\"ListItem\",\"position\":1,\"name\":\"Portada\",\"item\":\"https:\\\/\\\/diarioprincipios.com\\\/\"},{\"@type\":\"ListItem\",\"position\":2,\"name\":\"Los Concejos Deliberantes de la regi\u00f3n sesionaron de manera conjunta en la UNAJ\"}]},{\"@type\":\"WebSite\",\"@id\":\"https:\\\/\\\/diarioprincipios.com\\\/#website\",\"url\":\"https:\\\/\\\/diarioprincipios.com\\\/\",\"name\":\"Principios\",\"description\":\"Principios Diario\",\"publisher\":{\"@id\":\"https:\\\/\\\/diarioprincipios.com\\\/#organization\"},\"potentialAction\":[{\"@type\":\"SearchAction\",\"target\":{\"@type\":\"EntryPoint\",\"urlTemplate\":\"https:\\\/\\\/diarioprincipios.com\\\/?s={search_term_string}\"},\"query-input\":{\"@type\":\"PropertyValueSpecification\",\"valueRequired\":true,\"valueName\":\"search_term_string\"}}],\"inLanguage\":\"es\"},{\"@type\":\"Organization\",\"@id\":\"https:\\\/\\\/diarioprincipios.com\\\/#organization\",\"name\":\"Principios\",\"url\":\"https:\\\/\\\/diarioprincipios.com\\\/\",\"logo\":{\"@type\":\"ImageObject\",\"inLanguage\":\"es\",\"@id\":\"https:\\\/\\\/diarioprincipios.com\\\/#\\\/schema\\\/logo\\\/image\\\/\",\"url\":\"https:\\\/\\\/diarioprincipios.com\\\/wp-content\\\/uploads\\\/2024\\\/04\\\/cropped-www.diarioprincipios.com_-1.png\",\"contentUrl\":\"https:\\\/\\\/diarioprincipios.com\\\/wp-content\\\/uploads\\\/2024\\\/04\\\/cropped-www.diarioprincipios.com_-1.png\",\"width\":5325,\"height\":1454,\"caption\":\"Principios\"},\"image\":{\"@id\":\"https:\\\/\\\/diarioprincipios.com\\\/#\\\/schema\\\/logo\\\/image\\\/\"}},{\"@type\":\"Person\",\"@id\":\"https:\\\/\\\/diarioprincipios.com\\\/#\\\/schema\\\/person\\\/436d5a1fd41a5e250e23ff5a6a7cb080\",\"name\":\"Hern\u00e1n L\u00f3pez\",\"image\":{\"@type\":\"ImageObject\",\"inLanguage\":\"es\",\"@id\":\"https:\\\/\\\/diarioprincipios.com\\\/wp-content\\\/litespeed\\\/avatar\\\/11ddfe5610ff3bd100522525b2571f48.jpg?ver=1777048341\",\"url\":\"https:\\\/\\\/diarioprincipios.com\\\/wp-content\\\/litespeed\\\/avatar\\\/11ddfe5610ff3bd100522525b2571f48.jpg?ver=1777048341\",\"contentUrl\":\"https:\\\/\\\/diarioprincipios.com\\\/wp-content\\\/litespeed\\\/avatar\\\/11ddfe5610ff3bd100522525b2571f48.jpg?ver=1777048341\",\"caption\":\"Hern\u00e1n L\u00f3pez\"},\"url\":\"https:\\\/\\\/diarioprincipios.com\\\/index.php\\\/author\\\/hernan\\\/\"}]}<\/script>\n<!-- \/ Yoast SEO plugin. -->","yoast_head_json":{"title":"Los Concejos Deliberantes de la regi\u00f3n sesionaron de manera conjunta en la UNAJ - Principios","robots":{"index":"index","follow":"follow","max-snippet":"max-snippet:-1","max-image-preview":"max-image-preview:large","max-video-preview":"max-video-preview:-1"},"canonical":"https:\/\/diarioprincipios.com\/index.php\/2024\/10\/22\/los-concejos-deliberantes-de-la-region-sesionaron-de-manera-conjunta-en-la-unaj\/","og_locale":"es_ES","og_type":"article","og_title":"Los Concejos Deliberantes de la regi\u00f3n sesionaron de manera conjunta en la UNAJ - Principios","og_description":"Los ntegrantes de los Concejos Deliberantes de Berazategui, Florencio Varela, Quilmes, Almirante Brown y Lomas de Zamora sesionaron conjuntamente en la Universidad Nacional Arturo Jauretche (UNAJ). Fue una iniciativa de los diferentes Bloques Justicialistas que pronunciaron su en\u00e9rgico repudio frente al veto a la ley de financiamiento universitario, en defensa de la educaci\u00f3n p\u00fablica y...","og_url":"https:\/\/diarioprincipios.com\/index.php\/2024\/10\/22\/los-concejos-deliberantes-de-la-region-sesionaron-de-manera-conjunta-en-la-unaj\/","og_site_name":"Principios","article_published_time":"2024-10-22T11:50:29+00:00","article_modified_time":"2024-10-22T11:50:31+00:00","og_image":[{"width":1920,"height":1280,"url":"https:\/\/diarioprincipios.com\/wp-content\/uploads\/2024\/10\/LOS-CONCEJOS-DELIBERANTES-DE-LA-REGION-SESIONARON-DE-MANERA-CONJUNTA-EN-LA-UNAJ-1.jpg","type":"image\/jpeg"}],"author":"Hern\u00e1n L\u00f3pez","twitter_card":"summary_large_image","twitter_misc":{"Escrito por":"Hern\u00e1n L\u00f3pez","Tiempo de lectura":"2 minutos"},"schema":{"@context":"https:\/\/schema.org","@graph":[{"@type":"Article","@id":"https:\/\/diarioprincipios.com\/index.php\/2024\/10\/22\/los-concejos-deliberantes-de-la-region-sesionaron-de-manera-conjunta-en-la-unaj\/#article","isPartOf":{"@id":"https:\/\/diarioprincipios.com\/index.php\/2024\/10\/22\/los-concejos-deliberantes-de-la-region-sesionaron-de-manera-conjunta-en-la-unaj\/"},"author":{"name":"Hern\u00e1n L\u00f3pez","@id":"https:\/\/diarioprincipios.com\/#\/schema\/person\/436d5a1fd41a5e250e23ff5a6a7cb080"},"headline":"Los Concejos Deliberantes de la regi\u00f3n sesionaron de manera conjunta en la UNAJ","datePublished":"2024-10-22T11:50:29+00:00","dateModified":"2024-10-22T11:50:31+00:00","mainEntityOfPage":{"@id":"https:\/\/diarioprincipios.com\/index.php\/2024\/10\/22\/los-concejos-deliberantes-de-la-region-sesionaron-de-manera-conjunta-en-la-unaj\/"},"wordCount":331,"commentCount":0,"publisher":{"@id":"https:\/\/diarioprincipios.com\/#organization"},"image":{"@id":"https:\/\/diarioprincipios.com\/index.php\/2024\/10\/22\/los-concejos-deliberantes-de-la-region-sesionaron-de-manera-conjunta-en-la-unaj\/#primaryimage"},"thumbnailUrl":"https:\/\/diarioprincipios.com\/wp-content\/uploads\/2024\/10\/LOS-CONCEJOS-DELIBERANTES-DE-LA-REGION-SESIONARON-DE-MANERA-CONJUNTA-EN-LA-UNAJ-1.jpg","articleSection":["Zonar Sur"],"inLanguage":"es","potentialAction":[{"@type":"CommentAction","name":"Comment","target":["https:\/\/diarioprincipios.com\/index.php\/2024\/10\/22\/los-concejos-deliberantes-de-la-region-sesionaron-de-manera-conjunta-en-la-unaj\/#respond"]}]},{"@type":"WebPage","@id":"https:\/\/diarioprincipios.com\/index.php\/2024\/10\/22\/los-concejos-deliberantes-de-la-region-sesionaron-de-manera-conjunta-en-la-unaj\/","url":"https:\/\/diarioprincipios.com\/index.php\/2024\/10\/22\/los-concejos-deliberantes-de-la-region-sesionaron-de-manera-conjunta-en-la-unaj\/","name":"Los Concejos Deliberantes de la regi\u00f3n sesionaron de manera conjunta en la UNAJ - Principios","isPartOf":{"@id":"https:\/\/diarioprincipios.com\/#website"},"primaryImageOfPage":{"@id":"https:\/\/diarioprincipios.com\/index.php\/2024\/10\/22\/los-concejos-deliberantes-de-la-region-sesionaron-de-manera-conjunta-en-la-unaj\/#primaryimage"},"image":{"@id":"https:\/\/diarioprincipios.com\/index.php\/2024\/10\/22\/los-concejos-deliberantes-de-la-region-sesionaron-de-manera-conjunta-en-la-unaj\/#primaryimage"},"thumbnailUrl":"https:\/\/diarioprincipios.com\/wp-content\/uploads\/2024\/10\/LOS-CONCEJOS-DELIBERANTES-DE-LA-REGION-SESIONARON-DE-MANERA-CONJUNTA-EN-LA-UNAJ-1.jpg","datePublished":"2024-10-22T11:50:29+00:00","dateModified":"2024-10-22T11:50:31+00:00","breadcrumb":{"@id":"https:\/\/diarioprincipios.com\/index.php\/2024\/10\/22\/los-concejos-deliberantes-de-la-region-sesionaron-de-manera-conjunta-en-la-unaj\/#breadcrumb"},"inLanguage":"es","potentialAction":[{"@type":"ReadAction","target":["https:\/\/diarioprincipios.com\/index.php\/2024\/10\/22\/los-concejos-deliberantes-de-la-region-sesionaron-de-manera-conjunta-en-la-unaj\/"]}]},{"@type":"ImageObject","inLanguage":"es","@id":"https:\/\/diarioprincipios.com\/index.php\/2024\/10\/22\/los-concejos-deliberantes-de-la-region-sesionaron-de-manera-conjunta-en-la-unaj\/#primaryimage","url":"https:\/\/diarioprincipios.com\/wp-content\/uploads\/2024\/10\/LOS-CONCEJOS-DELIBERANTES-DE-LA-REGION-SESIONARON-DE-MANERA-CONJUNTA-EN-LA-UNAJ-1.jpg","contentUrl":"https:\/\/diarioprincipios.com\/wp-content\/uploads\/2024\/10\/LOS-CONCEJOS-DELIBERANTES-DE-LA-REGION-SESIONARON-DE-MANERA-CONJUNTA-EN-LA-UNAJ-1.jpg","width":1920,"height":1280},{"@type":"BreadcrumbList","@id":"https:\/\/diarioprincipios.com\/index.php\/2024\/10\/22\/los-concejos-deliberantes-de-la-region-sesionaron-de-manera-conjunta-en-la-unaj\/#breadcrumb","itemListElement":[{"@type":"ListItem","position":1,"name":"Portada","item":"https:\/\/diarioprincipios.com\/"},{"@type":"ListItem","position":2,"name":"Los Concejos Deliberantes de la regi\u00f3n sesionaron de manera conjunta en la UNAJ"}]},{"@type":"WebSite","@id":"https:\/\/diarioprincipios.com\/#website","url":"https:\/\/diarioprincipios.com\/","name":"Principios","description":"Principios Diario","publisher":{"@id":"https:\/\/diarioprincipios.com\/#organization"},"potentialAction":[{"@type":"SearchAction","target":{"@type":"EntryPoint","urlTemplate":"https:\/\/diarioprincipios.com\/?s={search_term_string}"},"query-input":{"@type":"PropertyValueSpecification","valueRequired":true,"valueName":"search_term_string"}}],"inLanguage":"es"},{"@type":"Organization","@id":"https:\/\/diarioprincipios.com\/#organization","name":"Principios","url":"https:\/\/diarioprincipios.com\/","logo":{"@type":"ImageObject","inLanguage":"es","@id":"https:\/\/diarioprincipios.com\/#\/schema\/logo\/image\/","url":"https:\/\/diarioprincipios.com\/wp-content\/uploads\/2024\/04\/cropped-www.diarioprincipios.com_-1.png","contentUrl":"https:\/\/diarioprincipios.com\/wp-content\/uploads\/2024\/04\/cropped-www.diarioprincipios.com_-1.png","width":5325,"height":1454,"caption":"Principios"},"image":{"@id":"https:\/\/diarioprincipios.com\/#\/schema\/logo\/image\/"}},{"@type":"Person","@id":"https:\/\/diarioprincipios.com\/#\/schema\/person\/436d5a1fd41a5e250e23ff5a6a7cb080","name":"Hern\u00e1n L\u00f3pez","image":{"@type":"ImageObject","inLanguage":"es","@id":"https:\/\/diarioprincipios.com\/wp-content\/litespeed\/avatar\/11ddfe5610ff3bd100522525b2571f48.jpg?ver=1777048341","url":"https:\/\/diarioprincipios.com\/wp-content\/litespeed\/avatar\/11ddfe5610ff3bd100522525b2571f48.jpg?ver=1777048341","contentUrl":"https:\/\/diarioprincipios.com\/wp-content\/litespeed\/avatar\/11ddfe5610ff3bd100522525b2571f48.jpg?ver=1777048341","caption":"Hern\u00e1n L\u00f3pez"},"url":"https:\/\/diarioprincipios.com\/index.php\/author\/hernan\/"}]}},"jetpack_featured_media_url":"https:\/\/diarioprincipios.com\/wp-content\/uploads\/2024\/10\/LOS-CONCEJOS-DELIBERANTES-DE-LA-REGION-SESIONARON-DE-MANERA-CONJUNTA-EN-LA-UNAJ-1.jpg","_links":{"self":[{"href":"https:\/\/diarioprincipios.com\/index.php\/wp-json\/wp\/v2\/posts\/23344","targetHints":{"allow":["GET"]}}],"collection":[{"href":"https:\/\/diarioprincipios.com\/index.php\/wp-json\/wp\/v2\/posts"}],"about":[{"href":"https:\/\/diarioprincipios.com\/index.php\/wp-json\/wp\/v2\/types\/post"}],"author":[{"embeddable":true,"href":"https:\/\/diarioprincipios.com\/index.php\/wp-json\/wp\/v2\/users\/2"}],"replies":[{"embeddable":true,"href":"https:\/\/diarioprincipios.com\/index.php\/wp-json\/wp\/v2\/comments?post=23344"}],"version-history":[{"count":1,"href":"https:\/\/diarioprincipios.com\/index.php\/wp-json\/wp\/v2\/posts\/23344\/revisions"}],"predecessor-version":[{"id":23347,"href":"https:\/\/diarioprincipios.com\/index.php\/wp-json\/wp\/v2\/posts\/23344\/revisions\/23347"}],"wp:featuredmedia":[{"embeddable":true,"href":"https:\/\/diarioprincipios.com\/index.php\/wp-json\/wp\/v2\/media\/23346"}],"wp:attachment":[{"href":"https:\/\/diarioprincipios.com\/index.php\/wp-json\/wp\/v2\/media?parent=23344"}],"wp:term":[{"taxonomy":"category","embeddable":true,"href":"https:\/\/diarioprincipios.com\/index.php\/wp-json\/wp\/v2\/categories?post=23344"},{"taxonomy":"post_tag","embeddable":true,"href":"https:\/\/diarioprincipios.com\/index.php\/wp-json\/wp\/v2\/tags?post=23344"}],"curies":[{"name":"wp","href":"https:\/\/api.w.org\/{rel}","templated":true}]}}