{"id":23333,"date":"2024-10-21T17:00:29","date_gmt":"2024-10-21T20:00:29","guid":{"rendered":"http:\/\/diarioprincipios.com\/?p=23333"},"modified":"2024-10-21T17:00:31","modified_gmt":"2024-10-21T20:00:31","slug":"se-festejo-el-2-aniversario-del-complejo-cultural-municipal-la-calle","status":"publish","type":"post","link":"https:\/\/diarioprincipios.com\/index.php\/2024\/10\/21\/se-festejo-el-2-aniversario-del-complejo-cultural-municipal-la-calle\/","title":{"rendered":"Se festej\u00f3 el 2\u00b0 aniversario del Complejo Cultural Municipal La Calle"},"content":{"rendered":"\n<p><strong>El s\u00e1bado 19 de octubre se festej\u00f3 el 2\u00b0 aniversario del Complejo Cultural Municipal La Calle, con una tarde llena de actividades culturales para las juventudes. El intendente de Berazategui, Juan Jos\u00e9 Mussi, encabez\u00f3 la celebraci\u00f3n y destac\u00f3 el valor del espacio.<\/strong><\/p>\n\n\n\n<p>\u201cHay que seguir con estas propuestas. Desde mi primera asunci\u00f3n como Intendente, priorizamos la cultura, porque generar espacios culturales que acerquen a las juventudes es alejarlas de peligros\u201d, asegur\u00f3 Mussi.<\/p>\n\n\n\n<figure class=\"wp-block-image size-large\"><img loading=\"lazy\" decoding=\"async\" width=\"1024\" height=\"683\" src=\"https:\/\/diarioprincipios.com\/wp-content\/uploads\/2024\/10\/CELEBRARON-EL-2\u00b0-ANIVERSARIO-DEL-COMPLEJO-CULTURAL-LA-CALLE-5-1024x683.jpg\" alt=\"\" class=\"wp-image-23334\" srcset=\"https:\/\/diarioprincipios.com\/wp-content\/uploads\/2024\/10\/CELEBRARON-EL-2\u00b0-ANIVERSARIO-DEL-COMPLEJO-CULTURAL-LA-CALLE-5-1024x683.jpg 1024w, https:\/\/diarioprincipios.com\/wp-content\/uploads\/2024\/10\/CELEBRARON-EL-2\u00b0-ANIVERSARIO-DEL-COMPLEJO-CULTURAL-LA-CALLE-5-300x200.jpg 300w, https:\/\/diarioprincipios.com\/wp-content\/uploads\/2024\/10\/CELEBRARON-EL-2\u00b0-ANIVERSARIO-DEL-COMPLEJO-CULTURAL-LA-CALLE-5-768x512.jpg 768w, https:\/\/diarioprincipios.com\/wp-content\/uploads\/2024\/10\/CELEBRARON-EL-2\u00b0-ANIVERSARIO-DEL-COMPLEJO-CULTURAL-LA-CALLE-5-1536x1024.jpg 1536w, https:\/\/diarioprincipios.com\/wp-content\/uploads\/2024\/10\/CELEBRARON-EL-2\u00b0-ANIVERSARIO-DEL-COMPLEJO-CULTURAL-LA-CALLE-5-600x400.jpg 600w, https:\/\/diarioprincipios.com\/wp-content\/uploads\/2024\/10\/CELEBRARON-EL-2\u00b0-ANIVERSARIO-DEL-COMPLEJO-CULTURAL-LA-CALLE-5.jpg 1920w\" sizes=\"auto, (max-width: 1024px) 100vw, 1024px\" \/><\/figure>\n\n\n\n<p>En el mismo sentido, recalc\u00f3: \u201cSi no brindamos cultura y educaci\u00f3n gratuita, de calidad y abierta a todos y todas, se rompen los seres humanos\u201d.<\/p>\n\n\n\n<p>En tanto, el secretario de Cultura y Educaci\u00f3n, Federico L\u00f3pez, afirm\u00f3: \u201cEste espacio est\u00e1 dedicado a las juventudes para que ellas lo habiten y se expresen. El Intendente revaloriza estos lugares y entiende que la cultura es una acci\u00f3n necesaria para construir comunidad. Por eso, Berazategui invierte en cultura\u201d.<\/p>\n\n\n\n<figure class=\"wp-block-image size-large\"><img loading=\"lazy\" decoding=\"async\" width=\"1024\" height=\"683\" src=\"https:\/\/diarioprincipios.com\/wp-content\/uploads\/2024\/10\/CELEBRARON-EL-2\u00b0-ANIVERSARIO-DEL-COMPLEJO-CULTURAL-LA-CALLE-3-1024x683.jpg\" alt=\"\" class=\"wp-image-23335\" srcset=\"https:\/\/diarioprincipios.com\/wp-content\/uploads\/2024\/10\/CELEBRARON-EL-2\u00b0-ANIVERSARIO-DEL-COMPLEJO-CULTURAL-LA-CALLE-3-1024x683.jpg 1024w, https:\/\/diarioprincipios.com\/wp-content\/uploads\/2024\/10\/CELEBRARON-EL-2\u00b0-ANIVERSARIO-DEL-COMPLEJO-CULTURAL-LA-CALLE-3-300x200.jpg 300w, https:\/\/diarioprincipios.com\/wp-content\/uploads\/2024\/10\/CELEBRARON-EL-2\u00b0-ANIVERSARIO-DEL-COMPLEJO-CULTURAL-LA-CALLE-3-768x512.jpg 768w, https:\/\/diarioprincipios.com\/wp-content\/uploads\/2024\/10\/CELEBRARON-EL-2\u00b0-ANIVERSARIO-DEL-COMPLEJO-CULTURAL-LA-CALLE-3-1536x1024.jpg 1536w, https:\/\/diarioprincipios.com\/wp-content\/uploads\/2024\/10\/CELEBRARON-EL-2\u00b0-ANIVERSARIO-DEL-COMPLEJO-CULTURAL-LA-CALLE-3-600x400.jpg 600w, https:\/\/diarioprincipios.com\/wp-content\/uploads\/2024\/10\/CELEBRARON-EL-2\u00b0-ANIVERSARIO-DEL-COMPLEJO-CULTURAL-LA-CALLE-3.jpg 1920w\" sizes=\"auto, (max-width: 1024px) 100vw, 1024px\" \/><\/figure>\n\n\n\n<p>Durante el festejo hubo muestras de arte urbano, teatro, break dance, proyecci\u00f3n de producciones audiovisuales, taller textil y de realidad virtual, entre otras propuestas. Adem\u00e1s, se present\u00f3 el Espacio de Pr\u00e1ctica Orquestal de La Calle y la Orquesta de Cumbia La Tercera.<\/p>\n","protected":false},"excerpt":{"rendered":"<p>El s\u00e1bado 19 de octubre se festej\u00f3 el 2\u00b0 aniversario del Complejo Cultural Municipal La Calle, con una tarde llena de actividades culturales para las juventudes. El intendente de Berazategui, Juan Jos\u00e9 Mussi, encabez\u00f3 la celebraci\u00f3n y destac\u00f3 el valor del espacio. \u201cHay que seguir con estas propuestas. Desde mi primera asunci\u00f3n como Intendente, priorizamos&#8230;<\/p>\n","protected":false},"author":2,"featured_media":23336,"comment_status":"open","ping_status":"open","sticky":false,"template":"","format":"standard","meta":{"footnotes":""},"categories":[3,19],"tags":[],"class_list":["post-23333","post","type-post","status-publish","format-standard","has-post-thumbnail","hentry","category-berazategui","category-cultura-educacion"],"featured_image_src":"https:\/\/diarioprincipios.com\/wp-content\/uploads\/2024\/10\/CELEBRARON-EL-2\u00b0-ANIVERSARIO-DEL-COMPLEJO-CULTURAL-LA-CALLE-1-1024x683.jpg","blog_images":{"medium":"https:\/\/diarioprincipios.com\/wp-content\/uploads\/2024\/10\/CELEBRARON-EL-2\u00b0-ANIVERSARIO-DEL-COMPLEJO-CULTURAL-LA-CALLE-1-300x200.jpg","large":"https:\/\/diarioprincipios.com\/wp-content\/uploads\/2024\/10\/CELEBRARON-EL-2\u00b0-ANIVERSARIO-DEL-COMPLEJO-CULTURAL-LA-CALLE-1-1024x683.jpg"},"ams_acf":[],"yoast_head":"<!-- This site is optimized with the Yoast SEO plugin v27.3 - https:\/\/yoast.com\/product\/yoast-seo-wordpress\/ -->\n<title>Se festej\u00f3 el 2\u00b0 aniversario del Complejo Cultural Municipal La Calle - Principios<\/title>\n<meta name=\"robots\" content=\"index, follow, max-snippet:-1, max-image-preview:large, max-video-preview:-1\" \/>\n<link rel=\"canonical\" href=\"https:\/\/diarioprincipios.com\/index.php\/2024\/10\/21\/se-festejo-el-2-aniversario-del-complejo-cultural-municipal-la-calle\/\" \/>\n<meta property=\"og:locale\" content=\"es_ES\" \/>\n<meta property=\"og:type\" content=\"article\" \/>\n<meta property=\"og:title\" content=\"Se festej\u00f3 el 2\u00b0 aniversario del Complejo Cultural Municipal La Calle - Principios\" \/>\n<meta property=\"og:description\" content=\"El s\u00e1bado 19 de octubre se festej\u00f3 el 2\u00b0 aniversario del Complejo Cultural Municipal La Calle, con una tarde llena de actividades culturales para las juventudes. El intendente de Berazategui, Juan Jos\u00e9 Mussi, encabez\u00f3 la celebraci\u00f3n y destac\u00f3 el valor del espacio. \u201cHay que seguir con estas propuestas. Desde mi primera asunci\u00f3n como Intendente, priorizamos...\" \/>\n<meta property=\"og:url\" content=\"https:\/\/diarioprincipios.com\/index.php\/2024\/10\/21\/se-festejo-el-2-aniversario-del-complejo-cultural-municipal-la-calle\/\" \/>\n<meta property=\"og:site_name\" content=\"Principios\" \/>\n<meta property=\"article:published_time\" content=\"2024-10-21T20:00:29+00:00\" \/>\n<meta property=\"article:modified_time\" content=\"2024-10-21T20:00:31+00:00\" \/>\n<meta property=\"og:image\" content=\"https:\/\/diarioprincipios.com\/wp-content\/uploads\/2024\/10\/CELEBRARON-EL-2\u00b0-ANIVERSARIO-DEL-COMPLEJO-CULTURAL-LA-CALLE-1.jpg\" \/>\n\t<meta property=\"og:image:width\" content=\"1920\" \/>\n\t<meta property=\"og:image:height\" content=\"1280\" \/>\n\t<meta property=\"og:image:type\" content=\"image\/jpeg\" \/>\n<meta name=\"author\" content=\"Hern\u00e1n L\u00f3pez\" \/>\n<meta name=\"twitter:card\" content=\"summary_large_image\" \/>\n<meta name=\"twitter:label1\" content=\"Escrito por\" \/>\n\t<meta name=\"twitter:data1\" content=\"Hern\u00e1n L\u00f3pez\" \/>\n\t<meta name=\"twitter:label2\" content=\"Tiempo de lectura\" \/>\n\t<meta name=\"twitter:data2\" content=\"2 minutos\" \/>\n<script type=\"application\/ld+json\" class=\"yoast-schema-graph\">{\"@context\":\"https:\\\/\\\/schema.org\",\"@graph\":[{\"@type\":\"Article\",\"@id\":\"https:\\\/\\\/diarioprincipios.com\\\/index.php\\\/2024\\\/10\\\/21\\\/se-festejo-el-2-aniversario-del-complejo-cultural-municipal-la-calle\\\/#article\",\"isPartOf\":{\"@id\":\"https:\\\/\\\/diarioprincipios.com\\\/index.php\\\/2024\\\/10\\\/21\\\/se-festejo-el-2-aniversario-del-complejo-cultural-municipal-la-calle\\\/\"},\"author\":{\"name\":\"Hern\u00e1n L\u00f3pez\",\"@id\":\"https:\\\/\\\/diarioprincipios.com\\\/#\\\/schema\\\/person\\\/436d5a1fd41a5e250e23ff5a6a7cb080\"},\"headline\":\"Se festej\u00f3 el 2\u00b0 aniversario del Complejo Cultural Municipal La Calle\",\"datePublished\":\"2024-10-21T20:00:29+00:00\",\"dateModified\":\"2024-10-21T20:00:31+00:00\",\"mainEntityOfPage\":{\"@id\":\"https:\\\/\\\/diarioprincipios.com\\\/index.php\\\/2024\\\/10\\\/21\\\/se-festejo-el-2-aniversario-del-complejo-cultural-municipal-la-calle\\\/\"},\"wordCount\":206,\"commentCount\":0,\"publisher\":{\"@id\":\"https:\\\/\\\/diarioprincipios.com\\\/#organization\"},\"image\":{\"@id\":\"https:\\\/\\\/diarioprincipios.com\\\/index.php\\\/2024\\\/10\\\/21\\\/se-festejo-el-2-aniversario-del-complejo-cultural-municipal-la-calle\\\/#primaryimage\"},\"thumbnailUrl\":\"https:\\\/\\\/diarioprincipios.com\\\/wp-content\\\/uploads\\\/2024\\\/10\\\/CELEBRARON-EL-2\u00b0-ANIVERSARIO-DEL-COMPLEJO-CULTURAL-LA-CALLE-1.jpg\",\"articleSection\":[\"Berazategui\",\"Cultura y Educaci\u00f3n\"],\"inLanguage\":\"es\",\"potentialAction\":[{\"@type\":\"CommentAction\",\"name\":\"Comment\",\"target\":[\"https:\\\/\\\/diarioprincipios.com\\\/index.php\\\/2024\\\/10\\\/21\\\/se-festejo-el-2-aniversario-del-complejo-cultural-municipal-la-calle\\\/#respond\"]}]},{\"@type\":\"WebPage\",\"@id\":\"https:\\\/\\\/diarioprincipios.com\\\/index.php\\\/2024\\\/10\\\/21\\\/se-festejo-el-2-aniversario-del-complejo-cultural-municipal-la-calle\\\/\",\"url\":\"https:\\\/\\\/diarioprincipios.com\\\/index.php\\\/2024\\\/10\\\/21\\\/se-festejo-el-2-aniversario-del-complejo-cultural-municipal-la-calle\\\/\",\"name\":\"Se festej\u00f3 el 2\u00b0 aniversario del Complejo Cultural Municipal La Calle - Principios\",\"isPartOf\":{\"@id\":\"https:\\\/\\\/diarioprincipios.com\\\/#website\"},\"primaryImageOfPage\":{\"@id\":\"https:\\\/\\\/diarioprincipios.com\\\/index.php\\\/2024\\\/10\\\/21\\\/se-festejo-el-2-aniversario-del-complejo-cultural-municipal-la-calle\\\/#primaryimage\"},\"image\":{\"@id\":\"https:\\\/\\\/diarioprincipios.com\\\/index.php\\\/2024\\\/10\\\/21\\\/se-festejo-el-2-aniversario-del-complejo-cultural-municipal-la-calle\\\/#primaryimage\"},\"thumbnailUrl\":\"https:\\\/\\\/diarioprincipios.com\\\/wp-content\\\/uploads\\\/2024\\\/10\\\/CELEBRARON-EL-2\u00b0-ANIVERSARIO-DEL-COMPLEJO-CULTURAL-LA-CALLE-1.jpg\",\"datePublished\":\"2024-10-21T20:00:29+00:00\",\"dateModified\":\"2024-10-21T20:00:31+00:00\",\"breadcrumb\":{\"@id\":\"https:\\\/\\\/diarioprincipios.com\\\/index.php\\\/2024\\\/10\\\/21\\\/se-festejo-el-2-aniversario-del-complejo-cultural-municipal-la-calle\\\/#breadcrumb\"},\"inLanguage\":\"es\",\"potentialAction\":[{\"@type\":\"ReadAction\",\"target\":[\"https:\\\/\\\/diarioprincipios.com\\\/index.php\\\/2024\\\/10\\\/21\\\/se-festejo-el-2-aniversario-del-complejo-cultural-municipal-la-calle\\\/\"]}]},{\"@type\":\"ImageObject\",\"inLanguage\":\"es\",\"@id\":\"https:\\\/\\\/diarioprincipios.com\\\/index.php\\\/2024\\\/10\\\/21\\\/se-festejo-el-2-aniversario-del-complejo-cultural-municipal-la-calle\\\/#primaryimage\",\"url\":\"https:\\\/\\\/diarioprincipios.com\\\/wp-content\\\/uploads\\\/2024\\\/10\\\/CELEBRARON-EL-2\u00b0-ANIVERSARIO-DEL-COMPLEJO-CULTURAL-LA-CALLE-1.jpg\",\"contentUrl\":\"https:\\\/\\\/diarioprincipios.com\\\/wp-content\\\/uploads\\\/2024\\\/10\\\/CELEBRARON-EL-2\u00b0-ANIVERSARIO-DEL-COMPLEJO-CULTURAL-LA-CALLE-1.jpg\",\"width\":1920,\"height\":1280},{\"@type\":\"BreadcrumbList\",\"@id\":\"https:\\\/\\\/diarioprincipios.com\\\/index.php\\\/2024\\\/10\\\/21\\\/se-festejo-el-2-aniversario-del-complejo-cultural-municipal-la-calle\\\/#breadcrumb\",\"itemListElement\":[{\"@type\":\"ListItem\",\"position\":1,\"name\":\"Portada\",\"item\":\"https:\\\/\\\/diarioprincipios.com\\\/\"},{\"@type\":\"ListItem\",\"position\":2,\"name\":\"Se festej\u00f3 el 2\u00b0 aniversario del Complejo Cultural Municipal La Calle\"}]},{\"@type\":\"WebSite\",\"@id\":\"https:\\\/\\\/diarioprincipios.com\\\/#website\",\"url\":\"https:\\\/\\\/diarioprincipios.com\\\/\",\"name\":\"Principios\",\"description\":\"Principios Diario\",\"publisher\":{\"@id\":\"https:\\\/\\\/diarioprincipios.com\\\/#organization\"},\"potentialAction\":[{\"@type\":\"SearchAction\",\"target\":{\"@type\":\"EntryPoint\",\"urlTemplate\":\"https:\\\/\\\/diarioprincipios.com\\\/?s={search_term_string}\"},\"query-input\":{\"@type\":\"PropertyValueSpecification\",\"valueRequired\":true,\"valueName\":\"search_term_string\"}}],\"inLanguage\":\"es\"},{\"@type\":\"Organization\",\"@id\":\"https:\\\/\\\/diarioprincipios.com\\\/#organization\",\"name\":\"Principios\",\"url\":\"https:\\\/\\\/diarioprincipios.com\\\/\",\"logo\":{\"@type\":\"ImageObject\",\"inLanguage\":\"es\",\"@id\":\"https:\\\/\\\/diarioprincipios.com\\\/#\\\/schema\\\/logo\\\/image\\\/\",\"url\":\"https:\\\/\\\/diarioprincipios.com\\\/wp-content\\\/uploads\\\/2024\\\/04\\\/cropped-www.diarioprincipios.com_-1.png\",\"contentUrl\":\"https:\\\/\\\/diarioprincipios.com\\\/wp-content\\\/uploads\\\/2024\\\/04\\\/cropped-www.diarioprincipios.com_-1.png\",\"width\":5325,\"height\":1454,\"caption\":\"Principios\"},\"image\":{\"@id\":\"https:\\\/\\\/diarioprincipios.com\\\/#\\\/schema\\\/logo\\\/image\\\/\"}},{\"@type\":\"Person\",\"@id\":\"https:\\\/\\\/diarioprincipios.com\\\/#\\\/schema\\\/person\\\/436d5a1fd41a5e250e23ff5a6a7cb080\",\"name\":\"Hern\u00e1n L\u00f3pez\",\"image\":{\"@type\":\"ImageObject\",\"inLanguage\":\"es\",\"@id\":\"https:\\\/\\\/diarioprincipios.com\\\/wp-content\\\/litespeed\\\/avatar\\\/11ddfe5610ff3bd100522525b2571f48.jpg?ver=1777653193\",\"url\":\"https:\\\/\\\/diarioprincipios.com\\\/wp-content\\\/litespeed\\\/avatar\\\/11ddfe5610ff3bd100522525b2571f48.jpg?ver=1777653193\",\"contentUrl\":\"https:\\\/\\\/diarioprincipios.com\\\/wp-content\\\/litespeed\\\/avatar\\\/11ddfe5610ff3bd100522525b2571f48.jpg?ver=1777653193\",\"caption\":\"Hern\u00e1n L\u00f3pez\"},\"url\":\"https:\\\/\\\/diarioprincipios.com\\\/index.php\\\/author\\\/hernan\\\/\"}]}<\/script>\n<!-- \/ Yoast SEO plugin. -->","yoast_head_json":{"title":"Se festej\u00f3 el 2\u00b0 aniversario del Complejo Cultural Municipal La Calle - Principios","robots":{"index":"index","follow":"follow","max-snippet":"max-snippet:-1","max-image-preview":"max-image-preview:large","max-video-preview":"max-video-preview:-1"},"canonical":"https:\/\/diarioprincipios.com\/index.php\/2024\/10\/21\/se-festejo-el-2-aniversario-del-complejo-cultural-municipal-la-calle\/","og_locale":"es_ES","og_type":"article","og_title":"Se festej\u00f3 el 2\u00b0 aniversario del Complejo Cultural Municipal La Calle - Principios","og_description":"El s\u00e1bado 19 de octubre se festej\u00f3 el 2\u00b0 aniversario del Complejo Cultural Municipal La Calle, con una tarde llena de actividades culturales para las juventudes. El intendente de Berazategui, Juan Jos\u00e9 Mussi, encabez\u00f3 la celebraci\u00f3n y destac\u00f3 el valor del espacio. \u201cHay que seguir con estas propuestas. Desde mi primera asunci\u00f3n como Intendente, priorizamos...","og_url":"https:\/\/diarioprincipios.com\/index.php\/2024\/10\/21\/se-festejo-el-2-aniversario-del-complejo-cultural-municipal-la-calle\/","og_site_name":"Principios","article_published_time":"2024-10-21T20:00:29+00:00","article_modified_time":"2024-10-21T20:00:31+00:00","og_image":[{"width":1920,"height":1280,"url":"https:\/\/diarioprincipios.com\/wp-content\/uploads\/2024\/10\/CELEBRARON-EL-2\u00b0-ANIVERSARIO-DEL-COMPLEJO-CULTURAL-LA-CALLE-1.jpg","type":"image\/jpeg"}],"author":"Hern\u00e1n L\u00f3pez","twitter_card":"summary_large_image","twitter_misc":{"Escrito por":"Hern\u00e1n L\u00f3pez","Tiempo de lectura":"2 minutos"},"schema":{"@context":"https:\/\/schema.org","@graph":[{"@type":"Article","@id":"https:\/\/diarioprincipios.com\/index.php\/2024\/10\/21\/se-festejo-el-2-aniversario-del-complejo-cultural-municipal-la-calle\/#article","isPartOf":{"@id":"https:\/\/diarioprincipios.com\/index.php\/2024\/10\/21\/se-festejo-el-2-aniversario-del-complejo-cultural-municipal-la-calle\/"},"author":{"name":"Hern\u00e1n L\u00f3pez","@id":"https:\/\/diarioprincipios.com\/#\/schema\/person\/436d5a1fd41a5e250e23ff5a6a7cb080"},"headline":"Se festej\u00f3 el 2\u00b0 aniversario del Complejo Cultural Municipal La Calle","datePublished":"2024-10-21T20:00:29+00:00","dateModified":"2024-10-21T20:00:31+00:00","mainEntityOfPage":{"@id":"https:\/\/diarioprincipios.com\/index.php\/2024\/10\/21\/se-festejo-el-2-aniversario-del-complejo-cultural-municipal-la-calle\/"},"wordCount":206,"commentCount":0,"publisher":{"@id":"https:\/\/diarioprincipios.com\/#organization"},"image":{"@id":"https:\/\/diarioprincipios.com\/index.php\/2024\/10\/21\/se-festejo-el-2-aniversario-del-complejo-cultural-municipal-la-calle\/#primaryimage"},"thumbnailUrl":"https:\/\/diarioprincipios.com\/wp-content\/uploads\/2024\/10\/CELEBRARON-EL-2\u00b0-ANIVERSARIO-DEL-COMPLEJO-CULTURAL-LA-CALLE-1.jpg","articleSection":["Berazategui","Cultura y Educaci\u00f3n"],"inLanguage":"es","potentialAction":[{"@type":"CommentAction","name":"Comment","target":["https:\/\/diarioprincipios.com\/index.php\/2024\/10\/21\/se-festejo-el-2-aniversario-del-complejo-cultural-municipal-la-calle\/#respond"]}]},{"@type":"WebPage","@id":"https:\/\/diarioprincipios.com\/index.php\/2024\/10\/21\/se-festejo-el-2-aniversario-del-complejo-cultural-municipal-la-calle\/","url":"https:\/\/diarioprincipios.com\/index.php\/2024\/10\/21\/se-festejo-el-2-aniversario-del-complejo-cultural-municipal-la-calle\/","name":"Se festej\u00f3 el 2\u00b0 aniversario del Complejo Cultural Municipal La Calle - Principios","isPartOf":{"@id":"https:\/\/diarioprincipios.com\/#website"},"primaryImageOfPage":{"@id":"https:\/\/diarioprincipios.com\/index.php\/2024\/10\/21\/se-festejo-el-2-aniversario-del-complejo-cultural-municipal-la-calle\/#primaryimage"},"image":{"@id":"https:\/\/diarioprincipios.com\/index.php\/2024\/10\/21\/se-festejo-el-2-aniversario-del-complejo-cultural-municipal-la-calle\/#primaryimage"},"thumbnailUrl":"https:\/\/diarioprincipios.com\/wp-content\/uploads\/2024\/10\/CELEBRARON-EL-2\u00b0-ANIVERSARIO-DEL-COMPLEJO-CULTURAL-LA-CALLE-1.jpg","datePublished":"2024-10-21T20:00:29+00:00","dateModified":"2024-10-21T20:00:31+00:00","breadcrumb":{"@id":"https:\/\/diarioprincipios.com\/index.php\/2024\/10\/21\/se-festejo-el-2-aniversario-del-complejo-cultural-municipal-la-calle\/#breadcrumb"},"inLanguage":"es","potentialAction":[{"@type":"ReadAction","target":["https:\/\/diarioprincipios.com\/index.php\/2024\/10\/21\/se-festejo-el-2-aniversario-del-complejo-cultural-municipal-la-calle\/"]}]},{"@type":"ImageObject","inLanguage":"es","@id":"https:\/\/diarioprincipios.com\/index.php\/2024\/10\/21\/se-festejo-el-2-aniversario-del-complejo-cultural-municipal-la-calle\/#primaryimage","url":"https:\/\/diarioprincipios.com\/wp-content\/uploads\/2024\/10\/CELEBRARON-EL-2\u00b0-ANIVERSARIO-DEL-COMPLEJO-CULTURAL-LA-CALLE-1.jpg","contentUrl":"https:\/\/diarioprincipios.com\/wp-content\/uploads\/2024\/10\/CELEBRARON-EL-2\u00b0-ANIVERSARIO-DEL-COMPLEJO-CULTURAL-LA-CALLE-1.jpg","width":1920,"height":1280},{"@type":"BreadcrumbList","@id":"https:\/\/diarioprincipios.com\/index.php\/2024\/10\/21\/se-festejo-el-2-aniversario-del-complejo-cultural-municipal-la-calle\/#breadcrumb","itemListElement":[{"@type":"ListItem","position":1,"name":"Portada","item":"https:\/\/diarioprincipios.com\/"},{"@type":"ListItem","position":2,"name":"Se festej\u00f3 el 2\u00b0 aniversario del Complejo Cultural Municipal La Calle"}]},{"@type":"WebSite","@id":"https:\/\/diarioprincipios.com\/#website","url":"https:\/\/diarioprincipios.com\/","name":"Principios","description":"Principios Diario","publisher":{"@id":"https:\/\/diarioprincipios.com\/#organization"},"potentialAction":[{"@type":"SearchAction","target":{"@type":"EntryPoint","urlTemplate":"https:\/\/diarioprincipios.com\/?s={search_term_string}"},"query-input":{"@type":"PropertyValueSpecification","valueRequired":true,"valueName":"search_term_string"}}],"inLanguage":"es"},{"@type":"Organization","@id":"https:\/\/diarioprincipios.com\/#organization","name":"Principios","url":"https:\/\/diarioprincipios.com\/","logo":{"@type":"ImageObject","inLanguage":"es","@id":"https:\/\/diarioprincipios.com\/#\/schema\/logo\/image\/","url":"https:\/\/diarioprincipios.com\/wp-content\/uploads\/2024\/04\/cropped-www.diarioprincipios.com_-1.png","contentUrl":"https:\/\/diarioprincipios.com\/wp-content\/uploads\/2024\/04\/cropped-www.diarioprincipios.com_-1.png","width":5325,"height":1454,"caption":"Principios"},"image":{"@id":"https:\/\/diarioprincipios.com\/#\/schema\/logo\/image\/"}},{"@type":"Person","@id":"https:\/\/diarioprincipios.com\/#\/schema\/person\/436d5a1fd41a5e250e23ff5a6a7cb080","name":"Hern\u00e1n L\u00f3pez","image":{"@type":"ImageObject","inLanguage":"es","@id":"https:\/\/diarioprincipios.com\/wp-content\/litespeed\/avatar\/11ddfe5610ff3bd100522525b2571f48.jpg?ver=1777653193","url":"https:\/\/diarioprincipios.com\/wp-content\/litespeed\/avatar\/11ddfe5610ff3bd100522525b2571f48.jpg?ver=1777653193","contentUrl":"https:\/\/diarioprincipios.com\/wp-content\/litespeed\/avatar\/11ddfe5610ff3bd100522525b2571f48.jpg?ver=1777653193","caption":"Hern\u00e1n L\u00f3pez"},"url":"https:\/\/diarioprincipios.com\/index.php\/author\/hernan\/"}]}},"jetpack_featured_media_url":"https:\/\/diarioprincipios.com\/wp-content\/uploads\/2024\/10\/CELEBRARON-EL-2\u00b0-ANIVERSARIO-DEL-COMPLEJO-CULTURAL-LA-CALLE-1.jpg","_links":{"self":[{"href":"https:\/\/diarioprincipios.com\/index.php\/wp-json\/wp\/v2\/posts\/23333","targetHints":{"allow":["GET"]}}],"collection":[{"href":"https:\/\/diarioprincipios.com\/index.php\/wp-json\/wp\/v2\/posts"}],"about":[{"href":"https:\/\/diarioprincipios.com\/index.php\/wp-json\/wp\/v2\/types\/post"}],"author":[{"embeddable":true,"href":"https:\/\/diarioprincipios.com\/index.php\/wp-json\/wp\/v2\/users\/2"}],"replies":[{"embeddable":true,"href":"https:\/\/diarioprincipios.com\/index.php\/wp-json\/wp\/v2\/comments?post=23333"}],"version-history":[{"count":1,"href":"https:\/\/diarioprincipios.com\/index.php\/wp-json\/wp\/v2\/posts\/23333\/revisions"}],"predecessor-version":[{"id":23337,"href":"https:\/\/diarioprincipios.com\/index.php\/wp-json\/wp\/v2\/posts\/23333\/revisions\/23337"}],"wp:featuredmedia":[{"embeddable":true,"href":"https:\/\/diarioprincipios.com\/index.php\/wp-json\/wp\/v2\/media\/23336"}],"wp:attachment":[{"href":"https:\/\/diarioprincipios.com\/index.php\/wp-json\/wp\/v2\/media?parent=23333"}],"wp:term":[{"taxonomy":"category","embeddable":true,"href":"https:\/\/diarioprincipios.com\/index.php\/wp-json\/wp\/v2\/categories?post=23333"},{"taxonomy":"post_tag","embeddable":true,"href":"https:\/\/diarioprincipios.com\/index.php\/wp-json\/wp\/v2\/tags?post=23333"}],"curies":[{"name":"wp","href":"https:\/\/api.w.org\/{rel}","templated":true}]}}