{"id":23328,"date":"2024-10-21T14:01:18","date_gmt":"2024-10-21T17:01:18","guid":{"rendered":"http:\/\/diarioprincipios.com\/?p=23328"},"modified":"2024-10-21T14:01:21","modified_gmt":"2024-10-21T17:01:21","slug":"estudiantes-de-escuelas-primarias-recibieron-lentes-gratuitos","status":"publish","type":"post","link":"https:\/\/diarioprincipios.com\/index.php\/2024\/10\/21\/estudiantes-de-escuelas-primarias-recibieron-lentes-gratuitos\/","title":{"rendered":"Estudiantes de Escuelas Primarias recibieron Lentes Gratuitos"},"content":{"rendered":"\n<p><strong>Se realiz\u00f3 una entrega de lentes a estudiantes de las Escuelas Primarias N\u00b0 12 y 56 de la localidad de El Pato, en el marco de una iniciativa oftalmol\u00f3gica de cuidado de la salud visual y de diagn\u00f3stico precoz de los problemas de agudeza visual. Fue encabezada por el Dr. Juan Jos\u00e9 Mussi, junto al vicepresidente de la Fundaci\u00f3n BAPRO y la comunidad educativa local.<\/strong><\/p>\n\n\n\n<p>Este servicio es brindado por la Secretar\u00eda de Salud P\u00fablica e Higiene municipal -a trav\u00e9s del Centro Oftalmol\u00f3gico San Camilo-, en articulaci\u00f3n con el Consejo Escolar, la Jefatura Distrital, el Club de Leones y la Fundaci\u00f3n Banco Provincia (BAPRO) -a trav\u00e9s de su Programa \u201cVer para Aprender\u201d-. Hasta la actualidad, 500 estudiantes de ocho escuelas recibieron atenci\u00f3n oftalmol\u00f3gica gratuita.<\/p>\n\n\n\n<figure class=\"wp-block-image size-large\"><img loading=\"lazy\" decoding=\"async\" width=\"1024\" height=\"683\" src=\"https:\/\/diarioprincipios.com\/wp-content\/uploads\/2024\/10\/ESTUDIANTES-DE-ESCUELAS-PRIMARIAS-RECIBIERON-LENTES-GRATUITOS-7-1024x683.jpg\" alt=\"\" class=\"wp-image-23329\" srcset=\"https:\/\/diarioprincipios.com\/wp-content\/uploads\/2024\/10\/ESTUDIANTES-DE-ESCUELAS-PRIMARIAS-RECIBIERON-LENTES-GRATUITOS-7-1024x683.jpg 1024w, https:\/\/diarioprincipios.com\/wp-content\/uploads\/2024\/10\/ESTUDIANTES-DE-ESCUELAS-PRIMARIAS-RECIBIERON-LENTES-GRATUITOS-7-300x200.jpg 300w, https:\/\/diarioprincipios.com\/wp-content\/uploads\/2024\/10\/ESTUDIANTES-DE-ESCUELAS-PRIMARIAS-RECIBIERON-LENTES-GRATUITOS-7-768x512.jpg 768w, https:\/\/diarioprincipios.com\/wp-content\/uploads\/2024\/10\/ESTUDIANTES-DE-ESCUELAS-PRIMARIAS-RECIBIERON-LENTES-GRATUITOS-7-1536x1024.jpg 1536w, https:\/\/diarioprincipios.com\/wp-content\/uploads\/2024\/10\/ESTUDIANTES-DE-ESCUELAS-PRIMARIAS-RECIBIERON-LENTES-GRATUITOS-7-600x400.jpg 600w, https:\/\/diarioprincipios.com\/wp-content\/uploads\/2024\/10\/ESTUDIANTES-DE-ESCUELAS-PRIMARIAS-RECIBIERON-LENTES-GRATUITOS-7.jpg 1920w\" sizes=\"auto, (max-width: 1024px) 100vw, 1024px\" \/><\/figure>\n\n\n\n<p>\u201cEsto es pensar en el ser humano y eso tiene una importancia trascendente\u201d, asegur\u00f3 Mussi. Y afirm\u00f3: \u201cHay 500 chicos y chicas que se hicieron los controles oftalmol\u00f3gicos con nuestro equipo. Hoy entregamos anteojos y trabajamos en conjunto para traer una soluci\u00f3n a los chicos, fundamentalmente, de la escuela p\u00fablica, gratuita, igualitaria y abierta a todos los sectores de la sociedad. Esto les cambia la vida y su aprendizaje. La Fundaci\u00f3n del Banco Provincia tiene recursos gracias a la voluntad del gobernador de la provincia de Buenos Aires, Axel Kicillof. Este es un momento dif\u00edcil para la educaci\u00f3n p\u00fablica y cuando m\u00e1s tenemos que estar aqu\u00ed, unidos, llamando a la concordia, a la paz, a abrazarnos, para que este pa\u00eds pueda salir de la crisis. Sigamos defendiendo la educaci\u00f3n p\u00fablica\u201d.<\/p>\n\n\n\n<figure class=\"wp-block-image size-large\"><img loading=\"lazy\" decoding=\"async\" width=\"1024\" height=\"683\" src=\"https:\/\/diarioprincipios.com\/wp-content\/uploads\/2024\/10\/ESTUDIANTES-DE-ESCUELAS-PRIMARIAS-RECIBIERON-LENTES-GRATUITOS-1-1024x683.jpg\" alt=\"\" class=\"wp-image-23330\" srcset=\"https:\/\/diarioprincipios.com\/wp-content\/uploads\/2024\/10\/ESTUDIANTES-DE-ESCUELAS-PRIMARIAS-RECIBIERON-LENTES-GRATUITOS-1-1024x683.jpg 1024w, https:\/\/diarioprincipios.com\/wp-content\/uploads\/2024\/10\/ESTUDIANTES-DE-ESCUELAS-PRIMARIAS-RECIBIERON-LENTES-GRATUITOS-1-300x200.jpg 300w, https:\/\/diarioprincipios.com\/wp-content\/uploads\/2024\/10\/ESTUDIANTES-DE-ESCUELAS-PRIMARIAS-RECIBIERON-LENTES-GRATUITOS-1-768x512.jpg 768w, https:\/\/diarioprincipios.com\/wp-content\/uploads\/2024\/10\/ESTUDIANTES-DE-ESCUELAS-PRIMARIAS-RECIBIERON-LENTES-GRATUITOS-1-1536x1024.jpg 1536w, https:\/\/diarioprincipios.com\/wp-content\/uploads\/2024\/10\/ESTUDIANTES-DE-ESCUELAS-PRIMARIAS-RECIBIERON-LENTES-GRATUITOS-1-600x400.jpg 600w, https:\/\/diarioprincipios.com\/wp-content\/uploads\/2024\/10\/ESTUDIANTES-DE-ESCUELAS-PRIMARIAS-RECIBIERON-LENTES-GRATUITOS-1.jpg 1920w\" sizes=\"auto, (max-width: 1024px) 100vw, 1024px\" \/><\/figure>\n\n\n\n<p>Asimismo, Alejandro Alegretti destac\u00f3: \u201cCelebro este encuentro. De esto se trata, de darles las herramientas a los chicos y chicas para que puedan desarrollarse, estudiar, ver el mundo con la nitidez necesaria para aprender, crecer y formarse. Por eso llevamos a cabo el Programa \u00b4Ver para aprender\u00b4, junto con el Ministerio de Salud de la Provincia y la Direcci\u00f3n General de Cultura y Educaci\u00f3n, por pedido del Gobernador. Entre todos empujamos para que las cosas sucedan\u201d.<\/p>\n\n\n\n<p>Por su parte, la directora de la Primaria N\u00b0 56, Damaris Ram\u00edrez, expres\u00f3 con alegr\u00eda: \u201cMuch\u00edsimas gracias por esta campa\u00f1a que nuestra escuela estaba realmente necesitando, por acompa\u00f1arnos siempre y defender a nuestros estudiantes, a la educaci\u00f3n p\u00fablica. Conocen nuestras necesidades y siempre apoyan a nuestras familias y la comunidad\u201d.<\/p>\n\n\n\n<p>Asistieron, adem\u00e1s, integrantes del Gabinete municipal y del Consejo Escolar local, la inspectora Jefa Distrital, Gladys Ram\u00edrez; en representaci\u00f3n del Club de Leones, el pasado gobernador Inmediato del Distrito O5 de Clubes de Leones de Argentina, Alberto Gim\u00e9nez; y el presidente del Club de Leones de Berazategui, Sergio Bustos.<\/p>\n","protected":false},"excerpt":{"rendered":"<p>Se realiz\u00f3 una entrega de lentes a estudiantes de las Escuelas Primarias N\u00b0 12 y 56 de la localidad de El Pato, en el marco de una iniciativa oftalmol\u00f3gica de cuidado de la salud visual y de diagn\u00f3stico precoz de los problemas de agudeza visual. Fue encabezada por el Dr. Juan Jos\u00e9 Mussi, junto al&#8230;<\/p>\n","protected":false},"author":2,"featured_media":23331,"comment_status":"open","ping_status":"open","sticky":false,"template":"","format":"standard","meta":{"footnotes":""},"categories":[3],"tags":[],"class_list":["post-23328","post","type-post","status-publish","format-standard","has-post-thumbnail","hentry","category-berazategui"],"featured_image_src":"https:\/\/diarioprincipios.com\/wp-content\/uploads\/2024\/10\/ESTUDIANTES-DE-ESCUELAS-PRIMARIAS-RECIBIERON-LENTES-GRATUITOS-2-1024x683.jpg","blog_images":{"medium":"https:\/\/diarioprincipios.com\/wp-content\/uploads\/2024\/10\/ESTUDIANTES-DE-ESCUELAS-PRIMARIAS-RECIBIERON-LENTES-GRATUITOS-2-300x200.jpg","large":"https:\/\/diarioprincipios.com\/wp-content\/uploads\/2024\/10\/ESTUDIANTES-DE-ESCUELAS-PRIMARIAS-RECIBIERON-LENTES-GRATUITOS-2-1024x683.jpg"},"ams_acf":[],"yoast_head":"<!-- This site is optimized with the Yoast SEO plugin v27.3 - https:\/\/yoast.com\/product\/yoast-seo-wordpress\/ -->\n<title>Estudiantes de Escuelas Primarias recibieron Lentes Gratuitos - Principios<\/title>\n<meta name=\"robots\" content=\"index, follow, max-snippet:-1, max-image-preview:large, max-video-preview:-1\" \/>\n<link rel=\"canonical\" href=\"https:\/\/diarioprincipios.com\/index.php\/2024\/10\/21\/estudiantes-de-escuelas-primarias-recibieron-lentes-gratuitos\/\" \/>\n<meta property=\"og:locale\" content=\"es_ES\" \/>\n<meta property=\"og:type\" content=\"article\" \/>\n<meta property=\"og:title\" content=\"Estudiantes de Escuelas Primarias recibieron Lentes Gratuitos - Principios\" \/>\n<meta property=\"og:description\" content=\"Se realiz\u00f3 una entrega de lentes a estudiantes de las Escuelas Primarias N\u00b0 12 y 56 de la localidad de El Pato, en el marco de una iniciativa oftalmol\u00f3gica de cuidado de la salud visual y de diagn\u00f3stico precoz de los problemas de agudeza visual. Fue encabezada por el Dr. Juan Jos\u00e9 Mussi, junto al...\" \/>\n<meta property=\"og:url\" content=\"https:\/\/diarioprincipios.com\/index.php\/2024\/10\/21\/estudiantes-de-escuelas-primarias-recibieron-lentes-gratuitos\/\" \/>\n<meta property=\"og:site_name\" content=\"Principios\" \/>\n<meta property=\"article:published_time\" content=\"2024-10-21T17:01:18+00:00\" \/>\n<meta property=\"article:modified_time\" content=\"2024-10-21T17:01:21+00:00\" \/>\n<meta property=\"og:image\" content=\"https:\/\/diarioprincipios.com\/wp-content\/uploads\/2024\/10\/ESTUDIANTES-DE-ESCUELAS-PRIMARIAS-RECIBIERON-LENTES-GRATUITOS-2.jpg\" \/>\n\t<meta property=\"og:image:width\" content=\"1920\" \/>\n\t<meta property=\"og:image:height\" content=\"1280\" \/>\n\t<meta property=\"og:image:type\" content=\"image\/jpeg\" \/>\n<meta name=\"author\" content=\"Hern\u00e1n L\u00f3pez\" \/>\n<meta name=\"twitter:card\" content=\"summary_large_image\" \/>\n<meta name=\"twitter:label1\" content=\"Escrito por\" \/>\n\t<meta name=\"twitter:data1\" content=\"Hern\u00e1n L\u00f3pez\" \/>\n\t<meta name=\"twitter:label2\" content=\"Tiempo de lectura\" \/>\n\t<meta name=\"twitter:data2\" content=\"3 minutos\" \/>\n<script type=\"application\/ld+json\" class=\"yoast-schema-graph\">{\"@context\":\"https:\\\/\\\/schema.org\",\"@graph\":[{\"@type\":\"Article\",\"@id\":\"https:\\\/\\\/diarioprincipios.com\\\/index.php\\\/2024\\\/10\\\/21\\\/estudiantes-de-escuelas-primarias-recibieron-lentes-gratuitos\\\/#article\",\"isPartOf\":{\"@id\":\"https:\\\/\\\/diarioprincipios.com\\\/index.php\\\/2024\\\/10\\\/21\\\/estudiantes-de-escuelas-primarias-recibieron-lentes-gratuitos\\\/\"},\"author\":{\"name\":\"Hern\u00e1n L\u00f3pez\",\"@id\":\"https:\\\/\\\/diarioprincipios.com\\\/#\\\/schema\\\/person\\\/436d5a1fd41a5e250e23ff5a6a7cb080\"},\"headline\":\"Estudiantes de Escuelas Primarias recibieron Lentes Gratuitos\",\"datePublished\":\"2024-10-21T17:01:18+00:00\",\"dateModified\":\"2024-10-21T17:01:21+00:00\",\"mainEntityOfPage\":{\"@id\":\"https:\\\/\\\/diarioprincipios.com\\\/index.php\\\/2024\\\/10\\\/21\\\/estudiantes-de-escuelas-primarias-recibieron-lentes-gratuitos\\\/\"},\"wordCount\":468,\"commentCount\":0,\"publisher\":{\"@id\":\"https:\\\/\\\/diarioprincipios.com\\\/#organization\"},\"image\":{\"@id\":\"https:\\\/\\\/diarioprincipios.com\\\/index.php\\\/2024\\\/10\\\/21\\\/estudiantes-de-escuelas-primarias-recibieron-lentes-gratuitos\\\/#primaryimage\"},\"thumbnailUrl\":\"https:\\\/\\\/diarioprincipios.com\\\/wp-content\\\/uploads\\\/2024\\\/10\\\/ESTUDIANTES-DE-ESCUELAS-PRIMARIAS-RECIBIERON-LENTES-GRATUITOS-2.jpg\",\"articleSection\":[\"Berazategui\"],\"inLanguage\":\"es\",\"potentialAction\":[{\"@type\":\"CommentAction\",\"name\":\"Comment\",\"target\":[\"https:\\\/\\\/diarioprincipios.com\\\/index.php\\\/2024\\\/10\\\/21\\\/estudiantes-de-escuelas-primarias-recibieron-lentes-gratuitos\\\/#respond\"]}]},{\"@type\":\"WebPage\",\"@id\":\"https:\\\/\\\/diarioprincipios.com\\\/index.php\\\/2024\\\/10\\\/21\\\/estudiantes-de-escuelas-primarias-recibieron-lentes-gratuitos\\\/\",\"url\":\"https:\\\/\\\/diarioprincipios.com\\\/index.php\\\/2024\\\/10\\\/21\\\/estudiantes-de-escuelas-primarias-recibieron-lentes-gratuitos\\\/\",\"name\":\"Estudiantes de Escuelas Primarias recibieron Lentes Gratuitos - Principios\",\"isPartOf\":{\"@id\":\"https:\\\/\\\/diarioprincipios.com\\\/#website\"},\"primaryImageOfPage\":{\"@id\":\"https:\\\/\\\/diarioprincipios.com\\\/index.php\\\/2024\\\/10\\\/21\\\/estudiantes-de-escuelas-primarias-recibieron-lentes-gratuitos\\\/#primaryimage\"},\"image\":{\"@id\":\"https:\\\/\\\/diarioprincipios.com\\\/index.php\\\/2024\\\/10\\\/21\\\/estudiantes-de-escuelas-primarias-recibieron-lentes-gratuitos\\\/#primaryimage\"},\"thumbnailUrl\":\"https:\\\/\\\/diarioprincipios.com\\\/wp-content\\\/uploads\\\/2024\\\/10\\\/ESTUDIANTES-DE-ESCUELAS-PRIMARIAS-RECIBIERON-LENTES-GRATUITOS-2.jpg\",\"datePublished\":\"2024-10-21T17:01:18+00:00\",\"dateModified\":\"2024-10-21T17:01:21+00:00\",\"breadcrumb\":{\"@id\":\"https:\\\/\\\/diarioprincipios.com\\\/index.php\\\/2024\\\/10\\\/21\\\/estudiantes-de-escuelas-primarias-recibieron-lentes-gratuitos\\\/#breadcrumb\"},\"inLanguage\":\"es\",\"potentialAction\":[{\"@type\":\"ReadAction\",\"target\":[\"https:\\\/\\\/diarioprincipios.com\\\/index.php\\\/2024\\\/10\\\/21\\\/estudiantes-de-escuelas-primarias-recibieron-lentes-gratuitos\\\/\"]}]},{\"@type\":\"ImageObject\",\"inLanguage\":\"es\",\"@id\":\"https:\\\/\\\/diarioprincipios.com\\\/index.php\\\/2024\\\/10\\\/21\\\/estudiantes-de-escuelas-primarias-recibieron-lentes-gratuitos\\\/#primaryimage\",\"url\":\"https:\\\/\\\/diarioprincipios.com\\\/wp-content\\\/uploads\\\/2024\\\/10\\\/ESTUDIANTES-DE-ESCUELAS-PRIMARIAS-RECIBIERON-LENTES-GRATUITOS-2.jpg\",\"contentUrl\":\"https:\\\/\\\/diarioprincipios.com\\\/wp-content\\\/uploads\\\/2024\\\/10\\\/ESTUDIANTES-DE-ESCUELAS-PRIMARIAS-RECIBIERON-LENTES-GRATUITOS-2.jpg\",\"width\":1920,\"height\":1280},{\"@type\":\"BreadcrumbList\",\"@id\":\"https:\\\/\\\/diarioprincipios.com\\\/index.php\\\/2024\\\/10\\\/21\\\/estudiantes-de-escuelas-primarias-recibieron-lentes-gratuitos\\\/#breadcrumb\",\"itemListElement\":[{\"@type\":\"ListItem\",\"position\":1,\"name\":\"Portada\",\"item\":\"https:\\\/\\\/diarioprincipios.com\\\/\"},{\"@type\":\"ListItem\",\"position\":2,\"name\":\"Estudiantes de Escuelas Primarias recibieron Lentes Gratuitos\"}]},{\"@type\":\"WebSite\",\"@id\":\"https:\\\/\\\/diarioprincipios.com\\\/#website\",\"url\":\"https:\\\/\\\/diarioprincipios.com\\\/\",\"name\":\"Principios\",\"description\":\"Principios Diario\",\"publisher\":{\"@id\":\"https:\\\/\\\/diarioprincipios.com\\\/#organization\"},\"potentialAction\":[{\"@type\":\"SearchAction\",\"target\":{\"@type\":\"EntryPoint\",\"urlTemplate\":\"https:\\\/\\\/diarioprincipios.com\\\/?s={search_term_string}\"},\"query-input\":{\"@type\":\"PropertyValueSpecification\",\"valueRequired\":true,\"valueName\":\"search_term_string\"}}],\"inLanguage\":\"es\"},{\"@type\":\"Organization\",\"@id\":\"https:\\\/\\\/diarioprincipios.com\\\/#organization\",\"name\":\"Principios\",\"url\":\"https:\\\/\\\/diarioprincipios.com\\\/\",\"logo\":{\"@type\":\"ImageObject\",\"inLanguage\":\"es\",\"@id\":\"https:\\\/\\\/diarioprincipios.com\\\/#\\\/schema\\\/logo\\\/image\\\/\",\"url\":\"https:\\\/\\\/diarioprincipios.com\\\/wp-content\\\/uploads\\\/2024\\\/04\\\/cropped-www.diarioprincipios.com_-1.png\",\"contentUrl\":\"https:\\\/\\\/diarioprincipios.com\\\/wp-content\\\/uploads\\\/2024\\\/04\\\/cropped-www.diarioprincipios.com_-1.png\",\"width\":5325,\"height\":1454,\"caption\":\"Principios\"},\"image\":{\"@id\":\"https:\\\/\\\/diarioprincipios.com\\\/#\\\/schema\\\/logo\\\/image\\\/\"}},{\"@type\":\"Person\",\"@id\":\"https:\\\/\\\/diarioprincipios.com\\\/#\\\/schema\\\/person\\\/436d5a1fd41a5e250e23ff5a6a7cb080\",\"name\":\"Hern\u00e1n L\u00f3pez\",\"image\":{\"@type\":\"ImageObject\",\"inLanguage\":\"es\",\"@id\":\"https:\\\/\\\/diarioprincipios.com\\\/wp-content\\\/litespeed\\\/avatar\\\/11ddfe5610ff3bd100522525b2571f48.jpg?ver=1777653193\",\"url\":\"https:\\\/\\\/diarioprincipios.com\\\/wp-content\\\/litespeed\\\/avatar\\\/11ddfe5610ff3bd100522525b2571f48.jpg?ver=1777653193\",\"contentUrl\":\"https:\\\/\\\/diarioprincipios.com\\\/wp-content\\\/litespeed\\\/avatar\\\/11ddfe5610ff3bd100522525b2571f48.jpg?ver=1777653193\",\"caption\":\"Hern\u00e1n L\u00f3pez\"},\"url\":\"https:\\\/\\\/diarioprincipios.com\\\/index.php\\\/author\\\/hernan\\\/\"}]}<\/script>\n<!-- \/ Yoast SEO plugin. -->","yoast_head_json":{"title":"Estudiantes de Escuelas Primarias recibieron Lentes Gratuitos - Principios","robots":{"index":"index","follow":"follow","max-snippet":"max-snippet:-1","max-image-preview":"max-image-preview:large","max-video-preview":"max-video-preview:-1"},"canonical":"https:\/\/diarioprincipios.com\/index.php\/2024\/10\/21\/estudiantes-de-escuelas-primarias-recibieron-lentes-gratuitos\/","og_locale":"es_ES","og_type":"article","og_title":"Estudiantes de Escuelas Primarias recibieron Lentes Gratuitos - Principios","og_description":"Se realiz\u00f3 una entrega de lentes a estudiantes de las Escuelas Primarias N\u00b0 12 y 56 de la localidad de El Pato, en el marco de una iniciativa oftalmol\u00f3gica de cuidado de la salud visual y de diagn\u00f3stico precoz de los problemas de agudeza visual. Fue encabezada por el Dr. Juan Jos\u00e9 Mussi, junto al...","og_url":"https:\/\/diarioprincipios.com\/index.php\/2024\/10\/21\/estudiantes-de-escuelas-primarias-recibieron-lentes-gratuitos\/","og_site_name":"Principios","article_published_time":"2024-10-21T17:01:18+00:00","article_modified_time":"2024-10-21T17:01:21+00:00","og_image":[{"width":1920,"height":1280,"url":"https:\/\/diarioprincipios.com\/wp-content\/uploads\/2024\/10\/ESTUDIANTES-DE-ESCUELAS-PRIMARIAS-RECIBIERON-LENTES-GRATUITOS-2.jpg","type":"image\/jpeg"}],"author":"Hern\u00e1n L\u00f3pez","twitter_card":"summary_large_image","twitter_misc":{"Escrito por":"Hern\u00e1n L\u00f3pez","Tiempo de lectura":"3 minutos"},"schema":{"@context":"https:\/\/schema.org","@graph":[{"@type":"Article","@id":"https:\/\/diarioprincipios.com\/index.php\/2024\/10\/21\/estudiantes-de-escuelas-primarias-recibieron-lentes-gratuitos\/#article","isPartOf":{"@id":"https:\/\/diarioprincipios.com\/index.php\/2024\/10\/21\/estudiantes-de-escuelas-primarias-recibieron-lentes-gratuitos\/"},"author":{"name":"Hern\u00e1n L\u00f3pez","@id":"https:\/\/diarioprincipios.com\/#\/schema\/person\/436d5a1fd41a5e250e23ff5a6a7cb080"},"headline":"Estudiantes de Escuelas Primarias recibieron Lentes Gratuitos","datePublished":"2024-10-21T17:01:18+00:00","dateModified":"2024-10-21T17:01:21+00:00","mainEntityOfPage":{"@id":"https:\/\/diarioprincipios.com\/index.php\/2024\/10\/21\/estudiantes-de-escuelas-primarias-recibieron-lentes-gratuitos\/"},"wordCount":468,"commentCount":0,"publisher":{"@id":"https:\/\/diarioprincipios.com\/#organization"},"image":{"@id":"https:\/\/diarioprincipios.com\/index.php\/2024\/10\/21\/estudiantes-de-escuelas-primarias-recibieron-lentes-gratuitos\/#primaryimage"},"thumbnailUrl":"https:\/\/diarioprincipios.com\/wp-content\/uploads\/2024\/10\/ESTUDIANTES-DE-ESCUELAS-PRIMARIAS-RECIBIERON-LENTES-GRATUITOS-2.jpg","articleSection":["Berazategui"],"inLanguage":"es","potentialAction":[{"@type":"CommentAction","name":"Comment","target":["https:\/\/diarioprincipios.com\/index.php\/2024\/10\/21\/estudiantes-de-escuelas-primarias-recibieron-lentes-gratuitos\/#respond"]}]},{"@type":"WebPage","@id":"https:\/\/diarioprincipios.com\/index.php\/2024\/10\/21\/estudiantes-de-escuelas-primarias-recibieron-lentes-gratuitos\/","url":"https:\/\/diarioprincipios.com\/index.php\/2024\/10\/21\/estudiantes-de-escuelas-primarias-recibieron-lentes-gratuitos\/","name":"Estudiantes de Escuelas Primarias recibieron Lentes Gratuitos - Principios","isPartOf":{"@id":"https:\/\/diarioprincipios.com\/#website"},"primaryImageOfPage":{"@id":"https:\/\/diarioprincipios.com\/index.php\/2024\/10\/21\/estudiantes-de-escuelas-primarias-recibieron-lentes-gratuitos\/#primaryimage"},"image":{"@id":"https:\/\/diarioprincipios.com\/index.php\/2024\/10\/21\/estudiantes-de-escuelas-primarias-recibieron-lentes-gratuitos\/#primaryimage"},"thumbnailUrl":"https:\/\/diarioprincipios.com\/wp-content\/uploads\/2024\/10\/ESTUDIANTES-DE-ESCUELAS-PRIMARIAS-RECIBIERON-LENTES-GRATUITOS-2.jpg","datePublished":"2024-10-21T17:01:18+00:00","dateModified":"2024-10-21T17:01:21+00:00","breadcrumb":{"@id":"https:\/\/diarioprincipios.com\/index.php\/2024\/10\/21\/estudiantes-de-escuelas-primarias-recibieron-lentes-gratuitos\/#breadcrumb"},"inLanguage":"es","potentialAction":[{"@type":"ReadAction","target":["https:\/\/diarioprincipios.com\/index.php\/2024\/10\/21\/estudiantes-de-escuelas-primarias-recibieron-lentes-gratuitos\/"]}]},{"@type":"ImageObject","inLanguage":"es","@id":"https:\/\/diarioprincipios.com\/index.php\/2024\/10\/21\/estudiantes-de-escuelas-primarias-recibieron-lentes-gratuitos\/#primaryimage","url":"https:\/\/diarioprincipios.com\/wp-content\/uploads\/2024\/10\/ESTUDIANTES-DE-ESCUELAS-PRIMARIAS-RECIBIERON-LENTES-GRATUITOS-2.jpg","contentUrl":"https:\/\/diarioprincipios.com\/wp-content\/uploads\/2024\/10\/ESTUDIANTES-DE-ESCUELAS-PRIMARIAS-RECIBIERON-LENTES-GRATUITOS-2.jpg","width":1920,"height":1280},{"@type":"BreadcrumbList","@id":"https:\/\/diarioprincipios.com\/index.php\/2024\/10\/21\/estudiantes-de-escuelas-primarias-recibieron-lentes-gratuitos\/#breadcrumb","itemListElement":[{"@type":"ListItem","position":1,"name":"Portada","item":"https:\/\/diarioprincipios.com\/"},{"@type":"ListItem","position":2,"name":"Estudiantes de Escuelas Primarias recibieron Lentes Gratuitos"}]},{"@type":"WebSite","@id":"https:\/\/diarioprincipios.com\/#website","url":"https:\/\/diarioprincipios.com\/","name":"Principios","description":"Principios Diario","publisher":{"@id":"https:\/\/diarioprincipios.com\/#organization"},"potentialAction":[{"@type":"SearchAction","target":{"@type":"EntryPoint","urlTemplate":"https:\/\/diarioprincipios.com\/?s={search_term_string}"},"query-input":{"@type":"PropertyValueSpecification","valueRequired":true,"valueName":"search_term_string"}}],"inLanguage":"es"},{"@type":"Organization","@id":"https:\/\/diarioprincipios.com\/#organization","name":"Principios","url":"https:\/\/diarioprincipios.com\/","logo":{"@type":"ImageObject","inLanguage":"es","@id":"https:\/\/diarioprincipios.com\/#\/schema\/logo\/image\/","url":"https:\/\/diarioprincipios.com\/wp-content\/uploads\/2024\/04\/cropped-www.diarioprincipios.com_-1.png","contentUrl":"https:\/\/diarioprincipios.com\/wp-content\/uploads\/2024\/04\/cropped-www.diarioprincipios.com_-1.png","width":5325,"height":1454,"caption":"Principios"},"image":{"@id":"https:\/\/diarioprincipios.com\/#\/schema\/logo\/image\/"}},{"@type":"Person","@id":"https:\/\/diarioprincipios.com\/#\/schema\/person\/436d5a1fd41a5e250e23ff5a6a7cb080","name":"Hern\u00e1n L\u00f3pez","image":{"@type":"ImageObject","inLanguage":"es","@id":"https:\/\/diarioprincipios.com\/wp-content\/litespeed\/avatar\/11ddfe5610ff3bd100522525b2571f48.jpg?ver=1777653193","url":"https:\/\/diarioprincipios.com\/wp-content\/litespeed\/avatar\/11ddfe5610ff3bd100522525b2571f48.jpg?ver=1777653193","contentUrl":"https:\/\/diarioprincipios.com\/wp-content\/litespeed\/avatar\/11ddfe5610ff3bd100522525b2571f48.jpg?ver=1777653193","caption":"Hern\u00e1n L\u00f3pez"},"url":"https:\/\/diarioprincipios.com\/index.php\/author\/hernan\/"}]}},"jetpack_featured_media_url":"https:\/\/diarioprincipios.com\/wp-content\/uploads\/2024\/10\/ESTUDIANTES-DE-ESCUELAS-PRIMARIAS-RECIBIERON-LENTES-GRATUITOS-2.jpg","_links":{"self":[{"href":"https:\/\/diarioprincipios.com\/index.php\/wp-json\/wp\/v2\/posts\/23328","targetHints":{"allow":["GET"]}}],"collection":[{"href":"https:\/\/diarioprincipios.com\/index.php\/wp-json\/wp\/v2\/posts"}],"about":[{"href":"https:\/\/diarioprincipios.com\/index.php\/wp-json\/wp\/v2\/types\/post"}],"author":[{"embeddable":true,"href":"https:\/\/diarioprincipios.com\/index.php\/wp-json\/wp\/v2\/users\/2"}],"replies":[{"embeddable":true,"href":"https:\/\/diarioprincipios.com\/index.php\/wp-json\/wp\/v2\/comments?post=23328"}],"version-history":[{"count":1,"href":"https:\/\/diarioprincipios.com\/index.php\/wp-json\/wp\/v2\/posts\/23328\/revisions"}],"predecessor-version":[{"id":23332,"href":"https:\/\/diarioprincipios.com\/index.php\/wp-json\/wp\/v2\/posts\/23328\/revisions\/23332"}],"wp:featuredmedia":[{"embeddable":true,"href":"https:\/\/diarioprincipios.com\/index.php\/wp-json\/wp\/v2\/media\/23331"}],"wp:attachment":[{"href":"https:\/\/diarioprincipios.com\/index.php\/wp-json\/wp\/v2\/media?parent=23328"}],"wp:term":[{"taxonomy":"category","embeddable":true,"href":"https:\/\/diarioprincipios.com\/index.php\/wp-json\/wp\/v2\/categories?post=23328"},{"taxonomy":"post_tag","embeddable":true,"href":"https:\/\/diarioprincipios.com\/index.php\/wp-json\/wp\/v2\/tags?post=23328"}],"curies":[{"name":"wp","href":"https:\/\/api.w.org\/{rel}","templated":true}]}}