{"id":23249,"date":"2024-10-10T12:22:36","date_gmt":"2024-10-10T15:22:36","guid":{"rendered":"http:\/\/diarioprincipios.com\/?p=23249"},"modified":"2024-10-10T12:24:05","modified_gmt":"2024-10-10T15:24:05","slug":"carril-campusano-junto-al-ministro-de-trabajo-walter-correa-en-florencio-varela","status":"publish","type":"post","link":"https:\/\/diarioprincipios.com\/index.php\/2024\/10\/10\/carril-campusano-junto-al-ministro-de-trabajo-walter-correa-en-florencio-varela\/","title":{"rendered":"Carril Campusano junto al Ministro de Trabajo Walter Correa en Florencio Varela"},"content":{"rendered":"\n<p>El mi\u00e9rcoles por la tarde, Gabriel Carril Campusano, Secretario General del Sindicato de Trabajadores Municipales de Berazategui y Secretario Gremial de la CGT regional Quilmes, Berazategui y Florencio Varela, particip\u00f3 en una charla-debate sobre la Ley Base y el Derecho Laboral.<\/p>\n\n\n\n<p>El evento, organizado por la regional de la central de los trabajadores, se llev\u00f3 a cabo en las instalaciones de la Universidad Nacional Arturo Jauretche y fue presentado por Luis Roa, abogado laboralista y asesor del Ministerio de Trabajo, contando adem\u00e1s con la destacada presencia del Ministro Walter Correa. Formaron parte del panel que disert\u00f3 dos de los tres responsables de la CGT Regional, Fabi\u00e1n Salvatierra (UOM) y Rub\u00e9n Zeballos (Camioneros).<\/p>\n\n\n\n<figure class=\"wp-block-image size-large\"><img loading=\"lazy\" decoding=\"async\" width=\"1024\" height=\"1024\" src=\"https:\/\/diarioprincipios.com\/wp-content\/uploads\/2024\/10\/cgt-correa-1-1024x1024.png\" alt=\"\" class=\"wp-image-23250\" srcset=\"https:\/\/diarioprincipios.com\/wp-content\/uploads\/2024\/10\/cgt-correa-1-1024x1024.png 1024w, https:\/\/diarioprincipios.com\/wp-content\/uploads\/2024\/10\/cgt-correa-1-300x300.png 300w, https:\/\/diarioprincipios.com\/wp-content\/uploads\/2024\/10\/cgt-correa-1-150x150.png 150w, https:\/\/diarioprincipios.com\/wp-content\/uploads\/2024\/10\/cgt-correa-1-768x768.png 768w, https:\/\/diarioprincipios.com\/wp-content\/uploads\/2024\/10\/cgt-correa-1.png 1200w\" sizes=\"auto, (max-width: 1024px) 100vw, 1024px\" \/><\/figure>\n\n\n\n<p>Tambi\u00e9n estuvieron presentes la directora provincial de Empleo, Claudia L\u00e1zzaro; y la directora de la Coordinaci\u00f3n de la Negociaci\u00f3n Colectiva Municipal, Macarena Kunkel<\/p>\n\n\n\n<p>El auditorio \u00abLeonardo Favio\u00bb se present\u00f3 colmado de dirigentes gremiales de la regi\u00f3n, quienes aprovecharon la ocasi\u00f3n para informarse y debatir sobre los aspectos clave de la reforma laboral impulsada por el Gobierno Nacional.<\/p>\n\n\n\n<figure class=\"wp-block-image size-large\"><img loading=\"lazy\" decoding=\"async\" width=\"1024\" height=\"415\" src=\"https:\/\/diarioprincipios.com\/wp-content\/uploads\/2024\/10\/cgt-correa-cabecera-1024x415.png\" alt=\"\" class=\"wp-image-23251\" srcset=\"https:\/\/diarioprincipios.com\/wp-content\/uploads\/2024\/10\/cgt-correa-cabecera-1024x415.png 1024w, https:\/\/diarioprincipios.com\/wp-content\/uploads\/2024\/10\/cgt-correa-cabecera-300x122.png 300w, https:\/\/diarioprincipios.com\/wp-content\/uploads\/2024\/10\/cgt-correa-cabecera-768x312.png 768w, https:\/\/diarioprincipios.com\/wp-content\/uploads\/2024\/10\/cgt-correa-cabecera-1536x623.png 1536w, https:\/\/diarioprincipios.com\/wp-content\/uploads\/2024\/10\/cgt-correa-cabecera.png 1585w\" sizes=\"auto, (max-width: 1024px) 100vw, 1024px\" \/><\/figure>\n\n\n\n<p>Al finalizar la jornada, Carril resalt\u00f3: \u00abHoy tuvimos la oportunidad de enriquecernos y debatir con una gran cantidad de compa\u00f1eras y compa\u00f1eros trabajadores sobre esta nefasta reforma, que busca limitar los reclamos y derechos de la clase trabajadora. Nos enfrentamos a un gobierno profundamente insensible y provocador, como pocas veces hemos visto en nuestra historia.\u00bb<\/p>\n\n\n\n<p>\u00abDurante m\u00e1s de tres horas, pudimos analizar detalladamente los eventos que se han sucedido desde que se impuls\u00f3 la reforma a trav\u00e9s de la Ley Bases, hasta llegar al 9 de julio de este a\u00f1o, fecha en la que entraron en vigencia las leyes N\u00b0 27.742 y 27.743. Estas normas, seg\u00fan los juristas m\u00e1s reconocidos, son consideradas inconstitucionales, adem\u00e1s de contener los procesos administrativos que se llevaron a cabo a tal efecto un sinf\u00edn de anomal\u00edas\u00bb, agreg\u00f3.<\/p>\n\n\n\n<figure class=\"wp-block-image size-large\"><img loading=\"lazy\" decoding=\"async\" width=\"1024\" height=\"1024\" src=\"https:\/\/diarioprincipios.com\/wp-content\/uploads\/2024\/10\/cgt-correa-4-1024x1024.png\" alt=\"\" class=\"wp-image-23252\" srcset=\"https:\/\/diarioprincipios.com\/wp-content\/uploads\/2024\/10\/cgt-correa-4-1024x1024.png 1024w, https:\/\/diarioprincipios.com\/wp-content\/uploads\/2024\/10\/cgt-correa-4-300x300.png 300w, https:\/\/diarioprincipios.com\/wp-content\/uploads\/2024\/10\/cgt-correa-4-150x150.png 150w, https:\/\/diarioprincipios.com\/wp-content\/uploads\/2024\/10\/cgt-correa-4-768x768.png 768w, https:\/\/diarioprincipios.com\/wp-content\/uploads\/2024\/10\/cgt-correa-4.png 1200w\" sizes=\"auto, (max-width: 1024px) 100vw, 1024px\" \/><\/figure>\n\n\n\n<p>Finalmente, Carril afirm\u00f3: \u00abComo representantes de los trabajadores, debemos librar la lucha en todos los \u00e1mbitos posibles y emprender las acciones necesarias para impedir que las autoridades nacionales avasallen los derechos de la clase trabajadora.\u00bb<\/p>\n\n\n\n<p>Por su parte, el Ministro Correa explic\u00f3 la posici\u00f3n del gobierno bonaerense en el contexto nacional: \u201cEstamos frente a una situaci\u00f3n muy dif\u00edcil, desde la Provincia se est\u00e1 haciendo todo lo posible para revertirlo. Ante cada anuncio del Gobierno nacional en desmedro del pueblo trabajador, nuestro Gobernador Axel Kicillof trata de revertirlo como sucede con el FONID, que representa el 10% del salario de las y los docentes que la Provincia sigue aportando\u201d.<\/p>\n\n\n\n<figure class=\"wp-block-image size-large\"><img loading=\"lazy\" decoding=\"async\" width=\"1024\" height=\"1024\" src=\"https:\/\/diarioprincipios.com\/wp-content\/uploads\/2024\/10\/cgt-correa-5-1024x1024.png\" alt=\"\" class=\"wp-image-23253\" srcset=\"https:\/\/diarioprincipios.com\/wp-content\/uploads\/2024\/10\/cgt-correa-5-1024x1024.png 1024w, https:\/\/diarioprincipios.com\/wp-content\/uploads\/2024\/10\/cgt-correa-5-300x300.png 300w, https:\/\/diarioprincipios.com\/wp-content\/uploads\/2024\/10\/cgt-correa-5-150x150.png 150w, https:\/\/diarioprincipios.com\/wp-content\/uploads\/2024\/10\/cgt-correa-5-768x768.png 768w, https:\/\/diarioprincipios.com\/wp-content\/uploads\/2024\/10\/cgt-correa-5.png 1200w\" sizes=\"auto, (max-width: 1024px) 100vw, 1024px\" \/><\/figure>\n\n\n\n<p>\u201cMientras la Naci\u00f3n despide compa\u00f1eros y compa\u00f1eras, la Provincia de Buenos Aires no despidi\u00f3 un solo trabajador en estos 10 meses de gesti\u00f3n, sino todo lo contrario se sostienen los puestos de trabajo y se respeta el derecho a las paritarias\u201d, destac\u00f3.<\/p>\n\n\n\n<p>La m\u00e1xima autoridad de los municipales berazateguenses estuvo acompa\u00f1ado en la oportunidad por su Secretario Adjunto, Fabi\u00e1n Ardile.<\/p>\n","protected":false},"excerpt":{"rendered":"<p>El mi\u00e9rcoles por la tarde, Gabriel Carril Campusano, Secretario General del Sindicato de Trabajadores Municipales de Berazategui y Secretario Gremial de la CGT regional Quilmes, Berazategui y Florencio Varela, particip\u00f3 en una charla-debate sobre la Ley Base y el Derecho Laboral. El evento, organizado por la regional de la central de los trabajadores, se llev\u00f3&#8230;<\/p>\n","protected":false},"author":2,"featured_media":23254,"comment_status":"open","ping_status":"open","sticky":false,"template":"","format":"standard","meta":{"footnotes":""},"categories":[21,1,17],"tags":[],"class_list":["post-23249","post","type-post","status-publish","format-standard","has-post-thumbnail","hentry","category-gremiales","category-uncategorized","category-zona-sur"],"featured_image_src":"https:\/\/diarioprincipios.com\/wp-content\/uploads\/2024\/10\/cgt-correa-3-1024x1024.png","blog_images":{"medium":"https:\/\/diarioprincipios.com\/wp-content\/uploads\/2024\/10\/cgt-correa-3-300x300.png","large":"https:\/\/diarioprincipios.com\/wp-content\/uploads\/2024\/10\/cgt-correa-3-1024x1024.png"},"ams_acf":[],"yoast_head":"<!-- This site is optimized with the Yoast SEO plugin v27.3 - https:\/\/yoast.com\/product\/yoast-seo-wordpress\/ -->\n<title>Carril Campusano junto al Ministro de Trabajo Walter Correa en Florencio Varela - Principios<\/title>\n<meta name=\"robots\" content=\"index, follow, max-snippet:-1, max-image-preview:large, max-video-preview:-1\" \/>\n<link rel=\"canonical\" href=\"https:\/\/diarioprincipios.com\/index.php\/2024\/10\/10\/carril-campusano-junto-al-ministro-de-trabajo-walter-correa-en-florencio-varela\/\" \/>\n<meta property=\"og:locale\" content=\"es_ES\" \/>\n<meta property=\"og:type\" content=\"article\" \/>\n<meta property=\"og:title\" content=\"Carril Campusano junto al Ministro de Trabajo Walter Correa en Florencio Varela - Principios\" \/>\n<meta property=\"og:description\" content=\"El mi\u00e9rcoles por la tarde, Gabriel Carril Campusano, Secretario General del Sindicato de Trabajadores Municipales de Berazategui y Secretario Gremial de la CGT regional Quilmes, Berazategui y Florencio Varela, particip\u00f3 en una charla-debate sobre la Ley Base y el Derecho Laboral. El evento, organizado por la regional de la central de los trabajadores, se llev\u00f3...\" \/>\n<meta property=\"og:url\" content=\"https:\/\/diarioprincipios.com\/index.php\/2024\/10\/10\/carril-campusano-junto-al-ministro-de-trabajo-walter-correa-en-florencio-varela\/\" \/>\n<meta property=\"og:site_name\" content=\"Principios\" \/>\n<meta property=\"article:published_time\" content=\"2024-10-10T15:22:36+00:00\" \/>\n<meta property=\"article:modified_time\" content=\"2024-10-10T15:24:05+00:00\" \/>\n<meta property=\"og:image\" content=\"https:\/\/diarioprincipios.com\/wp-content\/uploads\/2024\/10\/cgt-correa-3.png\" \/>\n\t<meta property=\"og:image:width\" content=\"1200\" \/>\n\t<meta property=\"og:image:height\" content=\"1200\" \/>\n\t<meta property=\"og:image:type\" content=\"image\/png\" \/>\n<meta name=\"author\" content=\"Hern\u00e1n L\u00f3pez\" \/>\n<meta name=\"twitter:card\" content=\"summary_large_image\" \/>\n<meta name=\"twitter:label1\" content=\"Escrito por\" \/>\n\t<meta name=\"twitter:data1\" content=\"Hern\u00e1n L\u00f3pez\" \/>\n\t<meta name=\"twitter:label2\" content=\"Tiempo de lectura\" \/>\n\t<meta name=\"twitter:data2\" content=\"4 minutos\" \/>\n<script type=\"application\/ld+json\" class=\"yoast-schema-graph\">{\"@context\":\"https:\\\/\\\/schema.org\",\"@graph\":[{\"@type\":\"Article\",\"@id\":\"https:\\\/\\\/diarioprincipios.com\\\/index.php\\\/2024\\\/10\\\/10\\\/carril-campusano-junto-al-ministro-de-trabajo-walter-correa-en-florencio-varela\\\/#article\",\"isPartOf\":{\"@id\":\"https:\\\/\\\/diarioprincipios.com\\\/index.php\\\/2024\\\/10\\\/10\\\/carril-campusano-junto-al-ministro-de-trabajo-walter-correa-en-florencio-varela\\\/\"},\"author\":{\"name\":\"Hern\u00e1n L\u00f3pez\",\"@id\":\"https:\\\/\\\/diarioprincipios.com\\\/#\\\/schema\\\/person\\\/436d5a1fd41a5e250e23ff5a6a7cb080\"},\"headline\":\"Carril Campusano junto al Ministro de Trabajo Walter Correa en Florencio Varela\",\"datePublished\":\"2024-10-10T15:22:36+00:00\",\"dateModified\":\"2024-10-10T15:24:05+00:00\",\"mainEntityOfPage\":{\"@id\":\"https:\\\/\\\/diarioprincipios.com\\\/index.php\\\/2024\\\/10\\\/10\\\/carril-campusano-junto-al-ministro-de-trabajo-walter-correa-en-florencio-varela\\\/\"},\"wordCount\":506,\"commentCount\":0,\"publisher\":{\"@id\":\"https:\\\/\\\/diarioprincipios.com\\\/#organization\"},\"image\":{\"@id\":\"https:\\\/\\\/diarioprincipios.com\\\/index.php\\\/2024\\\/10\\\/10\\\/carril-campusano-junto-al-ministro-de-trabajo-walter-correa-en-florencio-varela\\\/#primaryimage\"},\"thumbnailUrl\":\"https:\\\/\\\/diarioprincipios.com\\\/wp-content\\\/uploads\\\/2024\\\/10\\\/cgt-correa-3.png\",\"articleSection\":[\"Gremiales\",\"Uncategorized\",\"Zonar Sur\"],\"inLanguage\":\"es\",\"potentialAction\":[{\"@type\":\"CommentAction\",\"name\":\"Comment\",\"target\":[\"https:\\\/\\\/diarioprincipios.com\\\/index.php\\\/2024\\\/10\\\/10\\\/carril-campusano-junto-al-ministro-de-trabajo-walter-correa-en-florencio-varela\\\/#respond\"]}]},{\"@type\":\"WebPage\",\"@id\":\"https:\\\/\\\/diarioprincipios.com\\\/index.php\\\/2024\\\/10\\\/10\\\/carril-campusano-junto-al-ministro-de-trabajo-walter-correa-en-florencio-varela\\\/\",\"url\":\"https:\\\/\\\/diarioprincipios.com\\\/index.php\\\/2024\\\/10\\\/10\\\/carril-campusano-junto-al-ministro-de-trabajo-walter-correa-en-florencio-varela\\\/\",\"name\":\"Carril Campusano junto al Ministro de Trabajo Walter Correa en Florencio Varela - Principios\",\"isPartOf\":{\"@id\":\"https:\\\/\\\/diarioprincipios.com\\\/#website\"},\"primaryImageOfPage\":{\"@id\":\"https:\\\/\\\/diarioprincipios.com\\\/index.php\\\/2024\\\/10\\\/10\\\/carril-campusano-junto-al-ministro-de-trabajo-walter-correa-en-florencio-varela\\\/#primaryimage\"},\"image\":{\"@id\":\"https:\\\/\\\/diarioprincipios.com\\\/index.php\\\/2024\\\/10\\\/10\\\/carril-campusano-junto-al-ministro-de-trabajo-walter-correa-en-florencio-varela\\\/#primaryimage\"},\"thumbnailUrl\":\"https:\\\/\\\/diarioprincipios.com\\\/wp-content\\\/uploads\\\/2024\\\/10\\\/cgt-correa-3.png\",\"datePublished\":\"2024-10-10T15:22:36+00:00\",\"dateModified\":\"2024-10-10T15:24:05+00:00\",\"breadcrumb\":{\"@id\":\"https:\\\/\\\/diarioprincipios.com\\\/index.php\\\/2024\\\/10\\\/10\\\/carril-campusano-junto-al-ministro-de-trabajo-walter-correa-en-florencio-varela\\\/#breadcrumb\"},\"inLanguage\":\"es\",\"potentialAction\":[{\"@type\":\"ReadAction\",\"target\":[\"https:\\\/\\\/diarioprincipios.com\\\/index.php\\\/2024\\\/10\\\/10\\\/carril-campusano-junto-al-ministro-de-trabajo-walter-correa-en-florencio-varela\\\/\"]}]},{\"@type\":\"ImageObject\",\"inLanguage\":\"es\",\"@id\":\"https:\\\/\\\/diarioprincipios.com\\\/index.php\\\/2024\\\/10\\\/10\\\/carril-campusano-junto-al-ministro-de-trabajo-walter-correa-en-florencio-varela\\\/#primaryimage\",\"url\":\"https:\\\/\\\/diarioprincipios.com\\\/wp-content\\\/uploads\\\/2024\\\/10\\\/cgt-correa-3.png\",\"contentUrl\":\"https:\\\/\\\/diarioprincipios.com\\\/wp-content\\\/uploads\\\/2024\\\/10\\\/cgt-correa-3.png\",\"width\":1200,\"height\":1200},{\"@type\":\"BreadcrumbList\",\"@id\":\"https:\\\/\\\/diarioprincipios.com\\\/index.php\\\/2024\\\/10\\\/10\\\/carril-campusano-junto-al-ministro-de-trabajo-walter-correa-en-florencio-varela\\\/#breadcrumb\",\"itemListElement\":[{\"@type\":\"ListItem\",\"position\":1,\"name\":\"Portada\",\"item\":\"https:\\\/\\\/diarioprincipios.com\\\/\"},{\"@type\":\"ListItem\",\"position\":2,\"name\":\"Carril Campusano junto al Ministro de Trabajo Walter Correa en Florencio Varela\"}]},{\"@type\":\"WebSite\",\"@id\":\"https:\\\/\\\/diarioprincipios.com\\\/#website\",\"url\":\"https:\\\/\\\/diarioprincipios.com\\\/\",\"name\":\"Principios\",\"description\":\"Principios Diario\",\"publisher\":{\"@id\":\"https:\\\/\\\/diarioprincipios.com\\\/#organization\"},\"potentialAction\":[{\"@type\":\"SearchAction\",\"target\":{\"@type\":\"EntryPoint\",\"urlTemplate\":\"https:\\\/\\\/diarioprincipios.com\\\/?s={search_term_string}\"},\"query-input\":{\"@type\":\"PropertyValueSpecification\",\"valueRequired\":true,\"valueName\":\"search_term_string\"}}],\"inLanguage\":\"es\"},{\"@type\":\"Organization\",\"@id\":\"https:\\\/\\\/diarioprincipios.com\\\/#organization\",\"name\":\"Principios\",\"url\":\"https:\\\/\\\/diarioprincipios.com\\\/\",\"logo\":{\"@type\":\"ImageObject\",\"inLanguage\":\"es\",\"@id\":\"https:\\\/\\\/diarioprincipios.com\\\/#\\\/schema\\\/logo\\\/image\\\/\",\"url\":\"https:\\\/\\\/diarioprincipios.com\\\/wp-content\\\/uploads\\\/2024\\\/04\\\/cropped-www.diarioprincipios.com_-1.png\",\"contentUrl\":\"https:\\\/\\\/diarioprincipios.com\\\/wp-content\\\/uploads\\\/2024\\\/04\\\/cropped-www.diarioprincipios.com_-1.png\",\"width\":5325,\"height\":1454,\"caption\":\"Principios\"},\"image\":{\"@id\":\"https:\\\/\\\/diarioprincipios.com\\\/#\\\/schema\\\/logo\\\/image\\\/\"}},{\"@type\":\"Person\",\"@id\":\"https:\\\/\\\/diarioprincipios.com\\\/#\\\/schema\\\/person\\\/436d5a1fd41a5e250e23ff5a6a7cb080\",\"name\":\"Hern\u00e1n L\u00f3pez\",\"image\":{\"@type\":\"ImageObject\",\"inLanguage\":\"es\",\"@id\":\"https:\\\/\\\/diarioprincipios.com\\\/wp-content\\\/litespeed\\\/avatar\\\/11ddfe5610ff3bd100522525b2571f48.jpg?ver=1777048341\",\"url\":\"https:\\\/\\\/diarioprincipios.com\\\/wp-content\\\/litespeed\\\/avatar\\\/11ddfe5610ff3bd100522525b2571f48.jpg?ver=1777048341\",\"contentUrl\":\"https:\\\/\\\/diarioprincipios.com\\\/wp-content\\\/litespeed\\\/avatar\\\/11ddfe5610ff3bd100522525b2571f48.jpg?ver=1777048341\",\"caption\":\"Hern\u00e1n L\u00f3pez\"},\"url\":\"https:\\\/\\\/diarioprincipios.com\\\/index.php\\\/author\\\/hernan\\\/\"}]}<\/script>\n<!-- \/ Yoast SEO plugin. -->","yoast_head_json":{"title":"Carril Campusano junto al Ministro de Trabajo Walter Correa en Florencio Varela - Principios","robots":{"index":"index","follow":"follow","max-snippet":"max-snippet:-1","max-image-preview":"max-image-preview:large","max-video-preview":"max-video-preview:-1"},"canonical":"https:\/\/diarioprincipios.com\/index.php\/2024\/10\/10\/carril-campusano-junto-al-ministro-de-trabajo-walter-correa-en-florencio-varela\/","og_locale":"es_ES","og_type":"article","og_title":"Carril Campusano junto al Ministro de Trabajo Walter Correa en Florencio Varela - Principios","og_description":"El mi\u00e9rcoles por la tarde, Gabriel Carril Campusano, Secretario General del Sindicato de Trabajadores Municipales de Berazategui y Secretario Gremial de la CGT regional Quilmes, Berazategui y Florencio Varela, particip\u00f3 en una charla-debate sobre la Ley Base y el Derecho Laboral. El evento, organizado por la regional de la central de los trabajadores, se llev\u00f3...","og_url":"https:\/\/diarioprincipios.com\/index.php\/2024\/10\/10\/carril-campusano-junto-al-ministro-de-trabajo-walter-correa-en-florencio-varela\/","og_site_name":"Principios","article_published_time":"2024-10-10T15:22:36+00:00","article_modified_time":"2024-10-10T15:24:05+00:00","og_image":[{"width":1200,"height":1200,"url":"https:\/\/diarioprincipios.com\/wp-content\/uploads\/2024\/10\/cgt-correa-3.png","type":"image\/png"}],"author":"Hern\u00e1n L\u00f3pez","twitter_card":"summary_large_image","twitter_misc":{"Escrito por":"Hern\u00e1n L\u00f3pez","Tiempo de lectura":"4 minutos"},"schema":{"@context":"https:\/\/schema.org","@graph":[{"@type":"Article","@id":"https:\/\/diarioprincipios.com\/index.php\/2024\/10\/10\/carril-campusano-junto-al-ministro-de-trabajo-walter-correa-en-florencio-varela\/#article","isPartOf":{"@id":"https:\/\/diarioprincipios.com\/index.php\/2024\/10\/10\/carril-campusano-junto-al-ministro-de-trabajo-walter-correa-en-florencio-varela\/"},"author":{"name":"Hern\u00e1n L\u00f3pez","@id":"https:\/\/diarioprincipios.com\/#\/schema\/person\/436d5a1fd41a5e250e23ff5a6a7cb080"},"headline":"Carril Campusano junto al Ministro de Trabajo Walter Correa en Florencio Varela","datePublished":"2024-10-10T15:22:36+00:00","dateModified":"2024-10-10T15:24:05+00:00","mainEntityOfPage":{"@id":"https:\/\/diarioprincipios.com\/index.php\/2024\/10\/10\/carril-campusano-junto-al-ministro-de-trabajo-walter-correa-en-florencio-varela\/"},"wordCount":506,"commentCount":0,"publisher":{"@id":"https:\/\/diarioprincipios.com\/#organization"},"image":{"@id":"https:\/\/diarioprincipios.com\/index.php\/2024\/10\/10\/carril-campusano-junto-al-ministro-de-trabajo-walter-correa-en-florencio-varela\/#primaryimage"},"thumbnailUrl":"https:\/\/diarioprincipios.com\/wp-content\/uploads\/2024\/10\/cgt-correa-3.png","articleSection":["Gremiales","Uncategorized","Zonar Sur"],"inLanguage":"es","potentialAction":[{"@type":"CommentAction","name":"Comment","target":["https:\/\/diarioprincipios.com\/index.php\/2024\/10\/10\/carril-campusano-junto-al-ministro-de-trabajo-walter-correa-en-florencio-varela\/#respond"]}]},{"@type":"WebPage","@id":"https:\/\/diarioprincipios.com\/index.php\/2024\/10\/10\/carril-campusano-junto-al-ministro-de-trabajo-walter-correa-en-florencio-varela\/","url":"https:\/\/diarioprincipios.com\/index.php\/2024\/10\/10\/carril-campusano-junto-al-ministro-de-trabajo-walter-correa-en-florencio-varela\/","name":"Carril Campusano junto al Ministro de Trabajo Walter Correa en Florencio Varela - Principios","isPartOf":{"@id":"https:\/\/diarioprincipios.com\/#website"},"primaryImageOfPage":{"@id":"https:\/\/diarioprincipios.com\/index.php\/2024\/10\/10\/carril-campusano-junto-al-ministro-de-trabajo-walter-correa-en-florencio-varela\/#primaryimage"},"image":{"@id":"https:\/\/diarioprincipios.com\/index.php\/2024\/10\/10\/carril-campusano-junto-al-ministro-de-trabajo-walter-correa-en-florencio-varela\/#primaryimage"},"thumbnailUrl":"https:\/\/diarioprincipios.com\/wp-content\/uploads\/2024\/10\/cgt-correa-3.png","datePublished":"2024-10-10T15:22:36+00:00","dateModified":"2024-10-10T15:24:05+00:00","breadcrumb":{"@id":"https:\/\/diarioprincipios.com\/index.php\/2024\/10\/10\/carril-campusano-junto-al-ministro-de-trabajo-walter-correa-en-florencio-varela\/#breadcrumb"},"inLanguage":"es","potentialAction":[{"@type":"ReadAction","target":["https:\/\/diarioprincipios.com\/index.php\/2024\/10\/10\/carril-campusano-junto-al-ministro-de-trabajo-walter-correa-en-florencio-varela\/"]}]},{"@type":"ImageObject","inLanguage":"es","@id":"https:\/\/diarioprincipios.com\/index.php\/2024\/10\/10\/carril-campusano-junto-al-ministro-de-trabajo-walter-correa-en-florencio-varela\/#primaryimage","url":"https:\/\/diarioprincipios.com\/wp-content\/uploads\/2024\/10\/cgt-correa-3.png","contentUrl":"https:\/\/diarioprincipios.com\/wp-content\/uploads\/2024\/10\/cgt-correa-3.png","width":1200,"height":1200},{"@type":"BreadcrumbList","@id":"https:\/\/diarioprincipios.com\/index.php\/2024\/10\/10\/carril-campusano-junto-al-ministro-de-trabajo-walter-correa-en-florencio-varela\/#breadcrumb","itemListElement":[{"@type":"ListItem","position":1,"name":"Portada","item":"https:\/\/diarioprincipios.com\/"},{"@type":"ListItem","position":2,"name":"Carril Campusano junto al Ministro de Trabajo Walter Correa en Florencio Varela"}]},{"@type":"WebSite","@id":"https:\/\/diarioprincipios.com\/#website","url":"https:\/\/diarioprincipios.com\/","name":"Principios","description":"Principios Diario","publisher":{"@id":"https:\/\/diarioprincipios.com\/#organization"},"potentialAction":[{"@type":"SearchAction","target":{"@type":"EntryPoint","urlTemplate":"https:\/\/diarioprincipios.com\/?s={search_term_string}"},"query-input":{"@type":"PropertyValueSpecification","valueRequired":true,"valueName":"search_term_string"}}],"inLanguage":"es"},{"@type":"Organization","@id":"https:\/\/diarioprincipios.com\/#organization","name":"Principios","url":"https:\/\/diarioprincipios.com\/","logo":{"@type":"ImageObject","inLanguage":"es","@id":"https:\/\/diarioprincipios.com\/#\/schema\/logo\/image\/","url":"https:\/\/diarioprincipios.com\/wp-content\/uploads\/2024\/04\/cropped-www.diarioprincipios.com_-1.png","contentUrl":"https:\/\/diarioprincipios.com\/wp-content\/uploads\/2024\/04\/cropped-www.diarioprincipios.com_-1.png","width":5325,"height":1454,"caption":"Principios"},"image":{"@id":"https:\/\/diarioprincipios.com\/#\/schema\/logo\/image\/"}},{"@type":"Person","@id":"https:\/\/diarioprincipios.com\/#\/schema\/person\/436d5a1fd41a5e250e23ff5a6a7cb080","name":"Hern\u00e1n L\u00f3pez","image":{"@type":"ImageObject","inLanguage":"es","@id":"https:\/\/diarioprincipios.com\/wp-content\/litespeed\/avatar\/11ddfe5610ff3bd100522525b2571f48.jpg?ver=1777048341","url":"https:\/\/diarioprincipios.com\/wp-content\/litespeed\/avatar\/11ddfe5610ff3bd100522525b2571f48.jpg?ver=1777048341","contentUrl":"https:\/\/diarioprincipios.com\/wp-content\/litespeed\/avatar\/11ddfe5610ff3bd100522525b2571f48.jpg?ver=1777048341","caption":"Hern\u00e1n L\u00f3pez"},"url":"https:\/\/diarioprincipios.com\/index.php\/author\/hernan\/"}]}},"jetpack_featured_media_url":"https:\/\/diarioprincipios.com\/wp-content\/uploads\/2024\/10\/cgt-correa-3.png","_links":{"self":[{"href":"https:\/\/diarioprincipios.com\/index.php\/wp-json\/wp\/v2\/posts\/23249","targetHints":{"allow":["GET"]}}],"collection":[{"href":"https:\/\/diarioprincipios.com\/index.php\/wp-json\/wp\/v2\/posts"}],"about":[{"href":"https:\/\/diarioprincipios.com\/index.php\/wp-json\/wp\/v2\/types\/post"}],"author":[{"embeddable":true,"href":"https:\/\/diarioprincipios.com\/index.php\/wp-json\/wp\/v2\/users\/2"}],"replies":[{"embeddable":true,"href":"https:\/\/diarioprincipios.com\/index.php\/wp-json\/wp\/v2\/comments?post=23249"}],"version-history":[{"count":1,"href":"https:\/\/diarioprincipios.com\/index.php\/wp-json\/wp\/v2\/posts\/23249\/revisions"}],"predecessor-version":[{"id":23255,"href":"https:\/\/diarioprincipios.com\/index.php\/wp-json\/wp\/v2\/posts\/23249\/revisions\/23255"}],"wp:featuredmedia":[{"embeddable":true,"href":"https:\/\/diarioprincipios.com\/index.php\/wp-json\/wp\/v2\/media\/23254"}],"wp:attachment":[{"href":"https:\/\/diarioprincipios.com\/index.php\/wp-json\/wp\/v2\/media?parent=23249"}],"wp:term":[{"taxonomy":"category","embeddable":true,"href":"https:\/\/diarioprincipios.com\/index.php\/wp-json\/wp\/v2\/categories?post=23249"},{"taxonomy":"post_tag","embeddable":true,"href":"https:\/\/diarioprincipios.com\/index.php\/wp-json\/wp\/v2\/tags?post=23249"}],"curies":[{"name":"wp","href":"https:\/\/api.w.org\/{rel}","templated":true}]}}