{"id":23240,"date":"2024-10-09T16:09:22","date_gmt":"2024-10-09T19:09:22","guid":{"rendered":"http:\/\/diarioprincipios.com\/?p=23240"},"modified":"2024-10-09T16:10:28","modified_gmt":"2024-10-09T19:10:28","slug":"se-inauguro-la-chacra-experimental-el-pato","status":"publish","type":"post","link":"https:\/\/diarioprincipios.com\/index.php\/2024\/10\/09\/se-inauguro-la-chacra-experimental-el-pato\/","title":{"rendered":"Se inaugur\u00f3 la Chacra Experimental El Pato"},"content":{"rendered":"\n<p><strong>Se inaugur\u00f3 la chacra Experimental El Pato en un acto encabezado por el intendente de Berazategui, Juan Jos\u00e9 Mussi; y el ministro de Desarrollo Agrario de la provincia de Buenos Aires, Javier Rodr\u00edguez. El flamante espacio busca contribuir al desarrollo sustentable de la producci\u00f3n agroalimentaria intensiva bonaerense, a trav\u00e9s de actividades de investigaci\u00f3n y extensi\u00f3n articuladas con la Universidad Nacional Arturo Jauretche (UNAJ).<\/strong><\/p>\n\n\n\n<p>Durante la inauguraci\u00f3n, Mussi destac\u00f3: \u201cQu\u00e9 lindo que en esta Argentina dif\u00edcil podamos decir que estamos llegando a feliz t\u00e9rmino con estas cosas\u201d. Y agreg\u00f3: \u201cNosotros aportamos para los momentos dif\u00edciles, pero sin la voluntad del gobernador Axel Kicillof no podr\u00eda haberse hecho esto. Porque cuando el Gobierno nacional quit\u00f3 el financiamiento, el Gobierno de la provincia de Buenos Aires sigui\u00f3 adelante. Gracias Gobernador, gracias Ministro\u201d.<\/p>\n\n\n\n<figure class=\"wp-block-image size-large\"><img loading=\"lazy\" decoding=\"async\" width=\"1024\" height=\"683\" src=\"https:\/\/diarioprincipios.com\/wp-content\/uploads\/2024\/10\/20241007_Inauguracion_Chacra_Experimental_El_Pato_NM_555-1-1024x683.jpg\" alt=\"\" class=\"wp-image-23241\" srcset=\"https:\/\/diarioprincipios.com\/wp-content\/uploads\/2024\/10\/20241007_Inauguracion_Chacra_Experimental_El_Pato_NM_555-1-1024x683.jpg 1024w, https:\/\/diarioprincipios.com\/wp-content\/uploads\/2024\/10\/20241007_Inauguracion_Chacra_Experimental_El_Pato_NM_555-1-300x200.jpg 300w, https:\/\/diarioprincipios.com\/wp-content\/uploads\/2024\/10\/20241007_Inauguracion_Chacra_Experimental_El_Pato_NM_555-1-768x512.jpg 768w, https:\/\/diarioprincipios.com\/wp-content\/uploads\/2024\/10\/20241007_Inauguracion_Chacra_Experimental_El_Pato_NM_555-1-1536x1024.jpg 1536w, https:\/\/diarioprincipios.com\/wp-content\/uploads\/2024\/10\/20241007_Inauguracion_Chacra_Experimental_El_Pato_NM_555-1-600x400.jpg 600w, https:\/\/diarioprincipios.com\/wp-content\/uploads\/2024\/10\/20241007_Inauguracion_Chacra_Experimental_El_Pato_NM_555-1.jpg 1920w\" sizes=\"auto, (max-width: 1024px) 100vw, 1024px\" \/><\/figure>\n\n\n\n<p>En tanto, Rodr\u00edguez se\u00f1al\u00f3: \u201cLa Chacra es el producto de un trabajo articulado entre la Municipalidad de Berazategui, la Provincia, la Universidad Nacional Arturo Jauretche (UNAJ) y los productores. En momentos dif\u00edciles como estos, nosotros seguimos con el compromiso de trabajar fuertemente por la educaci\u00f3n, la ciencia y tecnolog\u00eda, y la producci\u00f3n. Lo que inauguramos hoy justamente sintetiza todo eso\u201d.<\/p>\n\n\n\n<p>A su vez, el rector de la UNAJ, Arnaldo Medina, afirm\u00f3: \u201cA esta Chacra -que ya est\u00e1 en funcionamiento- pueden venir estudiantes, docentes e investigadores de nuestra Universidad. Es muy importante desde el punto de vista del aprendizaje, pero tambi\u00e9n vamos a poder colaborar con los productores a trav\u00e9s del conocimiento\u201d.<\/p>\n\n\n\n<figure class=\"wp-block-image size-large\"><img loading=\"lazy\" decoding=\"async\" width=\"1024\" height=\"683\" src=\"https:\/\/diarioprincipios.com\/wp-content\/uploads\/2024\/10\/20241007_Inauguracion_Chacra_Experimental_El_Pato_NM_405-1-1024x683.jpg\" alt=\"\" class=\"wp-image-23242\" srcset=\"https:\/\/diarioprincipios.com\/wp-content\/uploads\/2024\/10\/20241007_Inauguracion_Chacra_Experimental_El_Pato_NM_405-1-1024x683.jpg 1024w, https:\/\/diarioprincipios.com\/wp-content\/uploads\/2024\/10\/20241007_Inauguracion_Chacra_Experimental_El_Pato_NM_405-1-300x200.jpg 300w, https:\/\/diarioprincipios.com\/wp-content\/uploads\/2024\/10\/20241007_Inauguracion_Chacra_Experimental_El_Pato_NM_405-1-768x512.jpg 768w, https:\/\/diarioprincipios.com\/wp-content\/uploads\/2024\/10\/20241007_Inauguracion_Chacra_Experimental_El_Pato_NM_405-1-1536x1024.jpg 1536w, https:\/\/diarioprincipios.com\/wp-content\/uploads\/2024\/10\/20241007_Inauguracion_Chacra_Experimental_El_Pato_NM_405-1-600x400.jpg 600w, https:\/\/diarioprincipios.com\/wp-content\/uploads\/2024\/10\/20241007_Inauguracion_Chacra_Experimental_El_Pato_NM_405-1.jpg 1920w\" sizes=\"auto, (max-width: 1024px) 100vw, 1024px\" \/><\/figure>\n\n\n\n<p>La inauguraci\u00f3n se realiz\u00f3 en el marco de la 3ra edici\u00f3n de Semana a Tranqueras Abiertas (Encuentro para conocer las innovaciones y los ensayos que lleva adelante la Red de 16 Chacras Experimentales de Desarrollo Agrario). El espacio cuenta con seis hect\u00e1reas y permite fortalecer los entramados socio-productivos locales, favoreciendo el intercambio y la vinculaci\u00f3n entre productores, el sistema cient\u00edfico tecnol\u00f3gico y las instituciones que promueven pol\u00edticas para el desarrollo territorial.<\/p>\n","protected":false},"excerpt":{"rendered":"<p>Se inaugur\u00f3 la chacra Experimental El Pato en un acto encabezado por el intendente de Berazategui, Juan Jos\u00e9 Mussi; y el ministro de Desarrollo Agrario de la provincia de Buenos Aires, Javier Rodr\u00edguez. El flamante espacio busca contribuir al desarrollo sustentable de la producci\u00f3n agroalimentaria intensiva bonaerense, a trav\u00e9s de actividades de investigaci\u00f3n y extensi\u00f3n&#8230;<\/p>\n","protected":false},"author":2,"featured_media":23243,"comment_status":"open","ping_status":"open","sticky":false,"template":"","format":"standard","meta":{"footnotes":""},"categories":[3],"tags":[],"class_list":["post-23240","post","type-post","status-publish","format-standard","has-post-thumbnail","hentry","category-berazategui"],"featured_image_src":"https:\/\/diarioprincipios.com\/wp-content\/uploads\/2024\/10\/20241007_Inauguracion_Chacra_Experimental_El_Pato_NM_143-1-1024x683.jpg","blog_images":{"medium":"https:\/\/diarioprincipios.com\/wp-content\/uploads\/2024\/10\/20241007_Inauguracion_Chacra_Experimental_El_Pato_NM_143-1-300x200.jpg","large":"https:\/\/diarioprincipios.com\/wp-content\/uploads\/2024\/10\/20241007_Inauguracion_Chacra_Experimental_El_Pato_NM_143-1-1024x683.jpg"},"ams_acf":[],"yoast_head":"<!-- This site is optimized with the Yoast SEO plugin v27.3 - https:\/\/yoast.com\/product\/yoast-seo-wordpress\/ -->\n<title>Se inaugur\u00f3 la Chacra Experimental El Pato - Principios<\/title>\n<meta name=\"robots\" content=\"index, follow, max-snippet:-1, max-image-preview:large, max-video-preview:-1\" \/>\n<link rel=\"canonical\" href=\"https:\/\/diarioprincipios.com\/index.php\/2024\/10\/09\/se-inauguro-la-chacra-experimental-el-pato\/\" \/>\n<meta property=\"og:locale\" content=\"es_ES\" \/>\n<meta property=\"og:type\" content=\"article\" \/>\n<meta property=\"og:title\" content=\"Se inaugur\u00f3 la Chacra Experimental El Pato - Principios\" \/>\n<meta property=\"og:description\" content=\"Se inaugur\u00f3 la chacra Experimental El Pato en un acto encabezado por el intendente de Berazategui, Juan Jos\u00e9 Mussi; y el ministro de Desarrollo Agrario de la provincia de Buenos Aires, Javier Rodr\u00edguez. El flamante espacio busca contribuir al desarrollo sustentable de la producci\u00f3n agroalimentaria intensiva bonaerense, a trav\u00e9s de actividades de investigaci\u00f3n y extensi\u00f3n...\" \/>\n<meta property=\"og:url\" content=\"https:\/\/diarioprincipios.com\/index.php\/2024\/10\/09\/se-inauguro-la-chacra-experimental-el-pato\/\" \/>\n<meta property=\"og:site_name\" content=\"Principios\" \/>\n<meta property=\"article:published_time\" content=\"2024-10-09T19:09:22+00:00\" \/>\n<meta property=\"article:modified_time\" content=\"2024-10-09T19:10:28+00:00\" \/>\n<meta property=\"og:image\" content=\"https:\/\/diarioprincipios.com\/wp-content\/uploads\/2024\/10\/20241007_Inauguracion_Chacra_Experimental_El_Pato_NM_143-1.jpg\" \/>\n\t<meta property=\"og:image:width\" content=\"1920\" \/>\n\t<meta property=\"og:image:height\" content=\"1280\" \/>\n\t<meta property=\"og:image:type\" content=\"image\/jpeg\" \/>\n<meta name=\"author\" content=\"Hern\u00e1n L\u00f3pez\" \/>\n<meta name=\"twitter:card\" content=\"summary_large_image\" \/>\n<meta name=\"twitter:label1\" content=\"Escrito por\" \/>\n\t<meta name=\"twitter:data1\" content=\"Hern\u00e1n L\u00f3pez\" \/>\n\t<meta name=\"twitter:label2\" content=\"Tiempo de lectura\" \/>\n\t<meta name=\"twitter:data2\" content=\"3 minutos\" \/>\n<script type=\"application\/ld+json\" class=\"yoast-schema-graph\">{\"@context\":\"https:\\\/\\\/schema.org\",\"@graph\":[{\"@type\":\"Article\",\"@id\":\"https:\\\/\\\/diarioprincipios.com\\\/index.php\\\/2024\\\/10\\\/09\\\/se-inauguro-la-chacra-experimental-el-pato\\\/#article\",\"isPartOf\":{\"@id\":\"https:\\\/\\\/diarioprincipios.com\\\/index.php\\\/2024\\\/10\\\/09\\\/se-inauguro-la-chacra-experimental-el-pato\\\/\"},\"author\":{\"name\":\"Hern\u00e1n L\u00f3pez\",\"@id\":\"https:\\\/\\\/diarioprincipios.com\\\/#\\\/schema\\\/person\\\/436d5a1fd41a5e250e23ff5a6a7cb080\"},\"headline\":\"Se inaugur\u00f3 la Chacra Experimental El Pato\",\"datePublished\":\"2024-10-09T19:09:22+00:00\",\"dateModified\":\"2024-10-09T19:10:28+00:00\",\"mainEntityOfPage\":{\"@id\":\"https:\\\/\\\/diarioprincipios.com\\\/index.php\\\/2024\\\/10\\\/09\\\/se-inauguro-la-chacra-experimental-el-pato\\\/\"},\"wordCount\":342,\"commentCount\":0,\"publisher\":{\"@id\":\"https:\\\/\\\/diarioprincipios.com\\\/#organization\"},\"image\":{\"@id\":\"https:\\\/\\\/diarioprincipios.com\\\/index.php\\\/2024\\\/10\\\/09\\\/se-inauguro-la-chacra-experimental-el-pato\\\/#primaryimage\"},\"thumbnailUrl\":\"https:\\\/\\\/diarioprincipios.com\\\/wp-content\\\/uploads\\\/2024\\\/10\\\/20241007_Inauguracion_Chacra_Experimental_El_Pato_NM_143-1.jpg\",\"articleSection\":[\"Berazategui\"],\"inLanguage\":\"es\",\"potentialAction\":[{\"@type\":\"CommentAction\",\"name\":\"Comment\",\"target\":[\"https:\\\/\\\/diarioprincipios.com\\\/index.php\\\/2024\\\/10\\\/09\\\/se-inauguro-la-chacra-experimental-el-pato\\\/#respond\"]}]},{\"@type\":\"WebPage\",\"@id\":\"https:\\\/\\\/diarioprincipios.com\\\/index.php\\\/2024\\\/10\\\/09\\\/se-inauguro-la-chacra-experimental-el-pato\\\/\",\"url\":\"https:\\\/\\\/diarioprincipios.com\\\/index.php\\\/2024\\\/10\\\/09\\\/se-inauguro-la-chacra-experimental-el-pato\\\/\",\"name\":\"Se inaugur\u00f3 la Chacra Experimental El Pato - Principios\",\"isPartOf\":{\"@id\":\"https:\\\/\\\/diarioprincipios.com\\\/#website\"},\"primaryImageOfPage\":{\"@id\":\"https:\\\/\\\/diarioprincipios.com\\\/index.php\\\/2024\\\/10\\\/09\\\/se-inauguro-la-chacra-experimental-el-pato\\\/#primaryimage\"},\"image\":{\"@id\":\"https:\\\/\\\/diarioprincipios.com\\\/index.php\\\/2024\\\/10\\\/09\\\/se-inauguro-la-chacra-experimental-el-pato\\\/#primaryimage\"},\"thumbnailUrl\":\"https:\\\/\\\/diarioprincipios.com\\\/wp-content\\\/uploads\\\/2024\\\/10\\\/20241007_Inauguracion_Chacra_Experimental_El_Pato_NM_143-1.jpg\",\"datePublished\":\"2024-10-09T19:09:22+00:00\",\"dateModified\":\"2024-10-09T19:10:28+00:00\",\"breadcrumb\":{\"@id\":\"https:\\\/\\\/diarioprincipios.com\\\/index.php\\\/2024\\\/10\\\/09\\\/se-inauguro-la-chacra-experimental-el-pato\\\/#breadcrumb\"},\"inLanguage\":\"es\",\"potentialAction\":[{\"@type\":\"ReadAction\",\"target\":[\"https:\\\/\\\/diarioprincipios.com\\\/index.php\\\/2024\\\/10\\\/09\\\/se-inauguro-la-chacra-experimental-el-pato\\\/\"]}]},{\"@type\":\"ImageObject\",\"inLanguage\":\"es\",\"@id\":\"https:\\\/\\\/diarioprincipios.com\\\/index.php\\\/2024\\\/10\\\/09\\\/se-inauguro-la-chacra-experimental-el-pato\\\/#primaryimage\",\"url\":\"https:\\\/\\\/diarioprincipios.com\\\/wp-content\\\/uploads\\\/2024\\\/10\\\/20241007_Inauguracion_Chacra_Experimental_El_Pato_NM_143-1.jpg\",\"contentUrl\":\"https:\\\/\\\/diarioprincipios.com\\\/wp-content\\\/uploads\\\/2024\\\/10\\\/20241007_Inauguracion_Chacra_Experimental_El_Pato_NM_143-1.jpg\",\"width\":1920,\"height\":1280},{\"@type\":\"BreadcrumbList\",\"@id\":\"https:\\\/\\\/diarioprincipios.com\\\/index.php\\\/2024\\\/10\\\/09\\\/se-inauguro-la-chacra-experimental-el-pato\\\/#breadcrumb\",\"itemListElement\":[{\"@type\":\"ListItem\",\"position\":1,\"name\":\"Portada\",\"item\":\"https:\\\/\\\/diarioprincipios.com\\\/\"},{\"@type\":\"ListItem\",\"position\":2,\"name\":\"Se inaugur\u00f3 la Chacra Experimental El Pato\"}]},{\"@type\":\"WebSite\",\"@id\":\"https:\\\/\\\/diarioprincipios.com\\\/#website\",\"url\":\"https:\\\/\\\/diarioprincipios.com\\\/\",\"name\":\"Principios\",\"description\":\"Principios Diario\",\"publisher\":{\"@id\":\"https:\\\/\\\/diarioprincipios.com\\\/#organization\"},\"potentialAction\":[{\"@type\":\"SearchAction\",\"target\":{\"@type\":\"EntryPoint\",\"urlTemplate\":\"https:\\\/\\\/diarioprincipios.com\\\/?s={search_term_string}\"},\"query-input\":{\"@type\":\"PropertyValueSpecification\",\"valueRequired\":true,\"valueName\":\"search_term_string\"}}],\"inLanguage\":\"es\"},{\"@type\":\"Organization\",\"@id\":\"https:\\\/\\\/diarioprincipios.com\\\/#organization\",\"name\":\"Principios\",\"url\":\"https:\\\/\\\/diarioprincipios.com\\\/\",\"logo\":{\"@type\":\"ImageObject\",\"inLanguage\":\"es\",\"@id\":\"https:\\\/\\\/diarioprincipios.com\\\/#\\\/schema\\\/logo\\\/image\\\/\",\"url\":\"https:\\\/\\\/diarioprincipios.com\\\/wp-content\\\/uploads\\\/2024\\\/04\\\/cropped-www.diarioprincipios.com_-1.png\",\"contentUrl\":\"https:\\\/\\\/diarioprincipios.com\\\/wp-content\\\/uploads\\\/2024\\\/04\\\/cropped-www.diarioprincipios.com_-1.png\",\"width\":5325,\"height\":1454,\"caption\":\"Principios\"},\"image\":{\"@id\":\"https:\\\/\\\/diarioprincipios.com\\\/#\\\/schema\\\/logo\\\/image\\\/\"}},{\"@type\":\"Person\",\"@id\":\"https:\\\/\\\/diarioprincipios.com\\\/#\\\/schema\\\/person\\\/436d5a1fd41a5e250e23ff5a6a7cb080\",\"name\":\"Hern\u00e1n L\u00f3pez\",\"image\":{\"@type\":\"ImageObject\",\"inLanguage\":\"es\",\"@id\":\"https:\\\/\\\/diarioprincipios.com\\\/wp-content\\\/litespeed\\\/avatar\\\/11ddfe5610ff3bd100522525b2571f48.jpg?ver=1777048341\",\"url\":\"https:\\\/\\\/diarioprincipios.com\\\/wp-content\\\/litespeed\\\/avatar\\\/11ddfe5610ff3bd100522525b2571f48.jpg?ver=1777048341\",\"contentUrl\":\"https:\\\/\\\/diarioprincipios.com\\\/wp-content\\\/litespeed\\\/avatar\\\/11ddfe5610ff3bd100522525b2571f48.jpg?ver=1777048341\",\"caption\":\"Hern\u00e1n L\u00f3pez\"},\"url\":\"https:\\\/\\\/diarioprincipios.com\\\/index.php\\\/author\\\/hernan\\\/\"}]}<\/script>\n<!-- \/ Yoast SEO plugin. -->","yoast_head_json":{"title":"Se inaugur\u00f3 la Chacra Experimental El Pato - Principios","robots":{"index":"index","follow":"follow","max-snippet":"max-snippet:-1","max-image-preview":"max-image-preview:large","max-video-preview":"max-video-preview:-1"},"canonical":"https:\/\/diarioprincipios.com\/index.php\/2024\/10\/09\/se-inauguro-la-chacra-experimental-el-pato\/","og_locale":"es_ES","og_type":"article","og_title":"Se inaugur\u00f3 la Chacra Experimental El Pato - Principios","og_description":"Se inaugur\u00f3 la chacra Experimental El Pato en un acto encabezado por el intendente de Berazategui, Juan Jos\u00e9 Mussi; y el ministro de Desarrollo Agrario de la provincia de Buenos Aires, Javier Rodr\u00edguez. El flamante espacio busca contribuir al desarrollo sustentable de la producci\u00f3n agroalimentaria intensiva bonaerense, a trav\u00e9s de actividades de investigaci\u00f3n y extensi\u00f3n...","og_url":"https:\/\/diarioprincipios.com\/index.php\/2024\/10\/09\/se-inauguro-la-chacra-experimental-el-pato\/","og_site_name":"Principios","article_published_time":"2024-10-09T19:09:22+00:00","article_modified_time":"2024-10-09T19:10:28+00:00","og_image":[{"width":1920,"height":1280,"url":"https:\/\/diarioprincipios.com\/wp-content\/uploads\/2024\/10\/20241007_Inauguracion_Chacra_Experimental_El_Pato_NM_143-1.jpg","type":"image\/jpeg"}],"author":"Hern\u00e1n L\u00f3pez","twitter_card":"summary_large_image","twitter_misc":{"Escrito por":"Hern\u00e1n L\u00f3pez","Tiempo de lectura":"3 minutos"},"schema":{"@context":"https:\/\/schema.org","@graph":[{"@type":"Article","@id":"https:\/\/diarioprincipios.com\/index.php\/2024\/10\/09\/se-inauguro-la-chacra-experimental-el-pato\/#article","isPartOf":{"@id":"https:\/\/diarioprincipios.com\/index.php\/2024\/10\/09\/se-inauguro-la-chacra-experimental-el-pato\/"},"author":{"name":"Hern\u00e1n L\u00f3pez","@id":"https:\/\/diarioprincipios.com\/#\/schema\/person\/436d5a1fd41a5e250e23ff5a6a7cb080"},"headline":"Se inaugur\u00f3 la Chacra Experimental El Pato","datePublished":"2024-10-09T19:09:22+00:00","dateModified":"2024-10-09T19:10:28+00:00","mainEntityOfPage":{"@id":"https:\/\/diarioprincipios.com\/index.php\/2024\/10\/09\/se-inauguro-la-chacra-experimental-el-pato\/"},"wordCount":342,"commentCount":0,"publisher":{"@id":"https:\/\/diarioprincipios.com\/#organization"},"image":{"@id":"https:\/\/diarioprincipios.com\/index.php\/2024\/10\/09\/se-inauguro-la-chacra-experimental-el-pato\/#primaryimage"},"thumbnailUrl":"https:\/\/diarioprincipios.com\/wp-content\/uploads\/2024\/10\/20241007_Inauguracion_Chacra_Experimental_El_Pato_NM_143-1.jpg","articleSection":["Berazategui"],"inLanguage":"es","potentialAction":[{"@type":"CommentAction","name":"Comment","target":["https:\/\/diarioprincipios.com\/index.php\/2024\/10\/09\/se-inauguro-la-chacra-experimental-el-pato\/#respond"]}]},{"@type":"WebPage","@id":"https:\/\/diarioprincipios.com\/index.php\/2024\/10\/09\/se-inauguro-la-chacra-experimental-el-pato\/","url":"https:\/\/diarioprincipios.com\/index.php\/2024\/10\/09\/se-inauguro-la-chacra-experimental-el-pato\/","name":"Se inaugur\u00f3 la Chacra Experimental El Pato - Principios","isPartOf":{"@id":"https:\/\/diarioprincipios.com\/#website"},"primaryImageOfPage":{"@id":"https:\/\/diarioprincipios.com\/index.php\/2024\/10\/09\/se-inauguro-la-chacra-experimental-el-pato\/#primaryimage"},"image":{"@id":"https:\/\/diarioprincipios.com\/index.php\/2024\/10\/09\/se-inauguro-la-chacra-experimental-el-pato\/#primaryimage"},"thumbnailUrl":"https:\/\/diarioprincipios.com\/wp-content\/uploads\/2024\/10\/20241007_Inauguracion_Chacra_Experimental_El_Pato_NM_143-1.jpg","datePublished":"2024-10-09T19:09:22+00:00","dateModified":"2024-10-09T19:10:28+00:00","breadcrumb":{"@id":"https:\/\/diarioprincipios.com\/index.php\/2024\/10\/09\/se-inauguro-la-chacra-experimental-el-pato\/#breadcrumb"},"inLanguage":"es","potentialAction":[{"@type":"ReadAction","target":["https:\/\/diarioprincipios.com\/index.php\/2024\/10\/09\/se-inauguro-la-chacra-experimental-el-pato\/"]}]},{"@type":"ImageObject","inLanguage":"es","@id":"https:\/\/diarioprincipios.com\/index.php\/2024\/10\/09\/se-inauguro-la-chacra-experimental-el-pato\/#primaryimage","url":"https:\/\/diarioprincipios.com\/wp-content\/uploads\/2024\/10\/20241007_Inauguracion_Chacra_Experimental_El_Pato_NM_143-1.jpg","contentUrl":"https:\/\/diarioprincipios.com\/wp-content\/uploads\/2024\/10\/20241007_Inauguracion_Chacra_Experimental_El_Pato_NM_143-1.jpg","width":1920,"height":1280},{"@type":"BreadcrumbList","@id":"https:\/\/diarioprincipios.com\/index.php\/2024\/10\/09\/se-inauguro-la-chacra-experimental-el-pato\/#breadcrumb","itemListElement":[{"@type":"ListItem","position":1,"name":"Portada","item":"https:\/\/diarioprincipios.com\/"},{"@type":"ListItem","position":2,"name":"Se inaugur\u00f3 la Chacra Experimental El Pato"}]},{"@type":"WebSite","@id":"https:\/\/diarioprincipios.com\/#website","url":"https:\/\/diarioprincipios.com\/","name":"Principios","description":"Principios Diario","publisher":{"@id":"https:\/\/diarioprincipios.com\/#organization"},"potentialAction":[{"@type":"SearchAction","target":{"@type":"EntryPoint","urlTemplate":"https:\/\/diarioprincipios.com\/?s={search_term_string}"},"query-input":{"@type":"PropertyValueSpecification","valueRequired":true,"valueName":"search_term_string"}}],"inLanguage":"es"},{"@type":"Organization","@id":"https:\/\/diarioprincipios.com\/#organization","name":"Principios","url":"https:\/\/diarioprincipios.com\/","logo":{"@type":"ImageObject","inLanguage":"es","@id":"https:\/\/diarioprincipios.com\/#\/schema\/logo\/image\/","url":"https:\/\/diarioprincipios.com\/wp-content\/uploads\/2024\/04\/cropped-www.diarioprincipios.com_-1.png","contentUrl":"https:\/\/diarioprincipios.com\/wp-content\/uploads\/2024\/04\/cropped-www.diarioprincipios.com_-1.png","width":5325,"height":1454,"caption":"Principios"},"image":{"@id":"https:\/\/diarioprincipios.com\/#\/schema\/logo\/image\/"}},{"@type":"Person","@id":"https:\/\/diarioprincipios.com\/#\/schema\/person\/436d5a1fd41a5e250e23ff5a6a7cb080","name":"Hern\u00e1n L\u00f3pez","image":{"@type":"ImageObject","inLanguage":"es","@id":"https:\/\/diarioprincipios.com\/wp-content\/litespeed\/avatar\/11ddfe5610ff3bd100522525b2571f48.jpg?ver=1777048341","url":"https:\/\/diarioprincipios.com\/wp-content\/litespeed\/avatar\/11ddfe5610ff3bd100522525b2571f48.jpg?ver=1777048341","contentUrl":"https:\/\/diarioprincipios.com\/wp-content\/litespeed\/avatar\/11ddfe5610ff3bd100522525b2571f48.jpg?ver=1777048341","caption":"Hern\u00e1n L\u00f3pez"},"url":"https:\/\/diarioprincipios.com\/index.php\/author\/hernan\/"}]}},"jetpack_featured_media_url":"https:\/\/diarioprincipios.com\/wp-content\/uploads\/2024\/10\/20241007_Inauguracion_Chacra_Experimental_El_Pato_NM_143-1.jpg","_links":{"self":[{"href":"https:\/\/diarioprincipios.com\/index.php\/wp-json\/wp\/v2\/posts\/23240","targetHints":{"allow":["GET"]}}],"collection":[{"href":"https:\/\/diarioprincipios.com\/index.php\/wp-json\/wp\/v2\/posts"}],"about":[{"href":"https:\/\/diarioprincipios.com\/index.php\/wp-json\/wp\/v2\/types\/post"}],"author":[{"embeddable":true,"href":"https:\/\/diarioprincipios.com\/index.php\/wp-json\/wp\/v2\/users\/2"}],"replies":[{"embeddable":true,"href":"https:\/\/diarioprincipios.com\/index.php\/wp-json\/wp\/v2\/comments?post=23240"}],"version-history":[{"count":1,"href":"https:\/\/diarioprincipios.com\/index.php\/wp-json\/wp\/v2\/posts\/23240\/revisions"}],"predecessor-version":[{"id":23244,"href":"https:\/\/diarioprincipios.com\/index.php\/wp-json\/wp\/v2\/posts\/23240\/revisions\/23244"}],"wp:featuredmedia":[{"embeddable":true,"href":"https:\/\/diarioprincipios.com\/index.php\/wp-json\/wp\/v2\/media\/23243"}],"wp:attachment":[{"href":"https:\/\/diarioprincipios.com\/index.php\/wp-json\/wp\/v2\/media?parent=23240"}],"wp:term":[{"taxonomy":"category","embeddable":true,"href":"https:\/\/diarioprincipios.com\/index.php\/wp-json\/wp\/v2\/categories?post=23240"},{"taxonomy":"post_tag","embeddable":true,"href":"https:\/\/diarioprincipios.com\/index.php\/wp-json\/wp\/v2\/tags?post=23240"}],"curies":[{"name":"wp","href":"https:\/\/api.w.org\/{rel}","templated":true}]}}