{"id":23200,"date":"2024-10-07T12:20:54","date_gmt":"2024-10-07T15:20:54","guid":{"rendered":"http:\/\/diarioprincipios.com\/?p=23200"},"modified":"2024-10-07T12:20:57","modified_gmt":"2024-10-07T15:20:57","slug":"con-una-propuesta-inedita-el-teatro-roma-de-avellaneda-celebra-su-120o-aniversario","status":"publish","type":"post","link":"https:\/\/diarioprincipios.com\/index.php\/2024\/10\/07\/con-una-propuesta-inedita-el-teatro-roma-de-avellaneda-celebra-su-120o-aniversario\/","title":{"rendered":"Con una propuesta in\u00e9dita, el Teatro Roma de Avellaneda celebra su 120\u00ba aniversario\u00a0"},"content":{"rendered":"\n<p>Del 10 al 12 de octubre presentar\u00e1 \u201cEl tiempo habitado\u201d, una producci\u00f3n multimedial que recorre su historia, con la participaci\u00f3n de 180 artistas. Entradas a la venta.<\/p>\n\n\n\n<p>El Teatro Municipal Roma festejar\u00e1 sus 120 a\u00f1os haciendo un repaso por su historia: cuna de grandes artistas, casa de trabajadores, testigo y cronista al mismo tiempo de una Argentina que no para de so\u00f1ar.<\/p>\n\n\n\n<p>Para celebrarlo, el 10, 11 y 12 de octubre presentar\u00e1 el espect\u00e1culo \u201cEl tiempo habitado\u201d, una mega creaci\u00f3n colectiva, con 180 artistas en escena: actores, actrices, bailarines, cantantes, raperos, dj y artistas audiovisuales, junto la Orquesta Sinf\u00f3nica Municipal, la Orquesta Municipal de Tango, el Ballet Municipal y el Coro IMMA. Adem\u00e1s, las participaciones especiales de Mauricio Kartun y Rita Cortese.<\/p>\n\n\n\n<p>El espect\u00e1culo propone el sincretismo entre el siglo pasado y las nuevas tecnolog\u00edas, que hacen de esta puesta una experiencia digna de ser atravesada.<\/p>\n\n\n\n<p>\u201cEl tiempo habitado\u201d es un hecho teatral desarmado y vuelto a construir entre artistas y p\u00fablicos. Un relato constructor de un futuro donde el teatro siga m\u00e1s vivo que nunca.<\/p>\n\n\n\n<p>Las entradas se adquieren en la boleter\u00eda del teatro, en Sarmiento 109: con tarjetas de cr\u00e9dito o d\u00e9bito de lunes a s\u00e1bado de 10 a 20 hs; en efectivo los viernes y s\u00e1bados de 10 a 20 hs; o a trav\u00e9s de Plateanet:&nbsp;<a rel=\"noreferrer noopener\" target=\"_blank\" href=\"https:\/\/www.plateanet.com\/obra\/29880?obra=EL-TIEMPO-HABITADO&amp;paso=inicio\">https:\/\/www.plateanet.com\/obra\/29880?obra=EL-TIEMPO-HABITADO&amp;paso=inicio<\/a><\/p>\n","protected":false},"excerpt":{"rendered":"<p>Del 10 al 12 de octubre presentar\u00e1 \u201cEl tiempo habitado\u201d, una producci\u00f3n multimedial que recorre su historia, con la participaci\u00f3n de 180 artistas. Entradas a la venta. El Teatro Municipal Roma festejar\u00e1 sus 120 a\u00f1os haciendo un repaso por su historia: cuna de grandes artistas, casa de trabajadores, testigo y cronista al mismo tiempo de&#8230;<\/p>\n","protected":false},"author":2,"featured_media":23201,"comment_status":"open","ping_status":"open","sticky":false,"template":"","format":"standard","meta":{"footnotes":""},"categories":[5,17],"tags":[],"class_list":["post-23200","post","type-post","status-publish","format-standard","has-post-thumbnail","hentry","category-avellaneda","category-zona-sur"],"featured_image_src":"https:\/\/diarioprincipios.com\/wp-content\/uploads\/2024\/10\/feed-819x1024.jpg","blog_images":{"medium":"https:\/\/diarioprincipios.com\/wp-content\/uploads\/2024\/10\/feed-240x300.jpg","large":"https:\/\/diarioprincipios.com\/wp-content\/uploads\/2024\/10\/feed-819x1024.jpg"},"ams_acf":[],"yoast_head":"<!-- This site is optimized with the Yoast SEO plugin v27.3 - https:\/\/yoast.com\/product\/yoast-seo-wordpress\/ -->\n<title>Con una propuesta in\u00e9dita, el Teatro Roma de Avellaneda celebra su 120\u00ba aniversario\u00a0 - Principios<\/title>\n<meta name=\"robots\" content=\"index, follow, max-snippet:-1, max-image-preview:large, max-video-preview:-1\" \/>\n<link rel=\"canonical\" href=\"https:\/\/diarioprincipios.com\/index.php\/2024\/10\/07\/con-una-propuesta-inedita-el-teatro-roma-de-avellaneda-celebra-su-120o-aniversario\/\" \/>\n<meta property=\"og:locale\" content=\"es_ES\" \/>\n<meta property=\"og:type\" content=\"article\" \/>\n<meta property=\"og:title\" content=\"Con una propuesta in\u00e9dita, el Teatro Roma de Avellaneda celebra su 120\u00ba aniversario\u00a0 - Principios\" \/>\n<meta property=\"og:description\" content=\"Del 10 al 12 de octubre presentar\u00e1 \u201cEl tiempo habitado\u201d, una producci\u00f3n multimedial que recorre su historia, con la participaci\u00f3n de 180 artistas. Entradas a la venta. El Teatro Municipal Roma festejar\u00e1 sus 120 a\u00f1os haciendo un repaso por su historia: cuna de grandes artistas, casa de trabajadores, testigo y cronista al mismo tiempo de...\" \/>\n<meta property=\"og:url\" content=\"https:\/\/diarioprincipios.com\/index.php\/2024\/10\/07\/con-una-propuesta-inedita-el-teatro-roma-de-avellaneda-celebra-su-120o-aniversario\/\" \/>\n<meta property=\"og:site_name\" content=\"Principios\" \/>\n<meta property=\"article:published_time\" content=\"2024-10-07T15:20:54+00:00\" \/>\n<meta property=\"article:modified_time\" content=\"2024-10-07T15:20:57+00:00\" \/>\n<meta property=\"og:image\" content=\"https:\/\/diarioprincipios.com\/wp-content\/uploads\/2024\/10\/feed.jpg\" \/>\n\t<meta property=\"og:image:width\" content=\"1081\" \/>\n\t<meta property=\"og:image:height\" content=\"1351\" \/>\n\t<meta property=\"og:image:type\" content=\"image\/jpeg\" \/>\n<meta name=\"author\" content=\"Hern\u00e1n L\u00f3pez\" \/>\n<meta name=\"twitter:card\" content=\"summary_large_image\" \/>\n<meta name=\"twitter:label1\" content=\"Escrito por\" \/>\n\t<meta name=\"twitter:data1\" content=\"Hern\u00e1n L\u00f3pez\" \/>\n\t<meta name=\"twitter:label2\" content=\"Tiempo de lectura\" \/>\n\t<meta name=\"twitter:data2\" content=\"2 minutos\" \/>\n<script type=\"application\/ld+json\" class=\"yoast-schema-graph\">{\"@context\":\"https:\\\/\\\/schema.org\",\"@graph\":[{\"@type\":\"Article\",\"@id\":\"https:\\\/\\\/diarioprincipios.com\\\/index.php\\\/2024\\\/10\\\/07\\\/con-una-propuesta-inedita-el-teatro-roma-de-avellaneda-celebra-su-120o-aniversario\\\/#article\",\"isPartOf\":{\"@id\":\"https:\\\/\\\/diarioprincipios.com\\\/index.php\\\/2024\\\/10\\\/07\\\/con-una-propuesta-inedita-el-teatro-roma-de-avellaneda-celebra-su-120o-aniversario\\\/\"},\"author\":{\"name\":\"Hern\u00e1n L\u00f3pez\",\"@id\":\"https:\\\/\\\/diarioprincipios.com\\\/#\\\/schema\\\/person\\\/436d5a1fd41a5e250e23ff5a6a7cb080\"},\"headline\":\"Con una propuesta in\u00e9dita, el Teatro Roma de Avellaneda celebra su 120\u00ba aniversario\u00a0\",\"datePublished\":\"2024-10-07T15:20:54+00:00\",\"dateModified\":\"2024-10-07T15:20:57+00:00\",\"mainEntityOfPage\":{\"@id\":\"https:\\\/\\\/diarioprincipios.com\\\/index.php\\\/2024\\\/10\\\/07\\\/con-una-propuesta-inedita-el-teatro-roma-de-avellaneda-celebra-su-120o-aniversario\\\/\"},\"wordCount\":248,\"commentCount\":0,\"publisher\":{\"@id\":\"https:\\\/\\\/diarioprincipios.com\\\/#organization\"},\"image\":{\"@id\":\"https:\\\/\\\/diarioprincipios.com\\\/index.php\\\/2024\\\/10\\\/07\\\/con-una-propuesta-inedita-el-teatro-roma-de-avellaneda-celebra-su-120o-aniversario\\\/#primaryimage\"},\"thumbnailUrl\":\"https:\\\/\\\/diarioprincipios.com\\\/wp-content\\\/uploads\\\/2024\\\/10\\\/feed.jpg\",\"articleSection\":[\"Avellaneda\",\"Zonar Sur\"],\"inLanguage\":\"es\",\"potentialAction\":[{\"@type\":\"CommentAction\",\"name\":\"Comment\",\"target\":[\"https:\\\/\\\/diarioprincipios.com\\\/index.php\\\/2024\\\/10\\\/07\\\/con-una-propuesta-inedita-el-teatro-roma-de-avellaneda-celebra-su-120o-aniversario\\\/#respond\"]}]},{\"@type\":\"WebPage\",\"@id\":\"https:\\\/\\\/diarioprincipios.com\\\/index.php\\\/2024\\\/10\\\/07\\\/con-una-propuesta-inedita-el-teatro-roma-de-avellaneda-celebra-su-120o-aniversario\\\/\",\"url\":\"https:\\\/\\\/diarioprincipios.com\\\/index.php\\\/2024\\\/10\\\/07\\\/con-una-propuesta-inedita-el-teatro-roma-de-avellaneda-celebra-su-120o-aniversario\\\/\",\"name\":\"Con una propuesta in\u00e9dita, el Teatro Roma de Avellaneda celebra su 120\u00ba aniversario\u00a0 - Principios\",\"isPartOf\":{\"@id\":\"https:\\\/\\\/diarioprincipios.com\\\/#website\"},\"primaryImageOfPage\":{\"@id\":\"https:\\\/\\\/diarioprincipios.com\\\/index.php\\\/2024\\\/10\\\/07\\\/con-una-propuesta-inedita-el-teatro-roma-de-avellaneda-celebra-su-120o-aniversario\\\/#primaryimage\"},\"image\":{\"@id\":\"https:\\\/\\\/diarioprincipios.com\\\/index.php\\\/2024\\\/10\\\/07\\\/con-una-propuesta-inedita-el-teatro-roma-de-avellaneda-celebra-su-120o-aniversario\\\/#primaryimage\"},\"thumbnailUrl\":\"https:\\\/\\\/diarioprincipios.com\\\/wp-content\\\/uploads\\\/2024\\\/10\\\/feed.jpg\",\"datePublished\":\"2024-10-07T15:20:54+00:00\",\"dateModified\":\"2024-10-07T15:20:57+00:00\",\"breadcrumb\":{\"@id\":\"https:\\\/\\\/diarioprincipios.com\\\/index.php\\\/2024\\\/10\\\/07\\\/con-una-propuesta-inedita-el-teatro-roma-de-avellaneda-celebra-su-120o-aniversario\\\/#breadcrumb\"},\"inLanguage\":\"es\",\"potentialAction\":[{\"@type\":\"ReadAction\",\"target\":[\"https:\\\/\\\/diarioprincipios.com\\\/index.php\\\/2024\\\/10\\\/07\\\/con-una-propuesta-inedita-el-teatro-roma-de-avellaneda-celebra-su-120o-aniversario\\\/\"]}]},{\"@type\":\"ImageObject\",\"inLanguage\":\"es\",\"@id\":\"https:\\\/\\\/diarioprincipios.com\\\/index.php\\\/2024\\\/10\\\/07\\\/con-una-propuesta-inedita-el-teatro-roma-de-avellaneda-celebra-su-120o-aniversario\\\/#primaryimage\",\"url\":\"https:\\\/\\\/diarioprincipios.com\\\/wp-content\\\/uploads\\\/2024\\\/10\\\/feed.jpg\",\"contentUrl\":\"https:\\\/\\\/diarioprincipios.com\\\/wp-content\\\/uploads\\\/2024\\\/10\\\/feed.jpg\",\"width\":1081,\"height\":1351},{\"@type\":\"BreadcrumbList\",\"@id\":\"https:\\\/\\\/diarioprincipios.com\\\/index.php\\\/2024\\\/10\\\/07\\\/con-una-propuesta-inedita-el-teatro-roma-de-avellaneda-celebra-su-120o-aniversario\\\/#breadcrumb\",\"itemListElement\":[{\"@type\":\"ListItem\",\"position\":1,\"name\":\"Portada\",\"item\":\"https:\\\/\\\/diarioprincipios.com\\\/\"},{\"@type\":\"ListItem\",\"position\":2,\"name\":\"Con una propuesta in\u00e9dita, el Teatro Roma de Avellaneda celebra su 120\u00ba aniversario\u00a0\"}]},{\"@type\":\"WebSite\",\"@id\":\"https:\\\/\\\/diarioprincipios.com\\\/#website\",\"url\":\"https:\\\/\\\/diarioprincipios.com\\\/\",\"name\":\"Principios\",\"description\":\"Principios Diario\",\"publisher\":{\"@id\":\"https:\\\/\\\/diarioprincipios.com\\\/#organization\"},\"potentialAction\":[{\"@type\":\"SearchAction\",\"target\":{\"@type\":\"EntryPoint\",\"urlTemplate\":\"https:\\\/\\\/diarioprincipios.com\\\/?s={search_term_string}\"},\"query-input\":{\"@type\":\"PropertyValueSpecification\",\"valueRequired\":true,\"valueName\":\"search_term_string\"}}],\"inLanguage\":\"es\"},{\"@type\":\"Organization\",\"@id\":\"https:\\\/\\\/diarioprincipios.com\\\/#organization\",\"name\":\"Principios\",\"url\":\"https:\\\/\\\/diarioprincipios.com\\\/\",\"logo\":{\"@type\":\"ImageObject\",\"inLanguage\":\"es\",\"@id\":\"https:\\\/\\\/diarioprincipios.com\\\/#\\\/schema\\\/logo\\\/image\\\/\",\"url\":\"https:\\\/\\\/diarioprincipios.com\\\/wp-content\\\/uploads\\\/2024\\\/04\\\/cropped-www.diarioprincipios.com_-1.png\",\"contentUrl\":\"https:\\\/\\\/diarioprincipios.com\\\/wp-content\\\/uploads\\\/2024\\\/04\\\/cropped-www.diarioprincipios.com_-1.png\",\"width\":5325,\"height\":1454,\"caption\":\"Principios\"},\"image\":{\"@id\":\"https:\\\/\\\/diarioprincipios.com\\\/#\\\/schema\\\/logo\\\/image\\\/\"}},{\"@type\":\"Person\",\"@id\":\"https:\\\/\\\/diarioprincipios.com\\\/#\\\/schema\\\/person\\\/436d5a1fd41a5e250e23ff5a6a7cb080\",\"name\":\"Hern\u00e1n L\u00f3pez\",\"image\":{\"@type\":\"ImageObject\",\"inLanguage\":\"es\",\"@id\":\"https:\\\/\\\/diarioprincipios.com\\\/wp-content\\\/litespeed\\\/avatar\\\/11ddfe5610ff3bd100522525b2571f48.jpg?ver=1777048341\",\"url\":\"https:\\\/\\\/diarioprincipios.com\\\/wp-content\\\/litespeed\\\/avatar\\\/11ddfe5610ff3bd100522525b2571f48.jpg?ver=1777048341\",\"contentUrl\":\"https:\\\/\\\/diarioprincipios.com\\\/wp-content\\\/litespeed\\\/avatar\\\/11ddfe5610ff3bd100522525b2571f48.jpg?ver=1777048341\",\"caption\":\"Hern\u00e1n L\u00f3pez\"},\"url\":\"https:\\\/\\\/diarioprincipios.com\\\/index.php\\\/author\\\/hernan\\\/\"}]}<\/script>\n<!-- \/ Yoast SEO plugin. -->","yoast_head_json":{"title":"Con una propuesta in\u00e9dita, el Teatro Roma de Avellaneda celebra su 120\u00ba aniversario\u00a0 - Principios","robots":{"index":"index","follow":"follow","max-snippet":"max-snippet:-1","max-image-preview":"max-image-preview:large","max-video-preview":"max-video-preview:-1"},"canonical":"https:\/\/diarioprincipios.com\/index.php\/2024\/10\/07\/con-una-propuesta-inedita-el-teatro-roma-de-avellaneda-celebra-su-120o-aniversario\/","og_locale":"es_ES","og_type":"article","og_title":"Con una propuesta in\u00e9dita, el Teatro Roma de Avellaneda celebra su 120\u00ba aniversario\u00a0 - Principios","og_description":"Del 10 al 12 de octubre presentar\u00e1 \u201cEl tiempo habitado\u201d, una producci\u00f3n multimedial que recorre su historia, con la participaci\u00f3n de 180 artistas. Entradas a la venta. El Teatro Municipal Roma festejar\u00e1 sus 120 a\u00f1os haciendo un repaso por su historia: cuna de grandes artistas, casa de trabajadores, testigo y cronista al mismo tiempo de...","og_url":"https:\/\/diarioprincipios.com\/index.php\/2024\/10\/07\/con-una-propuesta-inedita-el-teatro-roma-de-avellaneda-celebra-su-120o-aniversario\/","og_site_name":"Principios","article_published_time":"2024-10-07T15:20:54+00:00","article_modified_time":"2024-10-07T15:20:57+00:00","og_image":[{"width":1081,"height":1351,"url":"https:\/\/diarioprincipios.com\/wp-content\/uploads\/2024\/10\/feed.jpg","type":"image\/jpeg"}],"author":"Hern\u00e1n L\u00f3pez","twitter_card":"summary_large_image","twitter_misc":{"Escrito por":"Hern\u00e1n L\u00f3pez","Tiempo de lectura":"2 minutos"},"schema":{"@context":"https:\/\/schema.org","@graph":[{"@type":"Article","@id":"https:\/\/diarioprincipios.com\/index.php\/2024\/10\/07\/con-una-propuesta-inedita-el-teatro-roma-de-avellaneda-celebra-su-120o-aniversario\/#article","isPartOf":{"@id":"https:\/\/diarioprincipios.com\/index.php\/2024\/10\/07\/con-una-propuesta-inedita-el-teatro-roma-de-avellaneda-celebra-su-120o-aniversario\/"},"author":{"name":"Hern\u00e1n L\u00f3pez","@id":"https:\/\/diarioprincipios.com\/#\/schema\/person\/436d5a1fd41a5e250e23ff5a6a7cb080"},"headline":"Con una propuesta in\u00e9dita, el Teatro Roma de Avellaneda celebra su 120\u00ba aniversario\u00a0","datePublished":"2024-10-07T15:20:54+00:00","dateModified":"2024-10-07T15:20:57+00:00","mainEntityOfPage":{"@id":"https:\/\/diarioprincipios.com\/index.php\/2024\/10\/07\/con-una-propuesta-inedita-el-teatro-roma-de-avellaneda-celebra-su-120o-aniversario\/"},"wordCount":248,"commentCount":0,"publisher":{"@id":"https:\/\/diarioprincipios.com\/#organization"},"image":{"@id":"https:\/\/diarioprincipios.com\/index.php\/2024\/10\/07\/con-una-propuesta-inedita-el-teatro-roma-de-avellaneda-celebra-su-120o-aniversario\/#primaryimage"},"thumbnailUrl":"https:\/\/diarioprincipios.com\/wp-content\/uploads\/2024\/10\/feed.jpg","articleSection":["Avellaneda","Zonar Sur"],"inLanguage":"es","potentialAction":[{"@type":"CommentAction","name":"Comment","target":["https:\/\/diarioprincipios.com\/index.php\/2024\/10\/07\/con-una-propuesta-inedita-el-teatro-roma-de-avellaneda-celebra-su-120o-aniversario\/#respond"]}]},{"@type":"WebPage","@id":"https:\/\/diarioprincipios.com\/index.php\/2024\/10\/07\/con-una-propuesta-inedita-el-teatro-roma-de-avellaneda-celebra-su-120o-aniversario\/","url":"https:\/\/diarioprincipios.com\/index.php\/2024\/10\/07\/con-una-propuesta-inedita-el-teatro-roma-de-avellaneda-celebra-su-120o-aniversario\/","name":"Con una propuesta in\u00e9dita, el Teatro Roma de Avellaneda celebra su 120\u00ba aniversario\u00a0 - Principios","isPartOf":{"@id":"https:\/\/diarioprincipios.com\/#website"},"primaryImageOfPage":{"@id":"https:\/\/diarioprincipios.com\/index.php\/2024\/10\/07\/con-una-propuesta-inedita-el-teatro-roma-de-avellaneda-celebra-su-120o-aniversario\/#primaryimage"},"image":{"@id":"https:\/\/diarioprincipios.com\/index.php\/2024\/10\/07\/con-una-propuesta-inedita-el-teatro-roma-de-avellaneda-celebra-su-120o-aniversario\/#primaryimage"},"thumbnailUrl":"https:\/\/diarioprincipios.com\/wp-content\/uploads\/2024\/10\/feed.jpg","datePublished":"2024-10-07T15:20:54+00:00","dateModified":"2024-10-07T15:20:57+00:00","breadcrumb":{"@id":"https:\/\/diarioprincipios.com\/index.php\/2024\/10\/07\/con-una-propuesta-inedita-el-teatro-roma-de-avellaneda-celebra-su-120o-aniversario\/#breadcrumb"},"inLanguage":"es","potentialAction":[{"@type":"ReadAction","target":["https:\/\/diarioprincipios.com\/index.php\/2024\/10\/07\/con-una-propuesta-inedita-el-teatro-roma-de-avellaneda-celebra-su-120o-aniversario\/"]}]},{"@type":"ImageObject","inLanguage":"es","@id":"https:\/\/diarioprincipios.com\/index.php\/2024\/10\/07\/con-una-propuesta-inedita-el-teatro-roma-de-avellaneda-celebra-su-120o-aniversario\/#primaryimage","url":"https:\/\/diarioprincipios.com\/wp-content\/uploads\/2024\/10\/feed.jpg","contentUrl":"https:\/\/diarioprincipios.com\/wp-content\/uploads\/2024\/10\/feed.jpg","width":1081,"height":1351},{"@type":"BreadcrumbList","@id":"https:\/\/diarioprincipios.com\/index.php\/2024\/10\/07\/con-una-propuesta-inedita-el-teatro-roma-de-avellaneda-celebra-su-120o-aniversario\/#breadcrumb","itemListElement":[{"@type":"ListItem","position":1,"name":"Portada","item":"https:\/\/diarioprincipios.com\/"},{"@type":"ListItem","position":2,"name":"Con una propuesta in\u00e9dita, el Teatro Roma de Avellaneda celebra su 120\u00ba aniversario\u00a0"}]},{"@type":"WebSite","@id":"https:\/\/diarioprincipios.com\/#website","url":"https:\/\/diarioprincipios.com\/","name":"Principios","description":"Principios Diario","publisher":{"@id":"https:\/\/diarioprincipios.com\/#organization"},"potentialAction":[{"@type":"SearchAction","target":{"@type":"EntryPoint","urlTemplate":"https:\/\/diarioprincipios.com\/?s={search_term_string}"},"query-input":{"@type":"PropertyValueSpecification","valueRequired":true,"valueName":"search_term_string"}}],"inLanguage":"es"},{"@type":"Organization","@id":"https:\/\/diarioprincipios.com\/#organization","name":"Principios","url":"https:\/\/diarioprincipios.com\/","logo":{"@type":"ImageObject","inLanguage":"es","@id":"https:\/\/diarioprincipios.com\/#\/schema\/logo\/image\/","url":"https:\/\/diarioprincipios.com\/wp-content\/uploads\/2024\/04\/cropped-www.diarioprincipios.com_-1.png","contentUrl":"https:\/\/diarioprincipios.com\/wp-content\/uploads\/2024\/04\/cropped-www.diarioprincipios.com_-1.png","width":5325,"height":1454,"caption":"Principios"},"image":{"@id":"https:\/\/diarioprincipios.com\/#\/schema\/logo\/image\/"}},{"@type":"Person","@id":"https:\/\/diarioprincipios.com\/#\/schema\/person\/436d5a1fd41a5e250e23ff5a6a7cb080","name":"Hern\u00e1n L\u00f3pez","image":{"@type":"ImageObject","inLanguage":"es","@id":"https:\/\/diarioprincipios.com\/wp-content\/litespeed\/avatar\/11ddfe5610ff3bd100522525b2571f48.jpg?ver=1777048341","url":"https:\/\/diarioprincipios.com\/wp-content\/litespeed\/avatar\/11ddfe5610ff3bd100522525b2571f48.jpg?ver=1777048341","contentUrl":"https:\/\/diarioprincipios.com\/wp-content\/litespeed\/avatar\/11ddfe5610ff3bd100522525b2571f48.jpg?ver=1777048341","caption":"Hern\u00e1n L\u00f3pez"},"url":"https:\/\/diarioprincipios.com\/index.php\/author\/hernan\/"}]}},"jetpack_featured_media_url":"https:\/\/diarioprincipios.com\/wp-content\/uploads\/2024\/10\/feed.jpg","_links":{"self":[{"href":"https:\/\/diarioprincipios.com\/index.php\/wp-json\/wp\/v2\/posts\/23200","targetHints":{"allow":["GET"]}}],"collection":[{"href":"https:\/\/diarioprincipios.com\/index.php\/wp-json\/wp\/v2\/posts"}],"about":[{"href":"https:\/\/diarioprincipios.com\/index.php\/wp-json\/wp\/v2\/types\/post"}],"author":[{"embeddable":true,"href":"https:\/\/diarioprincipios.com\/index.php\/wp-json\/wp\/v2\/users\/2"}],"replies":[{"embeddable":true,"href":"https:\/\/diarioprincipios.com\/index.php\/wp-json\/wp\/v2\/comments?post=23200"}],"version-history":[{"count":1,"href":"https:\/\/diarioprincipios.com\/index.php\/wp-json\/wp\/v2\/posts\/23200\/revisions"}],"predecessor-version":[{"id":23202,"href":"https:\/\/diarioprincipios.com\/index.php\/wp-json\/wp\/v2\/posts\/23200\/revisions\/23202"}],"wp:featuredmedia":[{"embeddable":true,"href":"https:\/\/diarioprincipios.com\/index.php\/wp-json\/wp\/v2\/media\/23201"}],"wp:attachment":[{"href":"https:\/\/diarioprincipios.com\/index.php\/wp-json\/wp\/v2\/media?parent=23200"}],"wp:term":[{"taxonomy":"category","embeddable":true,"href":"https:\/\/diarioprincipios.com\/index.php\/wp-json\/wp\/v2\/categories?post=23200"},{"taxonomy":"post_tag","embeddable":true,"href":"https:\/\/diarioprincipios.com\/index.php\/wp-json\/wp\/v2\/tags?post=23200"}],"curies":[{"name":"wp","href":"https:\/\/api.w.org\/{rel}","templated":true}]}}