{"id":23182,"date":"2024-10-03T10:14:09","date_gmt":"2024-10-03T13:14:09","guid":{"rendered":"http:\/\/diarioprincipios.com\/?p=23182"},"modified":"2024-10-03T10:14:11","modified_gmt":"2024-10-03T13:14:11","slug":"comenzaron-las-nuevas-jornadas-de-eximicion-de-tasas-municipales-para-jubilados","status":"publish","type":"post","link":"https:\/\/diarioprincipios.com\/index.php\/2024\/10\/03\/comenzaron-las-nuevas-jornadas-de-eximicion-de-tasas-municipales-para-jubilados\/","title":{"rendered":"Comenzaron las nuevas jornadas de eximici\u00f3n de tasas municipales para jubilados"},"content":{"rendered":"\n<p><strong>Iniciaron las nuevas jornadas de eximici\u00f3n de tasas municipales para jubilados y pensionados de Berazategui que perciben el haber m\u00ednimo. La primera fue en el Centro de Jubilados Jubileo, del barrio Provincias Unidas, y continuar\u00e1n desarroll\u00e1ndose durante octubre en diferentes puntos del distrito. La eximici\u00f3n incluye ABL (Alumbrado, Barrido y Limpieza) y Servicios Sanitarios (agua y cloacas).<br>Esta iniciativa es impulsada por el intendente Juan Jos\u00e9 Mussi, desde hace m\u00e1s de 30 a\u00f1os, para acercar este servicio a las personas mayores que lo necesitan. El otorgamiento de la eximici\u00f3n queda sujeto a an\u00e1lisis y cumplimiento de los par\u00e1metros que establece la Ordenanza Municipal N\u00b0 6.298 Art. 64.<br>Al respecto, Raquel Terraza -prosecretaria del Centro de Jubilados y Pensionados Jubileo- expres\u00f3: \u00abLe agradecemos a la Municipalidad por estas jornadas. La eximici\u00f3n de los impuestos es muy importante para nosotros, sobre todo en el contexto que estamos viviendo\u201d.<br>En cada jornada se podr\u00e1n realizar los tr\u00e1mites en el horario de 9.00 a 13.00. El cronograma contin\u00faa de esta manera:<br>-Mi\u00e9rcoles 2\/10: Centro de Jubilados y Pensionados Los Abuelos De Bustillo (calle 54 e\/ 148 y 149).-Jueves 3\/10: Centro de Jubilados y Pensionados Villa Giambruno (calle 215 e\/ Camino General Belgrano y 255).-Viernes 4\/10: Centro de Jubilados y Pensionados El Tr\u00e9bol (calle 18 y Av. Vergara).-Lunes 7\/10: Centro de Jubilados y Pensionados Tiempos de Sue\u00f1os (calle 59 e\/ 164 y 165).-Martes 8\/10: Centro de Jubilados y Pensionados A Pleno Sol (calle 6 N\u00b0 3736).-Mi\u00e9rcoles 9\/10: Centro de Jubilados y Pensionados Villa Mitre (calle 30 e\/ 163 y 164).-Jueves 10\/10: Centro de Jubilados y Pensionados Los Manzanos (calle 126 e\/ 10 y 11).<\/strong><\/p>\n\n\n\n<figure class=\"wp-block-image size-large\"><img loading=\"lazy\" decoding=\"async\" width=\"819\" height=\"1024\" src=\"https:\/\/diarioprincipios.com\/wp-content\/uploads\/2024\/10\/COMENZARON-LAS-JORNADAS-DE-EXIMICION-DE-TASAS-MUNICIPALES-PARA-JUBILADOS-Y-PENSIONADOS-2-1-819x1024.jpg\" alt=\"\" class=\"wp-image-23183\" srcset=\"https:\/\/diarioprincipios.com\/wp-content\/uploads\/2024\/10\/COMENZARON-LAS-JORNADAS-DE-EXIMICION-DE-TASAS-MUNICIPALES-PARA-JUBILADOS-Y-PENSIONADOS-2-1-819x1024.jpg 819w, https:\/\/diarioprincipios.com\/wp-content\/uploads\/2024\/10\/COMENZARON-LAS-JORNADAS-DE-EXIMICION-DE-TASAS-MUNICIPALES-PARA-JUBILADOS-Y-PENSIONADOS-2-1-240x300.jpg 240w, https:\/\/diarioprincipios.com\/wp-content\/uploads\/2024\/10\/COMENZARON-LAS-JORNADAS-DE-EXIMICION-DE-TASAS-MUNICIPALES-PARA-JUBILADOS-Y-PENSIONADOS-2-1-768x960.jpg 768w, https:\/\/diarioprincipios.com\/wp-content\/uploads\/2024\/10\/COMENZARON-LAS-JORNADAS-DE-EXIMICION-DE-TASAS-MUNICIPALES-PARA-JUBILADOS-Y-PENSIONADOS-2-1-1229x1536.jpg 1229w, https:\/\/diarioprincipios.com\/wp-content\/uploads\/2024\/10\/COMENZARON-LAS-JORNADAS-DE-EXIMICION-DE-TASAS-MUNICIPALES-PARA-JUBILADOS-Y-PENSIONADOS-2-1-1639x2048.jpg 1639w, https:\/\/diarioprincipios.com\/wp-content\/uploads\/2024\/10\/COMENZARON-LAS-JORNADAS-DE-EXIMICION-DE-TASAS-MUNICIPALES-PARA-JUBILADOS-Y-PENSIONADOS-2-1-scaled.jpg 2048w\" sizes=\"auto, (max-width: 819px) 100vw, 819px\" \/><\/figure>\n\n\n\n<p><br>Los requisitos para quienes hagan el tr\u00e1mite por primera vez (sujeto a aprobaci\u00f3n) son: ser propietario (tener escritura o boleto de compraventa); si tiene escritura, presentar original y copia; si tiene boleto de compraventa, deber\u00e1 estar certificado; \u00faltimo recibo de cobro (original y copia); DNI original y fotocopias del titular y su grupo familiar (frente y dorso); recibo de luz o gas (original y copia); recibo de tasas municipales del a\u00f1o en curso; libreta de matrimonio con nacimiento de los hijos (original y copia); declaraci\u00f3n jurada original ante Juez de Paz (grupo familiar conviviente mayor de edad); consignar un n\u00famero de tel\u00e9fono.\u00a0<br>En tanto, para renovaci\u00f3n son: \u00faltimo recibo de cobro de haberes del jubilado\/pensionado (original y copia); fotocopia de la \u00faltima constancia de tr\u00e1mite; DNI original y copia (frente y dorso); declaraci\u00f3n jurada original ante Juez de Paz (grupo familiar conviviente); recibo actual de tasas municipales (original); consignar un n\u00famero de tel\u00e9fono.<\/p>\n","protected":false},"excerpt":{"rendered":"<p>Iniciaron las nuevas jornadas de eximici\u00f3n de tasas municipales para jubilados y pensionados de Berazategui que perciben el haber m\u00ednimo. La primera fue en el Centro de Jubilados Jubileo, del barrio Provincias Unidas, y continuar\u00e1n desarroll\u00e1ndose durante octubre en diferentes puntos del distrito. La eximici\u00f3n incluye ABL (Alumbrado, Barrido y Limpieza) y Servicios Sanitarios (agua&#8230;<\/p>\n","protected":false},"author":2,"featured_media":23184,"comment_status":"open","ping_status":"open","sticky":false,"template":"","format":"standard","meta":{"footnotes":""},"categories":[3],"tags":[],"class_list":["post-23182","post","type-post","status-publish","format-standard","has-post-thumbnail","hentry","category-berazategui"],"featured_image_src":"https:\/\/diarioprincipios.com\/wp-content\/uploads\/2024\/10\/COMENZARON-LAS-JORNADAS-DE-EXIMICION-DE-TASAS-MUNICIPALES-PARA-JUBILADOS-Y-PENSIONADOS-1-1-1024x683.jpg","blog_images":{"medium":"https:\/\/diarioprincipios.com\/wp-content\/uploads\/2024\/10\/COMENZARON-LAS-JORNADAS-DE-EXIMICION-DE-TASAS-MUNICIPALES-PARA-JUBILADOS-Y-PENSIONADOS-1-1-300x200.jpg","large":"https:\/\/diarioprincipios.com\/wp-content\/uploads\/2024\/10\/COMENZARON-LAS-JORNADAS-DE-EXIMICION-DE-TASAS-MUNICIPALES-PARA-JUBILADOS-Y-PENSIONADOS-1-1-1024x683.jpg"},"ams_acf":[],"yoast_head":"<!-- This site is optimized with the Yoast SEO plugin v27.3 - https:\/\/yoast.com\/product\/yoast-seo-wordpress\/ -->\n<title>Comenzaron las nuevas jornadas de eximici\u00f3n de tasas municipales para jubilados - Principios<\/title>\n<meta name=\"robots\" content=\"index, follow, max-snippet:-1, max-image-preview:large, max-video-preview:-1\" \/>\n<link rel=\"canonical\" href=\"https:\/\/diarioprincipios.com\/index.php\/2024\/10\/03\/comenzaron-las-nuevas-jornadas-de-eximicion-de-tasas-municipales-para-jubilados\/\" \/>\n<meta property=\"og:locale\" content=\"es_ES\" \/>\n<meta property=\"og:type\" content=\"article\" \/>\n<meta property=\"og:title\" content=\"Comenzaron las nuevas jornadas de eximici\u00f3n de tasas municipales para jubilados - Principios\" \/>\n<meta property=\"og:description\" content=\"Iniciaron las nuevas jornadas de eximici\u00f3n de tasas municipales para jubilados y pensionados de Berazategui que perciben el haber m\u00ednimo. La primera fue en el Centro de Jubilados Jubileo, del barrio Provincias Unidas, y continuar\u00e1n desarroll\u00e1ndose durante octubre en diferentes puntos del distrito. La eximici\u00f3n incluye ABL (Alumbrado, Barrido y Limpieza) y Servicios Sanitarios (agua...\" \/>\n<meta property=\"og:url\" content=\"https:\/\/diarioprincipios.com\/index.php\/2024\/10\/03\/comenzaron-las-nuevas-jornadas-de-eximicion-de-tasas-municipales-para-jubilados\/\" \/>\n<meta property=\"og:site_name\" content=\"Principios\" \/>\n<meta property=\"article:published_time\" content=\"2024-10-03T13:14:09+00:00\" \/>\n<meta property=\"article:modified_time\" content=\"2024-10-03T13:14:11+00:00\" \/>\n<meta property=\"og:image\" content=\"https:\/\/diarioprincipios.com\/wp-content\/uploads\/2024\/10\/COMENZARON-LAS-JORNADAS-DE-EXIMICION-DE-TASAS-MUNICIPALES-PARA-JUBILADOS-Y-PENSIONADOS-1-1.jpg\" \/>\n\t<meta property=\"og:image:width\" content=\"1920\" \/>\n\t<meta property=\"og:image:height\" content=\"1280\" \/>\n\t<meta property=\"og:image:type\" content=\"image\/jpeg\" \/>\n<meta name=\"author\" content=\"Hern\u00e1n L\u00f3pez\" \/>\n<meta name=\"twitter:card\" content=\"summary_large_image\" \/>\n<meta name=\"twitter:label1\" content=\"Escrito por\" \/>\n\t<meta name=\"twitter:data1\" content=\"Hern\u00e1n L\u00f3pez\" \/>\n\t<meta name=\"twitter:label2\" content=\"Tiempo de lectura\" \/>\n\t<meta name=\"twitter:data2\" content=\"3 minutos\" \/>\n<script type=\"application\/ld+json\" class=\"yoast-schema-graph\">{\"@context\":\"https:\\\/\\\/schema.org\",\"@graph\":[{\"@type\":\"Article\",\"@id\":\"https:\\\/\\\/diarioprincipios.com\\\/index.php\\\/2024\\\/10\\\/03\\\/comenzaron-las-nuevas-jornadas-de-eximicion-de-tasas-municipales-para-jubilados\\\/#article\",\"isPartOf\":{\"@id\":\"https:\\\/\\\/diarioprincipios.com\\\/index.php\\\/2024\\\/10\\\/03\\\/comenzaron-las-nuevas-jornadas-de-eximicion-de-tasas-municipales-para-jubilados\\\/\"},\"author\":{\"name\":\"Hern\u00e1n L\u00f3pez\",\"@id\":\"https:\\\/\\\/diarioprincipios.com\\\/#\\\/schema\\\/person\\\/436d5a1fd41a5e250e23ff5a6a7cb080\"},\"headline\":\"Comenzaron las nuevas jornadas de eximici\u00f3n de tasas municipales para jubilados\",\"datePublished\":\"2024-10-03T13:14:09+00:00\",\"dateModified\":\"2024-10-03T13:14:11+00:00\",\"mainEntityOfPage\":{\"@id\":\"https:\\\/\\\/diarioprincipios.com\\\/index.php\\\/2024\\\/10\\\/03\\\/comenzaron-las-nuevas-jornadas-de-eximicion-de-tasas-municipales-para-jubilados\\\/\"},\"wordCount\":441,\"commentCount\":0,\"publisher\":{\"@id\":\"https:\\\/\\\/diarioprincipios.com\\\/#organization\"},\"image\":{\"@id\":\"https:\\\/\\\/diarioprincipios.com\\\/index.php\\\/2024\\\/10\\\/03\\\/comenzaron-las-nuevas-jornadas-de-eximicion-de-tasas-municipales-para-jubilados\\\/#primaryimage\"},\"thumbnailUrl\":\"https:\\\/\\\/diarioprincipios.com\\\/wp-content\\\/uploads\\\/2024\\\/10\\\/COMENZARON-LAS-JORNADAS-DE-EXIMICION-DE-TASAS-MUNICIPALES-PARA-JUBILADOS-Y-PENSIONADOS-1-1.jpg\",\"articleSection\":[\"Berazategui\"],\"inLanguage\":\"es\",\"potentialAction\":[{\"@type\":\"CommentAction\",\"name\":\"Comment\",\"target\":[\"https:\\\/\\\/diarioprincipios.com\\\/index.php\\\/2024\\\/10\\\/03\\\/comenzaron-las-nuevas-jornadas-de-eximicion-de-tasas-municipales-para-jubilados\\\/#respond\"]}]},{\"@type\":\"WebPage\",\"@id\":\"https:\\\/\\\/diarioprincipios.com\\\/index.php\\\/2024\\\/10\\\/03\\\/comenzaron-las-nuevas-jornadas-de-eximicion-de-tasas-municipales-para-jubilados\\\/\",\"url\":\"https:\\\/\\\/diarioprincipios.com\\\/index.php\\\/2024\\\/10\\\/03\\\/comenzaron-las-nuevas-jornadas-de-eximicion-de-tasas-municipales-para-jubilados\\\/\",\"name\":\"Comenzaron las nuevas jornadas de eximici\u00f3n de tasas municipales para jubilados - Principios\",\"isPartOf\":{\"@id\":\"https:\\\/\\\/diarioprincipios.com\\\/#website\"},\"primaryImageOfPage\":{\"@id\":\"https:\\\/\\\/diarioprincipios.com\\\/index.php\\\/2024\\\/10\\\/03\\\/comenzaron-las-nuevas-jornadas-de-eximicion-de-tasas-municipales-para-jubilados\\\/#primaryimage\"},\"image\":{\"@id\":\"https:\\\/\\\/diarioprincipios.com\\\/index.php\\\/2024\\\/10\\\/03\\\/comenzaron-las-nuevas-jornadas-de-eximicion-de-tasas-municipales-para-jubilados\\\/#primaryimage\"},\"thumbnailUrl\":\"https:\\\/\\\/diarioprincipios.com\\\/wp-content\\\/uploads\\\/2024\\\/10\\\/COMENZARON-LAS-JORNADAS-DE-EXIMICION-DE-TASAS-MUNICIPALES-PARA-JUBILADOS-Y-PENSIONADOS-1-1.jpg\",\"datePublished\":\"2024-10-03T13:14:09+00:00\",\"dateModified\":\"2024-10-03T13:14:11+00:00\",\"breadcrumb\":{\"@id\":\"https:\\\/\\\/diarioprincipios.com\\\/index.php\\\/2024\\\/10\\\/03\\\/comenzaron-las-nuevas-jornadas-de-eximicion-de-tasas-municipales-para-jubilados\\\/#breadcrumb\"},\"inLanguage\":\"es\",\"potentialAction\":[{\"@type\":\"ReadAction\",\"target\":[\"https:\\\/\\\/diarioprincipios.com\\\/index.php\\\/2024\\\/10\\\/03\\\/comenzaron-las-nuevas-jornadas-de-eximicion-de-tasas-municipales-para-jubilados\\\/\"]}]},{\"@type\":\"ImageObject\",\"inLanguage\":\"es\",\"@id\":\"https:\\\/\\\/diarioprincipios.com\\\/index.php\\\/2024\\\/10\\\/03\\\/comenzaron-las-nuevas-jornadas-de-eximicion-de-tasas-municipales-para-jubilados\\\/#primaryimage\",\"url\":\"https:\\\/\\\/diarioprincipios.com\\\/wp-content\\\/uploads\\\/2024\\\/10\\\/COMENZARON-LAS-JORNADAS-DE-EXIMICION-DE-TASAS-MUNICIPALES-PARA-JUBILADOS-Y-PENSIONADOS-1-1.jpg\",\"contentUrl\":\"https:\\\/\\\/diarioprincipios.com\\\/wp-content\\\/uploads\\\/2024\\\/10\\\/COMENZARON-LAS-JORNADAS-DE-EXIMICION-DE-TASAS-MUNICIPALES-PARA-JUBILADOS-Y-PENSIONADOS-1-1.jpg\",\"width\":1920,\"height\":1280},{\"@type\":\"BreadcrumbList\",\"@id\":\"https:\\\/\\\/diarioprincipios.com\\\/index.php\\\/2024\\\/10\\\/03\\\/comenzaron-las-nuevas-jornadas-de-eximicion-de-tasas-municipales-para-jubilados\\\/#breadcrumb\",\"itemListElement\":[{\"@type\":\"ListItem\",\"position\":1,\"name\":\"Portada\",\"item\":\"https:\\\/\\\/diarioprincipios.com\\\/\"},{\"@type\":\"ListItem\",\"position\":2,\"name\":\"Comenzaron las nuevas jornadas de eximici\u00f3n de tasas municipales para jubilados\"}]},{\"@type\":\"WebSite\",\"@id\":\"https:\\\/\\\/diarioprincipios.com\\\/#website\",\"url\":\"https:\\\/\\\/diarioprincipios.com\\\/\",\"name\":\"Principios\",\"description\":\"Principios Diario\",\"publisher\":{\"@id\":\"https:\\\/\\\/diarioprincipios.com\\\/#organization\"},\"potentialAction\":[{\"@type\":\"SearchAction\",\"target\":{\"@type\":\"EntryPoint\",\"urlTemplate\":\"https:\\\/\\\/diarioprincipios.com\\\/?s={search_term_string}\"},\"query-input\":{\"@type\":\"PropertyValueSpecification\",\"valueRequired\":true,\"valueName\":\"search_term_string\"}}],\"inLanguage\":\"es\"},{\"@type\":\"Organization\",\"@id\":\"https:\\\/\\\/diarioprincipios.com\\\/#organization\",\"name\":\"Principios\",\"url\":\"https:\\\/\\\/diarioprincipios.com\\\/\",\"logo\":{\"@type\":\"ImageObject\",\"inLanguage\":\"es\",\"@id\":\"https:\\\/\\\/diarioprincipios.com\\\/#\\\/schema\\\/logo\\\/image\\\/\",\"url\":\"https:\\\/\\\/diarioprincipios.com\\\/wp-content\\\/uploads\\\/2024\\\/04\\\/cropped-www.diarioprincipios.com_-1.png\",\"contentUrl\":\"https:\\\/\\\/diarioprincipios.com\\\/wp-content\\\/uploads\\\/2024\\\/04\\\/cropped-www.diarioprincipios.com_-1.png\",\"width\":5325,\"height\":1454,\"caption\":\"Principios\"},\"image\":{\"@id\":\"https:\\\/\\\/diarioprincipios.com\\\/#\\\/schema\\\/logo\\\/image\\\/\"}},{\"@type\":\"Person\",\"@id\":\"https:\\\/\\\/diarioprincipios.com\\\/#\\\/schema\\\/person\\\/436d5a1fd41a5e250e23ff5a6a7cb080\",\"name\":\"Hern\u00e1n L\u00f3pez\",\"image\":{\"@type\":\"ImageObject\",\"inLanguage\":\"es\",\"@id\":\"https:\\\/\\\/diarioprincipios.com\\\/wp-content\\\/litespeed\\\/avatar\\\/11ddfe5610ff3bd100522525b2571f48.jpg?ver=1777048341\",\"url\":\"https:\\\/\\\/diarioprincipios.com\\\/wp-content\\\/litespeed\\\/avatar\\\/11ddfe5610ff3bd100522525b2571f48.jpg?ver=1777048341\",\"contentUrl\":\"https:\\\/\\\/diarioprincipios.com\\\/wp-content\\\/litespeed\\\/avatar\\\/11ddfe5610ff3bd100522525b2571f48.jpg?ver=1777048341\",\"caption\":\"Hern\u00e1n L\u00f3pez\"},\"url\":\"https:\\\/\\\/diarioprincipios.com\\\/index.php\\\/author\\\/hernan\\\/\"}]}<\/script>\n<!-- \/ Yoast SEO plugin. -->","yoast_head_json":{"title":"Comenzaron las nuevas jornadas de eximici\u00f3n de tasas municipales para jubilados - Principios","robots":{"index":"index","follow":"follow","max-snippet":"max-snippet:-1","max-image-preview":"max-image-preview:large","max-video-preview":"max-video-preview:-1"},"canonical":"https:\/\/diarioprincipios.com\/index.php\/2024\/10\/03\/comenzaron-las-nuevas-jornadas-de-eximicion-de-tasas-municipales-para-jubilados\/","og_locale":"es_ES","og_type":"article","og_title":"Comenzaron las nuevas jornadas de eximici\u00f3n de tasas municipales para jubilados - Principios","og_description":"Iniciaron las nuevas jornadas de eximici\u00f3n de tasas municipales para jubilados y pensionados de Berazategui que perciben el haber m\u00ednimo. La primera fue en el Centro de Jubilados Jubileo, del barrio Provincias Unidas, y continuar\u00e1n desarroll\u00e1ndose durante octubre en diferentes puntos del distrito. La eximici\u00f3n incluye ABL (Alumbrado, Barrido y Limpieza) y Servicios Sanitarios (agua...","og_url":"https:\/\/diarioprincipios.com\/index.php\/2024\/10\/03\/comenzaron-las-nuevas-jornadas-de-eximicion-de-tasas-municipales-para-jubilados\/","og_site_name":"Principios","article_published_time":"2024-10-03T13:14:09+00:00","article_modified_time":"2024-10-03T13:14:11+00:00","og_image":[{"width":1920,"height":1280,"url":"https:\/\/diarioprincipios.com\/wp-content\/uploads\/2024\/10\/COMENZARON-LAS-JORNADAS-DE-EXIMICION-DE-TASAS-MUNICIPALES-PARA-JUBILADOS-Y-PENSIONADOS-1-1.jpg","type":"image\/jpeg"}],"author":"Hern\u00e1n L\u00f3pez","twitter_card":"summary_large_image","twitter_misc":{"Escrito por":"Hern\u00e1n L\u00f3pez","Tiempo de lectura":"3 minutos"},"schema":{"@context":"https:\/\/schema.org","@graph":[{"@type":"Article","@id":"https:\/\/diarioprincipios.com\/index.php\/2024\/10\/03\/comenzaron-las-nuevas-jornadas-de-eximicion-de-tasas-municipales-para-jubilados\/#article","isPartOf":{"@id":"https:\/\/diarioprincipios.com\/index.php\/2024\/10\/03\/comenzaron-las-nuevas-jornadas-de-eximicion-de-tasas-municipales-para-jubilados\/"},"author":{"name":"Hern\u00e1n L\u00f3pez","@id":"https:\/\/diarioprincipios.com\/#\/schema\/person\/436d5a1fd41a5e250e23ff5a6a7cb080"},"headline":"Comenzaron las nuevas jornadas de eximici\u00f3n de tasas municipales para jubilados","datePublished":"2024-10-03T13:14:09+00:00","dateModified":"2024-10-03T13:14:11+00:00","mainEntityOfPage":{"@id":"https:\/\/diarioprincipios.com\/index.php\/2024\/10\/03\/comenzaron-las-nuevas-jornadas-de-eximicion-de-tasas-municipales-para-jubilados\/"},"wordCount":441,"commentCount":0,"publisher":{"@id":"https:\/\/diarioprincipios.com\/#organization"},"image":{"@id":"https:\/\/diarioprincipios.com\/index.php\/2024\/10\/03\/comenzaron-las-nuevas-jornadas-de-eximicion-de-tasas-municipales-para-jubilados\/#primaryimage"},"thumbnailUrl":"https:\/\/diarioprincipios.com\/wp-content\/uploads\/2024\/10\/COMENZARON-LAS-JORNADAS-DE-EXIMICION-DE-TASAS-MUNICIPALES-PARA-JUBILADOS-Y-PENSIONADOS-1-1.jpg","articleSection":["Berazategui"],"inLanguage":"es","potentialAction":[{"@type":"CommentAction","name":"Comment","target":["https:\/\/diarioprincipios.com\/index.php\/2024\/10\/03\/comenzaron-las-nuevas-jornadas-de-eximicion-de-tasas-municipales-para-jubilados\/#respond"]}]},{"@type":"WebPage","@id":"https:\/\/diarioprincipios.com\/index.php\/2024\/10\/03\/comenzaron-las-nuevas-jornadas-de-eximicion-de-tasas-municipales-para-jubilados\/","url":"https:\/\/diarioprincipios.com\/index.php\/2024\/10\/03\/comenzaron-las-nuevas-jornadas-de-eximicion-de-tasas-municipales-para-jubilados\/","name":"Comenzaron las nuevas jornadas de eximici\u00f3n de tasas municipales para jubilados - Principios","isPartOf":{"@id":"https:\/\/diarioprincipios.com\/#website"},"primaryImageOfPage":{"@id":"https:\/\/diarioprincipios.com\/index.php\/2024\/10\/03\/comenzaron-las-nuevas-jornadas-de-eximicion-de-tasas-municipales-para-jubilados\/#primaryimage"},"image":{"@id":"https:\/\/diarioprincipios.com\/index.php\/2024\/10\/03\/comenzaron-las-nuevas-jornadas-de-eximicion-de-tasas-municipales-para-jubilados\/#primaryimage"},"thumbnailUrl":"https:\/\/diarioprincipios.com\/wp-content\/uploads\/2024\/10\/COMENZARON-LAS-JORNADAS-DE-EXIMICION-DE-TASAS-MUNICIPALES-PARA-JUBILADOS-Y-PENSIONADOS-1-1.jpg","datePublished":"2024-10-03T13:14:09+00:00","dateModified":"2024-10-03T13:14:11+00:00","breadcrumb":{"@id":"https:\/\/diarioprincipios.com\/index.php\/2024\/10\/03\/comenzaron-las-nuevas-jornadas-de-eximicion-de-tasas-municipales-para-jubilados\/#breadcrumb"},"inLanguage":"es","potentialAction":[{"@type":"ReadAction","target":["https:\/\/diarioprincipios.com\/index.php\/2024\/10\/03\/comenzaron-las-nuevas-jornadas-de-eximicion-de-tasas-municipales-para-jubilados\/"]}]},{"@type":"ImageObject","inLanguage":"es","@id":"https:\/\/diarioprincipios.com\/index.php\/2024\/10\/03\/comenzaron-las-nuevas-jornadas-de-eximicion-de-tasas-municipales-para-jubilados\/#primaryimage","url":"https:\/\/diarioprincipios.com\/wp-content\/uploads\/2024\/10\/COMENZARON-LAS-JORNADAS-DE-EXIMICION-DE-TASAS-MUNICIPALES-PARA-JUBILADOS-Y-PENSIONADOS-1-1.jpg","contentUrl":"https:\/\/diarioprincipios.com\/wp-content\/uploads\/2024\/10\/COMENZARON-LAS-JORNADAS-DE-EXIMICION-DE-TASAS-MUNICIPALES-PARA-JUBILADOS-Y-PENSIONADOS-1-1.jpg","width":1920,"height":1280},{"@type":"BreadcrumbList","@id":"https:\/\/diarioprincipios.com\/index.php\/2024\/10\/03\/comenzaron-las-nuevas-jornadas-de-eximicion-de-tasas-municipales-para-jubilados\/#breadcrumb","itemListElement":[{"@type":"ListItem","position":1,"name":"Portada","item":"https:\/\/diarioprincipios.com\/"},{"@type":"ListItem","position":2,"name":"Comenzaron las nuevas jornadas de eximici\u00f3n de tasas municipales para jubilados"}]},{"@type":"WebSite","@id":"https:\/\/diarioprincipios.com\/#website","url":"https:\/\/diarioprincipios.com\/","name":"Principios","description":"Principios Diario","publisher":{"@id":"https:\/\/diarioprincipios.com\/#organization"},"potentialAction":[{"@type":"SearchAction","target":{"@type":"EntryPoint","urlTemplate":"https:\/\/diarioprincipios.com\/?s={search_term_string}"},"query-input":{"@type":"PropertyValueSpecification","valueRequired":true,"valueName":"search_term_string"}}],"inLanguage":"es"},{"@type":"Organization","@id":"https:\/\/diarioprincipios.com\/#organization","name":"Principios","url":"https:\/\/diarioprincipios.com\/","logo":{"@type":"ImageObject","inLanguage":"es","@id":"https:\/\/diarioprincipios.com\/#\/schema\/logo\/image\/","url":"https:\/\/diarioprincipios.com\/wp-content\/uploads\/2024\/04\/cropped-www.diarioprincipios.com_-1.png","contentUrl":"https:\/\/diarioprincipios.com\/wp-content\/uploads\/2024\/04\/cropped-www.diarioprincipios.com_-1.png","width":5325,"height":1454,"caption":"Principios"},"image":{"@id":"https:\/\/diarioprincipios.com\/#\/schema\/logo\/image\/"}},{"@type":"Person","@id":"https:\/\/diarioprincipios.com\/#\/schema\/person\/436d5a1fd41a5e250e23ff5a6a7cb080","name":"Hern\u00e1n L\u00f3pez","image":{"@type":"ImageObject","inLanguage":"es","@id":"https:\/\/diarioprincipios.com\/wp-content\/litespeed\/avatar\/11ddfe5610ff3bd100522525b2571f48.jpg?ver=1777048341","url":"https:\/\/diarioprincipios.com\/wp-content\/litespeed\/avatar\/11ddfe5610ff3bd100522525b2571f48.jpg?ver=1777048341","contentUrl":"https:\/\/diarioprincipios.com\/wp-content\/litespeed\/avatar\/11ddfe5610ff3bd100522525b2571f48.jpg?ver=1777048341","caption":"Hern\u00e1n L\u00f3pez"},"url":"https:\/\/diarioprincipios.com\/index.php\/author\/hernan\/"}]}},"jetpack_featured_media_url":"https:\/\/diarioprincipios.com\/wp-content\/uploads\/2024\/10\/COMENZARON-LAS-JORNADAS-DE-EXIMICION-DE-TASAS-MUNICIPALES-PARA-JUBILADOS-Y-PENSIONADOS-1-1.jpg","_links":{"self":[{"href":"https:\/\/diarioprincipios.com\/index.php\/wp-json\/wp\/v2\/posts\/23182","targetHints":{"allow":["GET"]}}],"collection":[{"href":"https:\/\/diarioprincipios.com\/index.php\/wp-json\/wp\/v2\/posts"}],"about":[{"href":"https:\/\/diarioprincipios.com\/index.php\/wp-json\/wp\/v2\/types\/post"}],"author":[{"embeddable":true,"href":"https:\/\/diarioprincipios.com\/index.php\/wp-json\/wp\/v2\/users\/2"}],"replies":[{"embeddable":true,"href":"https:\/\/diarioprincipios.com\/index.php\/wp-json\/wp\/v2\/comments?post=23182"}],"version-history":[{"count":1,"href":"https:\/\/diarioprincipios.com\/index.php\/wp-json\/wp\/v2\/posts\/23182\/revisions"}],"predecessor-version":[{"id":23185,"href":"https:\/\/diarioprincipios.com\/index.php\/wp-json\/wp\/v2\/posts\/23182\/revisions\/23185"}],"wp:featuredmedia":[{"embeddable":true,"href":"https:\/\/diarioprincipios.com\/index.php\/wp-json\/wp\/v2\/media\/23184"}],"wp:attachment":[{"href":"https:\/\/diarioprincipios.com\/index.php\/wp-json\/wp\/v2\/media?parent=23182"}],"wp:term":[{"taxonomy":"category","embeddable":true,"href":"https:\/\/diarioprincipios.com\/index.php\/wp-json\/wp\/v2\/categories?post=23182"},{"taxonomy":"post_tag","embeddable":true,"href":"https:\/\/diarioprincipios.com\/index.php\/wp-json\/wp\/v2\/tags?post=23182"}],"curies":[{"name":"wp","href":"https:\/\/api.w.org\/{rel}","templated":true}]}}