{"id":23177,"date":"2024-10-02T14:23:22","date_gmt":"2024-10-02T17:23:22","guid":{"rendered":"http:\/\/diarioprincipios.com\/?p=23177"},"modified":"2024-10-02T14:23:25","modified_gmt":"2024-10-02T17:23:25","slug":"se-viene-la-17-feria-del-libro-municipal-de-berazategui","status":"publish","type":"post","link":"https:\/\/diarioprincipios.com\/index.php\/2024\/10\/02\/se-viene-la-17-feria-del-libro-municipal-de-berazategui\/","title":{"rendered":"Se viene la 17\u00b0 Feria del Libro Municipal de Berazategui"},"content":{"rendered":"\n<p><strong>Del s\u00e1bado 5 al domingo 13 de octubre se realizar\u00e1 la 17\u00b0 edici\u00f3n de Librarte, la Feria del Libro de Berazategui, organizada por la Municipalidad. Se desarrollar\u00e1 de 15.00 a 21.00, en el Centro Municipal de Actividades Roberto De Vicenzo (calle 18 y 148), con entrada libre y gratuita. En esta oportunidad, se presentar\u00e1n Felipe Pigna, Alejandro Dolina, Dar\u00edo Sztajnszrajber, Mar\u00eda Florencia Freijo y Liliana Cinetto, entre otras figuras destacadas de la cultura argentina.<\/strong><\/p>\n\n\n\n<figure class=\"wp-block-image size-large\"><img loading=\"lazy\" decoding=\"async\" width=\"1024\" height=\"683\" src=\"https:\/\/diarioprincipios.com\/wp-content\/uploads\/2024\/10\/SE-VIENE-LA-17\u00b0-FERIA-DEL-LIBRO-MUNICIPAL-DE-BERAZATEGUI-4-1-1024x683.jpg\" alt=\"\" class=\"wp-image-23178\" srcset=\"https:\/\/diarioprincipios.com\/wp-content\/uploads\/2024\/10\/SE-VIENE-LA-17\u00b0-FERIA-DEL-LIBRO-MUNICIPAL-DE-BERAZATEGUI-4-1-1024x683.jpg 1024w, https:\/\/diarioprincipios.com\/wp-content\/uploads\/2024\/10\/SE-VIENE-LA-17\u00b0-FERIA-DEL-LIBRO-MUNICIPAL-DE-BERAZATEGUI-4-1-300x200.jpg 300w, https:\/\/diarioprincipios.com\/wp-content\/uploads\/2024\/10\/SE-VIENE-LA-17\u00b0-FERIA-DEL-LIBRO-MUNICIPAL-DE-BERAZATEGUI-4-1-768x512.jpg 768w, https:\/\/diarioprincipios.com\/wp-content\/uploads\/2024\/10\/SE-VIENE-LA-17\u00b0-FERIA-DEL-LIBRO-MUNICIPAL-DE-BERAZATEGUI-4-1-1536x1024.jpg 1536w, https:\/\/diarioprincipios.com\/wp-content\/uploads\/2024\/10\/SE-VIENE-LA-17\u00b0-FERIA-DEL-LIBRO-MUNICIPAL-DE-BERAZATEGUI-4-1-600x400.jpg 600w, https:\/\/diarioprincipios.com\/wp-content\/uploads\/2024\/10\/SE-VIENE-LA-17\u00b0-FERIA-DEL-LIBRO-MUNICIPAL-DE-BERAZATEGUI-4-1.jpg 1920w\" sizes=\"auto, (max-width: 1024px) 100vw, 1024px\" \/><\/figure>\n\n\n\n<p>Librarte es una iniciativa impulsada por el intendente de Berazategui, Juan Jos\u00e9 Mussi. Es una de las cinco ferias m\u00e1s importantes del pa\u00eds. Propone actividades para docentes, estudiantes, artistas y p\u00fablico en general, como la visita de reconocidos escritores y personalidades del ambiente editorial. En esta oportunidad, visitar\u00e1n la Feria del Libro: Alexandra Kohan, Tom\u00e1s Balmaceda, Dar\u00edo Sztajnszrajber, Alejandro Dolina, Felipe Pigna, Canela, Mar\u00eda Florencia Freijo, Magela Demarco, Cinwololo, Liliana Herrero junto a Pedro Rossi, Liliana Cinetto, Poly Bernatene, Silvia Schujer y M\u00f3nica Weis.<\/p>\n\n\n\n<figure class=\"wp-block-image size-large\"><img loading=\"lazy\" decoding=\"async\" width=\"1024\" height=\"683\" src=\"https:\/\/diarioprincipios.com\/wp-content\/uploads\/2024\/10\/SE-VIENE-LA-17\u00b0-FERIA-DEL-LIBRO-MUNICIPAL-DE-BERAZATEGUI-6-1-1024x683.jpg\" alt=\"\" class=\"wp-image-23179\" srcset=\"https:\/\/diarioprincipios.com\/wp-content\/uploads\/2024\/10\/SE-VIENE-LA-17\u00b0-FERIA-DEL-LIBRO-MUNICIPAL-DE-BERAZATEGUI-6-1-1024x683.jpg 1024w, https:\/\/diarioprincipios.com\/wp-content\/uploads\/2024\/10\/SE-VIENE-LA-17\u00b0-FERIA-DEL-LIBRO-MUNICIPAL-DE-BERAZATEGUI-6-1-300x200.jpg 300w, https:\/\/diarioprincipios.com\/wp-content\/uploads\/2024\/10\/SE-VIENE-LA-17\u00b0-FERIA-DEL-LIBRO-MUNICIPAL-DE-BERAZATEGUI-6-1-768x512.jpg 768w, https:\/\/diarioprincipios.com\/wp-content\/uploads\/2024\/10\/SE-VIENE-LA-17\u00b0-FERIA-DEL-LIBRO-MUNICIPAL-DE-BERAZATEGUI-6-1-1536x1024.jpg 1536w, https:\/\/diarioprincipios.com\/wp-content\/uploads\/2024\/10\/SE-VIENE-LA-17\u00b0-FERIA-DEL-LIBRO-MUNICIPAL-DE-BERAZATEGUI-6-1-600x400.jpg 600w, https:\/\/diarioprincipios.com\/wp-content\/uploads\/2024\/10\/SE-VIENE-LA-17\u00b0-FERIA-DEL-LIBRO-MUNICIPAL-DE-BERAZATEGUI-6-1.jpg 1920w\" sizes=\"auto, (max-width: 1024px) 100vw, 1024px\" \/><\/figure>\n\n\n\n<p>Al respecto, el director de Eventos Culturales de la Secretar\u00eda de Cultura y Educaci\u00f3n municipal, Marcelo Silva, expres\u00f3: \u201cLibrarte tiene un gran reconocimiento a nivel nacional. A\u00f1o tras a\u00f1o crece en cantidad de concurrentes y propuestas. Es sumamente importante porque incentiva la lectura en todos los niveles -sobre todo en los ni\u00f1os- y es un polo trascendental para el \u00e1mbito editorial, de cara a la exposici\u00f3n y venta de libros\u201d.<\/p>\n\n\n\n<p>\u201cA su vez, tiene una oferta muy variada y de calidad, con contenido para todas las edades. Y como se desarrolla durante varios d\u00edas, pueden concurrir escuelas e instituciones. En ese sentido, la Feria del Libro cumple un rol importante\u201d, concluy\u00f3 Silva.<\/p>\n\n\n\n<p>M\u00e1s informaci\u00f3n en&nbsp;<a rel=\"noreferrer noopener\" target=\"_blank\" href=\"http:\/\/berazategui.gob.ar\/librarte\">berazategui.gob.ar\/librarte<\/a>.<\/p>\n","protected":false},"excerpt":{"rendered":"<p>Del s\u00e1bado 5 al domingo 13 de octubre se realizar\u00e1 la 17\u00b0 edici\u00f3n de Librarte, la Feria del Libro de Berazategui, organizada por la Municipalidad. Se desarrollar\u00e1 de 15.00 a 21.00, en el Centro Municipal de Actividades Roberto De Vicenzo (calle 18 y 148), con entrada libre y gratuita. En esta oportunidad, se presentar\u00e1n Felipe&#8230;<\/p>\n","protected":false},"author":2,"featured_media":23180,"comment_status":"open","ping_status":"open","sticky":false,"template":"","format":"standard","meta":{"footnotes":""},"categories":[19],"tags":[],"class_list":["post-23177","post","type-post","status-publish","format-standard","has-post-thumbnail","hentry","category-cultura-educacion"],"featured_image_src":"https:\/\/diarioprincipios.com\/wp-content\/uploads\/2024\/10\/SE-VIENE-LA-17\u00b0-FERIA-DEL-LIBRO-MUNICIPAL-DE-BERAZATEGUI-1-1-1024x683.jpg","blog_images":{"medium":"https:\/\/diarioprincipios.com\/wp-content\/uploads\/2024\/10\/SE-VIENE-LA-17\u00b0-FERIA-DEL-LIBRO-MUNICIPAL-DE-BERAZATEGUI-1-1-300x200.jpg","large":"https:\/\/diarioprincipios.com\/wp-content\/uploads\/2024\/10\/SE-VIENE-LA-17\u00b0-FERIA-DEL-LIBRO-MUNICIPAL-DE-BERAZATEGUI-1-1-1024x683.jpg"},"ams_acf":[],"yoast_head":"<!-- This site is optimized with the Yoast SEO plugin v27.3 - https:\/\/yoast.com\/product\/yoast-seo-wordpress\/ -->\n<title>Se viene la 17\u00b0 Feria del Libro Municipal de Berazategui - Principios<\/title>\n<meta name=\"robots\" content=\"index, follow, max-snippet:-1, max-image-preview:large, max-video-preview:-1\" \/>\n<link rel=\"canonical\" href=\"https:\/\/diarioprincipios.com\/index.php\/2024\/10\/02\/se-viene-la-17-feria-del-libro-municipal-de-berazategui\/\" \/>\n<meta property=\"og:locale\" content=\"es_ES\" \/>\n<meta property=\"og:type\" content=\"article\" \/>\n<meta property=\"og:title\" content=\"Se viene la 17\u00b0 Feria del Libro Municipal de Berazategui - Principios\" \/>\n<meta property=\"og:description\" content=\"Del s\u00e1bado 5 al domingo 13 de octubre se realizar\u00e1 la 17\u00b0 edici\u00f3n de Librarte, la Feria del Libro de Berazategui, organizada por la Municipalidad. Se desarrollar\u00e1 de 15.00 a 21.00, en el Centro Municipal de Actividades Roberto De Vicenzo (calle 18 y 148), con entrada libre y gratuita. En esta oportunidad, se presentar\u00e1n Felipe...\" \/>\n<meta property=\"og:url\" content=\"https:\/\/diarioprincipios.com\/index.php\/2024\/10\/02\/se-viene-la-17-feria-del-libro-municipal-de-berazategui\/\" \/>\n<meta property=\"og:site_name\" content=\"Principios\" \/>\n<meta property=\"article:published_time\" content=\"2024-10-02T17:23:22+00:00\" \/>\n<meta property=\"article:modified_time\" content=\"2024-10-02T17:23:25+00:00\" \/>\n<meta property=\"og:image\" content=\"https:\/\/diarioprincipios.com\/wp-content\/uploads\/2024\/10\/SE-VIENE-LA-17\u00b0-FERIA-DEL-LIBRO-MUNICIPAL-DE-BERAZATEGUI-1-1.jpg\" \/>\n\t<meta property=\"og:image:width\" content=\"1920\" \/>\n\t<meta property=\"og:image:height\" content=\"1280\" \/>\n\t<meta property=\"og:image:type\" content=\"image\/jpeg\" \/>\n<meta name=\"author\" content=\"Hern\u00e1n L\u00f3pez\" \/>\n<meta name=\"twitter:card\" content=\"summary_large_image\" \/>\n<meta name=\"twitter:label1\" content=\"Escrito por\" \/>\n\t<meta name=\"twitter:data1\" content=\"Hern\u00e1n L\u00f3pez\" \/>\n\t<meta name=\"twitter:label2\" content=\"Tiempo de lectura\" \/>\n\t<meta name=\"twitter:data2\" content=\"2 minutos\" \/>\n<script type=\"application\/ld+json\" class=\"yoast-schema-graph\">{\"@context\":\"https:\\\/\\\/schema.org\",\"@graph\":[{\"@type\":\"Article\",\"@id\":\"https:\\\/\\\/diarioprincipios.com\\\/index.php\\\/2024\\\/10\\\/02\\\/se-viene-la-17-feria-del-libro-municipal-de-berazategui\\\/#article\",\"isPartOf\":{\"@id\":\"https:\\\/\\\/diarioprincipios.com\\\/index.php\\\/2024\\\/10\\\/02\\\/se-viene-la-17-feria-del-libro-municipal-de-berazategui\\\/\"},\"author\":{\"name\":\"Hern\u00e1n L\u00f3pez\",\"@id\":\"https:\\\/\\\/diarioprincipios.com\\\/#\\\/schema\\\/person\\\/436d5a1fd41a5e250e23ff5a6a7cb080\"},\"headline\":\"Se viene la 17\u00b0 Feria del Libro Municipal de Berazategui\",\"datePublished\":\"2024-10-02T17:23:22+00:00\",\"dateModified\":\"2024-10-02T17:23:25+00:00\",\"mainEntityOfPage\":{\"@id\":\"https:\\\/\\\/diarioprincipios.com\\\/index.php\\\/2024\\\/10\\\/02\\\/se-viene-la-17-feria-del-libro-municipal-de-berazategui\\\/\"},\"wordCount\":302,\"commentCount\":0,\"publisher\":{\"@id\":\"https:\\\/\\\/diarioprincipios.com\\\/#organization\"},\"image\":{\"@id\":\"https:\\\/\\\/diarioprincipios.com\\\/index.php\\\/2024\\\/10\\\/02\\\/se-viene-la-17-feria-del-libro-municipal-de-berazategui\\\/#primaryimage\"},\"thumbnailUrl\":\"https:\\\/\\\/diarioprincipios.com\\\/wp-content\\\/uploads\\\/2024\\\/10\\\/SE-VIENE-LA-17\u00b0-FERIA-DEL-LIBRO-MUNICIPAL-DE-BERAZATEGUI-1-1.jpg\",\"articleSection\":[\"Cultura y Educaci\u00f3n\"],\"inLanguage\":\"es\",\"potentialAction\":[{\"@type\":\"CommentAction\",\"name\":\"Comment\",\"target\":[\"https:\\\/\\\/diarioprincipios.com\\\/index.php\\\/2024\\\/10\\\/02\\\/se-viene-la-17-feria-del-libro-municipal-de-berazategui\\\/#respond\"]}]},{\"@type\":\"WebPage\",\"@id\":\"https:\\\/\\\/diarioprincipios.com\\\/index.php\\\/2024\\\/10\\\/02\\\/se-viene-la-17-feria-del-libro-municipal-de-berazategui\\\/\",\"url\":\"https:\\\/\\\/diarioprincipios.com\\\/index.php\\\/2024\\\/10\\\/02\\\/se-viene-la-17-feria-del-libro-municipal-de-berazategui\\\/\",\"name\":\"Se viene la 17\u00b0 Feria del Libro Municipal de Berazategui - Principios\",\"isPartOf\":{\"@id\":\"https:\\\/\\\/diarioprincipios.com\\\/#website\"},\"primaryImageOfPage\":{\"@id\":\"https:\\\/\\\/diarioprincipios.com\\\/index.php\\\/2024\\\/10\\\/02\\\/se-viene-la-17-feria-del-libro-municipal-de-berazategui\\\/#primaryimage\"},\"image\":{\"@id\":\"https:\\\/\\\/diarioprincipios.com\\\/index.php\\\/2024\\\/10\\\/02\\\/se-viene-la-17-feria-del-libro-municipal-de-berazategui\\\/#primaryimage\"},\"thumbnailUrl\":\"https:\\\/\\\/diarioprincipios.com\\\/wp-content\\\/uploads\\\/2024\\\/10\\\/SE-VIENE-LA-17\u00b0-FERIA-DEL-LIBRO-MUNICIPAL-DE-BERAZATEGUI-1-1.jpg\",\"datePublished\":\"2024-10-02T17:23:22+00:00\",\"dateModified\":\"2024-10-02T17:23:25+00:00\",\"breadcrumb\":{\"@id\":\"https:\\\/\\\/diarioprincipios.com\\\/index.php\\\/2024\\\/10\\\/02\\\/se-viene-la-17-feria-del-libro-municipal-de-berazategui\\\/#breadcrumb\"},\"inLanguage\":\"es\",\"potentialAction\":[{\"@type\":\"ReadAction\",\"target\":[\"https:\\\/\\\/diarioprincipios.com\\\/index.php\\\/2024\\\/10\\\/02\\\/se-viene-la-17-feria-del-libro-municipal-de-berazategui\\\/\"]}]},{\"@type\":\"ImageObject\",\"inLanguage\":\"es\",\"@id\":\"https:\\\/\\\/diarioprincipios.com\\\/index.php\\\/2024\\\/10\\\/02\\\/se-viene-la-17-feria-del-libro-municipal-de-berazategui\\\/#primaryimage\",\"url\":\"https:\\\/\\\/diarioprincipios.com\\\/wp-content\\\/uploads\\\/2024\\\/10\\\/SE-VIENE-LA-17\u00b0-FERIA-DEL-LIBRO-MUNICIPAL-DE-BERAZATEGUI-1-1.jpg\",\"contentUrl\":\"https:\\\/\\\/diarioprincipios.com\\\/wp-content\\\/uploads\\\/2024\\\/10\\\/SE-VIENE-LA-17\u00b0-FERIA-DEL-LIBRO-MUNICIPAL-DE-BERAZATEGUI-1-1.jpg\",\"width\":1920,\"height\":1280},{\"@type\":\"BreadcrumbList\",\"@id\":\"https:\\\/\\\/diarioprincipios.com\\\/index.php\\\/2024\\\/10\\\/02\\\/se-viene-la-17-feria-del-libro-municipal-de-berazategui\\\/#breadcrumb\",\"itemListElement\":[{\"@type\":\"ListItem\",\"position\":1,\"name\":\"Portada\",\"item\":\"https:\\\/\\\/diarioprincipios.com\\\/\"},{\"@type\":\"ListItem\",\"position\":2,\"name\":\"Se viene la 17\u00b0 Feria del Libro Municipal de Berazategui\"}]},{\"@type\":\"WebSite\",\"@id\":\"https:\\\/\\\/diarioprincipios.com\\\/#website\",\"url\":\"https:\\\/\\\/diarioprincipios.com\\\/\",\"name\":\"Principios\",\"description\":\"Principios Diario\",\"publisher\":{\"@id\":\"https:\\\/\\\/diarioprincipios.com\\\/#organization\"},\"potentialAction\":[{\"@type\":\"SearchAction\",\"target\":{\"@type\":\"EntryPoint\",\"urlTemplate\":\"https:\\\/\\\/diarioprincipios.com\\\/?s={search_term_string}\"},\"query-input\":{\"@type\":\"PropertyValueSpecification\",\"valueRequired\":true,\"valueName\":\"search_term_string\"}}],\"inLanguage\":\"es\"},{\"@type\":\"Organization\",\"@id\":\"https:\\\/\\\/diarioprincipios.com\\\/#organization\",\"name\":\"Principios\",\"url\":\"https:\\\/\\\/diarioprincipios.com\\\/\",\"logo\":{\"@type\":\"ImageObject\",\"inLanguage\":\"es\",\"@id\":\"https:\\\/\\\/diarioprincipios.com\\\/#\\\/schema\\\/logo\\\/image\\\/\",\"url\":\"https:\\\/\\\/diarioprincipios.com\\\/wp-content\\\/uploads\\\/2024\\\/04\\\/cropped-www.diarioprincipios.com_-1.png\",\"contentUrl\":\"https:\\\/\\\/diarioprincipios.com\\\/wp-content\\\/uploads\\\/2024\\\/04\\\/cropped-www.diarioprincipios.com_-1.png\",\"width\":5325,\"height\":1454,\"caption\":\"Principios\"},\"image\":{\"@id\":\"https:\\\/\\\/diarioprincipios.com\\\/#\\\/schema\\\/logo\\\/image\\\/\"}},{\"@type\":\"Person\",\"@id\":\"https:\\\/\\\/diarioprincipios.com\\\/#\\\/schema\\\/person\\\/436d5a1fd41a5e250e23ff5a6a7cb080\",\"name\":\"Hern\u00e1n L\u00f3pez\",\"image\":{\"@type\":\"ImageObject\",\"inLanguage\":\"es\",\"@id\":\"https:\\\/\\\/diarioprincipios.com\\\/wp-content\\\/litespeed\\\/avatar\\\/11ddfe5610ff3bd100522525b2571f48.jpg?ver=1777653193\",\"url\":\"https:\\\/\\\/diarioprincipios.com\\\/wp-content\\\/litespeed\\\/avatar\\\/11ddfe5610ff3bd100522525b2571f48.jpg?ver=1777653193\",\"contentUrl\":\"https:\\\/\\\/diarioprincipios.com\\\/wp-content\\\/litespeed\\\/avatar\\\/11ddfe5610ff3bd100522525b2571f48.jpg?ver=1777653193\",\"caption\":\"Hern\u00e1n L\u00f3pez\"},\"url\":\"https:\\\/\\\/diarioprincipios.com\\\/index.php\\\/author\\\/hernan\\\/\"}]}<\/script>\n<!-- \/ Yoast SEO plugin. -->","yoast_head_json":{"title":"Se viene la 17\u00b0 Feria del Libro Municipal de Berazategui - Principios","robots":{"index":"index","follow":"follow","max-snippet":"max-snippet:-1","max-image-preview":"max-image-preview:large","max-video-preview":"max-video-preview:-1"},"canonical":"https:\/\/diarioprincipios.com\/index.php\/2024\/10\/02\/se-viene-la-17-feria-del-libro-municipal-de-berazategui\/","og_locale":"es_ES","og_type":"article","og_title":"Se viene la 17\u00b0 Feria del Libro Municipal de Berazategui - Principios","og_description":"Del s\u00e1bado 5 al domingo 13 de octubre se realizar\u00e1 la 17\u00b0 edici\u00f3n de Librarte, la Feria del Libro de Berazategui, organizada por la Municipalidad. Se desarrollar\u00e1 de 15.00 a 21.00, en el Centro Municipal de Actividades Roberto De Vicenzo (calle 18 y 148), con entrada libre y gratuita. En esta oportunidad, se presentar\u00e1n Felipe...","og_url":"https:\/\/diarioprincipios.com\/index.php\/2024\/10\/02\/se-viene-la-17-feria-del-libro-municipal-de-berazategui\/","og_site_name":"Principios","article_published_time":"2024-10-02T17:23:22+00:00","article_modified_time":"2024-10-02T17:23:25+00:00","og_image":[{"width":1920,"height":1280,"url":"https:\/\/diarioprincipios.com\/wp-content\/uploads\/2024\/10\/SE-VIENE-LA-17\u00b0-FERIA-DEL-LIBRO-MUNICIPAL-DE-BERAZATEGUI-1-1.jpg","type":"image\/jpeg"}],"author":"Hern\u00e1n L\u00f3pez","twitter_card":"summary_large_image","twitter_misc":{"Escrito por":"Hern\u00e1n L\u00f3pez","Tiempo de lectura":"2 minutos"},"schema":{"@context":"https:\/\/schema.org","@graph":[{"@type":"Article","@id":"https:\/\/diarioprincipios.com\/index.php\/2024\/10\/02\/se-viene-la-17-feria-del-libro-municipal-de-berazategui\/#article","isPartOf":{"@id":"https:\/\/diarioprincipios.com\/index.php\/2024\/10\/02\/se-viene-la-17-feria-del-libro-municipal-de-berazategui\/"},"author":{"name":"Hern\u00e1n L\u00f3pez","@id":"https:\/\/diarioprincipios.com\/#\/schema\/person\/436d5a1fd41a5e250e23ff5a6a7cb080"},"headline":"Se viene la 17\u00b0 Feria del Libro Municipal de Berazategui","datePublished":"2024-10-02T17:23:22+00:00","dateModified":"2024-10-02T17:23:25+00:00","mainEntityOfPage":{"@id":"https:\/\/diarioprincipios.com\/index.php\/2024\/10\/02\/se-viene-la-17-feria-del-libro-municipal-de-berazategui\/"},"wordCount":302,"commentCount":0,"publisher":{"@id":"https:\/\/diarioprincipios.com\/#organization"},"image":{"@id":"https:\/\/diarioprincipios.com\/index.php\/2024\/10\/02\/se-viene-la-17-feria-del-libro-municipal-de-berazategui\/#primaryimage"},"thumbnailUrl":"https:\/\/diarioprincipios.com\/wp-content\/uploads\/2024\/10\/SE-VIENE-LA-17\u00b0-FERIA-DEL-LIBRO-MUNICIPAL-DE-BERAZATEGUI-1-1.jpg","articleSection":["Cultura y Educaci\u00f3n"],"inLanguage":"es","potentialAction":[{"@type":"CommentAction","name":"Comment","target":["https:\/\/diarioprincipios.com\/index.php\/2024\/10\/02\/se-viene-la-17-feria-del-libro-municipal-de-berazategui\/#respond"]}]},{"@type":"WebPage","@id":"https:\/\/diarioprincipios.com\/index.php\/2024\/10\/02\/se-viene-la-17-feria-del-libro-municipal-de-berazategui\/","url":"https:\/\/diarioprincipios.com\/index.php\/2024\/10\/02\/se-viene-la-17-feria-del-libro-municipal-de-berazategui\/","name":"Se viene la 17\u00b0 Feria del Libro Municipal de Berazategui - Principios","isPartOf":{"@id":"https:\/\/diarioprincipios.com\/#website"},"primaryImageOfPage":{"@id":"https:\/\/diarioprincipios.com\/index.php\/2024\/10\/02\/se-viene-la-17-feria-del-libro-municipal-de-berazategui\/#primaryimage"},"image":{"@id":"https:\/\/diarioprincipios.com\/index.php\/2024\/10\/02\/se-viene-la-17-feria-del-libro-municipal-de-berazategui\/#primaryimage"},"thumbnailUrl":"https:\/\/diarioprincipios.com\/wp-content\/uploads\/2024\/10\/SE-VIENE-LA-17\u00b0-FERIA-DEL-LIBRO-MUNICIPAL-DE-BERAZATEGUI-1-1.jpg","datePublished":"2024-10-02T17:23:22+00:00","dateModified":"2024-10-02T17:23:25+00:00","breadcrumb":{"@id":"https:\/\/diarioprincipios.com\/index.php\/2024\/10\/02\/se-viene-la-17-feria-del-libro-municipal-de-berazategui\/#breadcrumb"},"inLanguage":"es","potentialAction":[{"@type":"ReadAction","target":["https:\/\/diarioprincipios.com\/index.php\/2024\/10\/02\/se-viene-la-17-feria-del-libro-municipal-de-berazategui\/"]}]},{"@type":"ImageObject","inLanguage":"es","@id":"https:\/\/diarioprincipios.com\/index.php\/2024\/10\/02\/se-viene-la-17-feria-del-libro-municipal-de-berazategui\/#primaryimage","url":"https:\/\/diarioprincipios.com\/wp-content\/uploads\/2024\/10\/SE-VIENE-LA-17\u00b0-FERIA-DEL-LIBRO-MUNICIPAL-DE-BERAZATEGUI-1-1.jpg","contentUrl":"https:\/\/diarioprincipios.com\/wp-content\/uploads\/2024\/10\/SE-VIENE-LA-17\u00b0-FERIA-DEL-LIBRO-MUNICIPAL-DE-BERAZATEGUI-1-1.jpg","width":1920,"height":1280},{"@type":"BreadcrumbList","@id":"https:\/\/diarioprincipios.com\/index.php\/2024\/10\/02\/se-viene-la-17-feria-del-libro-municipal-de-berazategui\/#breadcrumb","itemListElement":[{"@type":"ListItem","position":1,"name":"Portada","item":"https:\/\/diarioprincipios.com\/"},{"@type":"ListItem","position":2,"name":"Se viene la 17\u00b0 Feria del Libro Municipal de Berazategui"}]},{"@type":"WebSite","@id":"https:\/\/diarioprincipios.com\/#website","url":"https:\/\/diarioprincipios.com\/","name":"Principios","description":"Principios Diario","publisher":{"@id":"https:\/\/diarioprincipios.com\/#organization"},"potentialAction":[{"@type":"SearchAction","target":{"@type":"EntryPoint","urlTemplate":"https:\/\/diarioprincipios.com\/?s={search_term_string}"},"query-input":{"@type":"PropertyValueSpecification","valueRequired":true,"valueName":"search_term_string"}}],"inLanguage":"es"},{"@type":"Organization","@id":"https:\/\/diarioprincipios.com\/#organization","name":"Principios","url":"https:\/\/diarioprincipios.com\/","logo":{"@type":"ImageObject","inLanguage":"es","@id":"https:\/\/diarioprincipios.com\/#\/schema\/logo\/image\/","url":"https:\/\/diarioprincipios.com\/wp-content\/uploads\/2024\/04\/cropped-www.diarioprincipios.com_-1.png","contentUrl":"https:\/\/diarioprincipios.com\/wp-content\/uploads\/2024\/04\/cropped-www.diarioprincipios.com_-1.png","width":5325,"height":1454,"caption":"Principios"},"image":{"@id":"https:\/\/diarioprincipios.com\/#\/schema\/logo\/image\/"}},{"@type":"Person","@id":"https:\/\/diarioprincipios.com\/#\/schema\/person\/436d5a1fd41a5e250e23ff5a6a7cb080","name":"Hern\u00e1n L\u00f3pez","image":{"@type":"ImageObject","inLanguage":"es","@id":"https:\/\/diarioprincipios.com\/wp-content\/litespeed\/avatar\/11ddfe5610ff3bd100522525b2571f48.jpg?ver=1777653193","url":"https:\/\/diarioprincipios.com\/wp-content\/litespeed\/avatar\/11ddfe5610ff3bd100522525b2571f48.jpg?ver=1777653193","contentUrl":"https:\/\/diarioprincipios.com\/wp-content\/litespeed\/avatar\/11ddfe5610ff3bd100522525b2571f48.jpg?ver=1777653193","caption":"Hern\u00e1n L\u00f3pez"},"url":"https:\/\/diarioprincipios.com\/index.php\/author\/hernan\/"}]}},"jetpack_featured_media_url":"https:\/\/diarioprincipios.com\/wp-content\/uploads\/2024\/10\/SE-VIENE-LA-17\u00b0-FERIA-DEL-LIBRO-MUNICIPAL-DE-BERAZATEGUI-1-1.jpg","_links":{"self":[{"href":"https:\/\/diarioprincipios.com\/index.php\/wp-json\/wp\/v2\/posts\/23177","targetHints":{"allow":["GET"]}}],"collection":[{"href":"https:\/\/diarioprincipios.com\/index.php\/wp-json\/wp\/v2\/posts"}],"about":[{"href":"https:\/\/diarioprincipios.com\/index.php\/wp-json\/wp\/v2\/types\/post"}],"author":[{"embeddable":true,"href":"https:\/\/diarioprincipios.com\/index.php\/wp-json\/wp\/v2\/users\/2"}],"replies":[{"embeddable":true,"href":"https:\/\/diarioprincipios.com\/index.php\/wp-json\/wp\/v2\/comments?post=23177"}],"version-history":[{"count":1,"href":"https:\/\/diarioprincipios.com\/index.php\/wp-json\/wp\/v2\/posts\/23177\/revisions"}],"predecessor-version":[{"id":23181,"href":"https:\/\/diarioprincipios.com\/index.php\/wp-json\/wp\/v2\/posts\/23177\/revisions\/23181"}],"wp:featuredmedia":[{"embeddable":true,"href":"https:\/\/diarioprincipios.com\/index.php\/wp-json\/wp\/v2\/media\/23180"}],"wp:attachment":[{"href":"https:\/\/diarioprincipios.com\/index.php\/wp-json\/wp\/v2\/media?parent=23177"}],"wp:term":[{"taxonomy":"category","embeddable":true,"href":"https:\/\/diarioprincipios.com\/index.php\/wp-json\/wp\/v2\/categories?post=23177"},{"taxonomy":"post_tag","embeddable":true,"href":"https:\/\/diarioprincipios.com\/index.php\/wp-json\/wp\/v2\/tags?post=23177"}],"curies":[{"name":"wp","href":"https:\/\/api.w.org\/{rel}","templated":true}]}}