{"id":23172,"date":"2024-10-02T14:16:17","date_gmt":"2024-10-02T17:16:17","guid":{"rendered":"http:\/\/diarioprincipios.com\/?p=23172"},"modified":"2024-10-02T14:16:19","modified_gmt":"2024-10-02T17:16:19","slug":"se-inauguro-el-26-salon-nacional-del-vidrio-en-el-arte","status":"publish","type":"post","link":"https:\/\/diarioprincipios.com\/index.php\/2024\/10\/02\/se-inauguro-el-26-salon-nacional-del-vidrio-en-el-arte\/","title":{"rendered":"Se inaugur\u00f3 el 26\u00b0 Sal\u00f3n Nacional del Vidrio en el Arte"},"content":{"rendered":"\n<p><strong>El s\u00e1bado 28 de septiembre se inaugur\u00f3 el 26\u00b0 Sal\u00f3n Nacional del Vidrio en el Arte. El evento, impulsado e inaugurado por el intendente de Berazategui, Juan Jos\u00e9 Mussi, exhibe 88 piezas de artistas argentinos y de Am\u00e9rica Latina.<\/strong><br>El Sal\u00f3n se puede visitar, de manera gratuita, en el Museo del Vidrio (MuVi) -que funciona en el Complejo Cultural Municipal San Francisco (calle 149 y 23)- hasta el 1 de noviembre: los jueves y viernes de 10.00 a 17.00; y s\u00e1bados y domingos de 12.00 a 18.00.<\/p>\n\n\n\n<figure class=\"wp-block-image size-large\"><img loading=\"lazy\" decoding=\"async\" width=\"1024\" height=\"683\" src=\"https:\/\/diarioprincipios.com\/wp-content\/uploads\/2024\/10\/SE-INAUGURO-EL-26-SALON-NACIONAL-DEL-VIDRIO-EN-EL-ARTE-1-1024x683.jpg\" alt=\"\" class=\"wp-image-23173\" srcset=\"https:\/\/diarioprincipios.com\/wp-content\/uploads\/2024\/10\/SE-INAUGURO-EL-26-SALON-NACIONAL-DEL-VIDRIO-EN-EL-ARTE-1-1024x683.jpg 1024w, https:\/\/diarioprincipios.com\/wp-content\/uploads\/2024\/10\/SE-INAUGURO-EL-26-SALON-NACIONAL-DEL-VIDRIO-EN-EL-ARTE-1-300x200.jpg 300w, https:\/\/diarioprincipios.com\/wp-content\/uploads\/2024\/10\/SE-INAUGURO-EL-26-SALON-NACIONAL-DEL-VIDRIO-EN-EL-ARTE-1-768x512.jpg 768w, https:\/\/diarioprincipios.com\/wp-content\/uploads\/2024\/10\/SE-INAUGURO-EL-26-SALON-NACIONAL-DEL-VIDRIO-EN-EL-ARTE-1-1536x1024.jpg 1536w, https:\/\/diarioprincipios.com\/wp-content\/uploads\/2024\/10\/SE-INAUGURO-EL-26-SALON-NACIONAL-DEL-VIDRIO-EN-EL-ARTE-1-600x400.jpg 600w, https:\/\/diarioprincipios.com\/wp-content\/uploads\/2024\/10\/SE-INAUGURO-EL-26-SALON-NACIONAL-DEL-VIDRIO-EN-EL-ARTE-1.jpg 1920w\" sizes=\"auto, (max-width: 1024px) 100vw, 1024px\" \/><\/figure>\n\n\n\n<p><br>\u201cCada vez me siento m\u00e1s orgulloso de la cultura de Berazategui. Vamos a seguir apostando a todo esto que nos genera orgullo y logra que los chicos y chicas de las escuelas se acerquen a aprender m\u00e1s sobre el vidrio. Estoy feliz y agradecido con todos los que hacen posible el Sal\u00f3n\u201d, expres\u00f3 Mussi.<br>Por su parte, el secretario de Cultura y Educaci\u00f3n, Federico L\u00f3pez, destac\u00f3: \u201cEste es un lugar p\u00fablico de excelencia, que permite visibilizar el arte en vidrio. Nos pone muy felices que siga creciendo. Gracias al Intendente por el acompa\u00f1amiento permanente y por darle un lugar central a la cultura\u201d.<\/p>\n\n\n\n<figure class=\"wp-block-image size-large\"><img loading=\"lazy\" decoding=\"async\" width=\"1024\" height=\"683\" src=\"https:\/\/diarioprincipios.com\/wp-content\/uploads\/2024\/10\/SE-INAUGURO-EL-26-SALON-NACIONAL-DEL-VIDRIO-EN-EL-ARTE-1-1-1024x683.jpg\" alt=\"\" class=\"wp-image-23174\" srcset=\"https:\/\/diarioprincipios.com\/wp-content\/uploads\/2024\/10\/SE-INAUGURO-EL-26-SALON-NACIONAL-DEL-VIDRIO-EN-EL-ARTE-1-1-1024x683.jpg 1024w, https:\/\/diarioprincipios.com\/wp-content\/uploads\/2024\/10\/SE-INAUGURO-EL-26-SALON-NACIONAL-DEL-VIDRIO-EN-EL-ARTE-1-1-300x200.jpg 300w, https:\/\/diarioprincipios.com\/wp-content\/uploads\/2024\/10\/SE-INAUGURO-EL-26-SALON-NACIONAL-DEL-VIDRIO-EN-EL-ARTE-1-1-768x512.jpg 768w, https:\/\/diarioprincipios.com\/wp-content\/uploads\/2024\/10\/SE-INAUGURO-EL-26-SALON-NACIONAL-DEL-VIDRIO-EN-EL-ARTE-1-1-1536x1024.jpg 1536w, https:\/\/diarioprincipios.com\/wp-content\/uploads\/2024\/10\/SE-INAUGURO-EL-26-SALON-NACIONAL-DEL-VIDRIO-EN-EL-ARTE-1-1-600x400.jpg 600w, https:\/\/diarioprincipios.com\/wp-content\/uploads\/2024\/10\/SE-INAUGURO-EL-26-SALON-NACIONAL-DEL-VIDRIO-EN-EL-ARTE-1-1.jpg 1920w\" sizes=\"auto, (max-width: 1024px) 100vw, 1024px\" \/><\/figure>\n\n\n\n<p><br>Desde 1994 se organiza el Sal\u00f3n con el objetivo de impulsar la t\u00e9cnica, la creatividad y la expresi\u00f3n art\u00edstica en vidrio. La relevancia de esta industria en el desarrollo hist\u00f3rico del distrito se transform\u00f3 en uno de los referentes identitarios de la comunidad. En esta 26\u00b0 edici\u00f3n, la obra ganadora es \u201cAtrapados en la esperanza\u201d de la artista de la Ciudad de Buenos Aires, Mar\u00eda Elisa Grisol\u00eda. La misma fue adquirida por el Municipio para integrar la colecci\u00f3n de arte contempor\u00e1neo con el resto de las piezas ganadoras en las ediciones anteriores.<\/p>\n","protected":false},"excerpt":{"rendered":"<p>El s\u00e1bado 28 de septiembre se inaugur\u00f3 el 26\u00b0 Sal\u00f3n Nacional del Vidrio en el Arte. El evento, impulsado e inaugurado por el intendente de Berazategui, Juan Jos\u00e9 Mussi, exhibe 88 piezas de artistas argentinos y de Am\u00e9rica Latina.El Sal\u00f3n se puede visitar, de manera gratuita, en el Museo del Vidrio (MuVi) -que funciona en&#8230;<\/p>\n","protected":false},"author":2,"featured_media":23175,"comment_status":"open","ping_status":"open","sticky":false,"template":"","format":"standard","meta":{"footnotes":""},"categories":[3,19],"tags":[],"class_list":["post-23172","post","type-post","status-publish","format-standard","has-post-thumbnail","hentry","category-berazategui","category-cultura-educacion"],"featured_image_src":"https:\/\/diarioprincipios.com\/wp-content\/uploads\/2024\/10\/SE-INAUGURO-EL-26-SALON-NACIONAL-DEL-VIDRIO-EN-EL-ARTE-3-1-1024x687.jpg","blog_images":{"medium":"https:\/\/diarioprincipios.com\/wp-content\/uploads\/2024\/10\/SE-INAUGURO-EL-26-SALON-NACIONAL-DEL-VIDRIO-EN-EL-ARTE-3-1-300x201.jpg","large":"https:\/\/diarioprincipios.com\/wp-content\/uploads\/2024\/10\/SE-INAUGURO-EL-26-SALON-NACIONAL-DEL-VIDRIO-EN-EL-ARTE-3-1-1024x687.jpg"},"ams_acf":[],"yoast_head":"<!-- This site is optimized with the Yoast SEO plugin v27.3 - https:\/\/yoast.com\/product\/yoast-seo-wordpress\/ -->\n<title>Se inaugur\u00f3 el 26\u00b0 Sal\u00f3n Nacional del Vidrio en el Arte - Principios<\/title>\n<meta name=\"robots\" content=\"index, follow, max-snippet:-1, max-image-preview:large, max-video-preview:-1\" \/>\n<link rel=\"canonical\" href=\"https:\/\/diarioprincipios.com\/index.php\/2024\/10\/02\/se-inauguro-el-26-salon-nacional-del-vidrio-en-el-arte\/\" \/>\n<meta property=\"og:locale\" content=\"es_ES\" \/>\n<meta property=\"og:type\" content=\"article\" \/>\n<meta property=\"og:title\" content=\"Se inaugur\u00f3 el 26\u00b0 Sal\u00f3n Nacional del Vidrio en el Arte - Principios\" \/>\n<meta property=\"og:description\" content=\"El s\u00e1bado 28 de septiembre se inaugur\u00f3 el 26\u00b0 Sal\u00f3n Nacional del Vidrio en el Arte. El evento, impulsado e inaugurado por el intendente de Berazategui, Juan Jos\u00e9 Mussi, exhibe 88 piezas de artistas argentinos y de Am\u00e9rica Latina.El Sal\u00f3n se puede visitar, de manera gratuita, en el Museo del Vidrio (MuVi) -que funciona en...\" \/>\n<meta property=\"og:url\" content=\"https:\/\/diarioprincipios.com\/index.php\/2024\/10\/02\/se-inauguro-el-26-salon-nacional-del-vidrio-en-el-arte\/\" \/>\n<meta property=\"og:site_name\" content=\"Principios\" \/>\n<meta property=\"article:published_time\" content=\"2024-10-02T17:16:17+00:00\" \/>\n<meta property=\"article:modified_time\" content=\"2024-10-02T17:16:19+00:00\" \/>\n<meta property=\"og:image\" content=\"https:\/\/diarioprincipios.com\/wp-content\/uploads\/2024\/10\/SE-INAUGURO-EL-26-SALON-NACIONAL-DEL-VIDRIO-EN-EL-ARTE-3-1.jpg\" \/>\n\t<meta property=\"og:image:width\" content=\"1920\" \/>\n\t<meta property=\"og:image:height\" content=\"1289\" \/>\n\t<meta property=\"og:image:type\" content=\"image\/jpeg\" \/>\n<meta name=\"author\" content=\"Hern\u00e1n L\u00f3pez\" \/>\n<meta name=\"twitter:card\" content=\"summary_large_image\" \/>\n<meta name=\"twitter:label1\" content=\"Escrito por\" \/>\n\t<meta name=\"twitter:data1\" content=\"Hern\u00e1n L\u00f3pez\" \/>\n\t<meta name=\"twitter:label2\" content=\"Tiempo de lectura\" \/>\n\t<meta name=\"twitter:data2\" content=\"2 minutos\" \/>\n<script type=\"application\/ld+json\" class=\"yoast-schema-graph\">{\"@context\":\"https:\\\/\\\/schema.org\",\"@graph\":[{\"@type\":\"Article\",\"@id\":\"https:\\\/\\\/diarioprincipios.com\\\/index.php\\\/2024\\\/10\\\/02\\\/se-inauguro-el-26-salon-nacional-del-vidrio-en-el-arte\\\/#article\",\"isPartOf\":{\"@id\":\"https:\\\/\\\/diarioprincipios.com\\\/index.php\\\/2024\\\/10\\\/02\\\/se-inauguro-el-26-salon-nacional-del-vidrio-en-el-arte\\\/\"},\"author\":{\"name\":\"Hern\u00e1n L\u00f3pez\",\"@id\":\"https:\\\/\\\/diarioprincipios.com\\\/#\\\/schema\\\/person\\\/436d5a1fd41a5e250e23ff5a6a7cb080\"},\"headline\":\"Se inaugur\u00f3 el 26\u00b0 Sal\u00f3n Nacional del Vidrio en el Arte\",\"datePublished\":\"2024-10-02T17:16:17+00:00\",\"dateModified\":\"2024-10-02T17:16:19+00:00\",\"mainEntityOfPage\":{\"@id\":\"https:\\\/\\\/diarioprincipios.com\\\/index.php\\\/2024\\\/10\\\/02\\\/se-inauguro-el-26-salon-nacional-del-vidrio-en-el-arte\\\/\"},\"wordCount\":304,\"commentCount\":0,\"publisher\":{\"@id\":\"https:\\\/\\\/diarioprincipios.com\\\/#organization\"},\"image\":{\"@id\":\"https:\\\/\\\/diarioprincipios.com\\\/index.php\\\/2024\\\/10\\\/02\\\/se-inauguro-el-26-salon-nacional-del-vidrio-en-el-arte\\\/#primaryimage\"},\"thumbnailUrl\":\"https:\\\/\\\/diarioprincipios.com\\\/wp-content\\\/uploads\\\/2024\\\/10\\\/SE-INAUGURO-EL-26-SALON-NACIONAL-DEL-VIDRIO-EN-EL-ARTE-3-1.jpg\",\"articleSection\":[\"Berazategui\",\"Cultura y Educaci\u00f3n\"],\"inLanguage\":\"es\",\"potentialAction\":[{\"@type\":\"CommentAction\",\"name\":\"Comment\",\"target\":[\"https:\\\/\\\/diarioprincipios.com\\\/index.php\\\/2024\\\/10\\\/02\\\/se-inauguro-el-26-salon-nacional-del-vidrio-en-el-arte\\\/#respond\"]}]},{\"@type\":\"WebPage\",\"@id\":\"https:\\\/\\\/diarioprincipios.com\\\/index.php\\\/2024\\\/10\\\/02\\\/se-inauguro-el-26-salon-nacional-del-vidrio-en-el-arte\\\/\",\"url\":\"https:\\\/\\\/diarioprincipios.com\\\/index.php\\\/2024\\\/10\\\/02\\\/se-inauguro-el-26-salon-nacional-del-vidrio-en-el-arte\\\/\",\"name\":\"Se inaugur\u00f3 el 26\u00b0 Sal\u00f3n Nacional del Vidrio en el Arte - Principios\",\"isPartOf\":{\"@id\":\"https:\\\/\\\/diarioprincipios.com\\\/#website\"},\"primaryImageOfPage\":{\"@id\":\"https:\\\/\\\/diarioprincipios.com\\\/index.php\\\/2024\\\/10\\\/02\\\/se-inauguro-el-26-salon-nacional-del-vidrio-en-el-arte\\\/#primaryimage\"},\"image\":{\"@id\":\"https:\\\/\\\/diarioprincipios.com\\\/index.php\\\/2024\\\/10\\\/02\\\/se-inauguro-el-26-salon-nacional-del-vidrio-en-el-arte\\\/#primaryimage\"},\"thumbnailUrl\":\"https:\\\/\\\/diarioprincipios.com\\\/wp-content\\\/uploads\\\/2024\\\/10\\\/SE-INAUGURO-EL-26-SALON-NACIONAL-DEL-VIDRIO-EN-EL-ARTE-3-1.jpg\",\"datePublished\":\"2024-10-02T17:16:17+00:00\",\"dateModified\":\"2024-10-02T17:16:19+00:00\",\"breadcrumb\":{\"@id\":\"https:\\\/\\\/diarioprincipios.com\\\/index.php\\\/2024\\\/10\\\/02\\\/se-inauguro-el-26-salon-nacional-del-vidrio-en-el-arte\\\/#breadcrumb\"},\"inLanguage\":\"es\",\"potentialAction\":[{\"@type\":\"ReadAction\",\"target\":[\"https:\\\/\\\/diarioprincipios.com\\\/index.php\\\/2024\\\/10\\\/02\\\/se-inauguro-el-26-salon-nacional-del-vidrio-en-el-arte\\\/\"]}]},{\"@type\":\"ImageObject\",\"inLanguage\":\"es\",\"@id\":\"https:\\\/\\\/diarioprincipios.com\\\/index.php\\\/2024\\\/10\\\/02\\\/se-inauguro-el-26-salon-nacional-del-vidrio-en-el-arte\\\/#primaryimage\",\"url\":\"https:\\\/\\\/diarioprincipios.com\\\/wp-content\\\/uploads\\\/2024\\\/10\\\/SE-INAUGURO-EL-26-SALON-NACIONAL-DEL-VIDRIO-EN-EL-ARTE-3-1.jpg\",\"contentUrl\":\"https:\\\/\\\/diarioprincipios.com\\\/wp-content\\\/uploads\\\/2024\\\/10\\\/SE-INAUGURO-EL-26-SALON-NACIONAL-DEL-VIDRIO-EN-EL-ARTE-3-1.jpg\",\"width\":1920,\"height\":1289},{\"@type\":\"BreadcrumbList\",\"@id\":\"https:\\\/\\\/diarioprincipios.com\\\/index.php\\\/2024\\\/10\\\/02\\\/se-inauguro-el-26-salon-nacional-del-vidrio-en-el-arte\\\/#breadcrumb\",\"itemListElement\":[{\"@type\":\"ListItem\",\"position\":1,\"name\":\"Portada\",\"item\":\"https:\\\/\\\/diarioprincipios.com\\\/\"},{\"@type\":\"ListItem\",\"position\":2,\"name\":\"Se inaugur\u00f3 el 26\u00b0 Sal\u00f3n Nacional del Vidrio en el Arte\"}]},{\"@type\":\"WebSite\",\"@id\":\"https:\\\/\\\/diarioprincipios.com\\\/#website\",\"url\":\"https:\\\/\\\/diarioprincipios.com\\\/\",\"name\":\"Principios\",\"description\":\"Principios Diario\",\"publisher\":{\"@id\":\"https:\\\/\\\/diarioprincipios.com\\\/#organization\"},\"potentialAction\":[{\"@type\":\"SearchAction\",\"target\":{\"@type\":\"EntryPoint\",\"urlTemplate\":\"https:\\\/\\\/diarioprincipios.com\\\/?s={search_term_string}\"},\"query-input\":{\"@type\":\"PropertyValueSpecification\",\"valueRequired\":true,\"valueName\":\"search_term_string\"}}],\"inLanguage\":\"es\"},{\"@type\":\"Organization\",\"@id\":\"https:\\\/\\\/diarioprincipios.com\\\/#organization\",\"name\":\"Principios\",\"url\":\"https:\\\/\\\/diarioprincipios.com\\\/\",\"logo\":{\"@type\":\"ImageObject\",\"inLanguage\":\"es\",\"@id\":\"https:\\\/\\\/diarioprincipios.com\\\/#\\\/schema\\\/logo\\\/image\\\/\",\"url\":\"https:\\\/\\\/diarioprincipios.com\\\/wp-content\\\/uploads\\\/2024\\\/04\\\/cropped-www.diarioprincipios.com_-1.png\",\"contentUrl\":\"https:\\\/\\\/diarioprincipios.com\\\/wp-content\\\/uploads\\\/2024\\\/04\\\/cropped-www.diarioprincipios.com_-1.png\",\"width\":5325,\"height\":1454,\"caption\":\"Principios\"},\"image\":{\"@id\":\"https:\\\/\\\/diarioprincipios.com\\\/#\\\/schema\\\/logo\\\/image\\\/\"}},{\"@type\":\"Person\",\"@id\":\"https:\\\/\\\/diarioprincipios.com\\\/#\\\/schema\\\/person\\\/436d5a1fd41a5e250e23ff5a6a7cb080\",\"name\":\"Hern\u00e1n L\u00f3pez\",\"image\":{\"@type\":\"ImageObject\",\"inLanguage\":\"es\",\"@id\":\"https:\\\/\\\/diarioprincipios.com\\\/wp-content\\\/litespeed\\\/avatar\\\/11ddfe5610ff3bd100522525b2571f48.jpg?ver=1777048341\",\"url\":\"https:\\\/\\\/diarioprincipios.com\\\/wp-content\\\/litespeed\\\/avatar\\\/11ddfe5610ff3bd100522525b2571f48.jpg?ver=1777048341\",\"contentUrl\":\"https:\\\/\\\/diarioprincipios.com\\\/wp-content\\\/litespeed\\\/avatar\\\/11ddfe5610ff3bd100522525b2571f48.jpg?ver=1777048341\",\"caption\":\"Hern\u00e1n L\u00f3pez\"},\"url\":\"https:\\\/\\\/diarioprincipios.com\\\/index.php\\\/author\\\/hernan\\\/\"}]}<\/script>\n<!-- \/ Yoast SEO plugin. -->","yoast_head_json":{"title":"Se inaugur\u00f3 el 26\u00b0 Sal\u00f3n Nacional del Vidrio en el Arte - Principios","robots":{"index":"index","follow":"follow","max-snippet":"max-snippet:-1","max-image-preview":"max-image-preview:large","max-video-preview":"max-video-preview:-1"},"canonical":"https:\/\/diarioprincipios.com\/index.php\/2024\/10\/02\/se-inauguro-el-26-salon-nacional-del-vidrio-en-el-arte\/","og_locale":"es_ES","og_type":"article","og_title":"Se inaugur\u00f3 el 26\u00b0 Sal\u00f3n Nacional del Vidrio en el Arte - Principios","og_description":"El s\u00e1bado 28 de septiembre se inaugur\u00f3 el 26\u00b0 Sal\u00f3n Nacional del Vidrio en el Arte. El evento, impulsado e inaugurado por el intendente de Berazategui, Juan Jos\u00e9 Mussi, exhibe 88 piezas de artistas argentinos y de Am\u00e9rica Latina.El Sal\u00f3n se puede visitar, de manera gratuita, en el Museo del Vidrio (MuVi) -que funciona en...","og_url":"https:\/\/diarioprincipios.com\/index.php\/2024\/10\/02\/se-inauguro-el-26-salon-nacional-del-vidrio-en-el-arte\/","og_site_name":"Principios","article_published_time":"2024-10-02T17:16:17+00:00","article_modified_time":"2024-10-02T17:16:19+00:00","og_image":[{"width":1920,"height":1289,"url":"https:\/\/diarioprincipios.com\/wp-content\/uploads\/2024\/10\/SE-INAUGURO-EL-26-SALON-NACIONAL-DEL-VIDRIO-EN-EL-ARTE-3-1.jpg","type":"image\/jpeg"}],"author":"Hern\u00e1n L\u00f3pez","twitter_card":"summary_large_image","twitter_misc":{"Escrito por":"Hern\u00e1n L\u00f3pez","Tiempo de lectura":"2 minutos"},"schema":{"@context":"https:\/\/schema.org","@graph":[{"@type":"Article","@id":"https:\/\/diarioprincipios.com\/index.php\/2024\/10\/02\/se-inauguro-el-26-salon-nacional-del-vidrio-en-el-arte\/#article","isPartOf":{"@id":"https:\/\/diarioprincipios.com\/index.php\/2024\/10\/02\/se-inauguro-el-26-salon-nacional-del-vidrio-en-el-arte\/"},"author":{"name":"Hern\u00e1n L\u00f3pez","@id":"https:\/\/diarioprincipios.com\/#\/schema\/person\/436d5a1fd41a5e250e23ff5a6a7cb080"},"headline":"Se inaugur\u00f3 el 26\u00b0 Sal\u00f3n Nacional del Vidrio en el Arte","datePublished":"2024-10-02T17:16:17+00:00","dateModified":"2024-10-02T17:16:19+00:00","mainEntityOfPage":{"@id":"https:\/\/diarioprincipios.com\/index.php\/2024\/10\/02\/se-inauguro-el-26-salon-nacional-del-vidrio-en-el-arte\/"},"wordCount":304,"commentCount":0,"publisher":{"@id":"https:\/\/diarioprincipios.com\/#organization"},"image":{"@id":"https:\/\/diarioprincipios.com\/index.php\/2024\/10\/02\/se-inauguro-el-26-salon-nacional-del-vidrio-en-el-arte\/#primaryimage"},"thumbnailUrl":"https:\/\/diarioprincipios.com\/wp-content\/uploads\/2024\/10\/SE-INAUGURO-EL-26-SALON-NACIONAL-DEL-VIDRIO-EN-EL-ARTE-3-1.jpg","articleSection":["Berazategui","Cultura y Educaci\u00f3n"],"inLanguage":"es","potentialAction":[{"@type":"CommentAction","name":"Comment","target":["https:\/\/diarioprincipios.com\/index.php\/2024\/10\/02\/se-inauguro-el-26-salon-nacional-del-vidrio-en-el-arte\/#respond"]}]},{"@type":"WebPage","@id":"https:\/\/diarioprincipios.com\/index.php\/2024\/10\/02\/se-inauguro-el-26-salon-nacional-del-vidrio-en-el-arte\/","url":"https:\/\/diarioprincipios.com\/index.php\/2024\/10\/02\/se-inauguro-el-26-salon-nacional-del-vidrio-en-el-arte\/","name":"Se inaugur\u00f3 el 26\u00b0 Sal\u00f3n Nacional del Vidrio en el Arte - Principios","isPartOf":{"@id":"https:\/\/diarioprincipios.com\/#website"},"primaryImageOfPage":{"@id":"https:\/\/diarioprincipios.com\/index.php\/2024\/10\/02\/se-inauguro-el-26-salon-nacional-del-vidrio-en-el-arte\/#primaryimage"},"image":{"@id":"https:\/\/diarioprincipios.com\/index.php\/2024\/10\/02\/se-inauguro-el-26-salon-nacional-del-vidrio-en-el-arte\/#primaryimage"},"thumbnailUrl":"https:\/\/diarioprincipios.com\/wp-content\/uploads\/2024\/10\/SE-INAUGURO-EL-26-SALON-NACIONAL-DEL-VIDRIO-EN-EL-ARTE-3-1.jpg","datePublished":"2024-10-02T17:16:17+00:00","dateModified":"2024-10-02T17:16:19+00:00","breadcrumb":{"@id":"https:\/\/diarioprincipios.com\/index.php\/2024\/10\/02\/se-inauguro-el-26-salon-nacional-del-vidrio-en-el-arte\/#breadcrumb"},"inLanguage":"es","potentialAction":[{"@type":"ReadAction","target":["https:\/\/diarioprincipios.com\/index.php\/2024\/10\/02\/se-inauguro-el-26-salon-nacional-del-vidrio-en-el-arte\/"]}]},{"@type":"ImageObject","inLanguage":"es","@id":"https:\/\/diarioprincipios.com\/index.php\/2024\/10\/02\/se-inauguro-el-26-salon-nacional-del-vidrio-en-el-arte\/#primaryimage","url":"https:\/\/diarioprincipios.com\/wp-content\/uploads\/2024\/10\/SE-INAUGURO-EL-26-SALON-NACIONAL-DEL-VIDRIO-EN-EL-ARTE-3-1.jpg","contentUrl":"https:\/\/diarioprincipios.com\/wp-content\/uploads\/2024\/10\/SE-INAUGURO-EL-26-SALON-NACIONAL-DEL-VIDRIO-EN-EL-ARTE-3-1.jpg","width":1920,"height":1289},{"@type":"BreadcrumbList","@id":"https:\/\/diarioprincipios.com\/index.php\/2024\/10\/02\/se-inauguro-el-26-salon-nacional-del-vidrio-en-el-arte\/#breadcrumb","itemListElement":[{"@type":"ListItem","position":1,"name":"Portada","item":"https:\/\/diarioprincipios.com\/"},{"@type":"ListItem","position":2,"name":"Se inaugur\u00f3 el 26\u00b0 Sal\u00f3n Nacional del Vidrio en el Arte"}]},{"@type":"WebSite","@id":"https:\/\/diarioprincipios.com\/#website","url":"https:\/\/diarioprincipios.com\/","name":"Principios","description":"Principios Diario","publisher":{"@id":"https:\/\/diarioprincipios.com\/#organization"},"potentialAction":[{"@type":"SearchAction","target":{"@type":"EntryPoint","urlTemplate":"https:\/\/diarioprincipios.com\/?s={search_term_string}"},"query-input":{"@type":"PropertyValueSpecification","valueRequired":true,"valueName":"search_term_string"}}],"inLanguage":"es"},{"@type":"Organization","@id":"https:\/\/diarioprincipios.com\/#organization","name":"Principios","url":"https:\/\/diarioprincipios.com\/","logo":{"@type":"ImageObject","inLanguage":"es","@id":"https:\/\/diarioprincipios.com\/#\/schema\/logo\/image\/","url":"https:\/\/diarioprincipios.com\/wp-content\/uploads\/2024\/04\/cropped-www.diarioprincipios.com_-1.png","contentUrl":"https:\/\/diarioprincipios.com\/wp-content\/uploads\/2024\/04\/cropped-www.diarioprincipios.com_-1.png","width":5325,"height":1454,"caption":"Principios"},"image":{"@id":"https:\/\/diarioprincipios.com\/#\/schema\/logo\/image\/"}},{"@type":"Person","@id":"https:\/\/diarioprincipios.com\/#\/schema\/person\/436d5a1fd41a5e250e23ff5a6a7cb080","name":"Hern\u00e1n L\u00f3pez","image":{"@type":"ImageObject","inLanguage":"es","@id":"https:\/\/diarioprincipios.com\/wp-content\/litespeed\/avatar\/11ddfe5610ff3bd100522525b2571f48.jpg?ver=1777048341","url":"https:\/\/diarioprincipios.com\/wp-content\/litespeed\/avatar\/11ddfe5610ff3bd100522525b2571f48.jpg?ver=1777048341","contentUrl":"https:\/\/diarioprincipios.com\/wp-content\/litespeed\/avatar\/11ddfe5610ff3bd100522525b2571f48.jpg?ver=1777048341","caption":"Hern\u00e1n L\u00f3pez"},"url":"https:\/\/diarioprincipios.com\/index.php\/author\/hernan\/"}]}},"jetpack_featured_media_url":"https:\/\/diarioprincipios.com\/wp-content\/uploads\/2024\/10\/SE-INAUGURO-EL-26-SALON-NACIONAL-DEL-VIDRIO-EN-EL-ARTE-3-1.jpg","_links":{"self":[{"href":"https:\/\/diarioprincipios.com\/index.php\/wp-json\/wp\/v2\/posts\/23172","targetHints":{"allow":["GET"]}}],"collection":[{"href":"https:\/\/diarioprincipios.com\/index.php\/wp-json\/wp\/v2\/posts"}],"about":[{"href":"https:\/\/diarioprincipios.com\/index.php\/wp-json\/wp\/v2\/types\/post"}],"author":[{"embeddable":true,"href":"https:\/\/diarioprincipios.com\/index.php\/wp-json\/wp\/v2\/users\/2"}],"replies":[{"embeddable":true,"href":"https:\/\/diarioprincipios.com\/index.php\/wp-json\/wp\/v2\/comments?post=23172"}],"version-history":[{"count":1,"href":"https:\/\/diarioprincipios.com\/index.php\/wp-json\/wp\/v2\/posts\/23172\/revisions"}],"predecessor-version":[{"id":23176,"href":"https:\/\/diarioprincipios.com\/index.php\/wp-json\/wp\/v2\/posts\/23172\/revisions\/23176"}],"wp:featuredmedia":[{"embeddable":true,"href":"https:\/\/diarioprincipios.com\/index.php\/wp-json\/wp\/v2\/media\/23175"}],"wp:attachment":[{"href":"https:\/\/diarioprincipios.com\/index.php\/wp-json\/wp\/v2\/media?parent=23172"}],"wp:term":[{"taxonomy":"category","embeddable":true,"href":"https:\/\/diarioprincipios.com\/index.php\/wp-json\/wp\/v2\/categories?post=23172"},{"taxonomy":"post_tag","embeddable":true,"href":"https:\/\/diarioprincipios.com\/index.php\/wp-json\/wp\/v2\/tags?post=23172"}],"curies":[{"name":"wp","href":"https:\/\/api.w.org\/{rel}","templated":true}]}}