{"id":23166,"date":"2024-10-02T14:03:56","date_gmt":"2024-10-02T17:03:56","guid":{"rendered":"http:\/\/diarioprincipios.com\/?p=23166"},"modified":"2024-10-02T14:17:20","modified_gmt":"2024-10-02T17:17:20","slug":"10-escuelas-primarias-de-jornada-completa-recibieron-kits-de-utiles-y-guardapolvos","status":"publish","type":"post","link":"https:\/\/diarioprincipios.com\/index.php\/2024\/10\/02\/10-escuelas-primarias-de-jornada-completa-recibieron-kits-de-utiles-y-guardapolvos\/","title":{"rendered":"10 Escuelas Primarias de Jornada Completa recibieron Kits De \u00datiles y Guardapolvos"},"content":{"rendered":"\n<p><strong>Se entregaron kits de \u00fatiles y guardapolvos escolares para las diez Escuelas Primarias de Berazategui que recientemente comenzaron a ser de jornada completa. El intendente Juan Jos\u00e9 Mussi encabez\u00f3 el acto, acompa\u00f1ado de la comunidad educativa.<\/strong><\/p>\n\n\n\n<figure class=\"wp-block-image size-large\"><img loading=\"lazy\" decoding=\"async\" width=\"1024\" height=\"683\" src=\"https:\/\/diarioprincipios.com\/wp-content\/uploads\/2024\/10\/DIEZ-PRIMARIAS-DE-JORNADA-COMPLETA-RECIBIERON-KITS-ESCOLARES-1024x683.jpg\" alt=\"\" class=\"wp-image-23167\" srcset=\"https:\/\/diarioprincipios.com\/wp-content\/uploads\/2024\/10\/DIEZ-PRIMARIAS-DE-JORNADA-COMPLETA-RECIBIERON-KITS-ESCOLARES-1024x683.jpg 1024w, https:\/\/diarioprincipios.com\/wp-content\/uploads\/2024\/10\/DIEZ-PRIMARIAS-DE-JORNADA-COMPLETA-RECIBIERON-KITS-ESCOLARES-300x200.jpg 300w, https:\/\/diarioprincipios.com\/wp-content\/uploads\/2024\/10\/DIEZ-PRIMARIAS-DE-JORNADA-COMPLETA-RECIBIERON-KITS-ESCOLARES-768x512.jpg 768w, https:\/\/diarioprincipios.com\/wp-content\/uploads\/2024\/10\/DIEZ-PRIMARIAS-DE-JORNADA-COMPLETA-RECIBIERON-KITS-ESCOLARES-1536x1024.jpg 1536w, https:\/\/diarioprincipios.com\/wp-content\/uploads\/2024\/10\/DIEZ-PRIMARIAS-DE-JORNADA-COMPLETA-RECIBIERON-KITS-ESCOLARES-600x400.jpg 600w, https:\/\/diarioprincipios.com\/wp-content\/uploads\/2024\/10\/DIEZ-PRIMARIAS-DE-JORNADA-COMPLETA-RECIBIERON-KITS-ESCOLARES.jpg 1920w\" sizes=\"auto, (max-width: 1024px) 100vw, 1024px\" \/><\/figure>\n\n\n\n<p><br>Cada kit contiene l\u00e1pices, fibras, gomas, reglas, tijeras, sacapuntas, resmas, cartucheras, cuadernos, cola vin\u00edlica y guardapolvos. Fueron destinados a las Primarias N\u00b0 15, 17, 26, 28, 29, 30, 33, 37, 43 y 47, que en agosto de este a\u00f1o comenzaron con las jornadas completas gracias a las gestiones de los Gobiernos provincial y municipal.<\/p>\n\n\n\n<figure class=\"wp-block-image size-large\"><img loading=\"lazy\" decoding=\"async\" width=\"1024\" height=\"683\" src=\"https:\/\/diarioprincipios.com\/wp-content\/uploads\/2024\/10\/DIEZ-PRIMARIAS-DE-JORNADA-COMPLETA-RECIBIERON-KITS-ESCOLARES-3-1024x683.jpg\" alt=\"\" class=\"wp-image-23168\" srcset=\"https:\/\/diarioprincipios.com\/wp-content\/uploads\/2024\/10\/DIEZ-PRIMARIAS-DE-JORNADA-COMPLETA-RECIBIERON-KITS-ESCOLARES-3-1024x683.jpg 1024w, https:\/\/diarioprincipios.com\/wp-content\/uploads\/2024\/10\/DIEZ-PRIMARIAS-DE-JORNADA-COMPLETA-RECIBIERON-KITS-ESCOLARES-3-300x200.jpg 300w, https:\/\/diarioprincipios.com\/wp-content\/uploads\/2024\/10\/DIEZ-PRIMARIAS-DE-JORNADA-COMPLETA-RECIBIERON-KITS-ESCOLARES-3-768x512.jpg 768w, https:\/\/diarioprincipios.com\/wp-content\/uploads\/2024\/10\/DIEZ-PRIMARIAS-DE-JORNADA-COMPLETA-RECIBIERON-KITS-ESCOLARES-3-1536x1024.jpg 1536w, https:\/\/diarioprincipios.com\/wp-content\/uploads\/2024\/10\/DIEZ-PRIMARIAS-DE-JORNADA-COMPLETA-RECIBIERON-KITS-ESCOLARES-3-600x400.jpg 600w, https:\/\/diarioprincipios.com\/wp-content\/uploads\/2024\/10\/DIEZ-PRIMARIAS-DE-JORNADA-COMPLETA-RECIBIERON-KITS-ESCOLARES-3.jpg 1920w\" sizes=\"auto, (max-width: 1024px) 100vw, 1024px\" \/><\/figure>\n\n\n\n<p><br>Al respecto, Mussi expres\u00f3: \u201cJunto al Consejo Escolar y los inspectores tomamos la decisi\u00f3n de apoyar con estos elementos, que ayudan a transitar lo cotidiano. Trabajamos articuladamente porque entendemos el rol de la escuela. Esta es una peque\u00f1a manera de decirles \u2018gracias y cuenten con nosotros\u2019 a los directivos, docentes y las cooperadoras escolares, porque defienden todos los d\u00edas la educaci\u00f3n p\u00fablica\u201d.<br>En tanto, la inspectora Jefa Distrital, Gladys Ram\u00edrez, indic\u00f3: \u201cEstamos muy contentos con el funcionamiento de las escuelas de jornada completa, porque sabemos que estamos garantizando un derecho de la comunidad. Estos elementos escolares son para garantizar que ning\u00fan ni\u00f1o o ni\u00f1a falte por no tener los \u00fatiles necesarios. El mejor lugar en el que pueden estar es en la escuela\u201d.<\/p>\n\n\n\n<figure class=\"wp-block-image size-large\"><img loading=\"lazy\" decoding=\"async\" width=\"1024\" height=\"683\" src=\"https:\/\/diarioprincipios.com\/wp-content\/uploads\/2024\/10\/DIEZ-PRIMARIAS-DE-JORNADA-COMPLETA-RECIBIERON-KITS-ESCOLARES-1-1024x683.jpg\" alt=\"\" class=\"wp-image-23169\" srcset=\"https:\/\/diarioprincipios.com\/wp-content\/uploads\/2024\/10\/DIEZ-PRIMARIAS-DE-JORNADA-COMPLETA-RECIBIERON-KITS-ESCOLARES-1-1024x683.jpg 1024w, https:\/\/diarioprincipios.com\/wp-content\/uploads\/2024\/10\/DIEZ-PRIMARIAS-DE-JORNADA-COMPLETA-RECIBIERON-KITS-ESCOLARES-1-300x200.jpg 300w, https:\/\/diarioprincipios.com\/wp-content\/uploads\/2024\/10\/DIEZ-PRIMARIAS-DE-JORNADA-COMPLETA-RECIBIERON-KITS-ESCOLARES-1-768x512.jpg 768w, https:\/\/diarioprincipios.com\/wp-content\/uploads\/2024\/10\/DIEZ-PRIMARIAS-DE-JORNADA-COMPLETA-RECIBIERON-KITS-ESCOLARES-1-1536x1024.jpg 1536w, https:\/\/diarioprincipios.com\/wp-content\/uploads\/2024\/10\/DIEZ-PRIMARIAS-DE-JORNADA-COMPLETA-RECIBIERON-KITS-ESCOLARES-1-600x400.jpg 600w, https:\/\/diarioprincipios.com\/wp-content\/uploads\/2024\/10\/DIEZ-PRIMARIAS-DE-JORNADA-COMPLETA-RECIBIERON-KITS-ESCOLARES-1.jpg 1920w\" sizes=\"auto, (max-width: 1024px) 100vw, 1024px\" \/><\/figure>\n\n\n\n<p><br>A su vez, Valeria Ceballos -directora de la EP 28 de Guti\u00e9rrez- asegur\u00f3: \u201cLos kits son muy importantes, ya que desde el 5 de agosto pasamos a ser de jornada completa. El apoyo que nos brindaron desde la Municipalidad es fundamental para que los estudiantes tengan el mejor espacio para estudiar\u201d.<br>Tambi\u00e9n participaron integrantes del Gabinete municipal y del Consejo Escolar.<\/p>\n","protected":false},"excerpt":{"rendered":"<p>Se entregaron kits de \u00fatiles y guardapolvos escolares para las diez Escuelas Primarias de Berazategui que recientemente comenzaron a ser de jornada completa. El intendente Juan Jos\u00e9 Mussi encabez\u00f3 el acto, acompa\u00f1ado de la comunidad educativa. Cada kit contiene l\u00e1pices, fibras, gomas, reglas, tijeras, sacapuntas, resmas, cartucheras, cuadernos, cola vin\u00edlica y guardapolvos. Fueron destinados a&#8230;<\/p>\n","protected":false},"author":2,"featured_media":23170,"comment_status":"open","ping_status":"open","sticky":false,"template":"","format":"standard","meta":{"footnotes":""},"categories":[3,19],"tags":[],"class_list":["post-23166","post","type-post","status-publish","format-standard","has-post-thumbnail","hentry","category-berazategui","category-cultura-educacion"],"featured_image_src":"https:\/\/diarioprincipios.com\/wp-content\/uploads\/2024\/10\/DIEZ-PRIMARIAS-DE-JORNADA-COMPLETA-RECIBIERON-KITS-ESCOLARES-4-1024x683.jpg","blog_images":{"medium":"https:\/\/diarioprincipios.com\/wp-content\/uploads\/2024\/10\/DIEZ-PRIMARIAS-DE-JORNADA-COMPLETA-RECIBIERON-KITS-ESCOLARES-4-300x200.jpg","large":"https:\/\/diarioprincipios.com\/wp-content\/uploads\/2024\/10\/DIEZ-PRIMARIAS-DE-JORNADA-COMPLETA-RECIBIERON-KITS-ESCOLARES-4-1024x683.jpg"},"ams_acf":[],"yoast_head":"<!-- This site is optimized with the Yoast SEO plugin v27.3 - https:\/\/yoast.com\/product\/yoast-seo-wordpress\/ -->\n<title>10 Escuelas Primarias de Jornada Completa recibieron Kits De \u00datiles y Guardapolvos - Principios<\/title>\n<meta name=\"robots\" content=\"index, follow, max-snippet:-1, max-image-preview:large, max-video-preview:-1\" \/>\n<link rel=\"canonical\" href=\"https:\/\/diarioprincipios.com\/index.php\/2024\/10\/02\/10-escuelas-primarias-de-jornada-completa-recibieron-kits-de-utiles-y-guardapolvos\/\" \/>\n<meta property=\"og:locale\" content=\"es_ES\" \/>\n<meta property=\"og:type\" content=\"article\" \/>\n<meta property=\"og:title\" content=\"10 Escuelas Primarias de Jornada Completa recibieron Kits De \u00datiles y Guardapolvos - Principios\" \/>\n<meta property=\"og:description\" content=\"Se entregaron kits de \u00fatiles y guardapolvos escolares para las diez Escuelas Primarias de Berazategui que recientemente comenzaron a ser de jornada completa. El intendente Juan Jos\u00e9 Mussi encabez\u00f3 el acto, acompa\u00f1ado de la comunidad educativa. Cada kit contiene l\u00e1pices, fibras, gomas, reglas, tijeras, sacapuntas, resmas, cartucheras, cuadernos, cola vin\u00edlica y guardapolvos. Fueron destinados a...\" \/>\n<meta property=\"og:url\" content=\"https:\/\/diarioprincipios.com\/index.php\/2024\/10\/02\/10-escuelas-primarias-de-jornada-completa-recibieron-kits-de-utiles-y-guardapolvos\/\" \/>\n<meta property=\"og:site_name\" content=\"Principios\" \/>\n<meta property=\"article:published_time\" content=\"2024-10-02T17:03:56+00:00\" \/>\n<meta property=\"article:modified_time\" content=\"2024-10-02T17:17:20+00:00\" \/>\n<meta property=\"og:image\" content=\"https:\/\/diarioprincipios.com\/wp-content\/uploads\/2024\/10\/DIEZ-PRIMARIAS-DE-JORNADA-COMPLETA-RECIBIERON-KITS-ESCOLARES-4.jpg\" \/>\n\t<meta property=\"og:image:width\" content=\"1920\" \/>\n\t<meta property=\"og:image:height\" content=\"1280\" \/>\n\t<meta property=\"og:image:type\" content=\"image\/jpeg\" \/>\n<meta name=\"author\" content=\"Hern\u00e1n L\u00f3pez\" \/>\n<meta name=\"twitter:card\" content=\"summary_large_image\" \/>\n<meta name=\"twitter:label1\" content=\"Escrito por\" \/>\n\t<meta name=\"twitter:data1\" content=\"Hern\u00e1n L\u00f3pez\" \/>\n\t<meta name=\"twitter:label2\" content=\"Tiempo de lectura\" \/>\n\t<meta name=\"twitter:data2\" content=\"3 minutos\" \/>\n<script type=\"application\/ld+json\" class=\"yoast-schema-graph\">{\"@context\":\"https:\\\/\\\/schema.org\",\"@graph\":[{\"@type\":\"Article\",\"@id\":\"https:\\\/\\\/diarioprincipios.com\\\/index.php\\\/2024\\\/10\\\/02\\\/10-escuelas-primarias-de-jornada-completa-recibieron-kits-de-utiles-y-guardapolvos\\\/#article\",\"isPartOf\":{\"@id\":\"https:\\\/\\\/diarioprincipios.com\\\/index.php\\\/2024\\\/10\\\/02\\\/10-escuelas-primarias-de-jornada-completa-recibieron-kits-de-utiles-y-guardapolvos\\\/\"},\"author\":{\"name\":\"Hern\u00e1n L\u00f3pez\",\"@id\":\"https:\\\/\\\/diarioprincipios.com\\\/#\\\/schema\\\/person\\\/436d5a1fd41a5e250e23ff5a6a7cb080\"},\"headline\":\"10 Escuelas Primarias de Jornada Completa recibieron Kits De \u00datiles y Guardapolvos\",\"datePublished\":\"2024-10-02T17:03:56+00:00\",\"dateModified\":\"2024-10-02T17:17:20+00:00\",\"mainEntityOfPage\":{\"@id\":\"https:\\\/\\\/diarioprincipios.com\\\/index.php\\\/2024\\\/10\\\/02\\\/10-escuelas-primarias-de-jornada-completa-recibieron-kits-de-utiles-y-guardapolvos\\\/\"},\"wordCount\":288,\"commentCount\":0,\"publisher\":{\"@id\":\"https:\\\/\\\/diarioprincipios.com\\\/#organization\"},\"image\":{\"@id\":\"https:\\\/\\\/diarioprincipios.com\\\/index.php\\\/2024\\\/10\\\/02\\\/10-escuelas-primarias-de-jornada-completa-recibieron-kits-de-utiles-y-guardapolvos\\\/#primaryimage\"},\"thumbnailUrl\":\"https:\\\/\\\/diarioprincipios.com\\\/wp-content\\\/uploads\\\/2024\\\/10\\\/DIEZ-PRIMARIAS-DE-JORNADA-COMPLETA-RECIBIERON-KITS-ESCOLARES-4.jpg\",\"articleSection\":[\"Berazategui\",\"Cultura y Educaci\u00f3n\"],\"inLanguage\":\"es\",\"potentialAction\":[{\"@type\":\"CommentAction\",\"name\":\"Comment\",\"target\":[\"https:\\\/\\\/diarioprincipios.com\\\/index.php\\\/2024\\\/10\\\/02\\\/10-escuelas-primarias-de-jornada-completa-recibieron-kits-de-utiles-y-guardapolvos\\\/#respond\"]}]},{\"@type\":\"WebPage\",\"@id\":\"https:\\\/\\\/diarioprincipios.com\\\/index.php\\\/2024\\\/10\\\/02\\\/10-escuelas-primarias-de-jornada-completa-recibieron-kits-de-utiles-y-guardapolvos\\\/\",\"url\":\"https:\\\/\\\/diarioprincipios.com\\\/index.php\\\/2024\\\/10\\\/02\\\/10-escuelas-primarias-de-jornada-completa-recibieron-kits-de-utiles-y-guardapolvos\\\/\",\"name\":\"10 Escuelas Primarias de Jornada Completa recibieron Kits De \u00datiles y Guardapolvos - Principios\",\"isPartOf\":{\"@id\":\"https:\\\/\\\/diarioprincipios.com\\\/#website\"},\"primaryImageOfPage\":{\"@id\":\"https:\\\/\\\/diarioprincipios.com\\\/index.php\\\/2024\\\/10\\\/02\\\/10-escuelas-primarias-de-jornada-completa-recibieron-kits-de-utiles-y-guardapolvos\\\/#primaryimage\"},\"image\":{\"@id\":\"https:\\\/\\\/diarioprincipios.com\\\/index.php\\\/2024\\\/10\\\/02\\\/10-escuelas-primarias-de-jornada-completa-recibieron-kits-de-utiles-y-guardapolvos\\\/#primaryimage\"},\"thumbnailUrl\":\"https:\\\/\\\/diarioprincipios.com\\\/wp-content\\\/uploads\\\/2024\\\/10\\\/DIEZ-PRIMARIAS-DE-JORNADA-COMPLETA-RECIBIERON-KITS-ESCOLARES-4.jpg\",\"datePublished\":\"2024-10-02T17:03:56+00:00\",\"dateModified\":\"2024-10-02T17:17:20+00:00\",\"breadcrumb\":{\"@id\":\"https:\\\/\\\/diarioprincipios.com\\\/index.php\\\/2024\\\/10\\\/02\\\/10-escuelas-primarias-de-jornada-completa-recibieron-kits-de-utiles-y-guardapolvos\\\/#breadcrumb\"},\"inLanguage\":\"es\",\"potentialAction\":[{\"@type\":\"ReadAction\",\"target\":[\"https:\\\/\\\/diarioprincipios.com\\\/index.php\\\/2024\\\/10\\\/02\\\/10-escuelas-primarias-de-jornada-completa-recibieron-kits-de-utiles-y-guardapolvos\\\/\"]}]},{\"@type\":\"ImageObject\",\"inLanguage\":\"es\",\"@id\":\"https:\\\/\\\/diarioprincipios.com\\\/index.php\\\/2024\\\/10\\\/02\\\/10-escuelas-primarias-de-jornada-completa-recibieron-kits-de-utiles-y-guardapolvos\\\/#primaryimage\",\"url\":\"https:\\\/\\\/diarioprincipios.com\\\/wp-content\\\/uploads\\\/2024\\\/10\\\/DIEZ-PRIMARIAS-DE-JORNADA-COMPLETA-RECIBIERON-KITS-ESCOLARES-4.jpg\",\"contentUrl\":\"https:\\\/\\\/diarioprincipios.com\\\/wp-content\\\/uploads\\\/2024\\\/10\\\/DIEZ-PRIMARIAS-DE-JORNADA-COMPLETA-RECIBIERON-KITS-ESCOLARES-4.jpg\",\"width\":1920,\"height\":1280},{\"@type\":\"BreadcrumbList\",\"@id\":\"https:\\\/\\\/diarioprincipios.com\\\/index.php\\\/2024\\\/10\\\/02\\\/10-escuelas-primarias-de-jornada-completa-recibieron-kits-de-utiles-y-guardapolvos\\\/#breadcrumb\",\"itemListElement\":[{\"@type\":\"ListItem\",\"position\":1,\"name\":\"Portada\",\"item\":\"https:\\\/\\\/diarioprincipios.com\\\/\"},{\"@type\":\"ListItem\",\"position\":2,\"name\":\"10 Escuelas Primarias de Jornada Completa recibieron Kits De \u00datiles y Guardapolvos\"}]},{\"@type\":\"WebSite\",\"@id\":\"https:\\\/\\\/diarioprincipios.com\\\/#website\",\"url\":\"https:\\\/\\\/diarioprincipios.com\\\/\",\"name\":\"Principios\",\"description\":\"Principios Diario\",\"publisher\":{\"@id\":\"https:\\\/\\\/diarioprincipios.com\\\/#organization\"},\"potentialAction\":[{\"@type\":\"SearchAction\",\"target\":{\"@type\":\"EntryPoint\",\"urlTemplate\":\"https:\\\/\\\/diarioprincipios.com\\\/?s={search_term_string}\"},\"query-input\":{\"@type\":\"PropertyValueSpecification\",\"valueRequired\":true,\"valueName\":\"search_term_string\"}}],\"inLanguage\":\"es\"},{\"@type\":\"Organization\",\"@id\":\"https:\\\/\\\/diarioprincipios.com\\\/#organization\",\"name\":\"Principios\",\"url\":\"https:\\\/\\\/diarioprincipios.com\\\/\",\"logo\":{\"@type\":\"ImageObject\",\"inLanguage\":\"es\",\"@id\":\"https:\\\/\\\/diarioprincipios.com\\\/#\\\/schema\\\/logo\\\/image\\\/\",\"url\":\"https:\\\/\\\/diarioprincipios.com\\\/wp-content\\\/uploads\\\/2024\\\/04\\\/cropped-www.diarioprincipios.com_-1.png\",\"contentUrl\":\"https:\\\/\\\/diarioprincipios.com\\\/wp-content\\\/uploads\\\/2024\\\/04\\\/cropped-www.diarioprincipios.com_-1.png\",\"width\":5325,\"height\":1454,\"caption\":\"Principios\"},\"image\":{\"@id\":\"https:\\\/\\\/diarioprincipios.com\\\/#\\\/schema\\\/logo\\\/image\\\/\"}},{\"@type\":\"Person\",\"@id\":\"https:\\\/\\\/diarioprincipios.com\\\/#\\\/schema\\\/person\\\/436d5a1fd41a5e250e23ff5a6a7cb080\",\"name\":\"Hern\u00e1n L\u00f3pez\",\"image\":{\"@type\":\"ImageObject\",\"inLanguage\":\"es\",\"@id\":\"https:\\\/\\\/diarioprincipios.com\\\/wp-content\\\/litespeed\\\/avatar\\\/11ddfe5610ff3bd100522525b2571f48.jpg?ver=1777048341\",\"url\":\"https:\\\/\\\/diarioprincipios.com\\\/wp-content\\\/litespeed\\\/avatar\\\/11ddfe5610ff3bd100522525b2571f48.jpg?ver=1777048341\",\"contentUrl\":\"https:\\\/\\\/diarioprincipios.com\\\/wp-content\\\/litespeed\\\/avatar\\\/11ddfe5610ff3bd100522525b2571f48.jpg?ver=1777048341\",\"caption\":\"Hern\u00e1n L\u00f3pez\"},\"url\":\"https:\\\/\\\/diarioprincipios.com\\\/index.php\\\/author\\\/hernan\\\/\"}]}<\/script>\n<!-- \/ Yoast SEO plugin. -->","yoast_head_json":{"title":"10 Escuelas Primarias de Jornada Completa recibieron Kits De \u00datiles y Guardapolvos - Principios","robots":{"index":"index","follow":"follow","max-snippet":"max-snippet:-1","max-image-preview":"max-image-preview:large","max-video-preview":"max-video-preview:-1"},"canonical":"https:\/\/diarioprincipios.com\/index.php\/2024\/10\/02\/10-escuelas-primarias-de-jornada-completa-recibieron-kits-de-utiles-y-guardapolvos\/","og_locale":"es_ES","og_type":"article","og_title":"10 Escuelas Primarias de Jornada Completa recibieron Kits De \u00datiles y Guardapolvos - Principios","og_description":"Se entregaron kits de \u00fatiles y guardapolvos escolares para las diez Escuelas Primarias de Berazategui que recientemente comenzaron a ser de jornada completa. El intendente Juan Jos\u00e9 Mussi encabez\u00f3 el acto, acompa\u00f1ado de la comunidad educativa. Cada kit contiene l\u00e1pices, fibras, gomas, reglas, tijeras, sacapuntas, resmas, cartucheras, cuadernos, cola vin\u00edlica y guardapolvos. Fueron destinados a...","og_url":"https:\/\/diarioprincipios.com\/index.php\/2024\/10\/02\/10-escuelas-primarias-de-jornada-completa-recibieron-kits-de-utiles-y-guardapolvos\/","og_site_name":"Principios","article_published_time":"2024-10-02T17:03:56+00:00","article_modified_time":"2024-10-02T17:17:20+00:00","og_image":[{"width":1920,"height":1280,"url":"https:\/\/diarioprincipios.com\/wp-content\/uploads\/2024\/10\/DIEZ-PRIMARIAS-DE-JORNADA-COMPLETA-RECIBIERON-KITS-ESCOLARES-4.jpg","type":"image\/jpeg"}],"author":"Hern\u00e1n L\u00f3pez","twitter_card":"summary_large_image","twitter_misc":{"Escrito por":"Hern\u00e1n L\u00f3pez","Tiempo de lectura":"3 minutos"},"schema":{"@context":"https:\/\/schema.org","@graph":[{"@type":"Article","@id":"https:\/\/diarioprincipios.com\/index.php\/2024\/10\/02\/10-escuelas-primarias-de-jornada-completa-recibieron-kits-de-utiles-y-guardapolvos\/#article","isPartOf":{"@id":"https:\/\/diarioprincipios.com\/index.php\/2024\/10\/02\/10-escuelas-primarias-de-jornada-completa-recibieron-kits-de-utiles-y-guardapolvos\/"},"author":{"name":"Hern\u00e1n L\u00f3pez","@id":"https:\/\/diarioprincipios.com\/#\/schema\/person\/436d5a1fd41a5e250e23ff5a6a7cb080"},"headline":"10 Escuelas Primarias de Jornada Completa recibieron Kits De \u00datiles y Guardapolvos","datePublished":"2024-10-02T17:03:56+00:00","dateModified":"2024-10-02T17:17:20+00:00","mainEntityOfPage":{"@id":"https:\/\/diarioprincipios.com\/index.php\/2024\/10\/02\/10-escuelas-primarias-de-jornada-completa-recibieron-kits-de-utiles-y-guardapolvos\/"},"wordCount":288,"commentCount":0,"publisher":{"@id":"https:\/\/diarioprincipios.com\/#organization"},"image":{"@id":"https:\/\/diarioprincipios.com\/index.php\/2024\/10\/02\/10-escuelas-primarias-de-jornada-completa-recibieron-kits-de-utiles-y-guardapolvos\/#primaryimage"},"thumbnailUrl":"https:\/\/diarioprincipios.com\/wp-content\/uploads\/2024\/10\/DIEZ-PRIMARIAS-DE-JORNADA-COMPLETA-RECIBIERON-KITS-ESCOLARES-4.jpg","articleSection":["Berazategui","Cultura y Educaci\u00f3n"],"inLanguage":"es","potentialAction":[{"@type":"CommentAction","name":"Comment","target":["https:\/\/diarioprincipios.com\/index.php\/2024\/10\/02\/10-escuelas-primarias-de-jornada-completa-recibieron-kits-de-utiles-y-guardapolvos\/#respond"]}]},{"@type":"WebPage","@id":"https:\/\/diarioprincipios.com\/index.php\/2024\/10\/02\/10-escuelas-primarias-de-jornada-completa-recibieron-kits-de-utiles-y-guardapolvos\/","url":"https:\/\/diarioprincipios.com\/index.php\/2024\/10\/02\/10-escuelas-primarias-de-jornada-completa-recibieron-kits-de-utiles-y-guardapolvos\/","name":"10 Escuelas Primarias de Jornada Completa recibieron Kits De \u00datiles y Guardapolvos - Principios","isPartOf":{"@id":"https:\/\/diarioprincipios.com\/#website"},"primaryImageOfPage":{"@id":"https:\/\/diarioprincipios.com\/index.php\/2024\/10\/02\/10-escuelas-primarias-de-jornada-completa-recibieron-kits-de-utiles-y-guardapolvos\/#primaryimage"},"image":{"@id":"https:\/\/diarioprincipios.com\/index.php\/2024\/10\/02\/10-escuelas-primarias-de-jornada-completa-recibieron-kits-de-utiles-y-guardapolvos\/#primaryimage"},"thumbnailUrl":"https:\/\/diarioprincipios.com\/wp-content\/uploads\/2024\/10\/DIEZ-PRIMARIAS-DE-JORNADA-COMPLETA-RECIBIERON-KITS-ESCOLARES-4.jpg","datePublished":"2024-10-02T17:03:56+00:00","dateModified":"2024-10-02T17:17:20+00:00","breadcrumb":{"@id":"https:\/\/diarioprincipios.com\/index.php\/2024\/10\/02\/10-escuelas-primarias-de-jornada-completa-recibieron-kits-de-utiles-y-guardapolvos\/#breadcrumb"},"inLanguage":"es","potentialAction":[{"@type":"ReadAction","target":["https:\/\/diarioprincipios.com\/index.php\/2024\/10\/02\/10-escuelas-primarias-de-jornada-completa-recibieron-kits-de-utiles-y-guardapolvos\/"]}]},{"@type":"ImageObject","inLanguage":"es","@id":"https:\/\/diarioprincipios.com\/index.php\/2024\/10\/02\/10-escuelas-primarias-de-jornada-completa-recibieron-kits-de-utiles-y-guardapolvos\/#primaryimage","url":"https:\/\/diarioprincipios.com\/wp-content\/uploads\/2024\/10\/DIEZ-PRIMARIAS-DE-JORNADA-COMPLETA-RECIBIERON-KITS-ESCOLARES-4.jpg","contentUrl":"https:\/\/diarioprincipios.com\/wp-content\/uploads\/2024\/10\/DIEZ-PRIMARIAS-DE-JORNADA-COMPLETA-RECIBIERON-KITS-ESCOLARES-4.jpg","width":1920,"height":1280},{"@type":"BreadcrumbList","@id":"https:\/\/diarioprincipios.com\/index.php\/2024\/10\/02\/10-escuelas-primarias-de-jornada-completa-recibieron-kits-de-utiles-y-guardapolvos\/#breadcrumb","itemListElement":[{"@type":"ListItem","position":1,"name":"Portada","item":"https:\/\/diarioprincipios.com\/"},{"@type":"ListItem","position":2,"name":"10 Escuelas Primarias de Jornada Completa recibieron Kits De \u00datiles y Guardapolvos"}]},{"@type":"WebSite","@id":"https:\/\/diarioprincipios.com\/#website","url":"https:\/\/diarioprincipios.com\/","name":"Principios","description":"Principios Diario","publisher":{"@id":"https:\/\/diarioprincipios.com\/#organization"},"potentialAction":[{"@type":"SearchAction","target":{"@type":"EntryPoint","urlTemplate":"https:\/\/diarioprincipios.com\/?s={search_term_string}"},"query-input":{"@type":"PropertyValueSpecification","valueRequired":true,"valueName":"search_term_string"}}],"inLanguage":"es"},{"@type":"Organization","@id":"https:\/\/diarioprincipios.com\/#organization","name":"Principios","url":"https:\/\/diarioprincipios.com\/","logo":{"@type":"ImageObject","inLanguage":"es","@id":"https:\/\/diarioprincipios.com\/#\/schema\/logo\/image\/","url":"https:\/\/diarioprincipios.com\/wp-content\/uploads\/2024\/04\/cropped-www.diarioprincipios.com_-1.png","contentUrl":"https:\/\/diarioprincipios.com\/wp-content\/uploads\/2024\/04\/cropped-www.diarioprincipios.com_-1.png","width":5325,"height":1454,"caption":"Principios"},"image":{"@id":"https:\/\/diarioprincipios.com\/#\/schema\/logo\/image\/"}},{"@type":"Person","@id":"https:\/\/diarioprincipios.com\/#\/schema\/person\/436d5a1fd41a5e250e23ff5a6a7cb080","name":"Hern\u00e1n L\u00f3pez","image":{"@type":"ImageObject","inLanguage":"es","@id":"https:\/\/diarioprincipios.com\/wp-content\/litespeed\/avatar\/11ddfe5610ff3bd100522525b2571f48.jpg?ver=1777048341","url":"https:\/\/diarioprincipios.com\/wp-content\/litespeed\/avatar\/11ddfe5610ff3bd100522525b2571f48.jpg?ver=1777048341","contentUrl":"https:\/\/diarioprincipios.com\/wp-content\/litespeed\/avatar\/11ddfe5610ff3bd100522525b2571f48.jpg?ver=1777048341","caption":"Hern\u00e1n L\u00f3pez"},"url":"https:\/\/diarioprincipios.com\/index.php\/author\/hernan\/"}]}},"jetpack_featured_media_url":"https:\/\/diarioprincipios.com\/wp-content\/uploads\/2024\/10\/DIEZ-PRIMARIAS-DE-JORNADA-COMPLETA-RECIBIERON-KITS-ESCOLARES-4.jpg","_links":{"self":[{"href":"https:\/\/diarioprincipios.com\/index.php\/wp-json\/wp\/v2\/posts\/23166","targetHints":{"allow":["GET"]}}],"collection":[{"href":"https:\/\/diarioprincipios.com\/index.php\/wp-json\/wp\/v2\/posts"}],"about":[{"href":"https:\/\/diarioprincipios.com\/index.php\/wp-json\/wp\/v2\/types\/post"}],"author":[{"embeddable":true,"href":"https:\/\/diarioprincipios.com\/index.php\/wp-json\/wp\/v2\/users\/2"}],"replies":[{"embeddable":true,"href":"https:\/\/diarioprincipios.com\/index.php\/wp-json\/wp\/v2\/comments?post=23166"}],"version-history":[{"count":1,"href":"https:\/\/diarioprincipios.com\/index.php\/wp-json\/wp\/v2\/posts\/23166\/revisions"}],"predecessor-version":[{"id":23171,"href":"https:\/\/diarioprincipios.com\/index.php\/wp-json\/wp\/v2\/posts\/23166\/revisions\/23171"}],"wp:featuredmedia":[{"embeddable":true,"href":"https:\/\/diarioprincipios.com\/index.php\/wp-json\/wp\/v2\/media\/23170"}],"wp:attachment":[{"href":"https:\/\/diarioprincipios.com\/index.php\/wp-json\/wp\/v2\/media?parent=23166"}],"wp:term":[{"taxonomy":"category","embeddable":true,"href":"https:\/\/diarioprincipios.com\/index.php\/wp-json\/wp\/v2\/categories?post=23166"},{"taxonomy":"post_tag","embeddable":true,"href":"https:\/\/diarioprincipios.com\/index.php\/wp-json\/wp\/v2\/tags?post=23166"}],"curies":[{"name":"wp","href":"https:\/\/api.w.org\/{rel}","templated":true}]}}