{"id":23155,"date":"2024-10-01T12:31:21","date_gmt":"2024-10-01T15:31:21","guid":{"rendered":"http:\/\/diarioprincipios.com\/?p=23155"},"modified":"2024-10-01T12:32:10","modified_gmt":"2024-10-01T15:32:10","slug":"mussi-inauguro-obras-de-pavimento-en-la-calle-38","status":"publish","type":"post","link":"https:\/\/diarioprincipios.com\/index.php\/2024\/10\/01\/mussi-inauguro-obras-de-pavimento-en-la-calle-38\/","title":{"rendered":"Mussi inaugur\u00f3 Obras de pavimento en la calle 38"},"content":{"rendered":"\n<p><strong>Se inaugur\u00f3 un nuevo pavimento en Berazategui: el de la calle 38 entre Av. Ranelagh y 151 (barrio Santa Rosa). El acto fue encabezado por el intendente Juan Jos\u00e9 Mussi, junto a los vecinos y vecinas de esa zona.<\/strong><br>Las nuevas cuadras de asfalto conforman una obra realizada \u00edntegramente con inversi\u00f3n de la Municipalidad de Berazategui. Permitir\u00e1 mejorar la calidad de vida de los ciudadanos y la accesibilidad, as\u00ed como favorecer la circulaci\u00f3n peatonal y vehicular del barrio.<\/p>\n\n\n\n<figure class=\"wp-block-image size-large\"><img loading=\"lazy\" decoding=\"async\" width=\"1024\" height=\"683\" src=\"https:\/\/diarioprincipios.com\/wp-content\/uploads\/2024\/10\/MUSSI-INAUGURO-OBRAS-DE-PAVIMENTO-EN-LA-CALLE-38-2-1-1024x683.jpg\" alt=\"\" class=\"wp-image-23156\" srcset=\"https:\/\/diarioprincipios.com\/wp-content\/uploads\/2024\/10\/MUSSI-INAUGURO-OBRAS-DE-PAVIMENTO-EN-LA-CALLE-38-2-1-1024x683.jpg 1024w, https:\/\/diarioprincipios.com\/wp-content\/uploads\/2024\/10\/MUSSI-INAUGURO-OBRAS-DE-PAVIMENTO-EN-LA-CALLE-38-2-1-300x200.jpg 300w, https:\/\/diarioprincipios.com\/wp-content\/uploads\/2024\/10\/MUSSI-INAUGURO-OBRAS-DE-PAVIMENTO-EN-LA-CALLE-38-2-1-768x512.jpg 768w, https:\/\/diarioprincipios.com\/wp-content\/uploads\/2024\/10\/MUSSI-INAUGURO-OBRAS-DE-PAVIMENTO-EN-LA-CALLE-38-2-1-1536x1024.jpg 1536w, https:\/\/diarioprincipios.com\/wp-content\/uploads\/2024\/10\/MUSSI-INAUGURO-OBRAS-DE-PAVIMENTO-EN-LA-CALLE-38-2-1-600x400.jpg 600w, https:\/\/diarioprincipios.com\/wp-content\/uploads\/2024\/10\/MUSSI-INAUGURO-OBRAS-DE-PAVIMENTO-EN-LA-CALLE-38-2-1.jpg 1920w\" sizes=\"auto, (max-width: 1024px) 100vw, 1024px\" \/><\/figure>\n\n\n\n<p><br>Durante el acto inaugural, Mussi destac\u00f3: \u201cHicimos esta obra con gusto, porque queremos que el barrio siga creciendo, que se unan los vecinos. Ahora la situaci\u00f3n es dif\u00edcil, pero siempre vamos a estar junto a ustedes. Hay crisis, pero tenemos que estar todos unidos. Para m\u00ed esto es una alegr\u00eda; soy vecino, nacido aqu\u00ed cerca, andaba por estos barrios atendiendo pacientes. Ya son m\u00e1s de 20 los barrios de Berazategui que no tienen calles de tierra. Les pido que nos sigan acompa\u00f1ando, que no aflojen. Les agradezco infinitamente y les dejo el mejor de los abrazos\u201d.<\/p>\n\n\n\n<figure class=\"wp-block-image size-large\"><img loading=\"lazy\" decoding=\"async\" width=\"1024\" height=\"683\" src=\"https:\/\/diarioprincipios.com\/wp-content\/uploads\/2024\/10\/MUSSI-INAUGURO-OBRAS-DE-PAVIMENTO-EN-LA-CALLE-38-1-1024x683.jpg\" alt=\"\" class=\"wp-image-23157\" srcset=\"https:\/\/diarioprincipios.com\/wp-content\/uploads\/2024\/10\/MUSSI-INAUGURO-OBRAS-DE-PAVIMENTO-EN-LA-CALLE-38-1-1024x683.jpg 1024w, https:\/\/diarioprincipios.com\/wp-content\/uploads\/2024\/10\/MUSSI-INAUGURO-OBRAS-DE-PAVIMENTO-EN-LA-CALLE-38-1-300x200.jpg 300w, https:\/\/diarioprincipios.com\/wp-content\/uploads\/2024\/10\/MUSSI-INAUGURO-OBRAS-DE-PAVIMENTO-EN-LA-CALLE-38-1-768x512.jpg 768w, https:\/\/diarioprincipios.com\/wp-content\/uploads\/2024\/10\/MUSSI-INAUGURO-OBRAS-DE-PAVIMENTO-EN-LA-CALLE-38-1-1536x1024.jpg 1536w, https:\/\/diarioprincipios.com\/wp-content\/uploads\/2024\/10\/MUSSI-INAUGURO-OBRAS-DE-PAVIMENTO-EN-LA-CALLE-38-1-600x400.jpg 600w, https:\/\/diarioprincipios.com\/wp-content\/uploads\/2024\/10\/MUSSI-INAUGURO-OBRAS-DE-PAVIMENTO-EN-LA-CALLE-38-1.jpg 1920w\" sizes=\"auto, (max-width: 1024px) 100vw, 1024px\" \/><\/figure>\n\n\n\n<p><br>Por su parte, Rita Rodrigo -presidenta de la Sociedad de Fomento Santa Rosa- expres\u00f3 con alegr\u00eda: \u201cAgradezco al intendente Mussi por estar siempre cerca del vecino, por esta calle pavimentada y financiada por la Municipalidad, por estar siempre presente cuando la gente tiene alguna necesidad. Tambi\u00e9n agradecemos las obras realizadas en el techo de la Sociedad de Fomento, estamos muy felices\u201d.<br>Tras el acto inaugural, el Intendente recorri\u00f3 las obras de mejora realizadas en la Sociedad de Fomento Santa Rosa. Estuvieron presentes, adem\u00e1s, integrantes del Gabinete municipal; concejales y representantes de instituciones del barrio.<\/p>\n","protected":false},"excerpt":{"rendered":"<p>Se inaugur\u00f3 un nuevo pavimento en Berazategui: el de la calle 38 entre Av. Ranelagh y 151 (barrio Santa Rosa). El acto fue encabezado por el intendente Juan Jos\u00e9 Mussi, junto a los vecinos y vecinas de esa zona.Las nuevas cuadras de asfalto conforman una obra realizada \u00edntegramente con inversi\u00f3n de la Municipalidad de Berazategui&#8230;.<\/p>\n","protected":false},"author":2,"featured_media":23158,"comment_status":"open","ping_status":"open","sticky":false,"template":"","format":"standard","meta":{"footnotes":""},"categories":[3],"tags":[],"class_list":["post-23155","post","type-post","status-publish","format-standard","has-post-thumbnail","hentry","category-berazategui"],"featured_image_src":"https:\/\/diarioprincipios.com\/wp-content\/uploads\/2024\/10\/MUSSI-INAUGURO-OBRAS-DE-PAVIMENTO-EN-LA-CALLE-38-1-1-1024x683.jpg","blog_images":{"medium":"https:\/\/diarioprincipios.com\/wp-content\/uploads\/2024\/10\/MUSSI-INAUGURO-OBRAS-DE-PAVIMENTO-EN-LA-CALLE-38-1-1-300x200.jpg","large":"https:\/\/diarioprincipios.com\/wp-content\/uploads\/2024\/10\/MUSSI-INAUGURO-OBRAS-DE-PAVIMENTO-EN-LA-CALLE-38-1-1-1024x683.jpg"},"ams_acf":[],"yoast_head":"<!-- This site is optimized with the Yoast SEO plugin v27.3 - https:\/\/yoast.com\/product\/yoast-seo-wordpress\/ -->\n<title>Mussi inaugur\u00f3 Obras de pavimento en la calle 38 - Principios<\/title>\n<meta name=\"robots\" content=\"index, follow, max-snippet:-1, max-image-preview:large, max-video-preview:-1\" \/>\n<link rel=\"canonical\" href=\"https:\/\/diarioprincipios.com\/index.php\/2024\/10\/01\/mussi-inauguro-obras-de-pavimento-en-la-calle-38\/\" \/>\n<meta property=\"og:locale\" content=\"es_ES\" \/>\n<meta property=\"og:type\" content=\"article\" \/>\n<meta property=\"og:title\" content=\"Mussi inaugur\u00f3 Obras de pavimento en la calle 38 - Principios\" \/>\n<meta property=\"og:description\" content=\"Se inaugur\u00f3 un nuevo pavimento en Berazategui: el de la calle 38 entre Av. Ranelagh y 151 (barrio Santa Rosa). El acto fue encabezado por el intendente Juan Jos\u00e9 Mussi, junto a los vecinos y vecinas de esa zona.Las nuevas cuadras de asfalto conforman una obra realizada \u00edntegramente con inversi\u00f3n de la Municipalidad de Berazategui....\" \/>\n<meta property=\"og:url\" content=\"https:\/\/diarioprincipios.com\/index.php\/2024\/10\/01\/mussi-inauguro-obras-de-pavimento-en-la-calle-38\/\" \/>\n<meta property=\"og:site_name\" content=\"Principios\" \/>\n<meta property=\"article:published_time\" content=\"2024-10-01T15:31:21+00:00\" \/>\n<meta property=\"article:modified_time\" content=\"2024-10-01T15:32:10+00:00\" \/>\n<meta property=\"og:image\" content=\"https:\/\/diarioprincipios.com\/wp-content\/uploads\/2024\/10\/MUSSI-INAUGURO-OBRAS-DE-PAVIMENTO-EN-LA-CALLE-38-1-1.jpg\" \/>\n\t<meta property=\"og:image:width\" content=\"1920\" \/>\n\t<meta property=\"og:image:height\" content=\"1280\" \/>\n\t<meta property=\"og:image:type\" content=\"image\/jpeg\" \/>\n<meta name=\"author\" content=\"Hern\u00e1n L\u00f3pez\" \/>\n<meta name=\"twitter:card\" content=\"summary_large_image\" \/>\n<meta name=\"twitter:label1\" content=\"Escrito por\" \/>\n\t<meta name=\"twitter:data1\" content=\"Hern\u00e1n L\u00f3pez\" \/>\n\t<meta name=\"twitter:label2\" content=\"Tiempo de lectura\" \/>\n\t<meta name=\"twitter:data2\" content=\"2 minutos\" \/>\n<script type=\"application\/ld+json\" class=\"yoast-schema-graph\">{\"@context\":\"https:\\\/\\\/schema.org\",\"@graph\":[{\"@type\":\"Article\",\"@id\":\"https:\\\/\\\/diarioprincipios.com\\\/index.php\\\/2024\\\/10\\\/01\\\/mussi-inauguro-obras-de-pavimento-en-la-calle-38\\\/#article\",\"isPartOf\":{\"@id\":\"https:\\\/\\\/diarioprincipios.com\\\/index.php\\\/2024\\\/10\\\/01\\\/mussi-inauguro-obras-de-pavimento-en-la-calle-38\\\/\"},\"author\":{\"name\":\"Hern\u00e1n L\u00f3pez\",\"@id\":\"https:\\\/\\\/diarioprincipios.com\\\/#\\\/schema\\\/person\\\/436d5a1fd41a5e250e23ff5a6a7cb080\"},\"headline\":\"Mussi inaugur\u00f3 Obras de pavimento en la calle 38\",\"datePublished\":\"2024-10-01T15:31:21+00:00\",\"dateModified\":\"2024-10-01T15:32:10+00:00\",\"mainEntityOfPage\":{\"@id\":\"https:\\\/\\\/diarioprincipios.com\\\/index.php\\\/2024\\\/10\\\/01\\\/mussi-inauguro-obras-de-pavimento-en-la-calle-38\\\/\"},\"wordCount\":283,\"commentCount\":0,\"publisher\":{\"@id\":\"https:\\\/\\\/diarioprincipios.com\\\/#organization\"},\"image\":{\"@id\":\"https:\\\/\\\/diarioprincipios.com\\\/index.php\\\/2024\\\/10\\\/01\\\/mussi-inauguro-obras-de-pavimento-en-la-calle-38\\\/#primaryimage\"},\"thumbnailUrl\":\"https:\\\/\\\/diarioprincipios.com\\\/wp-content\\\/uploads\\\/2024\\\/10\\\/MUSSI-INAUGURO-OBRAS-DE-PAVIMENTO-EN-LA-CALLE-38-1-1.jpg\",\"articleSection\":[\"Berazategui\"],\"inLanguage\":\"es\",\"potentialAction\":[{\"@type\":\"CommentAction\",\"name\":\"Comment\",\"target\":[\"https:\\\/\\\/diarioprincipios.com\\\/index.php\\\/2024\\\/10\\\/01\\\/mussi-inauguro-obras-de-pavimento-en-la-calle-38\\\/#respond\"]}]},{\"@type\":\"WebPage\",\"@id\":\"https:\\\/\\\/diarioprincipios.com\\\/index.php\\\/2024\\\/10\\\/01\\\/mussi-inauguro-obras-de-pavimento-en-la-calle-38\\\/\",\"url\":\"https:\\\/\\\/diarioprincipios.com\\\/index.php\\\/2024\\\/10\\\/01\\\/mussi-inauguro-obras-de-pavimento-en-la-calle-38\\\/\",\"name\":\"Mussi inaugur\u00f3 Obras de pavimento en la calle 38 - Principios\",\"isPartOf\":{\"@id\":\"https:\\\/\\\/diarioprincipios.com\\\/#website\"},\"primaryImageOfPage\":{\"@id\":\"https:\\\/\\\/diarioprincipios.com\\\/index.php\\\/2024\\\/10\\\/01\\\/mussi-inauguro-obras-de-pavimento-en-la-calle-38\\\/#primaryimage\"},\"image\":{\"@id\":\"https:\\\/\\\/diarioprincipios.com\\\/index.php\\\/2024\\\/10\\\/01\\\/mussi-inauguro-obras-de-pavimento-en-la-calle-38\\\/#primaryimage\"},\"thumbnailUrl\":\"https:\\\/\\\/diarioprincipios.com\\\/wp-content\\\/uploads\\\/2024\\\/10\\\/MUSSI-INAUGURO-OBRAS-DE-PAVIMENTO-EN-LA-CALLE-38-1-1.jpg\",\"datePublished\":\"2024-10-01T15:31:21+00:00\",\"dateModified\":\"2024-10-01T15:32:10+00:00\",\"breadcrumb\":{\"@id\":\"https:\\\/\\\/diarioprincipios.com\\\/index.php\\\/2024\\\/10\\\/01\\\/mussi-inauguro-obras-de-pavimento-en-la-calle-38\\\/#breadcrumb\"},\"inLanguage\":\"es\",\"potentialAction\":[{\"@type\":\"ReadAction\",\"target\":[\"https:\\\/\\\/diarioprincipios.com\\\/index.php\\\/2024\\\/10\\\/01\\\/mussi-inauguro-obras-de-pavimento-en-la-calle-38\\\/\"]}]},{\"@type\":\"ImageObject\",\"inLanguage\":\"es\",\"@id\":\"https:\\\/\\\/diarioprincipios.com\\\/index.php\\\/2024\\\/10\\\/01\\\/mussi-inauguro-obras-de-pavimento-en-la-calle-38\\\/#primaryimage\",\"url\":\"https:\\\/\\\/diarioprincipios.com\\\/wp-content\\\/uploads\\\/2024\\\/10\\\/MUSSI-INAUGURO-OBRAS-DE-PAVIMENTO-EN-LA-CALLE-38-1-1.jpg\",\"contentUrl\":\"https:\\\/\\\/diarioprincipios.com\\\/wp-content\\\/uploads\\\/2024\\\/10\\\/MUSSI-INAUGURO-OBRAS-DE-PAVIMENTO-EN-LA-CALLE-38-1-1.jpg\",\"width\":1920,\"height\":1280},{\"@type\":\"BreadcrumbList\",\"@id\":\"https:\\\/\\\/diarioprincipios.com\\\/index.php\\\/2024\\\/10\\\/01\\\/mussi-inauguro-obras-de-pavimento-en-la-calle-38\\\/#breadcrumb\",\"itemListElement\":[{\"@type\":\"ListItem\",\"position\":1,\"name\":\"Portada\",\"item\":\"https:\\\/\\\/diarioprincipios.com\\\/\"},{\"@type\":\"ListItem\",\"position\":2,\"name\":\"Mussi inaugur\u00f3 Obras de pavimento en la calle 38\"}]},{\"@type\":\"WebSite\",\"@id\":\"https:\\\/\\\/diarioprincipios.com\\\/#website\",\"url\":\"https:\\\/\\\/diarioprincipios.com\\\/\",\"name\":\"Principios\",\"description\":\"Principios Diario\",\"publisher\":{\"@id\":\"https:\\\/\\\/diarioprincipios.com\\\/#organization\"},\"potentialAction\":[{\"@type\":\"SearchAction\",\"target\":{\"@type\":\"EntryPoint\",\"urlTemplate\":\"https:\\\/\\\/diarioprincipios.com\\\/?s={search_term_string}\"},\"query-input\":{\"@type\":\"PropertyValueSpecification\",\"valueRequired\":true,\"valueName\":\"search_term_string\"}}],\"inLanguage\":\"es\"},{\"@type\":\"Organization\",\"@id\":\"https:\\\/\\\/diarioprincipios.com\\\/#organization\",\"name\":\"Principios\",\"url\":\"https:\\\/\\\/diarioprincipios.com\\\/\",\"logo\":{\"@type\":\"ImageObject\",\"inLanguage\":\"es\",\"@id\":\"https:\\\/\\\/diarioprincipios.com\\\/#\\\/schema\\\/logo\\\/image\\\/\",\"url\":\"https:\\\/\\\/diarioprincipios.com\\\/wp-content\\\/uploads\\\/2024\\\/04\\\/cropped-www.diarioprincipios.com_-1.png\",\"contentUrl\":\"https:\\\/\\\/diarioprincipios.com\\\/wp-content\\\/uploads\\\/2024\\\/04\\\/cropped-www.diarioprincipios.com_-1.png\",\"width\":5325,\"height\":1454,\"caption\":\"Principios\"},\"image\":{\"@id\":\"https:\\\/\\\/diarioprincipios.com\\\/#\\\/schema\\\/logo\\\/image\\\/\"}},{\"@type\":\"Person\",\"@id\":\"https:\\\/\\\/diarioprincipios.com\\\/#\\\/schema\\\/person\\\/436d5a1fd41a5e250e23ff5a6a7cb080\",\"name\":\"Hern\u00e1n L\u00f3pez\",\"image\":{\"@type\":\"ImageObject\",\"inLanguage\":\"es\",\"@id\":\"https:\\\/\\\/diarioprincipios.com\\\/wp-content\\\/litespeed\\\/avatar\\\/11ddfe5610ff3bd100522525b2571f48.jpg?ver=1777048341\",\"url\":\"https:\\\/\\\/diarioprincipios.com\\\/wp-content\\\/litespeed\\\/avatar\\\/11ddfe5610ff3bd100522525b2571f48.jpg?ver=1777048341\",\"contentUrl\":\"https:\\\/\\\/diarioprincipios.com\\\/wp-content\\\/litespeed\\\/avatar\\\/11ddfe5610ff3bd100522525b2571f48.jpg?ver=1777048341\",\"caption\":\"Hern\u00e1n L\u00f3pez\"},\"url\":\"https:\\\/\\\/diarioprincipios.com\\\/index.php\\\/author\\\/hernan\\\/\"}]}<\/script>\n<!-- \/ Yoast SEO plugin. -->","yoast_head_json":{"title":"Mussi inaugur\u00f3 Obras de pavimento en la calle 38 - Principios","robots":{"index":"index","follow":"follow","max-snippet":"max-snippet:-1","max-image-preview":"max-image-preview:large","max-video-preview":"max-video-preview:-1"},"canonical":"https:\/\/diarioprincipios.com\/index.php\/2024\/10\/01\/mussi-inauguro-obras-de-pavimento-en-la-calle-38\/","og_locale":"es_ES","og_type":"article","og_title":"Mussi inaugur\u00f3 Obras de pavimento en la calle 38 - Principios","og_description":"Se inaugur\u00f3 un nuevo pavimento en Berazategui: el de la calle 38 entre Av. Ranelagh y 151 (barrio Santa Rosa). El acto fue encabezado por el intendente Juan Jos\u00e9 Mussi, junto a los vecinos y vecinas de esa zona.Las nuevas cuadras de asfalto conforman una obra realizada \u00edntegramente con inversi\u00f3n de la Municipalidad de Berazategui....","og_url":"https:\/\/diarioprincipios.com\/index.php\/2024\/10\/01\/mussi-inauguro-obras-de-pavimento-en-la-calle-38\/","og_site_name":"Principios","article_published_time":"2024-10-01T15:31:21+00:00","article_modified_time":"2024-10-01T15:32:10+00:00","og_image":[{"width":1920,"height":1280,"url":"https:\/\/diarioprincipios.com\/wp-content\/uploads\/2024\/10\/MUSSI-INAUGURO-OBRAS-DE-PAVIMENTO-EN-LA-CALLE-38-1-1.jpg","type":"image\/jpeg"}],"author":"Hern\u00e1n L\u00f3pez","twitter_card":"summary_large_image","twitter_misc":{"Escrito por":"Hern\u00e1n L\u00f3pez","Tiempo de lectura":"2 minutos"},"schema":{"@context":"https:\/\/schema.org","@graph":[{"@type":"Article","@id":"https:\/\/diarioprincipios.com\/index.php\/2024\/10\/01\/mussi-inauguro-obras-de-pavimento-en-la-calle-38\/#article","isPartOf":{"@id":"https:\/\/diarioprincipios.com\/index.php\/2024\/10\/01\/mussi-inauguro-obras-de-pavimento-en-la-calle-38\/"},"author":{"name":"Hern\u00e1n L\u00f3pez","@id":"https:\/\/diarioprincipios.com\/#\/schema\/person\/436d5a1fd41a5e250e23ff5a6a7cb080"},"headline":"Mussi inaugur\u00f3 Obras de pavimento en la calle 38","datePublished":"2024-10-01T15:31:21+00:00","dateModified":"2024-10-01T15:32:10+00:00","mainEntityOfPage":{"@id":"https:\/\/diarioprincipios.com\/index.php\/2024\/10\/01\/mussi-inauguro-obras-de-pavimento-en-la-calle-38\/"},"wordCount":283,"commentCount":0,"publisher":{"@id":"https:\/\/diarioprincipios.com\/#organization"},"image":{"@id":"https:\/\/diarioprincipios.com\/index.php\/2024\/10\/01\/mussi-inauguro-obras-de-pavimento-en-la-calle-38\/#primaryimage"},"thumbnailUrl":"https:\/\/diarioprincipios.com\/wp-content\/uploads\/2024\/10\/MUSSI-INAUGURO-OBRAS-DE-PAVIMENTO-EN-LA-CALLE-38-1-1.jpg","articleSection":["Berazategui"],"inLanguage":"es","potentialAction":[{"@type":"CommentAction","name":"Comment","target":["https:\/\/diarioprincipios.com\/index.php\/2024\/10\/01\/mussi-inauguro-obras-de-pavimento-en-la-calle-38\/#respond"]}]},{"@type":"WebPage","@id":"https:\/\/diarioprincipios.com\/index.php\/2024\/10\/01\/mussi-inauguro-obras-de-pavimento-en-la-calle-38\/","url":"https:\/\/diarioprincipios.com\/index.php\/2024\/10\/01\/mussi-inauguro-obras-de-pavimento-en-la-calle-38\/","name":"Mussi inaugur\u00f3 Obras de pavimento en la calle 38 - Principios","isPartOf":{"@id":"https:\/\/diarioprincipios.com\/#website"},"primaryImageOfPage":{"@id":"https:\/\/diarioprincipios.com\/index.php\/2024\/10\/01\/mussi-inauguro-obras-de-pavimento-en-la-calle-38\/#primaryimage"},"image":{"@id":"https:\/\/diarioprincipios.com\/index.php\/2024\/10\/01\/mussi-inauguro-obras-de-pavimento-en-la-calle-38\/#primaryimage"},"thumbnailUrl":"https:\/\/diarioprincipios.com\/wp-content\/uploads\/2024\/10\/MUSSI-INAUGURO-OBRAS-DE-PAVIMENTO-EN-LA-CALLE-38-1-1.jpg","datePublished":"2024-10-01T15:31:21+00:00","dateModified":"2024-10-01T15:32:10+00:00","breadcrumb":{"@id":"https:\/\/diarioprincipios.com\/index.php\/2024\/10\/01\/mussi-inauguro-obras-de-pavimento-en-la-calle-38\/#breadcrumb"},"inLanguage":"es","potentialAction":[{"@type":"ReadAction","target":["https:\/\/diarioprincipios.com\/index.php\/2024\/10\/01\/mussi-inauguro-obras-de-pavimento-en-la-calle-38\/"]}]},{"@type":"ImageObject","inLanguage":"es","@id":"https:\/\/diarioprincipios.com\/index.php\/2024\/10\/01\/mussi-inauguro-obras-de-pavimento-en-la-calle-38\/#primaryimage","url":"https:\/\/diarioprincipios.com\/wp-content\/uploads\/2024\/10\/MUSSI-INAUGURO-OBRAS-DE-PAVIMENTO-EN-LA-CALLE-38-1-1.jpg","contentUrl":"https:\/\/diarioprincipios.com\/wp-content\/uploads\/2024\/10\/MUSSI-INAUGURO-OBRAS-DE-PAVIMENTO-EN-LA-CALLE-38-1-1.jpg","width":1920,"height":1280},{"@type":"BreadcrumbList","@id":"https:\/\/diarioprincipios.com\/index.php\/2024\/10\/01\/mussi-inauguro-obras-de-pavimento-en-la-calle-38\/#breadcrumb","itemListElement":[{"@type":"ListItem","position":1,"name":"Portada","item":"https:\/\/diarioprincipios.com\/"},{"@type":"ListItem","position":2,"name":"Mussi inaugur\u00f3 Obras de pavimento en la calle 38"}]},{"@type":"WebSite","@id":"https:\/\/diarioprincipios.com\/#website","url":"https:\/\/diarioprincipios.com\/","name":"Principios","description":"Principios Diario","publisher":{"@id":"https:\/\/diarioprincipios.com\/#organization"},"potentialAction":[{"@type":"SearchAction","target":{"@type":"EntryPoint","urlTemplate":"https:\/\/diarioprincipios.com\/?s={search_term_string}"},"query-input":{"@type":"PropertyValueSpecification","valueRequired":true,"valueName":"search_term_string"}}],"inLanguage":"es"},{"@type":"Organization","@id":"https:\/\/diarioprincipios.com\/#organization","name":"Principios","url":"https:\/\/diarioprincipios.com\/","logo":{"@type":"ImageObject","inLanguage":"es","@id":"https:\/\/diarioprincipios.com\/#\/schema\/logo\/image\/","url":"https:\/\/diarioprincipios.com\/wp-content\/uploads\/2024\/04\/cropped-www.diarioprincipios.com_-1.png","contentUrl":"https:\/\/diarioprincipios.com\/wp-content\/uploads\/2024\/04\/cropped-www.diarioprincipios.com_-1.png","width":5325,"height":1454,"caption":"Principios"},"image":{"@id":"https:\/\/diarioprincipios.com\/#\/schema\/logo\/image\/"}},{"@type":"Person","@id":"https:\/\/diarioprincipios.com\/#\/schema\/person\/436d5a1fd41a5e250e23ff5a6a7cb080","name":"Hern\u00e1n L\u00f3pez","image":{"@type":"ImageObject","inLanguage":"es","@id":"https:\/\/diarioprincipios.com\/wp-content\/litespeed\/avatar\/11ddfe5610ff3bd100522525b2571f48.jpg?ver=1777048341","url":"https:\/\/diarioprincipios.com\/wp-content\/litespeed\/avatar\/11ddfe5610ff3bd100522525b2571f48.jpg?ver=1777048341","contentUrl":"https:\/\/diarioprincipios.com\/wp-content\/litespeed\/avatar\/11ddfe5610ff3bd100522525b2571f48.jpg?ver=1777048341","caption":"Hern\u00e1n L\u00f3pez"},"url":"https:\/\/diarioprincipios.com\/index.php\/author\/hernan\/"}]}},"jetpack_featured_media_url":"https:\/\/diarioprincipios.com\/wp-content\/uploads\/2024\/10\/MUSSI-INAUGURO-OBRAS-DE-PAVIMENTO-EN-LA-CALLE-38-1-1.jpg","_links":{"self":[{"href":"https:\/\/diarioprincipios.com\/index.php\/wp-json\/wp\/v2\/posts\/23155","targetHints":{"allow":["GET"]}}],"collection":[{"href":"https:\/\/diarioprincipios.com\/index.php\/wp-json\/wp\/v2\/posts"}],"about":[{"href":"https:\/\/diarioprincipios.com\/index.php\/wp-json\/wp\/v2\/types\/post"}],"author":[{"embeddable":true,"href":"https:\/\/diarioprincipios.com\/index.php\/wp-json\/wp\/v2\/users\/2"}],"replies":[{"embeddable":true,"href":"https:\/\/diarioprincipios.com\/index.php\/wp-json\/wp\/v2\/comments?post=23155"}],"version-history":[{"count":1,"href":"https:\/\/diarioprincipios.com\/index.php\/wp-json\/wp\/v2\/posts\/23155\/revisions"}],"predecessor-version":[{"id":23159,"href":"https:\/\/diarioprincipios.com\/index.php\/wp-json\/wp\/v2\/posts\/23155\/revisions\/23159"}],"wp:featuredmedia":[{"embeddable":true,"href":"https:\/\/diarioprincipios.com\/index.php\/wp-json\/wp\/v2\/media\/23158"}],"wp:attachment":[{"href":"https:\/\/diarioprincipios.com\/index.php\/wp-json\/wp\/v2\/media?parent=23155"}],"wp:term":[{"taxonomy":"category","embeddable":true,"href":"https:\/\/diarioprincipios.com\/index.php\/wp-json\/wp\/v2\/categories?post=23155"},{"taxonomy":"post_tag","embeddable":true,"href":"https:\/\/diarioprincipios.com\/index.php\/wp-json\/wp\/v2\/tags?post=23155"}],"curies":[{"name":"wp","href":"https:\/\/api.w.org\/{rel}","templated":true}]}}