{"id":23142,"date":"2024-09-30T22:01:33","date_gmt":"2024-10-01T01:01:33","guid":{"rendered":"http:\/\/diarioprincipios.com\/?p=23142"},"modified":"2024-09-30T22:04:14","modified_gmt":"2024-10-01T01:04:14","slug":"35-berazateguenses-graduados-en-la-unaj-recibieron-sus-titulos","status":"publish","type":"post","link":"https:\/\/diarioprincipios.com\/index.php\/2024\/09\/30\/35-berazateguenses-graduados-en-la-unaj-recibieron-sus-titulos\/","title":{"rendered":"35 berazateguenses graduados en la UNAJ recibieron sus t\u00edtulos"},"content":{"rendered":"\n<p><strong>El intendente Juan Jos\u00e9 Mussi y el rector Arnaldo Medina encabezaron la ceremonia de entrega de diplomas a 35 egresados berazateguenses de la Universidad Nacional Arturo Jauretche (UNAJ). Es la primera vez que esta ceremonia se realiza en el distrito.<\/strong>\u201cQuiero agradecer al Rector de la UNAJ y a todo el equipo de trabajo por la muy feliz idea de traer esta colaci\u00f3n de graduados a Berazategui. Para m\u00ed es una inmensa alegr\u00eda saber que vecinos y vecinas de Berazategui se grad\u00faan aqu\u00ed, en la ciudad. Yo soy un producto t\u00edpico de la Universidad P\u00fablica, como quiz\u00e1 muchos de los que est\u00e1n aqu\u00ed. Gracias a la movilidad social y educativa ascendente pude llegar a la Universidad. Todo me lo dio la Universidad P\u00fablica\u201d, expres\u00f3 Mussi en el emotivo encuentro realizado en el Complejo Cultural Municipal La Calle.&nbsp;<\/p>\n\n\n\n<figure class=\"wp-block-image size-large\"><img loading=\"lazy\" decoding=\"async\" width=\"1024\" height=\"683\" src=\"https:\/\/diarioprincipios.com\/wp-content\/uploads\/2024\/09\/35-BERAZATEGUENSES-GRADUADOS-EN-LA-UNAJ-RECIBIERON-SUS-TITULOS-2-1-1024x683.jpg\" alt=\"\" class=\"wp-image-23146\" srcset=\"https:\/\/diarioprincipios.com\/wp-content\/uploads\/2024\/09\/35-BERAZATEGUENSES-GRADUADOS-EN-LA-UNAJ-RECIBIERON-SUS-TITULOS-2-1-1024x683.jpg 1024w, https:\/\/diarioprincipios.com\/wp-content\/uploads\/2024\/09\/35-BERAZATEGUENSES-GRADUADOS-EN-LA-UNAJ-RECIBIERON-SUS-TITULOS-2-1-300x200.jpg 300w, https:\/\/diarioprincipios.com\/wp-content\/uploads\/2024\/09\/35-BERAZATEGUENSES-GRADUADOS-EN-LA-UNAJ-RECIBIERON-SUS-TITULOS-2-1-768x512.jpg 768w, https:\/\/diarioprincipios.com\/wp-content\/uploads\/2024\/09\/35-BERAZATEGUENSES-GRADUADOS-EN-LA-UNAJ-RECIBIERON-SUS-TITULOS-2-1-1536x1024.jpg 1536w, https:\/\/diarioprincipios.com\/wp-content\/uploads\/2024\/09\/35-BERAZATEGUENSES-GRADUADOS-EN-LA-UNAJ-RECIBIERON-SUS-TITULOS-2-1-600x400.jpg 600w, https:\/\/diarioprincipios.com\/wp-content\/uploads\/2024\/09\/35-BERAZATEGUENSES-GRADUADOS-EN-LA-UNAJ-RECIBIERON-SUS-TITULOS-2-1.jpg 1920w\" sizes=\"auto, (max-width: 1024px) 100vw, 1024px\" \/><\/figure>\n\n\n\n<p>El Intendente, adem\u00e1s, asegur\u00f3: \u201cLa Universidad P\u00fablica es la \u00fanica que iguala. Creo que hay que plantarse ante aquellos que quieren suprimir la Educaci\u00f3n P\u00fablica y especialmente la Universitaria, gratuita, igualitaria, abierta a todos los sectores de la sociedad. Podemos asegurar la calidad educativa excepcional de la UNAJ desde su creaci\u00f3n hasta la actualidad. Para m\u00ed es un orgullo. Ojal\u00e1 tengamos la Universidad en Berazategui. No hay que aflojar. Los que est\u00e1n aqu\u00ed no aflojaron y llegaron\u201d.<br>Arnaldo Medina, en tanto, manifest\u00f3: \u201cNuestra Universidad hoy tiene 36.047 estudiantes regulares y debemos defenderla. La salida es la ciencia y la tecnolog\u00eda. Por eso pedimos a las autoridades nacionales que no ahoguen presupuestariamente a las Casas de Altos Estudios\u201d.<\/p>\n\n\n\n<figure class=\"wp-block-image size-large\"><img loading=\"lazy\" decoding=\"async\" width=\"1024\" height=\"683\" src=\"https:\/\/diarioprincipios.com\/wp-content\/uploads\/2024\/09\/35-BERAZATEGUENSES-GRADUADOS-EN-LA-UNAJ-RECIBIERON-SUS-TITULOS-3-1024x683.jpg\" alt=\"\" class=\"wp-image-23147\" srcset=\"https:\/\/diarioprincipios.com\/wp-content\/uploads\/2024\/09\/35-BERAZATEGUENSES-GRADUADOS-EN-LA-UNAJ-RECIBIERON-SUS-TITULOS-3-1024x683.jpg 1024w, https:\/\/diarioprincipios.com\/wp-content\/uploads\/2024\/09\/35-BERAZATEGUENSES-GRADUADOS-EN-LA-UNAJ-RECIBIERON-SUS-TITULOS-3-300x200.jpg 300w, https:\/\/diarioprincipios.com\/wp-content\/uploads\/2024\/09\/35-BERAZATEGUENSES-GRADUADOS-EN-LA-UNAJ-RECIBIERON-SUS-TITULOS-3-768x512.jpg 768w, https:\/\/diarioprincipios.com\/wp-content\/uploads\/2024\/09\/35-BERAZATEGUENSES-GRADUADOS-EN-LA-UNAJ-RECIBIERON-SUS-TITULOS-3-1536x1024.jpg 1536w, https:\/\/diarioprincipios.com\/wp-content\/uploads\/2024\/09\/35-BERAZATEGUENSES-GRADUADOS-EN-LA-UNAJ-RECIBIERON-SUS-TITULOS-3-600x400.jpg 600w, https:\/\/diarioprincipios.com\/wp-content\/uploads\/2024\/09\/35-BERAZATEGUENSES-GRADUADOS-EN-LA-UNAJ-RECIBIERON-SUS-TITULOS-3.jpg 1920w\" sizes=\"auto, (max-width: 1024px) 100vw, 1024px\" \/><\/figure>\n\n\n\n<p><br>Adem\u00e1s, el Rector se\u00f1al\u00f3: \u201cAgradezco al Dr. Mussi por realizar este primer acto de colaci\u00f3n de la UNAJ aqu\u00ed. Es una alegr\u00eda especial compartirlo y poner un granito m\u00e1s en este sue\u00f1o de la Universidad de Berazategui; ser\u00e1 una realidad concreta y lo vemos en la gran cantidad de egresados que tiene este distrito\u201d.<br>Por su parte, Jennifer Soledad L\u00f3pez, graduada en Licenciatura en Organizaci\u00f3n y Asistencia de Quir\u00f3fanos, expres\u00f3 emocionada: \u201cAgradezco la posibilidad de estar aqu\u00ed celebrando cada t\u00edtulo tan anhelado. Considero que las Universidades del Bicentenario llegaron a los barrios para darle la oportunidad de estudiar a miles de personas que no llegaban. Nuestra Universidad da cuenta de ello cada vez que se grad\u00faa un vecino o vecina que adem\u00e1s, en muchas ocasiones, es primera generaci\u00f3n de estudiantes universitarios en su familia. Tener una Universidad P\u00fablica gratuita y de calidad cerca de casa fue clave para m\u00ed y seguramente lo fue para los graduados y graduadas que hoy nos acompa\u00f1an. Los invito a defender la Educaci\u00f3n P\u00fablica y las Universidades\u201d.<\/p>\n\n\n\n<figure class=\"wp-block-image size-large\"><img loading=\"lazy\" decoding=\"async\" width=\"1024\" height=\"683\" src=\"https:\/\/diarioprincipios.com\/wp-content\/uploads\/2024\/09\/35-BERAZATEGUENSES-GRADUADOS-EN-LA-UNAJ-RECIBIERON-SUS-TITULOS-1-1024x683.jpg\" alt=\"\" class=\"wp-image-23148\" srcset=\"https:\/\/diarioprincipios.com\/wp-content\/uploads\/2024\/09\/35-BERAZATEGUENSES-GRADUADOS-EN-LA-UNAJ-RECIBIERON-SUS-TITULOS-1-1024x683.jpg 1024w, https:\/\/diarioprincipios.com\/wp-content\/uploads\/2024\/09\/35-BERAZATEGUENSES-GRADUADOS-EN-LA-UNAJ-RECIBIERON-SUS-TITULOS-1-300x200.jpg 300w, https:\/\/diarioprincipios.com\/wp-content\/uploads\/2024\/09\/35-BERAZATEGUENSES-GRADUADOS-EN-LA-UNAJ-RECIBIERON-SUS-TITULOS-1-768x512.jpg 768w, https:\/\/diarioprincipios.com\/wp-content\/uploads\/2024\/09\/35-BERAZATEGUENSES-GRADUADOS-EN-LA-UNAJ-RECIBIERON-SUS-TITULOS-1-1536x1024.jpg 1536w, https:\/\/diarioprincipios.com\/wp-content\/uploads\/2024\/09\/35-BERAZATEGUENSES-GRADUADOS-EN-LA-UNAJ-RECIBIERON-SUS-TITULOS-1-600x400.jpg 600w, https:\/\/diarioprincipios.com\/wp-content\/uploads\/2024\/09\/35-BERAZATEGUENSES-GRADUADOS-EN-LA-UNAJ-RECIBIERON-SUS-TITULOS-1.jpg 1920w\" sizes=\"auto, (max-width: 1024px) 100vw, 1024px\" \/><\/figure>\n\n\n\n<p><br>Durante la ceremonia, el rector Arnaldo Medina tom\u00f3 juramento a los graduados y graduadas, quienes manifestaron su compromiso solemne con el desempe\u00f1o de sus profesiones. Adem\u00e1s, el Coro de la UNAJ interpret\u00f3 canciones y se entreg\u00f3 una escarapela en vidrio y un certificado alusivo a los tres profesionales graduados oriundos de otros distritos de la regi\u00f3n.<br>Asistieron, tambi\u00e9n, integrantes del Gabinete municipal; la secretaria Acad\u00e9mica, Lic. Mar\u00eda Gabriela Peirano; entre otros representantes de la comunidad educativa; organizaciones estudiantiles y familias.<\/p>\n","protected":false},"excerpt":{"rendered":"<p>El intendente Juan Jos\u00e9 Mussi y el rector Arnaldo Medina encabezaron la ceremonia de entrega de diplomas a 35 egresados berazateguenses de la Universidad Nacional Arturo Jauretche (UNAJ). Es la primera vez que esta ceremonia se realiza en el distrito.\u201cQuiero agradecer al Rector de la UNAJ y a todo el equipo de trabajo por la&#8230;<\/p>\n","protected":false},"author":2,"featured_media":23144,"comment_status":"open","ping_status":"open","sticky":false,"template":"","format":"standard","meta":{"footnotes":""},"categories":[3,19],"tags":[],"class_list":["post-23142","post","type-post","status-publish","format-standard","has-post-thumbnail","hentry","category-berazategui","category-cultura-educacion"],"featured_image_src":"https:\/\/diarioprincipios.com\/wp-content\/uploads\/2024\/09\/35-BERAZATEGUENSES-GRADUADOS-EN-LA-UNAJ-RECIBIERON-SUS-TITULOS-4-1024x682.jpg","blog_images":{"medium":"https:\/\/diarioprincipios.com\/wp-content\/uploads\/2024\/09\/35-BERAZATEGUENSES-GRADUADOS-EN-LA-UNAJ-RECIBIERON-SUS-TITULOS-4-300x200.jpg","large":"https:\/\/diarioprincipios.com\/wp-content\/uploads\/2024\/09\/35-BERAZATEGUENSES-GRADUADOS-EN-LA-UNAJ-RECIBIERON-SUS-TITULOS-4-1024x682.jpg"},"ams_acf":[],"yoast_head":"<!-- This site is optimized with the Yoast SEO plugin v27.3 - https:\/\/yoast.com\/product\/yoast-seo-wordpress\/ -->\n<title>35 berazateguenses graduados en la UNAJ recibieron sus t\u00edtulos - Principios<\/title>\n<meta name=\"robots\" content=\"index, follow, max-snippet:-1, max-image-preview:large, max-video-preview:-1\" \/>\n<link rel=\"canonical\" href=\"https:\/\/diarioprincipios.com\/index.php\/2024\/09\/30\/35-berazateguenses-graduados-en-la-unaj-recibieron-sus-titulos\/\" \/>\n<meta property=\"og:locale\" content=\"es_ES\" \/>\n<meta property=\"og:type\" content=\"article\" \/>\n<meta property=\"og:title\" content=\"35 berazateguenses graduados en la UNAJ recibieron sus t\u00edtulos - Principios\" \/>\n<meta property=\"og:description\" content=\"El intendente Juan Jos\u00e9 Mussi y el rector Arnaldo Medina encabezaron la ceremonia de entrega de diplomas a 35 egresados berazateguenses de la Universidad Nacional Arturo Jauretche (UNAJ). Es la primera vez que esta ceremonia se realiza en el distrito.\u201cQuiero agradecer al Rector de la UNAJ y a todo el equipo de trabajo por la...\" \/>\n<meta property=\"og:url\" content=\"https:\/\/diarioprincipios.com\/index.php\/2024\/09\/30\/35-berazateguenses-graduados-en-la-unaj-recibieron-sus-titulos\/\" \/>\n<meta property=\"og:site_name\" content=\"Principios\" \/>\n<meta property=\"article:published_time\" content=\"2024-10-01T01:01:33+00:00\" \/>\n<meta property=\"article:modified_time\" content=\"2024-10-01T01:04:14+00:00\" \/>\n<meta property=\"og:image\" content=\"https:\/\/diarioprincipios.com\/wp-content\/uploads\/2024\/09\/35-BERAZATEGUENSES-GRADUADOS-EN-LA-UNAJ-RECIBIERON-SUS-TITULOS-4.jpg\" \/>\n\t<meta property=\"og:image:width\" content=\"1600\" \/>\n\t<meta property=\"og:image:height\" content=\"1066\" \/>\n\t<meta property=\"og:image:type\" content=\"image\/jpeg\" \/>\n<meta name=\"author\" content=\"Hern\u00e1n L\u00f3pez\" \/>\n<meta name=\"twitter:card\" content=\"summary_large_image\" \/>\n<meta name=\"twitter:label1\" content=\"Escrito por\" \/>\n\t<meta name=\"twitter:data1\" content=\"Hern\u00e1n L\u00f3pez\" \/>\n\t<meta name=\"twitter:label2\" content=\"Tiempo de lectura\" \/>\n\t<meta name=\"twitter:data2\" content=\"4 minutos\" \/>\n<script type=\"application\/ld+json\" class=\"yoast-schema-graph\">{\"@context\":\"https:\\\/\\\/schema.org\",\"@graph\":[{\"@type\":\"Article\",\"@id\":\"https:\\\/\\\/diarioprincipios.com\\\/index.php\\\/2024\\\/09\\\/30\\\/35-berazateguenses-graduados-en-la-unaj-recibieron-sus-titulos\\\/#article\",\"isPartOf\":{\"@id\":\"https:\\\/\\\/diarioprincipios.com\\\/index.php\\\/2024\\\/09\\\/30\\\/35-berazateguenses-graduados-en-la-unaj-recibieron-sus-titulos\\\/\"},\"author\":{\"name\":\"Hern\u00e1n L\u00f3pez\",\"@id\":\"https:\\\/\\\/diarioprincipios.com\\\/#\\\/schema\\\/person\\\/436d5a1fd41a5e250e23ff5a6a7cb080\"},\"headline\":\"35 berazateguenses graduados en la UNAJ recibieron sus t\u00edtulos\",\"datePublished\":\"2024-10-01T01:01:33+00:00\",\"dateModified\":\"2024-10-01T01:04:14+00:00\",\"mainEntityOfPage\":{\"@id\":\"https:\\\/\\\/diarioprincipios.com\\\/index.php\\\/2024\\\/09\\\/30\\\/35-berazateguenses-graduados-en-la-unaj-recibieron-sus-titulos\\\/\"},\"wordCount\":551,\"commentCount\":0,\"publisher\":{\"@id\":\"https:\\\/\\\/diarioprincipios.com\\\/#organization\"},\"image\":{\"@id\":\"https:\\\/\\\/diarioprincipios.com\\\/index.php\\\/2024\\\/09\\\/30\\\/35-berazateguenses-graduados-en-la-unaj-recibieron-sus-titulos\\\/#primaryimage\"},\"thumbnailUrl\":\"https:\\\/\\\/diarioprincipios.com\\\/wp-content\\\/uploads\\\/2024\\\/09\\\/35-BERAZATEGUENSES-GRADUADOS-EN-LA-UNAJ-RECIBIERON-SUS-TITULOS-4.jpg\",\"articleSection\":[\"Berazategui\",\"Cultura y Educaci\u00f3n\"],\"inLanguage\":\"es\",\"potentialAction\":[{\"@type\":\"CommentAction\",\"name\":\"Comment\",\"target\":[\"https:\\\/\\\/diarioprincipios.com\\\/index.php\\\/2024\\\/09\\\/30\\\/35-berazateguenses-graduados-en-la-unaj-recibieron-sus-titulos\\\/#respond\"]}]},{\"@type\":\"WebPage\",\"@id\":\"https:\\\/\\\/diarioprincipios.com\\\/index.php\\\/2024\\\/09\\\/30\\\/35-berazateguenses-graduados-en-la-unaj-recibieron-sus-titulos\\\/\",\"url\":\"https:\\\/\\\/diarioprincipios.com\\\/index.php\\\/2024\\\/09\\\/30\\\/35-berazateguenses-graduados-en-la-unaj-recibieron-sus-titulos\\\/\",\"name\":\"35 berazateguenses graduados en la UNAJ recibieron sus t\u00edtulos - Principios\",\"isPartOf\":{\"@id\":\"https:\\\/\\\/diarioprincipios.com\\\/#website\"},\"primaryImageOfPage\":{\"@id\":\"https:\\\/\\\/diarioprincipios.com\\\/index.php\\\/2024\\\/09\\\/30\\\/35-berazateguenses-graduados-en-la-unaj-recibieron-sus-titulos\\\/#primaryimage\"},\"image\":{\"@id\":\"https:\\\/\\\/diarioprincipios.com\\\/index.php\\\/2024\\\/09\\\/30\\\/35-berazateguenses-graduados-en-la-unaj-recibieron-sus-titulos\\\/#primaryimage\"},\"thumbnailUrl\":\"https:\\\/\\\/diarioprincipios.com\\\/wp-content\\\/uploads\\\/2024\\\/09\\\/35-BERAZATEGUENSES-GRADUADOS-EN-LA-UNAJ-RECIBIERON-SUS-TITULOS-4.jpg\",\"datePublished\":\"2024-10-01T01:01:33+00:00\",\"dateModified\":\"2024-10-01T01:04:14+00:00\",\"breadcrumb\":{\"@id\":\"https:\\\/\\\/diarioprincipios.com\\\/index.php\\\/2024\\\/09\\\/30\\\/35-berazateguenses-graduados-en-la-unaj-recibieron-sus-titulos\\\/#breadcrumb\"},\"inLanguage\":\"es\",\"potentialAction\":[{\"@type\":\"ReadAction\",\"target\":[\"https:\\\/\\\/diarioprincipios.com\\\/index.php\\\/2024\\\/09\\\/30\\\/35-berazateguenses-graduados-en-la-unaj-recibieron-sus-titulos\\\/\"]}]},{\"@type\":\"ImageObject\",\"inLanguage\":\"es\",\"@id\":\"https:\\\/\\\/diarioprincipios.com\\\/index.php\\\/2024\\\/09\\\/30\\\/35-berazateguenses-graduados-en-la-unaj-recibieron-sus-titulos\\\/#primaryimage\",\"url\":\"https:\\\/\\\/diarioprincipios.com\\\/wp-content\\\/uploads\\\/2024\\\/09\\\/35-BERAZATEGUENSES-GRADUADOS-EN-LA-UNAJ-RECIBIERON-SUS-TITULOS-4.jpg\",\"contentUrl\":\"https:\\\/\\\/diarioprincipios.com\\\/wp-content\\\/uploads\\\/2024\\\/09\\\/35-BERAZATEGUENSES-GRADUADOS-EN-LA-UNAJ-RECIBIERON-SUS-TITULOS-4.jpg\",\"width\":1600,\"height\":1066},{\"@type\":\"BreadcrumbList\",\"@id\":\"https:\\\/\\\/diarioprincipios.com\\\/index.php\\\/2024\\\/09\\\/30\\\/35-berazateguenses-graduados-en-la-unaj-recibieron-sus-titulos\\\/#breadcrumb\",\"itemListElement\":[{\"@type\":\"ListItem\",\"position\":1,\"name\":\"Portada\",\"item\":\"https:\\\/\\\/diarioprincipios.com\\\/\"},{\"@type\":\"ListItem\",\"position\":2,\"name\":\"35 berazateguenses graduados en la UNAJ recibieron sus t\u00edtulos\"}]},{\"@type\":\"WebSite\",\"@id\":\"https:\\\/\\\/diarioprincipios.com\\\/#website\",\"url\":\"https:\\\/\\\/diarioprincipios.com\\\/\",\"name\":\"Principios\",\"description\":\"Principios Diario\",\"publisher\":{\"@id\":\"https:\\\/\\\/diarioprincipios.com\\\/#organization\"},\"potentialAction\":[{\"@type\":\"SearchAction\",\"target\":{\"@type\":\"EntryPoint\",\"urlTemplate\":\"https:\\\/\\\/diarioprincipios.com\\\/?s={search_term_string}\"},\"query-input\":{\"@type\":\"PropertyValueSpecification\",\"valueRequired\":true,\"valueName\":\"search_term_string\"}}],\"inLanguage\":\"es\"},{\"@type\":\"Organization\",\"@id\":\"https:\\\/\\\/diarioprincipios.com\\\/#organization\",\"name\":\"Principios\",\"url\":\"https:\\\/\\\/diarioprincipios.com\\\/\",\"logo\":{\"@type\":\"ImageObject\",\"inLanguage\":\"es\",\"@id\":\"https:\\\/\\\/diarioprincipios.com\\\/#\\\/schema\\\/logo\\\/image\\\/\",\"url\":\"https:\\\/\\\/diarioprincipios.com\\\/wp-content\\\/uploads\\\/2024\\\/04\\\/cropped-www.diarioprincipios.com_-1.png\",\"contentUrl\":\"https:\\\/\\\/diarioprincipios.com\\\/wp-content\\\/uploads\\\/2024\\\/04\\\/cropped-www.diarioprincipios.com_-1.png\",\"width\":5325,\"height\":1454,\"caption\":\"Principios\"},\"image\":{\"@id\":\"https:\\\/\\\/diarioprincipios.com\\\/#\\\/schema\\\/logo\\\/image\\\/\"}},{\"@type\":\"Person\",\"@id\":\"https:\\\/\\\/diarioprincipios.com\\\/#\\\/schema\\\/person\\\/436d5a1fd41a5e250e23ff5a6a7cb080\",\"name\":\"Hern\u00e1n L\u00f3pez\",\"image\":{\"@type\":\"ImageObject\",\"inLanguage\":\"es\",\"@id\":\"https:\\\/\\\/diarioprincipios.com\\\/wp-content\\\/litespeed\\\/avatar\\\/11ddfe5610ff3bd100522525b2571f48.jpg?ver=1777048341\",\"url\":\"https:\\\/\\\/diarioprincipios.com\\\/wp-content\\\/litespeed\\\/avatar\\\/11ddfe5610ff3bd100522525b2571f48.jpg?ver=1777048341\",\"contentUrl\":\"https:\\\/\\\/diarioprincipios.com\\\/wp-content\\\/litespeed\\\/avatar\\\/11ddfe5610ff3bd100522525b2571f48.jpg?ver=1777048341\",\"caption\":\"Hern\u00e1n L\u00f3pez\"},\"url\":\"https:\\\/\\\/diarioprincipios.com\\\/index.php\\\/author\\\/hernan\\\/\"}]}<\/script>\n<!-- \/ Yoast SEO plugin. -->","yoast_head_json":{"title":"35 berazateguenses graduados en la UNAJ recibieron sus t\u00edtulos - Principios","robots":{"index":"index","follow":"follow","max-snippet":"max-snippet:-1","max-image-preview":"max-image-preview:large","max-video-preview":"max-video-preview:-1"},"canonical":"https:\/\/diarioprincipios.com\/index.php\/2024\/09\/30\/35-berazateguenses-graduados-en-la-unaj-recibieron-sus-titulos\/","og_locale":"es_ES","og_type":"article","og_title":"35 berazateguenses graduados en la UNAJ recibieron sus t\u00edtulos - Principios","og_description":"El intendente Juan Jos\u00e9 Mussi y el rector Arnaldo Medina encabezaron la ceremonia de entrega de diplomas a 35 egresados berazateguenses de la Universidad Nacional Arturo Jauretche (UNAJ). Es la primera vez que esta ceremonia se realiza en el distrito.\u201cQuiero agradecer al Rector de la UNAJ y a todo el equipo de trabajo por la...","og_url":"https:\/\/diarioprincipios.com\/index.php\/2024\/09\/30\/35-berazateguenses-graduados-en-la-unaj-recibieron-sus-titulos\/","og_site_name":"Principios","article_published_time":"2024-10-01T01:01:33+00:00","article_modified_time":"2024-10-01T01:04:14+00:00","og_image":[{"width":1600,"height":1066,"url":"https:\/\/diarioprincipios.com\/wp-content\/uploads\/2024\/09\/35-BERAZATEGUENSES-GRADUADOS-EN-LA-UNAJ-RECIBIERON-SUS-TITULOS-4.jpg","type":"image\/jpeg"}],"author":"Hern\u00e1n L\u00f3pez","twitter_card":"summary_large_image","twitter_misc":{"Escrito por":"Hern\u00e1n L\u00f3pez","Tiempo de lectura":"4 minutos"},"schema":{"@context":"https:\/\/schema.org","@graph":[{"@type":"Article","@id":"https:\/\/diarioprincipios.com\/index.php\/2024\/09\/30\/35-berazateguenses-graduados-en-la-unaj-recibieron-sus-titulos\/#article","isPartOf":{"@id":"https:\/\/diarioprincipios.com\/index.php\/2024\/09\/30\/35-berazateguenses-graduados-en-la-unaj-recibieron-sus-titulos\/"},"author":{"name":"Hern\u00e1n L\u00f3pez","@id":"https:\/\/diarioprincipios.com\/#\/schema\/person\/436d5a1fd41a5e250e23ff5a6a7cb080"},"headline":"35 berazateguenses graduados en la UNAJ recibieron sus t\u00edtulos","datePublished":"2024-10-01T01:01:33+00:00","dateModified":"2024-10-01T01:04:14+00:00","mainEntityOfPage":{"@id":"https:\/\/diarioprincipios.com\/index.php\/2024\/09\/30\/35-berazateguenses-graduados-en-la-unaj-recibieron-sus-titulos\/"},"wordCount":551,"commentCount":0,"publisher":{"@id":"https:\/\/diarioprincipios.com\/#organization"},"image":{"@id":"https:\/\/diarioprincipios.com\/index.php\/2024\/09\/30\/35-berazateguenses-graduados-en-la-unaj-recibieron-sus-titulos\/#primaryimage"},"thumbnailUrl":"https:\/\/diarioprincipios.com\/wp-content\/uploads\/2024\/09\/35-BERAZATEGUENSES-GRADUADOS-EN-LA-UNAJ-RECIBIERON-SUS-TITULOS-4.jpg","articleSection":["Berazategui","Cultura y Educaci\u00f3n"],"inLanguage":"es","potentialAction":[{"@type":"CommentAction","name":"Comment","target":["https:\/\/diarioprincipios.com\/index.php\/2024\/09\/30\/35-berazateguenses-graduados-en-la-unaj-recibieron-sus-titulos\/#respond"]}]},{"@type":"WebPage","@id":"https:\/\/diarioprincipios.com\/index.php\/2024\/09\/30\/35-berazateguenses-graduados-en-la-unaj-recibieron-sus-titulos\/","url":"https:\/\/diarioprincipios.com\/index.php\/2024\/09\/30\/35-berazateguenses-graduados-en-la-unaj-recibieron-sus-titulos\/","name":"35 berazateguenses graduados en la UNAJ recibieron sus t\u00edtulos - Principios","isPartOf":{"@id":"https:\/\/diarioprincipios.com\/#website"},"primaryImageOfPage":{"@id":"https:\/\/diarioprincipios.com\/index.php\/2024\/09\/30\/35-berazateguenses-graduados-en-la-unaj-recibieron-sus-titulos\/#primaryimage"},"image":{"@id":"https:\/\/diarioprincipios.com\/index.php\/2024\/09\/30\/35-berazateguenses-graduados-en-la-unaj-recibieron-sus-titulos\/#primaryimage"},"thumbnailUrl":"https:\/\/diarioprincipios.com\/wp-content\/uploads\/2024\/09\/35-BERAZATEGUENSES-GRADUADOS-EN-LA-UNAJ-RECIBIERON-SUS-TITULOS-4.jpg","datePublished":"2024-10-01T01:01:33+00:00","dateModified":"2024-10-01T01:04:14+00:00","breadcrumb":{"@id":"https:\/\/diarioprincipios.com\/index.php\/2024\/09\/30\/35-berazateguenses-graduados-en-la-unaj-recibieron-sus-titulos\/#breadcrumb"},"inLanguage":"es","potentialAction":[{"@type":"ReadAction","target":["https:\/\/diarioprincipios.com\/index.php\/2024\/09\/30\/35-berazateguenses-graduados-en-la-unaj-recibieron-sus-titulos\/"]}]},{"@type":"ImageObject","inLanguage":"es","@id":"https:\/\/diarioprincipios.com\/index.php\/2024\/09\/30\/35-berazateguenses-graduados-en-la-unaj-recibieron-sus-titulos\/#primaryimage","url":"https:\/\/diarioprincipios.com\/wp-content\/uploads\/2024\/09\/35-BERAZATEGUENSES-GRADUADOS-EN-LA-UNAJ-RECIBIERON-SUS-TITULOS-4.jpg","contentUrl":"https:\/\/diarioprincipios.com\/wp-content\/uploads\/2024\/09\/35-BERAZATEGUENSES-GRADUADOS-EN-LA-UNAJ-RECIBIERON-SUS-TITULOS-4.jpg","width":1600,"height":1066},{"@type":"BreadcrumbList","@id":"https:\/\/diarioprincipios.com\/index.php\/2024\/09\/30\/35-berazateguenses-graduados-en-la-unaj-recibieron-sus-titulos\/#breadcrumb","itemListElement":[{"@type":"ListItem","position":1,"name":"Portada","item":"https:\/\/diarioprincipios.com\/"},{"@type":"ListItem","position":2,"name":"35 berazateguenses graduados en la UNAJ recibieron sus t\u00edtulos"}]},{"@type":"WebSite","@id":"https:\/\/diarioprincipios.com\/#website","url":"https:\/\/diarioprincipios.com\/","name":"Principios","description":"Principios Diario","publisher":{"@id":"https:\/\/diarioprincipios.com\/#organization"},"potentialAction":[{"@type":"SearchAction","target":{"@type":"EntryPoint","urlTemplate":"https:\/\/diarioprincipios.com\/?s={search_term_string}"},"query-input":{"@type":"PropertyValueSpecification","valueRequired":true,"valueName":"search_term_string"}}],"inLanguage":"es"},{"@type":"Organization","@id":"https:\/\/diarioprincipios.com\/#organization","name":"Principios","url":"https:\/\/diarioprincipios.com\/","logo":{"@type":"ImageObject","inLanguage":"es","@id":"https:\/\/diarioprincipios.com\/#\/schema\/logo\/image\/","url":"https:\/\/diarioprincipios.com\/wp-content\/uploads\/2024\/04\/cropped-www.diarioprincipios.com_-1.png","contentUrl":"https:\/\/diarioprincipios.com\/wp-content\/uploads\/2024\/04\/cropped-www.diarioprincipios.com_-1.png","width":5325,"height":1454,"caption":"Principios"},"image":{"@id":"https:\/\/diarioprincipios.com\/#\/schema\/logo\/image\/"}},{"@type":"Person","@id":"https:\/\/diarioprincipios.com\/#\/schema\/person\/436d5a1fd41a5e250e23ff5a6a7cb080","name":"Hern\u00e1n L\u00f3pez","image":{"@type":"ImageObject","inLanguage":"es","@id":"https:\/\/diarioprincipios.com\/wp-content\/litespeed\/avatar\/11ddfe5610ff3bd100522525b2571f48.jpg?ver=1777048341","url":"https:\/\/diarioprincipios.com\/wp-content\/litespeed\/avatar\/11ddfe5610ff3bd100522525b2571f48.jpg?ver=1777048341","contentUrl":"https:\/\/diarioprincipios.com\/wp-content\/litespeed\/avatar\/11ddfe5610ff3bd100522525b2571f48.jpg?ver=1777048341","caption":"Hern\u00e1n L\u00f3pez"},"url":"https:\/\/diarioprincipios.com\/index.php\/author\/hernan\/"}]}},"jetpack_featured_media_url":"https:\/\/diarioprincipios.com\/wp-content\/uploads\/2024\/09\/35-BERAZATEGUENSES-GRADUADOS-EN-LA-UNAJ-RECIBIERON-SUS-TITULOS-4.jpg","_links":{"self":[{"href":"https:\/\/diarioprincipios.com\/index.php\/wp-json\/wp\/v2\/posts\/23142","targetHints":{"allow":["GET"]}}],"collection":[{"href":"https:\/\/diarioprincipios.com\/index.php\/wp-json\/wp\/v2\/posts"}],"about":[{"href":"https:\/\/diarioprincipios.com\/index.php\/wp-json\/wp\/v2\/types\/post"}],"author":[{"embeddable":true,"href":"https:\/\/diarioprincipios.com\/index.php\/wp-json\/wp\/v2\/users\/2"}],"replies":[{"embeddable":true,"href":"https:\/\/diarioprincipios.com\/index.php\/wp-json\/wp\/v2\/comments?post=23142"}],"version-history":[{"count":2,"href":"https:\/\/diarioprincipios.com\/index.php\/wp-json\/wp\/v2\/posts\/23142\/revisions"}],"predecessor-version":[{"id":23150,"href":"https:\/\/diarioprincipios.com\/index.php\/wp-json\/wp\/v2\/posts\/23142\/revisions\/23150"}],"wp:featuredmedia":[{"embeddable":true,"href":"https:\/\/diarioprincipios.com\/index.php\/wp-json\/wp\/v2\/media\/23144"}],"wp:attachment":[{"href":"https:\/\/diarioprincipios.com\/index.php\/wp-json\/wp\/v2\/media?parent=23142"}],"wp:term":[{"taxonomy":"category","embeddable":true,"href":"https:\/\/diarioprincipios.com\/index.php\/wp-json\/wp\/v2\/categories?post=23142"},{"taxonomy":"post_tag","embeddable":true,"href":"https:\/\/diarioprincipios.com\/index.php\/wp-json\/wp\/v2\/tags?post=23142"}],"curies":[{"name":"wp","href":"https:\/\/api.w.org\/{rel}","templated":true}]}}