{"id":23137,"date":"2024-09-30T15:05:21","date_gmt":"2024-09-30T18:05:21","guid":{"rendered":"http:\/\/diarioprincipios.com\/?p=23137"},"modified":"2024-09-30T15:05:22","modified_gmt":"2024-09-30T18:05:22","slug":"gran-festejo-por-el-dia-del-empleado-de-comercio","status":"publish","type":"post","link":"https:\/\/diarioprincipios.com\/index.php\/2024\/09\/30\/gran-festejo-por-el-dia-del-empleado-de-comercio\/","title":{"rendered":"Gran festejo por el D\u00eda del Empleado de Comercio"},"content":{"rendered":"\n<p>En la noche del domingo se realiz\u00f3 un colorido festejo por el D\u00eda del Empleado Mercantil, organizado por el Centro de Empleados de Comercio de Quilmes, Berazategui y Varela, que conduce Roberto \u00bb Mata\u00bb Rodriguez.<br>El mismo se llev\u00f3 a cabo en el conocido complejo El Bosque, de la ciudad de Quilmes, disfrutando los trabajadores de una hermosa velada.<\/p>\n\n\n\n<figure class=\"wp-block-image size-large\"><img loading=\"lazy\" decoding=\"async\" width=\"1024\" height=\"683\" src=\"https:\/\/diarioprincipios.com\/wp-content\/uploads\/2024\/09\/IMG-20240930-WA0005-1024x683.jpg\" alt=\"\" class=\"wp-image-23138\" srcset=\"https:\/\/diarioprincipios.com\/wp-content\/uploads\/2024\/09\/IMG-20240930-WA0005-1024x683.jpg 1024w, https:\/\/diarioprincipios.com\/wp-content\/uploads\/2024\/09\/IMG-20240930-WA0005-300x200.jpg 300w, https:\/\/diarioprincipios.com\/wp-content\/uploads\/2024\/09\/IMG-20240930-WA0005-768x512.jpg 768w, https:\/\/diarioprincipios.com\/wp-content\/uploads\/2024\/09\/IMG-20240930-WA0005-600x400.jpg 600w, https:\/\/diarioprincipios.com\/wp-content\/uploads\/2024\/09\/IMG-20240930-WA0005.jpg 1188w\" sizes=\"auto, (max-width: 1024px) 100vw, 1024px\" \/><\/figure>\n\n\n\n<p>En di\u00e1logo con la prensa, el titular del gremio, el reconocido gremialista \u00abMata\u00bb Rodriguez, destac\u00f3 que \u00abhoy hay una profunda preocupaci\u00f3n no solo en los empleados de comercio sino en el conjunto de la sociedad, pero no quer\u00edamos privar a nuestros afiliados de esta celebraci\u00f3n\u00bb.<br>Acot\u00f3 que \u00abel tema salarial es complicado tambi\u00e9n para nosotros, con el sector empresario acordamos una cifra y el gobierno no la homologa aduciendo una baja en la inflaci\u00f3n, pero mientras tanto aumenta el gas, aumenta el combustible y aumenta la luz adem\u00e1s de otros servicios\u00bb.<br>Roberto Rodriguez continu\u00f3 diciendo que \u00aben un contexto dif\u00edcil nosotros seguimos haciendo, en la region las obras las est\u00e1n viendo, muy pronto estar\u00e1 inaugurada la Delegaci\u00f3n de Varela donde estamos colocando internet y solo faltan los muebles\u00bb.<\/p>\n\n\n\n<figure class=\"wp-block-image size-large\"><img loading=\"lazy\" decoding=\"async\" width=\"1024\" height=\"683\" src=\"https:\/\/diarioprincipios.com\/wp-content\/uploads\/2024\/09\/IMG-20240930-WA0007-1024x683.jpg\" alt=\"\" class=\"wp-image-23139\" srcset=\"https:\/\/diarioprincipios.com\/wp-content\/uploads\/2024\/09\/IMG-20240930-WA0007-1024x683.jpg 1024w, https:\/\/diarioprincipios.com\/wp-content\/uploads\/2024\/09\/IMG-20240930-WA0007-300x200.jpg 300w, https:\/\/diarioprincipios.com\/wp-content\/uploads\/2024\/09\/IMG-20240930-WA0007-768x512.jpg 768w, https:\/\/diarioprincipios.com\/wp-content\/uploads\/2024\/09\/IMG-20240930-WA0007-600x400.jpg 600w, https:\/\/diarioprincipios.com\/wp-content\/uploads\/2024\/09\/IMG-20240930-WA0007.jpg 1188w\" sizes=\"auto, (max-width: 1024px) 100vw, 1024px\" \/><\/figure>\n\n\n\n<p><br>Agreg\u00f3 que \u00abestamos pintando el hotel de Mar del Plata y ampliando el de Valeria del Mar, que junto al de Pinamar ser\u00e1n esta temporada una gran opci\u00f3n para nuestros afiliados que hoy no pueden subirse a un avi\u00f3n y veranear en Miami o Brasil\u00bb.<br>El dirigente mercantil anticip\u00f3 que \u00abestamos llevando obras y servicios a nuestros afiliados de Quilmes, Berazategui, Varela y Solano, pronto tendremos Farmacia funcionando en las 4 delegaciones, eso va a ser muy importante porque hoy no alcanza el dinero para comprar los medicamentos que receta el m\u00e9dico\u00bb.<br>Finalmente, sostuvo que \u00abel Camping de El Pato y el del R\u00edo al igual que los hoteles, el Club El Porvenir, los Policonsultotios en una \u00e9poca eran sue\u00f1os, hoy son grandes realidades, por eso hay que creer, trabajar y no dejar de so\u00f1ar\u00bb.<\/p>\n","protected":false},"excerpt":{"rendered":"<p>En la noche del domingo se realiz\u00f3 un colorido festejo por el D\u00eda del Empleado Mercantil, organizado por el Centro de Empleados de Comercio de Quilmes, Berazategui y Varela, que conduce Roberto \u00bb Mata\u00bb Rodriguez.El mismo se llev\u00f3 a cabo en el conocido complejo El Bosque, de la ciudad de Quilmes, disfrutando los trabajadores de&#8230;<\/p>\n","protected":false},"author":2,"featured_media":23140,"comment_status":"open","ping_status":"open","sticky":false,"template":"","format":"standard","meta":{"footnotes":""},"categories":[4,17],"tags":[],"class_list":["post-23137","post","type-post","status-publish","format-standard","has-post-thumbnail","hentry","category-quilmes","category-zona-sur"],"featured_image_src":"https:\/\/diarioprincipios.com\/wp-content\/uploads\/2024\/09\/IMG-20240929-WA0040-1024x768.jpg","blog_images":{"medium":"https:\/\/diarioprincipios.com\/wp-content\/uploads\/2024\/09\/IMG-20240929-WA0040-300x225.jpg","large":"https:\/\/diarioprincipios.com\/wp-content\/uploads\/2024\/09\/IMG-20240929-WA0040-1024x768.jpg"},"ams_acf":[],"yoast_head":"<!-- This site is optimized with the Yoast SEO plugin v27.3 - https:\/\/yoast.com\/product\/yoast-seo-wordpress\/ -->\n<title>Gran festejo por el D\u00eda del Empleado de Comercio - Principios<\/title>\n<meta name=\"robots\" content=\"index, follow, max-snippet:-1, max-image-preview:large, max-video-preview:-1\" \/>\n<link rel=\"canonical\" href=\"https:\/\/diarioprincipios.com\/index.php\/2024\/09\/30\/gran-festejo-por-el-dia-del-empleado-de-comercio\/\" \/>\n<meta property=\"og:locale\" content=\"es_ES\" \/>\n<meta property=\"og:type\" content=\"article\" \/>\n<meta property=\"og:title\" content=\"Gran festejo por el D\u00eda del Empleado de Comercio - Principios\" \/>\n<meta property=\"og:description\" content=\"En la noche del domingo se realiz\u00f3 un colorido festejo por el D\u00eda del Empleado Mercantil, organizado por el Centro de Empleados de Comercio de Quilmes, Berazategui y Varela, que conduce Roberto \u00bb Mata\u00bb Rodriguez.El mismo se llev\u00f3 a cabo en el conocido complejo El Bosque, de la ciudad de Quilmes, disfrutando los trabajadores de...\" \/>\n<meta property=\"og:url\" content=\"https:\/\/diarioprincipios.com\/index.php\/2024\/09\/30\/gran-festejo-por-el-dia-del-empleado-de-comercio\/\" \/>\n<meta property=\"og:site_name\" content=\"Principios\" \/>\n<meta property=\"article:published_time\" content=\"2024-09-30T18:05:21+00:00\" \/>\n<meta property=\"article:modified_time\" content=\"2024-09-30T18:05:22+00:00\" \/>\n<meta property=\"og:image\" content=\"https:\/\/diarioprincipios.com\/wp-content\/uploads\/2024\/09\/IMG-20240929-WA0040.jpg\" \/>\n\t<meta property=\"og:image:width\" content=\"1280\" \/>\n\t<meta property=\"og:image:height\" content=\"960\" \/>\n\t<meta property=\"og:image:type\" content=\"image\/jpeg\" \/>\n<meta name=\"author\" content=\"Hern\u00e1n L\u00f3pez\" \/>\n<meta name=\"twitter:card\" content=\"summary_large_image\" \/>\n<meta name=\"twitter:label1\" content=\"Escrito por\" \/>\n\t<meta name=\"twitter:data1\" content=\"Hern\u00e1n L\u00f3pez\" \/>\n\t<meta name=\"twitter:label2\" content=\"Tiempo de lectura\" \/>\n\t<meta name=\"twitter:data2\" content=\"3 minutos\" \/>\n<script type=\"application\/ld+json\" class=\"yoast-schema-graph\">{\"@context\":\"https:\\\/\\\/schema.org\",\"@graph\":[{\"@type\":\"Article\",\"@id\":\"https:\\\/\\\/diarioprincipios.com\\\/index.php\\\/2024\\\/09\\\/30\\\/gran-festejo-por-el-dia-del-empleado-de-comercio\\\/#article\",\"isPartOf\":{\"@id\":\"https:\\\/\\\/diarioprincipios.com\\\/index.php\\\/2024\\\/09\\\/30\\\/gran-festejo-por-el-dia-del-empleado-de-comercio\\\/\"},\"author\":{\"name\":\"Hern\u00e1n L\u00f3pez\",\"@id\":\"https:\\\/\\\/diarioprincipios.com\\\/#\\\/schema\\\/person\\\/436d5a1fd41a5e250e23ff5a6a7cb080\"},\"headline\":\"Gran festejo por el D\u00eda del Empleado de Comercio\",\"datePublished\":\"2024-09-30T18:05:21+00:00\",\"dateModified\":\"2024-09-30T18:05:22+00:00\",\"mainEntityOfPage\":{\"@id\":\"https:\\\/\\\/diarioprincipios.com\\\/index.php\\\/2024\\\/09\\\/30\\\/gran-festejo-por-el-dia-del-empleado-de-comercio\\\/\"},\"wordCount\":348,\"commentCount\":0,\"publisher\":{\"@id\":\"https:\\\/\\\/diarioprincipios.com\\\/#organization\"},\"image\":{\"@id\":\"https:\\\/\\\/diarioprincipios.com\\\/index.php\\\/2024\\\/09\\\/30\\\/gran-festejo-por-el-dia-del-empleado-de-comercio\\\/#primaryimage\"},\"thumbnailUrl\":\"https:\\\/\\\/diarioprincipios.com\\\/wp-content\\\/uploads\\\/2024\\\/09\\\/IMG-20240929-WA0040.jpg\",\"articleSection\":[\"Quilmes\",\"Zonar Sur\"],\"inLanguage\":\"es\",\"potentialAction\":[{\"@type\":\"CommentAction\",\"name\":\"Comment\",\"target\":[\"https:\\\/\\\/diarioprincipios.com\\\/index.php\\\/2024\\\/09\\\/30\\\/gran-festejo-por-el-dia-del-empleado-de-comercio\\\/#respond\"]}]},{\"@type\":\"WebPage\",\"@id\":\"https:\\\/\\\/diarioprincipios.com\\\/index.php\\\/2024\\\/09\\\/30\\\/gran-festejo-por-el-dia-del-empleado-de-comercio\\\/\",\"url\":\"https:\\\/\\\/diarioprincipios.com\\\/index.php\\\/2024\\\/09\\\/30\\\/gran-festejo-por-el-dia-del-empleado-de-comercio\\\/\",\"name\":\"Gran festejo por el D\u00eda del Empleado de Comercio - Principios\",\"isPartOf\":{\"@id\":\"https:\\\/\\\/diarioprincipios.com\\\/#website\"},\"primaryImageOfPage\":{\"@id\":\"https:\\\/\\\/diarioprincipios.com\\\/index.php\\\/2024\\\/09\\\/30\\\/gran-festejo-por-el-dia-del-empleado-de-comercio\\\/#primaryimage\"},\"image\":{\"@id\":\"https:\\\/\\\/diarioprincipios.com\\\/index.php\\\/2024\\\/09\\\/30\\\/gran-festejo-por-el-dia-del-empleado-de-comercio\\\/#primaryimage\"},\"thumbnailUrl\":\"https:\\\/\\\/diarioprincipios.com\\\/wp-content\\\/uploads\\\/2024\\\/09\\\/IMG-20240929-WA0040.jpg\",\"datePublished\":\"2024-09-30T18:05:21+00:00\",\"dateModified\":\"2024-09-30T18:05:22+00:00\",\"breadcrumb\":{\"@id\":\"https:\\\/\\\/diarioprincipios.com\\\/index.php\\\/2024\\\/09\\\/30\\\/gran-festejo-por-el-dia-del-empleado-de-comercio\\\/#breadcrumb\"},\"inLanguage\":\"es\",\"potentialAction\":[{\"@type\":\"ReadAction\",\"target\":[\"https:\\\/\\\/diarioprincipios.com\\\/index.php\\\/2024\\\/09\\\/30\\\/gran-festejo-por-el-dia-del-empleado-de-comercio\\\/\"]}]},{\"@type\":\"ImageObject\",\"inLanguage\":\"es\",\"@id\":\"https:\\\/\\\/diarioprincipios.com\\\/index.php\\\/2024\\\/09\\\/30\\\/gran-festejo-por-el-dia-del-empleado-de-comercio\\\/#primaryimage\",\"url\":\"https:\\\/\\\/diarioprincipios.com\\\/wp-content\\\/uploads\\\/2024\\\/09\\\/IMG-20240929-WA0040.jpg\",\"contentUrl\":\"https:\\\/\\\/diarioprincipios.com\\\/wp-content\\\/uploads\\\/2024\\\/09\\\/IMG-20240929-WA0040.jpg\",\"width\":1280,\"height\":960},{\"@type\":\"BreadcrumbList\",\"@id\":\"https:\\\/\\\/diarioprincipios.com\\\/index.php\\\/2024\\\/09\\\/30\\\/gran-festejo-por-el-dia-del-empleado-de-comercio\\\/#breadcrumb\",\"itemListElement\":[{\"@type\":\"ListItem\",\"position\":1,\"name\":\"Portada\",\"item\":\"https:\\\/\\\/diarioprincipios.com\\\/\"},{\"@type\":\"ListItem\",\"position\":2,\"name\":\"Gran festejo por el D\u00eda del Empleado de Comercio\"}]},{\"@type\":\"WebSite\",\"@id\":\"https:\\\/\\\/diarioprincipios.com\\\/#website\",\"url\":\"https:\\\/\\\/diarioprincipios.com\\\/\",\"name\":\"Principios\",\"description\":\"Principios Diario\",\"publisher\":{\"@id\":\"https:\\\/\\\/diarioprincipios.com\\\/#organization\"},\"potentialAction\":[{\"@type\":\"SearchAction\",\"target\":{\"@type\":\"EntryPoint\",\"urlTemplate\":\"https:\\\/\\\/diarioprincipios.com\\\/?s={search_term_string}\"},\"query-input\":{\"@type\":\"PropertyValueSpecification\",\"valueRequired\":true,\"valueName\":\"search_term_string\"}}],\"inLanguage\":\"es\"},{\"@type\":\"Organization\",\"@id\":\"https:\\\/\\\/diarioprincipios.com\\\/#organization\",\"name\":\"Principios\",\"url\":\"https:\\\/\\\/diarioprincipios.com\\\/\",\"logo\":{\"@type\":\"ImageObject\",\"inLanguage\":\"es\",\"@id\":\"https:\\\/\\\/diarioprincipios.com\\\/#\\\/schema\\\/logo\\\/image\\\/\",\"url\":\"https:\\\/\\\/diarioprincipios.com\\\/wp-content\\\/uploads\\\/2024\\\/04\\\/cropped-www.diarioprincipios.com_-1.png\",\"contentUrl\":\"https:\\\/\\\/diarioprincipios.com\\\/wp-content\\\/uploads\\\/2024\\\/04\\\/cropped-www.diarioprincipios.com_-1.png\",\"width\":5325,\"height\":1454,\"caption\":\"Principios\"},\"image\":{\"@id\":\"https:\\\/\\\/diarioprincipios.com\\\/#\\\/schema\\\/logo\\\/image\\\/\"}},{\"@type\":\"Person\",\"@id\":\"https:\\\/\\\/diarioprincipios.com\\\/#\\\/schema\\\/person\\\/436d5a1fd41a5e250e23ff5a6a7cb080\",\"name\":\"Hern\u00e1n L\u00f3pez\",\"image\":{\"@type\":\"ImageObject\",\"inLanguage\":\"es\",\"@id\":\"https:\\\/\\\/diarioprincipios.com\\\/wp-content\\\/litespeed\\\/avatar\\\/11ddfe5610ff3bd100522525b2571f48.jpg?ver=1777048341\",\"url\":\"https:\\\/\\\/diarioprincipios.com\\\/wp-content\\\/litespeed\\\/avatar\\\/11ddfe5610ff3bd100522525b2571f48.jpg?ver=1777048341\",\"contentUrl\":\"https:\\\/\\\/diarioprincipios.com\\\/wp-content\\\/litespeed\\\/avatar\\\/11ddfe5610ff3bd100522525b2571f48.jpg?ver=1777048341\",\"caption\":\"Hern\u00e1n L\u00f3pez\"},\"url\":\"https:\\\/\\\/diarioprincipios.com\\\/index.php\\\/author\\\/hernan\\\/\"}]}<\/script>\n<!-- \/ Yoast SEO plugin. -->","yoast_head_json":{"title":"Gran festejo por el D\u00eda del Empleado de Comercio - Principios","robots":{"index":"index","follow":"follow","max-snippet":"max-snippet:-1","max-image-preview":"max-image-preview:large","max-video-preview":"max-video-preview:-1"},"canonical":"https:\/\/diarioprincipios.com\/index.php\/2024\/09\/30\/gran-festejo-por-el-dia-del-empleado-de-comercio\/","og_locale":"es_ES","og_type":"article","og_title":"Gran festejo por el D\u00eda del Empleado de Comercio - Principios","og_description":"En la noche del domingo se realiz\u00f3 un colorido festejo por el D\u00eda del Empleado Mercantil, organizado por el Centro de Empleados de Comercio de Quilmes, Berazategui y Varela, que conduce Roberto \u00bb Mata\u00bb Rodriguez.El mismo se llev\u00f3 a cabo en el conocido complejo El Bosque, de la ciudad de Quilmes, disfrutando los trabajadores de...","og_url":"https:\/\/diarioprincipios.com\/index.php\/2024\/09\/30\/gran-festejo-por-el-dia-del-empleado-de-comercio\/","og_site_name":"Principios","article_published_time":"2024-09-30T18:05:21+00:00","article_modified_time":"2024-09-30T18:05:22+00:00","og_image":[{"width":1280,"height":960,"url":"https:\/\/diarioprincipios.com\/wp-content\/uploads\/2024\/09\/IMG-20240929-WA0040.jpg","type":"image\/jpeg"}],"author":"Hern\u00e1n L\u00f3pez","twitter_card":"summary_large_image","twitter_misc":{"Escrito por":"Hern\u00e1n L\u00f3pez","Tiempo de lectura":"3 minutos"},"schema":{"@context":"https:\/\/schema.org","@graph":[{"@type":"Article","@id":"https:\/\/diarioprincipios.com\/index.php\/2024\/09\/30\/gran-festejo-por-el-dia-del-empleado-de-comercio\/#article","isPartOf":{"@id":"https:\/\/diarioprincipios.com\/index.php\/2024\/09\/30\/gran-festejo-por-el-dia-del-empleado-de-comercio\/"},"author":{"name":"Hern\u00e1n L\u00f3pez","@id":"https:\/\/diarioprincipios.com\/#\/schema\/person\/436d5a1fd41a5e250e23ff5a6a7cb080"},"headline":"Gran festejo por el D\u00eda del Empleado de Comercio","datePublished":"2024-09-30T18:05:21+00:00","dateModified":"2024-09-30T18:05:22+00:00","mainEntityOfPage":{"@id":"https:\/\/diarioprincipios.com\/index.php\/2024\/09\/30\/gran-festejo-por-el-dia-del-empleado-de-comercio\/"},"wordCount":348,"commentCount":0,"publisher":{"@id":"https:\/\/diarioprincipios.com\/#organization"},"image":{"@id":"https:\/\/diarioprincipios.com\/index.php\/2024\/09\/30\/gran-festejo-por-el-dia-del-empleado-de-comercio\/#primaryimage"},"thumbnailUrl":"https:\/\/diarioprincipios.com\/wp-content\/uploads\/2024\/09\/IMG-20240929-WA0040.jpg","articleSection":["Quilmes","Zonar Sur"],"inLanguage":"es","potentialAction":[{"@type":"CommentAction","name":"Comment","target":["https:\/\/diarioprincipios.com\/index.php\/2024\/09\/30\/gran-festejo-por-el-dia-del-empleado-de-comercio\/#respond"]}]},{"@type":"WebPage","@id":"https:\/\/diarioprincipios.com\/index.php\/2024\/09\/30\/gran-festejo-por-el-dia-del-empleado-de-comercio\/","url":"https:\/\/diarioprincipios.com\/index.php\/2024\/09\/30\/gran-festejo-por-el-dia-del-empleado-de-comercio\/","name":"Gran festejo por el D\u00eda del Empleado de Comercio - Principios","isPartOf":{"@id":"https:\/\/diarioprincipios.com\/#website"},"primaryImageOfPage":{"@id":"https:\/\/diarioprincipios.com\/index.php\/2024\/09\/30\/gran-festejo-por-el-dia-del-empleado-de-comercio\/#primaryimage"},"image":{"@id":"https:\/\/diarioprincipios.com\/index.php\/2024\/09\/30\/gran-festejo-por-el-dia-del-empleado-de-comercio\/#primaryimage"},"thumbnailUrl":"https:\/\/diarioprincipios.com\/wp-content\/uploads\/2024\/09\/IMG-20240929-WA0040.jpg","datePublished":"2024-09-30T18:05:21+00:00","dateModified":"2024-09-30T18:05:22+00:00","breadcrumb":{"@id":"https:\/\/diarioprincipios.com\/index.php\/2024\/09\/30\/gran-festejo-por-el-dia-del-empleado-de-comercio\/#breadcrumb"},"inLanguage":"es","potentialAction":[{"@type":"ReadAction","target":["https:\/\/diarioprincipios.com\/index.php\/2024\/09\/30\/gran-festejo-por-el-dia-del-empleado-de-comercio\/"]}]},{"@type":"ImageObject","inLanguage":"es","@id":"https:\/\/diarioprincipios.com\/index.php\/2024\/09\/30\/gran-festejo-por-el-dia-del-empleado-de-comercio\/#primaryimage","url":"https:\/\/diarioprincipios.com\/wp-content\/uploads\/2024\/09\/IMG-20240929-WA0040.jpg","contentUrl":"https:\/\/diarioprincipios.com\/wp-content\/uploads\/2024\/09\/IMG-20240929-WA0040.jpg","width":1280,"height":960},{"@type":"BreadcrumbList","@id":"https:\/\/diarioprincipios.com\/index.php\/2024\/09\/30\/gran-festejo-por-el-dia-del-empleado-de-comercio\/#breadcrumb","itemListElement":[{"@type":"ListItem","position":1,"name":"Portada","item":"https:\/\/diarioprincipios.com\/"},{"@type":"ListItem","position":2,"name":"Gran festejo por el D\u00eda del Empleado de Comercio"}]},{"@type":"WebSite","@id":"https:\/\/diarioprincipios.com\/#website","url":"https:\/\/diarioprincipios.com\/","name":"Principios","description":"Principios Diario","publisher":{"@id":"https:\/\/diarioprincipios.com\/#organization"},"potentialAction":[{"@type":"SearchAction","target":{"@type":"EntryPoint","urlTemplate":"https:\/\/diarioprincipios.com\/?s={search_term_string}"},"query-input":{"@type":"PropertyValueSpecification","valueRequired":true,"valueName":"search_term_string"}}],"inLanguage":"es"},{"@type":"Organization","@id":"https:\/\/diarioprincipios.com\/#organization","name":"Principios","url":"https:\/\/diarioprincipios.com\/","logo":{"@type":"ImageObject","inLanguage":"es","@id":"https:\/\/diarioprincipios.com\/#\/schema\/logo\/image\/","url":"https:\/\/diarioprincipios.com\/wp-content\/uploads\/2024\/04\/cropped-www.diarioprincipios.com_-1.png","contentUrl":"https:\/\/diarioprincipios.com\/wp-content\/uploads\/2024\/04\/cropped-www.diarioprincipios.com_-1.png","width":5325,"height":1454,"caption":"Principios"},"image":{"@id":"https:\/\/diarioprincipios.com\/#\/schema\/logo\/image\/"}},{"@type":"Person","@id":"https:\/\/diarioprincipios.com\/#\/schema\/person\/436d5a1fd41a5e250e23ff5a6a7cb080","name":"Hern\u00e1n L\u00f3pez","image":{"@type":"ImageObject","inLanguage":"es","@id":"https:\/\/diarioprincipios.com\/wp-content\/litespeed\/avatar\/11ddfe5610ff3bd100522525b2571f48.jpg?ver=1777048341","url":"https:\/\/diarioprincipios.com\/wp-content\/litespeed\/avatar\/11ddfe5610ff3bd100522525b2571f48.jpg?ver=1777048341","contentUrl":"https:\/\/diarioprincipios.com\/wp-content\/litespeed\/avatar\/11ddfe5610ff3bd100522525b2571f48.jpg?ver=1777048341","caption":"Hern\u00e1n L\u00f3pez"},"url":"https:\/\/diarioprincipios.com\/index.php\/author\/hernan\/"}]}},"jetpack_featured_media_url":"https:\/\/diarioprincipios.com\/wp-content\/uploads\/2024\/09\/IMG-20240929-WA0040.jpg","_links":{"self":[{"href":"https:\/\/diarioprincipios.com\/index.php\/wp-json\/wp\/v2\/posts\/23137","targetHints":{"allow":["GET"]}}],"collection":[{"href":"https:\/\/diarioprincipios.com\/index.php\/wp-json\/wp\/v2\/posts"}],"about":[{"href":"https:\/\/diarioprincipios.com\/index.php\/wp-json\/wp\/v2\/types\/post"}],"author":[{"embeddable":true,"href":"https:\/\/diarioprincipios.com\/index.php\/wp-json\/wp\/v2\/users\/2"}],"replies":[{"embeddable":true,"href":"https:\/\/diarioprincipios.com\/index.php\/wp-json\/wp\/v2\/comments?post=23137"}],"version-history":[{"count":1,"href":"https:\/\/diarioprincipios.com\/index.php\/wp-json\/wp\/v2\/posts\/23137\/revisions"}],"predecessor-version":[{"id":23141,"href":"https:\/\/diarioprincipios.com\/index.php\/wp-json\/wp\/v2\/posts\/23137\/revisions\/23141"}],"wp:featuredmedia":[{"embeddable":true,"href":"https:\/\/diarioprincipios.com\/index.php\/wp-json\/wp\/v2\/media\/23140"}],"wp:attachment":[{"href":"https:\/\/diarioprincipios.com\/index.php\/wp-json\/wp\/v2\/media?parent=23137"}],"wp:term":[{"taxonomy":"category","embeddable":true,"href":"https:\/\/diarioprincipios.com\/index.php\/wp-json\/wp\/v2\/categories?post=23137"},{"taxonomy":"post_tag","embeddable":true,"href":"https:\/\/diarioprincipios.com\/index.php\/wp-json\/wp\/v2\/tags?post=23137"}],"curies":[{"name":"wp","href":"https:\/\/api.w.org\/{rel}","templated":true}]}}