{"id":23108,"date":"2024-09-26T09:15:53","date_gmt":"2024-09-26T12:15:53","guid":{"rendered":"http:\/\/diarioprincipios.com\/?p=23108"},"modified":"2024-09-26T09:15:56","modified_gmt":"2024-09-26T12:15:56","slug":"abrio-inscripcion-para-taller-de-oficios-digitales","status":"publish","type":"post","link":"https:\/\/diarioprincipios.com\/index.php\/2024\/09\/26\/abrio-inscripcion-para-taller-de-oficios-digitales\/","title":{"rendered":"Abri\u00f3 inscripci\u00f3n para Taller de Oficios Digitales"},"content":{"rendered":"\n<p>El Municipio de Quilmes inform\u00f3 que en una acci\u00f3n articulada con Coca-Cola Reginald Lee, Coca-Cola de Argentina y la Asociaci\u00f3n Civil Chicos.net, est\u00e1 abierta la inscripci\u00f3n a los talleres de Oficios Digitales. Habr\u00e1 dos fechas disponibles: el viernes 27, de 14 a 15.30, en Quilmes TEC sede La Bernalesa (Mart\u00edn Rodr\u00edguez y Lamadrid, Quilmes Oeste); y el s\u00e1bado 28, de 10 a 11.30, en el CIC Santo Domingo (Bermejo 1099, Bernal Oeste).<\/p>\n\n\n\n<p>La propuesta es gratuita y est\u00e1 dirigida a chicos de entre 17 y 24 a\u00f1os que quieran capacitarse en el oficio de tester, una salida laboral o profesi\u00f3n para personas comprometidas con el control de calidad y el an\u00e1lisis en busca del \u00e9xito de la creaci\u00f3n de productos digitales o desarrollo de software.<\/p>\n\n\n\n<p>Para facilitar ese primer paso este Taller de Oficios Digitales de ProgramON aborda el oficio de testing, tambi\u00e9n conocido como pruebas de software o control de calidad (QA), referido al proceso de evaluar un software para identificar errores, fallos o problemas que puedan afectar su funcionamiento, rendimiento, seguridad o usabilidad. Las personas dedicadas a este oficio, llamadas testers o analistas de calidad, verifican que un software cumpla con los requisitos especificados y que funcione de manera eficiente en diversos escenarios.<\/p>\n\n\n\n<p>Desde Coca Cola Reginald Lee, la responsable de Asuntos Corporativos, Mar\u00eda Eugenia Justo, dijo: \u201cEstamos orgullosos de poder ser generadores de un cambio en los j\u00f3venes de nuestra comunidad. La educaci\u00f3n en pos de que puedan encontrar su primer trabajo es la garant\u00eda hacia un futuro m\u00e1s prometedor\u201d. Y mostr\u00f3 su satisfacci\u00f3n sobre que esta oportunidad para la poblaci\u00f3n m\u00e1s joven se desarrolle en conjunto con la Municipalidad de Quilmes, debido a que 81 a\u00f1os atr\u00e1s fue en esa localidad el primer lugar donde la empresa dio sus primeros pasos como distribuidor de Coca-Cola.<\/p>\n\n\n\n<p>Aquellos interesados en sumarse a los talleres podr\u00e1n hacerlo enviando un correo electr\u00f3nico a&nbsp;<a rel=\"noreferrer noopener\" target=\"_blank\" href=\"mailto:formacionoe@quilmes.gov.ar\">formacionoe@quilmes.gov.ar<\/a><\/p>\n\n\n\n<p>ProgramON es una iniciativa del Sistema Coca-Cola desarrollado junto a Chicos.net enfocado en potenciar la empleabilidad de chicos y chicas de entre 17 y 24 a\u00f1os que residan en cualquier lugar de la Argentina.&nbsp; Pueden participar quienes est\u00e9n cursando el \u00faltimo a\u00f1o del secundario (en cualquiera de sus modalidades) o que hayan terminado el ciclo lectivo y no est\u00e9n cursando estudios superiores.&nbsp; En ambos casos, los cupos son limitados. Y pueden optar por realizar Primer Envi\u00f3n, Emprendidos y\/o Testing. Estas capacitaciones ya impactaron a m\u00e1s de 5.000 j\u00f3venes, son 100% online y gratuitas. Para m\u00e1s informaci\u00f3n:&nbsp;<a rel=\"noreferrer noopener\" target=\"_blank\" href=\"https:\/\/www.chicos.net\/programon\/\">https:\/\/www.chicos.net\/programon\/<\/a><\/p>\n","protected":false},"excerpt":{"rendered":"<p>El Municipio de Quilmes inform\u00f3 que en una acci\u00f3n articulada con Coca-Cola Reginald Lee, Coca-Cola de Argentina y la Asociaci\u00f3n Civil Chicos.net, est\u00e1 abierta la inscripci\u00f3n a los talleres de Oficios Digitales. Habr\u00e1 dos fechas disponibles: el viernes 27, de 14 a 15.30, en Quilmes TEC sede La Bernalesa (Mart\u00edn Rodr\u00edguez y Lamadrid, Quilmes Oeste);&#8230;<\/p>\n","protected":false},"author":2,"featured_media":23109,"comment_status":"open","ping_status":"open","sticky":false,"template":"","format":"standard","meta":{"footnotes":""},"categories":[4,17],"tags":[],"class_list":["post-23108","post","type-post","status-publish","format-standard","has-post-thumbnail","hentry","category-quilmes","category-zona-sur"],"featured_image_src":"https:\/\/diarioprincipios.com\/wp-content\/uploads\/2024\/09\/TALLER-DE-OFICIOS-DIGITALES-2-1024x1024.jpg","blog_images":{"medium":"https:\/\/diarioprincipios.com\/wp-content\/uploads\/2024\/09\/TALLER-DE-OFICIOS-DIGITALES-2-300x300.jpg","large":"https:\/\/diarioprincipios.com\/wp-content\/uploads\/2024\/09\/TALLER-DE-OFICIOS-DIGITALES-2-1024x1024.jpg"},"ams_acf":[],"yoast_head":"<!-- This site is optimized with the Yoast SEO plugin v27.3 - https:\/\/yoast.com\/product\/yoast-seo-wordpress\/ -->\n<title>Abri\u00f3 inscripci\u00f3n para Taller de Oficios Digitales - Principios<\/title>\n<meta name=\"robots\" content=\"index, follow, max-snippet:-1, max-image-preview:large, max-video-preview:-1\" \/>\n<link rel=\"canonical\" href=\"https:\/\/diarioprincipios.com\/index.php\/2024\/09\/26\/abrio-inscripcion-para-taller-de-oficios-digitales\/\" \/>\n<meta property=\"og:locale\" content=\"es_ES\" \/>\n<meta property=\"og:type\" content=\"article\" \/>\n<meta property=\"og:title\" content=\"Abri\u00f3 inscripci\u00f3n para Taller de Oficios Digitales - Principios\" \/>\n<meta property=\"og:description\" content=\"El Municipio de Quilmes inform\u00f3 que en una acci\u00f3n articulada con Coca-Cola Reginald Lee, Coca-Cola de Argentina y la Asociaci\u00f3n Civil Chicos.net, est\u00e1 abierta la inscripci\u00f3n a los talleres de Oficios Digitales. Habr\u00e1 dos fechas disponibles: el viernes 27, de 14 a 15.30, en Quilmes TEC sede La Bernalesa (Mart\u00edn Rodr\u00edguez y Lamadrid, Quilmes Oeste);...\" \/>\n<meta property=\"og:url\" content=\"https:\/\/diarioprincipios.com\/index.php\/2024\/09\/26\/abrio-inscripcion-para-taller-de-oficios-digitales\/\" \/>\n<meta property=\"og:site_name\" content=\"Principios\" \/>\n<meta property=\"article:published_time\" content=\"2024-09-26T12:15:53+00:00\" \/>\n<meta property=\"article:modified_time\" content=\"2024-09-26T12:15:56+00:00\" \/>\n<meta property=\"og:image\" content=\"https:\/\/diarioprincipios.com\/wp-content\/uploads\/2024\/09\/TALLER-DE-OFICIOS-DIGITALES-2.jpg\" \/>\n\t<meta property=\"og:image:width\" content=\"1081\" \/>\n\t<meta property=\"og:image:height\" content=\"1081\" \/>\n\t<meta property=\"og:image:type\" content=\"image\/jpeg\" \/>\n<meta name=\"author\" content=\"Hern\u00e1n L\u00f3pez\" \/>\n<meta name=\"twitter:card\" content=\"summary_large_image\" \/>\n<meta name=\"twitter:label1\" content=\"Escrito por\" \/>\n\t<meta name=\"twitter:data1\" content=\"Hern\u00e1n L\u00f3pez\" \/>\n\t<meta name=\"twitter:label2\" content=\"Tiempo de lectura\" \/>\n\t<meta name=\"twitter:data2\" content=\"3 minutos\" \/>\n<script type=\"application\/ld+json\" class=\"yoast-schema-graph\">{\"@context\":\"https:\\\/\\\/schema.org\",\"@graph\":[{\"@type\":\"Article\",\"@id\":\"https:\\\/\\\/diarioprincipios.com\\\/index.php\\\/2024\\\/09\\\/26\\\/abrio-inscripcion-para-taller-de-oficios-digitales\\\/#article\",\"isPartOf\":{\"@id\":\"https:\\\/\\\/diarioprincipios.com\\\/index.php\\\/2024\\\/09\\\/26\\\/abrio-inscripcion-para-taller-de-oficios-digitales\\\/\"},\"author\":{\"name\":\"Hern\u00e1n L\u00f3pez\",\"@id\":\"https:\\\/\\\/diarioprincipios.com\\\/#\\\/schema\\\/person\\\/436d5a1fd41a5e250e23ff5a6a7cb080\"},\"headline\":\"Abri\u00f3 inscripci\u00f3n para Taller de Oficios Digitales\",\"datePublished\":\"2024-09-26T12:15:53+00:00\",\"dateModified\":\"2024-09-26T12:15:56+00:00\",\"mainEntityOfPage\":{\"@id\":\"https:\\\/\\\/diarioprincipios.com\\\/index.php\\\/2024\\\/09\\\/26\\\/abrio-inscripcion-para-taller-de-oficios-digitales\\\/\"},\"wordCount\":451,\"commentCount\":0,\"publisher\":{\"@id\":\"https:\\\/\\\/diarioprincipios.com\\\/#organization\"},\"image\":{\"@id\":\"https:\\\/\\\/diarioprincipios.com\\\/index.php\\\/2024\\\/09\\\/26\\\/abrio-inscripcion-para-taller-de-oficios-digitales\\\/#primaryimage\"},\"thumbnailUrl\":\"https:\\\/\\\/diarioprincipios.com\\\/wp-content\\\/uploads\\\/2024\\\/09\\\/TALLER-DE-OFICIOS-DIGITALES-2.jpg\",\"articleSection\":[\"Quilmes\",\"Zonar Sur\"],\"inLanguage\":\"es\",\"potentialAction\":[{\"@type\":\"CommentAction\",\"name\":\"Comment\",\"target\":[\"https:\\\/\\\/diarioprincipios.com\\\/index.php\\\/2024\\\/09\\\/26\\\/abrio-inscripcion-para-taller-de-oficios-digitales\\\/#respond\"]}]},{\"@type\":\"WebPage\",\"@id\":\"https:\\\/\\\/diarioprincipios.com\\\/index.php\\\/2024\\\/09\\\/26\\\/abrio-inscripcion-para-taller-de-oficios-digitales\\\/\",\"url\":\"https:\\\/\\\/diarioprincipios.com\\\/index.php\\\/2024\\\/09\\\/26\\\/abrio-inscripcion-para-taller-de-oficios-digitales\\\/\",\"name\":\"Abri\u00f3 inscripci\u00f3n para Taller de Oficios Digitales - Principios\",\"isPartOf\":{\"@id\":\"https:\\\/\\\/diarioprincipios.com\\\/#website\"},\"primaryImageOfPage\":{\"@id\":\"https:\\\/\\\/diarioprincipios.com\\\/index.php\\\/2024\\\/09\\\/26\\\/abrio-inscripcion-para-taller-de-oficios-digitales\\\/#primaryimage\"},\"image\":{\"@id\":\"https:\\\/\\\/diarioprincipios.com\\\/index.php\\\/2024\\\/09\\\/26\\\/abrio-inscripcion-para-taller-de-oficios-digitales\\\/#primaryimage\"},\"thumbnailUrl\":\"https:\\\/\\\/diarioprincipios.com\\\/wp-content\\\/uploads\\\/2024\\\/09\\\/TALLER-DE-OFICIOS-DIGITALES-2.jpg\",\"datePublished\":\"2024-09-26T12:15:53+00:00\",\"dateModified\":\"2024-09-26T12:15:56+00:00\",\"breadcrumb\":{\"@id\":\"https:\\\/\\\/diarioprincipios.com\\\/index.php\\\/2024\\\/09\\\/26\\\/abrio-inscripcion-para-taller-de-oficios-digitales\\\/#breadcrumb\"},\"inLanguage\":\"es\",\"potentialAction\":[{\"@type\":\"ReadAction\",\"target\":[\"https:\\\/\\\/diarioprincipios.com\\\/index.php\\\/2024\\\/09\\\/26\\\/abrio-inscripcion-para-taller-de-oficios-digitales\\\/\"]}]},{\"@type\":\"ImageObject\",\"inLanguage\":\"es\",\"@id\":\"https:\\\/\\\/diarioprincipios.com\\\/index.php\\\/2024\\\/09\\\/26\\\/abrio-inscripcion-para-taller-de-oficios-digitales\\\/#primaryimage\",\"url\":\"https:\\\/\\\/diarioprincipios.com\\\/wp-content\\\/uploads\\\/2024\\\/09\\\/TALLER-DE-OFICIOS-DIGITALES-2.jpg\",\"contentUrl\":\"https:\\\/\\\/diarioprincipios.com\\\/wp-content\\\/uploads\\\/2024\\\/09\\\/TALLER-DE-OFICIOS-DIGITALES-2.jpg\",\"width\":1081,\"height\":1081},{\"@type\":\"BreadcrumbList\",\"@id\":\"https:\\\/\\\/diarioprincipios.com\\\/index.php\\\/2024\\\/09\\\/26\\\/abrio-inscripcion-para-taller-de-oficios-digitales\\\/#breadcrumb\",\"itemListElement\":[{\"@type\":\"ListItem\",\"position\":1,\"name\":\"Portada\",\"item\":\"https:\\\/\\\/diarioprincipios.com\\\/\"},{\"@type\":\"ListItem\",\"position\":2,\"name\":\"Abri\u00f3 inscripci\u00f3n para Taller de Oficios Digitales\"}]},{\"@type\":\"WebSite\",\"@id\":\"https:\\\/\\\/diarioprincipios.com\\\/#website\",\"url\":\"https:\\\/\\\/diarioprincipios.com\\\/\",\"name\":\"Principios\",\"description\":\"Principios Diario\",\"publisher\":{\"@id\":\"https:\\\/\\\/diarioprincipios.com\\\/#organization\"},\"potentialAction\":[{\"@type\":\"SearchAction\",\"target\":{\"@type\":\"EntryPoint\",\"urlTemplate\":\"https:\\\/\\\/diarioprincipios.com\\\/?s={search_term_string}\"},\"query-input\":{\"@type\":\"PropertyValueSpecification\",\"valueRequired\":true,\"valueName\":\"search_term_string\"}}],\"inLanguage\":\"es\"},{\"@type\":\"Organization\",\"@id\":\"https:\\\/\\\/diarioprincipios.com\\\/#organization\",\"name\":\"Principios\",\"url\":\"https:\\\/\\\/diarioprincipios.com\\\/\",\"logo\":{\"@type\":\"ImageObject\",\"inLanguage\":\"es\",\"@id\":\"https:\\\/\\\/diarioprincipios.com\\\/#\\\/schema\\\/logo\\\/image\\\/\",\"url\":\"https:\\\/\\\/diarioprincipios.com\\\/wp-content\\\/uploads\\\/2024\\\/04\\\/cropped-www.diarioprincipios.com_-1.png\",\"contentUrl\":\"https:\\\/\\\/diarioprincipios.com\\\/wp-content\\\/uploads\\\/2024\\\/04\\\/cropped-www.diarioprincipios.com_-1.png\",\"width\":5325,\"height\":1454,\"caption\":\"Principios\"},\"image\":{\"@id\":\"https:\\\/\\\/diarioprincipios.com\\\/#\\\/schema\\\/logo\\\/image\\\/\"}},{\"@type\":\"Person\",\"@id\":\"https:\\\/\\\/diarioprincipios.com\\\/#\\\/schema\\\/person\\\/436d5a1fd41a5e250e23ff5a6a7cb080\",\"name\":\"Hern\u00e1n L\u00f3pez\",\"image\":{\"@type\":\"ImageObject\",\"inLanguage\":\"es\",\"@id\":\"https:\\\/\\\/diarioprincipios.com\\\/wp-content\\\/litespeed\\\/avatar\\\/11ddfe5610ff3bd100522525b2571f48.jpg?ver=1777048341\",\"url\":\"https:\\\/\\\/diarioprincipios.com\\\/wp-content\\\/litespeed\\\/avatar\\\/11ddfe5610ff3bd100522525b2571f48.jpg?ver=1777048341\",\"contentUrl\":\"https:\\\/\\\/diarioprincipios.com\\\/wp-content\\\/litespeed\\\/avatar\\\/11ddfe5610ff3bd100522525b2571f48.jpg?ver=1777048341\",\"caption\":\"Hern\u00e1n L\u00f3pez\"},\"url\":\"https:\\\/\\\/diarioprincipios.com\\\/index.php\\\/author\\\/hernan\\\/\"}]}<\/script>\n<!-- \/ Yoast SEO plugin. -->","yoast_head_json":{"title":"Abri\u00f3 inscripci\u00f3n para Taller de Oficios Digitales - Principios","robots":{"index":"index","follow":"follow","max-snippet":"max-snippet:-1","max-image-preview":"max-image-preview:large","max-video-preview":"max-video-preview:-1"},"canonical":"https:\/\/diarioprincipios.com\/index.php\/2024\/09\/26\/abrio-inscripcion-para-taller-de-oficios-digitales\/","og_locale":"es_ES","og_type":"article","og_title":"Abri\u00f3 inscripci\u00f3n para Taller de Oficios Digitales - Principios","og_description":"El Municipio de Quilmes inform\u00f3 que en una acci\u00f3n articulada con Coca-Cola Reginald Lee, Coca-Cola de Argentina y la Asociaci\u00f3n Civil Chicos.net, est\u00e1 abierta la inscripci\u00f3n a los talleres de Oficios Digitales. Habr\u00e1 dos fechas disponibles: el viernes 27, de 14 a 15.30, en Quilmes TEC sede La Bernalesa (Mart\u00edn Rodr\u00edguez y Lamadrid, Quilmes Oeste);...","og_url":"https:\/\/diarioprincipios.com\/index.php\/2024\/09\/26\/abrio-inscripcion-para-taller-de-oficios-digitales\/","og_site_name":"Principios","article_published_time":"2024-09-26T12:15:53+00:00","article_modified_time":"2024-09-26T12:15:56+00:00","og_image":[{"width":1081,"height":1081,"url":"https:\/\/diarioprincipios.com\/wp-content\/uploads\/2024\/09\/TALLER-DE-OFICIOS-DIGITALES-2.jpg","type":"image\/jpeg"}],"author":"Hern\u00e1n L\u00f3pez","twitter_card":"summary_large_image","twitter_misc":{"Escrito por":"Hern\u00e1n L\u00f3pez","Tiempo de lectura":"3 minutos"},"schema":{"@context":"https:\/\/schema.org","@graph":[{"@type":"Article","@id":"https:\/\/diarioprincipios.com\/index.php\/2024\/09\/26\/abrio-inscripcion-para-taller-de-oficios-digitales\/#article","isPartOf":{"@id":"https:\/\/diarioprincipios.com\/index.php\/2024\/09\/26\/abrio-inscripcion-para-taller-de-oficios-digitales\/"},"author":{"name":"Hern\u00e1n L\u00f3pez","@id":"https:\/\/diarioprincipios.com\/#\/schema\/person\/436d5a1fd41a5e250e23ff5a6a7cb080"},"headline":"Abri\u00f3 inscripci\u00f3n para Taller de Oficios Digitales","datePublished":"2024-09-26T12:15:53+00:00","dateModified":"2024-09-26T12:15:56+00:00","mainEntityOfPage":{"@id":"https:\/\/diarioprincipios.com\/index.php\/2024\/09\/26\/abrio-inscripcion-para-taller-de-oficios-digitales\/"},"wordCount":451,"commentCount":0,"publisher":{"@id":"https:\/\/diarioprincipios.com\/#organization"},"image":{"@id":"https:\/\/diarioprincipios.com\/index.php\/2024\/09\/26\/abrio-inscripcion-para-taller-de-oficios-digitales\/#primaryimage"},"thumbnailUrl":"https:\/\/diarioprincipios.com\/wp-content\/uploads\/2024\/09\/TALLER-DE-OFICIOS-DIGITALES-2.jpg","articleSection":["Quilmes","Zonar Sur"],"inLanguage":"es","potentialAction":[{"@type":"CommentAction","name":"Comment","target":["https:\/\/diarioprincipios.com\/index.php\/2024\/09\/26\/abrio-inscripcion-para-taller-de-oficios-digitales\/#respond"]}]},{"@type":"WebPage","@id":"https:\/\/diarioprincipios.com\/index.php\/2024\/09\/26\/abrio-inscripcion-para-taller-de-oficios-digitales\/","url":"https:\/\/diarioprincipios.com\/index.php\/2024\/09\/26\/abrio-inscripcion-para-taller-de-oficios-digitales\/","name":"Abri\u00f3 inscripci\u00f3n para Taller de Oficios Digitales - Principios","isPartOf":{"@id":"https:\/\/diarioprincipios.com\/#website"},"primaryImageOfPage":{"@id":"https:\/\/diarioprincipios.com\/index.php\/2024\/09\/26\/abrio-inscripcion-para-taller-de-oficios-digitales\/#primaryimage"},"image":{"@id":"https:\/\/diarioprincipios.com\/index.php\/2024\/09\/26\/abrio-inscripcion-para-taller-de-oficios-digitales\/#primaryimage"},"thumbnailUrl":"https:\/\/diarioprincipios.com\/wp-content\/uploads\/2024\/09\/TALLER-DE-OFICIOS-DIGITALES-2.jpg","datePublished":"2024-09-26T12:15:53+00:00","dateModified":"2024-09-26T12:15:56+00:00","breadcrumb":{"@id":"https:\/\/diarioprincipios.com\/index.php\/2024\/09\/26\/abrio-inscripcion-para-taller-de-oficios-digitales\/#breadcrumb"},"inLanguage":"es","potentialAction":[{"@type":"ReadAction","target":["https:\/\/diarioprincipios.com\/index.php\/2024\/09\/26\/abrio-inscripcion-para-taller-de-oficios-digitales\/"]}]},{"@type":"ImageObject","inLanguage":"es","@id":"https:\/\/diarioprincipios.com\/index.php\/2024\/09\/26\/abrio-inscripcion-para-taller-de-oficios-digitales\/#primaryimage","url":"https:\/\/diarioprincipios.com\/wp-content\/uploads\/2024\/09\/TALLER-DE-OFICIOS-DIGITALES-2.jpg","contentUrl":"https:\/\/diarioprincipios.com\/wp-content\/uploads\/2024\/09\/TALLER-DE-OFICIOS-DIGITALES-2.jpg","width":1081,"height":1081},{"@type":"BreadcrumbList","@id":"https:\/\/diarioprincipios.com\/index.php\/2024\/09\/26\/abrio-inscripcion-para-taller-de-oficios-digitales\/#breadcrumb","itemListElement":[{"@type":"ListItem","position":1,"name":"Portada","item":"https:\/\/diarioprincipios.com\/"},{"@type":"ListItem","position":2,"name":"Abri\u00f3 inscripci\u00f3n para Taller de Oficios Digitales"}]},{"@type":"WebSite","@id":"https:\/\/diarioprincipios.com\/#website","url":"https:\/\/diarioprincipios.com\/","name":"Principios","description":"Principios Diario","publisher":{"@id":"https:\/\/diarioprincipios.com\/#organization"},"potentialAction":[{"@type":"SearchAction","target":{"@type":"EntryPoint","urlTemplate":"https:\/\/diarioprincipios.com\/?s={search_term_string}"},"query-input":{"@type":"PropertyValueSpecification","valueRequired":true,"valueName":"search_term_string"}}],"inLanguage":"es"},{"@type":"Organization","@id":"https:\/\/diarioprincipios.com\/#organization","name":"Principios","url":"https:\/\/diarioprincipios.com\/","logo":{"@type":"ImageObject","inLanguage":"es","@id":"https:\/\/diarioprincipios.com\/#\/schema\/logo\/image\/","url":"https:\/\/diarioprincipios.com\/wp-content\/uploads\/2024\/04\/cropped-www.diarioprincipios.com_-1.png","contentUrl":"https:\/\/diarioprincipios.com\/wp-content\/uploads\/2024\/04\/cropped-www.diarioprincipios.com_-1.png","width":5325,"height":1454,"caption":"Principios"},"image":{"@id":"https:\/\/diarioprincipios.com\/#\/schema\/logo\/image\/"}},{"@type":"Person","@id":"https:\/\/diarioprincipios.com\/#\/schema\/person\/436d5a1fd41a5e250e23ff5a6a7cb080","name":"Hern\u00e1n L\u00f3pez","image":{"@type":"ImageObject","inLanguage":"es","@id":"https:\/\/diarioprincipios.com\/wp-content\/litespeed\/avatar\/11ddfe5610ff3bd100522525b2571f48.jpg?ver=1777048341","url":"https:\/\/diarioprincipios.com\/wp-content\/litespeed\/avatar\/11ddfe5610ff3bd100522525b2571f48.jpg?ver=1777048341","contentUrl":"https:\/\/diarioprincipios.com\/wp-content\/litespeed\/avatar\/11ddfe5610ff3bd100522525b2571f48.jpg?ver=1777048341","caption":"Hern\u00e1n L\u00f3pez"},"url":"https:\/\/diarioprincipios.com\/index.php\/author\/hernan\/"}]}},"jetpack_featured_media_url":"https:\/\/diarioprincipios.com\/wp-content\/uploads\/2024\/09\/TALLER-DE-OFICIOS-DIGITALES-2.jpg","_links":{"self":[{"href":"https:\/\/diarioprincipios.com\/index.php\/wp-json\/wp\/v2\/posts\/23108","targetHints":{"allow":["GET"]}}],"collection":[{"href":"https:\/\/diarioprincipios.com\/index.php\/wp-json\/wp\/v2\/posts"}],"about":[{"href":"https:\/\/diarioprincipios.com\/index.php\/wp-json\/wp\/v2\/types\/post"}],"author":[{"embeddable":true,"href":"https:\/\/diarioprincipios.com\/index.php\/wp-json\/wp\/v2\/users\/2"}],"replies":[{"embeddable":true,"href":"https:\/\/diarioprincipios.com\/index.php\/wp-json\/wp\/v2\/comments?post=23108"}],"version-history":[{"count":1,"href":"https:\/\/diarioprincipios.com\/index.php\/wp-json\/wp\/v2\/posts\/23108\/revisions"}],"predecessor-version":[{"id":23110,"href":"https:\/\/diarioprincipios.com\/index.php\/wp-json\/wp\/v2\/posts\/23108\/revisions\/23110"}],"wp:featuredmedia":[{"embeddable":true,"href":"https:\/\/diarioprincipios.com\/index.php\/wp-json\/wp\/v2\/media\/23109"}],"wp:attachment":[{"href":"https:\/\/diarioprincipios.com\/index.php\/wp-json\/wp\/v2\/media?parent=23108"}],"wp:term":[{"taxonomy":"category","embeddable":true,"href":"https:\/\/diarioprincipios.com\/index.php\/wp-json\/wp\/v2\/categories?post=23108"},{"taxonomy":"post_tag","embeddable":true,"href":"https:\/\/diarioprincipios.com\/index.php\/wp-json\/wp\/v2\/tags?post=23108"}],"curies":[{"name":"wp","href":"https:\/\/api.w.org\/{rel}","templated":true}]}}