{"id":23087,"date":"2024-09-24T13:01:07","date_gmt":"2024-09-24T16:01:07","guid":{"rendered":"http:\/\/diarioprincipios.com\/?p=23087"},"modified":"2024-09-24T13:01:10","modified_gmt":"2024-09-24T16:01:10","slug":"declararon-vecinos-destacados-de-berazategui-a-los-creadores-de-the-walking-conurban","status":"publish","type":"post","link":"https:\/\/diarioprincipios.com\/index.php\/2024\/09\/24\/declararon-vecinos-destacados-de-berazategui-a-los-creadores-de-the-walking-conurban\/","title":{"rendered":"Declararon vecinos destacados de Berazategui a los creadores de The  Walking Conurban"},"content":{"rendered":"\n<p><strong>Se declar\u00f3 \u201cVecinos Destacados de Berazategui\u201d a Guillermo Galeano y Diego Flores, administradores de The Walking Conurban, la cuenta de Instagram y Twitter que recopila, desde 2018, im\u00e1genes del Conurbano Bonaerense. La distinci\u00f3n fue tras ganar el Mart\u00edn Fierro Digital 2024 en la categor\u00eda \u201cMejor contenido urbano\u201d. El intendente Juan Jos\u00e9 Mussi particip\u00f3 del homenaje y los felicit\u00f3 por su trabajo.<\/strong><\/p>\n\n\n\n<figure class=\"wp-block-image size-large\"><img loading=\"lazy\" decoding=\"async\" width=\"1024\" height=\"683\" src=\"https:\/\/diarioprincipios.com\/wp-content\/uploads\/2024\/09\/DECLARARON-VECINOS-DESTACADOS-DE-BERAZATEGUI-A-LOS-CREADORES-DE-THE-WALKING-CONURBAN-4-1024x683.jpg\" alt=\"\" class=\"wp-image-23088\" srcset=\"https:\/\/diarioprincipios.com\/wp-content\/uploads\/2024\/09\/DECLARARON-VECINOS-DESTACADOS-DE-BERAZATEGUI-A-LOS-CREADORES-DE-THE-WALKING-CONURBAN-4-1024x683.jpg 1024w, https:\/\/diarioprincipios.com\/wp-content\/uploads\/2024\/09\/DECLARARON-VECINOS-DESTACADOS-DE-BERAZATEGUI-A-LOS-CREADORES-DE-THE-WALKING-CONURBAN-4-300x200.jpg 300w, https:\/\/diarioprincipios.com\/wp-content\/uploads\/2024\/09\/DECLARARON-VECINOS-DESTACADOS-DE-BERAZATEGUI-A-LOS-CREADORES-DE-THE-WALKING-CONURBAN-4-768x512.jpg 768w, https:\/\/diarioprincipios.com\/wp-content\/uploads\/2024\/09\/DECLARARON-VECINOS-DESTACADOS-DE-BERAZATEGUI-A-LOS-CREADORES-DE-THE-WALKING-CONURBAN-4-1536x1024.jpg 1536w, https:\/\/diarioprincipios.com\/wp-content\/uploads\/2024\/09\/DECLARARON-VECINOS-DESTACADOS-DE-BERAZATEGUI-A-LOS-CREADORES-DE-THE-WALKING-CONURBAN-4-600x400.jpg 600w, https:\/\/diarioprincipios.com\/wp-content\/uploads\/2024\/09\/DECLARARON-VECINOS-DESTACADOS-DE-BERAZATEGUI-A-LOS-CREADORES-DE-THE-WALKING-CONURBAN-4.jpg 1920w\" sizes=\"auto, (max-width: 1024px) 100vw, 1024px\" \/><\/figure>\n\n\n\n<p>El reconocimiento qued\u00f3 plasmado en la Ordenanza Municipal N\u00b0 6568, que tambi\u00e9n incluy\u00f3 la declaraci\u00f3n de Inter\u00e9s Cultural al libro \u201cCelebraciones Conurbanas\u201d, creado por The Walking Conurban junto a Ediber -la editorial de la Municipalidad de Berazategui-.<\/p>\n\n\n\n<p>En este sentido, Mussi expres\u00f3: \u201cEstoy orgulloso de los ciudadanos que tenemos en nuestra Patria Chica. En estos tiempos que vivimos, es fundamental que dos j\u00f3venes de Berazategui nos representen para bien, son un ejemplo y un motivo de orgullo. Le agradezco al Concejo Deliberante por brindarles esta distinci\u00f3n\u201d.<\/p>\n\n\n\n<figure class=\"wp-block-image size-large\"><img loading=\"lazy\" decoding=\"async\" width=\"1024\" height=\"683\" src=\"https:\/\/diarioprincipios.com\/wp-content\/uploads\/2024\/09\/DECLARARON-VECINOS-DESTACADOS-DE-BERAZATEGUI-A-LOS-CREADORES-DE-THE-WALKING-CONURBAN-3-1024x683.jpg\" alt=\"\" class=\"wp-image-23089\" srcset=\"https:\/\/diarioprincipios.com\/wp-content\/uploads\/2024\/09\/DECLARARON-VECINOS-DESTACADOS-DE-BERAZATEGUI-A-LOS-CREADORES-DE-THE-WALKING-CONURBAN-3-1024x683.jpg 1024w, https:\/\/diarioprincipios.com\/wp-content\/uploads\/2024\/09\/DECLARARON-VECINOS-DESTACADOS-DE-BERAZATEGUI-A-LOS-CREADORES-DE-THE-WALKING-CONURBAN-3-300x200.jpg 300w, https:\/\/diarioprincipios.com\/wp-content\/uploads\/2024\/09\/DECLARARON-VECINOS-DESTACADOS-DE-BERAZATEGUI-A-LOS-CREADORES-DE-THE-WALKING-CONURBAN-3-768x512.jpg 768w, https:\/\/diarioprincipios.com\/wp-content\/uploads\/2024\/09\/DECLARARON-VECINOS-DESTACADOS-DE-BERAZATEGUI-A-LOS-CREADORES-DE-THE-WALKING-CONURBAN-3-1536x1024.jpg 1536w, https:\/\/diarioprincipios.com\/wp-content\/uploads\/2024\/09\/DECLARARON-VECINOS-DESTACADOS-DE-BERAZATEGUI-A-LOS-CREADORES-DE-THE-WALKING-CONURBAN-3-600x400.jpg 600w, https:\/\/diarioprincipios.com\/wp-content\/uploads\/2024\/09\/DECLARARON-VECINOS-DESTACADOS-DE-BERAZATEGUI-A-LOS-CREADORES-DE-THE-WALKING-CONURBAN-3.jpg 1920w\" sizes=\"auto, (max-width: 1024px) 100vw, 1024px\" \/><\/figure>\n\n\n\n<p>En tanto Diego Flores, indic\u00f3: \u201cTodo esto da cuenta de un trabajo importante que venimos llevando desde hace seis a\u00f1os, que tiene la intenci\u00f3n principal de reivindicar y complejizar la mirada sobre el Conurbano Bonaerense, un lugar tan menospreciado por los medios de comunicaci\u00f3n\u201d.<\/p>\n\n\n\n<p>A su vez, Guillermo Galeano resalt\u00f3: \u201cDiego y yo somos nacidos, criados y crecidos en Berazategui y heredamos la noci\u00f3n de conurbanismo. De mi parte, fue en la zona de Ducilo donde se construy\u00f3 mi visi\u00f3n de la realidad. Hoy en d\u00eda, podemos afirmar que la mirada sobre el conurbano est\u00e1 empezando a cambiar\u201d.<\/p>\n\n\n\n<figure class=\"wp-block-image size-large\"><img loading=\"lazy\" decoding=\"async\" width=\"1024\" height=\"683\" src=\"https:\/\/diarioprincipios.com\/wp-content\/uploads\/2024\/09\/DECLARARON-VECINOS-DESTACADOS-DE-BERAZATEGUI-A-LOS-CREADORES-DE-THE-WALKING-CONURBAN-2-1024x683.jpg\" alt=\"\" class=\"wp-image-23090\" srcset=\"https:\/\/diarioprincipios.com\/wp-content\/uploads\/2024\/09\/DECLARARON-VECINOS-DESTACADOS-DE-BERAZATEGUI-A-LOS-CREADORES-DE-THE-WALKING-CONURBAN-2-1024x683.jpg 1024w, https:\/\/diarioprincipios.com\/wp-content\/uploads\/2024\/09\/DECLARARON-VECINOS-DESTACADOS-DE-BERAZATEGUI-A-LOS-CREADORES-DE-THE-WALKING-CONURBAN-2-300x200.jpg 300w, https:\/\/diarioprincipios.com\/wp-content\/uploads\/2024\/09\/DECLARARON-VECINOS-DESTACADOS-DE-BERAZATEGUI-A-LOS-CREADORES-DE-THE-WALKING-CONURBAN-2-768x512.jpg 768w, https:\/\/diarioprincipios.com\/wp-content\/uploads\/2024\/09\/DECLARARON-VECINOS-DESTACADOS-DE-BERAZATEGUI-A-LOS-CREADORES-DE-THE-WALKING-CONURBAN-2-1536x1024.jpg 1536w, https:\/\/diarioprincipios.com\/wp-content\/uploads\/2024\/09\/DECLARARON-VECINOS-DESTACADOS-DE-BERAZATEGUI-A-LOS-CREADORES-DE-THE-WALKING-CONURBAN-2-600x400.jpg 600w, https:\/\/diarioprincipios.com\/wp-content\/uploads\/2024\/09\/DECLARARON-VECINOS-DESTACADOS-DE-BERAZATEGUI-A-LOS-CREADORES-DE-THE-WALKING-CONURBAN-2.jpg 1920w\" sizes=\"auto, (max-width: 1024px) 100vw, 1024px\" \/><\/figure>\n\n\n\n<p>The Walking Conurban es un proyecto colectivo de comunicaci\u00f3n digital que retrata paisajes no convencionales del Conurbano Bonaerense, desmitificando los lugares comunes y construyendo miradas nuevas sobre esa porci\u00f3n del territorio provincial en el que habita aproximadamente el 20% de la poblaci\u00f3n argentina. Las fotos pueden oscilar entre una gallina en un and\u00e9n, hasta una pileta de lona en el medio de la calle; pasando por graffitis, pasacalles y tatuajes propios de la idiosincrasia conurbana. Actualmente supera los 483 mil seguidores en Instagram, muchos de los cuales colaboran directamente aportando ideas y contenidos.&nbsp;<\/p>\n","protected":false},"excerpt":{"rendered":"<p>Se declar\u00f3 \u201cVecinos Destacados de Berazategui\u201d a Guillermo Galeano y Diego Flores, administradores de The Walking Conurban, la cuenta de Instagram y Twitter que recopila, desde 2018, im\u00e1genes del Conurbano Bonaerense. La distinci\u00f3n fue tras ganar el Mart\u00edn Fierro Digital 2024 en la categor\u00eda \u201cMejor contenido urbano\u201d. El intendente Juan Jos\u00e9 Mussi particip\u00f3 del homenaje&#8230;<\/p>\n","protected":false},"author":2,"featured_media":23091,"comment_status":"open","ping_status":"open","sticky":false,"template":"","format":"standard","meta":{"footnotes":""},"categories":[3],"tags":[],"class_list":["post-23087","post","type-post","status-publish","format-standard","has-post-thumbnail","hentry","category-berazategui"],"featured_image_src":"https:\/\/diarioprincipios.com\/wp-content\/uploads\/2024\/09\/DECLARARON-VECINOS-DESTACADOS-DE-BERAZATEGUI-A-LOS-CREADORES-DE-THE-WALKING-CONURBAN-1-1024x683.jpg","blog_images":{"medium":"https:\/\/diarioprincipios.com\/wp-content\/uploads\/2024\/09\/DECLARARON-VECINOS-DESTACADOS-DE-BERAZATEGUI-A-LOS-CREADORES-DE-THE-WALKING-CONURBAN-1-300x200.jpg","large":"https:\/\/diarioprincipios.com\/wp-content\/uploads\/2024\/09\/DECLARARON-VECINOS-DESTACADOS-DE-BERAZATEGUI-A-LOS-CREADORES-DE-THE-WALKING-CONURBAN-1-1024x683.jpg"},"ams_acf":[],"yoast_head":"<!-- This site is optimized with the Yoast SEO plugin v27.3 - https:\/\/yoast.com\/product\/yoast-seo-wordpress\/ -->\n<title>Declararon vecinos destacados de Berazategui a los creadores de The Walking Conurban - Principios<\/title>\n<meta name=\"robots\" content=\"index, follow, max-snippet:-1, max-image-preview:large, max-video-preview:-1\" \/>\n<link rel=\"canonical\" href=\"https:\/\/diarioprincipios.com\/index.php\/2024\/09\/24\/declararon-vecinos-destacados-de-berazategui-a-los-creadores-de-the-walking-conurban\/\" \/>\n<meta property=\"og:locale\" content=\"es_ES\" \/>\n<meta property=\"og:type\" content=\"article\" \/>\n<meta property=\"og:title\" content=\"Declararon vecinos destacados de Berazategui a los creadores de The Walking Conurban - Principios\" \/>\n<meta property=\"og:description\" content=\"Se declar\u00f3 \u201cVecinos Destacados de Berazategui\u201d a Guillermo Galeano y Diego Flores, administradores de The Walking Conurban, la cuenta de Instagram y Twitter que recopila, desde 2018, im\u00e1genes del Conurbano Bonaerense. La distinci\u00f3n fue tras ganar el Mart\u00edn Fierro Digital 2024 en la categor\u00eda \u201cMejor contenido urbano\u201d. El intendente Juan Jos\u00e9 Mussi particip\u00f3 del homenaje...\" \/>\n<meta property=\"og:url\" content=\"https:\/\/diarioprincipios.com\/index.php\/2024\/09\/24\/declararon-vecinos-destacados-de-berazategui-a-los-creadores-de-the-walking-conurban\/\" \/>\n<meta property=\"og:site_name\" content=\"Principios\" \/>\n<meta property=\"article:published_time\" content=\"2024-09-24T16:01:07+00:00\" \/>\n<meta property=\"article:modified_time\" content=\"2024-09-24T16:01:10+00:00\" \/>\n<meta property=\"og:image\" content=\"https:\/\/diarioprincipios.com\/wp-content\/uploads\/2024\/09\/DECLARARON-VECINOS-DESTACADOS-DE-BERAZATEGUI-A-LOS-CREADORES-DE-THE-WALKING-CONURBAN-1.jpg\" \/>\n\t<meta property=\"og:image:width\" content=\"1920\" \/>\n\t<meta property=\"og:image:height\" content=\"1280\" \/>\n\t<meta property=\"og:image:type\" content=\"image\/jpeg\" \/>\n<meta name=\"author\" content=\"Hern\u00e1n L\u00f3pez\" \/>\n<meta name=\"twitter:card\" content=\"summary_large_image\" \/>\n<meta name=\"twitter:label1\" content=\"Escrito por\" \/>\n\t<meta name=\"twitter:data1\" content=\"Hern\u00e1n L\u00f3pez\" \/>\n\t<meta name=\"twitter:label2\" content=\"Tiempo de lectura\" \/>\n\t<meta name=\"twitter:data2\" content=\"3 minutos\" \/>\n<script type=\"application\/ld+json\" class=\"yoast-schema-graph\">{\"@context\":\"https:\\\/\\\/schema.org\",\"@graph\":[{\"@type\":\"Article\",\"@id\":\"https:\\\/\\\/diarioprincipios.com\\\/index.php\\\/2024\\\/09\\\/24\\\/declararon-vecinos-destacados-de-berazategui-a-los-creadores-de-the-walking-conurban\\\/#article\",\"isPartOf\":{\"@id\":\"https:\\\/\\\/diarioprincipios.com\\\/index.php\\\/2024\\\/09\\\/24\\\/declararon-vecinos-destacados-de-berazategui-a-los-creadores-de-the-walking-conurban\\\/\"},\"author\":{\"name\":\"Hern\u00e1n L\u00f3pez\",\"@id\":\"https:\\\/\\\/diarioprincipios.com\\\/#\\\/schema\\\/person\\\/436d5a1fd41a5e250e23ff5a6a7cb080\"},\"headline\":\"Declararon vecinos destacados de Berazategui a los creadores de The Walking Conurban\",\"datePublished\":\"2024-09-24T16:01:07+00:00\",\"dateModified\":\"2024-09-24T16:01:10+00:00\",\"mainEntityOfPage\":{\"@id\":\"https:\\\/\\\/diarioprincipios.com\\\/index.php\\\/2024\\\/09\\\/24\\\/declararon-vecinos-destacados-de-berazategui-a-los-creadores-de-the-walking-conurban\\\/\"},\"wordCount\":365,\"commentCount\":0,\"publisher\":{\"@id\":\"https:\\\/\\\/diarioprincipios.com\\\/#organization\"},\"image\":{\"@id\":\"https:\\\/\\\/diarioprincipios.com\\\/index.php\\\/2024\\\/09\\\/24\\\/declararon-vecinos-destacados-de-berazategui-a-los-creadores-de-the-walking-conurban\\\/#primaryimage\"},\"thumbnailUrl\":\"https:\\\/\\\/diarioprincipios.com\\\/wp-content\\\/uploads\\\/2024\\\/09\\\/DECLARARON-VECINOS-DESTACADOS-DE-BERAZATEGUI-A-LOS-CREADORES-DE-THE-WALKING-CONURBAN-1.jpg\",\"articleSection\":[\"Berazategui\"],\"inLanguage\":\"es\",\"potentialAction\":[{\"@type\":\"CommentAction\",\"name\":\"Comment\",\"target\":[\"https:\\\/\\\/diarioprincipios.com\\\/index.php\\\/2024\\\/09\\\/24\\\/declararon-vecinos-destacados-de-berazategui-a-los-creadores-de-the-walking-conurban\\\/#respond\"]}]},{\"@type\":\"WebPage\",\"@id\":\"https:\\\/\\\/diarioprincipios.com\\\/index.php\\\/2024\\\/09\\\/24\\\/declararon-vecinos-destacados-de-berazategui-a-los-creadores-de-the-walking-conurban\\\/\",\"url\":\"https:\\\/\\\/diarioprincipios.com\\\/index.php\\\/2024\\\/09\\\/24\\\/declararon-vecinos-destacados-de-berazategui-a-los-creadores-de-the-walking-conurban\\\/\",\"name\":\"Declararon vecinos destacados de Berazategui a los creadores de The Walking Conurban - Principios\",\"isPartOf\":{\"@id\":\"https:\\\/\\\/diarioprincipios.com\\\/#website\"},\"primaryImageOfPage\":{\"@id\":\"https:\\\/\\\/diarioprincipios.com\\\/index.php\\\/2024\\\/09\\\/24\\\/declararon-vecinos-destacados-de-berazategui-a-los-creadores-de-the-walking-conurban\\\/#primaryimage\"},\"image\":{\"@id\":\"https:\\\/\\\/diarioprincipios.com\\\/index.php\\\/2024\\\/09\\\/24\\\/declararon-vecinos-destacados-de-berazategui-a-los-creadores-de-the-walking-conurban\\\/#primaryimage\"},\"thumbnailUrl\":\"https:\\\/\\\/diarioprincipios.com\\\/wp-content\\\/uploads\\\/2024\\\/09\\\/DECLARARON-VECINOS-DESTACADOS-DE-BERAZATEGUI-A-LOS-CREADORES-DE-THE-WALKING-CONURBAN-1.jpg\",\"datePublished\":\"2024-09-24T16:01:07+00:00\",\"dateModified\":\"2024-09-24T16:01:10+00:00\",\"breadcrumb\":{\"@id\":\"https:\\\/\\\/diarioprincipios.com\\\/index.php\\\/2024\\\/09\\\/24\\\/declararon-vecinos-destacados-de-berazategui-a-los-creadores-de-the-walking-conurban\\\/#breadcrumb\"},\"inLanguage\":\"es\",\"potentialAction\":[{\"@type\":\"ReadAction\",\"target\":[\"https:\\\/\\\/diarioprincipios.com\\\/index.php\\\/2024\\\/09\\\/24\\\/declararon-vecinos-destacados-de-berazategui-a-los-creadores-de-the-walking-conurban\\\/\"]}]},{\"@type\":\"ImageObject\",\"inLanguage\":\"es\",\"@id\":\"https:\\\/\\\/diarioprincipios.com\\\/index.php\\\/2024\\\/09\\\/24\\\/declararon-vecinos-destacados-de-berazategui-a-los-creadores-de-the-walking-conurban\\\/#primaryimage\",\"url\":\"https:\\\/\\\/diarioprincipios.com\\\/wp-content\\\/uploads\\\/2024\\\/09\\\/DECLARARON-VECINOS-DESTACADOS-DE-BERAZATEGUI-A-LOS-CREADORES-DE-THE-WALKING-CONURBAN-1.jpg\",\"contentUrl\":\"https:\\\/\\\/diarioprincipios.com\\\/wp-content\\\/uploads\\\/2024\\\/09\\\/DECLARARON-VECINOS-DESTACADOS-DE-BERAZATEGUI-A-LOS-CREADORES-DE-THE-WALKING-CONURBAN-1.jpg\",\"width\":1920,\"height\":1280},{\"@type\":\"BreadcrumbList\",\"@id\":\"https:\\\/\\\/diarioprincipios.com\\\/index.php\\\/2024\\\/09\\\/24\\\/declararon-vecinos-destacados-de-berazategui-a-los-creadores-de-the-walking-conurban\\\/#breadcrumb\",\"itemListElement\":[{\"@type\":\"ListItem\",\"position\":1,\"name\":\"Portada\",\"item\":\"https:\\\/\\\/diarioprincipios.com\\\/\"},{\"@type\":\"ListItem\",\"position\":2,\"name\":\"Declararon vecinos destacados de Berazategui a los creadores de The Walking Conurban\"}]},{\"@type\":\"WebSite\",\"@id\":\"https:\\\/\\\/diarioprincipios.com\\\/#website\",\"url\":\"https:\\\/\\\/diarioprincipios.com\\\/\",\"name\":\"Principios\",\"description\":\"Principios Diario\",\"publisher\":{\"@id\":\"https:\\\/\\\/diarioprincipios.com\\\/#organization\"},\"potentialAction\":[{\"@type\":\"SearchAction\",\"target\":{\"@type\":\"EntryPoint\",\"urlTemplate\":\"https:\\\/\\\/diarioprincipios.com\\\/?s={search_term_string}\"},\"query-input\":{\"@type\":\"PropertyValueSpecification\",\"valueRequired\":true,\"valueName\":\"search_term_string\"}}],\"inLanguage\":\"es\"},{\"@type\":\"Organization\",\"@id\":\"https:\\\/\\\/diarioprincipios.com\\\/#organization\",\"name\":\"Principios\",\"url\":\"https:\\\/\\\/diarioprincipios.com\\\/\",\"logo\":{\"@type\":\"ImageObject\",\"inLanguage\":\"es\",\"@id\":\"https:\\\/\\\/diarioprincipios.com\\\/#\\\/schema\\\/logo\\\/image\\\/\",\"url\":\"https:\\\/\\\/diarioprincipios.com\\\/wp-content\\\/uploads\\\/2024\\\/04\\\/cropped-www.diarioprincipios.com_-1.png\",\"contentUrl\":\"https:\\\/\\\/diarioprincipios.com\\\/wp-content\\\/uploads\\\/2024\\\/04\\\/cropped-www.diarioprincipios.com_-1.png\",\"width\":5325,\"height\":1454,\"caption\":\"Principios\"},\"image\":{\"@id\":\"https:\\\/\\\/diarioprincipios.com\\\/#\\\/schema\\\/logo\\\/image\\\/\"}},{\"@type\":\"Person\",\"@id\":\"https:\\\/\\\/diarioprincipios.com\\\/#\\\/schema\\\/person\\\/436d5a1fd41a5e250e23ff5a6a7cb080\",\"name\":\"Hern\u00e1n L\u00f3pez\",\"image\":{\"@type\":\"ImageObject\",\"inLanguage\":\"es\",\"@id\":\"https:\\\/\\\/diarioprincipios.com\\\/wp-content\\\/litespeed\\\/avatar\\\/11ddfe5610ff3bd100522525b2571f48.jpg?ver=1777653193\",\"url\":\"https:\\\/\\\/diarioprincipios.com\\\/wp-content\\\/litespeed\\\/avatar\\\/11ddfe5610ff3bd100522525b2571f48.jpg?ver=1777653193\",\"contentUrl\":\"https:\\\/\\\/diarioprincipios.com\\\/wp-content\\\/litespeed\\\/avatar\\\/11ddfe5610ff3bd100522525b2571f48.jpg?ver=1777653193\",\"caption\":\"Hern\u00e1n L\u00f3pez\"},\"url\":\"https:\\\/\\\/diarioprincipios.com\\\/index.php\\\/author\\\/hernan\\\/\"}]}<\/script>\n<!-- \/ Yoast SEO plugin. -->","yoast_head_json":{"title":"Declararon vecinos destacados de Berazategui a los creadores de The Walking Conurban - Principios","robots":{"index":"index","follow":"follow","max-snippet":"max-snippet:-1","max-image-preview":"max-image-preview:large","max-video-preview":"max-video-preview:-1"},"canonical":"https:\/\/diarioprincipios.com\/index.php\/2024\/09\/24\/declararon-vecinos-destacados-de-berazategui-a-los-creadores-de-the-walking-conurban\/","og_locale":"es_ES","og_type":"article","og_title":"Declararon vecinos destacados de Berazategui a los creadores de The Walking Conurban - Principios","og_description":"Se declar\u00f3 \u201cVecinos Destacados de Berazategui\u201d a Guillermo Galeano y Diego Flores, administradores de The Walking Conurban, la cuenta de Instagram y Twitter que recopila, desde 2018, im\u00e1genes del Conurbano Bonaerense. La distinci\u00f3n fue tras ganar el Mart\u00edn Fierro Digital 2024 en la categor\u00eda \u201cMejor contenido urbano\u201d. El intendente Juan Jos\u00e9 Mussi particip\u00f3 del homenaje...","og_url":"https:\/\/diarioprincipios.com\/index.php\/2024\/09\/24\/declararon-vecinos-destacados-de-berazategui-a-los-creadores-de-the-walking-conurban\/","og_site_name":"Principios","article_published_time":"2024-09-24T16:01:07+00:00","article_modified_time":"2024-09-24T16:01:10+00:00","og_image":[{"width":1920,"height":1280,"url":"https:\/\/diarioprincipios.com\/wp-content\/uploads\/2024\/09\/DECLARARON-VECINOS-DESTACADOS-DE-BERAZATEGUI-A-LOS-CREADORES-DE-THE-WALKING-CONURBAN-1.jpg","type":"image\/jpeg"}],"author":"Hern\u00e1n L\u00f3pez","twitter_card":"summary_large_image","twitter_misc":{"Escrito por":"Hern\u00e1n L\u00f3pez","Tiempo de lectura":"3 minutos"},"schema":{"@context":"https:\/\/schema.org","@graph":[{"@type":"Article","@id":"https:\/\/diarioprincipios.com\/index.php\/2024\/09\/24\/declararon-vecinos-destacados-de-berazategui-a-los-creadores-de-the-walking-conurban\/#article","isPartOf":{"@id":"https:\/\/diarioprincipios.com\/index.php\/2024\/09\/24\/declararon-vecinos-destacados-de-berazategui-a-los-creadores-de-the-walking-conurban\/"},"author":{"name":"Hern\u00e1n L\u00f3pez","@id":"https:\/\/diarioprincipios.com\/#\/schema\/person\/436d5a1fd41a5e250e23ff5a6a7cb080"},"headline":"Declararon vecinos destacados de Berazategui a los creadores de The Walking Conurban","datePublished":"2024-09-24T16:01:07+00:00","dateModified":"2024-09-24T16:01:10+00:00","mainEntityOfPage":{"@id":"https:\/\/diarioprincipios.com\/index.php\/2024\/09\/24\/declararon-vecinos-destacados-de-berazategui-a-los-creadores-de-the-walking-conurban\/"},"wordCount":365,"commentCount":0,"publisher":{"@id":"https:\/\/diarioprincipios.com\/#organization"},"image":{"@id":"https:\/\/diarioprincipios.com\/index.php\/2024\/09\/24\/declararon-vecinos-destacados-de-berazategui-a-los-creadores-de-the-walking-conurban\/#primaryimage"},"thumbnailUrl":"https:\/\/diarioprincipios.com\/wp-content\/uploads\/2024\/09\/DECLARARON-VECINOS-DESTACADOS-DE-BERAZATEGUI-A-LOS-CREADORES-DE-THE-WALKING-CONURBAN-1.jpg","articleSection":["Berazategui"],"inLanguage":"es","potentialAction":[{"@type":"CommentAction","name":"Comment","target":["https:\/\/diarioprincipios.com\/index.php\/2024\/09\/24\/declararon-vecinos-destacados-de-berazategui-a-los-creadores-de-the-walking-conurban\/#respond"]}]},{"@type":"WebPage","@id":"https:\/\/diarioprincipios.com\/index.php\/2024\/09\/24\/declararon-vecinos-destacados-de-berazategui-a-los-creadores-de-the-walking-conurban\/","url":"https:\/\/diarioprincipios.com\/index.php\/2024\/09\/24\/declararon-vecinos-destacados-de-berazategui-a-los-creadores-de-the-walking-conurban\/","name":"Declararon vecinos destacados de Berazategui a los creadores de The Walking Conurban - Principios","isPartOf":{"@id":"https:\/\/diarioprincipios.com\/#website"},"primaryImageOfPage":{"@id":"https:\/\/diarioprincipios.com\/index.php\/2024\/09\/24\/declararon-vecinos-destacados-de-berazategui-a-los-creadores-de-the-walking-conurban\/#primaryimage"},"image":{"@id":"https:\/\/diarioprincipios.com\/index.php\/2024\/09\/24\/declararon-vecinos-destacados-de-berazategui-a-los-creadores-de-the-walking-conurban\/#primaryimage"},"thumbnailUrl":"https:\/\/diarioprincipios.com\/wp-content\/uploads\/2024\/09\/DECLARARON-VECINOS-DESTACADOS-DE-BERAZATEGUI-A-LOS-CREADORES-DE-THE-WALKING-CONURBAN-1.jpg","datePublished":"2024-09-24T16:01:07+00:00","dateModified":"2024-09-24T16:01:10+00:00","breadcrumb":{"@id":"https:\/\/diarioprincipios.com\/index.php\/2024\/09\/24\/declararon-vecinos-destacados-de-berazategui-a-los-creadores-de-the-walking-conurban\/#breadcrumb"},"inLanguage":"es","potentialAction":[{"@type":"ReadAction","target":["https:\/\/diarioprincipios.com\/index.php\/2024\/09\/24\/declararon-vecinos-destacados-de-berazategui-a-los-creadores-de-the-walking-conurban\/"]}]},{"@type":"ImageObject","inLanguage":"es","@id":"https:\/\/diarioprincipios.com\/index.php\/2024\/09\/24\/declararon-vecinos-destacados-de-berazategui-a-los-creadores-de-the-walking-conurban\/#primaryimage","url":"https:\/\/diarioprincipios.com\/wp-content\/uploads\/2024\/09\/DECLARARON-VECINOS-DESTACADOS-DE-BERAZATEGUI-A-LOS-CREADORES-DE-THE-WALKING-CONURBAN-1.jpg","contentUrl":"https:\/\/diarioprincipios.com\/wp-content\/uploads\/2024\/09\/DECLARARON-VECINOS-DESTACADOS-DE-BERAZATEGUI-A-LOS-CREADORES-DE-THE-WALKING-CONURBAN-1.jpg","width":1920,"height":1280},{"@type":"BreadcrumbList","@id":"https:\/\/diarioprincipios.com\/index.php\/2024\/09\/24\/declararon-vecinos-destacados-de-berazategui-a-los-creadores-de-the-walking-conurban\/#breadcrumb","itemListElement":[{"@type":"ListItem","position":1,"name":"Portada","item":"https:\/\/diarioprincipios.com\/"},{"@type":"ListItem","position":2,"name":"Declararon vecinos destacados de Berazategui a los creadores de The Walking Conurban"}]},{"@type":"WebSite","@id":"https:\/\/diarioprincipios.com\/#website","url":"https:\/\/diarioprincipios.com\/","name":"Principios","description":"Principios Diario","publisher":{"@id":"https:\/\/diarioprincipios.com\/#organization"},"potentialAction":[{"@type":"SearchAction","target":{"@type":"EntryPoint","urlTemplate":"https:\/\/diarioprincipios.com\/?s={search_term_string}"},"query-input":{"@type":"PropertyValueSpecification","valueRequired":true,"valueName":"search_term_string"}}],"inLanguage":"es"},{"@type":"Organization","@id":"https:\/\/diarioprincipios.com\/#organization","name":"Principios","url":"https:\/\/diarioprincipios.com\/","logo":{"@type":"ImageObject","inLanguage":"es","@id":"https:\/\/diarioprincipios.com\/#\/schema\/logo\/image\/","url":"https:\/\/diarioprincipios.com\/wp-content\/uploads\/2024\/04\/cropped-www.diarioprincipios.com_-1.png","contentUrl":"https:\/\/diarioprincipios.com\/wp-content\/uploads\/2024\/04\/cropped-www.diarioprincipios.com_-1.png","width":5325,"height":1454,"caption":"Principios"},"image":{"@id":"https:\/\/diarioprincipios.com\/#\/schema\/logo\/image\/"}},{"@type":"Person","@id":"https:\/\/diarioprincipios.com\/#\/schema\/person\/436d5a1fd41a5e250e23ff5a6a7cb080","name":"Hern\u00e1n L\u00f3pez","image":{"@type":"ImageObject","inLanguage":"es","@id":"https:\/\/diarioprincipios.com\/wp-content\/litespeed\/avatar\/11ddfe5610ff3bd100522525b2571f48.jpg?ver=1777653193","url":"https:\/\/diarioprincipios.com\/wp-content\/litespeed\/avatar\/11ddfe5610ff3bd100522525b2571f48.jpg?ver=1777653193","contentUrl":"https:\/\/diarioprincipios.com\/wp-content\/litespeed\/avatar\/11ddfe5610ff3bd100522525b2571f48.jpg?ver=1777653193","caption":"Hern\u00e1n L\u00f3pez"},"url":"https:\/\/diarioprincipios.com\/index.php\/author\/hernan\/"}]}},"jetpack_featured_media_url":"https:\/\/diarioprincipios.com\/wp-content\/uploads\/2024\/09\/DECLARARON-VECINOS-DESTACADOS-DE-BERAZATEGUI-A-LOS-CREADORES-DE-THE-WALKING-CONURBAN-1.jpg","_links":{"self":[{"href":"https:\/\/diarioprincipios.com\/index.php\/wp-json\/wp\/v2\/posts\/23087","targetHints":{"allow":["GET"]}}],"collection":[{"href":"https:\/\/diarioprincipios.com\/index.php\/wp-json\/wp\/v2\/posts"}],"about":[{"href":"https:\/\/diarioprincipios.com\/index.php\/wp-json\/wp\/v2\/types\/post"}],"author":[{"embeddable":true,"href":"https:\/\/diarioprincipios.com\/index.php\/wp-json\/wp\/v2\/users\/2"}],"replies":[{"embeddable":true,"href":"https:\/\/diarioprincipios.com\/index.php\/wp-json\/wp\/v2\/comments?post=23087"}],"version-history":[{"count":1,"href":"https:\/\/diarioprincipios.com\/index.php\/wp-json\/wp\/v2\/posts\/23087\/revisions"}],"predecessor-version":[{"id":23092,"href":"https:\/\/diarioprincipios.com\/index.php\/wp-json\/wp\/v2\/posts\/23087\/revisions\/23092"}],"wp:featuredmedia":[{"embeddable":true,"href":"https:\/\/diarioprincipios.com\/index.php\/wp-json\/wp\/v2\/media\/23091"}],"wp:attachment":[{"href":"https:\/\/diarioprincipios.com\/index.php\/wp-json\/wp\/v2\/media?parent=23087"}],"wp:term":[{"taxonomy":"category","embeddable":true,"href":"https:\/\/diarioprincipios.com\/index.php\/wp-json\/wp\/v2\/categories?post=23087"},{"taxonomy":"post_tag","embeddable":true,"href":"https:\/\/diarioprincipios.com\/index.php\/wp-json\/wp\/v2\/tags?post=23087"}],"curies":[{"name":"wp","href":"https:\/\/api.w.org\/{rel}","templated":true}]}}