{"id":23084,"date":"2024-09-24T12:55:20","date_gmt":"2024-09-24T15:55:20","guid":{"rendered":"http:\/\/diarioprincipios.com\/?p=23084"},"modified":"2024-09-24T12:55:22","modified_gmt":"2024-09-24T15:55:22","slug":"estan-abiertas-las-inscripciones-para-el-ciclo-de-tecnologias-4-0","status":"publish","type":"post","link":"https:\/\/diarioprincipios.com\/index.php\/2024\/09\/24\/estan-abiertas-las-inscripciones-para-el-ciclo-de-tecnologias-4-0\/","title":{"rendered":"Est\u00e1n abiertas las inscripciones para el Ciclo de Tecnolog\u00edas 4.0"},"content":{"rendered":"\n<p>Est\u00e1 abierta la inscripci\u00f3n para los cursos del Ciclo de Tecnolog\u00edas 4.0 que se dictar\u00e1n en La Bernalesa \u2013 Quilmes TEC, ubicada en Mart\u00edn Rodr\u00edguez 199, esquina Lamadrid, de Quilmes Oeste, \u00a0e iniciar\u00e1n a partir de la semana del lunes 7 de octubre.<\/p>\n\n\n\n<p>La oferta formativa permitir\u00e1 trabajar competencias espec\u00edficas y adquirir herramientas que promuevan la mejora de oportunidades laborales en medio del auge de la era digital. Esta iniciativa se enmarca en Quilmes TEC, que se trata de una alianza estrat\u00e9gica entre el Municipio de Quilmes y la Universidad Nacional de Quilmes que tiene como objetivo impulsar acciones que contribuyan al desarrollo tecnol\u00f3gico y econ\u00f3mico local.<\/p>\n\n\n\n<p>El Ciclo de Tecnolog\u00edas 4.0 est\u00e1 compuesto por tres ejes: Programaci\u00f3n, Ciencia de Datos e Inteligencia Artificial. Los contenidos de cada curso se encuentran detallados y se pueden descargar en:&nbsp;<a rel=\"noreferrer noopener\" target=\"_blank\" href=\"https:\/\/shorturl.at\/tIuEM\">https:\/\/shorturl.at\/tIuEM<\/a>&nbsp;. Tambi\u00e9n se los puede ver aqu\u00ed:&nbsp;<a rel=\"noreferrer noopener\" target=\"_blank\" href=\"http:\/\/esep.web.unq.edu.ar\/2024\/04\/25\/novedades\/\">http:\/\/esep.web.unq.edu.ar\/2024\/04\/25\/novedades\/<\/a><\/p>\n\n\n\n<p>El eje Programaci\u00f3n contiene: Programaci\u00f3n Web Avanzada (valor total 33.000 pesos, en un \u00fanico pago); Introducci\u00f3n a las Bases de Datos y SQL (valor total 33.000 pesos, en un \u00fanico pago), e Iniciaci\u00f3n a la Programaci\u00f3n de Videojuegos (valor total 39.000 pesos, en un \u00fanico pago).<\/p>\n\n\n\n<p>El eje Ciencia de Datos contiene: Introducci\u00f3n a la Ciencia de Datos con Python (valor total 39.000 pesos, en un \u00fanico pago); Introducci\u00f3n a la Ciencia de Datos (valor total 39.000 pesos, en un \u00fanico pago), y Visualizaci\u00f3n de Datos con Tableau (valor total 39.000 pesos, en un \u00fanico pago).<\/p>\n\n\n\n<p>El eje Inteligencia Artificial contiene: Introducci\u00f3n a la Inteligencia Artificial Generativa (valor total 27.500 pesos, en un \u00fanico pago).<\/p>\n\n\n\n<p>Inscripciones<\/p>\n\n\n\n<p>Las inscripciones se encontrar\u00e1n habilitadas hasta el 5 de octubre, inclusive y se realizar\u00e1n a trav\u00e9s de Autogesti\u00f3n Guaran\u00ed:&nbsp;<a rel=\"noreferrer noopener\" target=\"_blank\" href=\"https:\/\/autogestion.uvq.edu.ar\/extension\/\">https:\/\/autogestion.uvq.edu.ar\/extension\/<\/a>&nbsp;. Importante: si no est\u00e1 registrado\/a en Autogesti\u00f3n Guaran\u00ed, realizar lo siguiente:&nbsp;<a rel=\"noreferrer noopener\" target=\"_blank\" href=\"http:\/\/cursos.uvq.edu.ar\/registro\/\">http:\/\/cursos.uvq.edu.ar\/registro\/<\/a><\/p>\n\n\n\n<p>A su vez, est\u00e1 vigente el formulario de solicitud de becas, que estar\u00e1 disponible hasta el 23 de septiembre, inclusive:&nbsp;<a rel=\"noreferrer noopener\" target=\"_blank\" href=\"https:\/\/forms.gle\/S9BksSCStNrpvtXG8\">https:\/\/forms.gle\/S9BksSCStNrpvtXG8<\/a>&nbsp;. Una vez obtenida la beca, cada persona interesada sin excepci\u00f3n, deber\u00e1 inscribirse al curso en el momento de las inscripciones desde&nbsp;<a rel=\"noreferrer noopener\" target=\"_blank\" href=\"https:\/\/autogestion.uvq.edu.ar\/extension\/\">https:\/\/autogestion.uvq.edu.ar\/extension\/<\/a>&nbsp;con su usuario y contrase\u00f1a. La condici\u00f3n de becario o becaria no implica la reserva de vacante, ni prioridad para la inscripci\u00f3n frente al p\u00fablico en general. Ante cualquier duda comunicarse a:&nbsp;<a rel=\"noreferrer noopener\" target=\"_blank\" href=\"mailto:labernalesa@unq.edu.ar\">labernalesa@unq.edu.ar<\/a><br><\/p>\n","protected":false},"excerpt":{"rendered":"<p>Est\u00e1 abierta la inscripci\u00f3n para los cursos del Ciclo de Tecnolog\u00edas 4.0 que se dictar\u00e1n en La Bernalesa \u2013 Quilmes TEC, ubicada en Mart\u00edn Rodr\u00edguez 199, esquina Lamadrid, de Quilmes Oeste, \u00a0e iniciar\u00e1n a partir de la semana del lunes 7 de octubre. La oferta formativa permitir\u00e1 trabajar competencias espec\u00edficas y adquirir herramientas que promuevan&#8230;<\/p>\n","protected":false},"author":2,"featured_media":23085,"comment_status":"open","ping_status":"open","sticky":false,"template":"","format":"standard","meta":{"footnotes":""},"categories":[4,17],"tags":[],"class_list":["post-23084","post","type-post","status-publish","format-standard","has-post-thumbnail","hentry","category-quilmes","category-zona-sur"],"featured_image_src":"https:\/\/diarioprincipios.com\/wp-content\/uploads\/2024\/09\/Ciclo-tecnologia-1024x1024.jpeg","blog_images":{"medium":"https:\/\/diarioprincipios.com\/wp-content\/uploads\/2024\/09\/Ciclo-tecnologia-300x300.jpeg","large":"https:\/\/diarioprincipios.com\/wp-content\/uploads\/2024\/09\/Ciclo-tecnologia-1024x1024.jpeg"},"ams_acf":[],"yoast_head":"<!-- This site is optimized with the Yoast SEO plugin v27.3 - https:\/\/yoast.com\/product\/yoast-seo-wordpress\/ -->\n<title>Est\u00e1n abiertas las inscripciones para el Ciclo de Tecnolog\u00edas 4.0 - Principios<\/title>\n<meta name=\"robots\" content=\"index, follow, max-snippet:-1, max-image-preview:large, max-video-preview:-1\" \/>\n<link rel=\"canonical\" href=\"https:\/\/diarioprincipios.com\/index.php\/2024\/09\/24\/estan-abiertas-las-inscripciones-para-el-ciclo-de-tecnologias-4-0\/\" \/>\n<meta property=\"og:locale\" content=\"es_ES\" \/>\n<meta property=\"og:type\" content=\"article\" \/>\n<meta property=\"og:title\" content=\"Est\u00e1n abiertas las inscripciones para el Ciclo de Tecnolog\u00edas 4.0 - Principios\" \/>\n<meta property=\"og:description\" content=\"Est\u00e1 abierta la inscripci\u00f3n para los cursos del Ciclo de Tecnolog\u00edas 4.0 que se dictar\u00e1n en La Bernalesa \u2013 Quilmes TEC, ubicada en Mart\u00edn Rodr\u00edguez 199, esquina Lamadrid, de Quilmes Oeste, \u00a0e iniciar\u00e1n a partir de la semana del lunes 7 de octubre. La oferta formativa permitir\u00e1 trabajar competencias espec\u00edficas y adquirir herramientas que promuevan...\" \/>\n<meta property=\"og:url\" content=\"https:\/\/diarioprincipios.com\/index.php\/2024\/09\/24\/estan-abiertas-las-inscripciones-para-el-ciclo-de-tecnologias-4-0\/\" \/>\n<meta property=\"og:site_name\" content=\"Principios\" \/>\n<meta property=\"article:published_time\" content=\"2024-09-24T15:55:20+00:00\" \/>\n<meta property=\"article:modified_time\" content=\"2024-09-24T15:55:22+00:00\" \/>\n<meta property=\"og:image\" content=\"https:\/\/diarioprincipios.com\/wp-content\/uploads\/2024\/09\/Ciclo-tecnologia.jpeg\" \/>\n\t<meta property=\"og:image:width\" content=\"1081\" \/>\n\t<meta property=\"og:image:height\" content=\"1081\" \/>\n\t<meta property=\"og:image:type\" content=\"image\/jpeg\" \/>\n<meta name=\"author\" content=\"Hern\u00e1n L\u00f3pez\" \/>\n<meta name=\"twitter:card\" content=\"summary_large_image\" \/>\n<meta name=\"twitter:label1\" content=\"Escrito por\" \/>\n\t<meta name=\"twitter:data1\" content=\"Hern\u00e1n L\u00f3pez\" \/>\n\t<meta name=\"twitter:label2\" content=\"Tiempo de lectura\" \/>\n\t<meta name=\"twitter:data2\" content=\"2 minutos\" \/>\n<script type=\"application\/ld+json\" class=\"yoast-schema-graph\">{\"@context\":\"https:\\\/\\\/schema.org\",\"@graph\":[{\"@type\":\"Article\",\"@id\":\"https:\\\/\\\/diarioprincipios.com\\\/index.php\\\/2024\\\/09\\\/24\\\/estan-abiertas-las-inscripciones-para-el-ciclo-de-tecnologias-4-0\\\/#article\",\"isPartOf\":{\"@id\":\"https:\\\/\\\/diarioprincipios.com\\\/index.php\\\/2024\\\/09\\\/24\\\/estan-abiertas-las-inscripciones-para-el-ciclo-de-tecnologias-4-0\\\/\"},\"author\":{\"name\":\"Hern\u00e1n L\u00f3pez\",\"@id\":\"https:\\\/\\\/diarioprincipios.com\\\/#\\\/schema\\\/person\\\/436d5a1fd41a5e250e23ff5a6a7cb080\"},\"headline\":\"Est\u00e1n abiertas las inscripciones para el Ciclo de Tecnolog\u00edas 4.0\",\"datePublished\":\"2024-09-24T15:55:20+00:00\",\"dateModified\":\"2024-09-24T15:55:22+00:00\",\"mainEntityOfPage\":{\"@id\":\"https:\\\/\\\/diarioprincipios.com\\\/index.php\\\/2024\\\/09\\\/24\\\/estan-abiertas-las-inscripciones-para-el-ciclo-de-tecnologias-4-0\\\/\"},\"wordCount\":441,\"commentCount\":0,\"publisher\":{\"@id\":\"https:\\\/\\\/diarioprincipios.com\\\/#organization\"},\"image\":{\"@id\":\"https:\\\/\\\/diarioprincipios.com\\\/index.php\\\/2024\\\/09\\\/24\\\/estan-abiertas-las-inscripciones-para-el-ciclo-de-tecnologias-4-0\\\/#primaryimage\"},\"thumbnailUrl\":\"https:\\\/\\\/diarioprincipios.com\\\/wp-content\\\/uploads\\\/2024\\\/09\\\/Ciclo-tecnologia.jpeg\",\"articleSection\":[\"Quilmes\",\"Zonar Sur\"],\"inLanguage\":\"es\",\"potentialAction\":[{\"@type\":\"CommentAction\",\"name\":\"Comment\",\"target\":[\"https:\\\/\\\/diarioprincipios.com\\\/index.php\\\/2024\\\/09\\\/24\\\/estan-abiertas-las-inscripciones-para-el-ciclo-de-tecnologias-4-0\\\/#respond\"]}]},{\"@type\":\"WebPage\",\"@id\":\"https:\\\/\\\/diarioprincipios.com\\\/index.php\\\/2024\\\/09\\\/24\\\/estan-abiertas-las-inscripciones-para-el-ciclo-de-tecnologias-4-0\\\/\",\"url\":\"https:\\\/\\\/diarioprincipios.com\\\/index.php\\\/2024\\\/09\\\/24\\\/estan-abiertas-las-inscripciones-para-el-ciclo-de-tecnologias-4-0\\\/\",\"name\":\"Est\u00e1n abiertas las inscripciones para el Ciclo de Tecnolog\u00edas 4.0 - Principios\",\"isPartOf\":{\"@id\":\"https:\\\/\\\/diarioprincipios.com\\\/#website\"},\"primaryImageOfPage\":{\"@id\":\"https:\\\/\\\/diarioprincipios.com\\\/index.php\\\/2024\\\/09\\\/24\\\/estan-abiertas-las-inscripciones-para-el-ciclo-de-tecnologias-4-0\\\/#primaryimage\"},\"image\":{\"@id\":\"https:\\\/\\\/diarioprincipios.com\\\/index.php\\\/2024\\\/09\\\/24\\\/estan-abiertas-las-inscripciones-para-el-ciclo-de-tecnologias-4-0\\\/#primaryimage\"},\"thumbnailUrl\":\"https:\\\/\\\/diarioprincipios.com\\\/wp-content\\\/uploads\\\/2024\\\/09\\\/Ciclo-tecnologia.jpeg\",\"datePublished\":\"2024-09-24T15:55:20+00:00\",\"dateModified\":\"2024-09-24T15:55:22+00:00\",\"breadcrumb\":{\"@id\":\"https:\\\/\\\/diarioprincipios.com\\\/index.php\\\/2024\\\/09\\\/24\\\/estan-abiertas-las-inscripciones-para-el-ciclo-de-tecnologias-4-0\\\/#breadcrumb\"},\"inLanguage\":\"es\",\"potentialAction\":[{\"@type\":\"ReadAction\",\"target\":[\"https:\\\/\\\/diarioprincipios.com\\\/index.php\\\/2024\\\/09\\\/24\\\/estan-abiertas-las-inscripciones-para-el-ciclo-de-tecnologias-4-0\\\/\"]}]},{\"@type\":\"ImageObject\",\"inLanguage\":\"es\",\"@id\":\"https:\\\/\\\/diarioprincipios.com\\\/index.php\\\/2024\\\/09\\\/24\\\/estan-abiertas-las-inscripciones-para-el-ciclo-de-tecnologias-4-0\\\/#primaryimage\",\"url\":\"https:\\\/\\\/diarioprincipios.com\\\/wp-content\\\/uploads\\\/2024\\\/09\\\/Ciclo-tecnologia.jpeg\",\"contentUrl\":\"https:\\\/\\\/diarioprincipios.com\\\/wp-content\\\/uploads\\\/2024\\\/09\\\/Ciclo-tecnologia.jpeg\",\"width\":1081,\"height\":1081},{\"@type\":\"BreadcrumbList\",\"@id\":\"https:\\\/\\\/diarioprincipios.com\\\/index.php\\\/2024\\\/09\\\/24\\\/estan-abiertas-las-inscripciones-para-el-ciclo-de-tecnologias-4-0\\\/#breadcrumb\",\"itemListElement\":[{\"@type\":\"ListItem\",\"position\":1,\"name\":\"Portada\",\"item\":\"https:\\\/\\\/diarioprincipios.com\\\/\"},{\"@type\":\"ListItem\",\"position\":2,\"name\":\"Est\u00e1n abiertas las inscripciones para el Ciclo de Tecnolog\u00edas 4.0\"}]},{\"@type\":\"WebSite\",\"@id\":\"https:\\\/\\\/diarioprincipios.com\\\/#website\",\"url\":\"https:\\\/\\\/diarioprincipios.com\\\/\",\"name\":\"Principios\",\"description\":\"Principios Diario\",\"publisher\":{\"@id\":\"https:\\\/\\\/diarioprincipios.com\\\/#organization\"},\"potentialAction\":[{\"@type\":\"SearchAction\",\"target\":{\"@type\":\"EntryPoint\",\"urlTemplate\":\"https:\\\/\\\/diarioprincipios.com\\\/?s={search_term_string}\"},\"query-input\":{\"@type\":\"PropertyValueSpecification\",\"valueRequired\":true,\"valueName\":\"search_term_string\"}}],\"inLanguage\":\"es\"},{\"@type\":\"Organization\",\"@id\":\"https:\\\/\\\/diarioprincipios.com\\\/#organization\",\"name\":\"Principios\",\"url\":\"https:\\\/\\\/diarioprincipios.com\\\/\",\"logo\":{\"@type\":\"ImageObject\",\"inLanguage\":\"es\",\"@id\":\"https:\\\/\\\/diarioprincipios.com\\\/#\\\/schema\\\/logo\\\/image\\\/\",\"url\":\"https:\\\/\\\/diarioprincipios.com\\\/wp-content\\\/uploads\\\/2024\\\/04\\\/cropped-www.diarioprincipios.com_-1.png\",\"contentUrl\":\"https:\\\/\\\/diarioprincipios.com\\\/wp-content\\\/uploads\\\/2024\\\/04\\\/cropped-www.diarioprincipios.com_-1.png\",\"width\":5325,\"height\":1454,\"caption\":\"Principios\"},\"image\":{\"@id\":\"https:\\\/\\\/diarioprincipios.com\\\/#\\\/schema\\\/logo\\\/image\\\/\"}},{\"@type\":\"Person\",\"@id\":\"https:\\\/\\\/diarioprincipios.com\\\/#\\\/schema\\\/person\\\/436d5a1fd41a5e250e23ff5a6a7cb080\",\"name\":\"Hern\u00e1n L\u00f3pez\",\"image\":{\"@type\":\"ImageObject\",\"inLanguage\":\"es\",\"@id\":\"https:\\\/\\\/diarioprincipios.com\\\/wp-content\\\/litespeed\\\/avatar\\\/11ddfe5610ff3bd100522525b2571f48.jpg?ver=1777048341\",\"url\":\"https:\\\/\\\/diarioprincipios.com\\\/wp-content\\\/litespeed\\\/avatar\\\/11ddfe5610ff3bd100522525b2571f48.jpg?ver=1777048341\",\"contentUrl\":\"https:\\\/\\\/diarioprincipios.com\\\/wp-content\\\/litespeed\\\/avatar\\\/11ddfe5610ff3bd100522525b2571f48.jpg?ver=1777048341\",\"caption\":\"Hern\u00e1n L\u00f3pez\"},\"url\":\"https:\\\/\\\/diarioprincipios.com\\\/index.php\\\/author\\\/hernan\\\/\"}]}<\/script>\n<!-- \/ Yoast SEO plugin. -->","yoast_head_json":{"title":"Est\u00e1n abiertas las inscripciones para el Ciclo de Tecnolog\u00edas 4.0 - Principios","robots":{"index":"index","follow":"follow","max-snippet":"max-snippet:-1","max-image-preview":"max-image-preview:large","max-video-preview":"max-video-preview:-1"},"canonical":"https:\/\/diarioprincipios.com\/index.php\/2024\/09\/24\/estan-abiertas-las-inscripciones-para-el-ciclo-de-tecnologias-4-0\/","og_locale":"es_ES","og_type":"article","og_title":"Est\u00e1n abiertas las inscripciones para el Ciclo de Tecnolog\u00edas 4.0 - Principios","og_description":"Est\u00e1 abierta la inscripci\u00f3n para los cursos del Ciclo de Tecnolog\u00edas 4.0 que se dictar\u00e1n en La Bernalesa \u2013 Quilmes TEC, ubicada en Mart\u00edn Rodr\u00edguez 199, esquina Lamadrid, de Quilmes Oeste, \u00a0e iniciar\u00e1n a partir de la semana del lunes 7 de octubre. La oferta formativa permitir\u00e1 trabajar competencias espec\u00edficas y adquirir herramientas que promuevan...","og_url":"https:\/\/diarioprincipios.com\/index.php\/2024\/09\/24\/estan-abiertas-las-inscripciones-para-el-ciclo-de-tecnologias-4-0\/","og_site_name":"Principios","article_published_time":"2024-09-24T15:55:20+00:00","article_modified_time":"2024-09-24T15:55:22+00:00","og_image":[{"width":1081,"height":1081,"url":"https:\/\/diarioprincipios.com\/wp-content\/uploads\/2024\/09\/Ciclo-tecnologia.jpeg","type":"image\/jpeg"}],"author":"Hern\u00e1n L\u00f3pez","twitter_card":"summary_large_image","twitter_misc":{"Escrito por":"Hern\u00e1n L\u00f3pez","Tiempo de lectura":"2 minutos"},"schema":{"@context":"https:\/\/schema.org","@graph":[{"@type":"Article","@id":"https:\/\/diarioprincipios.com\/index.php\/2024\/09\/24\/estan-abiertas-las-inscripciones-para-el-ciclo-de-tecnologias-4-0\/#article","isPartOf":{"@id":"https:\/\/diarioprincipios.com\/index.php\/2024\/09\/24\/estan-abiertas-las-inscripciones-para-el-ciclo-de-tecnologias-4-0\/"},"author":{"name":"Hern\u00e1n L\u00f3pez","@id":"https:\/\/diarioprincipios.com\/#\/schema\/person\/436d5a1fd41a5e250e23ff5a6a7cb080"},"headline":"Est\u00e1n abiertas las inscripciones para el Ciclo de Tecnolog\u00edas 4.0","datePublished":"2024-09-24T15:55:20+00:00","dateModified":"2024-09-24T15:55:22+00:00","mainEntityOfPage":{"@id":"https:\/\/diarioprincipios.com\/index.php\/2024\/09\/24\/estan-abiertas-las-inscripciones-para-el-ciclo-de-tecnologias-4-0\/"},"wordCount":441,"commentCount":0,"publisher":{"@id":"https:\/\/diarioprincipios.com\/#organization"},"image":{"@id":"https:\/\/diarioprincipios.com\/index.php\/2024\/09\/24\/estan-abiertas-las-inscripciones-para-el-ciclo-de-tecnologias-4-0\/#primaryimage"},"thumbnailUrl":"https:\/\/diarioprincipios.com\/wp-content\/uploads\/2024\/09\/Ciclo-tecnologia.jpeg","articleSection":["Quilmes","Zonar Sur"],"inLanguage":"es","potentialAction":[{"@type":"CommentAction","name":"Comment","target":["https:\/\/diarioprincipios.com\/index.php\/2024\/09\/24\/estan-abiertas-las-inscripciones-para-el-ciclo-de-tecnologias-4-0\/#respond"]}]},{"@type":"WebPage","@id":"https:\/\/diarioprincipios.com\/index.php\/2024\/09\/24\/estan-abiertas-las-inscripciones-para-el-ciclo-de-tecnologias-4-0\/","url":"https:\/\/diarioprincipios.com\/index.php\/2024\/09\/24\/estan-abiertas-las-inscripciones-para-el-ciclo-de-tecnologias-4-0\/","name":"Est\u00e1n abiertas las inscripciones para el Ciclo de Tecnolog\u00edas 4.0 - Principios","isPartOf":{"@id":"https:\/\/diarioprincipios.com\/#website"},"primaryImageOfPage":{"@id":"https:\/\/diarioprincipios.com\/index.php\/2024\/09\/24\/estan-abiertas-las-inscripciones-para-el-ciclo-de-tecnologias-4-0\/#primaryimage"},"image":{"@id":"https:\/\/diarioprincipios.com\/index.php\/2024\/09\/24\/estan-abiertas-las-inscripciones-para-el-ciclo-de-tecnologias-4-0\/#primaryimage"},"thumbnailUrl":"https:\/\/diarioprincipios.com\/wp-content\/uploads\/2024\/09\/Ciclo-tecnologia.jpeg","datePublished":"2024-09-24T15:55:20+00:00","dateModified":"2024-09-24T15:55:22+00:00","breadcrumb":{"@id":"https:\/\/diarioprincipios.com\/index.php\/2024\/09\/24\/estan-abiertas-las-inscripciones-para-el-ciclo-de-tecnologias-4-0\/#breadcrumb"},"inLanguage":"es","potentialAction":[{"@type":"ReadAction","target":["https:\/\/diarioprincipios.com\/index.php\/2024\/09\/24\/estan-abiertas-las-inscripciones-para-el-ciclo-de-tecnologias-4-0\/"]}]},{"@type":"ImageObject","inLanguage":"es","@id":"https:\/\/diarioprincipios.com\/index.php\/2024\/09\/24\/estan-abiertas-las-inscripciones-para-el-ciclo-de-tecnologias-4-0\/#primaryimage","url":"https:\/\/diarioprincipios.com\/wp-content\/uploads\/2024\/09\/Ciclo-tecnologia.jpeg","contentUrl":"https:\/\/diarioprincipios.com\/wp-content\/uploads\/2024\/09\/Ciclo-tecnologia.jpeg","width":1081,"height":1081},{"@type":"BreadcrumbList","@id":"https:\/\/diarioprincipios.com\/index.php\/2024\/09\/24\/estan-abiertas-las-inscripciones-para-el-ciclo-de-tecnologias-4-0\/#breadcrumb","itemListElement":[{"@type":"ListItem","position":1,"name":"Portada","item":"https:\/\/diarioprincipios.com\/"},{"@type":"ListItem","position":2,"name":"Est\u00e1n abiertas las inscripciones para el Ciclo de Tecnolog\u00edas 4.0"}]},{"@type":"WebSite","@id":"https:\/\/diarioprincipios.com\/#website","url":"https:\/\/diarioprincipios.com\/","name":"Principios","description":"Principios Diario","publisher":{"@id":"https:\/\/diarioprincipios.com\/#organization"},"potentialAction":[{"@type":"SearchAction","target":{"@type":"EntryPoint","urlTemplate":"https:\/\/diarioprincipios.com\/?s={search_term_string}"},"query-input":{"@type":"PropertyValueSpecification","valueRequired":true,"valueName":"search_term_string"}}],"inLanguage":"es"},{"@type":"Organization","@id":"https:\/\/diarioprincipios.com\/#organization","name":"Principios","url":"https:\/\/diarioprincipios.com\/","logo":{"@type":"ImageObject","inLanguage":"es","@id":"https:\/\/diarioprincipios.com\/#\/schema\/logo\/image\/","url":"https:\/\/diarioprincipios.com\/wp-content\/uploads\/2024\/04\/cropped-www.diarioprincipios.com_-1.png","contentUrl":"https:\/\/diarioprincipios.com\/wp-content\/uploads\/2024\/04\/cropped-www.diarioprincipios.com_-1.png","width":5325,"height":1454,"caption":"Principios"},"image":{"@id":"https:\/\/diarioprincipios.com\/#\/schema\/logo\/image\/"}},{"@type":"Person","@id":"https:\/\/diarioprincipios.com\/#\/schema\/person\/436d5a1fd41a5e250e23ff5a6a7cb080","name":"Hern\u00e1n L\u00f3pez","image":{"@type":"ImageObject","inLanguage":"es","@id":"https:\/\/diarioprincipios.com\/wp-content\/litespeed\/avatar\/11ddfe5610ff3bd100522525b2571f48.jpg?ver=1777048341","url":"https:\/\/diarioprincipios.com\/wp-content\/litespeed\/avatar\/11ddfe5610ff3bd100522525b2571f48.jpg?ver=1777048341","contentUrl":"https:\/\/diarioprincipios.com\/wp-content\/litespeed\/avatar\/11ddfe5610ff3bd100522525b2571f48.jpg?ver=1777048341","caption":"Hern\u00e1n L\u00f3pez"},"url":"https:\/\/diarioprincipios.com\/index.php\/author\/hernan\/"}]}},"jetpack_featured_media_url":"https:\/\/diarioprincipios.com\/wp-content\/uploads\/2024\/09\/Ciclo-tecnologia.jpeg","_links":{"self":[{"href":"https:\/\/diarioprincipios.com\/index.php\/wp-json\/wp\/v2\/posts\/23084","targetHints":{"allow":["GET"]}}],"collection":[{"href":"https:\/\/diarioprincipios.com\/index.php\/wp-json\/wp\/v2\/posts"}],"about":[{"href":"https:\/\/diarioprincipios.com\/index.php\/wp-json\/wp\/v2\/types\/post"}],"author":[{"embeddable":true,"href":"https:\/\/diarioprincipios.com\/index.php\/wp-json\/wp\/v2\/users\/2"}],"replies":[{"embeddable":true,"href":"https:\/\/diarioprincipios.com\/index.php\/wp-json\/wp\/v2\/comments?post=23084"}],"version-history":[{"count":1,"href":"https:\/\/diarioprincipios.com\/index.php\/wp-json\/wp\/v2\/posts\/23084\/revisions"}],"predecessor-version":[{"id":23086,"href":"https:\/\/diarioprincipios.com\/index.php\/wp-json\/wp\/v2\/posts\/23084\/revisions\/23086"}],"wp:featuredmedia":[{"embeddable":true,"href":"https:\/\/diarioprincipios.com\/index.php\/wp-json\/wp\/v2\/media\/23085"}],"wp:attachment":[{"href":"https:\/\/diarioprincipios.com\/index.php\/wp-json\/wp\/v2\/media?parent=23084"}],"wp:term":[{"taxonomy":"category","embeddable":true,"href":"https:\/\/diarioprincipios.com\/index.php\/wp-json\/wp\/v2\/categories?post=23084"},{"taxonomy":"post_tag","embeddable":true,"href":"https:\/\/diarioprincipios.com\/index.php\/wp-json\/wp\/v2\/tags?post=23084"}],"curies":[{"name":"wp","href":"https:\/\/api.w.org\/{rel}","templated":true}]}}