{"id":23076,"date":"2024-09-24T12:35:51","date_gmt":"2024-09-24T15:35:51","guid":{"rendered":"http:\/\/diarioprincipios.com\/?p=23076"},"modified":"2024-09-24T12:35:53","modified_gmt":"2024-09-24T15:35:53","slug":"se-inauguraron-obras-en-el-barrio-san-pedro","status":"publish","type":"post","link":"https:\/\/diarioprincipios.com\/index.php\/2024\/09\/24\/se-inauguraron-obras-en-el-barrio-san-pedro\/","title":{"rendered":"Se inauguraron obras en el barrio San Pedro"},"content":{"rendered":"\n<p><strong>Se inauguraron obras en el barrio San Pedro, donde se puso en valor el Ecopunto de la zona, el Sal\u00f3n de Usos M\u00faltiples de la Sociedad de Fomento hom\u00f3nima y se construy\u00f3 su Anexo Deportivo llamado \u00abEnrique Olivera\u00bb. El acto estuvo encabezado por el intendente de Berazategui, Juan Jos\u00e9 Mussi, quien estuvo acompa\u00f1ado por vecinos y vecinas.<\/strong><\/p>\n\n\n\n<p>\u201cEn San Pedro hay una buena comunidad, gente de trabajo que no baja los brazos. Sigamos adelante y sin diferencias de ning\u00fan tipo. En los momentos dif\u00edciles tenemos que estar m\u00e1s unidos que nunca, porque si no estamos unidos no tenemos destino\u201d, recalc\u00f3 Mussi.<\/p>\n\n\n\n<figure class=\"wp-block-image size-large\"><img loading=\"lazy\" decoding=\"async\" width=\"1024\" height=\"683\" src=\"https:\/\/diarioprincipios.com\/wp-content\/uploads\/2024\/09\/INAUGURARON-OBRAS-EN-EL-BARRIO-SAN-PEDRO-6-1024x683.jpg\" alt=\"\" class=\"wp-image-23077\" srcset=\"https:\/\/diarioprincipios.com\/wp-content\/uploads\/2024\/09\/INAUGURARON-OBRAS-EN-EL-BARRIO-SAN-PEDRO-6-1024x683.jpg 1024w, https:\/\/diarioprincipios.com\/wp-content\/uploads\/2024\/09\/INAUGURARON-OBRAS-EN-EL-BARRIO-SAN-PEDRO-6-300x200.jpg 300w, https:\/\/diarioprincipios.com\/wp-content\/uploads\/2024\/09\/INAUGURARON-OBRAS-EN-EL-BARRIO-SAN-PEDRO-6-768x512.jpg 768w, https:\/\/diarioprincipios.com\/wp-content\/uploads\/2024\/09\/INAUGURARON-OBRAS-EN-EL-BARRIO-SAN-PEDRO-6-1536x1024.jpg 1536w, https:\/\/diarioprincipios.com\/wp-content\/uploads\/2024\/09\/INAUGURARON-OBRAS-EN-EL-BARRIO-SAN-PEDRO-6-600x400.jpg 600w, https:\/\/diarioprincipios.com\/wp-content\/uploads\/2024\/09\/INAUGURARON-OBRAS-EN-EL-BARRIO-SAN-PEDRO-6.jpg 1920w\" sizes=\"auto, (max-width: 1024px) 100vw, 1024px\" \/><\/figure>\n\n\n\n<p>De la inauguraci\u00f3n particip\u00f3 el subsecretario de Econom\u00eda Popular bonaerense, Daniel Men\u00e9ndez. \u201cEs muy lindo que se mantengan los espacios comunitarios como estos. Quiero reconocer el enorme trabajo que se viene realizando en Berazategui. Esto se debe a un Municipio que est\u00e1 presente\u201d, expres\u00f3 el funcionario provincial.<\/p>\n\n\n\n<p>En tanto, el secretario de Organizaciones No Gubernamentales municipal, Marcelo Benedetti, afirm\u00f3: \u201cSan Pedro es un barrio que tiene instituciones de lujo y, a lo largo de los a\u00f1os, creci\u00f3 much\u00edsimo gracias a la gesti\u00f3n del Intendente. Disfruten mucho de estas instalaciones nuevas y tambi\u00e9n hay que cuidarlas, porque son de todos\u201d.<\/p>\n\n\n\n<figure class=\"wp-block-image size-large\"><img loading=\"lazy\" decoding=\"async\" width=\"1024\" height=\"683\" src=\"https:\/\/diarioprincipios.com\/wp-content\/uploads\/2024\/09\/INAUGURARON-OBRAS-EN-EL-BARRIO-SAN-PEDRO-4-1024x683.jpg\" alt=\"\" class=\"wp-image-23078\" srcset=\"https:\/\/diarioprincipios.com\/wp-content\/uploads\/2024\/09\/INAUGURARON-OBRAS-EN-EL-BARRIO-SAN-PEDRO-4-1024x683.jpg 1024w, https:\/\/diarioprincipios.com\/wp-content\/uploads\/2024\/09\/INAUGURARON-OBRAS-EN-EL-BARRIO-SAN-PEDRO-4-300x200.jpg 300w, https:\/\/diarioprincipios.com\/wp-content\/uploads\/2024\/09\/INAUGURARON-OBRAS-EN-EL-BARRIO-SAN-PEDRO-4-768x512.jpg 768w, https:\/\/diarioprincipios.com\/wp-content\/uploads\/2024\/09\/INAUGURARON-OBRAS-EN-EL-BARRIO-SAN-PEDRO-4-1536x1024.jpg 1536w, https:\/\/diarioprincipios.com\/wp-content\/uploads\/2024\/09\/INAUGURARON-OBRAS-EN-EL-BARRIO-SAN-PEDRO-4-600x400.jpg 600w, https:\/\/diarioprincipios.com\/wp-content\/uploads\/2024\/09\/INAUGURARON-OBRAS-EN-EL-BARRIO-SAN-PEDRO-4.jpg 1920w\" sizes=\"auto, (max-width: 1024px) 100vw, 1024px\" \/><\/figure>\n\n\n\n<p>Por \u00faltimo, Andrea Olivera, hija del homenajeado Enrique Olivera, cont\u00f3: \u201cMi viejo ocup\u00f3 mucho de su tiempo en el barrio. La Sociedad de Fomento era su lugar, por eso es una gran emoci\u00f3n que este espacio para los chicos y chicas de la zona lleve su nombre\u201d.<\/p>\n","protected":false},"excerpt":{"rendered":"<p>Se inauguraron obras en el barrio San Pedro, donde se puso en valor el Ecopunto de la zona, el Sal\u00f3n de Usos M\u00faltiples de la Sociedad de Fomento hom\u00f3nima y se construy\u00f3 su Anexo Deportivo llamado \u00abEnrique Olivera\u00bb. El acto estuvo encabezado por el intendente de Berazategui, Juan Jos\u00e9 Mussi, quien estuvo acompa\u00f1ado por vecinos&#8230;<\/p>\n","protected":false},"author":2,"featured_media":23079,"comment_status":"open","ping_status":"open","sticky":false,"template":"","format":"standard","meta":{"footnotes":""},"categories":[3],"tags":[],"class_list":["post-23076","post","type-post","status-publish","format-standard","has-post-thumbnail","hentry","category-berazategui"],"featured_image_src":"https:\/\/diarioprincipios.com\/wp-content\/uploads\/2024\/09\/INAUGURARON-OBRAS-EN-EL-BARRIO-SAN-PEDRO-2-1024x683.jpg","blog_images":{"medium":"https:\/\/diarioprincipios.com\/wp-content\/uploads\/2024\/09\/INAUGURARON-OBRAS-EN-EL-BARRIO-SAN-PEDRO-2-300x200.jpg","large":"https:\/\/diarioprincipios.com\/wp-content\/uploads\/2024\/09\/INAUGURARON-OBRAS-EN-EL-BARRIO-SAN-PEDRO-2-1024x683.jpg"},"ams_acf":[],"yoast_head":"<!-- This site is optimized with the Yoast SEO plugin v27.3 - https:\/\/yoast.com\/product\/yoast-seo-wordpress\/ -->\n<title>Se inauguraron obras en el barrio San Pedro - Principios<\/title>\n<meta name=\"robots\" content=\"index, follow, max-snippet:-1, max-image-preview:large, max-video-preview:-1\" \/>\n<link rel=\"canonical\" href=\"https:\/\/diarioprincipios.com\/index.php\/2024\/09\/24\/se-inauguraron-obras-en-el-barrio-san-pedro\/\" \/>\n<meta property=\"og:locale\" content=\"es_ES\" \/>\n<meta property=\"og:type\" content=\"article\" \/>\n<meta property=\"og:title\" content=\"Se inauguraron obras en el barrio San Pedro - Principios\" \/>\n<meta property=\"og:description\" content=\"Se inauguraron obras en el barrio San Pedro, donde se puso en valor el Ecopunto de la zona, el Sal\u00f3n de Usos M\u00faltiples de la Sociedad de Fomento hom\u00f3nima y se construy\u00f3 su Anexo Deportivo llamado \u00abEnrique Olivera\u00bb. El acto estuvo encabezado por el intendente de Berazategui, Juan Jos\u00e9 Mussi, quien estuvo acompa\u00f1ado por vecinos...\" \/>\n<meta property=\"og:url\" content=\"https:\/\/diarioprincipios.com\/index.php\/2024\/09\/24\/se-inauguraron-obras-en-el-barrio-san-pedro\/\" \/>\n<meta property=\"og:site_name\" content=\"Principios\" \/>\n<meta property=\"article:published_time\" content=\"2024-09-24T15:35:51+00:00\" \/>\n<meta property=\"article:modified_time\" content=\"2024-09-24T15:35:53+00:00\" \/>\n<meta property=\"og:image\" content=\"https:\/\/diarioprincipios.com\/wp-content\/uploads\/2024\/09\/INAUGURARON-OBRAS-EN-EL-BARRIO-SAN-PEDRO-2.jpg\" \/>\n\t<meta property=\"og:image:width\" content=\"1920\" \/>\n\t<meta property=\"og:image:height\" content=\"1280\" \/>\n\t<meta property=\"og:image:type\" content=\"image\/jpeg\" \/>\n<meta name=\"author\" content=\"Hern\u00e1n L\u00f3pez\" \/>\n<meta name=\"twitter:card\" content=\"summary_large_image\" \/>\n<meta name=\"twitter:label1\" content=\"Escrito por\" \/>\n\t<meta name=\"twitter:data1\" content=\"Hern\u00e1n L\u00f3pez\" \/>\n\t<meta name=\"twitter:label2\" content=\"Tiempo de lectura\" \/>\n\t<meta name=\"twitter:data2\" content=\"2 minutos\" \/>\n<script type=\"application\/ld+json\" class=\"yoast-schema-graph\">{\"@context\":\"https:\\\/\\\/schema.org\",\"@graph\":[{\"@type\":\"Article\",\"@id\":\"https:\\\/\\\/diarioprincipios.com\\\/index.php\\\/2024\\\/09\\\/24\\\/se-inauguraron-obras-en-el-barrio-san-pedro\\\/#article\",\"isPartOf\":{\"@id\":\"https:\\\/\\\/diarioprincipios.com\\\/index.php\\\/2024\\\/09\\\/24\\\/se-inauguraron-obras-en-el-barrio-san-pedro\\\/\"},\"author\":{\"name\":\"Hern\u00e1n L\u00f3pez\",\"@id\":\"https:\\\/\\\/diarioprincipios.com\\\/#\\\/schema\\\/person\\\/436d5a1fd41a5e250e23ff5a6a7cb080\"},\"headline\":\"Se inauguraron obras en el barrio San Pedro\",\"datePublished\":\"2024-09-24T15:35:51+00:00\",\"dateModified\":\"2024-09-24T15:35:53+00:00\",\"mainEntityOfPage\":{\"@id\":\"https:\\\/\\\/diarioprincipios.com\\\/index.php\\\/2024\\\/09\\\/24\\\/se-inauguraron-obras-en-el-barrio-san-pedro\\\/\"},\"wordCount\":270,\"commentCount\":0,\"publisher\":{\"@id\":\"https:\\\/\\\/diarioprincipios.com\\\/#organization\"},\"image\":{\"@id\":\"https:\\\/\\\/diarioprincipios.com\\\/index.php\\\/2024\\\/09\\\/24\\\/se-inauguraron-obras-en-el-barrio-san-pedro\\\/#primaryimage\"},\"thumbnailUrl\":\"https:\\\/\\\/diarioprincipios.com\\\/wp-content\\\/uploads\\\/2024\\\/09\\\/INAUGURARON-OBRAS-EN-EL-BARRIO-SAN-PEDRO-2.jpg\",\"articleSection\":[\"Berazategui\"],\"inLanguage\":\"es\",\"potentialAction\":[{\"@type\":\"CommentAction\",\"name\":\"Comment\",\"target\":[\"https:\\\/\\\/diarioprincipios.com\\\/index.php\\\/2024\\\/09\\\/24\\\/se-inauguraron-obras-en-el-barrio-san-pedro\\\/#respond\"]}]},{\"@type\":\"WebPage\",\"@id\":\"https:\\\/\\\/diarioprincipios.com\\\/index.php\\\/2024\\\/09\\\/24\\\/se-inauguraron-obras-en-el-barrio-san-pedro\\\/\",\"url\":\"https:\\\/\\\/diarioprincipios.com\\\/index.php\\\/2024\\\/09\\\/24\\\/se-inauguraron-obras-en-el-barrio-san-pedro\\\/\",\"name\":\"Se inauguraron obras en el barrio San Pedro - Principios\",\"isPartOf\":{\"@id\":\"https:\\\/\\\/diarioprincipios.com\\\/#website\"},\"primaryImageOfPage\":{\"@id\":\"https:\\\/\\\/diarioprincipios.com\\\/index.php\\\/2024\\\/09\\\/24\\\/se-inauguraron-obras-en-el-barrio-san-pedro\\\/#primaryimage\"},\"image\":{\"@id\":\"https:\\\/\\\/diarioprincipios.com\\\/index.php\\\/2024\\\/09\\\/24\\\/se-inauguraron-obras-en-el-barrio-san-pedro\\\/#primaryimage\"},\"thumbnailUrl\":\"https:\\\/\\\/diarioprincipios.com\\\/wp-content\\\/uploads\\\/2024\\\/09\\\/INAUGURARON-OBRAS-EN-EL-BARRIO-SAN-PEDRO-2.jpg\",\"datePublished\":\"2024-09-24T15:35:51+00:00\",\"dateModified\":\"2024-09-24T15:35:53+00:00\",\"breadcrumb\":{\"@id\":\"https:\\\/\\\/diarioprincipios.com\\\/index.php\\\/2024\\\/09\\\/24\\\/se-inauguraron-obras-en-el-barrio-san-pedro\\\/#breadcrumb\"},\"inLanguage\":\"es\",\"potentialAction\":[{\"@type\":\"ReadAction\",\"target\":[\"https:\\\/\\\/diarioprincipios.com\\\/index.php\\\/2024\\\/09\\\/24\\\/se-inauguraron-obras-en-el-barrio-san-pedro\\\/\"]}]},{\"@type\":\"ImageObject\",\"inLanguage\":\"es\",\"@id\":\"https:\\\/\\\/diarioprincipios.com\\\/index.php\\\/2024\\\/09\\\/24\\\/se-inauguraron-obras-en-el-barrio-san-pedro\\\/#primaryimage\",\"url\":\"https:\\\/\\\/diarioprincipios.com\\\/wp-content\\\/uploads\\\/2024\\\/09\\\/INAUGURARON-OBRAS-EN-EL-BARRIO-SAN-PEDRO-2.jpg\",\"contentUrl\":\"https:\\\/\\\/diarioprincipios.com\\\/wp-content\\\/uploads\\\/2024\\\/09\\\/INAUGURARON-OBRAS-EN-EL-BARRIO-SAN-PEDRO-2.jpg\",\"width\":1920,\"height\":1280},{\"@type\":\"BreadcrumbList\",\"@id\":\"https:\\\/\\\/diarioprincipios.com\\\/index.php\\\/2024\\\/09\\\/24\\\/se-inauguraron-obras-en-el-barrio-san-pedro\\\/#breadcrumb\",\"itemListElement\":[{\"@type\":\"ListItem\",\"position\":1,\"name\":\"Portada\",\"item\":\"https:\\\/\\\/diarioprincipios.com\\\/\"},{\"@type\":\"ListItem\",\"position\":2,\"name\":\"Se inauguraron obras en el barrio San Pedro\"}]},{\"@type\":\"WebSite\",\"@id\":\"https:\\\/\\\/diarioprincipios.com\\\/#website\",\"url\":\"https:\\\/\\\/diarioprincipios.com\\\/\",\"name\":\"Principios\",\"description\":\"Principios Diario\",\"publisher\":{\"@id\":\"https:\\\/\\\/diarioprincipios.com\\\/#organization\"},\"potentialAction\":[{\"@type\":\"SearchAction\",\"target\":{\"@type\":\"EntryPoint\",\"urlTemplate\":\"https:\\\/\\\/diarioprincipios.com\\\/?s={search_term_string}\"},\"query-input\":{\"@type\":\"PropertyValueSpecification\",\"valueRequired\":true,\"valueName\":\"search_term_string\"}}],\"inLanguage\":\"es\"},{\"@type\":\"Organization\",\"@id\":\"https:\\\/\\\/diarioprincipios.com\\\/#organization\",\"name\":\"Principios\",\"url\":\"https:\\\/\\\/diarioprincipios.com\\\/\",\"logo\":{\"@type\":\"ImageObject\",\"inLanguage\":\"es\",\"@id\":\"https:\\\/\\\/diarioprincipios.com\\\/#\\\/schema\\\/logo\\\/image\\\/\",\"url\":\"https:\\\/\\\/diarioprincipios.com\\\/wp-content\\\/uploads\\\/2024\\\/04\\\/cropped-www.diarioprincipios.com_-1.png\",\"contentUrl\":\"https:\\\/\\\/diarioprincipios.com\\\/wp-content\\\/uploads\\\/2024\\\/04\\\/cropped-www.diarioprincipios.com_-1.png\",\"width\":5325,\"height\":1454,\"caption\":\"Principios\"},\"image\":{\"@id\":\"https:\\\/\\\/diarioprincipios.com\\\/#\\\/schema\\\/logo\\\/image\\\/\"}},{\"@type\":\"Person\",\"@id\":\"https:\\\/\\\/diarioprincipios.com\\\/#\\\/schema\\\/person\\\/436d5a1fd41a5e250e23ff5a6a7cb080\",\"name\":\"Hern\u00e1n L\u00f3pez\",\"image\":{\"@type\":\"ImageObject\",\"inLanguage\":\"es\",\"@id\":\"https:\\\/\\\/diarioprincipios.com\\\/wp-content\\\/litespeed\\\/avatar\\\/11ddfe5610ff3bd100522525b2571f48.jpg?ver=1777653193\",\"url\":\"https:\\\/\\\/diarioprincipios.com\\\/wp-content\\\/litespeed\\\/avatar\\\/11ddfe5610ff3bd100522525b2571f48.jpg?ver=1777653193\",\"contentUrl\":\"https:\\\/\\\/diarioprincipios.com\\\/wp-content\\\/litespeed\\\/avatar\\\/11ddfe5610ff3bd100522525b2571f48.jpg?ver=1777653193\",\"caption\":\"Hern\u00e1n L\u00f3pez\"},\"url\":\"https:\\\/\\\/diarioprincipios.com\\\/index.php\\\/author\\\/hernan\\\/\"}]}<\/script>\n<!-- \/ Yoast SEO plugin. -->","yoast_head_json":{"title":"Se inauguraron obras en el barrio San Pedro - Principios","robots":{"index":"index","follow":"follow","max-snippet":"max-snippet:-1","max-image-preview":"max-image-preview:large","max-video-preview":"max-video-preview:-1"},"canonical":"https:\/\/diarioprincipios.com\/index.php\/2024\/09\/24\/se-inauguraron-obras-en-el-barrio-san-pedro\/","og_locale":"es_ES","og_type":"article","og_title":"Se inauguraron obras en el barrio San Pedro - Principios","og_description":"Se inauguraron obras en el barrio San Pedro, donde se puso en valor el Ecopunto de la zona, el Sal\u00f3n de Usos M\u00faltiples de la Sociedad de Fomento hom\u00f3nima y se construy\u00f3 su Anexo Deportivo llamado \u00abEnrique Olivera\u00bb. El acto estuvo encabezado por el intendente de Berazategui, Juan Jos\u00e9 Mussi, quien estuvo acompa\u00f1ado por vecinos...","og_url":"https:\/\/diarioprincipios.com\/index.php\/2024\/09\/24\/se-inauguraron-obras-en-el-barrio-san-pedro\/","og_site_name":"Principios","article_published_time":"2024-09-24T15:35:51+00:00","article_modified_time":"2024-09-24T15:35:53+00:00","og_image":[{"width":1920,"height":1280,"url":"https:\/\/diarioprincipios.com\/wp-content\/uploads\/2024\/09\/INAUGURARON-OBRAS-EN-EL-BARRIO-SAN-PEDRO-2.jpg","type":"image\/jpeg"}],"author":"Hern\u00e1n L\u00f3pez","twitter_card":"summary_large_image","twitter_misc":{"Escrito por":"Hern\u00e1n L\u00f3pez","Tiempo de lectura":"2 minutos"},"schema":{"@context":"https:\/\/schema.org","@graph":[{"@type":"Article","@id":"https:\/\/diarioprincipios.com\/index.php\/2024\/09\/24\/se-inauguraron-obras-en-el-barrio-san-pedro\/#article","isPartOf":{"@id":"https:\/\/diarioprincipios.com\/index.php\/2024\/09\/24\/se-inauguraron-obras-en-el-barrio-san-pedro\/"},"author":{"name":"Hern\u00e1n L\u00f3pez","@id":"https:\/\/diarioprincipios.com\/#\/schema\/person\/436d5a1fd41a5e250e23ff5a6a7cb080"},"headline":"Se inauguraron obras en el barrio San Pedro","datePublished":"2024-09-24T15:35:51+00:00","dateModified":"2024-09-24T15:35:53+00:00","mainEntityOfPage":{"@id":"https:\/\/diarioprincipios.com\/index.php\/2024\/09\/24\/se-inauguraron-obras-en-el-barrio-san-pedro\/"},"wordCount":270,"commentCount":0,"publisher":{"@id":"https:\/\/diarioprincipios.com\/#organization"},"image":{"@id":"https:\/\/diarioprincipios.com\/index.php\/2024\/09\/24\/se-inauguraron-obras-en-el-barrio-san-pedro\/#primaryimage"},"thumbnailUrl":"https:\/\/diarioprincipios.com\/wp-content\/uploads\/2024\/09\/INAUGURARON-OBRAS-EN-EL-BARRIO-SAN-PEDRO-2.jpg","articleSection":["Berazategui"],"inLanguage":"es","potentialAction":[{"@type":"CommentAction","name":"Comment","target":["https:\/\/diarioprincipios.com\/index.php\/2024\/09\/24\/se-inauguraron-obras-en-el-barrio-san-pedro\/#respond"]}]},{"@type":"WebPage","@id":"https:\/\/diarioprincipios.com\/index.php\/2024\/09\/24\/se-inauguraron-obras-en-el-barrio-san-pedro\/","url":"https:\/\/diarioprincipios.com\/index.php\/2024\/09\/24\/se-inauguraron-obras-en-el-barrio-san-pedro\/","name":"Se inauguraron obras en el barrio San Pedro - Principios","isPartOf":{"@id":"https:\/\/diarioprincipios.com\/#website"},"primaryImageOfPage":{"@id":"https:\/\/diarioprincipios.com\/index.php\/2024\/09\/24\/se-inauguraron-obras-en-el-barrio-san-pedro\/#primaryimage"},"image":{"@id":"https:\/\/diarioprincipios.com\/index.php\/2024\/09\/24\/se-inauguraron-obras-en-el-barrio-san-pedro\/#primaryimage"},"thumbnailUrl":"https:\/\/diarioprincipios.com\/wp-content\/uploads\/2024\/09\/INAUGURARON-OBRAS-EN-EL-BARRIO-SAN-PEDRO-2.jpg","datePublished":"2024-09-24T15:35:51+00:00","dateModified":"2024-09-24T15:35:53+00:00","breadcrumb":{"@id":"https:\/\/diarioprincipios.com\/index.php\/2024\/09\/24\/se-inauguraron-obras-en-el-barrio-san-pedro\/#breadcrumb"},"inLanguage":"es","potentialAction":[{"@type":"ReadAction","target":["https:\/\/diarioprincipios.com\/index.php\/2024\/09\/24\/se-inauguraron-obras-en-el-barrio-san-pedro\/"]}]},{"@type":"ImageObject","inLanguage":"es","@id":"https:\/\/diarioprincipios.com\/index.php\/2024\/09\/24\/se-inauguraron-obras-en-el-barrio-san-pedro\/#primaryimage","url":"https:\/\/diarioprincipios.com\/wp-content\/uploads\/2024\/09\/INAUGURARON-OBRAS-EN-EL-BARRIO-SAN-PEDRO-2.jpg","contentUrl":"https:\/\/diarioprincipios.com\/wp-content\/uploads\/2024\/09\/INAUGURARON-OBRAS-EN-EL-BARRIO-SAN-PEDRO-2.jpg","width":1920,"height":1280},{"@type":"BreadcrumbList","@id":"https:\/\/diarioprincipios.com\/index.php\/2024\/09\/24\/se-inauguraron-obras-en-el-barrio-san-pedro\/#breadcrumb","itemListElement":[{"@type":"ListItem","position":1,"name":"Portada","item":"https:\/\/diarioprincipios.com\/"},{"@type":"ListItem","position":2,"name":"Se inauguraron obras en el barrio San Pedro"}]},{"@type":"WebSite","@id":"https:\/\/diarioprincipios.com\/#website","url":"https:\/\/diarioprincipios.com\/","name":"Principios","description":"Principios Diario","publisher":{"@id":"https:\/\/diarioprincipios.com\/#organization"},"potentialAction":[{"@type":"SearchAction","target":{"@type":"EntryPoint","urlTemplate":"https:\/\/diarioprincipios.com\/?s={search_term_string}"},"query-input":{"@type":"PropertyValueSpecification","valueRequired":true,"valueName":"search_term_string"}}],"inLanguage":"es"},{"@type":"Organization","@id":"https:\/\/diarioprincipios.com\/#organization","name":"Principios","url":"https:\/\/diarioprincipios.com\/","logo":{"@type":"ImageObject","inLanguage":"es","@id":"https:\/\/diarioprincipios.com\/#\/schema\/logo\/image\/","url":"https:\/\/diarioprincipios.com\/wp-content\/uploads\/2024\/04\/cropped-www.diarioprincipios.com_-1.png","contentUrl":"https:\/\/diarioprincipios.com\/wp-content\/uploads\/2024\/04\/cropped-www.diarioprincipios.com_-1.png","width":5325,"height":1454,"caption":"Principios"},"image":{"@id":"https:\/\/diarioprincipios.com\/#\/schema\/logo\/image\/"}},{"@type":"Person","@id":"https:\/\/diarioprincipios.com\/#\/schema\/person\/436d5a1fd41a5e250e23ff5a6a7cb080","name":"Hern\u00e1n L\u00f3pez","image":{"@type":"ImageObject","inLanguage":"es","@id":"https:\/\/diarioprincipios.com\/wp-content\/litespeed\/avatar\/11ddfe5610ff3bd100522525b2571f48.jpg?ver=1777653193","url":"https:\/\/diarioprincipios.com\/wp-content\/litespeed\/avatar\/11ddfe5610ff3bd100522525b2571f48.jpg?ver=1777653193","contentUrl":"https:\/\/diarioprincipios.com\/wp-content\/litespeed\/avatar\/11ddfe5610ff3bd100522525b2571f48.jpg?ver=1777653193","caption":"Hern\u00e1n L\u00f3pez"},"url":"https:\/\/diarioprincipios.com\/index.php\/author\/hernan\/"}]}},"jetpack_featured_media_url":"https:\/\/diarioprincipios.com\/wp-content\/uploads\/2024\/09\/INAUGURARON-OBRAS-EN-EL-BARRIO-SAN-PEDRO-2.jpg","_links":{"self":[{"href":"https:\/\/diarioprincipios.com\/index.php\/wp-json\/wp\/v2\/posts\/23076","targetHints":{"allow":["GET"]}}],"collection":[{"href":"https:\/\/diarioprincipios.com\/index.php\/wp-json\/wp\/v2\/posts"}],"about":[{"href":"https:\/\/diarioprincipios.com\/index.php\/wp-json\/wp\/v2\/types\/post"}],"author":[{"embeddable":true,"href":"https:\/\/diarioprincipios.com\/index.php\/wp-json\/wp\/v2\/users\/2"}],"replies":[{"embeddable":true,"href":"https:\/\/diarioprincipios.com\/index.php\/wp-json\/wp\/v2\/comments?post=23076"}],"version-history":[{"count":1,"href":"https:\/\/diarioprincipios.com\/index.php\/wp-json\/wp\/v2\/posts\/23076\/revisions"}],"predecessor-version":[{"id":23080,"href":"https:\/\/diarioprincipios.com\/index.php\/wp-json\/wp\/v2\/posts\/23076\/revisions\/23080"}],"wp:featuredmedia":[{"embeddable":true,"href":"https:\/\/diarioprincipios.com\/index.php\/wp-json\/wp\/v2\/media\/23079"}],"wp:attachment":[{"href":"https:\/\/diarioprincipios.com\/index.php\/wp-json\/wp\/v2\/media?parent=23076"}],"wp:term":[{"taxonomy":"category","embeddable":true,"href":"https:\/\/diarioprincipios.com\/index.php\/wp-json\/wp\/v2\/categories?post=23076"},{"taxonomy":"post_tag","embeddable":true,"href":"https:\/\/diarioprincipios.com\/index.php\/wp-json\/wp\/v2\/tags?post=23076"}],"curies":[{"name":"wp","href":"https:\/\/api.w.org\/{rel}","templated":true}]}}