{"id":23003,"date":"2024-09-17T11:09:36","date_gmt":"2024-09-17T14:09:36","guid":{"rendered":"http:\/\/diarioprincipios.com\/?p=23003"},"modified":"2024-09-17T11:09:38","modified_gmt":"2024-09-17T14:09:38","slug":"jornada-de-pintura-en-el-jardin-de-infantes-n-906","status":"publish","type":"post","link":"https:\/\/diarioprincipios.com\/index.php\/2024\/09\/17\/jornada-de-pintura-en-el-jardin-de-infantes-n-906\/","title":{"rendered":"Jornada de Pintura en el Jard\u00edn de Infantes N\u00b0 906"},"content":{"rendered":"\n<p><strong>Se hizo una jornada de trabajo en el Jard\u00edn de Infantes N\u00b0 906 \u201cMafalda\u201d, el s\u00e1bado 14 de septiembre, en la que pintaron el frente del establecimiento. El intendente de Berazategui, Juan Jos\u00e9 Mussi, se acerc\u00f3 al lugar para acompa\u00f1ar la actividad.<\/strong><\/p>\n\n\n\n<figure class=\"wp-block-image size-large\"><img loading=\"lazy\" decoding=\"async\" width=\"1024\" height=\"683\" src=\"https:\/\/diarioprincipios.com\/wp-content\/uploads\/2024\/09\/JORNADA-DE-PINTURA-EN-EL-JARDIN-DE-INFANTES-N\u00b0-906-2-1024x683.jpg\" alt=\"\" class=\"wp-image-23004\" srcset=\"https:\/\/diarioprincipios.com\/wp-content\/uploads\/2024\/09\/JORNADA-DE-PINTURA-EN-EL-JARDIN-DE-INFANTES-N\u00b0-906-2-1024x683.jpg 1024w, https:\/\/diarioprincipios.com\/wp-content\/uploads\/2024\/09\/JORNADA-DE-PINTURA-EN-EL-JARDIN-DE-INFANTES-N\u00b0-906-2-300x200.jpg 300w, https:\/\/diarioprincipios.com\/wp-content\/uploads\/2024\/09\/JORNADA-DE-PINTURA-EN-EL-JARDIN-DE-INFANTES-N\u00b0-906-2-768x512.jpg 768w, https:\/\/diarioprincipios.com\/wp-content\/uploads\/2024\/09\/JORNADA-DE-PINTURA-EN-EL-JARDIN-DE-INFANTES-N\u00b0-906-2-1536x1024.jpg 1536w, https:\/\/diarioprincipios.com\/wp-content\/uploads\/2024\/09\/JORNADA-DE-PINTURA-EN-EL-JARDIN-DE-INFANTES-N\u00b0-906-2-600x400.jpg 600w, https:\/\/diarioprincipios.com\/wp-content\/uploads\/2024\/09\/JORNADA-DE-PINTURA-EN-EL-JARDIN-DE-INFANTES-N\u00b0-906-2.jpg 1920w\" sizes=\"auto, (max-width: 1024px) 100vw, 1024px\" \/><\/figure>\n\n\n\n<p><br>De esta manera, junto a las autoridades del Jard\u00edn, el Intendente recorri\u00f3 las instalaciones de la instituci\u00f3n -que cuenta con una matr\u00edcula de 141 estudiantes- y dialog\u00f3 con los consejeros escolares y docentes que llevaron a cabo los trabajos.<br>Adem\u00e1s, integrantes del Gabinete municipal acompa\u00f1aron a Juan Jos\u00e9 Mussi en su visita.<\/p>\n","protected":false},"excerpt":{"rendered":"<p>Se hizo una jornada de trabajo en el Jard\u00edn de Infantes N\u00b0 906 \u201cMafalda\u201d, el s\u00e1bado 14 de septiembre, en la que pintaron el frente del establecimiento. El intendente de Berazategui, Juan Jos\u00e9 Mussi, se acerc\u00f3 al lugar para acompa\u00f1ar la actividad. De esta manera, junto a las autoridades del Jard\u00edn, el Intendente recorri\u00f3 las&#8230;<\/p>\n","protected":false},"author":2,"featured_media":23005,"comment_status":"open","ping_status":"open","sticky":false,"template":"","format":"standard","meta":{"footnotes":""},"categories":[3,19],"tags":[],"class_list":["post-23003","post","type-post","status-publish","format-standard","has-post-thumbnail","hentry","category-berazategui","category-cultura-educacion"],"featured_image_src":"https:\/\/diarioprincipios.com\/wp-content\/uploads\/2024\/09\/JORNADA-DE-PINTURA-EN-EL-JARDIN-DE-INFANTES-N\u00b0-906-1-1024x683.jpg","blog_images":{"medium":"https:\/\/diarioprincipios.com\/wp-content\/uploads\/2024\/09\/JORNADA-DE-PINTURA-EN-EL-JARDIN-DE-INFANTES-N\u00b0-906-1-300x200.jpg","large":"https:\/\/diarioprincipios.com\/wp-content\/uploads\/2024\/09\/JORNADA-DE-PINTURA-EN-EL-JARDIN-DE-INFANTES-N\u00b0-906-1-1024x683.jpg"},"ams_acf":[],"yoast_head":"<!-- This site is optimized with the Yoast SEO plugin v27.3 - https:\/\/yoast.com\/product\/yoast-seo-wordpress\/ -->\n<title>Jornada de Pintura en el Jard\u00edn de Infantes N\u00b0 906 - Principios<\/title>\n<meta name=\"robots\" content=\"index, follow, max-snippet:-1, max-image-preview:large, max-video-preview:-1\" \/>\n<link rel=\"canonical\" href=\"https:\/\/diarioprincipios.com\/index.php\/2024\/09\/17\/jornada-de-pintura-en-el-jardin-de-infantes-n-906\/\" \/>\n<meta property=\"og:locale\" content=\"es_ES\" \/>\n<meta property=\"og:type\" content=\"article\" \/>\n<meta property=\"og:title\" content=\"Jornada de Pintura en el Jard\u00edn de Infantes N\u00b0 906 - Principios\" \/>\n<meta property=\"og:description\" content=\"Se hizo una jornada de trabajo en el Jard\u00edn de Infantes N\u00b0 906 \u201cMafalda\u201d, el s\u00e1bado 14 de septiembre, en la que pintaron el frente del establecimiento. El intendente de Berazategui, Juan Jos\u00e9 Mussi, se acerc\u00f3 al lugar para acompa\u00f1ar la actividad. De esta manera, junto a las autoridades del Jard\u00edn, el Intendente recorri\u00f3 las...\" \/>\n<meta property=\"og:url\" content=\"https:\/\/diarioprincipios.com\/index.php\/2024\/09\/17\/jornada-de-pintura-en-el-jardin-de-infantes-n-906\/\" \/>\n<meta property=\"og:site_name\" content=\"Principios\" \/>\n<meta property=\"article:published_time\" content=\"2024-09-17T14:09:36+00:00\" \/>\n<meta property=\"article:modified_time\" content=\"2024-09-17T14:09:38+00:00\" \/>\n<meta property=\"og:image\" content=\"https:\/\/diarioprincipios.com\/wp-content\/uploads\/2024\/09\/JORNADA-DE-PINTURA-EN-EL-JARDIN-DE-INFANTES-N\u00b0-906-1.jpg\" \/>\n\t<meta property=\"og:image:width\" content=\"1920\" \/>\n\t<meta property=\"og:image:height\" content=\"1280\" \/>\n\t<meta property=\"og:image:type\" content=\"image\/jpeg\" \/>\n<meta name=\"author\" content=\"Hern\u00e1n L\u00f3pez\" \/>\n<meta name=\"twitter:card\" content=\"summary_large_image\" \/>\n<meta name=\"twitter:label1\" content=\"Escrito por\" \/>\n\t<meta name=\"twitter:data1\" content=\"Hern\u00e1n L\u00f3pez\" \/>\n\t<meta name=\"twitter:label2\" content=\"Tiempo de lectura\" \/>\n\t<meta name=\"twitter:data2\" content=\"1 minuto\" \/>\n<script type=\"application\/ld+json\" class=\"yoast-schema-graph\">{\"@context\":\"https:\\\/\\\/schema.org\",\"@graph\":[{\"@type\":\"Article\",\"@id\":\"https:\\\/\\\/diarioprincipios.com\\\/index.php\\\/2024\\\/09\\\/17\\\/jornada-de-pintura-en-el-jardin-de-infantes-n-906\\\/#article\",\"isPartOf\":{\"@id\":\"https:\\\/\\\/diarioprincipios.com\\\/index.php\\\/2024\\\/09\\\/17\\\/jornada-de-pintura-en-el-jardin-de-infantes-n-906\\\/\"},\"author\":{\"name\":\"Hern\u00e1n L\u00f3pez\",\"@id\":\"https:\\\/\\\/diarioprincipios.com\\\/#\\\/schema\\\/person\\\/436d5a1fd41a5e250e23ff5a6a7cb080\"},\"headline\":\"Jornada de Pintura en el Jard\u00edn de Infantes N\u00b0 906\",\"datePublished\":\"2024-09-17T14:09:36+00:00\",\"dateModified\":\"2024-09-17T14:09:38+00:00\",\"mainEntityOfPage\":{\"@id\":\"https:\\\/\\\/diarioprincipios.com\\\/index.php\\\/2024\\\/09\\\/17\\\/jornada-de-pintura-en-el-jardin-de-infantes-n-906\\\/\"},\"wordCount\":109,\"commentCount\":0,\"publisher\":{\"@id\":\"https:\\\/\\\/diarioprincipios.com\\\/#organization\"},\"image\":{\"@id\":\"https:\\\/\\\/diarioprincipios.com\\\/index.php\\\/2024\\\/09\\\/17\\\/jornada-de-pintura-en-el-jardin-de-infantes-n-906\\\/#primaryimage\"},\"thumbnailUrl\":\"https:\\\/\\\/diarioprincipios.com\\\/wp-content\\\/uploads\\\/2024\\\/09\\\/JORNADA-DE-PINTURA-EN-EL-JARDIN-DE-INFANTES-N\u00b0-906-1.jpg\",\"articleSection\":[\"Berazategui\",\"Cultura y Educaci\u00f3n\"],\"inLanguage\":\"es\",\"potentialAction\":[{\"@type\":\"CommentAction\",\"name\":\"Comment\",\"target\":[\"https:\\\/\\\/diarioprincipios.com\\\/index.php\\\/2024\\\/09\\\/17\\\/jornada-de-pintura-en-el-jardin-de-infantes-n-906\\\/#respond\"]}]},{\"@type\":\"WebPage\",\"@id\":\"https:\\\/\\\/diarioprincipios.com\\\/index.php\\\/2024\\\/09\\\/17\\\/jornada-de-pintura-en-el-jardin-de-infantes-n-906\\\/\",\"url\":\"https:\\\/\\\/diarioprincipios.com\\\/index.php\\\/2024\\\/09\\\/17\\\/jornada-de-pintura-en-el-jardin-de-infantes-n-906\\\/\",\"name\":\"Jornada de Pintura en el Jard\u00edn de Infantes N\u00b0 906 - Principios\",\"isPartOf\":{\"@id\":\"https:\\\/\\\/diarioprincipios.com\\\/#website\"},\"primaryImageOfPage\":{\"@id\":\"https:\\\/\\\/diarioprincipios.com\\\/index.php\\\/2024\\\/09\\\/17\\\/jornada-de-pintura-en-el-jardin-de-infantes-n-906\\\/#primaryimage\"},\"image\":{\"@id\":\"https:\\\/\\\/diarioprincipios.com\\\/index.php\\\/2024\\\/09\\\/17\\\/jornada-de-pintura-en-el-jardin-de-infantes-n-906\\\/#primaryimage\"},\"thumbnailUrl\":\"https:\\\/\\\/diarioprincipios.com\\\/wp-content\\\/uploads\\\/2024\\\/09\\\/JORNADA-DE-PINTURA-EN-EL-JARDIN-DE-INFANTES-N\u00b0-906-1.jpg\",\"datePublished\":\"2024-09-17T14:09:36+00:00\",\"dateModified\":\"2024-09-17T14:09:38+00:00\",\"breadcrumb\":{\"@id\":\"https:\\\/\\\/diarioprincipios.com\\\/index.php\\\/2024\\\/09\\\/17\\\/jornada-de-pintura-en-el-jardin-de-infantes-n-906\\\/#breadcrumb\"},\"inLanguage\":\"es\",\"potentialAction\":[{\"@type\":\"ReadAction\",\"target\":[\"https:\\\/\\\/diarioprincipios.com\\\/index.php\\\/2024\\\/09\\\/17\\\/jornada-de-pintura-en-el-jardin-de-infantes-n-906\\\/\"]}]},{\"@type\":\"ImageObject\",\"inLanguage\":\"es\",\"@id\":\"https:\\\/\\\/diarioprincipios.com\\\/index.php\\\/2024\\\/09\\\/17\\\/jornada-de-pintura-en-el-jardin-de-infantes-n-906\\\/#primaryimage\",\"url\":\"https:\\\/\\\/diarioprincipios.com\\\/wp-content\\\/uploads\\\/2024\\\/09\\\/JORNADA-DE-PINTURA-EN-EL-JARDIN-DE-INFANTES-N\u00b0-906-1.jpg\",\"contentUrl\":\"https:\\\/\\\/diarioprincipios.com\\\/wp-content\\\/uploads\\\/2024\\\/09\\\/JORNADA-DE-PINTURA-EN-EL-JARDIN-DE-INFANTES-N\u00b0-906-1.jpg\",\"width\":1920,\"height\":1280},{\"@type\":\"BreadcrumbList\",\"@id\":\"https:\\\/\\\/diarioprincipios.com\\\/index.php\\\/2024\\\/09\\\/17\\\/jornada-de-pintura-en-el-jardin-de-infantes-n-906\\\/#breadcrumb\",\"itemListElement\":[{\"@type\":\"ListItem\",\"position\":1,\"name\":\"Portada\",\"item\":\"https:\\\/\\\/diarioprincipios.com\\\/\"},{\"@type\":\"ListItem\",\"position\":2,\"name\":\"Jornada de Pintura en el Jard\u00edn de Infantes N\u00b0 906\"}]},{\"@type\":\"WebSite\",\"@id\":\"https:\\\/\\\/diarioprincipios.com\\\/#website\",\"url\":\"https:\\\/\\\/diarioprincipios.com\\\/\",\"name\":\"Principios\",\"description\":\"Principios Diario\",\"publisher\":{\"@id\":\"https:\\\/\\\/diarioprincipios.com\\\/#organization\"},\"potentialAction\":[{\"@type\":\"SearchAction\",\"target\":{\"@type\":\"EntryPoint\",\"urlTemplate\":\"https:\\\/\\\/diarioprincipios.com\\\/?s={search_term_string}\"},\"query-input\":{\"@type\":\"PropertyValueSpecification\",\"valueRequired\":true,\"valueName\":\"search_term_string\"}}],\"inLanguage\":\"es\"},{\"@type\":\"Organization\",\"@id\":\"https:\\\/\\\/diarioprincipios.com\\\/#organization\",\"name\":\"Principios\",\"url\":\"https:\\\/\\\/diarioprincipios.com\\\/\",\"logo\":{\"@type\":\"ImageObject\",\"inLanguage\":\"es\",\"@id\":\"https:\\\/\\\/diarioprincipios.com\\\/#\\\/schema\\\/logo\\\/image\\\/\",\"url\":\"https:\\\/\\\/diarioprincipios.com\\\/wp-content\\\/uploads\\\/2024\\\/04\\\/cropped-www.diarioprincipios.com_-1.png\",\"contentUrl\":\"https:\\\/\\\/diarioprincipios.com\\\/wp-content\\\/uploads\\\/2024\\\/04\\\/cropped-www.diarioprincipios.com_-1.png\",\"width\":5325,\"height\":1454,\"caption\":\"Principios\"},\"image\":{\"@id\":\"https:\\\/\\\/diarioprincipios.com\\\/#\\\/schema\\\/logo\\\/image\\\/\"}},{\"@type\":\"Person\",\"@id\":\"https:\\\/\\\/diarioprincipios.com\\\/#\\\/schema\\\/person\\\/436d5a1fd41a5e250e23ff5a6a7cb080\",\"name\":\"Hern\u00e1n L\u00f3pez\",\"image\":{\"@type\":\"ImageObject\",\"inLanguage\":\"es\",\"@id\":\"https:\\\/\\\/diarioprincipios.com\\\/wp-content\\\/litespeed\\\/avatar\\\/11ddfe5610ff3bd100522525b2571f48.jpg?ver=1777048341\",\"url\":\"https:\\\/\\\/diarioprincipios.com\\\/wp-content\\\/litespeed\\\/avatar\\\/11ddfe5610ff3bd100522525b2571f48.jpg?ver=1777048341\",\"contentUrl\":\"https:\\\/\\\/diarioprincipios.com\\\/wp-content\\\/litespeed\\\/avatar\\\/11ddfe5610ff3bd100522525b2571f48.jpg?ver=1777048341\",\"caption\":\"Hern\u00e1n L\u00f3pez\"},\"url\":\"https:\\\/\\\/diarioprincipios.com\\\/index.php\\\/author\\\/hernan\\\/\"}]}<\/script>\n<!-- \/ Yoast SEO plugin. -->","yoast_head_json":{"title":"Jornada de Pintura en el Jard\u00edn de Infantes N\u00b0 906 - Principios","robots":{"index":"index","follow":"follow","max-snippet":"max-snippet:-1","max-image-preview":"max-image-preview:large","max-video-preview":"max-video-preview:-1"},"canonical":"https:\/\/diarioprincipios.com\/index.php\/2024\/09\/17\/jornada-de-pintura-en-el-jardin-de-infantes-n-906\/","og_locale":"es_ES","og_type":"article","og_title":"Jornada de Pintura en el Jard\u00edn de Infantes N\u00b0 906 - Principios","og_description":"Se hizo una jornada de trabajo en el Jard\u00edn de Infantes N\u00b0 906 \u201cMafalda\u201d, el s\u00e1bado 14 de septiembre, en la que pintaron el frente del establecimiento. El intendente de Berazategui, Juan Jos\u00e9 Mussi, se acerc\u00f3 al lugar para acompa\u00f1ar la actividad. De esta manera, junto a las autoridades del Jard\u00edn, el Intendente recorri\u00f3 las...","og_url":"https:\/\/diarioprincipios.com\/index.php\/2024\/09\/17\/jornada-de-pintura-en-el-jardin-de-infantes-n-906\/","og_site_name":"Principios","article_published_time":"2024-09-17T14:09:36+00:00","article_modified_time":"2024-09-17T14:09:38+00:00","og_image":[{"width":1920,"height":1280,"url":"https:\/\/diarioprincipios.com\/wp-content\/uploads\/2024\/09\/JORNADA-DE-PINTURA-EN-EL-JARDIN-DE-INFANTES-N\u00b0-906-1.jpg","type":"image\/jpeg"}],"author":"Hern\u00e1n L\u00f3pez","twitter_card":"summary_large_image","twitter_misc":{"Escrito por":"Hern\u00e1n L\u00f3pez","Tiempo de lectura":"1 minuto"},"schema":{"@context":"https:\/\/schema.org","@graph":[{"@type":"Article","@id":"https:\/\/diarioprincipios.com\/index.php\/2024\/09\/17\/jornada-de-pintura-en-el-jardin-de-infantes-n-906\/#article","isPartOf":{"@id":"https:\/\/diarioprincipios.com\/index.php\/2024\/09\/17\/jornada-de-pintura-en-el-jardin-de-infantes-n-906\/"},"author":{"name":"Hern\u00e1n L\u00f3pez","@id":"https:\/\/diarioprincipios.com\/#\/schema\/person\/436d5a1fd41a5e250e23ff5a6a7cb080"},"headline":"Jornada de Pintura en el Jard\u00edn de Infantes N\u00b0 906","datePublished":"2024-09-17T14:09:36+00:00","dateModified":"2024-09-17T14:09:38+00:00","mainEntityOfPage":{"@id":"https:\/\/diarioprincipios.com\/index.php\/2024\/09\/17\/jornada-de-pintura-en-el-jardin-de-infantes-n-906\/"},"wordCount":109,"commentCount":0,"publisher":{"@id":"https:\/\/diarioprincipios.com\/#organization"},"image":{"@id":"https:\/\/diarioprincipios.com\/index.php\/2024\/09\/17\/jornada-de-pintura-en-el-jardin-de-infantes-n-906\/#primaryimage"},"thumbnailUrl":"https:\/\/diarioprincipios.com\/wp-content\/uploads\/2024\/09\/JORNADA-DE-PINTURA-EN-EL-JARDIN-DE-INFANTES-N\u00b0-906-1.jpg","articleSection":["Berazategui","Cultura y Educaci\u00f3n"],"inLanguage":"es","potentialAction":[{"@type":"CommentAction","name":"Comment","target":["https:\/\/diarioprincipios.com\/index.php\/2024\/09\/17\/jornada-de-pintura-en-el-jardin-de-infantes-n-906\/#respond"]}]},{"@type":"WebPage","@id":"https:\/\/diarioprincipios.com\/index.php\/2024\/09\/17\/jornada-de-pintura-en-el-jardin-de-infantes-n-906\/","url":"https:\/\/diarioprincipios.com\/index.php\/2024\/09\/17\/jornada-de-pintura-en-el-jardin-de-infantes-n-906\/","name":"Jornada de Pintura en el Jard\u00edn de Infantes N\u00b0 906 - Principios","isPartOf":{"@id":"https:\/\/diarioprincipios.com\/#website"},"primaryImageOfPage":{"@id":"https:\/\/diarioprincipios.com\/index.php\/2024\/09\/17\/jornada-de-pintura-en-el-jardin-de-infantes-n-906\/#primaryimage"},"image":{"@id":"https:\/\/diarioprincipios.com\/index.php\/2024\/09\/17\/jornada-de-pintura-en-el-jardin-de-infantes-n-906\/#primaryimage"},"thumbnailUrl":"https:\/\/diarioprincipios.com\/wp-content\/uploads\/2024\/09\/JORNADA-DE-PINTURA-EN-EL-JARDIN-DE-INFANTES-N\u00b0-906-1.jpg","datePublished":"2024-09-17T14:09:36+00:00","dateModified":"2024-09-17T14:09:38+00:00","breadcrumb":{"@id":"https:\/\/diarioprincipios.com\/index.php\/2024\/09\/17\/jornada-de-pintura-en-el-jardin-de-infantes-n-906\/#breadcrumb"},"inLanguage":"es","potentialAction":[{"@type":"ReadAction","target":["https:\/\/diarioprincipios.com\/index.php\/2024\/09\/17\/jornada-de-pintura-en-el-jardin-de-infantes-n-906\/"]}]},{"@type":"ImageObject","inLanguage":"es","@id":"https:\/\/diarioprincipios.com\/index.php\/2024\/09\/17\/jornada-de-pintura-en-el-jardin-de-infantes-n-906\/#primaryimage","url":"https:\/\/diarioprincipios.com\/wp-content\/uploads\/2024\/09\/JORNADA-DE-PINTURA-EN-EL-JARDIN-DE-INFANTES-N\u00b0-906-1.jpg","contentUrl":"https:\/\/diarioprincipios.com\/wp-content\/uploads\/2024\/09\/JORNADA-DE-PINTURA-EN-EL-JARDIN-DE-INFANTES-N\u00b0-906-1.jpg","width":1920,"height":1280},{"@type":"BreadcrumbList","@id":"https:\/\/diarioprincipios.com\/index.php\/2024\/09\/17\/jornada-de-pintura-en-el-jardin-de-infantes-n-906\/#breadcrumb","itemListElement":[{"@type":"ListItem","position":1,"name":"Portada","item":"https:\/\/diarioprincipios.com\/"},{"@type":"ListItem","position":2,"name":"Jornada de Pintura en el Jard\u00edn de Infantes N\u00b0 906"}]},{"@type":"WebSite","@id":"https:\/\/diarioprincipios.com\/#website","url":"https:\/\/diarioprincipios.com\/","name":"Principios","description":"Principios Diario","publisher":{"@id":"https:\/\/diarioprincipios.com\/#organization"},"potentialAction":[{"@type":"SearchAction","target":{"@type":"EntryPoint","urlTemplate":"https:\/\/diarioprincipios.com\/?s={search_term_string}"},"query-input":{"@type":"PropertyValueSpecification","valueRequired":true,"valueName":"search_term_string"}}],"inLanguage":"es"},{"@type":"Organization","@id":"https:\/\/diarioprincipios.com\/#organization","name":"Principios","url":"https:\/\/diarioprincipios.com\/","logo":{"@type":"ImageObject","inLanguage":"es","@id":"https:\/\/diarioprincipios.com\/#\/schema\/logo\/image\/","url":"https:\/\/diarioprincipios.com\/wp-content\/uploads\/2024\/04\/cropped-www.diarioprincipios.com_-1.png","contentUrl":"https:\/\/diarioprincipios.com\/wp-content\/uploads\/2024\/04\/cropped-www.diarioprincipios.com_-1.png","width":5325,"height":1454,"caption":"Principios"},"image":{"@id":"https:\/\/diarioprincipios.com\/#\/schema\/logo\/image\/"}},{"@type":"Person","@id":"https:\/\/diarioprincipios.com\/#\/schema\/person\/436d5a1fd41a5e250e23ff5a6a7cb080","name":"Hern\u00e1n L\u00f3pez","image":{"@type":"ImageObject","inLanguage":"es","@id":"https:\/\/diarioprincipios.com\/wp-content\/litespeed\/avatar\/11ddfe5610ff3bd100522525b2571f48.jpg?ver=1777048341","url":"https:\/\/diarioprincipios.com\/wp-content\/litespeed\/avatar\/11ddfe5610ff3bd100522525b2571f48.jpg?ver=1777048341","contentUrl":"https:\/\/diarioprincipios.com\/wp-content\/litespeed\/avatar\/11ddfe5610ff3bd100522525b2571f48.jpg?ver=1777048341","caption":"Hern\u00e1n L\u00f3pez"},"url":"https:\/\/diarioprincipios.com\/index.php\/author\/hernan\/"}]}},"jetpack_featured_media_url":"https:\/\/diarioprincipios.com\/wp-content\/uploads\/2024\/09\/JORNADA-DE-PINTURA-EN-EL-JARDIN-DE-INFANTES-N\u00b0-906-1.jpg","_links":{"self":[{"href":"https:\/\/diarioprincipios.com\/index.php\/wp-json\/wp\/v2\/posts\/23003","targetHints":{"allow":["GET"]}}],"collection":[{"href":"https:\/\/diarioprincipios.com\/index.php\/wp-json\/wp\/v2\/posts"}],"about":[{"href":"https:\/\/diarioprincipios.com\/index.php\/wp-json\/wp\/v2\/types\/post"}],"author":[{"embeddable":true,"href":"https:\/\/diarioprincipios.com\/index.php\/wp-json\/wp\/v2\/users\/2"}],"replies":[{"embeddable":true,"href":"https:\/\/diarioprincipios.com\/index.php\/wp-json\/wp\/v2\/comments?post=23003"}],"version-history":[{"count":1,"href":"https:\/\/diarioprincipios.com\/index.php\/wp-json\/wp\/v2\/posts\/23003\/revisions"}],"predecessor-version":[{"id":23006,"href":"https:\/\/diarioprincipios.com\/index.php\/wp-json\/wp\/v2\/posts\/23003\/revisions\/23006"}],"wp:featuredmedia":[{"embeddable":true,"href":"https:\/\/diarioprincipios.com\/index.php\/wp-json\/wp\/v2\/media\/23005"}],"wp:attachment":[{"href":"https:\/\/diarioprincipios.com\/index.php\/wp-json\/wp\/v2\/media?parent=23003"}],"wp:term":[{"taxonomy":"category","embeddable":true,"href":"https:\/\/diarioprincipios.com\/index.php\/wp-json\/wp\/v2\/categories?post=23003"},{"taxonomy":"post_tag","embeddable":true,"href":"https:\/\/diarioprincipios.com\/index.php\/wp-json\/wp\/v2\/tags?post=23003"}],"curies":[{"name":"wp","href":"https:\/\/api.w.org\/{rel}","templated":true}]}}