{"id":22938,"date":"2024-09-06T11:43:41","date_gmt":"2024-09-06T14:43:41","guid":{"rendered":"http:\/\/diarioprincipios.com\/?p=22938"},"modified":"2024-09-06T11:43:43","modified_gmt":"2024-09-06T14:43:43","slug":"con-financiamiento-municipal-continuan-las-obras-de-mejora-de-la-red-vial","status":"publish","type":"post","link":"https:\/\/diarioprincipios.com\/index.php\/2024\/09\/06\/con-financiamiento-municipal-continuan-las-obras-de-mejora-de-la-red-vial\/","title":{"rendered":"Con financiamiento municipal contin\u00faan las Obras de mejora de la Red Vial"},"content":{"rendered":"\n<p>Avanza el proyecto integral anual de reconstrucci\u00f3n de 30 mil metros cuadrados de pavimento de hormig\u00f3n para mejorar la red vial en las localidades de Berazategui. Esta obra es realizada con fondos 100% municipales, para beneficio de los vecinos y vecinas.<\/p>\n\n\n\n<figure class=\"wp-block-image size-large\"><img loading=\"lazy\" decoding=\"async\" width=\"1024\" height=\"683\" src=\"https:\/\/diarioprincipios.com\/wp-content\/uploads\/2024\/09\/CONTINUAN-LAS-OBRAS-DE-MEJORA-DE-LA-RED-VIAL-1-1024x683.jpg\" alt=\"\" class=\"wp-image-22939\" srcset=\"https:\/\/diarioprincipios.com\/wp-content\/uploads\/2024\/09\/CONTINUAN-LAS-OBRAS-DE-MEJORA-DE-LA-RED-VIAL-1-1024x683.jpg 1024w, https:\/\/diarioprincipios.com\/wp-content\/uploads\/2024\/09\/CONTINUAN-LAS-OBRAS-DE-MEJORA-DE-LA-RED-VIAL-1-300x200.jpg 300w, https:\/\/diarioprincipios.com\/wp-content\/uploads\/2024\/09\/CONTINUAN-LAS-OBRAS-DE-MEJORA-DE-LA-RED-VIAL-1-768x512.jpg 768w, https:\/\/diarioprincipios.com\/wp-content\/uploads\/2024\/09\/CONTINUAN-LAS-OBRAS-DE-MEJORA-DE-LA-RED-VIAL-1-1536x1024.jpg 1536w, https:\/\/diarioprincipios.com\/wp-content\/uploads\/2024\/09\/CONTINUAN-LAS-OBRAS-DE-MEJORA-DE-LA-RED-VIAL-1-600x400.jpg 600w, https:\/\/diarioprincipios.com\/wp-content\/uploads\/2024\/09\/CONTINUAN-LAS-OBRAS-DE-MEJORA-DE-LA-RED-VIAL-1.jpg 1920w\" sizes=\"auto, (max-width: 1024px) 100vw, 1024px\" \/><\/figure>\n\n\n\n<p>Augusto D\u00edaz Kergaravat, subsecretario municipal de Obras P\u00fablicas, coment\u00f3 al respecto: \u201cEl mantenimiento de la red vial es necesario en forma permanente, ya que -por las lluvias o las elevadas temperaturas- los pavimentos pueden reventarse, romperse y generar accidentes en la v\u00eda p\u00fablica. Este tipo de obra trae como beneficio la mejora en la circulaci\u00f3n vehicular, as\u00ed como el escurrimiento de los desag\u00fces pluviales superficiales, ya que el agua escurrir\u00e1 por las cunetas y no se estancar\u00e1\u201d.<\/p>\n\n\n\n<figure class=\"wp-block-image size-large\"><img loading=\"lazy\" decoding=\"async\" width=\"1024\" height=\"683\" src=\"https:\/\/diarioprincipios.com\/wp-content\/uploads\/2024\/09\/CONTINUAN-LAS-OBRAS-DE-MEJORA-DE-LA-RED-VIAL-3-1024x683.jpg\" alt=\"\" class=\"wp-image-22940\" srcset=\"https:\/\/diarioprincipios.com\/wp-content\/uploads\/2024\/09\/CONTINUAN-LAS-OBRAS-DE-MEJORA-DE-LA-RED-VIAL-3-1024x683.jpg 1024w, https:\/\/diarioprincipios.com\/wp-content\/uploads\/2024\/09\/CONTINUAN-LAS-OBRAS-DE-MEJORA-DE-LA-RED-VIAL-3-300x200.jpg 300w, https:\/\/diarioprincipios.com\/wp-content\/uploads\/2024\/09\/CONTINUAN-LAS-OBRAS-DE-MEJORA-DE-LA-RED-VIAL-3-768x512.jpg 768w, https:\/\/diarioprincipios.com\/wp-content\/uploads\/2024\/09\/CONTINUAN-LAS-OBRAS-DE-MEJORA-DE-LA-RED-VIAL-3-1536x1024.jpg 1536w, https:\/\/diarioprincipios.com\/wp-content\/uploads\/2024\/09\/CONTINUAN-LAS-OBRAS-DE-MEJORA-DE-LA-RED-VIAL-3-600x400.jpg 600w, https:\/\/diarioprincipios.com\/wp-content\/uploads\/2024\/09\/CONTINUAN-LAS-OBRAS-DE-MEJORA-DE-LA-RED-VIAL-3.jpg 1920w\" sizes=\"auto, (max-width: 1024px) 100vw, 1024px\" \/><\/figure>\n\n\n\n<p>Adem\u00e1s, agreg\u00f3: \u201cActualmente trabajamos en la localidad de Guti\u00e9rrez con la reparaci\u00f3n de la red vial, en la intersecci\u00f3n de las calles 415 y 457, reconstruyendo los pavimentos de hormig\u00f3n. Tras detectar el problema y las losas a reparar, se procede con la rotura, el desmonte de las mismas y la posterior reconstrucci\u00f3n. Los 30 mil metros cuadrados anuales de obra comprenden las localidades de todo el distrito\u201d.<\/p>\n\n\n\n<p>Finalmente, Kergaravat afirm\u00f3: \u201cEstos trabajos son financiados 100% por la Municipalidad e impulsados por el intendente Juan Jos\u00e9 Mussi\u201d.<\/p>\n","protected":false},"excerpt":{"rendered":"<p>Avanza el proyecto integral anual de reconstrucci\u00f3n de 30 mil metros cuadrados de pavimento de hormig\u00f3n para mejorar la red vial en las localidades de Berazategui. Esta obra es realizada con fondos 100% municipales, para beneficio de los vecinos y vecinas. Augusto D\u00edaz Kergaravat, subsecretario municipal de Obras P\u00fablicas, coment\u00f3 al respecto: \u201cEl mantenimiento de&#8230;<\/p>\n","protected":false},"author":2,"featured_media":22941,"comment_status":"open","ping_status":"open","sticky":false,"template":"","format":"standard","meta":{"footnotes":""},"categories":[3],"tags":[],"class_list":["post-22938","post","type-post","status-publish","format-standard","has-post-thumbnail","hentry","category-berazategui"],"featured_image_src":"https:\/\/diarioprincipios.com\/wp-content\/uploads\/2024\/09\/CONTINUAN-LAS-OBRAS-DE-MEJORA-DE-LA-RED-VIAL-1024x683.jpg","blog_images":{"medium":"https:\/\/diarioprincipios.com\/wp-content\/uploads\/2024\/09\/CONTINUAN-LAS-OBRAS-DE-MEJORA-DE-LA-RED-VIAL-300x200.jpg","large":"https:\/\/diarioprincipios.com\/wp-content\/uploads\/2024\/09\/CONTINUAN-LAS-OBRAS-DE-MEJORA-DE-LA-RED-VIAL-1024x683.jpg"},"ams_acf":[],"yoast_head":"<!-- This site is optimized with the Yoast SEO plugin v27.3 - https:\/\/yoast.com\/product\/yoast-seo-wordpress\/ -->\n<title>Con financiamiento municipal contin\u00faan las Obras de mejora de la Red Vial - Principios<\/title>\n<meta name=\"robots\" content=\"index, follow, max-snippet:-1, max-image-preview:large, max-video-preview:-1\" \/>\n<link rel=\"canonical\" href=\"https:\/\/diarioprincipios.com\/index.php\/2024\/09\/06\/con-financiamiento-municipal-continuan-las-obras-de-mejora-de-la-red-vial\/\" \/>\n<meta property=\"og:locale\" content=\"es_ES\" \/>\n<meta property=\"og:type\" content=\"article\" \/>\n<meta property=\"og:title\" content=\"Con financiamiento municipal contin\u00faan las Obras de mejora de la Red Vial - Principios\" \/>\n<meta property=\"og:description\" content=\"Avanza el proyecto integral anual de reconstrucci\u00f3n de 30 mil metros cuadrados de pavimento de hormig\u00f3n para mejorar la red vial en las localidades de Berazategui. Esta obra es realizada con fondos 100% municipales, para beneficio de los vecinos y vecinas. Augusto D\u00edaz Kergaravat, subsecretario municipal de Obras P\u00fablicas, coment\u00f3 al respecto: \u201cEl mantenimiento de...\" \/>\n<meta property=\"og:url\" content=\"https:\/\/diarioprincipios.com\/index.php\/2024\/09\/06\/con-financiamiento-municipal-continuan-las-obras-de-mejora-de-la-red-vial\/\" \/>\n<meta property=\"og:site_name\" content=\"Principios\" \/>\n<meta property=\"article:published_time\" content=\"2024-09-06T14:43:41+00:00\" \/>\n<meta property=\"article:modified_time\" content=\"2024-09-06T14:43:43+00:00\" \/>\n<meta property=\"og:image\" content=\"https:\/\/diarioprincipios.com\/wp-content\/uploads\/2024\/09\/CONTINUAN-LAS-OBRAS-DE-MEJORA-DE-LA-RED-VIAL.jpg\" \/>\n\t<meta property=\"og:image:width\" content=\"1920\" \/>\n\t<meta property=\"og:image:height\" content=\"1280\" \/>\n\t<meta property=\"og:image:type\" content=\"image\/jpeg\" \/>\n<meta name=\"author\" content=\"Hern\u00e1n L\u00f3pez\" \/>\n<meta name=\"twitter:card\" content=\"summary_large_image\" \/>\n<meta name=\"twitter:label1\" content=\"Escrito por\" \/>\n\t<meta name=\"twitter:data1\" content=\"Hern\u00e1n L\u00f3pez\" \/>\n\t<meta name=\"twitter:label2\" content=\"Tiempo de lectura\" \/>\n\t<meta name=\"twitter:data2\" content=\"2 minutos\" \/>\n<script type=\"application\/ld+json\" class=\"yoast-schema-graph\">{\"@context\":\"https:\\\/\\\/schema.org\",\"@graph\":[{\"@type\":\"Article\",\"@id\":\"https:\\\/\\\/diarioprincipios.com\\\/index.php\\\/2024\\\/09\\\/06\\\/con-financiamiento-municipal-continuan-las-obras-de-mejora-de-la-red-vial\\\/#article\",\"isPartOf\":{\"@id\":\"https:\\\/\\\/diarioprincipios.com\\\/index.php\\\/2024\\\/09\\\/06\\\/con-financiamiento-municipal-continuan-las-obras-de-mejora-de-la-red-vial\\\/\"},\"author\":{\"name\":\"Hern\u00e1n L\u00f3pez\",\"@id\":\"https:\\\/\\\/diarioprincipios.com\\\/#\\\/schema\\\/person\\\/436d5a1fd41a5e250e23ff5a6a7cb080\"},\"headline\":\"Con financiamiento municipal contin\u00faan las Obras de mejora de la Red Vial\",\"datePublished\":\"2024-09-06T14:43:41+00:00\",\"dateModified\":\"2024-09-06T14:43:43+00:00\",\"mainEntityOfPage\":{\"@id\":\"https:\\\/\\\/diarioprincipios.com\\\/index.php\\\/2024\\\/09\\\/06\\\/con-financiamiento-municipal-continuan-las-obras-de-mejora-de-la-red-vial\\\/\"},\"wordCount\":226,\"commentCount\":0,\"publisher\":{\"@id\":\"https:\\\/\\\/diarioprincipios.com\\\/#organization\"},\"image\":{\"@id\":\"https:\\\/\\\/diarioprincipios.com\\\/index.php\\\/2024\\\/09\\\/06\\\/con-financiamiento-municipal-continuan-las-obras-de-mejora-de-la-red-vial\\\/#primaryimage\"},\"thumbnailUrl\":\"https:\\\/\\\/diarioprincipios.com\\\/wp-content\\\/uploads\\\/2024\\\/09\\\/CONTINUAN-LAS-OBRAS-DE-MEJORA-DE-LA-RED-VIAL.jpg\",\"articleSection\":[\"Berazategui\"],\"inLanguage\":\"es\",\"potentialAction\":[{\"@type\":\"CommentAction\",\"name\":\"Comment\",\"target\":[\"https:\\\/\\\/diarioprincipios.com\\\/index.php\\\/2024\\\/09\\\/06\\\/con-financiamiento-municipal-continuan-las-obras-de-mejora-de-la-red-vial\\\/#respond\"]}]},{\"@type\":\"WebPage\",\"@id\":\"https:\\\/\\\/diarioprincipios.com\\\/index.php\\\/2024\\\/09\\\/06\\\/con-financiamiento-municipal-continuan-las-obras-de-mejora-de-la-red-vial\\\/\",\"url\":\"https:\\\/\\\/diarioprincipios.com\\\/index.php\\\/2024\\\/09\\\/06\\\/con-financiamiento-municipal-continuan-las-obras-de-mejora-de-la-red-vial\\\/\",\"name\":\"Con financiamiento municipal contin\u00faan las Obras de mejora de la Red Vial - Principios\",\"isPartOf\":{\"@id\":\"https:\\\/\\\/diarioprincipios.com\\\/#website\"},\"primaryImageOfPage\":{\"@id\":\"https:\\\/\\\/diarioprincipios.com\\\/index.php\\\/2024\\\/09\\\/06\\\/con-financiamiento-municipal-continuan-las-obras-de-mejora-de-la-red-vial\\\/#primaryimage\"},\"image\":{\"@id\":\"https:\\\/\\\/diarioprincipios.com\\\/index.php\\\/2024\\\/09\\\/06\\\/con-financiamiento-municipal-continuan-las-obras-de-mejora-de-la-red-vial\\\/#primaryimage\"},\"thumbnailUrl\":\"https:\\\/\\\/diarioprincipios.com\\\/wp-content\\\/uploads\\\/2024\\\/09\\\/CONTINUAN-LAS-OBRAS-DE-MEJORA-DE-LA-RED-VIAL.jpg\",\"datePublished\":\"2024-09-06T14:43:41+00:00\",\"dateModified\":\"2024-09-06T14:43:43+00:00\",\"breadcrumb\":{\"@id\":\"https:\\\/\\\/diarioprincipios.com\\\/index.php\\\/2024\\\/09\\\/06\\\/con-financiamiento-municipal-continuan-las-obras-de-mejora-de-la-red-vial\\\/#breadcrumb\"},\"inLanguage\":\"es\",\"potentialAction\":[{\"@type\":\"ReadAction\",\"target\":[\"https:\\\/\\\/diarioprincipios.com\\\/index.php\\\/2024\\\/09\\\/06\\\/con-financiamiento-municipal-continuan-las-obras-de-mejora-de-la-red-vial\\\/\"]}]},{\"@type\":\"ImageObject\",\"inLanguage\":\"es\",\"@id\":\"https:\\\/\\\/diarioprincipios.com\\\/index.php\\\/2024\\\/09\\\/06\\\/con-financiamiento-municipal-continuan-las-obras-de-mejora-de-la-red-vial\\\/#primaryimage\",\"url\":\"https:\\\/\\\/diarioprincipios.com\\\/wp-content\\\/uploads\\\/2024\\\/09\\\/CONTINUAN-LAS-OBRAS-DE-MEJORA-DE-LA-RED-VIAL.jpg\",\"contentUrl\":\"https:\\\/\\\/diarioprincipios.com\\\/wp-content\\\/uploads\\\/2024\\\/09\\\/CONTINUAN-LAS-OBRAS-DE-MEJORA-DE-LA-RED-VIAL.jpg\",\"width\":1920,\"height\":1280},{\"@type\":\"BreadcrumbList\",\"@id\":\"https:\\\/\\\/diarioprincipios.com\\\/index.php\\\/2024\\\/09\\\/06\\\/con-financiamiento-municipal-continuan-las-obras-de-mejora-de-la-red-vial\\\/#breadcrumb\",\"itemListElement\":[{\"@type\":\"ListItem\",\"position\":1,\"name\":\"Portada\",\"item\":\"https:\\\/\\\/diarioprincipios.com\\\/\"},{\"@type\":\"ListItem\",\"position\":2,\"name\":\"Con financiamiento municipal contin\u00faan las Obras de mejora de la Red Vial\"}]},{\"@type\":\"WebSite\",\"@id\":\"https:\\\/\\\/diarioprincipios.com\\\/#website\",\"url\":\"https:\\\/\\\/diarioprincipios.com\\\/\",\"name\":\"Principios\",\"description\":\"Principios Diario\",\"publisher\":{\"@id\":\"https:\\\/\\\/diarioprincipios.com\\\/#organization\"},\"potentialAction\":[{\"@type\":\"SearchAction\",\"target\":{\"@type\":\"EntryPoint\",\"urlTemplate\":\"https:\\\/\\\/diarioprincipios.com\\\/?s={search_term_string}\"},\"query-input\":{\"@type\":\"PropertyValueSpecification\",\"valueRequired\":true,\"valueName\":\"search_term_string\"}}],\"inLanguage\":\"es\"},{\"@type\":\"Organization\",\"@id\":\"https:\\\/\\\/diarioprincipios.com\\\/#organization\",\"name\":\"Principios\",\"url\":\"https:\\\/\\\/diarioprincipios.com\\\/\",\"logo\":{\"@type\":\"ImageObject\",\"inLanguage\":\"es\",\"@id\":\"https:\\\/\\\/diarioprincipios.com\\\/#\\\/schema\\\/logo\\\/image\\\/\",\"url\":\"https:\\\/\\\/diarioprincipios.com\\\/wp-content\\\/uploads\\\/2024\\\/04\\\/cropped-www.diarioprincipios.com_-1.png\",\"contentUrl\":\"https:\\\/\\\/diarioprincipios.com\\\/wp-content\\\/uploads\\\/2024\\\/04\\\/cropped-www.diarioprincipios.com_-1.png\",\"width\":5325,\"height\":1454,\"caption\":\"Principios\"},\"image\":{\"@id\":\"https:\\\/\\\/diarioprincipios.com\\\/#\\\/schema\\\/logo\\\/image\\\/\"}},{\"@type\":\"Person\",\"@id\":\"https:\\\/\\\/diarioprincipios.com\\\/#\\\/schema\\\/person\\\/436d5a1fd41a5e250e23ff5a6a7cb080\",\"name\":\"Hern\u00e1n L\u00f3pez\",\"image\":{\"@type\":\"ImageObject\",\"inLanguage\":\"es\",\"@id\":\"https:\\\/\\\/diarioprincipios.com\\\/wp-content\\\/litespeed\\\/avatar\\\/11ddfe5610ff3bd100522525b2571f48.jpg?ver=1777048341\",\"url\":\"https:\\\/\\\/diarioprincipios.com\\\/wp-content\\\/litespeed\\\/avatar\\\/11ddfe5610ff3bd100522525b2571f48.jpg?ver=1777048341\",\"contentUrl\":\"https:\\\/\\\/diarioprincipios.com\\\/wp-content\\\/litespeed\\\/avatar\\\/11ddfe5610ff3bd100522525b2571f48.jpg?ver=1777048341\",\"caption\":\"Hern\u00e1n L\u00f3pez\"},\"url\":\"https:\\\/\\\/diarioprincipios.com\\\/index.php\\\/author\\\/hernan\\\/\"}]}<\/script>\n<!-- \/ Yoast SEO plugin. -->","yoast_head_json":{"title":"Con financiamiento municipal contin\u00faan las Obras de mejora de la Red Vial - Principios","robots":{"index":"index","follow":"follow","max-snippet":"max-snippet:-1","max-image-preview":"max-image-preview:large","max-video-preview":"max-video-preview:-1"},"canonical":"https:\/\/diarioprincipios.com\/index.php\/2024\/09\/06\/con-financiamiento-municipal-continuan-las-obras-de-mejora-de-la-red-vial\/","og_locale":"es_ES","og_type":"article","og_title":"Con financiamiento municipal contin\u00faan las Obras de mejora de la Red Vial - Principios","og_description":"Avanza el proyecto integral anual de reconstrucci\u00f3n de 30 mil metros cuadrados de pavimento de hormig\u00f3n para mejorar la red vial en las localidades de Berazategui. Esta obra es realizada con fondos 100% municipales, para beneficio de los vecinos y vecinas. Augusto D\u00edaz Kergaravat, subsecretario municipal de Obras P\u00fablicas, coment\u00f3 al respecto: \u201cEl mantenimiento de...","og_url":"https:\/\/diarioprincipios.com\/index.php\/2024\/09\/06\/con-financiamiento-municipal-continuan-las-obras-de-mejora-de-la-red-vial\/","og_site_name":"Principios","article_published_time":"2024-09-06T14:43:41+00:00","article_modified_time":"2024-09-06T14:43:43+00:00","og_image":[{"width":1920,"height":1280,"url":"https:\/\/diarioprincipios.com\/wp-content\/uploads\/2024\/09\/CONTINUAN-LAS-OBRAS-DE-MEJORA-DE-LA-RED-VIAL.jpg","type":"image\/jpeg"}],"author":"Hern\u00e1n L\u00f3pez","twitter_card":"summary_large_image","twitter_misc":{"Escrito por":"Hern\u00e1n L\u00f3pez","Tiempo de lectura":"2 minutos"},"schema":{"@context":"https:\/\/schema.org","@graph":[{"@type":"Article","@id":"https:\/\/diarioprincipios.com\/index.php\/2024\/09\/06\/con-financiamiento-municipal-continuan-las-obras-de-mejora-de-la-red-vial\/#article","isPartOf":{"@id":"https:\/\/diarioprincipios.com\/index.php\/2024\/09\/06\/con-financiamiento-municipal-continuan-las-obras-de-mejora-de-la-red-vial\/"},"author":{"name":"Hern\u00e1n L\u00f3pez","@id":"https:\/\/diarioprincipios.com\/#\/schema\/person\/436d5a1fd41a5e250e23ff5a6a7cb080"},"headline":"Con financiamiento municipal contin\u00faan las Obras de mejora de la Red Vial","datePublished":"2024-09-06T14:43:41+00:00","dateModified":"2024-09-06T14:43:43+00:00","mainEntityOfPage":{"@id":"https:\/\/diarioprincipios.com\/index.php\/2024\/09\/06\/con-financiamiento-municipal-continuan-las-obras-de-mejora-de-la-red-vial\/"},"wordCount":226,"commentCount":0,"publisher":{"@id":"https:\/\/diarioprincipios.com\/#organization"},"image":{"@id":"https:\/\/diarioprincipios.com\/index.php\/2024\/09\/06\/con-financiamiento-municipal-continuan-las-obras-de-mejora-de-la-red-vial\/#primaryimage"},"thumbnailUrl":"https:\/\/diarioprincipios.com\/wp-content\/uploads\/2024\/09\/CONTINUAN-LAS-OBRAS-DE-MEJORA-DE-LA-RED-VIAL.jpg","articleSection":["Berazategui"],"inLanguage":"es","potentialAction":[{"@type":"CommentAction","name":"Comment","target":["https:\/\/diarioprincipios.com\/index.php\/2024\/09\/06\/con-financiamiento-municipal-continuan-las-obras-de-mejora-de-la-red-vial\/#respond"]}]},{"@type":"WebPage","@id":"https:\/\/diarioprincipios.com\/index.php\/2024\/09\/06\/con-financiamiento-municipal-continuan-las-obras-de-mejora-de-la-red-vial\/","url":"https:\/\/diarioprincipios.com\/index.php\/2024\/09\/06\/con-financiamiento-municipal-continuan-las-obras-de-mejora-de-la-red-vial\/","name":"Con financiamiento municipal contin\u00faan las Obras de mejora de la Red Vial - Principios","isPartOf":{"@id":"https:\/\/diarioprincipios.com\/#website"},"primaryImageOfPage":{"@id":"https:\/\/diarioprincipios.com\/index.php\/2024\/09\/06\/con-financiamiento-municipal-continuan-las-obras-de-mejora-de-la-red-vial\/#primaryimage"},"image":{"@id":"https:\/\/diarioprincipios.com\/index.php\/2024\/09\/06\/con-financiamiento-municipal-continuan-las-obras-de-mejora-de-la-red-vial\/#primaryimage"},"thumbnailUrl":"https:\/\/diarioprincipios.com\/wp-content\/uploads\/2024\/09\/CONTINUAN-LAS-OBRAS-DE-MEJORA-DE-LA-RED-VIAL.jpg","datePublished":"2024-09-06T14:43:41+00:00","dateModified":"2024-09-06T14:43:43+00:00","breadcrumb":{"@id":"https:\/\/diarioprincipios.com\/index.php\/2024\/09\/06\/con-financiamiento-municipal-continuan-las-obras-de-mejora-de-la-red-vial\/#breadcrumb"},"inLanguage":"es","potentialAction":[{"@type":"ReadAction","target":["https:\/\/diarioprincipios.com\/index.php\/2024\/09\/06\/con-financiamiento-municipal-continuan-las-obras-de-mejora-de-la-red-vial\/"]}]},{"@type":"ImageObject","inLanguage":"es","@id":"https:\/\/diarioprincipios.com\/index.php\/2024\/09\/06\/con-financiamiento-municipal-continuan-las-obras-de-mejora-de-la-red-vial\/#primaryimage","url":"https:\/\/diarioprincipios.com\/wp-content\/uploads\/2024\/09\/CONTINUAN-LAS-OBRAS-DE-MEJORA-DE-LA-RED-VIAL.jpg","contentUrl":"https:\/\/diarioprincipios.com\/wp-content\/uploads\/2024\/09\/CONTINUAN-LAS-OBRAS-DE-MEJORA-DE-LA-RED-VIAL.jpg","width":1920,"height":1280},{"@type":"BreadcrumbList","@id":"https:\/\/diarioprincipios.com\/index.php\/2024\/09\/06\/con-financiamiento-municipal-continuan-las-obras-de-mejora-de-la-red-vial\/#breadcrumb","itemListElement":[{"@type":"ListItem","position":1,"name":"Portada","item":"https:\/\/diarioprincipios.com\/"},{"@type":"ListItem","position":2,"name":"Con financiamiento municipal contin\u00faan las Obras de mejora de la Red Vial"}]},{"@type":"WebSite","@id":"https:\/\/diarioprincipios.com\/#website","url":"https:\/\/diarioprincipios.com\/","name":"Principios","description":"Principios Diario","publisher":{"@id":"https:\/\/diarioprincipios.com\/#organization"},"potentialAction":[{"@type":"SearchAction","target":{"@type":"EntryPoint","urlTemplate":"https:\/\/diarioprincipios.com\/?s={search_term_string}"},"query-input":{"@type":"PropertyValueSpecification","valueRequired":true,"valueName":"search_term_string"}}],"inLanguage":"es"},{"@type":"Organization","@id":"https:\/\/diarioprincipios.com\/#organization","name":"Principios","url":"https:\/\/diarioprincipios.com\/","logo":{"@type":"ImageObject","inLanguage":"es","@id":"https:\/\/diarioprincipios.com\/#\/schema\/logo\/image\/","url":"https:\/\/diarioprincipios.com\/wp-content\/uploads\/2024\/04\/cropped-www.diarioprincipios.com_-1.png","contentUrl":"https:\/\/diarioprincipios.com\/wp-content\/uploads\/2024\/04\/cropped-www.diarioprincipios.com_-1.png","width":5325,"height":1454,"caption":"Principios"},"image":{"@id":"https:\/\/diarioprincipios.com\/#\/schema\/logo\/image\/"}},{"@type":"Person","@id":"https:\/\/diarioprincipios.com\/#\/schema\/person\/436d5a1fd41a5e250e23ff5a6a7cb080","name":"Hern\u00e1n L\u00f3pez","image":{"@type":"ImageObject","inLanguage":"es","@id":"https:\/\/diarioprincipios.com\/wp-content\/litespeed\/avatar\/11ddfe5610ff3bd100522525b2571f48.jpg?ver=1777048341","url":"https:\/\/diarioprincipios.com\/wp-content\/litespeed\/avatar\/11ddfe5610ff3bd100522525b2571f48.jpg?ver=1777048341","contentUrl":"https:\/\/diarioprincipios.com\/wp-content\/litespeed\/avatar\/11ddfe5610ff3bd100522525b2571f48.jpg?ver=1777048341","caption":"Hern\u00e1n L\u00f3pez"},"url":"https:\/\/diarioprincipios.com\/index.php\/author\/hernan\/"}]}},"jetpack_featured_media_url":"https:\/\/diarioprincipios.com\/wp-content\/uploads\/2024\/09\/CONTINUAN-LAS-OBRAS-DE-MEJORA-DE-LA-RED-VIAL.jpg","_links":{"self":[{"href":"https:\/\/diarioprincipios.com\/index.php\/wp-json\/wp\/v2\/posts\/22938","targetHints":{"allow":["GET"]}}],"collection":[{"href":"https:\/\/diarioprincipios.com\/index.php\/wp-json\/wp\/v2\/posts"}],"about":[{"href":"https:\/\/diarioprincipios.com\/index.php\/wp-json\/wp\/v2\/types\/post"}],"author":[{"embeddable":true,"href":"https:\/\/diarioprincipios.com\/index.php\/wp-json\/wp\/v2\/users\/2"}],"replies":[{"embeddable":true,"href":"https:\/\/diarioprincipios.com\/index.php\/wp-json\/wp\/v2\/comments?post=22938"}],"version-history":[{"count":1,"href":"https:\/\/diarioprincipios.com\/index.php\/wp-json\/wp\/v2\/posts\/22938\/revisions"}],"predecessor-version":[{"id":22942,"href":"https:\/\/diarioprincipios.com\/index.php\/wp-json\/wp\/v2\/posts\/22938\/revisions\/22942"}],"wp:featuredmedia":[{"embeddable":true,"href":"https:\/\/diarioprincipios.com\/index.php\/wp-json\/wp\/v2\/media\/22941"}],"wp:attachment":[{"href":"https:\/\/diarioprincipios.com\/index.php\/wp-json\/wp\/v2\/media?parent=22938"}],"wp:term":[{"taxonomy":"category","embeddable":true,"href":"https:\/\/diarioprincipios.com\/index.php\/wp-json\/wp\/v2\/categories?post=22938"},{"taxonomy":"post_tag","embeddable":true,"href":"https:\/\/diarioprincipios.com\/index.php\/wp-json\/wp\/v2\/tags?post=22938"}],"curies":[{"name":"wp","href":"https:\/\/api.w.org\/{rel}","templated":true}]}}