{"id":22931,"date":"2024-09-05T16:49:02","date_gmt":"2024-09-05T19:49:02","guid":{"rendered":"http:\/\/diarioprincipios.com\/?p=22931"},"modified":"2024-09-05T16:49:10","modified_gmt":"2024-09-05T19:49:10","slug":"rosato-resalto-el-apoyo-del-municipio-a-la-industria-y-cuestiono-las-politicas-nacionales-que-perjudican-al-sector","status":"publish","type":"post","link":"https:\/\/diarioprincipios.com\/index.php\/2024\/09\/05\/rosato-resalto-el-apoyo-del-municipio-a-la-industria-y-cuestiono-las-politicas-nacionales-que-perjudican-al-sector\/","title":{"rendered":"Rosato resalt\u00f3 el apoyo del Municipio a la Industria y cuestion\u00f3 las pol\u00edticas nacionales que perjudican al sector"},"content":{"rendered":"\n<p>Entrevistado por Principios en el marco de un almuerzo organizado para conmemorar el D\u00eda de la Industria, el presidente de la UIB Daniel Rosato destac\u00f3 que \u00ablos industriales estamos pasando un momento muy dif\u00edcil, sufriendo un impacto muy negativo por la falta de demanda de la econom\u00eda\u00bb.<br>Agreg\u00f3 que \u00aba nivel nacional hoy no hay medidas de apoyo a la industria; sino todo lo contrario, hay medidas como la apertura de importaciones que solo nos perjudican m\u00e1s\u00bb.<br>No obstante esto, el presidente de la Uni\u00f3n Industrial de Berazategui y tambi\u00e9n de Industriales Pymes Argentinos (IPA) resalt\u00f3 que \u00aben Berazategui tenemos un valor agregado para sobrellevar la situaci\u00f3n, que es el apoyo del Municipio y de su Intendente el doctor Juan Jos\u00e9 Mussi, quien siempre impulsa medidas que tienden al desarrollo de la industria local\u00bb.<br>Tambi\u00e9n puntualiz\u00f3 que \u00abla Unidad que hemos logrado entre todo el sector productivo de Berazategui debe impulsarnos a seguir trabajando juntos en la b\u00fasqueda de soluciones y en el reclamo al gobierno nacional de pol\u00edticas que favorezcan el desarrollo industrial\u00bb<br>Este jueves la Uni\u00f3n Industrial comparti\u00f3 un almuerzo de camarader\u00eda donde se habl\u00f3 de los desafios del sector y recibieron la visita del Intendente Dr. Juan Jos\u00e9 Mussi.<\/p>\n","protected":false},"excerpt":{"rendered":"<p>Entrevistado por Principios en el marco de un almuerzo organizado para conmemorar el D\u00eda de la Industria, el presidente de la UIB Daniel Rosato destac\u00f3 que \u00ablos industriales estamos pasando un momento muy dif\u00edcil, sufriendo un impacto muy negativo por la falta de demanda de la econom\u00eda\u00bb.Agreg\u00f3 que \u00aba nivel nacional hoy no hay medidas&#8230;<\/p>\n","protected":false},"author":2,"featured_media":22932,"comment_status":"open","ping_status":"open","sticky":false,"template":"","format":"standard","meta":{"footnotes":""},"categories":[3,18],"tags":[],"class_list":["post-22931","post","type-post","status-publish","format-standard","has-post-thumbnail","hentry","category-berazategui","category-comercio-industria"],"featured_image_src":"https:\/\/diarioprincipios.com\/wp-content\/uploads\/2024\/09\/Screenshot_20240905_122903_WhatsApp-832x1024.jpg","blog_images":{"medium":"https:\/\/diarioprincipios.com\/wp-content\/uploads\/2024\/09\/Screenshot_20240905_122903_WhatsApp-244x300.jpg","large":"https:\/\/diarioprincipios.com\/wp-content\/uploads\/2024\/09\/Screenshot_20240905_122903_WhatsApp-832x1024.jpg"},"ams_acf":[],"yoast_head":"<!-- This site is optimized with the Yoast SEO plugin v27.3 - https:\/\/yoast.com\/product\/yoast-seo-wordpress\/ -->\n<title>Rosato resalt\u00f3 el apoyo del Municipio a la Industria y cuestion\u00f3 las pol\u00edticas nacionales que perjudican al sector - Principios<\/title>\n<meta name=\"robots\" content=\"index, follow, max-snippet:-1, max-image-preview:large, max-video-preview:-1\" \/>\n<link rel=\"canonical\" href=\"https:\/\/diarioprincipios.com\/index.php\/2024\/09\/05\/rosato-resalto-el-apoyo-del-municipio-a-la-industria-y-cuestiono-las-politicas-nacionales-que-perjudican-al-sector\/\" \/>\n<meta property=\"og:locale\" content=\"es_ES\" \/>\n<meta property=\"og:type\" content=\"article\" \/>\n<meta property=\"og:title\" content=\"Rosato resalt\u00f3 el apoyo del Municipio a la Industria y cuestion\u00f3 las pol\u00edticas nacionales que perjudican al sector - Principios\" \/>\n<meta property=\"og:description\" content=\"Entrevistado por Principios en el marco de un almuerzo organizado para conmemorar el D\u00eda de la Industria, el presidente de la UIB Daniel Rosato destac\u00f3 que \u00ablos industriales estamos pasando un momento muy dif\u00edcil, sufriendo un impacto muy negativo por la falta de demanda de la econom\u00eda\u00bb.Agreg\u00f3 que \u00aba nivel nacional hoy no hay medidas...\" \/>\n<meta property=\"og:url\" content=\"https:\/\/diarioprincipios.com\/index.php\/2024\/09\/05\/rosato-resalto-el-apoyo-del-municipio-a-la-industria-y-cuestiono-las-politicas-nacionales-que-perjudican-al-sector\/\" \/>\n<meta property=\"og:site_name\" content=\"Principios\" \/>\n<meta property=\"article:published_time\" content=\"2024-09-05T19:49:02+00:00\" \/>\n<meta property=\"article:modified_time\" content=\"2024-09-05T19:49:10+00:00\" \/>\n<meta property=\"og:image\" content=\"https:\/\/diarioprincipios.com\/wp-content\/uploads\/2024\/09\/Screenshot_20240905_122903_WhatsApp.jpg\" \/>\n\t<meta property=\"og:image:width\" content=\"1080\" \/>\n\t<meta property=\"og:image:height\" content=\"1329\" \/>\n\t<meta property=\"og:image:type\" content=\"image\/jpeg\" \/>\n<meta name=\"author\" content=\"Hern\u00e1n L\u00f3pez\" \/>\n<meta name=\"twitter:card\" content=\"summary_large_image\" \/>\n<meta name=\"twitter:label1\" content=\"Escrito por\" \/>\n\t<meta name=\"twitter:data1\" content=\"Hern\u00e1n L\u00f3pez\" \/>\n\t<meta name=\"twitter:label2\" content=\"Tiempo de lectura\" \/>\n\t<meta name=\"twitter:data2\" content=\"2 minutos\" \/>\n<script type=\"application\/ld+json\" class=\"yoast-schema-graph\">{\"@context\":\"https:\\\/\\\/schema.org\",\"@graph\":[{\"@type\":\"Article\",\"@id\":\"https:\\\/\\\/diarioprincipios.com\\\/index.php\\\/2024\\\/09\\\/05\\\/rosato-resalto-el-apoyo-del-municipio-a-la-industria-y-cuestiono-las-politicas-nacionales-que-perjudican-al-sector\\\/#article\",\"isPartOf\":{\"@id\":\"https:\\\/\\\/diarioprincipios.com\\\/index.php\\\/2024\\\/09\\\/05\\\/rosato-resalto-el-apoyo-del-municipio-a-la-industria-y-cuestiono-las-politicas-nacionales-que-perjudican-al-sector\\\/\"},\"author\":{\"name\":\"Hern\u00e1n L\u00f3pez\",\"@id\":\"https:\\\/\\\/diarioprincipios.com\\\/#\\\/schema\\\/person\\\/436d5a1fd41a5e250e23ff5a6a7cb080\"},\"headline\":\"Rosato resalt\u00f3 el apoyo del Municipio a la Industria y cuestion\u00f3 las pol\u00edticas nacionales que perjudican al sector\",\"datePublished\":\"2024-09-05T19:49:02+00:00\",\"dateModified\":\"2024-09-05T19:49:10+00:00\",\"mainEntityOfPage\":{\"@id\":\"https:\\\/\\\/diarioprincipios.com\\\/index.php\\\/2024\\\/09\\\/05\\\/rosato-resalto-el-apoyo-del-municipio-a-la-industria-y-cuestiono-las-politicas-nacionales-que-perjudican-al-sector\\\/\"},\"wordCount\":233,\"commentCount\":0,\"publisher\":{\"@id\":\"https:\\\/\\\/diarioprincipios.com\\\/#organization\"},\"image\":{\"@id\":\"https:\\\/\\\/diarioprincipios.com\\\/index.php\\\/2024\\\/09\\\/05\\\/rosato-resalto-el-apoyo-del-municipio-a-la-industria-y-cuestiono-las-politicas-nacionales-que-perjudican-al-sector\\\/#primaryimage\"},\"thumbnailUrl\":\"https:\\\/\\\/diarioprincipios.com\\\/wp-content\\\/uploads\\\/2024\\\/09\\\/Screenshot_20240905_122903_WhatsApp.jpg\",\"articleSection\":[\"Berazategui\",\"Comercio e Industria\"],\"inLanguage\":\"es\",\"potentialAction\":[{\"@type\":\"CommentAction\",\"name\":\"Comment\",\"target\":[\"https:\\\/\\\/diarioprincipios.com\\\/index.php\\\/2024\\\/09\\\/05\\\/rosato-resalto-el-apoyo-del-municipio-a-la-industria-y-cuestiono-las-politicas-nacionales-que-perjudican-al-sector\\\/#respond\"]}]},{\"@type\":\"WebPage\",\"@id\":\"https:\\\/\\\/diarioprincipios.com\\\/index.php\\\/2024\\\/09\\\/05\\\/rosato-resalto-el-apoyo-del-municipio-a-la-industria-y-cuestiono-las-politicas-nacionales-que-perjudican-al-sector\\\/\",\"url\":\"https:\\\/\\\/diarioprincipios.com\\\/index.php\\\/2024\\\/09\\\/05\\\/rosato-resalto-el-apoyo-del-municipio-a-la-industria-y-cuestiono-las-politicas-nacionales-que-perjudican-al-sector\\\/\",\"name\":\"Rosato resalt\u00f3 el apoyo del Municipio a la Industria y cuestion\u00f3 las pol\u00edticas nacionales que perjudican al sector - Principios\",\"isPartOf\":{\"@id\":\"https:\\\/\\\/diarioprincipios.com\\\/#website\"},\"primaryImageOfPage\":{\"@id\":\"https:\\\/\\\/diarioprincipios.com\\\/index.php\\\/2024\\\/09\\\/05\\\/rosato-resalto-el-apoyo-del-municipio-a-la-industria-y-cuestiono-las-politicas-nacionales-que-perjudican-al-sector\\\/#primaryimage\"},\"image\":{\"@id\":\"https:\\\/\\\/diarioprincipios.com\\\/index.php\\\/2024\\\/09\\\/05\\\/rosato-resalto-el-apoyo-del-municipio-a-la-industria-y-cuestiono-las-politicas-nacionales-que-perjudican-al-sector\\\/#primaryimage\"},\"thumbnailUrl\":\"https:\\\/\\\/diarioprincipios.com\\\/wp-content\\\/uploads\\\/2024\\\/09\\\/Screenshot_20240905_122903_WhatsApp.jpg\",\"datePublished\":\"2024-09-05T19:49:02+00:00\",\"dateModified\":\"2024-09-05T19:49:10+00:00\",\"breadcrumb\":{\"@id\":\"https:\\\/\\\/diarioprincipios.com\\\/index.php\\\/2024\\\/09\\\/05\\\/rosato-resalto-el-apoyo-del-municipio-a-la-industria-y-cuestiono-las-politicas-nacionales-que-perjudican-al-sector\\\/#breadcrumb\"},\"inLanguage\":\"es\",\"potentialAction\":[{\"@type\":\"ReadAction\",\"target\":[\"https:\\\/\\\/diarioprincipios.com\\\/index.php\\\/2024\\\/09\\\/05\\\/rosato-resalto-el-apoyo-del-municipio-a-la-industria-y-cuestiono-las-politicas-nacionales-que-perjudican-al-sector\\\/\"]}]},{\"@type\":\"ImageObject\",\"inLanguage\":\"es\",\"@id\":\"https:\\\/\\\/diarioprincipios.com\\\/index.php\\\/2024\\\/09\\\/05\\\/rosato-resalto-el-apoyo-del-municipio-a-la-industria-y-cuestiono-las-politicas-nacionales-que-perjudican-al-sector\\\/#primaryimage\",\"url\":\"https:\\\/\\\/diarioprincipios.com\\\/wp-content\\\/uploads\\\/2024\\\/09\\\/Screenshot_20240905_122903_WhatsApp.jpg\",\"contentUrl\":\"https:\\\/\\\/diarioprincipios.com\\\/wp-content\\\/uploads\\\/2024\\\/09\\\/Screenshot_20240905_122903_WhatsApp.jpg\",\"width\":1080,\"height\":1329},{\"@type\":\"BreadcrumbList\",\"@id\":\"https:\\\/\\\/diarioprincipios.com\\\/index.php\\\/2024\\\/09\\\/05\\\/rosato-resalto-el-apoyo-del-municipio-a-la-industria-y-cuestiono-las-politicas-nacionales-que-perjudican-al-sector\\\/#breadcrumb\",\"itemListElement\":[{\"@type\":\"ListItem\",\"position\":1,\"name\":\"Portada\",\"item\":\"https:\\\/\\\/diarioprincipios.com\\\/\"},{\"@type\":\"ListItem\",\"position\":2,\"name\":\"Rosato resalt\u00f3 el apoyo del Municipio a la Industria y cuestion\u00f3 las pol\u00edticas nacionales que perjudican al sector\"}]},{\"@type\":\"WebSite\",\"@id\":\"https:\\\/\\\/diarioprincipios.com\\\/#website\",\"url\":\"https:\\\/\\\/diarioprincipios.com\\\/\",\"name\":\"Principios\",\"description\":\"Principios Diario\",\"publisher\":{\"@id\":\"https:\\\/\\\/diarioprincipios.com\\\/#organization\"},\"potentialAction\":[{\"@type\":\"SearchAction\",\"target\":{\"@type\":\"EntryPoint\",\"urlTemplate\":\"https:\\\/\\\/diarioprincipios.com\\\/?s={search_term_string}\"},\"query-input\":{\"@type\":\"PropertyValueSpecification\",\"valueRequired\":true,\"valueName\":\"search_term_string\"}}],\"inLanguage\":\"es\"},{\"@type\":\"Organization\",\"@id\":\"https:\\\/\\\/diarioprincipios.com\\\/#organization\",\"name\":\"Principios\",\"url\":\"https:\\\/\\\/diarioprincipios.com\\\/\",\"logo\":{\"@type\":\"ImageObject\",\"inLanguage\":\"es\",\"@id\":\"https:\\\/\\\/diarioprincipios.com\\\/#\\\/schema\\\/logo\\\/image\\\/\",\"url\":\"https:\\\/\\\/diarioprincipios.com\\\/wp-content\\\/uploads\\\/2024\\\/04\\\/cropped-www.diarioprincipios.com_-1.png\",\"contentUrl\":\"https:\\\/\\\/diarioprincipios.com\\\/wp-content\\\/uploads\\\/2024\\\/04\\\/cropped-www.diarioprincipios.com_-1.png\",\"width\":5325,\"height\":1454,\"caption\":\"Principios\"},\"image\":{\"@id\":\"https:\\\/\\\/diarioprincipios.com\\\/#\\\/schema\\\/logo\\\/image\\\/\"}},{\"@type\":\"Person\",\"@id\":\"https:\\\/\\\/diarioprincipios.com\\\/#\\\/schema\\\/person\\\/436d5a1fd41a5e250e23ff5a6a7cb080\",\"name\":\"Hern\u00e1n L\u00f3pez\",\"image\":{\"@type\":\"ImageObject\",\"inLanguage\":\"es\",\"@id\":\"https:\\\/\\\/diarioprincipios.com\\\/wp-content\\\/litespeed\\\/avatar\\\/11ddfe5610ff3bd100522525b2571f48.jpg?ver=1777653193\",\"url\":\"https:\\\/\\\/diarioprincipios.com\\\/wp-content\\\/litespeed\\\/avatar\\\/11ddfe5610ff3bd100522525b2571f48.jpg?ver=1777653193\",\"contentUrl\":\"https:\\\/\\\/diarioprincipios.com\\\/wp-content\\\/litespeed\\\/avatar\\\/11ddfe5610ff3bd100522525b2571f48.jpg?ver=1777653193\",\"caption\":\"Hern\u00e1n L\u00f3pez\"},\"url\":\"https:\\\/\\\/diarioprincipios.com\\\/index.php\\\/author\\\/hernan\\\/\"}]}<\/script>\n<!-- \/ Yoast SEO plugin. -->","yoast_head_json":{"title":"Rosato resalt\u00f3 el apoyo del Municipio a la Industria y cuestion\u00f3 las pol\u00edticas nacionales que perjudican al sector - Principios","robots":{"index":"index","follow":"follow","max-snippet":"max-snippet:-1","max-image-preview":"max-image-preview:large","max-video-preview":"max-video-preview:-1"},"canonical":"https:\/\/diarioprincipios.com\/index.php\/2024\/09\/05\/rosato-resalto-el-apoyo-del-municipio-a-la-industria-y-cuestiono-las-politicas-nacionales-que-perjudican-al-sector\/","og_locale":"es_ES","og_type":"article","og_title":"Rosato resalt\u00f3 el apoyo del Municipio a la Industria y cuestion\u00f3 las pol\u00edticas nacionales que perjudican al sector - Principios","og_description":"Entrevistado por Principios en el marco de un almuerzo organizado para conmemorar el D\u00eda de la Industria, el presidente de la UIB Daniel Rosato destac\u00f3 que \u00ablos industriales estamos pasando un momento muy dif\u00edcil, sufriendo un impacto muy negativo por la falta de demanda de la econom\u00eda\u00bb.Agreg\u00f3 que \u00aba nivel nacional hoy no hay medidas...","og_url":"https:\/\/diarioprincipios.com\/index.php\/2024\/09\/05\/rosato-resalto-el-apoyo-del-municipio-a-la-industria-y-cuestiono-las-politicas-nacionales-que-perjudican-al-sector\/","og_site_name":"Principios","article_published_time":"2024-09-05T19:49:02+00:00","article_modified_time":"2024-09-05T19:49:10+00:00","og_image":[{"width":1080,"height":1329,"url":"https:\/\/diarioprincipios.com\/wp-content\/uploads\/2024\/09\/Screenshot_20240905_122903_WhatsApp.jpg","type":"image\/jpeg"}],"author":"Hern\u00e1n L\u00f3pez","twitter_card":"summary_large_image","twitter_misc":{"Escrito por":"Hern\u00e1n L\u00f3pez","Tiempo de lectura":"2 minutos"},"schema":{"@context":"https:\/\/schema.org","@graph":[{"@type":"Article","@id":"https:\/\/diarioprincipios.com\/index.php\/2024\/09\/05\/rosato-resalto-el-apoyo-del-municipio-a-la-industria-y-cuestiono-las-politicas-nacionales-que-perjudican-al-sector\/#article","isPartOf":{"@id":"https:\/\/diarioprincipios.com\/index.php\/2024\/09\/05\/rosato-resalto-el-apoyo-del-municipio-a-la-industria-y-cuestiono-las-politicas-nacionales-que-perjudican-al-sector\/"},"author":{"name":"Hern\u00e1n L\u00f3pez","@id":"https:\/\/diarioprincipios.com\/#\/schema\/person\/436d5a1fd41a5e250e23ff5a6a7cb080"},"headline":"Rosato resalt\u00f3 el apoyo del Municipio a la Industria y cuestion\u00f3 las pol\u00edticas nacionales que perjudican al sector","datePublished":"2024-09-05T19:49:02+00:00","dateModified":"2024-09-05T19:49:10+00:00","mainEntityOfPage":{"@id":"https:\/\/diarioprincipios.com\/index.php\/2024\/09\/05\/rosato-resalto-el-apoyo-del-municipio-a-la-industria-y-cuestiono-las-politicas-nacionales-que-perjudican-al-sector\/"},"wordCount":233,"commentCount":0,"publisher":{"@id":"https:\/\/diarioprincipios.com\/#organization"},"image":{"@id":"https:\/\/diarioprincipios.com\/index.php\/2024\/09\/05\/rosato-resalto-el-apoyo-del-municipio-a-la-industria-y-cuestiono-las-politicas-nacionales-que-perjudican-al-sector\/#primaryimage"},"thumbnailUrl":"https:\/\/diarioprincipios.com\/wp-content\/uploads\/2024\/09\/Screenshot_20240905_122903_WhatsApp.jpg","articleSection":["Berazategui","Comercio e Industria"],"inLanguage":"es","potentialAction":[{"@type":"CommentAction","name":"Comment","target":["https:\/\/diarioprincipios.com\/index.php\/2024\/09\/05\/rosato-resalto-el-apoyo-del-municipio-a-la-industria-y-cuestiono-las-politicas-nacionales-que-perjudican-al-sector\/#respond"]}]},{"@type":"WebPage","@id":"https:\/\/diarioprincipios.com\/index.php\/2024\/09\/05\/rosato-resalto-el-apoyo-del-municipio-a-la-industria-y-cuestiono-las-politicas-nacionales-que-perjudican-al-sector\/","url":"https:\/\/diarioprincipios.com\/index.php\/2024\/09\/05\/rosato-resalto-el-apoyo-del-municipio-a-la-industria-y-cuestiono-las-politicas-nacionales-que-perjudican-al-sector\/","name":"Rosato resalt\u00f3 el apoyo del Municipio a la Industria y cuestion\u00f3 las pol\u00edticas nacionales que perjudican al sector - Principios","isPartOf":{"@id":"https:\/\/diarioprincipios.com\/#website"},"primaryImageOfPage":{"@id":"https:\/\/diarioprincipios.com\/index.php\/2024\/09\/05\/rosato-resalto-el-apoyo-del-municipio-a-la-industria-y-cuestiono-las-politicas-nacionales-que-perjudican-al-sector\/#primaryimage"},"image":{"@id":"https:\/\/diarioprincipios.com\/index.php\/2024\/09\/05\/rosato-resalto-el-apoyo-del-municipio-a-la-industria-y-cuestiono-las-politicas-nacionales-que-perjudican-al-sector\/#primaryimage"},"thumbnailUrl":"https:\/\/diarioprincipios.com\/wp-content\/uploads\/2024\/09\/Screenshot_20240905_122903_WhatsApp.jpg","datePublished":"2024-09-05T19:49:02+00:00","dateModified":"2024-09-05T19:49:10+00:00","breadcrumb":{"@id":"https:\/\/diarioprincipios.com\/index.php\/2024\/09\/05\/rosato-resalto-el-apoyo-del-municipio-a-la-industria-y-cuestiono-las-politicas-nacionales-que-perjudican-al-sector\/#breadcrumb"},"inLanguage":"es","potentialAction":[{"@type":"ReadAction","target":["https:\/\/diarioprincipios.com\/index.php\/2024\/09\/05\/rosato-resalto-el-apoyo-del-municipio-a-la-industria-y-cuestiono-las-politicas-nacionales-que-perjudican-al-sector\/"]}]},{"@type":"ImageObject","inLanguage":"es","@id":"https:\/\/diarioprincipios.com\/index.php\/2024\/09\/05\/rosato-resalto-el-apoyo-del-municipio-a-la-industria-y-cuestiono-las-politicas-nacionales-que-perjudican-al-sector\/#primaryimage","url":"https:\/\/diarioprincipios.com\/wp-content\/uploads\/2024\/09\/Screenshot_20240905_122903_WhatsApp.jpg","contentUrl":"https:\/\/diarioprincipios.com\/wp-content\/uploads\/2024\/09\/Screenshot_20240905_122903_WhatsApp.jpg","width":1080,"height":1329},{"@type":"BreadcrumbList","@id":"https:\/\/diarioprincipios.com\/index.php\/2024\/09\/05\/rosato-resalto-el-apoyo-del-municipio-a-la-industria-y-cuestiono-las-politicas-nacionales-que-perjudican-al-sector\/#breadcrumb","itemListElement":[{"@type":"ListItem","position":1,"name":"Portada","item":"https:\/\/diarioprincipios.com\/"},{"@type":"ListItem","position":2,"name":"Rosato resalt\u00f3 el apoyo del Municipio a la Industria y cuestion\u00f3 las pol\u00edticas nacionales que perjudican al sector"}]},{"@type":"WebSite","@id":"https:\/\/diarioprincipios.com\/#website","url":"https:\/\/diarioprincipios.com\/","name":"Principios","description":"Principios Diario","publisher":{"@id":"https:\/\/diarioprincipios.com\/#organization"},"potentialAction":[{"@type":"SearchAction","target":{"@type":"EntryPoint","urlTemplate":"https:\/\/diarioprincipios.com\/?s={search_term_string}"},"query-input":{"@type":"PropertyValueSpecification","valueRequired":true,"valueName":"search_term_string"}}],"inLanguage":"es"},{"@type":"Organization","@id":"https:\/\/diarioprincipios.com\/#organization","name":"Principios","url":"https:\/\/diarioprincipios.com\/","logo":{"@type":"ImageObject","inLanguage":"es","@id":"https:\/\/diarioprincipios.com\/#\/schema\/logo\/image\/","url":"https:\/\/diarioprincipios.com\/wp-content\/uploads\/2024\/04\/cropped-www.diarioprincipios.com_-1.png","contentUrl":"https:\/\/diarioprincipios.com\/wp-content\/uploads\/2024\/04\/cropped-www.diarioprincipios.com_-1.png","width":5325,"height":1454,"caption":"Principios"},"image":{"@id":"https:\/\/diarioprincipios.com\/#\/schema\/logo\/image\/"}},{"@type":"Person","@id":"https:\/\/diarioprincipios.com\/#\/schema\/person\/436d5a1fd41a5e250e23ff5a6a7cb080","name":"Hern\u00e1n L\u00f3pez","image":{"@type":"ImageObject","inLanguage":"es","@id":"https:\/\/diarioprincipios.com\/wp-content\/litespeed\/avatar\/11ddfe5610ff3bd100522525b2571f48.jpg?ver=1777653193","url":"https:\/\/diarioprincipios.com\/wp-content\/litespeed\/avatar\/11ddfe5610ff3bd100522525b2571f48.jpg?ver=1777653193","contentUrl":"https:\/\/diarioprincipios.com\/wp-content\/litespeed\/avatar\/11ddfe5610ff3bd100522525b2571f48.jpg?ver=1777653193","caption":"Hern\u00e1n L\u00f3pez"},"url":"https:\/\/diarioprincipios.com\/index.php\/author\/hernan\/"}]}},"jetpack_featured_media_url":"https:\/\/diarioprincipios.com\/wp-content\/uploads\/2024\/09\/Screenshot_20240905_122903_WhatsApp.jpg","_links":{"self":[{"href":"https:\/\/diarioprincipios.com\/index.php\/wp-json\/wp\/v2\/posts\/22931","targetHints":{"allow":["GET"]}}],"collection":[{"href":"https:\/\/diarioprincipios.com\/index.php\/wp-json\/wp\/v2\/posts"}],"about":[{"href":"https:\/\/diarioprincipios.com\/index.php\/wp-json\/wp\/v2\/types\/post"}],"author":[{"embeddable":true,"href":"https:\/\/diarioprincipios.com\/index.php\/wp-json\/wp\/v2\/users\/2"}],"replies":[{"embeddable":true,"href":"https:\/\/diarioprincipios.com\/index.php\/wp-json\/wp\/v2\/comments?post=22931"}],"version-history":[{"count":1,"href":"https:\/\/diarioprincipios.com\/index.php\/wp-json\/wp\/v2\/posts\/22931\/revisions"}],"predecessor-version":[{"id":22933,"href":"https:\/\/diarioprincipios.com\/index.php\/wp-json\/wp\/v2\/posts\/22931\/revisions\/22933"}],"wp:featuredmedia":[{"embeddable":true,"href":"https:\/\/diarioprincipios.com\/index.php\/wp-json\/wp\/v2\/media\/22932"}],"wp:attachment":[{"href":"https:\/\/diarioprincipios.com\/index.php\/wp-json\/wp\/v2\/media?parent=22931"}],"wp:term":[{"taxonomy":"category","embeddable":true,"href":"https:\/\/diarioprincipios.com\/index.php\/wp-json\/wp\/v2\/categories?post=22931"},{"taxonomy":"post_tag","embeddable":true,"href":"https:\/\/diarioprincipios.com\/index.php\/wp-json\/wp\/v2\/tags?post=22931"}],"curies":[{"name":"wp","href":"https:\/\/api.w.org\/{rel}","templated":true}]}}