{"id":22927,"date":"2024-09-05T16:38:47","date_gmt":"2024-09-05T19:38:47","guid":{"rendered":"http:\/\/diarioprincipios.com\/?p=22927"},"modified":"2024-09-05T16:38:58","modified_gmt":"2024-09-05T19:38:58","slug":"paro-universitario-por-la-ley-de-financiamiento","status":"publish","type":"post","link":"https:\/\/diarioprincipios.com\/index.php\/2024\/09\/05\/paro-universitario-por-la-ley-de-financiamiento\/","title":{"rendered":"Paro Universitario por la Ley de Financiamiento"},"content":{"rendered":"\n<p>Se realiz\u00f3 este jueves un paro en la Universidad Nacional Arturo Jauretche con pleno acatamiento. La medida, definida de manera previa a la postergaci\u00f3n acordada por el gobierno con la oposici\u00f3n amigable, es en reclamo por la urgente resoluci\u00f3n de la crisis provocada en el sistema universitario. Con el 80% de docentes universitarios cobrando por debajo de la l\u00ednea de pobreza, la situaci\u00f3n se torna insostenible en el corto plazo.<\/p>\n\n\n\n<figure class=\"wp-block-image size-full\"><img loading=\"lazy\" decoding=\"async\" width=\"840\" height=\"694\" src=\"https:\/\/diarioprincipios.com\/wp-content\/uploads\/2024\/09\/FB_IMG_1725564083329.jpg\" alt=\"\" class=\"wp-image-22928\" srcset=\"https:\/\/diarioprincipios.com\/wp-content\/uploads\/2024\/09\/FB_IMG_1725564083329.jpg 840w, https:\/\/diarioprincipios.com\/wp-content\/uploads\/2024\/09\/FB_IMG_1725564083329-300x248.jpg 300w, https:\/\/diarioprincipios.com\/wp-content\/uploads\/2024\/09\/FB_IMG_1725564083329-768x635.jpg 768w\" sizes=\"auto, (max-width: 840px) 100vw, 840px\" \/><\/figure>\n\n\n\n<p>La Secretaria General de ADEIUNAJ Clara Chevalier, manifest\u00f3 que \u201cen la UNAJ, donde el costo del transporte incide de manera particularmente fuerte, tenemos docentes que buscan trabajo fuera del pa\u00eds, docentes que recortaron una comida para poder afrontar el costo de trabajar\u201d. Agreg\u00f3 luego que \u201cLa educaci\u00f3n es presente pero tambi\u00e9n es futuro de trabajo y crecimiento, en especial para miles de estudiantes que se esfuerzan en este contexto para permanecer en las aulas y ven recortadas tambi\u00e9n los acompa\u00f1amientos de becas y por tanto frustrado ese futuro\u201d.<\/p>\n\n\n\n<p>Parte de las acciones encaradas es la difusi\u00f3n de una campa\u00f1a viral denominada \u201cvalorar el trabajo docente\u201d.<\/p>\n","protected":false},"excerpt":{"rendered":"<p>Se realiz\u00f3 este jueves un paro en la Universidad Nacional Arturo Jauretche con pleno acatamiento. La medida, definida de manera previa a la postergaci\u00f3n acordada por el gobierno con la oposici\u00f3n amigable, es en reclamo por la urgente resoluci\u00f3n de la crisis provocada en el sistema universitario. Con el 80% de docentes universitarios cobrando por&#8230;<\/p>\n","protected":false},"author":2,"featured_media":22929,"comment_status":"open","ping_status":"open","sticky":false,"template":"","format":"standard","meta":{"footnotes":""},"categories":[21,17],"tags":[],"class_list":["post-22927","post","type-post","status-publish","format-standard","has-post-thumbnail","hentry","category-gremiales","category-zona-sur"],"featured_image_src":"https:\/\/diarioprincipios.com\/wp-content\/uploads\/2024\/09\/FB_IMG_1725564079481.jpg","blog_images":{"medium":"https:\/\/diarioprincipios.com\/wp-content\/uploads\/2024\/09\/FB_IMG_1725564079481-300x221.jpg","large":"https:\/\/diarioprincipios.com\/wp-content\/uploads\/2024\/09\/FB_IMG_1725564079481.jpg"},"ams_acf":[],"yoast_head":"<!-- This site is optimized with the Yoast SEO plugin v27.3 - https:\/\/yoast.com\/product\/yoast-seo-wordpress\/ -->\n<title>Paro Universitario por la Ley de Financiamiento - Principios<\/title>\n<meta name=\"robots\" content=\"index, follow, max-snippet:-1, max-image-preview:large, max-video-preview:-1\" \/>\n<link rel=\"canonical\" href=\"https:\/\/diarioprincipios.com\/index.php\/2024\/09\/05\/paro-universitario-por-la-ley-de-financiamiento\/\" \/>\n<meta property=\"og:locale\" content=\"es_ES\" \/>\n<meta property=\"og:type\" content=\"article\" \/>\n<meta property=\"og:title\" content=\"Paro Universitario por la Ley de Financiamiento - Principios\" \/>\n<meta property=\"og:description\" content=\"Se realiz\u00f3 este jueves un paro en la Universidad Nacional Arturo Jauretche con pleno acatamiento. La medida, definida de manera previa a la postergaci\u00f3n acordada por el gobierno con la oposici\u00f3n amigable, es en reclamo por la urgente resoluci\u00f3n de la crisis provocada en el sistema universitario. Con el 80% de docentes universitarios cobrando por...\" \/>\n<meta property=\"og:url\" content=\"https:\/\/diarioprincipios.com\/index.php\/2024\/09\/05\/paro-universitario-por-la-ley-de-financiamiento\/\" \/>\n<meta property=\"og:site_name\" content=\"Principios\" \/>\n<meta property=\"article:published_time\" content=\"2024-09-05T19:38:47+00:00\" \/>\n<meta property=\"article:modified_time\" content=\"2024-09-05T19:38:58+00:00\" \/>\n<meta property=\"og:image\" content=\"https:\/\/diarioprincipios.com\/wp-content\/uploads\/2024\/09\/FB_IMG_1725564079481.jpg\" \/>\n\t<meta property=\"og:image:width\" content=\"981\" \/>\n\t<meta property=\"og:image:height\" content=\"722\" \/>\n\t<meta property=\"og:image:type\" content=\"image\/jpeg\" \/>\n<meta name=\"author\" content=\"Hern\u00e1n L\u00f3pez\" \/>\n<meta name=\"twitter:card\" content=\"summary_large_image\" \/>\n<meta name=\"twitter:label1\" content=\"Escrito por\" \/>\n\t<meta name=\"twitter:data1\" content=\"Hern\u00e1n L\u00f3pez\" \/>\n\t<meta name=\"twitter:label2\" content=\"Tiempo de lectura\" \/>\n\t<meta name=\"twitter:data2\" content=\"2 minutos\" \/>\n<script type=\"application\/ld+json\" class=\"yoast-schema-graph\">{\"@context\":\"https:\\\/\\\/schema.org\",\"@graph\":[{\"@type\":\"Article\",\"@id\":\"https:\\\/\\\/diarioprincipios.com\\\/index.php\\\/2024\\\/09\\\/05\\\/paro-universitario-por-la-ley-de-financiamiento\\\/#article\",\"isPartOf\":{\"@id\":\"https:\\\/\\\/diarioprincipios.com\\\/index.php\\\/2024\\\/09\\\/05\\\/paro-universitario-por-la-ley-de-financiamiento\\\/\"},\"author\":{\"name\":\"Hern\u00e1n L\u00f3pez\",\"@id\":\"https:\\\/\\\/diarioprincipios.com\\\/#\\\/schema\\\/person\\\/436d5a1fd41a5e250e23ff5a6a7cb080\"},\"headline\":\"Paro Universitario por la Ley de Financiamiento\",\"datePublished\":\"2024-09-05T19:38:47+00:00\",\"dateModified\":\"2024-09-05T19:38:58+00:00\",\"mainEntityOfPage\":{\"@id\":\"https:\\\/\\\/diarioprincipios.com\\\/index.php\\\/2024\\\/09\\\/05\\\/paro-universitario-por-la-ley-de-financiamiento\\\/\"},\"wordCount\":193,\"commentCount\":0,\"publisher\":{\"@id\":\"https:\\\/\\\/diarioprincipios.com\\\/#organization\"},\"image\":{\"@id\":\"https:\\\/\\\/diarioprincipios.com\\\/index.php\\\/2024\\\/09\\\/05\\\/paro-universitario-por-la-ley-de-financiamiento\\\/#primaryimage\"},\"thumbnailUrl\":\"https:\\\/\\\/diarioprincipios.com\\\/wp-content\\\/uploads\\\/2024\\\/09\\\/FB_IMG_1725564079481.jpg\",\"articleSection\":[\"Gremiales\",\"Zonar Sur\"],\"inLanguage\":\"es\",\"potentialAction\":[{\"@type\":\"CommentAction\",\"name\":\"Comment\",\"target\":[\"https:\\\/\\\/diarioprincipios.com\\\/index.php\\\/2024\\\/09\\\/05\\\/paro-universitario-por-la-ley-de-financiamiento\\\/#respond\"]}]},{\"@type\":\"WebPage\",\"@id\":\"https:\\\/\\\/diarioprincipios.com\\\/index.php\\\/2024\\\/09\\\/05\\\/paro-universitario-por-la-ley-de-financiamiento\\\/\",\"url\":\"https:\\\/\\\/diarioprincipios.com\\\/index.php\\\/2024\\\/09\\\/05\\\/paro-universitario-por-la-ley-de-financiamiento\\\/\",\"name\":\"Paro Universitario por la Ley de Financiamiento - Principios\",\"isPartOf\":{\"@id\":\"https:\\\/\\\/diarioprincipios.com\\\/#website\"},\"primaryImageOfPage\":{\"@id\":\"https:\\\/\\\/diarioprincipios.com\\\/index.php\\\/2024\\\/09\\\/05\\\/paro-universitario-por-la-ley-de-financiamiento\\\/#primaryimage\"},\"image\":{\"@id\":\"https:\\\/\\\/diarioprincipios.com\\\/index.php\\\/2024\\\/09\\\/05\\\/paro-universitario-por-la-ley-de-financiamiento\\\/#primaryimage\"},\"thumbnailUrl\":\"https:\\\/\\\/diarioprincipios.com\\\/wp-content\\\/uploads\\\/2024\\\/09\\\/FB_IMG_1725564079481.jpg\",\"datePublished\":\"2024-09-05T19:38:47+00:00\",\"dateModified\":\"2024-09-05T19:38:58+00:00\",\"breadcrumb\":{\"@id\":\"https:\\\/\\\/diarioprincipios.com\\\/index.php\\\/2024\\\/09\\\/05\\\/paro-universitario-por-la-ley-de-financiamiento\\\/#breadcrumb\"},\"inLanguage\":\"es\",\"potentialAction\":[{\"@type\":\"ReadAction\",\"target\":[\"https:\\\/\\\/diarioprincipios.com\\\/index.php\\\/2024\\\/09\\\/05\\\/paro-universitario-por-la-ley-de-financiamiento\\\/\"]}]},{\"@type\":\"ImageObject\",\"inLanguage\":\"es\",\"@id\":\"https:\\\/\\\/diarioprincipios.com\\\/index.php\\\/2024\\\/09\\\/05\\\/paro-universitario-por-la-ley-de-financiamiento\\\/#primaryimage\",\"url\":\"https:\\\/\\\/diarioprincipios.com\\\/wp-content\\\/uploads\\\/2024\\\/09\\\/FB_IMG_1725564079481.jpg\",\"contentUrl\":\"https:\\\/\\\/diarioprincipios.com\\\/wp-content\\\/uploads\\\/2024\\\/09\\\/FB_IMG_1725564079481.jpg\",\"width\":981,\"height\":722},{\"@type\":\"BreadcrumbList\",\"@id\":\"https:\\\/\\\/diarioprincipios.com\\\/index.php\\\/2024\\\/09\\\/05\\\/paro-universitario-por-la-ley-de-financiamiento\\\/#breadcrumb\",\"itemListElement\":[{\"@type\":\"ListItem\",\"position\":1,\"name\":\"Portada\",\"item\":\"https:\\\/\\\/diarioprincipios.com\\\/\"},{\"@type\":\"ListItem\",\"position\":2,\"name\":\"Paro Universitario por la Ley de Financiamiento\"}]},{\"@type\":\"WebSite\",\"@id\":\"https:\\\/\\\/diarioprincipios.com\\\/#website\",\"url\":\"https:\\\/\\\/diarioprincipios.com\\\/\",\"name\":\"Principios\",\"description\":\"Principios Diario\",\"publisher\":{\"@id\":\"https:\\\/\\\/diarioprincipios.com\\\/#organization\"},\"potentialAction\":[{\"@type\":\"SearchAction\",\"target\":{\"@type\":\"EntryPoint\",\"urlTemplate\":\"https:\\\/\\\/diarioprincipios.com\\\/?s={search_term_string}\"},\"query-input\":{\"@type\":\"PropertyValueSpecification\",\"valueRequired\":true,\"valueName\":\"search_term_string\"}}],\"inLanguage\":\"es\"},{\"@type\":\"Organization\",\"@id\":\"https:\\\/\\\/diarioprincipios.com\\\/#organization\",\"name\":\"Principios\",\"url\":\"https:\\\/\\\/diarioprincipios.com\\\/\",\"logo\":{\"@type\":\"ImageObject\",\"inLanguage\":\"es\",\"@id\":\"https:\\\/\\\/diarioprincipios.com\\\/#\\\/schema\\\/logo\\\/image\\\/\",\"url\":\"https:\\\/\\\/diarioprincipios.com\\\/wp-content\\\/uploads\\\/2024\\\/04\\\/cropped-www.diarioprincipios.com_-1.png\",\"contentUrl\":\"https:\\\/\\\/diarioprincipios.com\\\/wp-content\\\/uploads\\\/2024\\\/04\\\/cropped-www.diarioprincipios.com_-1.png\",\"width\":5325,\"height\":1454,\"caption\":\"Principios\"},\"image\":{\"@id\":\"https:\\\/\\\/diarioprincipios.com\\\/#\\\/schema\\\/logo\\\/image\\\/\"}},{\"@type\":\"Person\",\"@id\":\"https:\\\/\\\/diarioprincipios.com\\\/#\\\/schema\\\/person\\\/436d5a1fd41a5e250e23ff5a6a7cb080\",\"name\":\"Hern\u00e1n L\u00f3pez\",\"image\":{\"@type\":\"ImageObject\",\"inLanguage\":\"es\",\"@id\":\"https:\\\/\\\/diarioprincipios.com\\\/wp-content\\\/litespeed\\\/avatar\\\/11ddfe5610ff3bd100522525b2571f48.jpg?ver=1777653193\",\"url\":\"https:\\\/\\\/diarioprincipios.com\\\/wp-content\\\/litespeed\\\/avatar\\\/11ddfe5610ff3bd100522525b2571f48.jpg?ver=1777653193\",\"contentUrl\":\"https:\\\/\\\/diarioprincipios.com\\\/wp-content\\\/litespeed\\\/avatar\\\/11ddfe5610ff3bd100522525b2571f48.jpg?ver=1777653193\",\"caption\":\"Hern\u00e1n L\u00f3pez\"},\"url\":\"https:\\\/\\\/diarioprincipios.com\\\/index.php\\\/author\\\/hernan\\\/\"}]}<\/script>\n<!-- \/ Yoast SEO plugin. -->","yoast_head_json":{"title":"Paro Universitario por la Ley de Financiamiento - Principios","robots":{"index":"index","follow":"follow","max-snippet":"max-snippet:-1","max-image-preview":"max-image-preview:large","max-video-preview":"max-video-preview:-1"},"canonical":"https:\/\/diarioprincipios.com\/index.php\/2024\/09\/05\/paro-universitario-por-la-ley-de-financiamiento\/","og_locale":"es_ES","og_type":"article","og_title":"Paro Universitario por la Ley de Financiamiento - Principios","og_description":"Se realiz\u00f3 este jueves un paro en la Universidad Nacional Arturo Jauretche con pleno acatamiento. La medida, definida de manera previa a la postergaci\u00f3n acordada por el gobierno con la oposici\u00f3n amigable, es en reclamo por la urgente resoluci\u00f3n de la crisis provocada en el sistema universitario. Con el 80% de docentes universitarios cobrando por...","og_url":"https:\/\/diarioprincipios.com\/index.php\/2024\/09\/05\/paro-universitario-por-la-ley-de-financiamiento\/","og_site_name":"Principios","article_published_time":"2024-09-05T19:38:47+00:00","article_modified_time":"2024-09-05T19:38:58+00:00","og_image":[{"width":981,"height":722,"url":"https:\/\/diarioprincipios.com\/wp-content\/uploads\/2024\/09\/FB_IMG_1725564079481.jpg","type":"image\/jpeg"}],"author":"Hern\u00e1n L\u00f3pez","twitter_card":"summary_large_image","twitter_misc":{"Escrito por":"Hern\u00e1n L\u00f3pez","Tiempo de lectura":"2 minutos"},"schema":{"@context":"https:\/\/schema.org","@graph":[{"@type":"Article","@id":"https:\/\/diarioprincipios.com\/index.php\/2024\/09\/05\/paro-universitario-por-la-ley-de-financiamiento\/#article","isPartOf":{"@id":"https:\/\/diarioprincipios.com\/index.php\/2024\/09\/05\/paro-universitario-por-la-ley-de-financiamiento\/"},"author":{"name":"Hern\u00e1n L\u00f3pez","@id":"https:\/\/diarioprincipios.com\/#\/schema\/person\/436d5a1fd41a5e250e23ff5a6a7cb080"},"headline":"Paro Universitario por la Ley de Financiamiento","datePublished":"2024-09-05T19:38:47+00:00","dateModified":"2024-09-05T19:38:58+00:00","mainEntityOfPage":{"@id":"https:\/\/diarioprincipios.com\/index.php\/2024\/09\/05\/paro-universitario-por-la-ley-de-financiamiento\/"},"wordCount":193,"commentCount":0,"publisher":{"@id":"https:\/\/diarioprincipios.com\/#organization"},"image":{"@id":"https:\/\/diarioprincipios.com\/index.php\/2024\/09\/05\/paro-universitario-por-la-ley-de-financiamiento\/#primaryimage"},"thumbnailUrl":"https:\/\/diarioprincipios.com\/wp-content\/uploads\/2024\/09\/FB_IMG_1725564079481.jpg","articleSection":["Gremiales","Zonar Sur"],"inLanguage":"es","potentialAction":[{"@type":"CommentAction","name":"Comment","target":["https:\/\/diarioprincipios.com\/index.php\/2024\/09\/05\/paro-universitario-por-la-ley-de-financiamiento\/#respond"]}]},{"@type":"WebPage","@id":"https:\/\/diarioprincipios.com\/index.php\/2024\/09\/05\/paro-universitario-por-la-ley-de-financiamiento\/","url":"https:\/\/diarioprincipios.com\/index.php\/2024\/09\/05\/paro-universitario-por-la-ley-de-financiamiento\/","name":"Paro Universitario por la Ley de Financiamiento - Principios","isPartOf":{"@id":"https:\/\/diarioprincipios.com\/#website"},"primaryImageOfPage":{"@id":"https:\/\/diarioprincipios.com\/index.php\/2024\/09\/05\/paro-universitario-por-la-ley-de-financiamiento\/#primaryimage"},"image":{"@id":"https:\/\/diarioprincipios.com\/index.php\/2024\/09\/05\/paro-universitario-por-la-ley-de-financiamiento\/#primaryimage"},"thumbnailUrl":"https:\/\/diarioprincipios.com\/wp-content\/uploads\/2024\/09\/FB_IMG_1725564079481.jpg","datePublished":"2024-09-05T19:38:47+00:00","dateModified":"2024-09-05T19:38:58+00:00","breadcrumb":{"@id":"https:\/\/diarioprincipios.com\/index.php\/2024\/09\/05\/paro-universitario-por-la-ley-de-financiamiento\/#breadcrumb"},"inLanguage":"es","potentialAction":[{"@type":"ReadAction","target":["https:\/\/diarioprincipios.com\/index.php\/2024\/09\/05\/paro-universitario-por-la-ley-de-financiamiento\/"]}]},{"@type":"ImageObject","inLanguage":"es","@id":"https:\/\/diarioprincipios.com\/index.php\/2024\/09\/05\/paro-universitario-por-la-ley-de-financiamiento\/#primaryimage","url":"https:\/\/diarioprincipios.com\/wp-content\/uploads\/2024\/09\/FB_IMG_1725564079481.jpg","contentUrl":"https:\/\/diarioprincipios.com\/wp-content\/uploads\/2024\/09\/FB_IMG_1725564079481.jpg","width":981,"height":722},{"@type":"BreadcrumbList","@id":"https:\/\/diarioprincipios.com\/index.php\/2024\/09\/05\/paro-universitario-por-la-ley-de-financiamiento\/#breadcrumb","itemListElement":[{"@type":"ListItem","position":1,"name":"Portada","item":"https:\/\/diarioprincipios.com\/"},{"@type":"ListItem","position":2,"name":"Paro Universitario por la Ley de Financiamiento"}]},{"@type":"WebSite","@id":"https:\/\/diarioprincipios.com\/#website","url":"https:\/\/diarioprincipios.com\/","name":"Principios","description":"Principios Diario","publisher":{"@id":"https:\/\/diarioprincipios.com\/#organization"},"potentialAction":[{"@type":"SearchAction","target":{"@type":"EntryPoint","urlTemplate":"https:\/\/diarioprincipios.com\/?s={search_term_string}"},"query-input":{"@type":"PropertyValueSpecification","valueRequired":true,"valueName":"search_term_string"}}],"inLanguage":"es"},{"@type":"Organization","@id":"https:\/\/diarioprincipios.com\/#organization","name":"Principios","url":"https:\/\/diarioprincipios.com\/","logo":{"@type":"ImageObject","inLanguage":"es","@id":"https:\/\/diarioprincipios.com\/#\/schema\/logo\/image\/","url":"https:\/\/diarioprincipios.com\/wp-content\/uploads\/2024\/04\/cropped-www.diarioprincipios.com_-1.png","contentUrl":"https:\/\/diarioprincipios.com\/wp-content\/uploads\/2024\/04\/cropped-www.diarioprincipios.com_-1.png","width":5325,"height":1454,"caption":"Principios"},"image":{"@id":"https:\/\/diarioprincipios.com\/#\/schema\/logo\/image\/"}},{"@type":"Person","@id":"https:\/\/diarioprincipios.com\/#\/schema\/person\/436d5a1fd41a5e250e23ff5a6a7cb080","name":"Hern\u00e1n L\u00f3pez","image":{"@type":"ImageObject","inLanguage":"es","@id":"https:\/\/diarioprincipios.com\/wp-content\/litespeed\/avatar\/11ddfe5610ff3bd100522525b2571f48.jpg?ver=1777653193","url":"https:\/\/diarioprincipios.com\/wp-content\/litespeed\/avatar\/11ddfe5610ff3bd100522525b2571f48.jpg?ver=1777653193","contentUrl":"https:\/\/diarioprincipios.com\/wp-content\/litespeed\/avatar\/11ddfe5610ff3bd100522525b2571f48.jpg?ver=1777653193","caption":"Hern\u00e1n L\u00f3pez"},"url":"https:\/\/diarioprincipios.com\/index.php\/author\/hernan\/"}]}},"jetpack_featured_media_url":"https:\/\/diarioprincipios.com\/wp-content\/uploads\/2024\/09\/FB_IMG_1725564079481.jpg","_links":{"self":[{"href":"https:\/\/diarioprincipios.com\/index.php\/wp-json\/wp\/v2\/posts\/22927","targetHints":{"allow":["GET"]}}],"collection":[{"href":"https:\/\/diarioprincipios.com\/index.php\/wp-json\/wp\/v2\/posts"}],"about":[{"href":"https:\/\/diarioprincipios.com\/index.php\/wp-json\/wp\/v2\/types\/post"}],"author":[{"embeddable":true,"href":"https:\/\/diarioprincipios.com\/index.php\/wp-json\/wp\/v2\/users\/2"}],"replies":[{"embeddable":true,"href":"https:\/\/diarioprincipios.com\/index.php\/wp-json\/wp\/v2\/comments?post=22927"}],"version-history":[{"count":1,"href":"https:\/\/diarioprincipios.com\/index.php\/wp-json\/wp\/v2\/posts\/22927\/revisions"}],"predecessor-version":[{"id":22930,"href":"https:\/\/diarioprincipios.com\/index.php\/wp-json\/wp\/v2\/posts\/22927\/revisions\/22930"}],"wp:featuredmedia":[{"embeddable":true,"href":"https:\/\/diarioprincipios.com\/index.php\/wp-json\/wp\/v2\/media\/22929"}],"wp:attachment":[{"href":"https:\/\/diarioprincipios.com\/index.php\/wp-json\/wp\/v2\/media?parent=22927"}],"wp:term":[{"taxonomy":"category","embeddable":true,"href":"https:\/\/diarioprincipios.com\/index.php\/wp-json\/wp\/v2\/categories?post=22927"},{"taxonomy":"post_tag","embeddable":true,"href":"https:\/\/diarioprincipios.com\/index.php\/wp-json\/wp\/v2\/tags?post=22927"}],"curies":[{"name":"wp","href":"https:\/\/api.w.org\/{rel}","templated":true}]}}