{"id":22918,"date":"2024-09-05T09:59:41","date_gmt":"2024-09-05T12:59:41","guid":{"rendered":"http:\/\/diarioprincipios.com\/?p=22918"},"modified":"2024-09-05T09:59:43","modified_gmt":"2024-09-05T12:59:43","slug":"megaoperativo-de-seguridad-conjunto-entre-quilmes-varela-y-alte-brown","status":"publish","type":"post","link":"https:\/\/diarioprincipios.com\/index.php\/2024\/09\/05\/megaoperativo-de-seguridad-conjunto-entre-quilmes-varela-y-alte-brown\/","title":{"rendered":"Megaoperativo de Seguridad conjunto entre Quilmes, Varela y Alte. Brown"},"content":{"rendered":"\n<p>La intendenta de Quilmes, Mayra Mendoza, junto a sus pares de Florencio Varela y de Almirante Brown, Andr\u00e9s Watson y Mariano Cascallares, respectivamente, encabezaron el mi\u00e9rcoles el lanzamiento de un nuevo megaoperativo de saturaci\u00f3n que se inici\u00f3 en la avenida Monteverde y Clavel, de San Francisco Solano, con la finalidad de brindar mayor seguridad en las zonas cercanas a cada uno de los mencionados distritos.<\/p>\n\n\n\n<p>\u201cA trav\u00e9s de esta iniciativa, distintas fuerzas especiales, en conjunto con la Polic\u00eda de cada municipio, desplegaron tareas de control para garantizar una mayor prevenci\u00f3n del delito\u201d, se\u00f1al\u00f3 Mayra.<\/p>\n\n\n\n<figure class=\"wp-block-image size-full\"><img loading=\"lazy\" decoding=\"async\" width=\"720\" height=\"479\" src=\"https:\/\/diarioprincipios.com\/wp-content\/uploads\/2024\/09\/oc-2.jpg\" alt=\"\" class=\"wp-image-22919\" srcset=\"https:\/\/diarioprincipios.com\/wp-content\/uploads\/2024\/09\/oc-2.jpg 720w, https:\/\/diarioprincipios.com\/wp-content\/uploads\/2024\/09\/oc-2-300x200.jpg 300w, https:\/\/diarioprincipios.com\/wp-content\/uploads\/2024\/09\/oc-2-600x400.jpg 600w\" sizes=\"auto, (max-width: 720px) 100vw, 720px\" \/><\/figure>\n\n\n\n<p>La Jefa comunal subray\u00f3: \u201cLa Polic\u00eda tiene que estar para cuidar a la gente, no para reprimirla. Por eso, a partir del trabajo articulado entre los municipios, seguimos fortaleciendo la lucha contra la inseguridad para que nuestra comunidad viva m\u00e1s tranquila\u201d.<\/p>\n\n\n\n<p>Durante la actividad, los Jefes comunales charlaron con los vecinos y vecinas presentes sobre las diferentes tareas que se desarrollan desde cada uno de los municipios en materia de prevenci\u00f3n y del esfuerzo econ\u00f3mico que realizan diariamente para garantizar mayor seguridad.<\/p>\n\n\n\n<p>Mediante esta iniciativa se llevaron a cabo tareas de saturaci\u00f3n a pie y motorizada para contribuir a mejorar la calidad de vida de los vecinos y las vecinas, a ra\u00edz de una serie de informes elaborados por los Observatorios de An\u00e1lisis Criminal de los tres partidos.<\/p>\n\n\n\n<figure class=\"wp-block-image size-full\"><img loading=\"lazy\" decoding=\"async\" width=\"596\" height=\"397\" src=\"https:\/\/diarioprincipios.com\/wp-content\/uploads\/2024\/09\/oc-4.jpg\" alt=\"\" class=\"wp-image-22920\" srcset=\"https:\/\/diarioprincipios.com\/wp-content\/uploads\/2024\/09\/oc-4.jpg 596w, https:\/\/diarioprincipios.com\/wp-content\/uploads\/2024\/09\/oc-4-300x200.jpg 300w\" sizes=\"auto, (max-width: 596px) 100vw, 596px\" \/><\/figure>\n\n\n\n<p>El procedimiento cont\u00f3 con la participaci\u00f3n de m\u00e1s de 350 efectivos, con 35 patrulleros y 55 motos divididos entre las siguientes fuerzas: Comando de Patrullas, las diferentes secciones de las fuerzas especiales que operan en el territorio (FBA, DRI, ROP, GPM y UTOI), as\u00ed como las distintas secciones de la Polic\u00eda de Seguridad de los tres distritos (Comando de Patrullas, UPPL) y sus correspondientes \u00e1reas de Tr\u00e1nsito municipales.<\/p>\n\n\n\n<p>Cabe resaltar que esta acci\u00f3n forma parte del Plan de Inversi\u00f3n Municipal para la Prevenci\u00f3n del Delito que se implementa en Quilmes desde el primer mandato de la Jefa comunal, el cual es el m\u00e1s importante de la historia del distrito, con el que ya se adquirieron m\u00e1s de 400 m\u00f3viles policiales, entre otras herramientas y equipamiento para brindar mayor seguridad y prevenci\u00f3n a los quilme\u00f1os.<\/p>\n","protected":false},"excerpt":{"rendered":"<p>La intendenta de Quilmes, Mayra Mendoza, junto a sus pares de Florencio Varela y de Almirante Brown, Andr\u00e9s Watson y Mariano Cascallares, respectivamente, encabezaron el mi\u00e9rcoles el lanzamiento de un nuevo megaoperativo de saturaci\u00f3n que se inici\u00f3 en la avenida Monteverde y Clavel, de San Francisco Solano, con la finalidad de brindar mayor seguridad en&#8230;<\/p>\n","protected":false},"author":2,"featured_media":22921,"comment_status":"open","ping_status":"open","sticky":false,"template":"","format":"standard","meta":{"footnotes":""},"categories":[4,17],"tags":[],"class_list":["post-22918","post","type-post","status-publish","format-standard","has-post-thumbnail","hentry","category-quilmes","category-zona-sur"],"featured_image_src":"https:\/\/diarioprincipios.com\/wp-content\/uploads\/2024\/09\/oc-1.jpg","blog_images":{"medium":"https:\/\/diarioprincipios.com\/wp-content\/uploads\/2024\/09\/oc-1-300x200.jpg","large":"https:\/\/diarioprincipios.com\/wp-content\/uploads\/2024\/09\/oc-1.jpg"},"ams_acf":[],"yoast_head":"<!-- This site is optimized with the Yoast SEO plugin v27.3 - https:\/\/yoast.com\/product\/yoast-seo-wordpress\/ -->\n<title>Megaoperativo de Seguridad conjunto entre Quilmes, Varela y Alte. Brown - Principios<\/title>\n<meta name=\"robots\" content=\"index, follow, max-snippet:-1, max-image-preview:large, max-video-preview:-1\" \/>\n<link rel=\"canonical\" href=\"https:\/\/diarioprincipios.com\/index.php\/2024\/09\/05\/megaoperativo-de-seguridad-conjunto-entre-quilmes-varela-y-alte-brown\/\" \/>\n<meta property=\"og:locale\" content=\"es_ES\" \/>\n<meta property=\"og:type\" content=\"article\" \/>\n<meta property=\"og:title\" content=\"Megaoperativo de Seguridad conjunto entre Quilmes, Varela y Alte. Brown - Principios\" \/>\n<meta property=\"og:description\" content=\"La intendenta de Quilmes, Mayra Mendoza, junto a sus pares de Florencio Varela y de Almirante Brown, Andr\u00e9s Watson y Mariano Cascallares, respectivamente, encabezaron el mi\u00e9rcoles el lanzamiento de un nuevo megaoperativo de saturaci\u00f3n que se inici\u00f3 en la avenida Monteverde y Clavel, de San Francisco Solano, con la finalidad de brindar mayor seguridad en...\" \/>\n<meta property=\"og:url\" content=\"https:\/\/diarioprincipios.com\/index.php\/2024\/09\/05\/megaoperativo-de-seguridad-conjunto-entre-quilmes-varela-y-alte-brown\/\" \/>\n<meta property=\"og:site_name\" content=\"Principios\" \/>\n<meta property=\"article:published_time\" content=\"2024-09-05T12:59:41+00:00\" \/>\n<meta property=\"article:modified_time\" content=\"2024-09-05T12:59:43+00:00\" \/>\n<meta property=\"og:image\" content=\"https:\/\/diarioprincipios.com\/wp-content\/uploads\/2024\/09\/oc-1.jpg\" \/>\n\t<meta property=\"og:image:width\" content=\"720\" \/>\n\t<meta property=\"og:image:height\" content=\"479\" \/>\n\t<meta property=\"og:image:type\" content=\"image\/jpeg\" \/>\n<meta name=\"author\" content=\"Hern\u00e1n L\u00f3pez\" \/>\n<meta name=\"twitter:card\" content=\"summary_large_image\" \/>\n<meta name=\"twitter:label1\" content=\"Escrito por\" \/>\n\t<meta name=\"twitter:data1\" content=\"Hern\u00e1n L\u00f3pez\" \/>\n\t<meta name=\"twitter:label2\" content=\"Tiempo de lectura\" \/>\n\t<meta name=\"twitter:data2\" content=\"3 minutos\" \/>\n<script type=\"application\/ld+json\" class=\"yoast-schema-graph\">{\"@context\":\"https:\\\/\\\/schema.org\",\"@graph\":[{\"@type\":\"Article\",\"@id\":\"https:\\\/\\\/diarioprincipios.com\\\/index.php\\\/2024\\\/09\\\/05\\\/megaoperativo-de-seguridad-conjunto-entre-quilmes-varela-y-alte-brown\\\/#article\",\"isPartOf\":{\"@id\":\"https:\\\/\\\/diarioprincipios.com\\\/index.php\\\/2024\\\/09\\\/05\\\/megaoperativo-de-seguridad-conjunto-entre-quilmes-varela-y-alte-brown\\\/\"},\"author\":{\"name\":\"Hern\u00e1n L\u00f3pez\",\"@id\":\"https:\\\/\\\/diarioprincipios.com\\\/#\\\/schema\\\/person\\\/436d5a1fd41a5e250e23ff5a6a7cb080\"},\"headline\":\"Megaoperativo de Seguridad conjunto entre Quilmes, Varela y Alte. Brown\",\"datePublished\":\"2024-09-05T12:59:41+00:00\",\"dateModified\":\"2024-09-05T12:59:43+00:00\",\"mainEntityOfPage\":{\"@id\":\"https:\\\/\\\/diarioprincipios.com\\\/index.php\\\/2024\\\/09\\\/05\\\/megaoperativo-de-seguridad-conjunto-entre-quilmes-varela-y-alte-brown\\\/\"},\"wordCount\":388,\"commentCount\":0,\"publisher\":{\"@id\":\"https:\\\/\\\/diarioprincipios.com\\\/#organization\"},\"image\":{\"@id\":\"https:\\\/\\\/diarioprincipios.com\\\/index.php\\\/2024\\\/09\\\/05\\\/megaoperativo-de-seguridad-conjunto-entre-quilmes-varela-y-alte-brown\\\/#primaryimage\"},\"thumbnailUrl\":\"https:\\\/\\\/diarioprincipios.com\\\/wp-content\\\/uploads\\\/2024\\\/09\\\/oc-1.jpg\",\"articleSection\":[\"Quilmes\",\"Zonar Sur\"],\"inLanguage\":\"es\",\"potentialAction\":[{\"@type\":\"CommentAction\",\"name\":\"Comment\",\"target\":[\"https:\\\/\\\/diarioprincipios.com\\\/index.php\\\/2024\\\/09\\\/05\\\/megaoperativo-de-seguridad-conjunto-entre-quilmes-varela-y-alte-brown\\\/#respond\"]}]},{\"@type\":\"WebPage\",\"@id\":\"https:\\\/\\\/diarioprincipios.com\\\/index.php\\\/2024\\\/09\\\/05\\\/megaoperativo-de-seguridad-conjunto-entre-quilmes-varela-y-alte-brown\\\/\",\"url\":\"https:\\\/\\\/diarioprincipios.com\\\/index.php\\\/2024\\\/09\\\/05\\\/megaoperativo-de-seguridad-conjunto-entre-quilmes-varela-y-alte-brown\\\/\",\"name\":\"Megaoperativo de Seguridad conjunto entre Quilmes, Varela y Alte. Brown - Principios\",\"isPartOf\":{\"@id\":\"https:\\\/\\\/diarioprincipios.com\\\/#website\"},\"primaryImageOfPage\":{\"@id\":\"https:\\\/\\\/diarioprincipios.com\\\/index.php\\\/2024\\\/09\\\/05\\\/megaoperativo-de-seguridad-conjunto-entre-quilmes-varela-y-alte-brown\\\/#primaryimage\"},\"image\":{\"@id\":\"https:\\\/\\\/diarioprincipios.com\\\/index.php\\\/2024\\\/09\\\/05\\\/megaoperativo-de-seguridad-conjunto-entre-quilmes-varela-y-alte-brown\\\/#primaryimage\"},\"thumbnailUrl\":\"https:\\\/\\\/diarioprincipios.com\\\/wp-content\\\/uploads\\\/2024\\\/09\\\/oc-1.jpg\",\"datePublished\":\"2024-09-05T12:59:41+00:00\",\"dateModified\":\"2024-09-05T12:59:43+00:00\",\"breadcrumb\":{\"@id\":\"https:\\\/\\\/diarioprincipios.com\\\/index.php\\\/2024\\\/09\\\/05\\\/megaoperativo-de-seguridad-conjunto-entre-quilmes-varela-y-alte-brown\\\/#breadcrumb\"},\"inLanguage\":\"es\",\"potentialAction\":[{\"@type\":\"ReadAction\",\"target\":[\"https:\\\/\\\/diarioprincipios.com\\\/index.php\\\/2024\\\/09\\\/05\\\/megaoperativo-de-seguridad-conjunto-entre-quilmes-varela-y-alte-brown\\\/\"]}]},{\"@type\":\"ImageObject\",\"inLanguage\":\"es\",\"@id\":\"https:\\\/\\\/diarioprincipios.com\\\/index.php\\\/2024\\\/09\\\/05\\\/megaoperativo-de-seguridad-conjunto-entre-quilmes-varela-y-alte-brown\\\/#primaryimage\",\"url\":\"https:\\\/\\\/diarioprincipios.com\\\/wp-content\\\/uploads\\\/2024\\\/09\\\/oc-1.jpg\",\"contentUrl\":\"https:\\\/\\\/diarioprincipios.com\\\/wp-content\\\/uploads\\\/2024\\\/09\\\/oc-1.jpg\",\"width\":720,\"height\":479},{\"@type\":\"BreadcrumbList\",\"@id\":\"https:\\\/\\\/diarioprincipios.com\\\/index.php\\\/2024\\\/09\\\/05\\\/megaoperativo-de-seguridad-conjunto-entre-quilmes-varela-y-alte-brown\\\/#breadcrumb\",\"itemListElement\":[{\"@type\":\"ListItem\",\"position\":1,\"name\":\"Portada\",\"item\":\"https:\\\/\\\/diarioprincipios.com\\\/\"},{\"@type\":\"ListItem\",\"position\":2,\"name\":\"Megaoperativo de Seguridad conjunto entre Quilmes, Varela y Alte. Brown\"}]},{\"@type\":\"WebSite\",\"@id\":\"https:\\\/\\\/diarioprincipios.com\\\/#website\",\"url\":\"https:\\\/\\\/diarioprincipios.com\\\/\",\"name\":\"Principios\",\"description\":\"Principios Diario\",\"publisher\":{\"@id\":\"https:\\\/\\\/diarioprincipios.com\\\/#organization\"},\"potentialAction\":[{\"@type\":\"SearchAction\",\"target\":{\"@type\":\"EntryPoint\",\"urlTemplate\":\"https:\\\/\\\/diarioprincipios.com\\\/?s={search_term_string}\"},\"query-input\":{\"@type\":\"PropertyValueSpecification\",\"valueRequired\":true,\"valueName\":\"search_term_string\"}}],\"inLanguage\":\"es\"},{\"@type\":\"Organization\",\"@id\":\"https:\\\/\\\/diarioprincipios.com\\\/#organization\",\"name\":\"Principios\",\"url\":\"https:\\\/\\\/diarioprincipios.com\\\/\",\"logo\":{\"@type\":\"ImageObject\",\"inLanguage\":\"es\",\"@id\":\"https:\\\/\\\/diarioprincipios.com\\\/#\\\/schema\\\/logo\\\/image\\\/\",\"url\":\"https:\\\/\\\/diarioprincipios.com\\\/wp-content\\\/uploads\\\/2024\\\/04\\\/cropped-www.diarioprincipios.com_-1.png\",\"contentUrl\":\"https:\\\/\\\/diarioprincipios.com\\\/wp-content\\\/uploads\\\/2024\\\/04\\\/cropped-www.diarioprincipios.com_-1.png\",\"width\":5325,\"height\":1454,\"caption\":\"Principios\"},\"image\":{\"@id\":\"https:\\\/\\\/diarioprincipios.com\\\/#\\\/schema\\\/logo\\\/image\\\/\"}},{\"@type\":\"Person\",\"@id\":\"https:\\\/\\\/diarioprincipios.com\\\/#\\\/schema\\\/person\\\/436d5a1fd41a5e250e23ff5a6a7cb080\",\"name\":\"Hern\u00e1n L\u00f3pez\",\"image\":{\"@type\":\"ImageObject\",\"inLanguage\":\"es\",\"@id\":\"https:\\\/\\\/diarioprincipios.com\\\/wp-content\\\/litespeed\\\/avatar\\\/11ddfe5610ff3bd100522525b2571f48.jpg?ver=1777653193\",\"url\":\"https:\\\/\\\/diarioprincipios.com\\\/wp-content\\\/litespeed\\\/avatar\\\/11ddfe5610ff3bd100522525b2571f48.jpg?ver=1777653193\",\"contentUrl\":\"https:\\\/\\\/diarioprincipios.com\\\/wp-content\\\/litespeed\\\/avatar\\\/11ddfe5610ff3bd100522525b2571f48.jpg?ver=1777653193\",\"caption\":\"Hern\u00e1n L\u00f3pez\"},\"url\":\"https:\\\/\\\/diarioprincipios.com\\\/index.php\\\/author\\\/hernan\\\/\"}]}<\/script>\n<!-- \/ Yoast SEO plugin. -->","yoast_head_json":{"title":"Megaoperativo de Seguridad conjunto entre Quilmes, Varela y Alte. Brown - Principios","robots":{"index":"index","follow":"follow","max-snippet":"max-snippet:-1","max-image-preview":"max-image-preview:large","max-video-preview":"max-video-preview:-1"},"canonical":"https:\/\/diarioprincipios.com\/index.php\/2024\/09\/05\/megaoperativo-de-seguridad-conjunto-entre-quilmes-varela-y-alte-brown\/","og_locale":"es_ES","og_type":"article","og_title":"Megaoperativo de Seguridad conjunto entre Quilmes, Varela y Alte. Brown - Principios","og_description":"La intendenta de Quilmes, Mayra Mendoza, junto a sus pares de Florencio Varela y de Almirante Brown, Andr\u00e9s Watson y Mariano Cascallares, respectivamente, encabezaron el mi\u00e9rcoles el lanzamiento de un nuevo megaoperativo de saturaci\u00f3n que se inici\u00f3 en la avenida Monteverde y Clavel, de San Francisco Solano, con la finalidad de brindar mayor seguridad en...","og_url":"https:\/\/diarioprincipios.com\/index.php\/2024\/09\/05\/megaoperativo-de-seguridad-conjunto-entre-quilmes-varela-y-alte-brown\/","og_site_name":"Principios","article_published_time":"2024-09-05T12:59:41+00:00","article_modified_time":"2024-09-05T12:59:43+00:00","og_image":[{"width":720,"height":479,"url":"https:\/\/diarioprincipios.com\/wp-content\/uploads\/2024\/09\/oc-1.jpg","type":"image\/jpeg"}],"author":"Hern\u00e1n L\u00f3pez","twitter_card":"summary_large_image","twitter_misc":{"Escrito por":"Hern\u00e1n L\u00f3pez","Tiempo de lectura":"3 minutos"},"schema":{"@context":"https:\/\/schema.org","@graph":[{"@type":"Article","@id":"https:\/\/diarioprincipios.com\/index.php\/2024\/09\/05\/megaoperativo-de-seguridad-conjunto-entre-quilmes-varela-y-alte-brown\/#article","isPartOf":{"@id":"https:\/\/diarioprincipios.com\/index.php\/2024\/09\/05\/megaoperativo-de-seguridad-conjunto-entre-quilmes-varela-y-alte-brown\/"},"author":{"name":"Hern\u00e1n L\u00f3pez","@id":"https:\/\/diarioprincipios.com\/#\/schema\/person\/436d5a1fd41a5e250e23ff5a6a7cb080"},"headline":"Megaoperativo de Seguridad conjunto entre Quilmes, Varela y Alte. Brown","datePublished":"2024-09-05T12:59:41+00:00","dateModified":"2024-09-05T12:59:43+00:00","mainEntityOfPage":{"@id":"https:\/\/diarioprincipios.com\/index.php\/2024\/09\/05\/megaoperativo-de-seguridad-conjunto-entre-quilmes-varela-y-alte-brown\/"},"wordCount":388,"commentCount":0,"publisher":{"@id":"https:\/\/diarioprincipios.com\/#organization"},"image":{"@id":"https:\/\/diarioprincipios.com\/index.php\/2024\/09\/05\/megaoperativo-de-seguridad-conjunto-entre-quilmes-varela-y-alte-brown\/#primaryimage"},"thumbnailUrl":"https:\/\/diarioprincipios.com\/wp-content\/uploads\/2024\/09\/oc-1.jpg","articleSection":["Quilmes","Zonar Sur"],"inLanguage":"es","potentialAction":[{"@type":"CommentAction","name":"Comment","target":["https:\/\/diarioprincipios.com\/index.php\/2024\/09\/05\/megaoperativo-de-seguridad-conjunto-entre-quilmes-varela-y-alte-brown\/#respond"]}]},{"@type":"WebPage","@id":"https:\/\/diarioprincipios.com\/index.php\/2024\/09\/05\/megaoperativo-de-seguridad-conjunto-entre-quilmes-varela-y-alte-brown\/","url":"https:\/\/diarioprincipios.com\/index.php\/2024\/09\/05\/megaoperativo-de-seguridad-conjunto-entre-quilmes-varela-y-alte-brown\/","name":"Megaoperativo de Seguridad conjunto entre Quilmes, Varela y Alte. Brown - Principios","isPartOf":{"@id":"https:\/\/diarioprincipios.com\/#website"},"primaryImageOfPage":{"@id":"https:\/\/diarioprincipios.com\/index.php\/2024\/09\/05\/megaoperativo-de-seguridad-conjunto-entre-quilmes-varela-y-alte-brown\/#primaryimage"},"image":{"@id":"https:\/\/diarioprincipios.com\/index.php\/2024\/09\/05\/megaoperativo-de-seguridad-conjunto-entre-quilmes-varela-y-alte-brown\/#primaryimage"},"thumbnailUrl":"https:\/\/diarioprincipios.com\/wp-content\/uploads\/2024\/09\/oc-1.jpg","datePublished":"2024-09-05T12:59:41+00:00","dateModified":"2024-09-05T12:59:43+00:00","breadcrumb":{"@id":"https:\/\/diarioprincipios.com\/index.php\/2024\/09\/05\/megaoperativo-de-seguridad-conjunto-entre-quilmes-varela-y-alte-brown\/#breadcrumb"},"inLanguage":"es","potentialAction":[{"@type":"ReadAction","target":["https:\/\/diarioprincipios.com\/index.php\/2024\/09\/05\/megaoperativo-de-seguridad-conjunto-entre-quilmes-varela-y-alte-brown\/"]}]},{"@type":"ImageObject","inLanguage":"es","@id":"https:\/\/diarioprincipios.com\/index.php\/2024\/09\/05\/megaoperativo-de-seguridad-conjunto-entre-quilmes-varela-y-alte-brown\/#primaryimage","url":"https:\/\/diarioprincipios.com\/wp-content\/uploads\/2024\/09\/oc-1.jpg","contentUrl":"https:\/\/diarioprincipios.com\/wp-content\/uploads\/2024\/09\/oc-1.jpg","width":720,"height":479},{"@type":"BreadcrumbList","@id":"https:\/\/diarioprincipios.com\/index.php\/2024\/09\/05\/megaoperativo-de-seguridad-conjunto-entre-quilmes-varela-y-alte-brown\/#breadcrumb","itemListElement":[{"@type":"ListItem","position":1,"name":"Portada","item":"https:\/\/diarioprincipios.com\/"},{"@type":"ListItem","position":2,"name":"Megaoperativo de Seguridad conjunto entre Quilmes, Varela y Alte. Brown"}]},{"@type":"WebSite","@id":"https:\/\/diarioprincipios.com\/#website","url":"https:\/\/diarioprincipios.com\/","name":"Principios","description":"Principios Diario","publisher":{"@id":"https:\/\/diarioprincipios.com\/#organization"},"potentialAction":[{"@type":"SearchAction","target":{"@type":"EntryPoint","urlTemplate":"https:\/\/diarioprincipios.com\/?s={search_term_string}"},"query-input":{"@type":"PropertyValueSpecification","valueRequired":true,"valueName":"search_term_string"}}],"inLanguage":"es"},{"@type":"Organization","@id":"https:\/\/diarioprincipios.com\/#organization","name":"Principios","url":"https:\/\/diarioprincipios.com\/","logo":{"@type":"ImageObject","inLanguage":"es","@id":"https:\/\/diarioprincipios.com\/#\/schema\/logo\/image\/","url":"https:\/\/diarioprincipios.com\/wp-content\/uploads\/2024\/04\/cropped-www.diarioprincipios.com_-1.png","contentUrl":"https:\/\/diarioprincipios.com\/wp-content\/uploads\/2024\/04\/cropped-www.diarioprincipios.com_-1.png","width":5325,"height":1454,"caption":"Principios"},"image":{"@id":"https:\/\/diarioprincipios.com\/#\/schema\/logo\/image\/"}},{"@type":"Person","@id":"https:\/\/diarioprincipios.com\/#\/schema\/person\/436d5a1fd41a5e250e23ff5a6a7cb080","name":"Hern\u00e1n L\u00f3pez","image":{"@type":"ImageObject","inLanguage":"es","@id":"https:\/\/diarioprincipios.com\/wp-content\/litespeed\/avatar\/11ddfe5610ff3bd100522525b2571f48.jpg?ver=1777653193","url":"https:\/\/diarioprincipios.com\/wp-content\/litespeed\/avatar\/11ddfe5610ff3bd100522525b2571f48.jpg?ver=1777653193","contentUrl":"https:\/\/diarioprincipios.com\/wp-content\/litespeed\/avatar\/11ddfe5610ff3bd100522525b2571f48.jpg?ver=1777653193","caption":"Hern\u00e1n L\u00f3pez"},"url":"https:\/\/diarioprincipios.com\/index.php\/author\/hernan\/"}]}},"jetpack_featured_media_url":"https:\/\/diarioprincipios.com\/wp-content\/uploads\/2024\/09\/oc-1.jpg","_links":{"self":[{"href":"https:\/\/diarioprincipios.com\/index.php\/wp-json\/wp\/v2\/posts\/22918","targetHints":{"allow":["GET"]}}],"collection":[{"href":"https:\/\/diarioprincipios.com\/index.php\/wp-json\/wp\/v2\/posts"}],"about":[{"href":"https:\/\/diarioprincipios.com\/index.php\/wp-json\/wp\/v2\/types\/post"}],"author":[{"embeddable":true,"href":"https:\/\/diarioprincipios.com\/index.php\/wp-json\/wp\/v2\/users\/2"}],"replies":[{"embeddable":true,"href":"https:\/\/diarioprincipios.com\/index.php\/wp-json\/wp\/v2\/comments?post=22918"}],"version-history":[{"count":1,"href":"https:\/\/diarioprincipios.com\/index.php\/wp-json\/wp\/v2\/posts\/22918\/revisions"}],"predecessor-version":[{"id":22922,"href":"https:\/\/diarioprincipios.com\/index.php\/wp-json\/wp\/v2\/posts\/22918\/revisions\/22922"}],"wp:featuredmedia":[{"embeddable":true,"href":"https:\/\/diarioprincipios.com\/index.php\/wp-json\/wp\/v2\/media\/22921"}],"wp:attachment":[{"href":"https:\/\/diarioprincipios.com\/index.php\/wp-json\/wp\/v2\/media?parent=22918"}],"wp:term":[{"taxonomy":"category","embeddable":true,"href":"https:\/\/diarioprincipios.com\/index.php\/wp-json\/wp\/v2\/categories?post=22918"},{"taxonomy":"post_tag","embeddable":true,"href":"https:\/\/diarioprincipios.com\/index.php\/wp-json\/wp\/v2\/tags?post=22918"}],"curies":[{"name":"wp","href":"https:\/\/api.w.org\/{rel}","templated":true}]}}