{"id":22915,"date":"2024-09-05T09:52:31","date_gmt":"2024-09-05T12:52:31","guid":{"rendered":"http:\/\/diarioprincipios.com\/?p=22915"},"modified":"2024-09-05T09:52:32","modified_gmt":"2024-09-05T12:52:32","slug":"festejos-por-el-dia-del-empleado-de-comercio-en-quilmes","status":"publish","type":"post","link":"https:\/\/diarioprincipios.com\/index.php\/2024\/09\/05\/festejos-por-el-dia-del-empleado-de-comercio-en-quilmes\/","title":{"rendered":"Festejos por el D\u00eda del Empleado de Comercio en Quilmes"},"content":{"rendered":"\n<p>La Comisi\u00f3n Directiva del Centro de Empleados de Comercio de Quilmes, Berazategui, Fcio. Varela y S. F. Solano, que conduce Roberto \u201cMata\u201d Rodr\u00edguez, se alegra en informar a todos sus afiliados que, \u00abcomo ya es costumbre, se realizar\u00e1 nuevamente la celebraci\u00f3n por el D\u00eda del Empleado de Comercio en el famoso boliche bailable \u201cEl Bosque\u201d, de la ciudad de Quilmes\u00bb.<br>Cabe recordar que por ley 26.541 se estableci\u00f3 al 26 de septiembre como el \u201cD\u00eda del Empleado de Comercio\u201d, y que, por acuerdo paritario, este a\u00f1o el mismo ser\u00e1 trasladado al Lunes 30 de septiembre, manteniendo su car\u00e1cter de feriado nacional para todos los empleados de comercio.<br>El evento tendr\u00e1 lugar el d\u00eda domingo 29 de septiembre desde las 21:00 y para poder participar los afiliados deben acercarse a cualquiera de las delegaciones del CECQ o comunicarse telef\u00f3nicamente al 2055-5508\/9 o al 2055-5511\/12\/19 o bien por WhatsApp al 116-190-1496.<br>\u00ab\u00a1Los espera una gran noche con Cena, shows, sorteos, diversi\u00f3n y muchas m\u00e1s sorpresas! \u00a1Ac\u00e9rcate a festejar con nosotros!\u00bb, invitaron desde el gremio.<\/p>\n","protected":false},"excerpt":{"rendered":"<p>La Comisi\u00f3n Directiva del Centro de Empleados de Comercio de Quilmes, Berazategui, Fcio. Varela y S. F. Solano, que conduce Roberto \u201cMata\u201d Rodr\u00edguez, se alegra en informar a todos sus afiliados que, \u00abcomo ya es costumbre, se realizar\u00e1 nuevamente la celebraci\u00f3n por el D\u00eda del Empleado de Comercio en el famoso boliche bailable \u201cEl Bosque\u201d,&#8230;<\/p>\n","protected":false},"author":2,"featured_media":22916,"comment_status":"open","ping_status":"open","sticky":false,"template":"","format":"standard","meta":{"footnotes":""},"categories":[4,17],"tags":[],"class_list":["post-22915","post","type-post","status-publish","format-standard","has-post-thumbnail","hentry","category-quilmes","category-zona-sur"],"featured_image_src":"https:\/\/diarioprincipios.com\/wp-content\/uploads\/2024\/09\/IMG-20240905-WA0007-576x1024.jpg","blog_images":{"medium":"https:\/\/diarioprincipios.com\/wp-content\/uploads\/2024\/09\/IMG-20240905-WA0007-169x300.jpg","large":"https:\/\/diarioprincipios.com\/wp-content\/uploads\/2024\/09\/IMG-20240905-WA0007-576x1024.jpg"},"ams_acf":[],"yoast_head":"<!-- This site is optimized with the Yoast SEO plugin v27.3 - https:\/\/yoast.com\/product\/yoast-seo-wordpress\/ -->\n<title>Festejos por el D\u00eda del Empleado de Comercio en Quilmes - Principios<\/title>\n<meta name=\"robots\" content=\"index, follow, max-snippet:-1, max-image-preview:large, max-video-preview:-1\" \/>\n<link rel=\"canonical\" href=\"https:\/\/diarioprincipios.com\/index.php\/2024\/09\/05\/festejos-por-el-dia-del-empleado-de-comercio-en-quilmes\/\" \/>\n<meta property=\"og:locale\" content=\"es_ES\" \/>\n<meta property=\"og:type\" content=\"article\" \/>\n<meta property=\"og:title\" content=\"Festejos por el D\u00eda del Empleado de Comercio en Quilmes - Principios\" \/>\n<meta property=\"og:description\" content=\"La Comisi\u00f3n Directiva del Centro de Empleados de Comercio de Quilmes, Berazategui, Fcio. Varela y S. F. Solano, que conduce Roberto \u201cMata\u201d Rodr\u00edguez, se alegra en informar a todos sus afiliados que, \u00abcomo ya es costumbre, se realizar\u00e1 nuevamente la celebraci\u00f3n por el D\u00eda del Empleado de Comercio en el famoso boliche bailable \u201cEl Bosque\u201d,...\" \/>\n<meta property=\"og:url\" content=\"https:\/\/diarioprincipios.com\/index.php\/2024\/09\/05\/festejos-por-el-dia-del-empleado-de-comercio-en-quilmes\/\" \/>\n<meta property=\"og:site_name\" content=\"Principios\" \/>\n<meta property=\"article:published_time\" content=\"2024-09-05T12:52:31+00:00\" \/>\n<meta property=\"article:modified_time\" content=\"2024-09-05T12:52:32+00:00\" \/>\n<meta property=\"og:image\" content=\"https:\/\/diarioprincipios.com\/wp-content\/uploads\/2024\/09\/IMG-20240905-WA0007.jpg\" \/>\n\t<meta property=\"og:image:width\" content=\"899\" \/>\n\t<meta property=\"og:image:height\" content=\"1599\" \/>\n\t<meta property=\"og:image:type\" content=\"image\/jpeg\" \/>\n<meta name=\"author\" content=\"Hern\u00e1n L\u00f3pez\" \/>\n<meta name=\"twitter:card\" content=\"summary_large_image\" \/>\n<meta name=\"twitter:label1\" content=\"Escrito por\" \/>\n\t<meta name=\"twitter:data1\" content=\"Hern\u00e1n L\u00f3pez\" \/>\n\t<meta name=\"twitter:label2\" content=\"Tiempo de lectura\" \/>\n\t<meta name=\"twitter:data2\" content=\"1 minuto\" \/>\n<script type=\"application\/ld+json\" class=\"yoast-schema-graph\">{\"@context\":\"https:\\\/\\\/schema.org\",\"@graph\":[{\"@type\":\"Article\",\"@id\":\"https:\\\/\\\/diarioprincipios.com\\\/index.php\\\/2024\\\/09\\\/05\\\/festejos-por-el-dia-del-empleado-de-comercio-en-quilmes\\\/#article\",\"isPartOf\":{\"@id\":\"https:\\\/\\\/diarioprincipios.com\\\/index.php\\\/2024\\\/09\\\/05\\\/festejos-por-el-dia-del-empleado-de-comercio-en-quilmes\\\/\"},\"author\":{\"name\":\"Hern\u00e1n L\u00f3pez\",\"@id\":\"https:\\\/\\\/diarioprincipios.com\\\/#\\\/schema\\\/person\\\/436d5a1fd41a5e250e23ff5a6a7cb080\"},\"headline\":\"Festejos por el D\u00eda del Empleado de Comercio en Quilmes\",\"datePublished\":\"2024-09-05T12:52:31+00:00\",\"dateModified\":\"2024-09-05T12:52:32+00:00\",\"mainEntityOfPage\":{\"@id\":\"https:\\\/\\\/diarioprincipios.com\\\/index.php\\\/2024\\\/09\\\/05\\\/festejos-por-el-dia-del-empleado-de-comercio-en-quilmes\\\/\"},\"wordCount\":191,\"commentCount\":0,\"publisher\":{\"@id\":\"https:\\\/\\\/diarioprincipios.com\\\/#organization\"},\"image\":{\"@id\":\"https:\\\/\\\/diarioprincipios.com\\\/index.php\\\/2024\\\/09\\\/05\\\/festejos-por-el-dia-del-empleado-de-comercio-en-quilmes\\\/#primaryimage\"},\"thumbnailUrl\":\"https:\\\/\\\/diarioprincipios.com\\\/wp-content\\\/uploads\\\/2024\\\/09\\\/IMG-20240905-WA0007.jpg\",\"articleSection\":[\"Quilmes\",\"Zonar Sur\"],\"inLanguage\":\"es\",\"potentialAction\":[{\"@type\":\"CommentAction\",\"name\":\"Comment\",\"target\":[\"https:\\\/\\\/diarioprincipios.com\\\/index.php\\\/2024\\\/09\\\/05\\\/festejos-por-el-dia-del-empleado-de-comercio-en-quilmes\\\/#respond\"]}]},{\"@type\":\"WebPage\",\"@id\":\"https:\\\/\\\/diarioprincipios.com\\\/index.php\\\/2024\\\/09\\\/05\\\/festejos-por-el-dia-del-empleado-de-comercio-en-quilmes\\\/\",\"url\":\"https:\\\/\\\/diarioprincipios.com\\\/index.php\\\/2024\\\/09\\\/05\\\/festejos-por-el-dia-del-empleado-de-comercio-en-quilmes\\\/\",\"name\":\"Festejos por el D\u00eda del Empleado de Comercio en Quilmes - Principios\",\"isPartOf\":{\"@id\":\"https:\\\/\\\/diarioprincipios.com\\\/#website\"},\"primaryImageOfPage\":{\"@id\":\"https:\\\/\\\/diarioprincipios.com\\\/index.php\\\/2024\\\/09\\\/05\\\/festejos-por-el-dia-del-empleado-de-comercio-en-quilmes\\\/#primaryimage\"},\"image\":{\"@id\":\"https:\\\/\\\/diarioprincipios.com\\\/index.php\\\/2024\\\/09\\\/05\\\/festejos-por-el-dia-del-empleado-de-comercio-en-quilmes\\\/#primaryimage\"},\"thumbnailUrl\":\"https:\\\/\\\/diarioprincipios.com\\\/wp-content\\\/uploads\\\/2024\\\/09\\\/IMG-20240905-WA0007.jpg\",\"datePublished\":\"2024-09-05T12:52:31+00:00\",\"dateModified\":\"2024-09-05T12:52:32+00:00\",\"breadcrumb\":{\"@id\":\"https:\\\/\\\/diarioprincipios.com\\\/index.php\\\/2024\\\/09\\\/05\\\/festejos-por-el-dia-del-empleado-de-comercio-en-quilmes\\\/#breadcrumb\"},\"inLanguage\":\"es\",\"potentialAction\":[{\"@type\":\"ReadAction\",\"target\":[\"https:\\\/\\\/diarioprincipios.com\\\/index.php\\\/2024\\\/09\\\/05\\\/festejos-por-el-dia-del-empleado-de-comercio-en-quilmes\\\/\"]}]},{\"@type\":\"ImageObject\",\"inLanguage\":\"es\",\"@id\":\"https:\\\/\\\/diarioprincipios.com\\\/index.php\\\/2024\\\/09\\\/05\\\/festejos-por-el-dia-del-empleado-de-comercio-en-quilmes\\\/#primaryimage\",\"url\":\"https:\\\/\\\/diarioprincipios.com\\\/wp-content\\\/uploads\\\/2024\\\/09\\\/IMG-20240905-WA0007.jpg\",\"contentUrl\":\"https:\\\/\\\/diarioprincipios.com\\\/wp-content\\\/uploads\\\/2024\\\/09\\\/IMG-20240905-WA0007.jpg\",\"width\":899,\"height\":1599},{\"@type\":\"BreadcrumbList\",\"@id\":\"https:\\\/\\\/diarioprincipios.com\\\/index.php\\\/2024\\\/09\\\/05\\\/festejos-por-el-dia-del-empleado-de-comercio-en-quilmes\\\/#breadcrumb\",\"itemListElement\":[{\"@type\":\"ListItem\",\"position\":1,\"name\":\"Portada\",\"item\":\"https:\\\/\\\/diarioprincipios.com\\\/\"},{\"@type\":\"ListItem\",\"position\":2,\"name\":\"Festejos por el D\u00eda del Empleado de Comercio en Quilmes\"}]},{\"@type\":\"WebSite\",\"@id\":\"https:\\\/\\\/diarioprincipios.com\\\/#website\",\"url\":\"https:\\\/\\\/diarioprincipios.com\\\/\",\"name\":\"Principios\",\"description\":\"Principios Diario\",\"publisher\":{\"@id\":\"https:\\\/\\\/diarioprincipios.com\\\/#organization\"},\"potentialAction\":[{\"@type\":\"SearchAction\",\"target\":{\"@type\":\"EntryPoint\",\"urlTemplate\":\"https:\\\/\\\/diarioprincipios.com\\\/?s={search_term_string}\"},\"query-input\":{\"@type\":\"PropertyValueSpecification\",\"valueRequired\":true,\"valueName\":\"search_term_string\"}}],\"inLanguage\":\"es\"},{\"@type\":\"Organization\",\"@id\":\"https:\\\/\\\/diarioprincipios.com\\\/#organization\",\"name\":\"Principios\",\"url\":\"https:\\\/\\\/diarioprincipios.com\\\/\",\"logo\":{\"@type\":\"ImageObject\",\"inLanguage\":\"es\",\"@id\":\"https:\\\/\\\/diarioprincipios.com\\\/#\\\/schema\\\/logo\\\/image\\\/\",\"url\":\"https:\\\/\\\/diarioprincipios.com\\\/wp-content\\\/uploads\\\/2024\\\/04\\\/cropped-www.diarioprincipios.com_-1.png\",\"contentUrl\":\"https:\\\/\\\/diarioprincipios.com\\\/wp-content\\\/uploads\\\/2024\\\/04\\\/cropped-www.diarioprincipios.com_-1.png\",\"width\":5325,\"height\":1454,\"caption\":\"Principios\"},\"image\":{\"@id\":\"https:\\\/\\\/diarioprincipios.com\\\/#\\\/schema\\\/logo\\\/image\\\/\"}},{\"@type\":\"Person\",\"@id\":\"https:\\\/\\\/diarioprincipios.com\\\/#\\\/schema\\\/person\\\/436d5a1fd41a5e250e23ff5a6a7cb080\",\"name\":\"Hern\u00e1n L\u00f3pez\",\"image\":{\"@type\":\"ImageObject\",\"inLanguage\":\"es\",\"@id\":\"https:\\\/\\\/diarioprincipios.com\\\/wp-content\\\/litespeed\\\/avatar\\\/11ddfe5610ff3bd100522525b2571f48.jpg?ver=1777653193\",\"url\":\"https:\\\/\\\/diarioprincipios.com\\\/wp-content\\\/litespeed\\\/avatar\\\/11ddfe5610ff3bd100522525b2571f48.jpg?ver=1777653193\",\"contentUrl\":\"https:\\\/\\\/diarioprincipios.com\\\/wp-content\\\/litespeed\\\/avatar\\\/11ddfe5610ff3bd100522525b2571f48.jpg?ver=1777653193\",\"caption\":\"Hern\u00e1n L\u00f3pez\"},\"url\":\"https:\\\/\\\/diarioprincipios.com\\\/index.php\\\/author\\\/hernan\\\/\"}]}<\/script>\n<!-- \/ Yoast SEO plugin. -->","yoast_head_json":{"title":"Festejos por el D\u00eda del Empleado de Comercio en Quilmes - Principios","robots":{"index":"index","follow":"follow","max-snippet":"max-snippet:-1","max-image-preview":"max-image-preview:large","max-video-preview":"max-video-preview:-1"},"canonical":"https:\/\/diarioprincipios.com\/index.php\/2024\/09\/05\/festejos-por-el-dia-del-empleado-de-comercio-en-quilmes\/","og_locale":"es_ES","og_type":"article","og_title":"Festejos por el D\u00eda del Empleado de Comercio en Quilmes - Principios","og_description":"La Comisi\u00f3n Directiva del Centro de Empleados de Comercio de Quilmes, Berazategui, Fcio. Varela y S. F. Solano, que conduce Roberto \u201cMata\u201d Rodr\u00edguez, se alegra en informar a todos sus afiliados que, \u00abcomo ya es costumbre, se realizar\u00e1 nuevamente la celebraci\u00f3n por el D\u00eda del Empleado de Comercio en el famoso boliche bailable \u201cEl Bosque\u201d,...","og_url":"https:\/\/diarioprincipios.com\/index.php\/2024\/09\/05\/festejos-por-el-dia-del-empleado-de-comercio-en-quilmes\/","og_site_name":"Principios","article_published_time":"2024-09-05T12:52:31+00:00","article_modified_time":"2024-09-05T12:52:32+00:00","og_image":[{"width":899,"height":1599,"url":"https:\/\/diarioprincipios.com\/wp-content\/uploads\/2024\/09\/IMG-20240905-WA0007.jpg","type":"image\/jpeg"}],"author":"Hern\u00e1n L\u00f3pez","twitter_card":"summary_large_image","twitter_misc":{"Escrito por":"Hern\u00e1n L\u00f3pez","Tiempo de lectura":"1 minuto"},"schema":{"@context":"https:\/\/schema.org","@graph":[{"@type":"Article","@id":"https:\/\/diarioprincipios.com\/index.php\/2024\/09\/05\/festejos-por-el-dia-del-empleado-de-comercio-en-quilmes\/#article","isPartOf":{"@id":"https:\/\/diarioprincipios.com\/index.php\/2024\/09\/05\/festejos-por-el-dia-del-empleado-de-comercio-en-quilmes\/"},"author":{"name":"Hern\u00e1n L\u00f3pez","@id":"https:\/\/diarioprincipios.com\/#\/schema\/person\/436d5a1fd41a5e250e23ff5a6a7cb080"},"headline":"Festejos por el D\u00eda del Empleado de Comercio en Quilmes","datePublished":"2024-09-05T12:52:31+00:00","dateModified":"2024-09-05T12:52:32+00:00","mainEntityOfPage":{"@id":"https:\/\/diarioprincipios.com\/index.php\/2024\/09\/05\/festejos-por-el-dia-del-empleado-de-comercio-en-quilmes\/"},"wordCount":191,"commentCount":0,"publisher":{"@id":"https:\/\/diarioprincipios.com\/#organization"},"image":{"@id":"https:\/\/diarioprincipios.com\/index.php\/2024\/09\/05\/festejos-por-el-dia-del-empleado-de-comercio-en-quilmes\/#primaryimage"},"thumbnailUrl":"https:\/\/diarioprincipios.com\/wp-content\/uploads\/2024\/09\/IMG-20240905-WA0007.jpg","articleSection":["Quilmes","Zonar Sur"],"inLanguage":"es","potentialAction":[{"@type":"CommentAction","name":"Comment","target":["https:\/\/diarioprincipios.com\/index.php\/2024\/09\/05\/festejos-por-el-dia-del-empleado-de-comercio-en-quilmes\/#respond"]}]},{"@type":"WebPage","@id":"https:\/\/diarioprincipios.com\/index.php\/2024\/09\/05\/festejos-por-el-dia-del-empleado-de-comercio-en-quilmes\/","url":"https:\/\/diarioprincipios.com\/index.php\/2024\/09\/05\/festejos-por-el-dia-del-empleado-de-comercio-en-quilmes\/","name":"Festejos por el D\u00eda del Empleado de Comercio en Quilmes - Principios","isPartOf":{"@id":"https:\/\/diarioprincipios.com\/#website"},"primaryImageOfPage":{"@id":"https:\/\/diarioprincipios.com\/index.php\/2024\/09\/05\/festejos-por-el-dia-del-empleado-de-comercio-en-quilmes\/#primaryimage"},"image":{"@id":"https:\/\/diarioprincipios.com\/index.php\/2024\/09\/05\/festejos-por-el-dia-del-empleado-de-comercio-en-quilmes\/#primaryimage"},"thumbnailUrl":"https:\/\/diarioprincipios.com\/wp-content\/uploads\/2024\/09\/IMG-20240905-WA0007.jpg","datePublished":"2024-09-05T12:52:31+00:00","dateModified":"2024-09-05T12:52:32+00:00","breadcrumb":{"@id":"https:\/\/diarioprincipios.com\/index.php\/2024\/09\/05\/festejos-por-el-dia-del-empleado-de-comercio-en-quilmes\/#breadcrumb"},"inLanguage":"es","potentialAction":[{"@type":"ReadAction","target":["https:\/\/diarioprincipios.com\/index.php\/2024\/09\/05\/festejos-por-el-dia-del-empleado-de-comercio-en-quilmes\/"]}]},{"@type":"ImageObject","inLanguage":"es","@id":"https:\/\/diarioprincipios.com\/index.php\/2024\/09\/05\/festejos-por-el-dia-del-empleado-de-comercio-en-quilmes\/#primaryimage","url":"https:\/\/diarioprincipios.com\/wp-content\/uploads\/2024\/09\/IMG-20240905-WA0007.jpg","contentUrl":"https:\/\/diarioprincipios.com\/wp-content\/uploads\/2024\/09\/IMG-20240905-WA0007.jpg","width":899,"height":1599},{"@type":"BreadcrumbList","@id":"https:\/\/diarioprincipios.com\/index.php\/2024\/09\/05\/festejos-por-el-dia-del-empleado-de-comercio-en-quilmes\/#breadcrumb","itemListElement":[{"@type":"ListItem","position":1,"name":"Portada","item":"https:\/\/diarioprincipios.com\/"},{"@type":"ListItem","position":2,"name":"Festejos por el D\u00eda del Empleado de Comercio en Quilmes"}]},{"@type":"WebSite","@id":"https:\/\/diarioprincipios.com\/#website","url":"https:\/\/diarioprincipios.com\/","name":"Principios","description":"Principios Diario","publisher":{"@id":"https:\/\/diarioprincipios.com\/#organization"},"potentialAction":[{"@type":"SearchAction","target":{"@type":"EntryPoint","urlTemplate":"https:\/\/diarioprincipios.com\/?s={search_term_string}"},"query-input":{"@type":"PropertyValueSpecification","valueRequired":true,"valueName":"search_term_string"}}],"inLanguage":"es"},{"@type":"Organization","@id":"https:\/\/diarioprincipios.com\/#organization","name":"Principios","url":"https:\/\/diarioprincipios.com\/","logo":{"@type":"ImageObject","inLanguage":"es","@id":"https:\/\/diarioprincipios.com\/#\/schema\/logo\/image\/","url":"https:\/\/diarioprincipios.com\/wp-content\/uploads\/2024\/04\/cropped-www.diarioprincipios.com_-1.png","contentUrl":"https:\/\/diarioprincipios.com\/wp-content\/uploads\/2024\/04\/cropped-www.diarioprincipios.com_-1.png","width":5325,"height":1454,"caption":"Principios"},"image":{"@id":"https:\/\/diarioprincipios.com\/#\/schema\/logo\/image\/"}},{"@type":"Person","@id":"https:\/\/diarioprincipios.com\/#\/schema\/person\/436d5a1fd41a5e250e23ff5a6a7cb080","name":"Hern\u00e1n L\u00f3pez","image":{"@type":"ImageObject","inLanguage":"es","@id":"https:\/\/diarioprincipios.com\/wp-content\/litespeed\/avatar\/11ddfe5610ff3bd100522525b2571f48.jpg?ver=1777653193","url":"https:\/\/diarioprincipios.com\/wp-content\/litespeed\/avatar\/11ddfe5610ff3bd100522525b2571f48.jpg?ver=1777653193","contentUrl":"https:\/\/diarioprincipios.com\/wp-content\/litespeed\/avatar\/11ddfe5610ff3bd100522525b2571f48.jpg?ver=1777653193","caption":"Hern\u00e1n L\u00f3pez"},"url":"https:\/\/diarioprincipios.com\/index.php\/author\/hernan\/"}]}},"jetpack_featured_media_url":"https:\/\/diarioprincipios.com\/wp-content\/uploads\/2024\/09\/IMG-20240905-WA0007.jpg","_links":{"self":[{"href":"https:\/\/diarioprincipios.com\/index.php\/wp-json\/wp\/v2\/posts\/22915","targetHints":{"allow":["GET"]}}],"collection":[{"href":"https:\/\/diarioprincipios.com\/index.php\/wp-json\/wp\/v2\/posts"}],"about":[{"href":"https:\/\/diarioprincipios.com\/index.php\/wp-json\/wp\/v2\/types\/post"}],"author":[{"embeddable":true,"href":"https:\/\/diarioprincipios.com\/index.php\/wp-json\/wp\/v2\/users\/2"}],"replies":[{"embeddable":true,"href":"https:\/\/diarioprincipios.com\/index.php\/wp-json\/wp\/v2\/comments?post=22915"}],"version-history":[{"count":1,"href":"https:\/\/diarioprincipios.com\/index.php\/wp-json\/wp\/v2\/posts\/22915\/revisions"}],"predecessor-version":[{"id":22917,"href":"https:\/\/diarioprincipios.com\/index.php\/wp-json\/wp\/v2\/posts\/22915\/revisions\/22917"}],"wp:featuredmedia":[{"embeddable":true,"href":"https:\/\/diarioprincipios.com\/index.php\/wp-json\/wp\/v2\/media\/22916"}],"wp:attachment":[{"href":"https:\/\/diarioprincipios.com\/index.php\/wp-json\/wp\/v2\/media?parent=22915"}],"wp:term":[{"taxonomy":"category","embeddable":true,"href":"https:\/\/diarioprincipios.com\/index.php\/wp-json\/wp\/v2\/categories?post=22915"},{"taxonomy":"post_tag","embeddable":true,"href":"https:\/\/diarioprincipios.com\/index.php\/wp-json\/wp\/v2\/tags?post=22915"}],"curies":[{"name":"wp","href":"https:\/\/api.w.org\/{rel}","templated":true}]}}