{"id":22907,"date":"2024-09-04T16:21:55","date_gmt":"2024-09-04T19:21:55","guid":{"rendered":"http:\/\/diarioprincipios.com\/?p=22907"},"modified":"2024-09-04T16:21:57","modified_gmt":"2024-09-04T19:21:57","slug":"ferraresi-inauguro-la-ronda-de-negocios-en-la-semana-de-la-industria-de-avellaneda","status":"publish","type":"post","link":"https:\/\/diarioprincipios.com\/index.php\/2024\/09\/04\/ferraresi-inauguro-la-ronda-de-negocios-en-la-semana-de-la-industria-de-avellaneda\/","title":{"rendered":"Ferraresi inaugur\u00f3 la Ronda de Negocios en la Semana de la Industria de Avellaneda"},"content":{"rendered":"\n<p>Participaron empresarios, industriales, comerciantes locales y de la regi\u00f3n. Los encuentros y actividades contin\u00faan hasta el viernes 6 en diferentes puntos de la ciudad.<br><br>El intendente de Avellaneda, Jorge Ferraresi, particip\u00f3 de la apertura de la Ronda de Negocios en el Parque Multiprop\u00f3sito La Estaci\u00f3n, en el marco de la Semana de la Industria que se desarrolla en nuestro distrito.<br><br>Durante la ceremonia, Ferraresi sostuvo que \u201ctenemos que reconstruir de una vez por todas una Argentina con comercio, industria y conocimiento\u201d. En ese sentido, valor\u00f3 la mirada de Axel Kicillof sobre la industria en la Provincia y subray\u00f3 la necesidad de \u201cconstruir un pa\u00eds que sea para todos\u201d.<\/p>\n\n\n\n<figure class=\"wp-block-image size-large\"><img loading=\"lazy\" decoding=\"async\" width=\"1024\" height=\"681\" src=\"https:\/\/diarioprincipios.com\/wp-content\/uploads\/2024\/09\/002-1024x681.jpg\" alt=\"\" class=\"wp-image-22908\" srcset=\"https:\/\/diarioprincipios.com\/wp-content\/uploads\/2024\/09\/002-1024x681.jpg 1024w, https:\/\/diarioprincipios.com\/wp-content\/uploads\/2024\/09\/002-300x200.jpg 300w, https:\/\/diarioprincipios.com\/wp-content\/uploads\/2024\/09\/002-768x511.jpg 768w, https:\/\/diarioprincipios.com\/wp-content\/uploads\/2024\/09\/002-1536x1022.jpg 1536w, https:\/\/diarioprincipios.com\/wp-content\/uploads\/2024\/09\/002-820x545.jpg 820w, https:\/\/diarioprincipios.com\/wp-content\/uploads\/2024\/09\/002-600x400.jpg 600w, https:\/\/diarioprincipios.com\/wp-content\/uploads\/2024\/09\/002.jpg 1599w\" sizes=\"auto, (max-width: 1024px) 100vw, 1024px\" \/><\/figure>\n\n\n\n<p><br><br>\u201cTenemos que generar trabajo y buenos salarios para que la Argentina crezca. Hay mucho por hacer\u201d, expres\u00f3 el jefe comunal.<br><br>Por su parte, el ministro de Trabajo bonaerense, Walter Correa, asegur\u00f3: \u201cNosotros asociamos el trabajo con la producci\u00f3n, y Avellaneda es un \u00edcono de esto\u201d.<br><br>M\u00e1s adelante resalt\u00f3: \u201cLa Ley de Bases no tiene un art\u00edculo a favor del trabajo y la producci\u00f3n, y mucho menos de los trabajadores. El RIGI ya lo vivimos y lo sufrimos como pueblo\u201d. \u201cDesde la Provincia generamos una cadena de valor y potenciamos el trabajo y la industria. Todo lo contrario a lo que hace el gobierno nacional\u201d, compar\u00f3 el Ministro.<br><br>Los funcionarios estuvieron acompa\u00f1ados por el subsecretario de Comercio de la Provincia, Ariel Aguilar; la subsecretaria de Industria, Pymes y Cooperativas, Mariela Bembi; la presidenta de la Uni\u00f3n Industrial de Avellaneda, Nilda Brovida; y el secretario de Producci\u00f3n, Comercio y Ambiente local, Carlos Lombardo.<br><br>Tambi\u00e9n participaron la presidenta del Puerto de Dock Sud, Carla Monrabal; el Frente Productivo Avellaneda, Gustavo \u00c1valos; el secretario ejecutivo del Instituto Provincial de Formaci\u00f3n Laboral, Ezequiel Berrueco; y la concejala Bel\u00e9n Berrueco, entre otros.<br><br>Para conocer el cronograma de la Semana de la Industria hay que ingresar a:\u00a0<a href=\"https:\/\/www.mda.gob.ar\/noticias\/semana-de-la-industria-en-avellaneda\/\" target=\"_blank\" rel=\"noreferrer noopener\">https:\/\/www.mda.gob.ar\/noticias\/semana-de-la-industria-en-avellaneda\/<\/a><\/p>\n","protected":false},"excerpt":{"rendered":"<p>Participaron empresarios, industriales, comerciantes locales y de la regi\u00f3n. Los encuentros y actividades contin\u00faan hasta el viernes 6 en diferentes puntos de la ciudad. El intendente de Avellaneda, Jorge Ferraresi, particip\u00f3 de la apertura de la Ronda de Negocios en el Parque Multiprop\u00f3sito La Estaci\u00f3n, en el marco de la Semana de la Industria que&#8230;<\/p>\n","protected":false},"author":2,"featured_media":22909,"comment_status":"open","ping_status":"open","sticky":false,"template":"","format":"standard","meta":{"footnotes":""},"categories":[5,17],"tags":[],"class_list":["post-22907","post","type-post","status-publish","format-standard","has-post-thumbnail","hentry","category-avellaneda","category-zona-sur"],"featured_image_src":"https:\/\/diarioprincipios.com\/wp-content\/uploads\/2024\/09\/001-1-1024x681.jpg","blog_images":{"medium":"https:\/\/diarioprincipios.com\/wp-content\/uploads\/2024\/09\/001-1-300x200.jpg","large":"https:\/\/diarioprincipios.com\/wp-content\/uploads\/2024\/09\/001-1-1024x681.jpg"},"ams_acf":[],"yoast_head":"<!-- This site is optimized with the Yoast SEO plugin v27.3 - https:\/\/yoast.com\/product\/yoast-seo-wordpress\/ -->\n<title>Ferraresi inaugur\u00f3 la Ronda de Negocios en la Semana de la Industria de Avellaneda - Principios<\/title>\n<meta name=\"robots\" content=\"index, follow, max-snippet:-1, max-image-preview:large, max-video-preview:-1\" \/>\n<link rel=\"canonical\" href=\"https:\/\/diarioprincipios.com\/index.php\/2024\/09\/04\/ferraresi-inauguro-la-ronda-de-negocios-en-la-semana-de-la-industria-de-avellaneda\/\" \/>\n<meta property=\"og:locale\" content=\"es_ES\" \/>\n<meta property=\"og:type\" content=\"article\" \/>\n<meta property=\"og:title\" content=\"Ferraresi inaugur\u00f3 la Ronda de Negocios en la Semana de la Industria de Avellaneda - Principios\" \/>\n<meta property=\"og:description\" content=\"Participaron empresarios, industriales, comerciantes locales y de la regi\u00f3n. Los encuentros y actividades contin\u00faan hasta el viernes 6 en diferentes puntos de la ciudad. El intendente de Avellaneda, Jorge Ferraresi, particip\u00f3 de la apertura de la Ronda de Negocios en el Parque Multiprop\u00f3sito La Estaci\u00f3n, en el marco de la Semana de la Industria que...\" \/>\n<meta property=\"og:url\" content=\"https:\/\/diarioprincipios.com\/index.php\/2024\/09\/04\/ferraresi-inauguro-la-ronda-de-negocios-en-la-semana-de-la-industria-de-avellaneda\/\" \/>\n<meta property=\"og:site_name\" content=\"Principios\" \/>\n<meta property=\"article:published_time\" content=\"2024-09-04T19:21:55+00:00\" \/>\n<meta property=\"article:modified_time\" content=\"2024-09-04T19:21:57+00:00\" \/>\n<meta property=\"og:image\" content=\"https:\/\/diarioprincipios.com\/wp-content\/uploads\/2024\/09\/001-1.jpg\" \/>\n\t<meta property=\"og:image:width\" content=\"1600\" \/>\n\t<meta property=\"og:image:height\" content=\"1064\" \/>\n\t<meta property=\"og:image:type\" content=\"image\/jpeg\" \/>\n<meta name=\"author\" content=\"Hern\u00e1n L\u00f3pez\" \/>\n<meta name=\"twitter:card\" content=\"summary_large_image\" \/>\n<meta name=\"twitter:label1\" content=\"Escrito por\" \/>\n\t<meta name=\"twitter:data1\" content=\"Hern\u00e1n L\u00f3pez\" \/>\n\t<meta name=\"twitter:label2\" content=\"Tiempo de lectura\" \/>\n\t<meta name=\"twitter:data2\" content=\"2 minutos\" \/>\n<script type=\"application\/ld+json\" class=\"yoast-schema-graph\">{\"@context\":\"https:\\\/\\\/schema.org\",\"@graph\":[{\"@type\":\"Article\",\"@id\":\"https:\\\/\\\/diarioprincipios.com\\\/index.php\\\/2024\\\/09\\\/04\\\/ferraresi-inauguro-la-ronda-de-negocios-en-la-semana-de-la-industria-de-avellaneda\\\/#article\",\"isPartOf\":{\"@id\":\"https:\\\/\\\/diarioprincipios.com\\\/index.php\\\/2024\\\/09\\\/04\\\/ferraresi-inauguro-la-ronda-de-negocios-en-la-semana-de-la-industria-de-avellaneda\\\/\"},\"author\":{\"name\":\"Hern\u00e1n L\u00f3pez\",\"@id\":\"https:\\\/\\\/diarioprincipios.com\\\/#\\\/schema\\\/person\\\/436d5a1fd41a5e250e23ff5a6a7cb080\"},\"headline\":\"Ferraresi inaugur\u00f3 la Ronda de Negocios en la Semana de la Industria de Avellaneda\",\"datePublished\":\"2024-09-04T19:21:55+00:00\",\"dateModified\":\"2024-09-04T19:21:57+00:00\",\"mainEntityOfPage\":{\"@id\":\"https:\\\/\\\/diarioprincipios.com\\\/index.php\\\/2024\\\/09\\\/04\\\/ferraresi-inauguro-la-ronda-de-negocios-en-la-semana-de-la-industria-de-avellaneda\\\/\"},\"wordCount\":343,\"commentCount\":0,\"publisher\":{\"@id\":\"https:\\\/\\\/diarioprincipios.com\\\/#organization\"},\"image\":{\"@id\":\"https:\\\/\\\/diarioprincipios.com\\\/index.php\\\/2024\\\/09\\\/04\\\/ferraresi-inauguro-la-ronda-de-negocios-en-la-semana-de-la-industria-de-avellaneda\\\/#primaryimage\"},\"thumbnailUrl\":\"https:\\\/\\\/diarioprincipios.com\\\/wp-content\\\/uploads\\\/2024\\\/09\\\/001-1.jpg\",\"articleSection\":[\"Avellaneda\",\"Zonar Sur\"],\"inLanguage\":\"es\",\"potentialAction\":[{\"@type\":\"CommentAction\",\"name\":\"Comment\",\"target\":[\"https:\\\/\\\/diarioprincipios.com\\\/index.php\\\/2024\\\/09\\\/04\\\/ferraresi-inauguro-la-ronda-de-negocios-en-la-semana-de-la-industria-de-avellaneda\\\/#respond\"]}]},{\"@type\":\"WebPage\",\"@id\":\"https:\\\/\\\/diarioprincipios.com\\\/index.php\\\/2024\\\/09\\\/04\\\/ferraresi-inauguro-la-ronda-de-negocios-en-la-semana-de-la-industria-de-avellaneda\\\/\",\"url\":\"https:\\\/\\\/diarioprincipios.com\\\/index.php\\\/2024\\\/09\\\/04\\\/ferraresi-inauguro-la-ronda-de-negocios-en-la-semana-de-la-industria-de-avellaneda\\\/\",\"name\":\"Ferraresi inaugur\u00f3 la Ronda de Negocios en la Semana de la Industria de Avellaneda - Principios\",\"isPartOf\":{\"@id\":\"https:\\\/\\\/diarioprincipios.com\\\/#website\"},\"primaryImageOfPage\":{\"@id\":\"https:\\\/\\\/diarioprincipios.com\\\/index.php\\\/2024\\\/09\\\/04\\\/ferraresi-inauguro-la-ronda-de-negocios-en-la-semana-de-la-industria-de-avellaneda\\\/#primaryimage\"},\"image\":{\"@id\":\"https:\\\/\\\/diarioprincipios.com\\\/index.php\\\/2024\\\/09\\\/04\\\/ferraresi-inauguro-la-ronda-de-negocios-en-la-semana-de-la-industria-de-avellaneda\\\/#primaryimage\"},\"thumbnailUrl\":\"https:\\\/\\\/diarioprincipios.com\\\/wp-content\\\/uploads\\\/2024\\\/09\\\/001-1.jpg\",\"datePublished\":\"2024-09-04T19:21:55+00:00\",\"dateModified\":\"2024-09-04T19:21:57+00:00\",\"breadcrumb\":{\"@id\":\"https:\\\/\\\/diarioprincipios.com\\\/index.php\\\/2024\\\/09\\\/04\\\/ferraresi-inauguro-la-ronda-de-negocios-en-la-semana-de-la-industria-de-avellaneda\\\/#breadcrumb\"},\"inLanguage\":\"es\",\"potentialAction\":[{\"@type\":\"ReadAction\",\"target\":[\"https:\\\/\\\/diarioprincipios.com\\\/index.php\\\/2024\\\/09\\\/04\\\/ferraresi-inauguro-la-ronda-de-negocios-en-la-semana-de-la-industria-de-avellaneda\\\/\"]}]},{\"@type\":\"ImageObject\",\"inLanguage\":\"es\",\"@id\":\"https:\\\/\\\/diarioprincipios.com\\\/index.php\\\/2024\\\/09\\\/04\\\/ferraresi-inauguro-la-ronda-de-negocios-en-la-semana-de-la-industria-de-avellaneda\\\/#primaryimage\",\"url\":\"https:\\\/\\\/diarioprincipios.com\\\/wp-content\\\/uploads\\\/2024\\\/09\\\/001-1.jpg\",\"contentUrl\":\"https:\\\/\\\/diarioprincipios.com\\\/wp-content\\\/uploads\\\/2024\\\/09\\\/001-1.jpg\",\"width\":1600,\"height\":1064},{\"@type\":\"BreadcrumbList\",\"@id\":\"https:\\\/\\\/diarioprincipios.com\\\/index.php\\\/2024\\\/09\\\/04\\\/ferraresi-inauguro-la-ronda-de-negocios-en-la-semana-de-la-industria-de-avellaneda\\\/#breadcrumb\",\"itemListElement\":[{\"@type\":\"ListItem\",\"position\":1,\"name\":\"Portada\",\"item\":\"https:\\\/\\\/diarioprincipios.com\\\/\"},{\"@type\":\"ListItem\",\"position\":2,\"name\":\"Ferraresi inaugur\u00f3 la Ronda de Negocios en la Semana de la Industria de Avellaneda\"}]},{\"@type\":\"WebSite\",\"@id\":\"https:\\\/\\\/diarioprincipios.com\\\/#website\",\"url\":\"https:\\\/\\\/diarioprincipios.com\\\/\",\"name\":\"Principios\",\"description\":\"Principios Diario\",\"publisher\":{\"@id\":\"https:\\\/\\\/diarioprincipios.com\\\/#organization\"},\"potentialAction\":[{\"@type\":\"SearchAction\",\"target\":{\"@type\":\"EntryPoint\",\"urlTemplate\":\"https:\\\/\\\/diarioprincipios.com\\\/?s={search_term_string}\"},\"query-input\":{\"@type\":\"PropertyValueSpecification\",\"valueRequired\":true,\"valueName\":\"search_term_string\"}}],\"inLanguage\":\"es\"},{\"@type\":\"Organization\",\"@id\":\"https:\\\/\\\/diarioprincipios.com\\\/#organization\",\"name\":\"Principios\",\"url\":\"https:\\\/\\\/diarioprincipios.com\\\/\",\"logo\":{\"@type\":\"ImageObject\",\"inLanguage\":\"es\",\"@id\":\"https:\\\/\\\/diarioprincipios.com\\\/#\\\/schema\\\/logo\\\/image\\\/\",\"url\":\"https:\\\/\\\/diarioprincipios.com\\\/wp-content\\\/uploads\\\/2024\\\/04\\\/cropped-www.diarioprincipios.com_-1.png\",\"contentUrl\":\"https:\\\/\\\/diarioprincipios.com\\\/wp-content\\\/uploads\\\/2024\\\/04\\\/cropped-www.diarioprincipios.com_-1.png\",\"width\":5325,\"height\":1454,\"caption\":\"Principios\"},\"image\":{\"@id\":\"https:\\\/\\\/diarioprincipios.com\\\/#\\\/schema\\\/logo\\\/image\\\/\"}},{\"@type\":\"Person\",\"@id\":\"https:\\\/\\\/diarioprincipios.com\\\/#\\\/schema\\\/person\\\/436d5a1fd41a5e250e23ff5a6a7cb080\",\"name\":\"Hern\u00e1n L\u00f3pez\",\"image\":{\"@type\":\"ImageObject\",\"inLanguage\":\"es\",\"@id\":\"https:\\\/\\\/diarioprincipios.com\\\/wp-content\\\/litespeed\\\/avatar\\\/11ddfe5610ff3bd100522525b2571f48.jpg?ver=1777048341\",\"url\":\"https:\\\/\\\/diarioprincipios.com\\\/wp-content\\\/litespeed\\\/avatar\\\/11ddfe5610ff3bd100522525b2571f48.jpg?ver=1777048341\",\"contentUrl\":\"https:\\\/\\\/diarioprincipios.com\\\/wp-content\\\/litespeed\\\/avatar\\\/11ddfe5610ff3bd100522525b2571f48.jpg?ver=1777048341\",\"caption\":\"Hern\u00e1n L\u00f3pez\"},\"url\":\"https:\\\/\\\/diarioprincipios.com\\\/index.php\\\/author\\\/hernan\\\/\"}]}<\/script>\n<!-- \/ Yoast SEO plugin. -->","yoast_head_json":{"title":"Ferraresi inaugur\u00f3 la Ronda de Negocios en la Semana de la Industria de Avellaneda - Principios","robots":{"index":"index","follow":"follow","max-snippet":"max-snippet:-1","max-image-preview":"max-image-preview:large","max-video-preview":"max-video-preview:-1"},"canonical":"https:\/\/diarioprincipios.com\/index.php\/2024\/09\/04\/ferraresi-inauguro-la-ronda-de-negocios-en-la-semana-de-la-industria-de-avellaneda\/","og_locale":"es_ES","og_type":"article","og_title":"Ferraresi inaugur\u00f3 la Ronda de Negocios en la Semana de la Industria de Avellaneda - Principios","og_description":"Participaron empresarios, industriales, comerciantes locales y de la regi\u00f3n. Los encuentros y actividades contin\u00faan hasta el viernes 6 en diferentes puntos de la ciudad. El intendente de Avellaneda, Jorge Ferraresi, particip\u00f3 de la apertura de la Ronda de Negocios en el Parque Multiprop\u00f3sito La Estaci\u00f3n, en el marco de la Semana de la Industria que...","og_url":"https:\/\/diarioprincipios.com\/index.php\/2024\/09\/04\/ferraresi-inauguro-la-ronda-de-negocios-en-la-semana-de-la-industria-de-avellaneda\/","og_site_name":"Principios","article_published_time":"2024-09-04T19:21:55+00:00","article_modified_time":"2024-09-04T19:21:57+00:00","og_image":[{"width":1600,"height":1064,"url":"https:\/\/diarioprincipios.com\/wp-content\/uploads\/2024\/09\/001-1.jpg","type":"image\/jpeg"}],"author":"Hern\u00e1n L\u00f3pez","twitter_card":"summary_large_image","twitter_misc":{"Escrito por":"Hern\u00e1n L\u00f3pez","Tiempo de lectura":"2 minutos"},"schema":{"@context":"https:\/\/schema.org","@graph":[{"@type":"Article","@id":"https:\/\/diarioprincipios.com\/index.php\/2024\/09\/04\/ferraresi-inauguro-la-ronda-de-negocios-en-la-semana-de-la-industria-de-avellaneda\/#article","isPartOf":{"@id":"https:\/\/diarioprincipios.com\/index.php\/2024\/09\/04\/ferraresi-inauguro-la-ronda-de-negocios-en-la-semana-de-la-industria-de-avellaneda\/"},"author":{"name":"Hern\u00e1n L\u00f3pez","@id":"https:\/\/diarioprincipios.com\/#\/schema\/person\/436d5a1fd41a5e250e23ff5a6a7cb080"},"headline":"Ferraresi inaugur\u00f3 la Ronda de Negocios en la Semana de la Industria de Avellaneda","datePublished":"2024-09-04T19:21:55+00:00","dateModified":"2024-09-04T19:21:57+00:00","mainEntityOfPage":{"@id":"https:\/\/diarioprincipios.com\/index.php\/2024\/09\/04\/ferraresi-inauguro-la-ronda-de-negocios-en-la-semana-de-la-industria-de-avellaneda\/"},"wordCount":343,"commentCount":0,"publisher":{"@id":"https:\/\/diarioprincipios.com\/#organization"},"image":{"@id":"https:\/\/diarioprincipios.com\/index.php\/2024\/09\/04\/ferraresi-inauguro-la-ronda-de-negocios-en-la-semana-de-la-industria-de-avellaneda\/#primaryimage"},"thumbnailUrl":"https:\/\/diarioprincipios.com\/wp-content\/uploads\/2024\/09\/001-1.jpg","articleSection":["Avellaneda","Zonar Sur"],"inLanguage":"es","potentialAction":[{"@type":"CommentAction","name":"Comment","target":["https:\/\/diarioprincipios.com\/index.php\/2024\/09\/04\/ferraresi-inauguro-la-ronda-de-negocios-en-la-semana-de-la-industria-de-avellaneda\/#respond"]}]},{"@type":"WebPage","@id":"https:\/\/diarioprincipios.com\/index.php\/2024\/09\/04\/ferraresi-inauguro-la-ronda-de-negocios-en-la-semana-de-la-industria-de-avellaneda\/","url":"https:\/\/diarioprincipios.com\/index.php\/2024\/09\/04\/ferraresi-inauguro-la-ronda-de-negocios-en-la-semana-de-la-industria-de-avellaneda\/","name":"Ferraresi inaugur\u00f3 la Ronda de Negocios en la Semana de la Industria de Avellaneda - Principios","isPartOf":{"@id":"https:\/\/diarioprincipios.com\/#website"},"primaryImageOfPage":{"@id":"https:\/\/diarioprincipios.com\/index.php\/2024\/09\/04\/ferraresi-inauguro-la-ronda-de-negocios-en-la-semana-de-la-industria-de-avellaneda\/#primaryimage"},"image":{"@id":"https:\/\/diarioprincipios.com\/index.php\/2024\/09\/04\/ferraresi-inauguro-la-ronda-de-negocios-en-la-semana-de-la-industria-de-avellaneda\/#primaryimage"},"thumbnailUrl":"https:\/\/diarioprincipios.com\/wp-content\/uploads\/2024\/09\/001-1.jpg","datePublished":"2024-09-04T19:21:55+00:00","dateModified":"2024-09-04T19:21:57+00:00","breadcrumb":{"@id":"https:\/\/diarioprincipios.com\/index.php\/2024\/09\/04\/ferraresi-inauguro-la-ronda-de-negocios-en-la-semana-de-la-industria-de-avellaneda\/#breadcrumb"},"inLanguage":"es","potentialAction":[{"@type":"ReadAction","target":["https:\/\/diarioprincipios.com\/index.php\/2024\/09\/04\/ferraresi-inauguro-la-ronda-de-negocios-en-la-semana-de-la-industria-de-avellaneda\/"]}]},{"@type":"ImageObject","inLanguage":"es","@id":"https:\/\/diarioprincipios.com\/index.php\/2024\/09\/04\/ferraresi-inauguro-la-ronda-de-negocios-en-la-semana-de-la-industria-de-avellaneda\/#primaryimage","url":"https:\/\/diarioprincipios.com\/wp-content\/uploads\/2024\/09\/001-1.jpg","contentUrl":"https:\/\/diarioprincipios.com\/wp-content\/uploads\/2024\/09\/001-1.jpg","width":1600,"height":1064},{"@type":"BreadcrumbList","@id":"https:\/\/diarioprincipios.com\/index.php\/2024\/09\/04\/ferraresi-inauguro-la-ronda-de-negocios-en-la-semana-de-la-industria-de-avellaneda\/#breadcrumb","itemListElement":[{"@type":"ListItem","position":1,"name":"Portada","item":"https:\/\/diarioprincipios.com\/"},{"@type":"ListItem","position":2,"name":"Ferraresi inaugur\u00f3 la Ronda de Negocios en la Semana de la Industria de Avellaneda"}]},{"@type":"WebSite","@id":"https:\/\/diarioprincipios.com\/#website","url":"https:\/\/diarioprincipios.com\/","name":"Principios","description":"Principios Diario","publisher":{"@id":"https:\/\/diarioprincipios.com\/#organization"},"potentialAction":[{"@type":"SearchAction","target":{"@type":"EntryPoint","urlTemplate":"https:\/\/diarioprincipios.com\/?s={search_term_string}"},"query-input":{"@type":"PropertyValueSpecification","valueRequired":true,"valueName":"search_term_string"}}],"inLanguage":"es"},{"@type":"Organization","@id":"https:\/\/diarioprincipios.com\/#organization","name":"Principios","url":"https:\/\/diarioprincipios.com\/","logo":{"@type":"ImageObject","inLanguage":"es","@id":"https:\/\/diarioprincipios.com\/#\/schema\/logo\/image\/","url":"https:\/\/diarioprincipios.com\/wp-content\/uploads\/2024\/04\/cropped-www.diarioprincipios.com_-1.png","contentUrl":"https:\/\/diarioprincipios.com\/wp-content\/uploads\/2024\/04\/cropped-www.diarioprincipios.com_-1.png","width":5325,"height":1454,"caption":"Principios"},"image":{"@id":"https:\/\/diarioprincipios.com\/#\/schema\/logo\/image\/"}},{"@type":"Person","@id":"https:\/\/diarioprincipios.com\/#\/schema\/person\/436d5a1fd41a5e250e23ff5a6a7cb080","name":"Hern\u00e1n L\u00f3pez","image":{"@type":"ImageObject","inLanguage":"es","@id":"https:\/\/diarioprincipios.com\/wp-content\/litespeed\/avatar\/11ddfe5610ff3bd100522525b2571f48.jpg?ver=1777048341","url":"https:\/\/diarioprincipios.com\/wp-content\/litespeed\/avatar\/11ddfe5610ff3bd100522525b2571f48.jpg?ver=1777048341","contentUrl":"https:\/\/diarioprincipios.com\/wp-content\/litespeed\/avatar\/11ddfe5610ff3bd100522525b2571f48.jpg?ver=1777048341","caption":"Hern\u00e1n L\u00f3pez"},"url":"https:\/\/diarioprincipios.com\/index.php\/author\/hernan\/"}]}},"jetpack_featured_media_url":"https:\/\/diarioprincipios.com\/wp-content\/uploads\/2024\/09\/001-1.jpg","_links":{"self":[{"href":"https:\/\/diarioprincipios.com\/index.php\/wp-json\/wp\/v2\/posts\/22907","targetHints":{"allow":["GET"]}}],"collection":[{"href":"https:\/\/diarioprincipios.com\/index.php\/wp-json\/wp\/v2\/posts"}],"about":[{"href":"https:\/\/diarioprincipios.com\/index.php\/wp-json\/wp\/v2\/types\/post"}],"author":[{"embeddable":true,"href":"https:\/\/diarioprincipios.com\/index.php\/wp-json\/wp\/v2\/users\/2"}],"replies":[{"embeddable":true,"href":"https:\/\/diarioprincipios.com\/index.php\/wp-json\/wp\/v2\/comments?post=22907"}],"version-history":[{"count":1,"href":"https:\/\/diarioprincipios.com\/index.php\/wp-json\/wp\/v2\/posts\/22907\/revisions"}],"predecessor-version":[{"id":22910,"href":"https:\/\/diarioprincipios.com\/index.php\/wp-json\/wp\/v2\/posts\/22907\/revisions\/22910"}],"wp:featuredmedia":[{"embeddable":true,"href":"https:\/\/diarioprincipios.com\/index.php\/wp-json\/wp\/v2\/media\/22909"}],"wp:attachment":[{"href":"https:\/\/diarioprincipios.com\/index.php\/wp-json\/wp\/v2\/media?parent=22907"}],"wp:term":[{"taxonomy":"category","embeddable":true,"href":"https:\/\/diarioprincipios.com\/index.php\/wp-json\/wp\/v2\/categories?post=22907"},{"taxonomy":"post_tag","embeddable":true,"href":"https:\/\/diarioprincipios.com\/index.php\/wp-json\/wp\/v2\/tags?post=22907"}],"curies":[{"name":"wp","href":"https:\/\/api.w.org\/{rel}","templated":true}]}}