{"id":22903,"date":"2024-09-04T16:18:45","date_gmt":"2024-09-04T19:18:45","guid":{"rendered":"http:\/\/diarioprincipios.com\/?p=22903"},"modified":"2024-09-04T16:18:49","modified_gmt":"2024-09-04T19:18:49","slug":"corycor-inauguro-su-nuevo-local-de-venta-al-publico","status":"publish","type":"post","link":"https:\/\/diarioprincipios.com\/index.php\/2024\/09\/04\/corycor-inauguro-su-nuevo-local-de-venta-al-publico\/","title":{"rendered":"CoryCor inaugur\u00f3 su nuevo local de venta al p\u00fablico"},"content":{"rendered":"\n<p><strong>Se inaugur\u00f3 el nuevo local de venta al p\u00fablico de CoryCor Log\u00edstica SA, en Av. 14 y 137. Esta es una joven empresa familiar dedicada a la venta y distribuci\u00f3n de materias primas de calidad para panader\u00edas, confiter\u00edas, helader\u00edas, f\u00e1brica de pastas, pizzer\u00edas y gastron\u00f3micos. All\u00ed estuvo el intendente municipal, Juan Jos\u00e9 Mussi, acompa\u00f1ando a los propietarios de este comercio berazateguense.<\/strong><\/p>\n\n\n\n<p>Tras la inauguraci\u00f3n, Mussi asegur\u00f3: \u201cEsta empresa familiar prioriza brindar trabajo a vecinas y vecinos de Berazategui, y brinda sus servicios a cientos de comercios de nuestra Patria Chica. Sigamos impulsando la econom\u00eda y el empleo local. Les agradezco la invitaci\u00f3n y les deseo lo mejor\u201d.<\/p>\n\n\n\n<figure class=\"wp-block-image size-large\"><img loading=\"lazy\" decoding=\"async\" width=\"1024\" height=\"683\" src=\"https:\/\/diarioprincipios.com\/wp-content\/uploads\/2024\/09\/CORYCOR-INAUGURO-SU-NUEVO-LOCAL-DE-VENTA-AL-PUBLICO-4-1024x683.jpg\" alt=\"\" class=\"wp-image-22904\" srcset=\"https:\/\/diarioprincipios.com\/wp-content\/uploads\/2024\/09\/CORYCOR-INAUGURO-SU-NUEVO-LOCAL-DE-VENTA-AL-PUBLICO-4-1024x683.jpg 1024w, https:\/\/diarioprincipios.com\/wp-content\/uploads\/2024\/09\/CORYCOR-INAUGURO-SU-NUEVO-LOCAL-DE-VENTA-AL-PUBLICO-4-300x200.jpg 300w, https:\/\/diarioprincipios.com\/wp-content\/uploads\/2024\/09\/CORYCOR-INAUGURO-SU-NUEVO-LOCAL-DE-VENTA-AL-PUBLICO-4-768x512.jpg 768w, https:\/\/diarioprincipios.com\/wp-content\/uploads\/2024\/09\/CORYCOR-INAUGURO-SU-NUEVO-LOCAL-DE-VENTA-AL-PUBLICO-4-1536x1024.jpg 1536w, https:\/\/diarioprincipios.com\/wp-content\/uploads\/2024\/09\/CORYCOR-INAUGURO-SU-NUEVO-LOCAL-DE-VENTA-AL-PUBLICO-4-600x400.jpg 600w, https:\/\/diarioprincipios.com\/wp-content\/uploads\/2024\/09\/CORYCOR-INAUGURO-SU-NUEVO-LOCAL-DE-VENTA-AL-PUBLICO-4.jpg 1920w\" sizes=\"auto, (max-width: 1024px) 100vw, 1024px\" \/><\/figure>\n\n\n\n<p>En tanto, uno de los titulares de la empresa, Mariano Cortes, se\u00f1al\u00f3: \u201cEstamos muy contentos de abrir nuestro primer local comercial de venta al p\u00fablico. Los vecinos y vecinas van a tener acceso a la mercader\u00eda que compra cualquier panader\u00eda o confiter\u00eda. Le agradecemos al intendente Mussi por venir a acompa\u00f1arnos y apoyarnos con nuestro emprendimiento\u201d.<\/p>\n\n\n\n<figure class=\"wp-block-image size-large\"><img loading=\"lazy\" decoding=\"async\" width=\"1024\" height=\"683\" src=\"https:\/\/diarioprincipios.com\/wp-content\/uploads\/2024\/09\/CORYCOR-INAUGURO-SU-NUEVO-LOCAL-DE-VENTA-AL-PUBLICO-2-1024x683.jpg\" alt=\"\" class=\"wp-image-22905\" srcset=\"https:\/\/diarioprincipios.com\/wp-content\/uploads\/2024\/09\/CORYCOR-INAUGURO-SU-NUEVO-LOCAL-DE-VENTA-AL-PUBLICO-2-1024x683.jpg 1024w, https:\/\/diarioprincipios.com\/wp-content\/uploads\/2024\/09\/CORYCOR-INAUGURO-SU-NUEVO-LOCAL-DE-VENTA-AL-PUBLICO-2-300x200.jpg 300w, https:\/\/diarioprincipios.com\/wp-content\/uploads\/2024\/09\/CORYCOR-INAUGURO-SU-NUEVO-LOCAL-DE-VENTA-AL-PUBLICO-2-768x512.jpg 768w, https:\/\/diarioprincipios.com\/wp-content\/uploads\/2024\/09\/CORYCOR-INAUGURO-SU-NUEVO-LOCAL-DE-VENTA-AL-PUBLICO-2-1536x1024.jpg 1536w, https:\/\/diarioprincipios.com\/wp-content\/uploads\/2024\/09\/CORYCOR-INAUGURO-SU-NUEVO-LOCAL-DE-VENTA-AL-PUBLICO-2-600x400.jpg 600w, https:\/\/diarioprincipios.com\/wp-content\/uploads\/2024\/09\/CORYCOR-INAUGURO-SU-NUEVO-LOCAL-DE-VENTA-AL-PUBLICO-2.jpg 1920w\" sizes=\"auto, (max-width: 1024px) 100vw, 1024px\" \/><\/figure>\n\n\n\n<p>Asimismo, el secretario municipal de Trabajo, Juan Manuel Parra, indic\u00f3: \u201cNos enorgullece que haya tantos emprendimientos que conf\u00eden en este municipio para desarrollar sus actividades\u201d.<\/p>\n\n\n\n<p>CoryCor se dedica a la venta mayorista y minorista desde hace m\u00e1s de diez a\u00f1os. Cuenta con 15 empleados, de los cuales 12 residen en Berazategui y es proveedora de cerca de 200 comercios locales y de la regi\u00f3n, entre panader\u00edas, pasteler\u00edas, mayoristas, cotillones y diet\u00e9ticas.<\/p>\n","protected":false},"excerpt":{"rendered":"<p>Se inaugur\u00f3 el nuevo local de venta al p\u00fablico de CoryCor Log\u00edstica SA, en Av. 14 y 137. Esta es una joven empresa familiar dedicada a la venta y distribuci\u00f3n de materias primas de calidad para panader\u00edas, confiter\u00edas, helader\u00edas, f\u00e1brica de pastas, pizzer\u00edas y gastron\u00f3micos. All\u00ed estuvo el intendente municipal, Juan Jos\u00e9 Mussi, acompa\u00f1ando a&#8230;<\/p>\n","protected":false},"author":2,"featured_media":22905,"comment_status":"open","ping_status":"open","sticky":false,"template":"","format":"standard","meta":{"footnotes":""},"categories":[3,18],"tags":[],"class_list":["post-22903","post","type-post","status-publish","format-standard","has-post-thumbnail","hentry","category-berazategui","category-comercio-industria"],"featured_image_src":"https:\/\/diarioprincipios.com\/wp-content\/uploads\/2024\/09\/CORYCOR-INAUGURO-SU-NUEVO-LOCAL-DE-VENTA-AL-PUBLICO-2-1024x683.jpg","blog_images":{"medium":"https:\/\/diarioprincipios.com\/wp-content\/uploads\/2024\/09\/CORYCOR-INAUGURO-SU-NUEVO-LOCAL-DE-VENTA-AL-PUBLICO-2-300x200.jpg","large":"https:\/\/diarioprincipios.com\/wp-content\/uploads\/2024\/09\/CORYCOR-INAUGURO-SU-NUEVO-LOCAL-DE-VENTA-AL-PUBLICO-2-1024x683.jpg"},"ams_acf":[],"yoast_head":"<!-- This site is optimized with the Yoast SEO plugin v27.3 - https:\/\/yoast.com\/product\/yoast-seo-wordpress\/ -->\n<title>CoryCor inaugur\u00f3 su nuevo local de venta al p\u00fablico - Principios<\/title>\n<meta name=\"robots\" content=\"index, follow, max-snippet:-1, max-image-preview:large, max-video-preview:-1\" \/>\n<link rel=\"canonical\" href=\"https:\/\/diarioprincipios.com\/index.php\/2024\/09\/04\/corycor-inauguro-su-nuevo-local-de-venta-al-publico\/\" \/>\n<meta property=\"og:locale\" content=\"es_ES\" \/>\n<meta property=\"og:type\" content=\"article\" \/>\n<meta property=\"og:title\" content=\"CoryCor inaugur\u00f3 su nuevo local de venta al p\u00fablico - Principios\" \/>\n<meta property=\"og:description\" content=\"Se inaugur\u00f3 el nuevo local de venta al p\u00fablico de CoryCor Log\u00edstica SA, en Av. 14 y 137. Esta es una joven empresa familiar dedicada a la venta y distribuci\u00f3n de materias primas de calidad para panader\u00edas, confiter\u00edas, helader\u00edas, f\u00e1brica de pastas, pizzer\u00edas y gastron\u00f3micos. All\u00ed estuvo el intendente municipal, Juan Jos\u00e9 Mussi, acompa\u00f1ando a...\" \/>\n<meta property=\"og:url\" content=\"https:\/\/diarioprincipios.com\/index.php\/2024\/09\/04\/corycor-inauguro-su-nuevo-local-de-venta-al-publico\/\" \/>\n<meta property=\"og:site_name\" content=\"Principios\" \/>\n<meta property=\"article:published_time\" content=\"2024-09-04T19:18:45+00:00\" \/>\n<meta property=\"article:modified_time\" content=\"2024-09-04T19:18:49+00:00\" \/>\n<meta property=\"og:image\" content=\"https:\/\/diarioprincipios.com\/wp-content\/uploads\/2024\/09\/CORYCOR-INAUGURO-SU-NUEVO-LOCAL-DE-VENTA-AL-PUBLICO-2.jpg\" \/>\n\t<meta property=\"og:image:width\" content=\"1920\" \/>\n\t<meta property=\"og:image:height\" content=\"1280\" \/>\n\t<meta property=\"og:image:type\" content=\"image\/jpeg\" \/>\n<meta name=\"author\" content=\"Hern\u00e1n L\u00f3pez\" \/>\n<meta name=\"twitter:card\" content=\"summary_large_image\" \/>\n<meta name=\"twitter:label1\" content=\"Escrito por\" \/>\n\t<meta name=\"twitter:data1\" content=\"Hern\u00e1n L\u00f3pez\" \/>\n\t<meta name=\"twitter:label2\" content=\"Tiempo de lectura\" \/>\n\t<meta name=\"twitter:data2\" content=\"2 minutos\" \/>\n<script type=\"application\/ld+json\" class=\"yoast-schema-graph\">{\"@context\":\"https:\\\/\\\/schema.org\",\"@graph\":[{\"@type\":\"Article\",\"@id\":\"https:\\\/\\\/diarioprincipios.com\\\/index.php\\\/2024\\\/09\\\/04\\\/corycor-inauguro-su-nuevo-local-de-venta-al-publico\\\/#article\",\"isPartOf\":{\"@id\":\"https:\\\/\\\/diarioprincipios.com\\\/index.php\\\/2024\\\/09\\\/04\\\/corycor-inauguro-su-nuevo-local-de-venta-al-publico\\\/\"},\"author\":{\"name\":\"Hern\u00e1n L\u00f3pez\",\"@id\":\"https:\\\/\\\/diarioprincipios.com\\\/#\\\/schema\\\/person\\\/436d5a1fd41a5e250e23ff5a6a7cb080\"},\"headline\":\"CoryCor inaugur\u00f3 su nuevo local de venta al p\u00fablico\",\"datePublished\":\"2024-09-04T19:18:45+00:00\",\"dateModified\":\"2024-09-04T19:18:49+00:00\",\"mainEntityOfPage\":{\"@id\":\"https:\\\/\\\/diarioprincipios.com\\\/index.php\\\/2024\\\/09\\\/04\\\/corycor-inauguro-su-nuevo-local-de-venta-al-publico\\\/\"},\"wordCount\":265,\"commentCount\":0,\"publisher\":{\"@id\":\"https:\\\/\\\/diarioprincipios.com\\\/#organization\"},\"image\":{\"@id\":\"https:\\\/\\\/diarioprincipios.com\\\/index.php\\\/2024\\\/09\\\/04\\\/corycor-inauguro-su-nuevo-local-de-venta-al-publico\\\/#primaryimage\"},\"thumbnailUrl\":\"https:\\\/\\\/diarioprincipios.com\\\/wp-content\\\/uploads\\\/2024\\\/09\\\/CORYCOR-INAUGURO-SU-NUEVO-LOCAL-DE-VENTA-AL-PUBLICO-2.jpg\",\"articleSection\":[\"Berazategui\",\"Comercio e Industria\"],\"inLanguage\":\"es\",\"potentialAction\":[{\"@type\":\"CommentAction\",\"name\":\"Comment\",\"target\":[\"https:\\\/\\\/diarioprincipios.com\\\/index.php\\\/2024\\\/09\\\/04\\\/corycor-inauguro-su-nuevo-local-de-venta-al-publico\\\/#respond\"]}]},{\"@type\":\"WebPage\",\"@id\":\"https:\\\/\\\/diarioprincipios.com\\\/index.php\\\/2024\\\/09\\\/04\\\/corycor-inauguro-su-nuevo-local-de-venta-al-publico\\\/\",\"url\":\"https:\\\/\\\/diarioprincipios.com\\\/index.php\\\/2024\\\/09\\\/04\\\/corycor-inauguro-su-nuevo-local-de-venta-al-publico\\\/\",\"name\":\"CoryCor inaugur\u00f3 su nuevo local de venta al p\u00fablico - Principios\",\"isPartOf\":{\"@id\":\"https:\\\/\\\/diarioprincipios.com\\\/#website\"},\"primaryImageOfPage\":{\"@id\":\"https:\\\/\\\/diarioprincipios.com\\\/index.php\\\/2024\\\/09\\\/04\\\/corycor-inauguro-su-nuevo-local-de-venta-al-publico\\\/#primaryimage\"},\"image\":{\"@id\":\"https:\\\/\\\/diarioprincipios.com\\\/index.php\\\/2024\\\/09\\\/04\\\/corycor-inauguro-su-nuevo-local-de-venta-al-publico\\\/#primaryimage\"},\"thumbnailUrl\":\"https:\\\/\\\/diarioprincipios.com\\\/wp-content\\\/uploads\\\/2024\\\/09\\\/CORYCOR-INAUGURO-SU-NUEVO-LOCAL-DE-VENTA-AL-PUBLICO-2.jpg\",\"datePublished\":\"2024-09-04T19:18:45+00:00\",\"dateModified\":\"2024-09-04T19:18:49+00:00\",\"breadcrumb\":{\"@id\":\"https:\\\/\\\/diarioprincipios.com\\\/index.php\\\/2024\\\/09\\\/04\\\/corycor-inauguro-su-nuevo-local-de-venta-al-publico\\\/#breadcrumb\"},\"inLanguage\":\"es\",\"potentialAction\":[{\"@type\":\"ReadAction\",\"target\":[\"https:\\\/\\\/diarioprincipios.com\\\/index.php\\\/2024\\\/09\\\/04\\\/corycor-inauguro-su-nuevo-local-de-venta-al-publico\\\/\"]}]},{\"@type\":\"ImageObject\",\"inLanguage\":\"es\",\"@id\":\"https:\\\/\\\/diarioprincipios.com\\\/index.php\\\/2024\\\/09\\\/04\\\/corycor-inauguro-su-nuevo-local-de-venta-al-publico\\\/#primaryimage\",\"url\":\"https:\\\/\\\/diarioprincipios.com\\\/wp-content\\\/uploads\\\/2024\\\/09\\\/CORYCOR-INAUGURO-SU-NUEVO-LOCAL-DE-VENTA-AL-PUBLICO-2.jpg\",\"contentUrl\":\"https:\\\/\\\/diarioprincipios.com\\\/wp-content\\\/uploads\\\/2024\\\/09\\\/CORYCOR-INAUGURO-SU-NUEVO-LOCAL-DE-VENTA-AL-PUBLICO-2.jpg\",\"width\":1920,\"height\":1280},{\"@type\":\"BreadcrumbList\",\"@id\":\"https:\\\/\\\/diarioprincipios.com\\\/index.php\\\/2024\\\/09\\\/04\\\/corycor-inauguro-su-nuevo-local-de-venta-al-publico\\\/#breadcrumb\",\"itemListElement\":[{\"@type\":\"ListItem\",\"position\":1,\"name\":\"Portada\",\"item\":\"https:\\\/\\\/diarioprincipios.com\\\/\"},{\"@type\":\"ListItem\",\"position\":2,\"name\":\"CoryCor inaugur\u00f3 su nuevo local de venta al p\u00fablico\"}]},{\"@type\":\"WebSite\",\"@id\":\"https:\\\/\\\/diarioprincipios.com\\\/#website\",\"url\":\"https:\\\/\\\/diarioprincipios.com\\\/\",\"name\":\"Principios\",\"description\":\"Principios Diario\",\"publisher\":{\"@id\":\"https:\\\/\\\/diarioprincipios.com\\\/#organization\"},\"potentialAction\":[{\"@type\":\"SearchAction\",\"target\":{\"@type\":\"EntryPoint\",\"urlTemplate\":\"https:\\\/\\\/diarioprincipios.com\\\/?s={search_term_string}\"},\"query-input\":{\"@type\":\"PropertyValueSpecification\",\"valueRequired\":true,\"valueName\":\"search_term_string\"}}],\"inLanguage\":\"es\"},{\"@type\":\"Organization\",\"@id\":\"https:\\\/\\\/diarioprincipios.com\\\/#organization\",\"name\":\"Principios\",\"url\":\"https:\\\/\\\/diarioprincipios.com\\\/\",\"logo\":{\"@type\":\"ImageObject\",\"inLanguage\":\"es\",\"@id\":\"https:\\\/\\\/diarioprincipios.com\\\/#\\\/schema\\\/logo\\\/image\\\/\",\"url\":\"https:\\\/\\\/diarioprincipios.com\\\/wp-content\\\/uploads\\\/2024\\\/04\\\/cropped-www.diarioprincipios.com_-1.png\",\"contentUrl\":\"https:\\\/\\\/diarioprincipios.com\\\/wp-content\\\/uploads\\\/2024\\\/04\\\/cropped-www.diarioprincipios.com_-1.png\",\"width\":5325,\"height\":1454,\"caption\":\"Principios\"},\"image\":{\"@id\":\"https:\\\/\\\/diarioprincipios.com\\\/#\\\/schema\\\/logo\\\/image\\\/\"}},{\"@type\":\"Person\",\"@id\":\"https:\\\/\\\/diarioprincipios.com\\\/#\\\/schema\\\/person\\\/436d5a1fd41a5e250e23ff5a6a7cb080\",\"name\":\"Hern\u00e1n L\u00f3pez\",\"image\":{\"@type\":\"ImageObject\",\"inLanguage\":\"es\",\"@id\":\"https:\\\/\\\/diarioprincipios.com\\\/wp-content\\\/litespeed\\\/avatar\\\/11ddfe5610ff3bd100522525b2571f48.jpg?ver=1777048341\",\"url\":\"https:\\\/\\\/diarioprincipios.com\\\/wp-content\\\/litespeed\\\/avatar\\\/11ddfe5610ff3bd100522525b2571f48.jpg?ver=1777048341\",\"contentUrl\":\"https:\\\/\\\/diarioprincipios.com\\\/wp-content\\\/litespeed\\\/avatar\\\/11ddfe5610ff3bd100522525b2571f48.jpg?ver=1777048341\",\"caption\":\"Hern\u00e1n L\u00f3pez\"},\"url\":\"https:\\\/\\\/diarioprincipios.com\\\/index.php\\\/author\\\/hernan\\\/\"}]}<\/script>\n<!-- \/ Yoast SEO plugin. -->","yoast_head_json":{"title":"CoryCor inaugur\u00f3 su nuevo local de venta al p\u00fablico - Principios","robots":{"index":"index","follow":"follow","max-snippet":"max-snippet:-1","max-image-preview":"max-image-preview:large","max-video-preview":"max-video-preview:-1"},"canonical":"https:\/\/diarioprincipios.com\/index.php\/2024\/09\/04\/corycor-inauguro-su-nuevo-local-de-venta-al-publico\/","og_locale":"es_ES","og_type":"article","og_title":"CoryCor inaugur\u00f3 su nuevo local de venta al p\u00fablico - Principios","og_description":"Se inaugur\u00f3 el nuevo local de venta al p\u00fablico de CoryCor Log\u00edstica SA, en Av. 14 y 137. Esta es una joven empresa familiar dedicada a la venta y distribuci\u00f3n de materias primas de calidad para panader\u00edas, confiter\u00edas, helader\u00edas, f\u00e1brica de pastas, pizzer\u00edas y gastron\u00f3micos. All\u00ed estuvo el intendente municipal, Juan Jos\u00e9 Mussi, acompa\u00f1ando a...","og_url":"https:\/\/diarioprincipios.com\/index.php\/2024\/09\/04\/corycor-inauguro-su-nuevo-local-de-venta-al-publico\/","og_site_name":"Principios","article_published_time":"2024-09-04T19:18:45+00:00","article_modified_time":"2024-09-04T19:18:49+00:00","og_image":[{"width":1920,"height":1280,"url":"https:\/\/diarioprincipios.com\/wp-content\/uploads\/2024\/09\/CORYCOR-INAUGURO-SU-NUEVO-LOCAL-DE-VENTA-AL-PUBLICO-2.jpg","type":"image\/jpeg"}],"author":"Hern\u00e1n L\u00f3pez","twitter_card":"summary_large_image","twitter_misc":{"Escrito por":"Hern\u00e1n L\u00f3pez","Tiempo de lectura":"2 minutos"},"schema":{"@context":"https:\/\/schema.org","@graph":[{"@type":"Article","@id":"https:\/\/diarioprincipios.com\/index.php\/2024\/09\/04\/corycor-inauguro-su-nuevo-local-de-venta-al-publico\/#article","isPartOf":{"@id":"https:\/\/diarioprincipios.com\/index.php\/2024\/09\/04\/corycor-inauguro-su-nuevo-local-de-venta-al-publico\/"},"author":{"name":"Hern\u00e1n L\u00f3pez","@id":"https:\/\/diarioprincipios.com\/#\/schema\/person\/436d5a1fd41a5e250e23ff5a6a7cb080"},"headline":"CoryCor inaugur\u00f3 su nuevo local de venta al p\u00fablico","datePublished":"2024-09-04T19:18:45+00:00","dateModified":"2024-09-04T19:18:49+00:00","mainEntityOfPage":{"@id":"https:\/\/diarioprincipios.com\/index.php\/2024\/09\/04\/corycor-inauguro-su-nuevo-local-de-venta-al-publico\/"},"wordCount":265,"commentCount":0,"publisher":{"@id":"https:\/\/diarioprincipios.com\/#organization"},"image":{"@id":"https:\/\/diarioprincipios.com\/index.php\/2024\/09\/04\/corycor-inauguro-su-nuevo-local-de-venta-al-publico\/#primaryimage"},"thumbnailUrl":"https:\/\/diarioprincipios.com\/wp-content\/uploads\/2024\/09\/CORYCOR-INAUGURO-SU-NUEVO-LOCAL-DE-VENTA-AL-PUBLICO-2.jpg","articleSection":["Berazategui","Comercio e Industria"],"inLanguage":"es","potentialAction":[{"@type":"CommentAction","name":"Comment","target":["https:\/\/diarioprincipios.com\/index.php\/2024\/09\/04\/corycor-inauguro-su-nuevo-local-de-venta-al-publico\/#respond"]}]},{"@type":"WebPage","@id":"https:\/\/diarioprincipios.com\/index.php\/2024\/09\/04\/corycor-inauguro-su-nuevo-local-de-venta-al-publico\/","url":"https:\/\/diarioprincipios.com\/index.php\/2024\/09\/04\/corycor-inauguro-su-nuevo-local-de-venta-al-publico\/","name":"CoryCor inaugur\u00f3 su nuevo local de venta al p\u00fablico - Principios","isPartOf":{"@id":"https:\/\/diarioprincipios.com\/#website"},"primaryImageOfPage":{"@id":"https:\/\/diarioprincipios.com\/index.php\/2024\/09\/04\/corycor-inauguro-su-nuevo-local-de-venta-al-publico\/#primaryimage"},"image":{"@id":"https:\/\/diarioprincipios.com\/index.php\/2024\/09\/04\/corycor-inauguro-su-nuevo-local-de-venta-al-publico\/#primaryimage"},"thumbnailUrl":"https:\/\/diarioprincipios.com\/wp-content\/uploads\/2024\/09\/CORYCOR-INAUGURO-SU-NUEVO-LOCAL-DE-VENTA-AL-PUBLICO-2.jpg","datePublished":"2024-09-04T19:18:45+00:00","dateModified":"2024-09-04T19:18:49+00:00","breadcrumb":{"@id":"https:\/\/diarioprincipios.com\/index.php\/2024\/09\/04\/corycor-inauguro-su-nuevo-local-de-venta-al-publico\/#breadcrumb"},"inLanguage":"es","potentialAction":[{"@type":"ReadAction","target":["https:\/\/diarioprincipios.com\/index.php\/2024\/09\/04\/corycor-inauguro-su-nuevo-local-de-venta-al-publico\/"]}]},{"@type":"ImageObject","inLanguage":"es","@id":"https:\/\/diarioprincipios.com\/index.php\/2024\/09\/04\/corycor-inauguro-su-nuevo-local-de-venta-al-publico\/#primaryimage","url":"https:\/\/diarioprincipios.com\/wp-content\/uploads\/2024\/09\/CORYCOR-INAUGURO-SU-NUEVO-LOCAL-DE-VENTA-AL-PUBLICO-2.jpg","contentUrl":"https:\/\/diarioprincipios.com\/wp-content\/uploads\/2024\/09\/CORYCOR-INAUGURO-SU-NUEVO-LOCAL-DE-VENTA-AL-PUBLICO-2.jpg","width":1920,"height":1280},{"@type":"BreadcrumbList","@id":"https:\/\/diarioprincipios.com\/index.php\/2024\/09\/04\/corycor-inauguro-su-nuevo-local-de-venta-al-publico\/#breadcrumb","itemListElement":[{"@type":"ListItem","position":1,"name":"Portada","item":"https:\/\/diarioprincipios.com\/"},{"@type":"ListItem","position":2,"name":"CoryCor inaugur\u00f3 su nuevo local de venta al p\u00fablico"}]},{"@type":"WebSite","@id":"https:\/\/diarioprincipios.com\/#website","url":"https:\/\/diarioprincipios.com\/","name":"Principios","description":"Principios Diario","publisher":{"@id":"https:\/\/diarioprincipios.com\/#organization"},"potentialAction":[{"@type":"SearchAction","target":{"@type":"EntryPoint","urlTemplate":"https:\/\/diarioprincipios.com\/?s={search_term_string}"},"query-input":{"@type":"PropertyValueSpecification","valueRequired":true,"valueName":"search_term_string"}}],"inLanguage":"es"},{"@type":"Organization","@id":"https:\/\/diarioprincipios.com\/#organization","name":"Principios","url":"https:\/\/diarioprincipios.com\/","logo":{"@type":"ImageObject","inLanguage":"es","@id":"https:\/\/diarioprincipios.com\/#\/schema\/logo\/image\/","url":"https:\/\/diarioprincipios.com\/wp-content\/uploads\/2024\/04\/cropped-www.diarioprincipios.com_-1.png","contentUrl":"https:\/\/diarioprincipios.com\/wp-content\/uploads\/2024\/04\/cropped-www.diarioprincipios.com_-1.png","width":5325,"height":1454,"caption":"Principios"},"image":{"@id":"https:\/\/diarioprincipios.com\/#\/schema\/logo\/image\/"}},{"@type":"Person","@id":"https:\/\/diarioprincipios.com\/#\/schema\/person\/436d5a1fd41a5e250e23ff5a6a7cb080","name":"Hern\u00e1n L\u00f3pez","image":{"@type":"ImageObject","inLanguage":"es","@id":"https:\/\/diarioprincipios.com\/wp-content\/litespeed\/avatar\/11ddfe5610ff3bd100522525b2571f48.jpg?ver=1777048341","url":"https:\/\/diarioprincipios.com\/wp-content\/litespeed\/avatar\/11ddfe5610ff3bd100522525b2571f48.jpg?ver=1777048341","contentUrl":"https:\/\/diarioprincipios.com\/wp-content\/litespeed\/avatar\/11ddfe5610ff3bd100522525b2571f48.jpg?ver=1777048341","caption":"Hern\u00e1n L\u00f3pez"},"url":"https:\/\/diarioprincipios.com\/index.php\/author\/hernan\/"}]}},"jetpack_featured_media_url":"https:\/\/diarioprincipios.com\/wp-content\/uploads\/2024\/09\/CORYCOR-INAUGURO-SU-NUEVO-LOCAL-DE-VENTA-AL-PUBLICO-2.jpg","_links":{"self":[{"href":"https:\/\/diarioprincipios.com\/index.php\/wp-json\/wp\/v2\/posts\/22903","targetHints":{"allow":["GET"]}}],"collection":[{"href":"https:\/\/diarioprincipios.com\/index.php\/wp-json\/wp\/v2\/posts"}],"about":[{"href":"https:\/\/diarioprincipios.com\/index.php\/wp-json\/wp\/v2\/types\/post"}],"author":[{"embeddable":true,"href":"https:\/\/diarioprincipios.com\/index.php\/wp-json\/wp\/v2\/users\/2"}],"replies":[{"embeddable":true,"href":"https:\/\/diarioprincipios.com\/index.php\/wp-json\/wp\/v2\/comments?post=22903"}],"version-history":[{"count":1,"href":"https:\/\/diarioprincipios.com\/index.php\/wp-json\/wp\/v2\/posts\/22903\/revisions"}],"predecessor-version":[{"id":22906,"href":"https:\/\/diarioprincipios.com\/index.php\/wp-json\/wp\/v2\/posts\/22903\/revisions\/22906"}],"wp:featuredmedia":[{"embeddable":true,"href":"https:\/\/diarioprincipios.com\/index.php\/wp-json\/wp\/v2\/media\/22905"}],"wp:attachment":[{"href":"https:\/\/diarioprincipios.com\/index.php\/wp-json\/wp\/v2\/media?parent=22903"}],"wp:term":[{"taxonomy":"category","embeddable":true,"href":"https:\/\/diarioprincipios.com\/index.php\/wp-json\/wp\/v2\/categories?post=22903"},{"taxonomy":"post_tag","embeddable":true,"href":"https:\/\/diarioprincipios.com\/index.php\/wp-json\/wp\/v2\/tags?post=22903"}],"curies":[{"name":"wp","href":"https:\/\/api.w.org\/{rel}","templated":true}]}}