{"id":22845,"date":"2024-08-29T21:05:10","date_gmt":"2024-08-30T00:05:10","guid":{"rendered":"http:\/\/diarioprincipios.com\/?p=22845"},"modified":"2024-08-29T21:05:12","modified_gmt":"2024-08-30T00:05:12","slug":"larroque-y-ferraresi-participaron-de-la-celebracion-por-el-19o-aniversario-del-programa-envion","status":"publish","type":"post","link":"https:\/\/diarioprincipios.com\/index.php\/2024\/08\/29\/larroque-y-ferraresi-participaron-de-la-celebracion-por-el-19o-aniversario-del-programa-envion\/","title":{"rendered":"Larroque y Ferraresi participaron de la celebraci\u00f3n por el 19\u00ba aniversario del programa Envi\u00f3n"},"content":{"rendered":"\n<p>Durante el acto, anticiparon la construcci\u00f3n de tres nuevas sedes en Inflamable, Pi\u00f1eiro y Azul. Tambi\u00e9n anunciaron la creaci\u00f3n de los \u201cAlmacenes de la Comunidad\u201d, con una inversi\u00f3n de $15 millones.<\/p>\n\n\n\n<p>El intendente Jorge Ferraresi, acompa\u00f1ado por la jefa de Gabinete, Magdalena Sierra, recibi\u00f3 al ministro de Desarrollo de la Comunidad de la provincia de Buenos Aires, Andr\u00e9s \u201cCuervo\u201d Larroque, con motivo de celebrar los 19 a\u00f1os del \u201cEnvi\u00f3n\u201d, el programa surgido en Avellaneda que busca promover, profundizar y fortalecer la integraci\u00f3n social plena de los j\u00f3venes entre 12 y 21 a\u00f1os.<\/p>\n\n\n\n<figure class=\"wp-block-image size-full\"><img loading=\"lazy\" decoding=\"async\" width=\"960\" height=\"638\" src=\"https:\/\/diarioprincipios.com\/wp-content\/uploads\/2024\/08\/457300816_1058482805637787_7987818590500759315_n.jpg\" alt=\"\" class=\"wp-image-22846\" srcset=\"https:\/\/diarioprincipios.com\/wp-content\/uploads\/2024\/08\/457300816_1058482805637787_7987818590500759315_n.jpg 960w, https:\/\/diarioprincipios.com\/wp-content\/uploads\/2024\/08\/457300816_1058482805637787_7987818590500759315_n-300x200.jpg 300w, https:\/\/diarioprincipios.com\/wp-content\/uploads\/2024\/08\/457300816_1058482805637787_7987818590500759315_n-768x510.jpg 768w, https:\/\/diarioprincipios.com\/wp-content\/uploads\/2024\/08\/457300816_1058482805637787_7987818590500759315_n-820x545.jpg 820w, https:\/\/diarioprincipios.com\/wp-content\/uploads\/2024\/08\/457300816_1058482805637787_7987818590500759315_n-600x400.jpg 600w\" sizes=\"auto, (max-width: 960px) 100vw, 960px\" \/><\/figure>\n\n\n\n<p>Por este motivo, en el Parque La Estaci\u00f3n se llev\u00f3 a cabo la muestra de talleres de las 12 sedes del Envi\u00f3n.<\/p>\n\n\n\n<p>En el comienzo de la ceremonia se entreg\u00f3 un reconocimiento a Baldomero \u201cCacho\u201d \u00c1lvarez como creador del programa, quien sostuvo: \u201cEs una gran satisfacci\u00f3n ver que el programa sigue vigente\u201d.<\/p>\n\n\n\n<p>Por su parte, Ferraresi dijo: \u201cNecesitamos seguir teniendo estas herramientas\u201d, al tiempo que valor\u00f3 la gesti\u00f3n del Ministro porque \u201cpone los recursos para que el programa funcione\u201d. \u201cEl \u2018Cuervo\u2019 tiene la mirada de comprometerse y trabajar en cada territorio para tener la Argentina que nos merecemos\u201d, sum\u00f3 el Intendente de Avellaneda.<\/p>\n\n\n\n<p>Sobre el Gobernador bonaerense, Ferraresi expres\u00f3: \u201cAxel Kicillof sigue pensando y teniendo una mirada para generar oportunidades e inclusi\u00f3n\u201d.<\/p>\n\n\n\n<p>Luego, las autoridades firmaron un convenio para abrir tres sedes nuevas: Inflamable, Pi\u00f1eiro y Azul. Tambi\u00e9n, a partir de una inversi\u00f3n de 15 millones de pesos, se rubric\u00f3 otro convenio para la creaci\u00f3n de \u201cAlmacenes de la Comunidad\u201d.<\/p>\n\n\n\n<p>En ese marco, Jorge Ferraresi destac\u00f3 el trabajo de Magdalena Sierra y el Observatorio Social de Pol\u00edticas P\u00fablicas para concretar estos proyectos.<\/p>\n\n\n\n<figure class=\"wp-block-image size-full\"><img loading=\"lazy\" decoding=\"async\" width=\"960\" height=\"638\" src=\"https:\/\/diarioprincipios.com\/wp-content\/uploads\/2024\/08\/457303430_1058482188971182_5979722334639893667_n.jpg\" alt=\"\" class=\"wp-image-22847\" srcset=\"https:\/\/diarioprincipios.com\/wp-content\/uploads\/2024\/08\/457303430_1058482188971182_5979722334639893667_n.jpg 960w, https:\/\/diarioprincipios.com\/wp-content\/uploads\/2024\/08\/457303430_1058482188971182_5979722334639893667_n-300x200.jpg 300w, https:\/\/diarioprincipios.com\/wp-content\/uploads\/2024\/08\/457303430_1058482188971182_5979722334639893667_n-768x510.jpg 768w, https:\/\/diarioprincipios.com\/wp-content\/uploads\/2024\/08\/457303430_1058482188971182_5979722334639893667_n-820x545.jpg 820w, https:\/\/diarioprincipios.com\/wp-content\/uploads\/2024\/08\/457303430_1058482188971182_5979722334639893667_n-600x400.jpg 600w\" sizes=\"auto, (max-width: 960px) 100vw, 960px\" \/><\/figure>\n\n\n\n<p>Seguidamente, el ministro Larroque afirm\u00f3 que \u201cel Estado provincial es un escudo que defiende a sus 17 millones de habitantes\u201d, y detall\u00f3: \u201cPasamos de 35 a 65 mil becas Envi\u00f3n. Hoy hay 550 espacios y aumentamos un 3500% la ayuda econ\u00f3mica\u201d.<\/p>\n\n\n\n<p>Sobre Ferraresi resalt\u00f3: \u201cEstamos junto al mejor intendente de la Provincia\u201d. \u201cCuando los dirigentes est\u00e1n cerca, escuchan y traducen en soluciones para la gente, la comunidad lo reconoce. Ese camino es el de Jorge Ferraresi y Magdalena Sierra\u201d.<\/p>\n\n\n\n<p>Para el cierre, se proyect\u00f3 un documental por los 19 a\u00f1os de Envi\u00f3n y los funcionarios recorrieron los stands.<\/p>\n\n\n\n<p>De la actividad participaron la directora de Envi\u00f3n Avellaneda, Brenda Conti; la directora de Juventud de PBA, Ayel\u00e9n L\u00f3pez, y la directora de Envi\u00f3n PBA, Carolina Schmukler.<\/p>\n\n\n\n<p><\/p>\n","protected":false},"excerpt":{"rendered":"<p>Durante el acto, anticiparon la construcci\u00f3n de tres nuevas sedes en Inflamable, Pi\u00f1eiro y Azul. Tambi\u00e9n anunciaron la creaci\u00f3n de los \u201cAlmacenes de la Comunidad\u201d, con una inversi\u00f3n de $15 millones. El intendente Jorge Ferraresi, acompa\u00f1ado por la jefa de Gabinete, Magdalena Sierra, recibi\u00f3 al ministro de Desarrollo de la Comunidad de la provincia de&#8230;<\/p>\n","protected":false},"author":2,"featured_media":22848,"comment_status":"open","ping_status":"open","sticky":false,"template":"","format":"standard","meta":{"footnotes":""},"categories":[5],"tags":[],"class_list":["post-22845","post","type-post","status-publish","format-standard","has-post-thumbnail","hentry","category-avellaneda"],"featured_image_src":"https:\/\/diarioprincipios.com\/wp-content\/uploads\/2024\/08\/457449577_1058482442304490_8013488113284158156_n.jpg","blog_images":{"medium":"https:\/\/diarioprincipios.com\/wp-content\/uploads\/2024\/08\/457449577_1058482442304490_8013488113284158156_n-300x200.jpg","large":"https:\/\/diarioprincipios.com\/wp-content\/uploads\/2024\/08\/457449577_1058482442304490_8013488113284158156_n.jpg"},"ams_acf":[],"yoast_head":"<!-- This site is optimized with the Yoast SEO plugin v27.3 - https:\/\/yoast.com\/product\/yoast-seo-wordpress\/ -->\n<title>Larroque y Ferraresi participaron de la celebraci\u00f3n por el 19\u00ba aniversario del programa Envi\u00f3n - Principios<\/title>\n<meta name=\"robots\" content=\"index, follow, max-snippet:-1, max-image-preview:large, max-video-preview:-1\" \/>\n<link rel=\"canonical\" href=\"https:\/\/diarioprincipios.com\/index.php\/2024\/08\/29\/larroque-y-ferraresi-participaron-de-la-celebracion-por-el-19o-aniversario-del-programa-envion\/\" \/>\n<meta property=\"og:locale\" content=\"es_ES\" \/>\n<meta property=\"og:type\" content=\"article\" \/>\n<meta property=\"og:title\" content=\"Larroque y Ferraresi participaron de la celebraci\u00f3n por el 19\u00ba aniversario del programa Envi\u00f3n - Principios\" \/>\n<meta property=\"og:description\" content=\"Durante el acto, anticiparon la construcci\u00f3n de tres nuevas sedes en Inflamable, Pi\u00f1eiro y Azul. Tambi\u00e9n anunciaron la creaci\u00f3n de los \u201cAlmacenes de la Comunidad\u201d, con una inversi\u00f3n de $15 millones. El intendente Jorge Ferraresi, acompa\u00f1ado por la jefa de Gabinete, Magdalena Sierra, recibi\u00f3 al ministro de Desarrollo de la Comunidad de la provincia de...\" \/>\n<meta property=\"og:url\" content=\"https:\/\/diarioprincipios.com\/index.php\/2024\/08\/29\/larroque-y-ferraresi-participaron-de-la-celebracion-por-el-19o-aniversario-del-programa-envion\/\" \/>\n<meta property=\"og:site_name\" content=\"Principios\" \/>\n<meta property=\"article:published_time\" content=\"2024-08-30T00:05:10+00:00\" \/>\n<meta property=\"article:modified_time\" content=\"2024-08-30T00:05:12+00:00\" \/>\n<meta property=\"og:image\" content=\"https:\/\/diarioprincipios.com\/wp-content\/uploads\/2024\/08\/457449577_1058482442304490_8013488113284158156_n.jpg\" \/>\n\t<meta property=\"og:image:width\" content=\"960\" \/>\n\t<meta property=\"og:image:height\" content=\"639\" \/>\n\t<meta property=\"og:image:type\" content=\"image\/jpeg\" \/>\n<meta name=\"author\" content=\"Hern\u00e1n L\u00f3pez\" \/>\n<meta name=\"twitter:card\" content=\"summary_large_image\" \/>\n<meta name=\"twitter:label1\" content=\"Escrito por\" \/>\n\t<meta name=\"twitter:data1\" content=\"Hern\u00e1n L\u00f3pez\" \/>\n\t<meta name=\"twitter:label2\" content=\"Tiempo de lectura\" \/>\n\t<meta name=\"twitter:data2\" content=\"3 minutos\" \/>\n<script type=\"application\/ld+json\" class=\"yoast-schema-graph\">{\"@context\":\"https:\\\/\\\/schema.org\",\"@graph\":[{\"@type\":\"Article\",\"@id\":\"https:\\\/\\\/diarioprincipios.com\\\/index.php\\\/2024\\\/08\\\/29\\\/larroque-y-ferraresi-participaron-de-la-celebracion-por-el-19o-aniversario-del-programa-envion\\\/#article\",\"isPartOf\":{\"@id\":\"https:\\\/\\\/diarioprincipios.com\\\/index.php\\\/2024\\\/08\\\/29\\\/larroque-y-ferraresi-participaron-de-la-celebracion-por-el-19o-aniversario-del-programa-envion\\\/\"},\"author\":{\"name\":\"Hern\u00e1n L\u00f3pez\",\"@id\":\"https:\\\/\\\/diarioprincipios.com\\\/#\\\/schema\\\/person\\\/436d5a1fd41a5e250e23ff5a6a7cb080\"},\"headline\":\"Larroque y Ferraresi participaron de la celebraci\u00f3n por el 19\u00ba aniversario del programa Envi\u00f3n\",\"datePublished\":\"2024-08-30T00:05:10+00:00\",\"dateModified\":\"2024-08-30T00:05:12+00:00\",\"mainEntityOfPage\":{\"@id\":\"https:\\\/\\\/diarioprincipios.com\\\/index.php\\\/2024\\\/08\\\/29\\\/larroque-y-ferraresi-participaron-de-la-celebracion-por-el-19o-aniversario-del-programa-envion\\\/\"},\"wordCount\":434,\"commentCount\":0,\"publisher\":{\"@id\":\"https:\\\/\\\/diarioprincipios.com\\\/#organization\"},\"image\":{\"@id\":\"https:\\\/\\\/diarioprincipios.com\\\/index.php\\\/2024\\\/08\\\/29\\\/larroque-y-ferraresi-participaron-de-la-celebracion-por-el-19o-aniversario-del-programa-envion\\\/#primaryimage\"},\"thumbnailUrl\":\"https:\\\/\\\/diarioprincipios.com\\\/wp-content\\\/uploads\\\/2024\\\/08\\\/457449577_1058482442304490_8013488113284158156_n.jpg\",\"articleSection\":[\"Avellaneda\"],\"inLanguage\":\"es\",\"potentialAction\":[{\"@type\":\"CommentAction\",\"name\":\"Comment\",\"target\":[\"https:\\\/\\\/diarioprincipios.com\\\/index.php\\\/2024\\\/08\\\/29\\\/larroque-y-ferraresi-participaron-de-la-celebracion-por-el-19o-aniversario-del-programa-envion\\\/#respond\"]}]},{\"@type\":\"WebPage\",\"@id\":\"https:\\\/\\\/diarioprincipios.com\\\/index.php\\\/2024\\\/08\\\/29\\\/larroque-y-ferraresi-participaron-de-la-celebracion-por-el-19o-aniversario-del-programa-envion\\\/\",\"url\":\"https:\\\/\\\/diarioprincipios.com\\\/index.php\\\/2024\\\/08\\\/29\\\/larroque-y-ferraresi-participaron-de-la-celebracion-por-el-19o-aniversario-del-programa-envion\\\/\",\"name\":\"Larroque y Ferraresi participaron de la celebraci\u00f3n por el 19\u00ba aniversario del programa Envi\u00f3n - Principios\",\"isPartOf\":{\"@id\":\"https:\\\/\\\/diarioprincipios.com\\\/#website\"},\"primaryImageOfPage\":{\"@id\":\"https:\\\/\\\/diarioprincipios.com\\\/index.php\\\/2024\\\/08\\\/29\\\/larroque-y-ferraresi-participaron-de-la-celebracion-por-el-19o-aniversario-del-programa-envion\\\/#primaryimage\"},\"image\":{\"@id\":\"https:\\\/\\\/diarioprincipios.com\\\/index.php\\\/2024\\\/08\\\/29\\\/larroque-y-ferraresi-participaron-de-la-celebracion-por-el-19o-aniversario-del-programa-envion\\\/#primaryimage\"},\"thumbnailUrl\":\"https:\\\/\\\/diarioprincipios.com\\\/wp-content\\\/uploads\\\/2024\\\/08\\\/457449577_1058482442304490_8013488113284158156_n.jpg\",\"datePublished\":\"2024-08-30T00:05:10+00:00\",\"dateModified\":\"2024-08-30T00:05:12+00:00\",\"breadcrumb\":{\"@id\":\"https:\\\/\\\/diarioprincipios.com\\\/index.php\\\/2024\\\/08\\\/29\\\/larroque-y-ferraresi-participaron-de-la-celebracion-por-el-19o-aniversario-del-programa-envion\\\/#breadcrumb\"},\"inLanguage\":\"es\",\"potentialAction\":[{\"@type\":\"ReadAction\",\"target\":[\"https:\\\/\\\/diarioprincipios.com\\\/index.php\\\/2024\\\/08\\\/29\\\/larroque-y-ferraresi-participaron-de-la-celebracion-por-el-19o-aniversario-del-programa-envion\\\/\"]}]},{\"@type\":\"ImageObject\",\"inLanguage\":\"es\",\"@id\":\"https:\\\/\\\/diarioprincipios.com\\\/index.php\\\/2024\\\/08\\\/29\\\/larroque-y-ferraresi-participaron-de-la-celebracion-por-el-19o-aniversario-del-programa-envion\\\/#primaryimage\",\"url\":\"https:\\\/\\\/diarioprincipios.com\\\/wp-content\\\/uploads\\\/2024\\\/08\\\/457449577_1058482442304490_8013488113284158156_n.jpg\",\"contentUrl\":\"https:\\\/\\\/diarioprincipios.com\\\/wp-content\\\/uploads\\\/2024\\\/08\\\/457449577_1058482442304490_8013488113284158156_n.jpg\",\"width\":960,\"height\":639},{\"@type\":\"BreadcrumbList\",\"@id\":\"https:\\\/\\\/diarioprincipios.com\\\/index.php\\\/2024\\\/08\\\/29\\\/larroque-y-ferraresi-participaron-de-la-celebracion-por-el-19o-aniversario-del-programa-envion\\\/#breadcrumb\",\"itemListElement\":[{\"@type\":\"ListItem\",\"position\":1,\"name\":\"Portada\",\"item\":\"https:\\\/\\\/diarioprincipios.com\\\/\"},{\"@type\":\"ListItem\",\"position\":2,\"name\":\"Larroque y Ferraresi participaron de la celebraci\u00f3n por el 19\u00ba aniversario del programa Envi\u00f3n\"}]},{\"@type\":\"WebSite\",\"@id\":\"https:\\\/\\\/diarioprincipios.com\\\/#website\",\"url\":\"https:\\\/\\\/diarioprincipios.com\\\/\",\"name\":\"Principios\",\"description\":\"Principios Diario\",\"publisher\":{\"@id\":\"https:\\\/\\\/diarioprincipios.com\\\/#organization\"},\"potentialAction\":[{\"@type\":\"SearchAction\",\"target\":{\"@type\":\"EntryPoint\",\"urlTemplate\":\"https:\\\/\\\/diarioprincipios.com\\\/?s={search_term_string}\"},\"query-input\":{\"@type\":\"PropertyValueSpecification\",\"valueRequired\":true,\"valueName\":\"search_term_string\"}}],\"inLanguage\":\"es\"},{\"@type\":\"Organization\",\"@id\":\"https:\\\/\\\/diarioprincipios.com\\\/#organization\",\"name\":\"Principios\",\"url\":\"https:\\\/\\\/diarioprincipios.com\\\/\",\"logo\":{\"@type\":\"ImageObject\",\"inLanguage\":\"es\",\"@id\":\"https:\\\/\\\/diarioprincipios.com\\\/#\\\/schema\\\/logo\\\/image\\\/\",\"url\":\"https:\\\/\\\/diarioprincipios.com\\\/wp-content\\\/uploads\\\/2024\\\/04\\\/cropped-www.diarioprincipios.com_-1.png\",\"contentUrl\":\"https:\\\/\\\/diarioprincipios.com\\\/wp-content\\\/uploads\\\/2024\\\/04\\\/cropped-www.diarioprincipios.com_-1.png\",\"width\":5325,\"height\":1454,\"caption\":\"Principios\"},\"image\":{\"@id\":\"https:\\\/\\\/diarioprincipios.com\\\/#\\\/schema\\\/logo\\\/image\\\/\"}},{\"@type\":\"Person\",\"@id\":\"https:\\\/\\\/diarioprincipios.com\\\/#\\\/schema\\\/person\\\/436d5a1fd41a5e250e23ff5a6a7cb080\",\"name\":\"Hern\u00e1n L\u00f3pez\",\"image\":{\"@type\":\"ImageObject\",\"inLanguage\":\"es\",\"@id\":\"https:\\\/\\\/diarioprincipios.com\\\/wp-content\\\/litespeed\\\/avatar\\\/11ddfe5610ff3bd100522525b2571f48.jpg?ver=1777048341\",\"url\":\"https:\\\/\\\/diarioprincipios.com\\\/wp-content\\\/litespeed\\\/avatar\\\/11ddfe5610ff3bd100522525b2571f48.jpg?ver=1777048341\",\"contentUrl\":\"https:\\\/\\\/diarioprincipios.com\\\/wp-content\\\/litespeed\\\/avatar\\\/11ddfe5610ff3bd100522525b2571f48.jpg?ver=1777048341\",\"caption\":\"Hern\u00e1n L\u00f3pez\"},\"url\":\"https:\\\/\\\/diarioprincipios.com\\\/index.php\\\/author\\\/hernan\\\/\"}]}<\/script>\n<!-- \/ Yoast SEO plugin. -->","yoast_head_json":{"title":"Larroque y Ferraresi participaron de la celebraci\u00f3n por el 19\u00ba aniversario del programa Envi\u00f3n - Principios","robots":{"index":"index","follow":"follow","max-snippet":"max-snippet:-1","max-image-preview":"max-image-preview:large","max-video-preview":"max-video-preview:-1"},"canonical":"https:\/\/diarioprincipios.com\/index.php\/2024\/08\/29\/larroque-y-ferraresi-participaron-de-la-celebracion-por-el-19o-aniversario-del-programa-envion\/","og_locale":"es_ES","og_type":"article","og_title":"Larroque y Ferraresi participaron de la celebraci\u00f3n por el 19\u00ba aniversario del programa Envi\u00f3n - Principios","og_description":"Durante el acto, anticiparon la construcci\u00f3n de tres nuevas sedes en Inflamable, Pi\u00f1eiro y Azul. Tambi\u00e9n anunciaron la creaci\u00f3n de los \u201cAlmacenes de la Comunidad\u201d, con una inversi\u00f3n de $15 millones. El intendente Jorge Ferraresi, acompa\u00f1ado por la jefa de Gabinete, Magdalena Sierra, recibi\u00f3 al ministro de Desarrollo de la Comunidad de la provincia de...","og_url":"https:\/\/diarioprincipios.com\/index.php\/2024\/08\/29\/larroque-y-ferraresi-participaron-de-la-celebracion-por-el-19o-aniversario-del-programa-envion\/","og_site_name":"Principios","article_published_time":"2024-08-30T00:05:10+00:00","article_modified_time":"2024-08-30T00:05:12+00:00","og_image":[{"width":960,"height":639,"url":"https:\/\/diarioprincipios.com\/wp-content\/uploads\/2024\/08\/457449577_1058482442304490_8013488113284158156_n.jpg","type":"image\/jpeg"}],"author":"Hern\u00e1n L\u00f3pez","twitter_card":"summary_large_image","twitter_misc":{"Escrito por":"Hern\u00e1n L\u00f3pez","Tiempo de lectura":"3 minutos"},"schema":{"@context":"https:\/\/schema.org","@graph":[{"@type":"Article","@id":"https:\/\/diarioprincipios.com\/index.php\/2024\/08\/29\/larroque-y-ferraresi-participaron-de-la-celebracion-por-el-19o-aniversario-del-programa-envion\/#article","isPartOf":{"@id":"https:\/\/diarioprincipios.com\/index.php\/2024\/08\/29\/larroque-y-ferraresi-participaron-de-la-celebracion-por-el-19o-aniversario-del-programa-envion\/"},"author":{"name":"Hern\u00e1n L\u00f3pez","@id":"https:\/\/diarioprincipios.com\/#\/schema\/person\/436d5a1fd41a5e250e23ff5a6a7cb080"},"headline":"Larroque y Ferraresi participaron de la celebraci\u00f3n por el 19\u00ba aniversario del programa Envi\u00f3n","datePublished":"2024-08-30T00:05:10+00:00","dateModified":"2024-08-30T00:05:12+00:00","mainEntityOfPage":{"@id":"https:\/\/diarioprincipios.com\/index.php\/2024\/08\/29\/larroque-y-ferraresi-participaron-de-la-celebracion-por-el-19o-aniversario-del-programa-envion\/"},"wordCount":434,"commentCount":0,"publisher":{"@id":"https:\/\/diarioprincipios.com\/#organization"},"image":{"@id":"https:\/\/diarioprincipios.com\/index.php\/2024\/08\/29\/larroque-y-ferraresi-participaron-de-la-celebracion-por-el-19o-aniversario-del-programa-envion\/#primaryimage"},"thumbnailUrl":"https:\/\/diarioprincipios.com\/wp-content\/uploads\/2024\/08\/457449577_1058482442304490_8013488113284158156_n.jpg","articleSection":["Avellaneda"],"inLanguage":"es","potentialAction":[{"@type":"CommentAction","name":"Comment","target":["https:\/\/diarioprincipios.com\/index.php\/2024\/08\/29\/larroque-y-ferraresi-participaron-de-la-celebracion-por-el-19o-aniversario-del-programa-envion\/#respond"]}]},{"@type":"WebPage","@id":"https:\/\/diarioprincipios.com\/index.php\/2024\/08\/29\/larroque-y-ferraresi-participaron-de-la-celebracion-por-el-19o-aniversario-del-programa-envion\/","url":"https:\/\/diarioprincipios.com\/index.php\/2024\/08\/29\/larroque-y-ferraresi-participaron-de-la-celebracion-por-el-19o-aniversario-del-programa-envion\/","name":"Larroque y Ferraresi participaron de la celebraci\u00f3n por el 19\u00ba aniversario del programa Envi\u00f3n - Principios","isPartOf":{"@id":"https:\/\/diarioprincipios.com\/#website"},"primaryImageOfPage":{"@id":"https:\/\/diarioprincipios.com\/index.php\/2024\/08\/29\/larroque-y-ferraresi-participaron-de-la-celebracion-por-el-19o-aniversario-del-programa-envion\/#primaryimage"},"image":{"@id":"https:\/\/diarioprincipios.com\/index.php\/2024\/08\/29\/larroque-y-ferraresi-participaron-de-la-celebracion-por-el-19o-aniversario-del-programa-envion\/#primaryimage"},"thumbnailUrl":"https:\/\/diarioprincipios.com\/wp-content\/uploads\/2024\/08\/457449577_1058482442304490_8013488113284158156_n.jpg","datePublished":"2024-08-30T00:05:10+00:00","dateModified":"2024-08-30T00:05:12+00:00","breadcrumb":{"@id":"https:\/\/diarioprincipios.com\/index.php\/2024\/08\/29\/larroque-y-ferraresi-participaron-de-la-celebracion-por-el-19o-aniversario-del-programa-envion\/#breadcrumb"},"inLanguage":"es","potentialAction":[{"@type":"ReadAction","target":["https:\/\/diarioprincipios.com\/index.php\/2024\/08\/29\/larroque-y-ferraresi-participaron-de-la-celebracion-por-el-19o-aniversario-del-programa-envion\/"]}]},{"@type":"ImageObject","inLanguage":"es","@id":"https:\/\/diarioprincipios.com\/index.php\/2024\/08\/29\/larroque-y-ferraresi-participaron-de-la-celebracion-por-el-19o-aniversario-del-programa-envion\/#primaryimage","url":"https:\/\/diarioprincipios.com\/wp-content\/uploads\/2024\/08\/457449577_1058482442304490_8013488113284158156_n.jpg","contentUrl":"https:\/\/diarioprincipios.com\/wp-content\/uploads\/2024\/08\/457449577_1058482442304490_8013488113284158156_n.jpg","width":960,"height":639},{"@type":"BreadcrumbList","@id":"https:\/\/diarioprincipios.com\/index.php\/2024\/08\/29\/larroque-y-ferraresi-participaron-de-la-celebracion-por-el-19o-aniversario-del-programa-envion\/#breadcrumb","itemListElement":[{"@type":"ListItem","position":1,"name":"Portada","item":"https:\/\/diarioprincipios.com\/"},{"@type":"ListItem","position":2,"name":"Larroque y Ferraresi participaron de la celebraci\u00f3n por el 19\u00ba aniversario del programa Envi\u00f3n"}]},{"@type":"WebSite","@id":"https:\/\/diarioprincipios.com\/#website","url":"https:\/\/diarioprincipios.com\/","name":"Principios","description":"Principios Diario","publisher":{"@id":"https:\/\/diarioprincipios.com\/#organization"},"potentialAction":[{"@type":"SearchAction","target":{"@type":"EntryPoint","urlTemplate":"https:\/\/diarioprincipios.com\/?s={search_term_string}"},"query-input":{"@type":"PropertyValueSpecification","valueRequired":true,"valueName":"search_term_string"}}],"inLanguage":"es"},{"@type":"Organization","@id":"https:\/\/diarioprincipios.com\/#organization","name":"Principios","url":"https:\/\/diarioprincipios.com\/","logo":{"@type":"ImageObject","inLanguage":"es","@id":"https:\/\/diarioprincipios.com\/#\/schema\/logo\/image\/","url":"https:\/\/diarioprincipios.com\/wp-content\/uploads\/2024\/04\/cropped-www.diarioprincipios.com_-1.png","contentUrl":"https:\/\/diarioprincipios.com\/wp-content\/uploads\/2024\/04\/cropped-www.diarioprincipios.com_-1.png","width":5325,"height":1454,"caption":"Principios"},"image":{"@id":"https:\/\/diarioprincipios.com\/#\/schema\/logo\/image\/"}},{"@type":"Person","@id":"https:\/\/diarioprincipios.com\/#\/schema\/person\/436d5a1fd41a5e250e23ff5a6a7cb080","name":"Hern\u00e1n L\u00f3pez","image":{"@type":"ImageObject","inLanguage":"es","@id":"https:\/\/diarioprincipios.com\/wp-content\/litespeed\/avatar\/11ddfe5610ff3bd100522525b2571f48.jpg?ver=1777048341","url":"https:\/\/diarioprincipios.com\/wp-content\/litespeed\/avatar\/11ddfe5610ff3bd100522525b2571f48.jpg?ver=1777048341","contentUrl":"https:\/\/diarioprincipios.com\/wp-content\/litespeed\/avatar\/11ddfe5610ff3bd100522525b2571f48.jpg?ver=1777048341","caption":"Hern\u00e1n L\u00f3pez"},"url":"https:\/\/diarioprincipios.com\/index.php\/author\/hernan\/"}]}},"jetpack_featured_media_url":"https:\/\/diarioprincipios.com\/wp-content\/uploads\/2024\/08\/457449577_1058482442304490_8013488113284158156_n.jpg","_links":{"self":[{"href":"https:\/\/diarioprincipios.com\/index.php\/wp-json\/wp\/v2\/posts\/22845","targetHints":{"allow":["GET"]}}],"collection":[{"href":"https:\/\/diarioprincipios.com\/index.php\/wp-json\/wp\/v2\/posts"}],"about":[{"href":"https:\/\/diarioprincipios.com\/index.php\/wp-json\/wp\/v2\/types\/post"}],"author":[{"embeddable":true,"href":"https:\/\/diarioprincipios.com\/index.php\/wp-json\/wp\/v2\/users\/2"}],"replies":[{"embeddable":true,"href":"https:\/\/diarioprincipios.com\/index.php\/wp-json\/wp\/v2\/comments?post=22845"}],"version-history":[{"count":1,"href":"https:\/\/diarioprincipios.com\/index.php\/wp-json\/wp\/v2\/posts\/22845\/revisions"}],"predecessor-version":[{"id":22849,"href":"https:\/\/diarioprincipios.com\/index.php\/wp-json\/wp\/v2\/posts\/22845\/revisions\/22849"}],"wp:featuredmedia":[{"embeddable":true,"href":"https:\/\/diarioprincipios.com\/index.php\/wp-json\/wp\/v2\/media\/22848"}],"wp:attachment":[{"href":"https:\/\/diarioprincipios.com\/index.php\/wp-json\/wp\/v2\/media?parent=22845"}],"wp:term":[{"taxonomy":"category","embeddable":true,"href":"https:\/\/diarioprincipios.com\/index.php\/wp-json\/wp\/v2\/categories?post=22845"},{"taxonomy":"post_tag","embeddable":true,"href":"https:\/\/diarioprincipios.com\/index.php\/wp-json\/wp\/v2\/tags?post=22845"}],"curies":[{"name":"wp","href":"https:\/\/api.w.org\/{rel}","templated":true}]}}