{"id":22842,"date":"2024-08-29T21:00:53","date_gmt":"2024-08-30T00:00:53","guid":{"rendered":"http:\/\/diarioprincipios.com\/?p=22842"},"modified":"2024-08-29T21:00:56","modified_gmt":"2024-08-30T00:00:56","slug":"bernal-se-prepara-para-celebrar-su-aniversario","status":"publish","type":"post","link":"https:\/\/diarioprincipios.com\/index.php\/2024\/08\/29\/bernal-se-prepara-para-celebrar-su-aniversario\/","title":{"rendered":"Bernal se prepara para celebrar su Aniversario"},"content":{"rendered":"\n<p>Se vienen las celebraciones por el 64\u00ba aniversario de la declaraci\u00f3n de Bernal como ciudad. Tal es as\u00ed que este domingo 1 de septiembre se desarrollar\u00e1 el desfile c\u00edvico tradicionalista, y el fin de semana siguiente, se llevar\u00e1n a cabo los tradicionales Fogones, bajo la organizaci\u00f3n de los Bomberos Voluntarios e instituciones locales con el acompa\u00f1amiento de la Comuna.<\/p>\n\n\n\n<p>De esta manera, los festejos tendr\u00e1n su inicio el domingo 1 de septiembre a partir de las 11, en Zapiola y Belgrano con el desfile del cual participar\u00e1n escuelas, diferentes instituciones y organizaciones locales, los Bomberos Voluntarios y fuerzas de seguridad del distrito, adem\u00e1s de centros tradicionalistas de la zona.<br><br>Mientras que el s\u00e1bado 7 de septiembre, desde las 17 y hasta las 23, ser\u00e1 el momento de la 57\u00ba edici\u00f3n de los Fogones de Bernal \u201cNuestras Ra\u00edces\u201d, que nuevamente ser\u00e1n organizados por los Bomberos de Bernal, con el apoyo de la Municipalidad de Quilmes. Habr\u00e1 m\u00e1s de 50 puestos de comida t\u00edpica, artesan\u00edas, juegos y espect\u00e1culos art\u00edsticos de diversos g\u00e9neros.<\/p>\n\n\n\n<p>Los mismos se desarrollar\u00e1n sobre las avenidas Zapiola, entre Rawson y 26 de Julio, y en Belgrano, desde Zapiola hasta Lamadrid. Este radio de calles se mantendr\u00e1 cortado al tr\u00e1nsito vehicular desde las 8 del s\u00e1bado hasta las 2 de la madrugada del domingo cuando se produzca la reapertura de las mismas.<\/p>\n\n\n\n<p>Para esta actividad habr\u00e1 18 fogones de instituciones como Centro Cultural Alimento para el Alma; Grupo Scout \u201cPadre Caggiano\u201d SAAC; Centro Cultural Guarn\u00ed JA Flores; Colegio CIMDIP &amp; Miguel Can\u00e9; Escuela de la Aurora; Exploradores de Don Bosco Batall\u00f3n 6; Bomberos Voluntarios de Bernal; Centro Tradicionalista Cruz del Sur; Centro Tradicionalista El Palenque de la Ribera de Bernal; Centro Tradicionalista Rinconada Pampa; Ballet Retumbo Argentino; Grupo Scout El Ni\u00f1o de Bel\u00e9n; Scout N\u00ba 487 Exaltaci\u00f3n de la Cruz; Uni\u00f3n Genovesa Madonna della Guardia; C\u00e1ritas Argentina; Movimiento de Cursillo de Cristiandad; Ser Animal, y Club Los Cooperarios.<br><br>Adem\u00e1s estar\u00e1n presentes otras 13 instituciones con stands: Centro de Veteranos de Guerra Malvinas de Quilmes; Pancitas Llenas; Adopciones Quilmes; Sanatorio Bernal \/ Saber Salud x; Fundaci\u00f3n Padre Luis Farinello y Grupo Scout Padre Luis; Club de Rugby Don Bosco; Jardines de Infantes Municipales; Exploradoras Mar\u00eda Auxiliadora; Colegio Monse\u00f1or Esandi (Don Bosco); Grupo Scout \u201cPadre Caggiano\u201d USCA; Grupo Scout Nuestra Se\u00f1ora de la Medalla Milagrosa; Club Vladimiro Maiacovski, y Pasi\u00f3n por Autos Especiales<\/p>\n","protected":false},"excerpt":{"rendered":"<p>Se vienen las celebraciones por el 64\u00ba aniversario de la declaraci\u00f3n de Bernal como ciudad. Tal es as\u00ed que este domingo 1 de septiembre se desarrollar\u00e1 el desfile c\u00edvico tradicionalista, y el fin de semana siguiente, se llevar\u00e1n a cabo los tradicionales Fogones, bajo la organizaci\u00f3n de los Bomberos Voluntarios e instituciones locales con el&#8230;<\/p>\n","protected":false},"author":2,"featured_media":22843,"comment_status":"open","ping_status":"open","sticky":false,"template":"","format":"standard","meta":{"footnotes":""},"categories":[4,17],"tags":[],"class_list":["post-22842","post","type-post","status-publish","format-standard","has-post-thumbnail","hentry","category-quilmes","category-zona-sur"],"featured_image_src":"https:\/\/diarioprincipios.com\/wp-content\/uploads\/2024\/08\/Fogones-3-1024x1024.jpeg","blog_images":{"medium":"https:\/\/diarioprincipios.com\/wp-content\/uploads\/2024\/08\/Fogones-3-300x300.jpeg","large":"https:\/\/diarioprincipios.com\/wp-content\/uploads\/2024\/08\/Fogones-3-1024x1024.jpeg"},"ams_acf":[],"yoast_head":"<!-- This site is optimized with the Yoast SEO plugin v27.3 - https:\/\/yoast.com\/product\/yoast-seo-wordpress\/ -->\n<title>Bernal se prepara para celebrar su Aniversario - Principios<\/title>\n<meta name=\"robots\" content=\"index, follow, max-snippet:-1, max-image-preview:large, max-video-preview:-1\" \/>\n<link rel=\"canonical\" href=\"https:\/\/diarioprincipios.com\/index.php\/2024\/08\/29\/bernal-se-prepara-para-celebrar-su-aniversario\/\" \/>\n<meta property=\"og:locale\" content=\"es_ES\" \/>\n<meta property=\"og:type\" content=\"article\" \/>\n<meta property=\"og:title\" content=\"Bernal se prepara para celebrar su Aniversario - Principios\" \/>\n<meta property=\"og:description\" content=\"Se vienen las celebraciones por el 64\u00ba aniversario de la declaraci\u00f3n de Bernal como ciudad. Tal es as\u00ed que este domingo 1 de septiembre se desarrollar\u00e1 el desfile c\u00edvico tradicionalista, y el fin de semana siguiente, se llevar\u00e1n a cabo los tradicionales Fogones, bajo la organizaci\u00f3n de los Bomberos Voluntarios e instituciones locales con el...\" \/>\n<meta property=\"og:url\" content=\"https:\/\/diarioprincipios.com\/index.php\/2024\/08\/29\/bernal-se-prepara-para-celebrar-su-aniversario\/\" \/>\n<meta property=\"og:site_name\" content=\"Principios\" \/>\n<meta property=\"article:published_time\" content=\"2024-08-30T00:00:53+00:00\" \/>\n<meta property=\"article:modified_time\" content=\"2024-08-30T00:00:56+00:00\" \/>\n<meta property=\"og:image\" content=\"https:\/\/diarioprincipios.com\/wp-content\/uploads\/2024\/08\/Fogones-3.jpeg\" \/>\n\t<meta property=\"og:image:width\" content=\"1280\" \/>\n\t<meta property=\"og:image:height\" content=\"1280\" \/>\n\t<meta property=\"og:image:type\" content=\"image\/jpeg\" \/>\n<meta name=\"author\" content=\"Hern\u00e1n L\u00f3pez\" \/>\n<meta name=\"twitter:card\" content=\"summary_large_image\" \/>\n<meta name=\"twitter:label1\" content=\"Escrito por\" \/>\n\t<meta name=\"twitter:data1\" content=\"Hern\u00e1n L\u00f3pez\" \/>\n\t<meta name=\"twitter:label2\" content=\"Tiempo de lectura\" \/>\n\t<meta name=\"twitter:data2\" content=\"2 minutos\" \/>\n<script type=\"application\/ld+json\" class=\"yoast-schema-graph\">{\"@context\":\"https:\\\/\\\/schema.org\",\"@graph\":[{\"@type\":\"Article\",\"@id\":\"https:\\\/\\\/diarioprincipios.com\\\/index.php\\\/2024\\\/08\\\/29\\\/bernal-se-prepara-para-celebrar-su-aniversario\\\/#article\",\"isPartOf\":{\"@id\":\"https:\\\/\\\/diarioprincipios.com\\\/index.php\\\/2024\\\/08\\\/29\\\/bernal-se-prepara-para-celebrar-su-aniversario\\\/\"},\"author\":{\"name\":\"Hern\u00e1n L\u00f3pez\",\"@id\":\"https:\\\/\\\/diarioprincipios.com\\\/#\\\/schema\\\/person\\\/436d5a1fd41a5e250e23ff5a6a7cb080\"},\"headline\":\"Bernal se prepara para celebrar su Aniversario\",\"datePublished\":\"2024-08-30T00:00:53+00:00\",\"dateModified\":\"2024-08-30T00:00:56+00:00\",\"mainEntityOfPage\":{\"@id\":\"https:\\\/\\\/diarioprincipios.com\\\/index.php\\\/2024\\\/08\\\/29\\\/bernal-se-prepara-para-celebrar-su-aniversario\\\/\"},\"wordCount\":415,\"commentCount\":0,\"publisher\":{\"@id\":\"https:\\\/\\\/diarioprincipios.com\\\/#organization\"},\"image\":{\"@id\":\"https:\\\/\\\/diarioprincipios.com\\\/index.php\\\/2024\\\/08\\\/29\\\/bernal-se-prepara-para-celebrar-su-aniversario\\\/#primaryimage\"},\"thumbnailUrl\":\"https:\\\/\\\/diarioprincipios.com\\\/wp-content\\\/uploads\\\/2024\\\/08\\\/Fogones-3.jpeg\",\"articleSection\":[\"Quilmes\",\"Zonar Sur\"],\"inLanguage\":\"es\",\"potentialAction\":[{\"@type\":\"CommentAction\",\"name\":\"Comment\",\"target\":[\"https:\\\/\\\/diarioprincipios.com\\\/index.php\\\/2024\\\/08\\\/29\\\/bernal-se-prepara-para-celebrar-su-aniversario\\\/#respond\"]}]},{\"@type\":\"WebPage\",\"@id\":\"https:\\\/\\\/diarioprincipios.com\\\/index.php\\\/2024\\\/08\\\/29\\\/bernal-se-prepara-para-celebrar-su-aniversario\\\/\",\"url\":\"https:\\\/\\\/diarioprincipios.com\\\/index.php\\\/2024\\\/08\\\/29\\\/bernal-se-prepara-para-celebrar-su-aniversario\\\/\",\"name\":\"Bernal se prepara para celebrar su Aniversario - Principios\",\"isPartOf\":{\"@id\":\"https:\\\/\\\/diarioprincipios.com\\\/#website\"},\"primaryImageOfPage\":{\"@id\":\"https:\\\/\\\/diarioprincipios.com\\\/index.php\\\/2024\\\/08\\\/29\\\/bernal-se-prepara-para-celebrar-su-aniversario\\\/#primaryimage\"},\"image\":{\"@id\":\"https:\\\/\\\/diarioprincipios.com\\\/index.php\\\/2024\\\/08\\\/29\\\/bernal-se-prepara-para-celebrar-su-aniversario\\\/#primaryimage\"},\"thumbnailUrl\":\"https:\\\/\\\/diarioprincipios.com\\\/wp-content\\\/uploads\\\/2024\\\/08\\\/Fogones-3.jpeg\",\"datePublished\":\"2024-08-30T00:00:53+00:00\",\"dateModified\":\"2024-08-30T00:00:56+00:00\",\"breadcrumb\":{\"@id\":\"https:\\\/\\\/diarioprincipios.com\\\/index.php\\\/2024\\\/08\\\/29\\\/bernal-se-prepara-para-celebrar-su-aniversario\\\/#breadcrumb\"},\"inLanguage\":\"es\",\"potentialAction\":[{\"@type\":\"ReadAction\",\"target\":[\"https:\\\/\\\/diarioprincipios.com\\\/index.php\\\/2024\\\/08\\\/29\\\/bernal-se-prepara-para-celebrar-su-aniversario\\\/\"]}]},{\"@type\":\"ImageObject\",\"inLanguage\":\"es\",\"@id\":\"https:\\\/\\\/diarioprincipios.com\\\/index.php\\\/2024\\\/08\\\/29\\\/bernal-se-prepara-para-celebrar-su-aniversario\\\/#primaryimage\",\"url\":\"https:\\\/\\\/diarioprincipios.com\\\/wp-content\\\/uploads\\\/2024\\\/08\\\/Fogones-3.jpeg\",\"contentUrl\":\"https:\\\/\\\/diarioprincipios.com\\\/wp-content\\\/uploads\\\/2024\\\/08\\\/Fogones-3.jpeg\",\"width\":1280,\"height\":1280},{\"@type\":\"BreadcrumbList\",\"@id\":\"https:\\\/\\\/diarioprincipios.com\\\/index.php\\\/2024\\\/08\\\/29\\\/bernal-se-prepara-para-celebrar-su-aniversario\\\/#breadcrumb\",\"itemListElement\":[{\"@type\":\"ListItem\",\"position\":1,\"name\":\"Portada\",\"item\":\"https:\\\/\\\/diarioprincipios.com\\\/\"},{\"@type\":\"ListItem\",\"position\":2,\"name\":\"Bernal se prepara para celebrar su Aniversario\"}]},{\"@type\":\"WebSite\",\"@id\":\"https:\\\/\\\/diarioprincipios.com\\\/#website\",\"url\":\"https:\\\/\\\/diarioprincipios.com\\\/\",\"name\":\"Principios\",\"description\":\"Principios Diario\",\"publisher\":{\"@id\":\"https:\\\/\\\/diarioprincipios.com\\\/#organization\"},\"potentialAction\":[{\"@type\":\"SearchAction\",\"target\":{\"@type\":\"EntryPoint\",\"urlTemplate\":\"https:\\\/\\\/diarioprincipios.com\\\/?s={search_term_string}\"},\"query-input\":{\"@type\":\"PropertyValueSpecification\",\"valueRequired\":true,\"valueName\":\"search_term_string\"}}],\"inLanguage\":\"es\"},{\"@type\":\"Organization\",\"@id\":\"https:\\\/\\\/diarioprincipios.com\\\/#organization\",\"name\":\"Principios\",\"url\":\"https:\\\/\\\/diarioprincipios.com\\\/\",\"logo\":{\"@type\":\"ImageObject\",\"inLanguage\":\"es\",\"@id\":\"https:\\\/\\\/diarioprincipios.com\\\/#\\\/schema\\\/logo\\\/image\\\/\",\"url\":\"https:\\\/\\\/diarioprincipios.com\\\/wp-content\\\/uploads\\\/2024\\\/04\\\/cropped-www.diarioprincipios.com_-1.png\",\"contentUrl\":\"https:\\\/\\\/diarioprincipios.com\\\/wp-content\\\/uploads\\\/2024\\\/04\\\/cropped-www.diarioprincipios.com_-1.png\",\"width\":5325,\"height\":1454,\"caption\":\"Principios\"},\"image\":{\"@id\":\"https:\\\/\\\/diarioprincipios.com\\\/#\\\/schema\\\/logo\\\/image\\\/\"}},{\"@type\":\"Person\",\"@id\":\"https:\\\/\\\/diarioprincipios.com\\\/#\\\/schema\\\/person\\\/436d5a1fd41a5e250e23ff5a6a7cb080\",\"name\":\"Hern\u00e1n L\u00f3pez\",\"image\":{\"@type\":\"ImageObject\",\"inLanguage\":\"es\",\"@id\":\"https:\\\/\\\/diarioprincipios.com\\\/wp-content\\\/litespeed\\\/avatar\\\/11ddfe5610ff3bd100522525b2571f48.jpg?ver=1777048341\",\"url\":\"https:\\\/\\\/diarioprincipios.com\\\/wp-content\\\/litespeed\\\/avatar\\\/11ddfe5610ff3bd100522525b2571f48.jpg?ver=1777048341\",\"contentUrl\":\"https:\\\/\\\/diarioprincipios.com\\\/wp-content\\\/litespeed\\\/avatar\\\/11ddfe5610ff3bd100522525b2571f48.jpg?ver=1777048341\",\"caption\":\"Hern\u00e1n L\u00f3pez\"},\"url\":\"https:\\\/\\\/diarioprincipios.com\\\/index.php\\\/author\\\/hernan\\\/\"}]}<\/script>\n<!-- \/ Yoast SEO plugin. -->","yoast_head_json":{"title":"Bernal se prepara para celebrar su Aniversario - Principios","robots":{"index":"index","follow":"follow","max-snippet":"max-snippet:-1","max-image-preview":"max-image-preview:large","max-video-preview":"max-video-preview:-1"},"canonical":"https:\/\/diarioprincipios.com\/index.php\/2024\/08\/29\/bernal-se-prepara-para-celebrar-su-aniversario\/","og_locale":"es_ES","og_type":"article","og_title":"Bernal se prepara para celebrar su Aniversario - Principios","og_description":"Se vienen las celebraciones por el 64\u00ba aniversario de la declaraci\u00f3n de Bernal como ciudad. Tal es as\u00ed que este domingo 1 de septiembre se desarrollar\u00e1 el desfile c\u00edvico tradicionalista, y el fin de semana siguiente, se llevar\u00e1n a cabo los tradicionales Fogones, bajo la organizaci\u00f3n de los Bomberos Voluntarios e instituciones locales con el...","og_url":"https:\/\/diarioprincipios.com\/index.php\/2024\/08\/29\/bernal-se-prepara-para-celebrar-su-aniversario\/","og_site_name":"Principios","article_published_time":"2024-08-30T00:00:53+00:00","article_modified_time":"2024-08-30T00:00:56+00:00","og_image":[{"width":1280,"height":1280,"url":"https:\/\/diarioprincipios.com\/wp-content\/uploads\/2024\/08\/Fogones-3.jpeg","type":"image\/jpeg"}],"author":"Hern\u00e1n L\u00f3pez","twitter_card":"summary_large_image","twitter_misc":{"Escrito por":"Hern\u00e1n L\u00f3pez","Tiempo de lectura":"2 minutos"},"schema":{"@context":"https:\/\/schema.org","@graph":[{"@type":"Article","@id":"https:\/\/diarioprincipios.com\/index.php\/2024\/08\/29\/bernal-se-prepara-para-celebrar-su-aniversario\/#article","isPartOf":{"@id":"https:\/\/diarioprincipios.com\/index.php\/2024\/08\/29\/bernal-se-prepara-para-celebrar-su-aniversario\/"},"author":{"name":"Hern\u00e1n L\u00f3pez","@id":"https:\/\/diarioprincipios.com\/#\/schema\/person\/436d5a1fd41a5e250e23ff5a6a7cb080"},"headline":"Bernal se prepara para celebrar su Aniversario","datePublished":"2024-08-30T00:00:53+00:00","dateModified":"2024-08-30T00:00:56+00:00","mainEntityOfPage":{"@id":"https:\/\/diarioprincipios.com\/index.php\/2024\/08\/29\/bernal-se-prepara-para-celebrar-su-aniversario\/"},"wordCount":415,"commentCount":0,"publisher":{"@id":"https:\/\/diarioprincipios.com\/#organization"},"image":{"@id":"https:\/\/diarioprincipios.com\/index.php\/2024\/08\/29\/bernal-se-prepara-para-celebrar-su-aniversario\/#primaryimage"},"thumbnailUrl":"https:\/\/diarioprincipios.com\/wp-content\/uploads\/2024\/08\/Fogones-3.jpeg","articleSection":["Quilmes","Zonar Sur"],"inLanguage":"es","potentialAction":[{"@type":"CommentAction","name":"Comment","target":["https:\/\/diarioprincipios.com\/index.php\/2024\/08\/29\/bernal-se-prepara-para-celebrar-su-aniversario\/#respond"]}]},{"@type":"WebPage","@id":"https:\/\/diarioprincipios.com\/index.php\/2024\/08\/29\/bernal-se-prepara-para-celebrar-su-aniversario\/","url":"https:\/\/diarioprincipios.com\/index.php\/2024\/08\/29\/bernal-se-prepara-para-celebrar-su-aniversario\/","name":"Bernal se prepara para celebrar su Aniversario - Principios","isPartOf":{"@id":"https:\/\/diarioprincipios.com\/#website"},"primaryImageOfPage":{"@id":"https:\/\/diarioprincipios.com\/index.php\/2024\/08\/29\/bernal-se-prepara-para-celebrar-su-aniversario\/#primaryimage"},"image":{"@id":"https:\/\/diarioprincipios.com\/index.php\/2024\/08\/29\/bernal-se-prepara-para-celebrar-su-aniversario\/#primaryimage"},"thumbnailUrl":"https:\/\/diarioprincipios.com\/wp-content\/uploads\/2024\/08\/Fogones-3.jpeg","datePublished":"2024-08-30T00:00:53+00:00","dateModified":"2024-08-30T00:00:56+00:00","breadcrumb":{"@id":"https:\/\/diarioprincipios.com\/index.php\/2024\/08\/29\/bernal-se-prepara-para-celebrar-su-aniversario\/#breadcrumb"},"inLanguage":"es","potentialAction":[{"@type":"ReadAction","target":["https:\/\/diarioprincipios.com\/index.php\/2024\/08\/29\/bernal-se-prepara-para-celebrar-su-aniversario\/"]}]},{"@type":"ImageObject","inLanguage":"es","@id":"https:\/\/diarioprincipios.com\/index.php\/2024\/08\/29\/bernal-se-prepara-para-celebrar-su-aniversario\/#primaryimage","url":"https:\/\/diarioprincipios.com\/wp-content\/uploads\/2024\/08\/Fogones-3.jpeg","contentUrl":"https:\/\/diarioprincipios.com\/wp-content\/uploads\/2024\/08\/Fogones-3.jpeg","width":1280,"height":1280},{"@type":"BreadcrumbList","@id":"https:\/\/diarioprincipios.com\/index.php\/2024\/08\/29\/bernal-se-prepara-para-celebrar-su-aniversario\/#breadcrumb","itemListElement":[{"@type":"ListItem","position":1,"name":"Portada","item":"https:\/\/diarioprincipios.com\/"},{"@type":"ListItem","position":2,"name":"Bernal se prepara para celebrar su Aniversario"}]},{"@type":"WebSite","@id":"https:\/\/diarioprincipios.com\/#website","url":"https:\/\/diarioprincipios.com\/","name":"Principios","description":"Principios Diario","publisher":{"@id":"https:\/\/diarioprincipios.com\/#organization"},"potentialAction":[{"@type":"SearchAction","target":{"@type":"EntryPoint","urlTemplate":"https:\/\/diarioprincipios.com\/?s={search_term_string}"},"query-input":{"@type":"PropertyValueSpecification","valueRequired":true,"valueName":"search_term_string"}}],"inLanguage":"es"},{"@type":"Organization","@id":"https:\/\/diarioprincipios.com\/#organization","name":"Principios","url":"https:\/\/diarioprincipios.com\/","logo":{"@type":"ImageObject","inLanguage":"es","@id":"https:\/\/diarioprincipios.com\/#\/schema\/logo\/image\/","url":"https:\/\/diarioprincipios.com\/wp-content\/uploads\/2024\/04\/cropped-www.diarioprincipios.com_-1.png","contentUrl":"https:\/\/diarioprincipios.com\/wp-content\/uploads\/2024\/04\/cropped-www.diarioprincipios.com_-1.png","width":5325,"height":1454,"caption":"Principios"},"image":{"@id":"https:\/\/diarioprincipios.com\/#\/schema\/logo\/image\/"}},{"@type":"Person","@id":"https:\/\/diarioprincipios.com\/#\/schema\/person\/436d5a1fd41a5e250e23ff5a6a7cb080","name":"Hern\u00e1n L\u00f3pez","image":{"@type":"ImageObject","inLanguage":"es","@id":"https:\/\/diarioprincipios.com\/wp-content\/litespeed\/avatar\/11ddfe5610ff3bd100522525b2571f48.jpg?ver=1777048341","url":"https:\/\/diarioprincipios.com\/wp-content\/litespeed\/avatar\/11ddfe5610ff3bd100522525b2571f48.jpg?ver=1777048341","contentUrl":"https:\/\/diarioprincipios.com\/wp-content\/litespeed\/avatar\/11ddfe5610ff3bd100522525b2571f48.jpg?ver=1777048341","caption":"Hern\u00e1n L\u00f3pez"},"url":"https:\/\/diarioprincipios.com\/index.php\/author\/hernan\/"}]}},"jetpack_featured_media_url":"https:\/\/diarioprincipios.com\/wp-content\/uploads\/2024\/08\/Fogones-3.jpeg","_links":{"self":[{"href":"https:\/\/diarioprincipios.com\/index.php\/wp-json\/wp\/v2\/posts\/22842","targetHints":{"allow":["GET"]}}],"collection":[{"href":"https:\/\/diarioprincipios.com\/index.php\/wp-json\/wp\/v2\/posts"}],"about":[{"href":"https:\/\/diarioprincipios.com\/index.php\/wp-json\/wp\/v2\/types\/post"}],"author":[{"embeddable":true,"href":"https:\/\/diarioprincipios.com\/index.php\/wp-json\/wp\/v2\/users\/2"}],"replies":[{"embeddable":true,"href":"https:\/\/diarioprincipios.com\/index.php\/wp-json\/wp\/v2\/comments?post=22842"}],"version-history":[{"count":1,"href":"https:\/\/diarioprincipios.com\/index.php\/wp-json\/wp\/v2\/posts\/22842\/revisions"}],"predecessor-version":[{"id":22844,"href":"https:\/\/diarioprincipios.com\/index.php\/wp-json\/wp\/v2\/posts\/22842\/revisions\/22844"}],"wp:featuredmedia":[{"embeddable":true,"href":"https:\/\/diarioprincipios.com\/index.php\/wp-json\/wp\/v2\/media\/22843"}],"wp:attachment":[{"href":"https:\/\/diarioprincipios.com\/index.php\/wp-json\/wp\/v2\/media?parent=22842"}],"wp:term":[{"taxonomy":"category","embeddable":true,"href":"https:\/\/diarioprincipios.com\/index.php\/wp-json\/wp\/v2\/categories?post=22842"},{"taxonomy":"post_tag","embeddable":true,"href":"https:\/\/diarioprincipios.com\/index.php\/wp-json\/wp\/v2\/tags?post=22842"}],"curies":[{"name":"wp","href":"https:\/\/api.w.org\/{rel}","templated":true}]}}