{"id":2283,"date":"2020-05-30T21:18:59","date_gmt":"2020-05-31T00:18:59","guid":{"rendered":"http:\/\/diarioprincipios.com\/?p=2283"},"modified":"2020-05-30T21:19:00","modified_gmt":"2020-05-31T00:19:00","slug":"mussi-participo-de-videoconferencia-con-veronica-magario","status":"publish","type":"post","link":"https:\/\/diarioprincipios.com\/index.php\/2020\/05\/30\/mussi-participo-de-videoconferencia-con-veronica-magario\/","title":{"rendered":"Mussi particip\u00f3 de Videoconferencia con Ver\u00f3nica Magario"},"content":{"rendered":"\n<p>El Intendente Municipal de Berazategui, doctor Juan Jos\u00e9 Mussi, particip\u00f3 de una videoconferencia con la Vicegobernadora de la Provincia.<\/p>\n\n\n\n<p>As\u00ed lo inform\u00f3 desde sus redes sociales este mediod\u00eda \u00abParticip\u00e9 de una videoconferencia con la vicegobernadora de la provincia de Buenos Aires, Ver\u00f3nica Magario, intendentas, intendentes de la Tercera Secci\u00f3n Electoral y ministros donde dialogamos sobre el programa #DETECTAR y la situaci\u00f3n del #Coronavirus en cada municipio. Unidos vamos a salir adelante! #Berazategui #QuedateEnTuCasa&#8217;.<\/p>\n","protected":false},"excerpt":{"rendered":"<p>El Intendente Municipal de Berazategui, doctor Juan Jos\u00e9 Mussi, particip\u00f3 de una videoconferencia con la Vicegobernadora de la Provincia. As\u00ed lo inform\u00f3 desde sus redes sociales este mediod\u00eda \u00abParticip\u00e9 de una videoconferencia con la vicegobernadora de la provincia de Buenos Aires, Ver\u00f3nica Magario, intendentas, intendentes de la Tercera Secci\u00f3n Electoral y ministros donde dialogamos sobre&#8230;<\/p>\n","protected":false},"author":2,"featured_media":2284,"comment_status":"open","ping_status":"open","sticky":false,"template":"","format":"standard","meta":{"footnotes":""},"categories":[3],"tags":[],"class_list":["post-2283","post","type-post","status-publish","format-standard","has-post-thumbnail","hentry","category-berazategui"],"featured_image_src":"https:\/\/diarioprincipios.com\/wp-content\/uploads\/2020\/05\/FB_IMG_1590884068761.jpg","blog_images":{"medium":"https:\/\/diarioprincipios.com\/wp-content\/uploads\/2020\/05\/FB_IMG_1590884068761-257x300.jpg","large":"https:\/\/diarioprincipios.com\/wp-content\/uploads\/2020\/05\/FB_IMG_1590884068761.jpg"},"ams_acf":[],"yoast_head":"<!-- This site is optimized with the Yoast SEO plugin v27.3 - https:\/\/yoast.com\/product\/yoast-seo-wordpress\/ -->\n<title>Mussi particip\u00f3 de Videoconferencia con Ver\u00f3nica Magario - Principios<\/title>\n<meta name=\"robots\" content=\"index, follow, max-snippet:-1, max-image-preview:large, max-video-preview:-1\" \/>\n<link rel=\"canonical\" href=\"https:\/\/diarioprincipios.com\/index.php\/2020\/05\/30\/mussi-participo-de-videoconferencia-con-veronica-magario\/\" \/>\n<meta property=\"og:locale\" content=\"es_ES\" \/>\n<meta property=\"og:type\" content=\"article\" \/>\n<meta property=\"og:title\" content=\"Mussi particip\u00f3 de Videoconferencia con Ver\u00f3nica Magario - Principios\" \/>\n<meta property=\"og:description\" content=\"El Intendente Municipal de Berazategui, doctor Juan Jos\u00e9 Mussi, particip\u00f3 de una videoconferencia con la Vicegobernadora de la Provincia. As\u00ed lo inform\u00f3 desde sus redes sociales este mediod\u00eda \u00abParticip\u00e9 de una videoconferencia con la vicegobernadora de la provincia de Buenos Aires, Ver\u00f3nica Magario, intendentas, intendentes de la Tercera Secci\u00f3n Electoral y ministros donde dialogamos sobre...\" \/>\n<meta property=\"og:url\" content=\"https:\/\/diarioprincipios.com\/index.php\/2020\/05\/30\/mussi-participo-de-videoconferencia-con-veronica-magario\/\" \/>\n<meta property=\"og:site_name\" content=\"Principios\" \/>\n<meta property=\"article:published_time\" content=\"2020-05-31T00:18:59+00:00\" \/>\n<meta property=\"article:modified_time\" content=\"2020-05-31T00:19:00+00:00\" \/>\n<meta property=\"og:image\" content=\"https:\/\/diarioprincipios.com\/wp-content\/uploads\/2020\/05\/FB_IMG_1590884068761.jpg\" \/>\n\t<meta property=\"og:image:width\" content=\"728\" \/>\n\t<meta property=\"og:image:height\" content=\"851\" \/>\n\t<meta property=\"og:image:type\" content=\"image\/jpeg\" \/>\n<meta name=\"author\" content=\"Hern\u00e1n L\u00f3pez\" \/>\n<meta name=\"twitter:card\" content=\"summary_large_image\" \/>\n<meta name=\"twitter:label1\" content=\"Escrito por\" \/>\n\t<meta name=\"twitter:data1\" content=\"Hern\u00e1n L\u00f3pez\" \/>\n<script type=\"application\/ld+json\" class=\"yoast-schema-graph\">{\"@context\":\"https:\\\/\\\/schema.org\",\"@graph\":[{\"@type\":\"Article\",\"@id\":\"https:\\\/\\\/diarioprincipios.com\\\/index.php\\\/2020\\\/05\\\/30\\\/mussi-participo-de-videoconferencia-con-veronica-magario\\\/#article\",\"isPartOf\":{\"@id\":\"https:\\\/\\\/diarioprincipios.com\\\/index.php\\\/2020\\\/05\\\/30\\\/mussi-participo-de-videoconferencia-con-veronica-magario\\\/\"},\"author\":{\"name\":\"Hern\u00e1n L\u00f3pez\",\"@id\":\"https:\\\/\\\/diarioprincipios.com\\\/#\\\/schema\\\/person\\\/436d5a1fd41a5e250e23ff5a6a7cb080\"},\"headline\":\"Mussi particip\u00f3 de Videoconferencia con Ver\u00f3nica Magario\",\"datePublished\":\"2020-05-31T00:18:59+00:00\",\"dateModified\":\"2020-05-31T00:19:00+00:00\",\"mainEntityOfPage\":{\"@id\":\"https:\\\/\\\/diarioprincipios.com\\\/index.php\\\/2020\\\/05\\\/30\\\/mussi-participo-de-videoconferencia-con-veronica-magario\\\/\"},\"wordCount\":85,\"commentCount\":0,\"publisher\":{\"@id\":\"https:\\\/\\\/diarioprincipios.com\\\/#organization\"},\"image\":{\"@id\":\"https:\\\/\\\/diarioprincipios.com\\\/index.php\\\/2020\\\/05\\\/30\\\/mussi-participo-de-videoconferencia-con-veronica-magario\\\/#primaryimage\"},\"thumbnailUrl\":\"https:\\\/\\\/diarioprincipios.com\\\/wp-content\\\/uploads\\\/2020\\\/05\\\/FB_IMG_1590884068761.jpg\",\"articleSection\":[\"Berazategui\"],\"inLanguage\":\"es\",\"potentialAction\":[{\"@type\":\"CommentAction\",\"name\":\"Comment\",\"target\":[\"https:\\\/\\\/diarioprincipios.com\\\/index.php\\\/2020\\\/05\\\/30\\\/mussi-participo-de-videoconferencia-con-veronica-magario\\\/#respond\"]}]},{\"@type\":\"WebPage\",\"@id\":\"https:\\\/\\\/diarioprincipios.com\\\/index.php\\\/2020\\\/05\\\/30\\\/mussi-participo-de-videoconferencia-con-veronica-magario\\\/\",\"url\":\"https:\\\/\\\/diarioprincipios.com\\\/index.php\\\/2020\\\/05\\\/30\\\/mussi-participo-de-videoconferencia-con-veronica-magario\\\/\",\"name\":\"Mussi particip\u00f3 de Videoconferencia con Ver\u00f3nica Magario - Principios\",\"isPartOf\":{\"@id\":\"https:\\\/\\\/diarioprincipios.com\\\/#website\"},\"primaryImageOfPage\":{\"@id\":\"https:\\\/\\\/diarioprincipios.com\\\/index.php\\\/2020\\\/05\\\/30\\\/mussi-participo-de-videoconferencia-con-veronica-magario\\\/#primaryimage\"},\"image\":{\"@id\":\"https:\\\/\\\/diarioprincipios.com\\\/index.php\\\/2020\\\/05\\\/30\\\/mussi-participo-de-videoconferencia-con-veronica-magario\\\/#primaryimage\"},\"thumbnailUrl\":\"https:\\\/\\\/diarioprincipios.com\\\/wp-content\\\/uploads\\\/2020\\\/05\\\/FB_IMG_1590884068761.jpg\",\"datePublished\":\"2020-05-31T00:18:59+00:00\",\"dateModified\":\"2020-05-31T00:19:00+00:00\",\"breadcrumb\":{\"@id\":\"https:\\\/\\\/diarioprincipios.com\\\/index.php\\\/2020\\\/05\\\/30\\\/mussi-participo-de-videoconferencia-con-veronica-magario\\\/#breadcrumb\"},\"inLanguage\":\"es\",\"potentialAction\":[{\"@type\":\"ReadAction\",\"target\":[\"https:\\\/\\\/diarioprincipios.com\\\/index.php\\\/2020\\\/05\\\/30\\\/mussi-participo-de-videoconferencia-con-veronica-magario\\\/\"]}]},{\"@type\":\"ImageObject\",\"inLanguage\":\"es\",\"@id\":\"https:\\\/\\\/diarioprincipios.com\\\/index.php\\\/2020\\\/05\\\/30\\\/mussi-participo-de-videoconferencia-con-veronica-magario\\\/#primaryimage\",\"url\":\"https:\\\/\\\/diarioprincipios.com\\\/wp-content\\\/uploads\\\/2020\\\/05\\\/FB_IMG_1590884068761.jpg\",\"contentUrl\":\"https:\\\/\\\/diarioprincipios.com\\\/wp-content\\\/uploads\\\/2020\\\/05\\\/FB_IMG_1590884068761.jpg\",\"width\":728,\"height\":851},{\"@type\":\"BreadcrumbList\",\"@id\":\"https:\\\/\\\/diarioprincipios.com\\\/index.php\\\/2020\\\/05\\\/30\\\/mussi-participo-de-videoconferencia-con-veronica-magario\\\/#breadcrumb\",\"itemListElement\":[{\"@type\":\"ListItem\",\"position\":1,\"name\":\"Portada\",\"item\":\"https:\\\/\\\/diarioprincipios.com\\\/\"},{\"@type\":\"ListItem\",\"position\":2,\"name\":\"Mussi particip\u00f3 de Videoconferencia con Ver\u00f3nica Magario\"}]},{\"@type\":\"WebSite\",\"@id\":\"https:\\\/\\\/diarioprincipios.com\\\/#website\",\"url\":\"https:\\\/\\\/diarioprincipios.com\\\/\",\"name\":\"Principios\",\"description\":\"Principios Diario\",\"publisher\":{\"@id\":\"https:\\\/\\\/diarioprincipios.com\\\/#organization\"},\"potentialAction\":[{\"@type\":\"SearchAction\",\"target\":{\"@type\":\"EntryPoint\",\"urlTemplate\":\"https:\\\/\\\/diarioprincipios.com\\\/?s={search_term_string}\"},\"query-input\":{\"@type\":\"PropertyValueSpecification\",\"valueRequired\":true,\"valueName\":\"search_term_string\"}}],\"inLanguage\":\"es\"},{\"@type\":\"Organization\",\"@id\":\"https:\\\/\\\/diarioprincipios.com\\\/#organization\",\"name\":\"Principios\",\"url\":\"https:\\\/\\\/diarioprincipios.com\\\/\",\"logo\":{\"@type\":\"ImageObject\",\"inLanguage\":\"es\",\"@id\":\"https:\\\/\\\/diarioprincipios.com\\\/#\\\/schema\\\/logo\\\/image\\\/\",\"url\":\"https:\\\/\\\/diarioprincipios.com\\\/wp-content\\\/uploads\\\/2024\\\/04\\\/cropped-www.diarioprincipios.com_-1.png\",\"contentUrl\":\"https:\\\/\\\/diarioprincipios.com\\\/wp-content\\\/uploads\\\/2024\\\/04\\\/cropped-www.diarioprincipios.com_-1.png\",\"width\":5325,\"height\":1454,\"caption\":\"Principios\"},\"image\":{\"@id\":\"https:\\\/\\\/diarioprincipios.com\\\/#\\\/schema\\\/logo\\\/image\\\/\"}},{\"@type\":\"Person\",\"@id\":\"https:\\\/\\\/diarioprincipios.com\\\/#\\\/schema\\\/person\\\/436d5a1fd41a5e250e23ff5a6a7cb080\",\"name\":\"Hern\u00e1n L\u00f3pez\",\"image\":{\"@type\":\"ImageObject\",\"inLanguage\":\"es\",\"@id\":\"https:\\\/\\\/diarioprincipios.com\\\/wp-content\\\/litespeed\\\/avatar\\\/11ddfe5610ff3bd100522525b2571f48.jpg?ver=1777048341\",\"url\":\"https:\\\/\\\/diarioprincipios.com\\\/wp-content\\\/litespeed\\\/avatar\\\/11ddfe5610ff3bd100522525b2571f48.jpg?ver=1777048341\",\"contentUrl\":\"https:\\\/\\\/diarioprincipios.com\\\/wp-content\\\/litespeed\\\/avatar\\\/11ddfe5610ff3bd100522525b2571f48.jpg?ver=1777048341\",\"caption\":\"Hern\u00e1n L\u00f3pez\"},\"url\":\"https:\\\/\\\/diarioprincipios.com\\\/index.php\\\/author\\\/hernan\\\/\"}]}<\/script>\n<!-- \/ Yoast SEO plugin. -->","yoast_head_json":{"title":"Mussi particip\u00f3 de Videoconferencia con Ver\u00f3nica Magario - Principios","robots":{"index":"index","follow":"follow","max-snippet":"max-snippet:-1","max-image-preview":"max-image-preview:large","max-video-preview":"max-video-preview:-1"},"canonical":"https:\/\/diarioprincipios.com\/index.php\/2020\/05\/30\/mussi-participo-de-videoconferencia-con-veronica-magario\/","og_locale":"es_ES","og_type":"article","og_title":"Mussi particip\u00f3 de Videoconferencia con Ver\u00f3nica Magario - Principios","og_description":"El Intendente Municipal de Berazategui, doctor Juan Jos\u00e9 Mussi, particip\u00f3 de una videoconferencia con la Vicegobernadora de la Provincia. As\u00ed lo inform\u00f3 desde sus redes sociales este mediod\u00eda \u00abParticip\u00e9 de una videoconferencia con la vicegobernadora de la provincia de Buenos Aires, Ver\u00f3nica Magario, intendentas, intendentes de la Tercera Secci\u00f3n Electoral y ministros donde dialogamos sobre...","og_url":"https:\/\/diarioprincipios.com\/index.php\/2020\/05\/30\/mussi-participo-de-videoconferencia-con-veronica-magario\/","og_site_name":"Principios","article_published_time":"2020-05-31T00:18:59+00:00","article_modified_time":"2020-05-31T00:19:00+00:00","og_image":[{"width":728,"height":851,"url":"https:\/\/diarioprincipios.com\/wp-content\/uploads\/2020\/05\/FB_IMG_1590884068761.jpg","type":"image\/jpeg"}],"author":"Hern\u00e1n L\u00f3pez","twitter_card":"summary_large_image","twitter_misc":{"Escrito por":"Hern\u00e1n L\u00f3pez"},"schema":{"@context":"https:\/\/schema.org","@graph":[{"@type":"Article","@id":"https:\/\/diarioprincipios.com\/index.php\/2020\/05\/30\/mussi-participo-de-videoconferencia-con-veronica-magario\/#article","isPartOf":{"@id":"https:\/\/diarioprincipios.com\/index.php\/2020\/05\/30\/mussi-participo-de-videoconferencia-con-veronica-magario\/"},"author":{"name":"Hern\u00e1n L\u00f3pez","@id":"https:\/\/diarioprincipios.com\/#\/schema\/person\/436d5a1fd41a5e250e23ff5a6a7cb080"},"headline":"Mussi particip\u00f3 de Videoconferencia con Ver\u00f3nica Magario","datePublished":"2020-05-31T00:18:59+00:00","dateModified":"2020-05-31T00:19:00+00:00","mainEntityOfPage":{"@id":"https:\/\/diarioprincipios.com\/index.php\/2020\/05\/30\/mussi-participo-de-videoconferencia-con-veronica-magario\/"},"wordCount":85,"commentCount":0,"publisher":{"@id":"https:\/\/diarioprincipios.com\/#organization"},"image":{"@id":"https:\/\/diarioprincipios.com\/index.php\/2020\/05\/30\/mussi-participo-de-videoconferencia-con-veronica-magario\/#primaryimage"},"thumbnailUrl":"https:\/\/diarioprincipios.com\/wp-content\/uploads\/2020\/05\/FB_IMG_1590884068761.jpg","articleSection":["Berazategui"],"inLanguage":"es","potentialAction":[{"@type":"CommentAction","name":"Comment","target":["https:\/\/diarioprincipios.com\/index.php\/2020\/05\/30\/mussi-participo-de-videoconferencia-con-veronica-magario\/#respond"]}]},{"@type":"WebPage","@id":"https:\/\/diarioprincipios.com\/index.php\/2020\/05\/30\/mussi-participo-de-videoconferencia-con-veronica-magario\/","url":"https:\/\/diarioprincipios.com\/index.php\/2020\/05\/30\/mussi-participo-de-videoconferencia-con-veronica-magario\/","name":"Mussi particip\u00f3 de Videoconferencia con Ver\u00f3nica Magario - Principios","isPartOf":{"@id":"https:\/\/diarioprincipios.com\/#website"},"primaryImageOfPage":{"@id":"https:\/\/diarioprincipios.com\/index.php\/2020\/05\/30\/mussi-participo-de-videoconferencia-con-veronica-magario\/#primaryimage"},"image":{"@id":"https:\/\/diarioprincipios.com\/index.php\/2020\/05\/30\/mussi-participo-de-videoconferencia-con-veronica-magario\/#primaryimage"},"thumbnailUrl":"https:\/\/diarioprincipios.com\/wp-content\/uploads\/2020\/05\/FB_IMG_1590884068761.jpg","datePublished":"2020-05-31T00:18:59+00:00","dateModified":"2020-05-31T00:19:00+00:00","breadcrumb":{"@id":"https:\/\/diarioprincipios.com\/index.php\/2020\/05\/30\/mussi-participo-de-videoconferencia-con-veronica-magario\/#breadcrumb"},"inLanguage":"es","potentialAction":[{"@type":"ReadAction","target":["https:\/\/diarioprincipios.com\/index.php\/2020\/05\/30\/mussi-participo-de-videoconferencia-con-veronica-magario\/"]}]},{"@type":"ImageObject","inLanguage":"es","@id":"https:\/\/diarioprincipios.com\/index.php\/2020\/05\/30\/mussi-participo-de-videoconferencia-con-veronica-magario\/#primaryimage","url":"https:\/\/diarioprincipios.com\/wp-content\/uploads\/2020\/05\/FB_IMG_1590884068761.jpg","contentUrl":"https:\/\/diarioprincipios.com\/wp-content\/uploads\/2020\/05\/FB_IMG_1590884068761.jpg","width":728,"height":851},{"@type":"BreadcrumbList","@id":"https:\/\/diarioprincipios.com\/index.php\/2020\/05\/30\/mussi-participo-de-videoconferencia-con-veronica-magario\/#breadcrumb","itemListElement":[{"@type":"ListItem","position":1,"name":"Portada","item":"https:\/\/diarioprincipios.com\/"},{"@type":"ListItem","position":2,"name":"Mussi particip\u00f3 de Videoconferencia con Ver\u00f3nica Magario"}]},{"@type":"WebSite","@id":"https:\/\/diarioprincipios.com\/#website","url":"https:\/\/diarioprincipios.com\/","name":"Principios","description":"Principios Diario","publisher":{"@id":"https:\/\/diarioprincipios.com\/#organization"},"potentialAction":[{"@type":"SearchAction","target":{"@type":"EntryPoint","urlTemplate":"https:\/\/diarioprincipios.com\/?s={search_term_string}"},"query-input":{"@type":"PropertyValueSpecification","valueRequired":true,"valueName":"search_term_string"}}],"inLanguage":"es"},{"@type":"Organization","@id":"https:\/\/diarioprincipios.com\/#organization","name":"Principios","url":"https:\/\/diarioprincipios.com\/","logo":{"@type":"ImageObject","inLanguage":"es","@id":"https:\/\/diarioprincipios.com\/#\/schema\/logo\/image\/","url":"https:\/\/diarioprincipios.com\/wp-content\/uploads\/2024\/04\/cropped-www.diarioprincipios.com_-1.png","contentUrl":"https:\/\/diarioprincipios.com\/wp-content\/uploads\/2024\/04\/cropped-www.diarioprincipios.com_-1.png","width":5325,"height":1454,"caption":"Principios"},"image":{"@id":"https:\/\/diarioprincipios.com\/#\/schema\/logo\/image\/"}},{"@type":"Person","@id":"https:\/\/diarioprincipios.com\/#\/schema\/person\/436d5a1fd41a5e250e23ff5a6a7cb080","name":"Hern\u00e1n L\u00f3pez","image":{"@type":"ImageObject","inLanguage":"es","@id":"https:\/\/diarioprincipios.com\/wp-content\/litespeed\/avatar\/11ddfe5610ff3bd100522525b2571f48.jpg?ver=1777048341","url":"https:\/\/diarioprincipios.com\/wp-content\/litespeed\/avatar\/11ddfe5610ff3bd100522525b2571f48.jpg?ver=1777048341","contentUrl":"https:\/\/diarioprincipios.com\/wp-content\/litespeed\/avatar\/11ddfe5610ff3bd100522525b2571f48.jpg?ver=1777048341","caption":"Hern\u00e1n L\u00f3pez"},"url":"https:\/\/diarioprincipios.com\/index.php\/author\/hernan\/"}]}},"jetpack_featured_media_url":"https:\/\/diarioprincipios.com\/wp-content\/uploads\/2020\/05\/FB_IMG_1590884068761.jpg","_links":{"self":[{"href":"https:\/\/diarioprincipios.com\/index.php\/wp-json\/wp\/v2\/posts\/2283","targetHints":{"allow":["GET"]}}],"collection":[{"href":"https:\/\/diarioprincipios.com\/index.php\/wp-json\/wp\/v2\/posts"}],"about":[{"href":"https:\/\/diarioprincipios.com\/index.php\/wp-json\/wp\/v2\/types\/post"}],"author":[{"embeddable":true,"href":"https:\/\/diarioprincipios.com\/index.php\/wp-json\/wp\/v2\/users\/2"}],"replies":[{"embeddable":true,"href":"https:\/\/diarioprincipios.com\/index.php\/wp-json\/wp\/v2\/comments?post=2283"}],"version-history":[{"count":1,"href":"https:\/\/diarioprincipios.com\/index.php\/wp-json\/wp\/v2\/posts\/2283\/revisions"}],"predecessor-version":[{"id":2285,"href":"https:\/\/diarioprincipios.com\/index.php\/wp-json\/wp\/v2\/posts\/2283\/revisions\/2285"}],"wp:featuredmedia":[{"embeddable":true,"href":"https:\/\/diarioprincipios.com\/index.php\/wp-json\/wp\/v2\/media\/2284"}],"wp:attachment":[{"href":"https:\/\/diarioprincipios.com\/index.php\/wp-json\/wp\/v2\/media?parent=2283"}],"wp:term":[{"taxonomy":"category","embeddable":true,"href":"https:\/\/diarioprincipios.com\/index.php\/wp-json\/wp\/v2\/categories?post=2283"},{"taxonomy":"post_tag","embeddable":true,"href":"https:\/\/diarioprincipios.com\/index.php\/wp-json\/wp\/v2\/tags?post=2283"}],"curies":[{"name":"wp","href":"https:\/\/api.w.org\/{rel}","templated":true}]}}