{"id":22819,"date":"2024-08-27T09:59:37","date_gmt":"2024-08-27T12:59:37","guid":{"rendered":"http:\/\/diarioprincipios.com\/?p=22819"},"modified":"2024-08-27T09:59:38","modified_gmt":"2024-08-27T12:59:38","slug":"provincia-bonificara-el-50-de-la-vtv-a-jubilados","status":"publish","type":"post","link":"https:\/\/diarioprincipios.com\/index.php\/2024\/08\/27\/provincia-bonificara-el-50-de-la-vtv-a-jubilados\/","title":{"rendered":"Provincia bonificar\u00e1 el 50% de la VTV a Jubilados"},"content":{"rendered":"\n<p><strong>Ante el ajuste de Milei contra jubilados, Provincia tiende un alivio al bolsillo con reducciones <\/strong>en la VTV.<\/p>\n\n\n\n<p><em>El Ministerio de Transporte de la Provincia de Buenos Aires, a cargo de Jorge D\u2019Onofrio, aprob\u00f3 una bonificaci\u00f3n especial destinada a jubilados y pensionados que cobren menos de dos haberes m\u00ednimos jubilatorios. La medida aliviar\u00e1 el bolsillo de miles de bonaerenses.<\/em><\/p>\n\n\n\n<p>El Ministerio de Transporte de la Provincia de Buenos Aires, a cargo de Jorge D\u2019Onofrio, aprob\u00f3 la implementaci\u00f3n de una bonificaci\u00f3n especial del 50% en la tarifa de la VTV para jubilados y pensionados con ingresos inferiores a dos haberes m\u00ednimos jubilatorios. Ser\u00e1 en todas las plantas de verificaci\u00f3n del suelo provincial.<\/p>\n\n\n\n<p>La medida busca amortiguar la grave situaci\u00f3n socioecon\u00f3mica del pa\u00eds producto del brutal ajuste del presidente Javier Milei contra jubilados y trabajadores. As\u00ed, aliviar el bolsillo de los sectores m\u00e1s vulnerables, perjudicados por las fuertes medidas implementadas por el Gobierno nacional.<\/p>\n\n\n\n<p>La bonificaci\u00f3n se otorgar\u00e1 una vez por a\u00f1o y ser\u00e1 aplicable para un \u00fanico veh\u00edculo por titular y con VTV vigente en la Provincia de Buenos Aires. Las y los beneficiarios deber\u00e1n acreditar, al momento de presentarse en la planta verificadora correspondiente, la titularidad del veh\u00edculo a verificar, la constancia de vigencia de la VTV y el \u00faltimo recibo de haberes.<\/p>\n","protected":false},"excerpt":{"rendered":"<p>Ante el ajuste de Milei contra jubilados, Provincia tiende un alivio al bolsillo con reducciones en la VTV. El Ministerio de Transporte de la Provincia de Buenos Aires, a cargo de Jorge D\u2019Onofrio, aprob\u00f3 una bonificaci\u00f3n especial destinada a jubilados y pensionados que cobren menos de dos haberes m\u00ednimos jubilatorios. La medida aliviar\u00e1 el bolsillo&#8230;<\/p>\n","protected":false},"author":2,"featured_media":22820,"comment_status":"open","ping_status":"open","sticky":false,"template":"","format":"standard","meta":{"footnotes":""},"categories":[7],"tags":[],"class_list":["post-22819","post","type-post","status-publish","format-standard","has-post-thumbnail","hentry","category-provincia"],"featured_image_src":"https:\/\/diarioprincipios.com\/wp-content\/uploads\/2024\/08\/Ante-el-ajuste-de-Milei-contra-jubilados-Provincia-tiende-un-alivio-al-bolsillo-con-reducciones-en-la-tarifa-de-la-VTV-1024x683.jpeg","blog_images":{"medium":"https:\/\/diarioprincipios.com\/wp-content\/uploads\/2024\/08\/Ante-el-ajuste-de-Milei-contra-jubilados-Provincia-tiende-un-alivio-al-bolsillo-con-reducciones-en-la-tarifa-de-la-VTV-300x200.jpeg","large":"https:\/\/diarioprincipios.com\/wp-content\/uploads\/2024\/08\/Ante-el-ajuste-de-Milei-contra-jubilados-Provincia-tiende-un-alivio-al-bolsillo-con-reducciones-en-la-tarifa-de-la-VTV-1024x683.jpeg"},"ams_acf":[],"yoast_head":"<!-- This site is optimized with the Yoast SEO plugin v27.3 - https:\/\/yoast.com\/product\/yoast-seo-wordpress\/ -->\n<title>Provincia bonificar\u00e1 el 50% de la VTV a Jubilados - Principios<\/title>\n<meta name=\"robots\" content=\"index, follow, max-snippet:-1, max-image-preview:large, max-video-preview:-1\" \/>\n<link rel=\"canonical\" href=\"https:\/\/diarioprincipios.com\/index.php\/2024\/08\/27\/provincia-bonificara-el-50-de-la-vtv-a-jubilados\/\" \/>\n<meta property=\"og:locale\" content=\"es_ES\" \/>\n<meta property=\"og:type\" content=\"article\" \/>\n<meta property=\"og:title\" content=\"Provincia bonificar\u00e1 el 50% de la VTV a Jubilados - Principios\" \/>\n<meta property=\"og:description\" content=\"Ante el ajuste de Milei contra jubilados, Provincia tiende un alivio al bolsillo con reducciones en la VTV. El Ministerio de Transporte de la Provincia de Buenos Aires, a cargo de Jorge D\u2019Onofrio, aprob\u00f3 una bonificaci\u00f3n especial destinada a jubilados y pensionados que cobren menos de dos haberes m\u00ednimos jubilatorios. La medida aliviar\u00e1 el bolsillo...\" \/>\n<meta property=\"og:url\" content=\"https:\/\/diarioprincipios.com\/index.php\/2024\/08\/27\/provincia-bonificara-el-50-de-la-vtv-a-jubilados\/\" \/>\n<meta property=\"og:site_name\" content=\"Principios\" \/>\n<meta property=\"article:published_time\" content=\"2024-08-27T12:59:37+00:00\" \/>\n<meta property=\"article:modified_time\" content=\"2024-08-27T12:59:38+00:00\" \/>\n<meta property=\"og:image\" content=\"https:\/\/diarioprincipios.com\/wp-content\/uploads\/2024\/08\/Ante-el-ajuste-de-Milei-contra-jubilados-Provincia-tiende-un-alivio-al-bolsillo-con-reducciones-en-la-tarifa-de-la-VTV-scaled.jpeg\" \/>\n\t<meta property=\"og:image:width\" content=\"2560\" \/>\n\t<meta property=\"og:image:height\" content=\"1706\" \/>\n\t<meta property=\"og:image:type\" content=\"image\/jpeg\" \/>\n<meta name=\"author\" content=\"Hern\u00e1n L\u00f3pez\" \/>\n<meta name=\"twitter:card\" content=\"summary_large_image\" \/>\n<meta name=\"twitter:label1\" content=\"Escrito por\" \/>\n\t<meta name=\"twitter:data1\" content=\"Hern\u00e1n L\u00f3pez\" \/>\n\t<meta name=\"twitter:label2\" content=\"Tiempo de lectura\" \/>\n\t<meta name=\"twitter:data2\" content=\"2 minutos\" \/>\n<script type=\"application\/ld+json\" class=\"yoast-schema-graph\">{\"@context\":\"https:\\\/\\\/schema.org\",\"@graph\":[{\"@type\":\"Article\",\"@id\":\"https:\\\/\\\/diarioprincipios.com\\\/index.php\\\/2024\\\/08\\\/27\\\/provincia-bonificara-el-50-de-la-vtv-a-jubilados\\\/#article\",\"isPartOf\":{\"@id\":\"https:\\\/\\\/diarioprincipios.com\\\/index.php\\\/2024\\\/08\\\/27\\\/provincia-bonificara-el-50-de-la-vtv-a-jubilados\\\/\"},\"author\":{\"name\":\"Hern\u00e1n L\u00f3pez\",\"@id\":\"https:\\\/\\\/diarioprincipios.com\\\/#\\\/schema\\\/person\\\/436d5a1fd41a5e250e23ff5a6a7cb080\"},\"headline\":\"Provincia bonificar\u00e1 el 50% de la VTV a Jubilados\",\"datePublished\":\"2024-08-27T12:59:37+00:00\",\"dateModified\":\"2024-08-27T12:59:38+00:00\",\"mainEntityOfPage\":{\"@id\":\"https:\\\/\\\/diarioprincipios.com\\\/index.php\\\/2024\\\/08\\\/27\\\/provincia-bonificara-el-50-de-la-vtv-a-jubilados\\\/\"},\"wordCount\":237,\"commentCount\":0,\"publisher\":{\"@id\":\"https:\\\/\\\/diarioprincipios.com\\\/#organization\"},\"image\":{\"@id\":\"https:\\\/\\\/diarioprincipios.com\\\/index.php\\\/2024\\\/08\\\/27\\\/provincia-bonificara-el-50-de-la-vtv-a-jubilados\\\/#primaryimage\"},\"thumbnailUrl\":\"https:\\\/\\\/diarioprincipios.com\\\/wp-content\\\/uploads\\\/2024\\\/08\\\/Ante-el-ajuste-de-Milei-contra-jubilados-Provincia-tiende-un-alivio-al-bolsillo-con-reducciones-en-la-tarifa-de-la-VTV-scaled.jpeg\",\"articleSection\":[\"Provincia\"],\"inLanguage\":\"es\",\"potentialAction\":[{\"@type\":\"CommentAction\",\"name\":\"Comment\",\"target\":[\"https:\\\/\\\/diarioprincipios.com\\\/index.php\\\/2024\\\/08\\\/27\\\/provincia-bonificara-el-50-de-la-vtv-a-jubilados\\\/#respond\"]}]},{\"@type\":\"WebPage\",\"@id\":\"https:\\\/\\\/diarioprincipios.com\\\/index.php\\\/2024\\\/08\\\/27\\\/provincia-bonificara-el-50-de-la-vtv-a-jubilados\\\/\",\"url\":\"https:\\\/\\\/diarioprincipios.com\\\/index.php\\\/2024\\\/08\\\/27\\\/provincia-bonificara-el-50-de-la-vtv-a-jubilados\\\/\",\"name\":\"Provincia bonificar\u00e1 el 50% de la VTV a Jubilados - Principios\",\"isPartOf\":{\"@id\":\"https:\\\/\\\/diarioprincipios.com\\\/#website\"},\"primaryImageOfPage\":{\"@id\":\"https:\\\/\\\/diarioprincipios.com\\\/index.php\\\/2024\\\/08\\\/27\\\/provincia-bonificara-el-50-de-la-vtv-a-jubilados\\\/#primaryimage\"},\"image\":{\"@id\":\"https:\\\/\\\/diarioprincipios.com\\\/index.php\\\/2024\\\/08\\\/27\\\/provincia-bonificara-el-50-de-la-vtv-a-jubilados\\\/#primaryimage\"},\"thumbnailUrl\":\"https:\\\/\\\/diarioprincipios.com\\\/wp-content\\\/uploads\\\/2024\\\/08\\\/Ante-el-ajuste-de-Milei-contra-jubilados-Provincia-tiende-un-alivio-al-bolsillo-con-reducciones-en-la-tarifa-de-la-VTV-scaled.jpeg\",\"datePublished\":\"2024-08-27T12:59:37+00:00\",\"dateModified\":\"2024-08-27T12:59:38+00:00\",\"breadcrumb\":{\"@id\":\"https:\\\/\\\/diarioprincipios.com\\\/index.php\\\/2024\\\/08\\\/27\\\/provincia-bonificara-el-50-de-la-vtv-a-jubilados\\\/#breadcrumb\"},\"inLanguage\":\"es\",\"potentialAction\":[{\"@type\":\"ReadAction\",\"target\":[\"https:\\\/\\\/diarioprincipios.com\\\/index.php\\\/2024\\\/08\\\/27\\\/provincia-bonificara-el-50-de-la-vtv-a-jubilados\\\/\"]}]},{\"@type\":\"ImageObject\",\"inLanguage\":\"es\",\"@id\":\"https:\\\/\\\/diarioprincipios.com\\\/index.php\\\/2024\\\/08\\\/27\\\/provincia-bonificara-el-50-de-la-vtv-a-jubilados\\\/#primaryimage\",\"url\":\"https:\\\/\\\/diarioprincipios.com\\\/wp-content\\\/uploads\\\/2024\\\/08\\\/Ante-el-ajuste-de-Milei-contra-jubilados-Provincia-tiende-un-alivio-al-bolsillo-con-reducciones-en-la-tarifa-de-la-VTV-scaled.jpeg\",\"contentUrl\":\"https:\\\/\\\/diarioprincipios.com\\\/wp-content\\\/uploads\\\/2024\\\/08\\\/Ante-el-ajuste-de-Milei-contra-jubilados-Provincia-tiende-un-alivio-al-bolsillo-con-reducciones-en-la-tarifa-de-la-VTV-scaled.jpeg\",\"width\":2560,\"height\":1706},{\"@type\":\"BreadcrumbList\",\"@id\":\"https:\\\/\\\/diarioprincipios.com\\\/index.php\\\/2024\\\/08\\\/27\\\/provincia-bonificara-el-50-de-la-vtv-a-jubilados\\\/#breadcrumb\",\"itemListElement\":[{\"@type\":\"ListItem\",\"position\":1,\"name\":\"Portada\",\"item\":\"https:\\\/\\\/diarioprincipios.com\\\/\"},{\"@type\":\"ListItem\",\"position\":2,\"name\":\"Provincia bonificar\u00e1 el 50% de la VTV a Jubilados\"}]},{\"@type\":\"WebSite\",\"@id\":\"https:\\\/\\\/diarioprincipios.com\\\/#website\",\"url\":\"https:\\\/\\\/diarioprincipios.com\\\/\",\"name\":\"Principios\",\"description\":\"Principios Diario\",\"publisher\":{\"@id\":\"https:\\\/\\\/diarioprincipios.com\\\/#organization\"},\"potentialAction\":[{\"@type\":\"SearchAction\",\"target\":{\"@type\":\"EntryPoint\",\"urlTemplate\":\"https:\\\/\\\/diarioprincipios.com\\\/?s={search_term_string}\"},\"query-input\":{\"@type\":\"PropertyValueSpecification\",\"valueRequired\":true,\"valueName\":\"search_term_string\"}}],\"inLanguage\":\"es\"},{\"@type\":\"Organization\",\"@id\":\"https:\\\/\\\/diarioprincipios.com\\\/#organization\",\"name\":\"Principios\",\"url\":\"https:\\\/\\\/diarioprincipios.com\\\/\",\"logo\":{\"@type\":\"ImageObject\",\"inLanguage\":\"es\",\"@id\":\"https:\\\/\\\/diarioprincipios.com\\\/#\\\/schema\\\/logo\\\/image\\\/\",\"url\":\"https:\\\/\\\/diarioprincipios.com\\\/wp-content\\\/uploads\\\/2024\\\/04\\\/cropped-www.diarioprincipios.com_-1.png\",\"contentUrl\":\"https:\\\/\\\/diarioprincipios.com\\\/wp-content\\\/uploads\\\/2024\\\/04\\\/cropped-www.diarioprincipios.com_-1.png\",\"width\":5325,\"height\":1454,\"caption\":\"Principios\"},\"image\":{\"@id\":\"https:\\\/\\\/diarioprincipios.com\\\/#\\\/schema\\\/logo\\\/image\\\/\"}},{\"@type\":\"Person\",\"@id\":\"https:\\\/\\\/diarioprincipios.com\\\/#\\\/schema\\\/person\\\/436d5a1fd41a5e250e23ff5a6a7cb080\",\"name\":\"Hern\u00e1n L\u00f3pez\",\"image\":{\"@type\":\"ImageObject\",\"inLanguage\":\"es\",\"@id\":\"https:\\\/\\\/diarioprincipios.com\\\/wp-content\\\/litespeed\\\/avatar\\\/11ddfe5610ff3bd100522525b2571f48.jpg?ver=1777048341\",\"url\":\"https:\\\/\\\/diarioprincipios.com\\\/wp-content\\\/litespeed\\\/avatar\\\/11ddfe5610ff3bd100522525b2571f48.jpg?ver=1777048341\",\"contentUrl\":\"https:\\\/\\\/diarioprincipios.com\\\/wp-content\\\/litespeed\\\/avatar\\\/11ddfe5610ff3bd100522525b2571f48.jpg?ver=1777048341\",\"caption\":\"Hern\u00e1n L\u00f3pez\"},\"url\":\"https:\\\/\\\/diarioprincipios.com\\\/index.php\\\/author\\\/hernan\\\/\"}]}<\/script>\n<!-- \/ Yoast SEO plugin. -->","yoast_head_json":{"title":"Provincia bonificar\u00e1 el 50% de la VTV a Jubilados - Principios","robots":{"index":"index","follow":"follow","max-snippet":"max-snippet:-1","max-image-preview":"max-image-preview:large","max-video-preview":"max-video-preview:-1"},"canonical":"https:\/\/diarioprincipios.com\/index.php\/2024\/08\/27\/provincia-bonificara-el-50-de-la-vtv-a-jubilados\/","og_locale":"es_ES","og_type":"article","og_title":"Provincia bonificar\u00e1 el 50% de la VTV a Jubilados - Principios","og_description":"Ante el ajuste de Milei contra jubilados, Provincia tiende un alivio al bolsillo con reducciones en la VTV. El Ministerio de Transporte de la Provincia de Buenos Aires, a cargo de Jorge D\u2019Onofrio, aprob\u00f3 una bonificaci\u00f3n especial destinada a jubilados y pensionados que cobren menos de dos haberes m\u00ednimos jubilatorios. La medida aliviar\u00e1 el bolsillo...","og_url":"https:\/\/diarioprincipios.com\/index.php\/2024\/08\/27\/provincia-bonificara-el-50-de-la-vtv-a-jubilados\/","og_site_name":"Principios","article_published_time":"2024-08-27T12:59:37+00:00","article_modified_time":"2024-08-27T12:59:38+00:00","og_image":[{"width":2560,"height":1706,"url":"https:\/\/diarioprincipios.com\/wp-content\/uploads\/2024\/08\/Ante-el-ajuste-de-Milei-contra-jubilados-Provincia-tiende-un-alivio-al-bolsillo-con-reducciones-en-la-tarifa-de-la-VTV-scaled.jpeg","type":"image\/jpeg"}],"author":"Hern\u00e1n L\u00f3pez","twitter_card":"summary_large_image","twitter_misc":{"Escrito por":"Hern\u00e1n L\u00f3pez","Tiempo de lectura":"2 minutos"},"schema":{"@context":"https:\/\/schema.org","@graph":[{"@type":"Article","@id":"https:\/\/diarioprincipios.com\/index.php\/2024\/08\/27\/provincia-bonificara-el-50-de-la-vtv-a-jubilados\/#article","isPartOf":{"@id":"https:\/\/diarioprincipios.com\/index.php\/2024\/08\/27\/provincia-bonificara-el-50-de-la-vtv-a-jubilados\/"},"author":{"name":"Hern\u00e1n L\u00f3pez","@id":"https:\/\/diarioprincipios.com\/#\/schema\/person\/436d5a1fd41a5e250e23ff5a6a7cb080"},"headline":"Provincia bonificar\u00e1 el 50% de la VTV a Jubilados","datePublished":"2024-08-27T12:59:37+00:00","dateModified":"2024-08-27T12:59:38+00:00","mainEntityOfPage":{"@id":"https:\/\/diarioprincipios.com\/index.php\/2024\/08\/27\/provincia-bonificara-el-50-de-la-vtv-a-jubilados\/"},"wordCount":237,"commentCount":0,"publisher":{"@id":"https:\/\/diarioprincipios.com\/#organization"},"image":{"@id":"https:\/\/diarioprincipios.com\/index.php\/2024\/08\/27\/provincia-bonificara-el-50-de-la-vtv-a-jubilados\/#primaryimage"},"thumbnailUrl":"https:\/\/diarioprincipios.com\/wp-content\/uploads\/2024\/08\/Ante-el-ajuste-de-Milei-contra-jubilados-Provincia-tiende-un-alivio-al-bolsillo-con-reducciones-en-la-tarifa-de-la-VTV-scaled.jpeg","articleSection":["Provincia"],"inLanguage":"es","potentialAction":[{"@type":"CommentAction","name":"Comment","target":["https:\/\/diarioprincipios.com\/index.php\/2024\/08\/27\/provincia-bonificara-el-50-de-la-vtv-a-jubilados\/#respond"]}]},{"@type":"WebPage","@id":"https:\/\/diarioprincipios.com\/index.php\/2024\/08\/27\/provincia-bonificara-el-50-de-la-vtv-a-jubilados\/","url":"https:\/\/diarioprincipios.com\/index.php\/2024\/08\/27\/provincia-bonificara-el-50-de-la-vtv-a-jubilados\/","name":"Provincia bonificar\u00e1 el 50% de la VTV a Jubilados - Principios","isPartOf":{"@id":"https:\/\/diarioprincipios.com\/#website"},"primaryImageOfPage":{"@id":"https:\/\/diarioprincipios.com\/index.php\/2024\/08\/27\/provincia-bonificara-el-50-de-la-vtv-a-jubilados\/#primaryimage"},"image":{"@id":"https:\/\/diarioprincipios.com\/index.php\/2024\/08\/27\/provincia-bonificara-el-50-de-la-vtv-a-jubilados\/#primaryimage"},"thumbnailUrl":"https:\/\/diarioprincipios.com\/wp-content\/uploads\/2024\/08\/Ante-el-ajuste-de-Milei-contra-jubilados-Provincia-tiende-un-alivio-al-bolsillo-con-reducciones-en-la-tarifa-de-la-VTV-scaled.jpeg","datePublished":"2024-08-27T12:59:37+00:00","dateModified":"2024-08-27T12:59:38+00:00","breadcrumb":{"@id":"https:\/\/diarioprincipios.com\/index.php\/2024\/08\/27\/provincia-bonificara-el-50-de-la-vtv-a-jubilados\/#breadcrumb"},"inLanguage":"es","potentialAction":[{"@type":"ReadAction","target":["https:\/\/diarioprincipios.com\/index.php\/2024\/08\/27\/provincia-bonificara-el-50-de-la-vtv-a-jubilados\/"]}]},{"@type":"ImageObject","inLanguage":"es","@id":"https:\/\/diarioprincipios.com\/index.php\/2024\/08\/27\/provincia-bonificara-el-50-de-la-vtv-a-jubilados\/#primaryimage","url":"https:\/\/diarioprincipios.com\/wp-content\/uploads\/2024\/08\/Ante-el-ajuste-de-Milei-contra-jubilados-Provincia-tiende-un-alivio-al-bolsillo-con-reducciones-en-la-tarifa-de-la-VTV-scaled.jpeg","contentUrl":"https:\/\/diarioprincipios.com\/wp-content\/uploads\/2024\/08\/Ante-el-ajuste-de-Milei-contra-jubilados-Provincia-tiende-un-alivio-al-bolsillo-con-reducciones-en-la-tarifa-de-la-VTV-scaled.jpeg","width":2560,"height":1706},{"@type":"BreadcrumbList","@id":"https:\/\/diarioprincipios.com\/index.php\/2024\/08\/27\/provincia-bonificara-el-50-de-la-vtv-a-jubilados\/#breadcrumb","itemListElement":[{"@type":"ListItem","position":1,"name":"Portada","item":"https:\/\/diarioprincipios.com\/"},{"@type":"ListItem","position":2,"name":"Provincia bonificar\u00e1 el 50% de la VTV a Jubilados"}]},{"@type":"WebSite","@id":"https:\/\/diarioprincipios.com\/#website","url":"https:\/\/diarioprincipios.com\/","name":"Principios","description":"Principios Diario","publisher":{"@id":"https:\/\/diarioprincipios.com\/#organization"},"potentialAction":[{"@type":"SearchAction","target":{"@type":"EntryPoint","urlTemplate":"https:\/\/diarioprincipios.com\/?s={search_term_string}"},"query-input":{"@type":"PropertyValueSpecification","valueRequired":true,"valueName":"search_term_string"}}],"inLanguage":"es"},{"@type":"Organization","@id":"https:\/\/diarioprincipios.com\/#organization","name":"Principios","url":"https:\/\/diarioprincipios.com\/","logo":{"@type":"ImageObject","inLanguage":"es","@id":"https:\/\/diarioprincipios.com\/#\/schema\/logo\/image\/","url":"https:\/\/diarioprincipios.com\/wp-content\/uploads\/2024\/04\/cropped-www.diarioprincipios.com_-1.png","contentUrl":"https:\/\/diarioprincipios.com\/wp-content\/uploads\/2024\/04\/cropped-www.diarioprincipios.com_-1.png","width":5325,"height":1454,"caption":"Principios"},"image":{"@id":"https:\/\/diarioprincipios.com\/#\/schema\/logo\/image\/"}},{"@type":"Person","@id":"https:\/\/diarioprincipios.com\/#\/schema\/person\/436d5a1fd41a5e250e23ff5a6a7cb080","name":"Hern\u00e1n L\u00f3pez","image":{"@type":"ImageObject","inLanguage":"es","@id":"https:\/\/diarioprincipios.com\/wp-content\/litespeed\/avatar\/11ddfe5610ff3bd100522525b2571f48.jpg?ver=1777048341","url":"https:\/\/diarioprincipios.com\/wp-content\/litespeed\/avatar\/11ddfe5610ff3bd100522525b2571f48.jpg?ver=1777048341","contentUrl":"https:\/\/diarioprincipios.com\/wp-content\/litespeed\/avatar\/11ddfe5610ff3bd100522525b2571f48.jpg?ver=1777048341","caption":"Hern\u00e1n L\u00f3pez"},"url":"https:\/\/diarioprincipios.com\/index.php\/author\/hernan\/"}]}},"jetpack_featured_media_url":"https:\/\/diarioprincipios.com\/wp-content\/uploads\/2024\/08\/Ante-el-ajuste-de-Milei-contra-jubilados-Provincia-tiende-un-alivio-al-bolsillo-con-reducciones-en-la-tarifa-de-la-VTV-scaled.jpeg","_links":{"self":[{"href":"https:\/\/diarioprincipios.com\/index.php\/wp-json\/wp\/v2\/posts\/22819","targetHints":{"allow":["GET"]}}],"collection":[{"href":"https:\/\/diarioprincipios.com\/index.php\/wp-json\/wp\/v2\/posts"}],"about":[{"href":"https:\/\/diarioprincipios.com\/index.php\/wp-json\/wp\/v2\/types\/post"}],"author":[{"embeddable":true,"href":"https:\/\/diarioprincipios.com\/index.php\/wp-json\/wp\/v2\/users\/2"}],"replies":[{"embeddable":true,"href":"https:\/\/diarioprincipios.com\/index.php\/wp-json\/wp\/v2\/comments?post=22819"}],"version-history":[{"count":1,"href":"https:\/\/diarioprincipios.com\/index.php\/wp-json\/wp\/v2\/posts\/22819\/revisions"}],"predecessor-version":[{"id":22821,"href":"https:\/\/diarioprincipios.com\/index.php\/wp-json\/wp\/v2\/posts\/22819\/revisions\/22821"}],"wp:featuredmedia":[{"embeddable":true,"href":"https:\/\/diarioprincipios.com\/index.php\/wp-json\/wp\/v2\/media\/22820"}],"wp:attachment":[{"href":"https:\/\/diarioprincipios.com\/index.php\/wp-json\/wp\/v2\/media?parent=22819"}],"wp:term":[{"taxonomy":"category","embeddable":true,"href":"https:\/\/diarioprincipios.com\/index.php\/wp-json\/wp\/v2\/categories?post=22819"},{"taxonomy":"post_tag","embeddable":true,"href":"https:\/\/diarioprincipios.com\/index.php\/wp-json\/wp\/v2\/tags?post=22819"}],"curies":[{"name":"wp","href":"https:\/\/api.w.org\/{rel}","templated":true}]}}