{"id":22803,"date":"2024-08-26T13:05:29","date_gmt":"2024-08-26T16:05:29","guid":{"rendered":"http:\/\/diarioprincipios.com\/?p=22803"},"modified":"2024-08-26T13:05:31","modified_gmt":"2024-08-26T16:05:31","slug":"con-record-de-participantes-comenzo-el-clausura-de-la-asociacion-de-voley","status":"publish","type":"post","link":"https:\/\/diarioprincipios.com\/index.php\/2024\/08\/26\/con-record-de-participantes-comenzo-el-clausura-de-la-asociacion-de-voley\/","title":{"rendered":"Con r\u00e9cord de participantes comenz\u00f3 el Clausura de la Asociaci\u00f3n de V\u00f3ley"},"content":{"rendered":"\n<p>Con la participaci\u00f3n r\u00e9cord e in\u00e9dita de 94 equipos, comenz\u00f3 este \u00faltimo fin de semana el Torneo Clausura organizado por la Asociaci\u00f3n de V\u00f3ley Capital Nacional del Vidrio.<\/p>\n\n\n\n<figure class=\"wp-block-image size-large\"><img loading=\"lazy\" decoding=\"async\" width=\"1024\" height=\"846\" src=\"https:\/\/diarioprincipios.com\/wp-content\/uploads\/2024\/08\/Screenshot_20240825_215022_WhatsApp-1024x846.jpg\" alt=\"\" class=\"wp-image-22808\" srcset=\"https:\/\/diarioprincipios.com\/wp-content\/uploads\/2024\/08\/Screenshot_20240825_215022_WhatsApp-1024x846.jpg 1024w, https:\/\/diarioprincipios.com\/wp-content\/uploads\/2024\/08\/Screenshot_20240825_215022_WhatsApp-300x248.jpg 300w, https:\/\/diarioprincipios.com\/wp-content\/uploads\/2024\/08\/Screenshot_20240825_215022_WhatsApp-768x634.jpg 768w, https:\/\/diarioprincipios.com\/wp-content\/uploads\/2024\/08\/Screenshot_20240825_215022_WhatsApp.jpg 1080w\" sizes=\"auto, (max-width: 1024px) 100vw, 1024px\" \/><\/figure>\n\n\n\n<p><br>Se han inscripto para la competencia equipos de Berazategui , Varela , Quilmes, Wilde, Avellaneda y Lan\u00fas alcanzando el r\u00e9cord hist\u00f3rico de 94 equipos.<\/p>\n\n\n\n<figure class=\"wp-block-image size-full\"><img loading=\"lazy\" decoding=\"async\" width=\"761\" height=\"762\" src=\"https:\/\/diarioprincipios.com\/wp-content\/uploads\/2024\/08\/IMG_20240825_215840_675.webp\" alt=\"\" class=\"wp-image-22804\" srcset=\"https:\/\/diarioprincipios.com\/wp-content\/uploads\/2024\/08\/IMG_20240825_215840_675.webp 761w, https:\/\/diarioprincipios.com\/wp-content\/uploads\/2024\/08\/IMG_20240825_215840_675-300x300.webp 300w, https:\/\/diarioprincipios.com\/wp-content\/uploads\/2024\/08\/IMG_20240825_215840_675-150x150.webp 150w\" sizes=\"auto, (max-width: 761px) 100vw, 761px\" \/><\/figure>\n\n\n\n<p><br>El Torneo se disputar\u00e1 en las categor\u00edas damas y caballeros de Sub 14 , Sub 16 , Sub , 18 y Sub 21, Mayores y la flamante categor\u00eda mayores de 35 a\u00f1os que se abri\u00f3 para esta competencia.<\/p>\n\n\n\n<figure class=\"wp-block-image size-large\"><img loading=\"lazy\" decoding=\"async\" width=\"1024\" height=\"742\" src=\"https:\/\/diarioprincipios.com\/wp-content\/uploads\/2024\/08\/Screenshot_20240825_215106_WhatsApp-1024x742.jpg\" alt=\"\" class=\"wp-image-22807\" srcset=\"https:\/\/diarioprincipios.com\/wp-content\/uploads\/2024\/08\/Screenshot_20240825_215106_WhatsApp-1024x742.jpg 1024w, https:\/\/diarioprincipios.com\/wp-content\/uploads\/2024\/08\/Screenshot_20240825_215106_WhatsApp-300x218.jpg 300w, https:\/\/diarioprincipios.com\/wp-content\/uploads\/2024\/08\/Screenshot_20240825_215106_WhatsApp-768x557.jpg 768w, https:\/\/diarioprincipios.com\/wp-content\/uploads\/2024\/08\/Screenshot_20240825_215106_WhatsApp.jpg 1080w\" sizes=\"auto, (max-width: 1024px) 100vw, 1024px\" \/><\/figure>\n\n\n\n<p><br>Celia Cabrera, presidenta de la Asociaci\u00f3n de V\u00f3ley confes\u00f3 que \u00abestamos muy felices, la cantidad record de participantes para este Torneo es el premio a tantos a\u00f1os de trabajo y esfuerzo de toda la gente que nos acompa\u00f1a\u00bb.<\/p>\n\n\n\n<figure class=\"wp-block-image size-full\"><img loading=\"lazy\" decoding=\"async\" width=\"962\" height=\"962\" src=\"https:\/\/diarioprincipios.com\/wp-content\/uploads\/2024\/08\/IMG_20240825_215840_627.webp\" alt=\"\" class=\"wp-image-22805\" srcset=\"https:\/\/diarioprincipios.com\/wp-content\/uploads\/2024\/08\/IMG_20240825_215840_627.webp 962w, https:\/\/diarioprincipios.com\/wp-content\/uploads\/2024\/08\/IMG_20240825_215840_627-300x300.webp 300w, https:\/\/diarioprincipios.com\/wp-content\/uploads\/2024\/08\/IMG_20240825_215840_627-150x150.webp 150w, https:\/\/diarioprincipios.com\/wp-content\/uploads\/2024\/08\/IMG_20240825_215840_627-768x768.webp 768w\" sizes=\"auto, (max-width: 962px) 100vw, 962px\" \/><\/figure>\n\n\n\n<p><br>La presidenta de la Asociaci\u00f3n de Voley agradeci\u00f3 una vez m\u00e1s \u00abel apoyo que nos siguen brindando el intendente Dr. Juan Jos\u00e9 Mussi y el secretario general de los vidrieros Horacio Valdez, dos hombres comprometidos desde siempre con el deporte y la juventud y que nos han dado una enorme mano durante todos estos a\u00f1os\u00bb.<\/p>\n\n\n\n<figure class=\"wp-block-image size-large\"><img loading=\"lazy\" decoding=\"async\" width=\"1024\" height=\"587\" src=\"https:\/\/diarioprincipios.com\/wp-content\/uploads\/2024\/08\/Screenshot_20240825_215056_WhatsApp-1024x587.jpg\" alt=\"\" class=\"wp-image-22806\" srcset=\"https:\/\/diarioprincipios.com\/wp-content\/uploads\/2024\/08\/Screenshot_20240825_215056_WhatsApp-1024x587.jpg 1024w, https:\/\/diarioprincipios.com\/wp-content\/uploads\/2024\/08\/Screenshot_20240825_215056_WhatsApp-300x172.jpg 300w, https:\/\/diarioprincipios.com\/wp-content\/uploads\/2024\/08\/Screenshot_20240825_215056_WhatsApp-768x440.jpg 768w, https:\/\/diarioprincipios.com\/wp-content\/uploads\/2024\/08\/Screenshot_20240825_215056_WhatsApp.jpg 1080w\" sizes=\"auto, (max-width: 1024px) 100vw, 1024px\" \/><\/figure>\n\n\n\n<p><br>Por \u00faltimo dijo que \u00abesto nos compromete a\u00fan m\u00e1s y seguiremos dando lo mejor porque amamos este maravilloso deporte\u00bb.<\/p>\n","protected":false},"excerpt":{"rendered":"<p>Con la participaci\u00f3n r\u00e9cord e in\u00e9dita de 94 equipos, comenz\u00f3 este \u00faltimo fin de semana el Torneo Clausura organizado por la Asociaci\u00f3n de V\u00f3ley Capital Nacional del Vidrio. Se han inscripto para la competencia equipos de Berazategui , Varela , Quilmes, Wilde, Avellaneda y Lan\u00fas alcanzando el r\u00e9cord hist\u00f3rico de 94 equipos. El Torneo se&#8230;<\/p>\n","protected":false},"author":2,"featured_media":22810,"comment_status":"open","ping_status":"open","sticky":false,"template":"","format":"standard","meta":{"footnotes":""},"categories":[6],"tags":[],"class_list":["post-22803","post","type-post","status-publish","format-standard","has-post-thumbnail","hentry","category-deportes"],"featured_image_src":"https:\/\/diarioprincipios.com\/wp-content\/uploads\/2024\/08\/Screenshot_20240825_215101_WhatsApp-1024x735.jpg","blog_images":{"medium":"https:\/\/diarioprincipios.com\/wp-content\/uploads\/2024\/08\/Screenshot_20240825_215101_WhatsApp-300x215.jpg","large":"https:\/\/diarioprincipios.com\/wp-content\/uploads\/2024\/08\/Screenshot_20240825_215101_WhatsApp-1024x735.jpg"},"ams_acf":[],"yoast_head":"<!-- This site is optimized with the Yoast SEO plugin v27.3 - https:\/\/yoast.com\/product\/yoast-seo-wordpress\/ -->\n<title>Con r\u00e9cord de participantes comenz\u00f3 el Clausura de la Asociaci\u00f3n de V\u00f3ley - Principios<\/title>\n<meta name=\"robots\" content=\"index, follow, max-snippet:-1, max-image-preview:large, max-video-preview:-1\" \/>\n<link rel=\"canonical\" href=\"https:\/\/diarioprincipios.com\/index.php\/2024\/08\/26\/con-record-de-participantes-comenzo-el-clausura-de-la-asociacion-de-voley\/\" \/>\n<meta property=\"og:locale\" content=\"es_ES\" \/>\n<meta property=\"og:type\" content=\"article\" \/>\n<meta property=\"og:title\" content=\"Con r\u00e9cord de participantes comenz\u00f3 el Clausura de la Asociaci\u00f3n de V\u00f3ley - Principios\" \/>\n<meta property=\"og:description\" content=\"Con la participaci\u00f3n r\u00e9cord e in\u00e9dita de 94 equipos, comenz\u00f3 este \u00faltimo fin de semana el Torneo Clausura organizado por la Asociaci\u00f3n de V\u00f3ley Capital Nacional del Vidrio. Se han inscripto para la competencia equipos de Berazategui , Varela , Quilmes, Wilde, Avellaneda y Lan\u00fas alcanzando el r\u00e9cord hist\u00f3rico de 94 equipos. El Torneo se...\" \/>\n<meta property=\"og:url\" content=\"https:\/\/diarioprincipios.com\/index.php\/2024\/08\/26\/con-record-de-participantes-comenzo-el-clausura-de-la-asociacion-de-voley\/\" \/>\n<meta property=\"og:site_name\" content=\"Principios\" \/>\n<meta property=\"article:published_time\" content=\"2024-08-26T16:05:29+00:00\" \/>\n<meta property=\"article:modified_time\" content=\"2024-08-26T16:05:31+00:00\" \/>\n<meta property=\"og:image\" content=\"https:\/\/diarioprincipios.com\/wp-content\/uploads\/2024\/08\/Screenshot_20240825_215101_WhatsApp.jpg\" \/>\n\t<meta property=\"og:image:width\" content=\"1080\" \/>\n\t<meta property=\"og:image:height\" content=\"775\" \/>\n\t<meta property=\"og:image:type\" content=\"image\/jpeg\" \/>\n<meta name=\"author\" content=\"Hern\u00e1n L\u00f3pez\" \/>\n<meta name=\"twitter:card\" content=\"summary_large_image\" \/>\n<meta name=\"twitter:label1\" content=\"Escrito por\" \/>\n\t<meta name=\"twitter:data1\" content=\"Hern\u00e1n L\u00f3pez\" \/>\n\t<meta name=\"twitter:label2\" content=\"Tiempo de lectura\" \/>\n\t<meta name=\"twitter:data2\" content=\"3 minutos\" \/>\n<script type=\"application\/ld+json\" class=\"yoast-schema-graph\">{\"@context\":\"https:\\\/\\\/schema.org\",\"@graph\":[{\"@type\":\"Article\",\"@id\":\"https:\\\/\\\/diarioprincipios.com\\\/index.php\\\/2024\\\/08\\\/26\\\/con-record-de-participantes-comenzo-el-clausura-de-la-asociacion-de-voley\\\/#article\",\"isPartOf\":{\"@id\":\"https:\\\/\\\/diarioprincipios.com\\\/index.php\\\/2024\\\/08\\\/26\\\/con-record-de-participantes-comenzo-el-clausura-de-la-asociacion-de-voley\\\/\"},\"author\":{\"name\":\"Hern\u00e1n L\u00f3pez\",\"@id\":\"https:\\\/\\\/diarioprincipios.com\\\/#\\\/schema\\\/person\\\/436d5a1fd41a5e250e23ff5a6a7cb080\"},\"headline\":\"Con r\u00e9cord de participantes comenz\u00f3 el Clausura de la Asociaci\u00f3n de V\u00f3ley\",\"datePublished\":\"2024-08-26T16:05:29+00:00\",\"dateModified\":\"2024-08-26T16:05:31+00:00\",\"mainEntityOfPage\":{\"@id\":\"https:\\\/\\\/diarioprincipios.com\\\/index.php\\\/2024\\\/08\\\/26\\\/con-record-de-participantes-comenzo-el-clausura-de-la-asociacion-de-voley\\\/\"},\"wordCount\":225,\"commentCount\":0,\"publisher\":{\"@id\":\"https:\\\/\\\/diarioprincipios.com\\\/#organization\"},\"image\":{\"@id\":\"https:\\\/\\\/diarioprincipios.com\\\/index.php\\\/2024\\\/08\\\/26\\\/con-record-de-participantes-comenzo-el-clausura-de-la-asociacion-de-voley\\\/#primaryimage\"},\"thumbnailUrl\":\"https:\\\/\\\/diarioprincipios.com\\\/wp-content\\\/uploads\\\/2024\\\/08\\\/Screenshot_20240825_215101_WhatsApp.jpg\",\"articleSection\":[\"Deportes\"],\"inLanguage\":\"es\",\"potentialAction\":[{\"@type\":\"CommentAction\",\"name\":\"Comment\",\"target\":[\"https:\\\/\\\/diarioprincipios.com\\\/index.php\\\/2024\\\/08\\\/26\\\/con-record-de-participantes-comenzo-el-clausura-de-la-asociacion-de-voley\\\/#respond\"]}]},{\"@type\":\"WebPage\",\"@id\":\"https:\\\/\\\/diarioprincipios.com\\\/index.php\\\/2024\\\/08\\\/26\\\/con-record-de-participantes-comenzo-el-clausura-de-la-asociacion-de-voley\\\/\",\"url\":\"https:\\\/\\\/diarioprincipios.com\\\/index.php\\\/2024\\\/08\\\/26\\\/con-record-de-participantes-comenzo-el-clausura-de-la-asociacion-de-voley\\\/\",\"name\":\"Con r\u00e9cord de participantes comenz\u00f3 el Clausura de la Asociaci\u00f3n de V\u00f3ley - Principios\",\"isPartOf\":{\"@id\":\"https:\\\/\\\/diarioprincipios.com\\\/#website\"},\"primaryImageOfPage\":{\"@id\":\"https:\\\/\\\/diarioprincipios.com\\\/index.php\\\/2024\\\/08\\\/26\\\/con-record-de-participantes-comenzo-el-clausura-de-la-asociacion-de-voley\\\/#primaryimage\"},\"image\":{\"@id\":\"https:\\\/\\\/diarioprincipios.com\\\/index.php\\\/2024\\\/08\\\/26\\\/con-record-de-participantes-comenzo-el-clausura-de-la-asociacion-de-voley\\\/#primaryimage\"},\"thumbnailUrl\":\"https:\\\/\\\/diarioprincipios.com\\\/wp-content\\\/uploads\\\/2024\\\/08\\\/Screenshot_20240825_215101_WhatsApp.jpg\",\"datePublished\":\"2024-08-26T16:05:29+00:00\",\"dateModified\":\"2024-08-26T16:05:31+00:00\",\"breadcrumb\":{\"@id\":\"https:\\\/\\\/diarioprincipios.com\\\/index.php\\\/2024\\\/08\\\/26\\\/con-record-de-participantes-comenzo-el-clausura-de-la-asociacion-de-voley\\\/#breadcrumb\"},\"inLanguage\":\"es\",\"potentialAction\":[{\"@type\":\"ReadAction\",\"target\":[\"https:\\\/\\\/diarioprincipios.com\\\/index.php\\\/2024\\\/08\\\/26\\\/con-record-de-participantes-comenzo-el-clausura-de-la-asociacion-de-voley\\\/\"]}]},{\"@type\":\"ImageObject\",\"inLanguage\":\"es\",\"@id\":\"https:\\\/\\\/diarioprincipios.com\\\/index.php\\\/2024\\\/08\\\/26\\\/con-record-de-participantes-comenzo-el-clausura-de-la-asociacion-de-voley\\\/#primaryimage\",\"url\":\"https:\\\/\\\/diarioprincipios.com\\\/wp-content\\\/uploads\\\/2024\\\/08\\\/Screenshot_20240825_215101_WhatsApp.jpg\",\"contentUrl\":\"https:\\\/\\\/diarioprincipios.com\\\/wp-content\\\/uploads\\\/2024\\\/08\\\/Screenshot_20240825_215101_WhatsApp.jpg\",\"width\":1080,\"height\":775},{\"@type\":\"BreadcrumbList\",\"@id\":\"https:\\\/\\\/diarioprincipios.com\\\/index.php\\\/2024\\\/08\\\/26\\\/con-record-de-participantes-comenzo-el-clausura-de-la-asociacion-de-voley\\\/#breadcrumb\",\"itemListElement\":[{\"@type\":\"ListItem\",\"position\":1,\"name\":\"Portada\",\"item\":\"https:\\\/\\\/diarioprincipios.com\\\/\"},{\"@type\":\"ListItem\",\"position\":2,\"name\":\"Con r\u00e9cord de participantes comenz\u00f3 el Clausura de la Asociaci\u00f3n de V\u00f3ley\"}]},{\"@type\":\"WebSite\",\"@id\":\"https:\\\/\\\/diarioprincipios.com\\\/#website\",\"url\":\"https:\\\/\\\/diarioprincipios.com\\\/\",\"name\":\"Principios\",\"description\":\"Principios Diario\",\"publisher\":{\"@id\":\"https:\\\/\\\/diarioprincipios.com\\\/#organization\"},\"potentialAction\":[{\"@type\":\"SearchAction\",\"target\":{\"@type\":\"EntryPoint\",\"urlTemplate\":\"https:\\\/\\\/diarioprincipios.com\\\/?s={search_term_string}\"},\"query-input\":{\"@type\":\"PropertyValueSpecification\",\"valueRequired\":true,\"valueName\":\"search_term_string\"}}],\"inLanguage\":\"es\"},{\"@type\":\"Organization\",\"@id\":\"https:\\\/\\\/diarioprincipios.com\\\/#organization\",\"name\":\"Principios\",\"url\":\"https:\\\/\\\/diarioprincipios.com\\\/\",\"logo\":{\"@type\":\"ImageObject\",\"inLanguage\":\"es\",\"@id\":\"https:\\\/\\\/diarioprincipios.com\\\/#\\\/schema\\\/logo\\\/image\\\/\",\"url\":\"https:\\\/\\\/diarioprincipios.com\\\/wp-content\\\/uploads\\\/2024\\\/04\\\/cropped-www.diarioprincipios.com_-1.png\",\"contentUrl\":\"https:\\\/\\\/diarioprincipios.com\\\/wp-content\\\/uploads\\\/2024\\\/04\\\/cropped-www.diarioprincipios.com_-1.png\",\"width\":5325,\"height\":1454,\"caption\":\"Principios\"},\"image\":{\"@id\":\"https:\\\/\\\/diarioprincipios.com\\\/#\\\/schema\\\/logo\\\/image\\\/\"}},{\"@type\":\"Person\",\"@id\":\"https:\\\/\\\/diarioprincipios.com\\\/#\\\/schema\\\/person\\\/436d5a1fd41a5e250e23ff5a6a7cb080\",\"name\":\"Hern\u00e1n L\u00f3pez\",\"image\":{\"@type\":\"ImageObject\",\"inLanguage\":\"es\",\"@id\":\"https:\\\/\\\/diarioprincipios.com\\\/wp-content\\\/litespeed\\\/avatar\\\/11ddfe5610ff3bd100522525b2571f48.jpg?ver=1777048341\",\"url\":\"https:\\\/\\\/diarioprincipios.com\\\/wp-content\\\/litespeed\\\/avatar\\\/11ddfe5610ff3bd100522525b2571f48.jpg?ver=1777048341\",\"contentUrl\":\"https:\\\/\\\/diarioprincipios.com\\\/wp-content\\\/litespeed\\\/avatar\\\/11ddfe5610ff3bd100522525b2571f48.jpg?ver=1777048341\",\"caption\":\"Hern\u00e1n L\u00f3pez\"},\"url\":\"https:\\\/\\\/diarioprincipios.com\\\/index.php\\\/author\\\/hernan\\\/\"}]}<\/script>\n<!-- \/ Yoast SEO plugin. -->","yoast_head_json":{"title":"Con r\u00e9cord de participantes comenz\u00f3 el Clausura de la Asociaci\u00f3n de V\u00f3ley - Principios","robots":{"index":"index","follow":"follow","max-snippet":"max-snippet:-1","max-image-preview":"max-image-preview:large","max-video-preview":"max-video-preview:-1"},"canonical":"https:\/\/diarioprincipios.com\/index.php\/2024\/08\/26\/con-record-de-participantes-comenzo-el-clausura-de-la-asociacion-de-voley\/","og_locale":"es_ES","og_type":"article","og_title":"Con r\u00e9cord de participantes comenz\u00f3 el Clausura de la Asociaci\u00f3n de V\u00f3ley - Principios","og_description":"Con la participaci\u00f3n r\u00e9cord e in\u00e9dita de 94 equipos, comenz\u00f3 este \u00faltimo fin de semana el Torneo Clausura organizado por la Asociaci\u00f3n de V\u00f3ley Capital Nacional del Vidrio. Se han inscripto para la competencia equipos de Berazategui , Varela , Quilmes, Wilde, Avellaneda y Lan\u00fas alcanzando el r\u00e9cord hist\u00f3rico de 94 equipos. El Torneo se...","og_url":"https:\/\/diarioprincipios.com\/index.php\/2024\/08\/26\/con-record-de-participantes-comenzo-el-clausura-de-la-asociacion-de-voley\/","og_site_name":"Principios","article_published_time":"2024-08-26T16:05:29+00:00","article_modified_time":"2024-08-26T16:05:31+00:00","og_image":[{"width":1080,"height":775,"url":"https:\/\/diarioprincipios.com\/wp-content\/uploads\/2024\/08\/Screenshot_20240825_215101_WhatsApp.jpg","type":"image\/jpeg"}],"author":"Hern\u00e1n L\u00f3pez","twitter_card":"summary_large_image","twitter_misc":{"Escrito por":"Hern\u00e1n L\u00f3pez","Tiempo de lectura":"3 minutos"},"schema":{"@context":"https:\/\/schema.org","@graph":[{"@type":"Article","@id":"https:\/\/diarioprincipios.com\/index.php\/2024\/08\/26\/con-record-de-participantes-comenzo-el-clausura-de-la-asociacion-de-voley\/#article","isPartOf":{"@id":"https:\/\/diarioprincipios.com\/index.php\/2024\/08\/26\/con-record-de-participantes-comenzo-el-clausura-de-la-asociacion-de-voley\/"},"author":{"name":"Hern\u00e1n L\u00f3pez","@id":"https:\/\/diarioprincipios.com\/#\/schema\/person\/436d5a1fd41a5e250e23ff5a6a7cb080"},"headline":"Con r\u00e9cord de participantes comenz\u00f3 el Clausura de la Asociaci\u00f3n de V\u00f3ley","datePublished":"2024-08-26T16:05:29+00:00","dateModified":"2024-08-26T16:05:31+00:00","mainEntityOfPage":{"@id":"https:\/\/diarioprincipios.com\/index.php\/2024\/08\/26\/con-record-de-participantes-comenzo-el-clausura-de-la-asociacion-de-voley\/"},"wordCount":225,"commentCount":0,"publisher":{"@id":"https:\/\/diarioprincipios.com\/#organization"},"image":{"@id":"https:\/\/diarioprincipios.com\/index.php\/2024\/08\/26\/con-record-de-participantes-comenzo-el-clausura-de-la-asociacion-de-voley\/#primaryimage"},"thumbnailUrl":"https:\/\/diarioprincipios.com\/wp-content\/uploads\/2024\/08\/Screenshot_20240825_215101_WhatsApp.jpg","articleSection":["Deportes"],"inLanguage":"es","potentialAction":[{"@type":"CommentAction","name":"Comment","target":["https:\/\/diarioprincipios.com\/index.php\/2024\/08\/26\/con-record-de-participantes-comenzo-el-clausura-de-la-asociacion-de-voley\/#respond"]}]},{"@type":"WebPage","@id":"https:\/\/diarioprincipios.com\/index.php\/2024\/08\/26\/con-record-de-participantes-comenzo-el-clausura-de-la-asociacion-de-voley\/","url":"https:\/\/diarioprincipios.com\/index.php\/2024\/08\/26\/con-record-de-participantes-comenzo-el-clausura-de-la-asociacion-de-voley\/","name":"Con r\u00e9cord de participantes comenz\u00f3 el Clausura de la Asociaci\u00f3n de V\u00f3ley - Principios","isPartOf":{"@id":"https:\/\/diarioprincipios.com\/#website"},"primaryImageOfPage":{"@id":"https:\/\/diarioprincipios.com\/index.php\/2024\/08\/26\/con-record-de-participantes-comenzo-el-clausura-de-la-asociacion-de-voley\/#primaryimage"},"image":{"@id":"https:\/\/diarioprincipios.com\/index.php\/2024\/08\/26\/con-record-de-participantes-comenzo-el-clausura-de-la-asociacion-de-voley\/#primaryimage"},"thumbnailUrl":"https:\/\/diarioprincipios.com\/wp-content\/uploads\/2024\/08\/Screenshot_20240825_215101_WhatsApp.jpg","datePublished":"2024-08-26T16:05:29+00:00","dateModified":"2024-08-26T16:05:31+00:00","breadcrumb":{"@id":"https:\/\/diarioprincipios.com\/index.php\/2024\/08\/26\/con-record-de-participantes-comenzo-el-clausura-de-la-asociacion-de-voley\/#breadcrumb"},"inLanguage":"es","potentialAction":[{"@type":"ReadAction","target":["https:\/\/diarioprincipios.com\/index.php\/2024\/08\/26\/con-record-de-participantes-comenzo-el-clausura-de-la-asociacion-de-voley\/"]}]},{"@type":"ImageObject","inLanguage":"es","@id":"https:\/\/diarioprincipios.com\/index.php\/2024\/08\/26\/con-record-de-participantes-comenzo-el-clausura-de-la-asociacion-de-voley\/#primaryimage","url":"https:\/\/diarioprincipios.com\/wp-content\/uploads\/2024\/08\/Screenshot_20240825_215101_WhatsApp.jpg","contentUrl":"https:\/\/diarioprincipios.com\/wp-content\/uploads\/2024\/08\/Screenshot_20240825_215101_WhatsApp.jpg","width":1080,"height":775},{"@type":"BreadcrumbList","@id":"https:\/\/diarioprincipios.com\/index.php\/2024\/08\/26\/con-record-de-participantes-comenzo-el-clausura-de-la-asociacion-de-voley\/#breadcrumb","itemListElement":[{"@type":"ListItem","position":1,"name":"Portada","item":"https:\/\/diarioprincipios.com\/"},{"@type":"ListItem","position":2,"name":"Con r\u00e9cord de participantes comenz\u00f3 el Clausura de la Asociaci\u00f3n de V\u00f3ley"}]},{"@type":"WebSite","@id":"https:\/\/diarioprincipios.com\/#website","url":"https:\/\/diarioprincipios.com\/","name":"Principios","description":"Principios Diario","publisher":{"@id":"https:\/\/diarioprincipios.com\/#organization"},"potentialAction":[{"@type":"SearchAction","target":{"@type":"EntryPoint","urlTemplate":"https:\/\/diarioprincipios.com\/?s={search_term_string}"},"query-input":{"@type":"PropertyValueSpecification","valueRequired":true,"valueName":"search_term_string"}}],"inLanguage":"es"},{"@type":"Organization","@id":"https:\/\/diarioprincipios.com\/#organization","name":"Principios","url":"https:\/\/diarioprincipios.com\/","logo":{"@type":"ImageObject","inLanguage":"es","@id":"https:\/\/diarioprincipios.com\/#\/schema\/logo\/image\/","url":"https:\/\/diarioprincipios.com\/wp-content\/uploads\/2024\/04\/cropped-www.diarioprincipios.com_-1.png","contentUrl":"https:\/\/diarioprincipios.com\/wp-content\/uploads\/2024\/04\/cropped-www.diarioprincipios.com_-1.png","width":5325,"height":1454,"caption":"Principios"},"image":{"@id":"https:\/\/diarioprincipios.com\/#\/schema\/logo\/image\/"}},{"@type":"Person","@id":"https:\/\/diarioprincipios.com\/#\/schema\/person\/436d5a1fd41a5e250e23ff5a6a7cb080","name":"Hern\u00e1n L\u00f3pez","image":{"@type":"ImageObject","inLanguage":"es","@id":"https:\/\/diarioprincipios.com\/wp-content\/litespeed\/avatar\/11ddfe5610ff3bd100522525b2571f48.jpg?ver=1777048341","url":"https:\/\/diarioprincipios.com\/wp-content\/litespeed\/avatar\/11ddfe5610ff3bd100522525b2571f48.jpg?ver=1777048341","contentUrl":"https:\/\/diarioprincipios.com\/wp-content\/litespeed\/avatar\/11ddfe5610ff3bd100522525b2571f48.jpg?ver=1777048341","caption":"Hern\u00e1n L\u00f3pez"},"url":"https:\/\/diarioprincipios.com\/index.php\/author\/hernan\/"}]}},"jetpack_featured_media_url":"https:\/\/diarioprincipios.com\/wp-content\/uploads\/2024\/08\/Screenshot_20240825_215101_WhatsApp.jpg","_links":{"self":[{"href":"https:\/\/diarioprincipios.com\/index.php\/wp-json\/wp\/v2\/posts\/22803","targetHints":{"allow":["GET"]}}],"collection":[{"href":"https:\/\/diarioprincipios.com\/index.php\/wp-json\/wp\/v2\/posts"}],"about":[{"href":"https:\/\/diarioprincipios.com\/index.php\/wp-json\/wp\/v2\/types\/post"}],"author":[{"embeddable":true,"href":"https:\/\/diarioprincipios.com\/index.php\/wp-json\/wp\/v2\/users\/2"}],"replies":[{"embeddable":true,"href":"https:\/\/diarioprincipios.com\/index.php\/wp-json\/wp\/v2\/comments?post=22803"}],"version-history":[{"count":1,"href":"https:\/\/diarioprincipios.com\/index.php\/wp-json\/wp\/v2\/posts\/22803\/revisions"}],"predecessor-version":[{"id":22811,"href":"https:\/\/diarioprincipios.com\/index.php\/wp-json\/wp\/v2\/posts\/22803\/revisions\/22811"}],"wp:featuredmedia":[{"embeddable":true,"href":"https:\/\/diarioprincipios.com\/index.php\/wp-json\/wp\/v2\/media\/22810"}],"wp:attachment":[{"href":"https:\/\/diarioprincipios.com\/index.php\/wp-json\/wp\/v2\/media?parent=22803"}],"wp:term":[{"taxonomy":"category","embeddable":true,"href":"https:\/\/diarioprincipios.com\/index.php\/wp-json\/wp\/v2\/categories?post=22803"},{"taxonomy":"post_tag","embeddable":true,"href":"https:\/\/diarioprincipios.com\/index.php\/wp-json\/wp\/v2\/tags?post=22803"}],"curies":[{"name":"wp","href":"https:\/\/api.w.org\/{rel}","templated":true}]}}