{"id":2280,"date":"2020-05-30T20:11:14","date_gmt":"2020-05-30T23:11:14","guid":{"rendered":"http:\/\/diarioprincipios.com\/?p=2280"},"modified":"2020-05-30T20:11:15","modified_gmt":"2020-05-30T23:11:15","slug":"scaloni-aclaro-que-el-monumental-siempre-esta-en-los-planes-para-la-seleccion","status":"publish","type":"post","link":"https:\/\/diarioprincipios.com\/index.php\/2020\/05\/30\/scaloni-aclaro-que-el-monumental-siempre-esta-en-los-planes-para-la-seleccion\/","title":{"rendered":"Scaloni aclar\u00f3 que \u00abel Monumental siempre est\u00e1 en los planes\u00bb para la Selecci\u00f3n"},"content":{"rendered":"\n<p>El director t\u00e9cnico del seleccionado argentino, Lionel Scaloni, aclar\u00f3 que el estadio de River Plate \u00absiempre est\u00e1 en los planes\u00bb para ejercer la condici\u00f3n de local de su equipo, con lo que busc\u00f3 ponerle fin a una pol\u00e9mica por sus declaraciones del viernes en las que mostr\u00f3 preferencias por estadios en los que se siente \u00abel calor\u00bb de los hinchas.<\/p>\n\n\n\n<p>\u00abCuando a m\u00ed me dicen que no nombre a la cancha de River, es simplemente porque River ya est\u00e1 estipulado para la Selecci\u00f3n. Porque la Copa Am\u00e9rica la vamos a jugar ah\u00ed. Yo nombraba canchas que no estaban estipuladas para jugar y a las que pocas veces se hab\u00eda ido, pero en ning\u00fan momento descart\u00e9 la de River\u00bb, explic\u00f3 Scaloni al diario Ol\u00e9.<\/p>\n\n\n\n<p>Un d\u00eda antes, en una nota con Fox Sports, el rosarino hab\u00eda expresado su gusto por \u00abla Bombonera, la cancha de Newell&#8217;s, (Rosario) Central, Racing o V\u00e9lez\u00bb, en las que se puede \u00absentir el calor del p\u00fablico\u00bb.<\/p>\n\n\n\n<p>\u00abCuando hablaba de calor y cercan\u00eda de p\u00fablico, era simplemente eso, de estar m\u00e1s cerca, no de hinchada ni de aliento ni nada. Nunca dije eso ni lo voy a decir. Ser\u00eda una falta de respeto a esa cancha y a esa gente que siempre que hemos jugado nos trat\u00f3 s\u00faper bien. Me parece que se tergiversaron mis respuestas. En ning\u00fan momento habl\u00e9 de hinchada ni de colores y es m\u00e1s, nombr\u00e9 un mont\u00f3n de canchas del Interior tambi\u00e9n, porque me gustar\u00eda que la Selecci\u00f3n juegue por todos lados\u00bb, afirm\u00f3.<\/p>\n\n\n\n<p>Finalmente, reforz\u00f3 esa idea de una condici\u00f3n de local itinerante \u00abpara llevar a la Selecci\u00f3n a la gente, porque la Selecci\u00f3n es de todos\u00bb.<\/p>\n","protected":false},"excerpt":{"rendered":"<p>El director t\u00e9cnico del seleccionado argentino, Lionel Scaloni, aclar\u00f3 que el estadio de River Plate \u00absiempre est\u00e1 en los planes\u00bb para ejercer la condici\u00f3n de local de su equipo, con lo que busc\u00f3 ponerle fin a una pol\u00e9mica por sus declaraciones del viernes en las que mostr\u00f3 preferencias por estadios en los que se siente&#8230;<\/p>\n","protected":false},"author":2,"featured_media":2281,"comment_status":"open","ping_status":"open","sticky":false,"template":"","format":"standard","meta":{"footnotes":""},"categories":[6],"tags":[],"class_list":["post-2280","post","type-post","status-publish","format-standard","has-post-thumbnail","hentry","category-deportes"],"featured_image_src":"https:\/\/diarioprincipios.com\/wp-content\/uploads\/2020\/05\/monumental-1024x693.jpg","blog_images":{"medium":"https:\/\/diarioprincipios.com\/wp-content\/uploads\/2020\/05\/monumental-300x203.jpg","large":"https:\/\/diarioprincipios.com\/wp-content\/uploads\/2020\/05\/monumental-1024x693.jpg"},"ams_acf":[],"yoast_head":"<!-- This site is optimized with the Yoast SEO plugin v27.3 - https:\/\/yoast.com\/product\/yoast-seo-wordpress\/ -->\n<title>Scaloni aclar\u00f3 que &quot;el Monumental siempre est\u00e1 en los planes&quot; para la Selecci\u00f3n - Principios<\/title>\n<meta name=\"robots\" content=\"index, follow, max-snippet:-1, max-image-preview:large, max-video-preview:-1\" \/>\n<link rel=\"canonical\" href=\"https:\/\/diarioprincipios.com\/index.php\/2020\/05\/30\/scaloni-aclaro-que-el-monumental-siempre-esta-en-los-planes-para-la-seleccion\/\" \/>\n<meta property=\"og:locale\" content=\"es_ES\" \/>\n<meta property=\"og:type\" content=\"article\" \/>\n<meta property=\"og:title\" content=\"Scaloni aclar\u00f3 que &quot;el Monumental siempre est\u00e1 en los planes&quot; para la Selecci\u00f3n - Principios\" \/>\n<meta property=\"og:description\" content=\"El director t\u00e9cnico del seleccionado argentino, Lionel Scaloni, aclar\u00f3 que el estadio de River Plate \u00absiempre est\u00e1 en los planes\u00bb para ejercer la condici\u00f3n de local de su equipo, con lo que busc\u00f3 ponerle fin a una pol\u00e9mica por sus declaraciones del viernes en las que mostr\u00f3 preferencias por estadios en los que se siente...\" \/>\n<meta property=\"og:url\" content=\"https:\/\/diarioprincipios.com\/index.php\/2020\/05\/30\/scaloni-aclaro-que-el-monumental-siempre-esta-en-los-planes-para-la-seleccion\/\" \/>\n<meta property=\"og:site_name\" content=\"Principios\" \/>\n<meta property=\"article:published_time\" content=\"2020-05-30T23:11:14+00:00\" \/>\n<meta property=\"article:modified_time\" content=\"2020-05-30T23:11:15+00:00\" \/>\n<meta property=\"og:image\" content=\"https:\/\/diarioprincipios.com\/wp-content\/uploads\/2020\/05\/monumental-scaled.jpg\" \/>\n\t<meta property=\"og:image:width\" content=\"2560\" \/>\n\t<meta property=\"og:image:height\" content=\"1732\" \/>\n\t<meta property=\"og:image:type\" content=\"image\/jpeg\" \/>\n<meta name=\"author\" content=\"Hern\u00e1n L\u00f3pez\" \/>\n<meta name=\"twitter:card\" content=\"summary_large_image\" \/>\n<meta name=\"twitter:label1\" content=\"Escrito por\" \/>\n\t<meta name=\"twitter:data1\" content=\"Hern\u00e1n L\u00f3pez\" \/>\n\t<meta name=\"twitter:label2\" content=\"Tiempo de lectura\" \/>\n\t<meta name=\"twitter:data2\" content=\"1 minuto\" \/>\n<script type=\"application\/ld+json\" class=\"yoast-schema-graph\">{\"@context\":\"https:\\\/\\\/schema.org\",\"@graph\":[{\"@type\":\"Article\",\"@id\":\"https:\\\/\\\/diarioprincipios.com\\\/index.php\\\/2020\\\/05\\\/30\\\/scaloni-aclaro-que-el-monumental-siempre-esta-en-los-planes-para-la-seleccion\\\/#article\",\"isPartOf\":{\"@id\":\"https:\\\/\\\/diarioprincipios.com\\\/index.php\\\/2020\\\/05\\\/30\\\/scaloni-aclaro-que-el-monumental-siempre-esta-en-los-planes-para-la-seleccion\\\/\"},\"author\":{\"name\":\"Hern\u00e1n L\u00f3pez\",\"@id\":\"https:\\\/\\\/diarioprincipios.com\\\/#\\\/schema\\\/person\\\/436d5a1fd41a5e250e23ff5a6a7cb080\"},\"headline\":\"Scaloni aclar\u00f3 que \u00abel Monumental siempre est\u00e1 en los planes\u00bb para la Selecci\u00f3n\",\"datePublished\":\"2020-05-30T23:11:14+00:00\",\"dateModified\":\"2020-05-30T23:11:15+00:00\",\"mainEntityOfPage\":{\"@id\":\"https:\\\/\\\/diarioprincipios.com\\\/index.php\\\/2020\\\/05\\\/30\\\/scaloni-aclaro-que-el-monumental-siempre-esta-en-los-planes-para-la-seleccion\\\/\"},\"wordCount\":314,\"commentCount\":0,\"publisher\":{\"@id\":\"https:\\\/\\\/diarioprincipios.com\\\/#organization\"},\"image\":{\"@id\":\"https:\\\/\\\/diarioprincipios.com\\\/index.php\\\/2020\\\/05\\\/30\\\/scaloni-aclaro-que-el-monumental-siempre-esta-en-los-planes-para-la-seleccion\\\/#primaryimage\"},\"thumbnailUrl\":\"https:\\\/\\\/diarioprincipios.com\\\/wp-content\\\/uploads\\\/2020\\\/05\\\/monumental-scaled.jpg\",\"articleSection\":[\"Deportes\"],\"inLanguage\":\"es\",\"potentialAction\":[{\"@type\":\"CommentAction\",\"name\":\"Comment\",\"target\":[\"https:\\\/\\\/diarioprincipios.com\\\/index.php\\\/2020\\\/05\\\/30\\\/scaloni-aclaro-que-el-monumental-siempre-esta-en-los-planes-para-la-seleccion\\\/#respond\"]}]},{\"@type\":\"WebPage\",\"@id\":\"https:\\\/\\\/diarioprincipios.com\\\/index.php\\\/2020\\\/05\\\/30\\\/scaloni-aclaro-que-el-monumental-siempre-esta-en-los-planes-para-la-seleccion\\\/\",\"url\":\"https:\\\/\\\/diarioprincipios.com\\\/index.php\\\/2020\\\/05\\\/30\\\/scaloni-aclaro-que-el-monumental-siempre-esta-en-los-planes-para-la-seleccion\\\/\",\"name\":\"Scaloni aclar\u00f3 que \\\"el Monumental siempre est\u00e1 en los planes\\\" para la Selecci\u00f3n - Principios\",\"isPartOf\":{\"@id\":\"https:\\\/\\\/diarioprincipios.com\\\/#website\"},\"primaryImageOfPage\":{\"@id\":\"https:\\\/\\\/diarioprincipios.com\\\/index.php\\\/2020\\\/05\\\/30\\\/scaloni-aclaro-que-el-monumental-siempre-esta-en-los-planes-para-la-seleccion\\\/#primaryimage\"},\"image\":{\"@id\":\"https:\\\/\\\/diarioprincipios.com\\\/index.php\\\/2020\\\/05\\\/30\\\/scaloni-aclaro-que-el-monumental-siempre-esta-en-los-planes-para-la-seleccion\\\/#primaryimage\"},\"thumbnailUrl\":\"https:\\\/\\\/diarioprincipios.com\\\/wp-content\\\/uploads\\\/2020\\\/05\\\/monumental-scaled.jpg\",\"datePublished\":\"2020-05-30T23:11:14+00:00\",\"dateModified\":\"2020-05-30T23:11:15+00:00\",\"breadcrumb\":{\"@id\":\"https:\\\/\\\/diarioprincipios.com\\\/index.php\\\/2020\\\/05\\\/30\\\/scaloni-aclaro-que-el-monumental-siempre-esta-en-los-planes-para-la-seleccion\\\/#breadcrumb\"},\"inLanguage\":\"es\",\"potentialAction\":[{\"@type\":\"ReadAction\",\"target\":[\"https:\\\/\\\/diarioprincipios.com\\\/index.php\\\/2020\\\/05\\\/30\\\/scaloni-aclaro-que-el-monumental-siempre-esta-en-los-planes-para-la-seleccion\\\/\"]}]},{\"@type\":\"ImageObject\",\"inLanguage\":\"es\",\"@id\":\"https:\\\/\\\/diarioprincipios.com\\\/index.php\\\/2020\\\/05\\\/30\\\/scaloni-aclaro-que-el-monumental-siempre-esta-en-los-planes-para-la-seleccion\\\/#primaryimage\",\"url\":\"https:\\\/\\\/diarioprincipios.com\\\/wp-content\\\/uploads\\\/2020\\\/05\\\/monumental-scaled.jpg\",\"contentUrl\":\"https:\\\/\\\/diarioprincipios.com\\\/wp-content\\\/uploads\\\/2020\\\/05\\\/monumental-scaled.jpg\",\"width\":2560,\"height\":1732},{\"@type\":\"BreadcrumbList\",\"@id\":\"https:\\\/\\\/diarioprincipios.com\\\/index.php\\\/2020\\\/05\\\/30\\\/scaloni-aclaro-que-el-monumental-siempre-esta-en-los-planes-para-la-seleccion\\\/#breadcrumb\",\"itemListElement\":[{\"@type\":\"ListItem\",\"position\":1,\"name\":\"Portada\",\"item\":\"https:\\\/\\\/diarioprincipios.com\\\/\"},{\"@type\":\"ListItem\",\"position\":2,\"name\":\"Scaloni aclar\u00f3 que \u00abel Monumental siempre est\u00e1 en los planes\u00bb para la Selecci\u00f3n\"}]},{\"@type\":\"WebSite\",\"@id\":\"https:\\\/\\\/diarioprincipios.com\\\/#website\",\"url\":\"https:\\\/\\\/diarioprincipios.com\\\/\",\"name\":\"Principios\",\"description\":\"Principios Diario\",\"publisher\":{\"@id\":\"https:\\\/\\\/diarioprincipios.com\\\/#organization\"},\"potentialAction\":[{\"@type\":\"SearchAction\",\"target\":{\"@type\":\"EntryPoint\",\"urlTemplate\":\"https:\\\/\\\/diarioprincipios.com\\\/?s={search_term_string}\"},\"query-input\":{\"@type\":\"PropertyValueSpecification\",\"valueRequired\":true,\"valueName\":\"search_term_string\"}}],\"inLanguage\":\"es\"},{\"@type\":\"Organization\",\"@id\":\"https:\\\/\\\/diarioprincipios.com\\\/#organization\",\"name\":\"Principios\",\"url\":\"https:\\\/\\\/diarioprincipios.com\\\/\",\"logo\":{\"@type\":\"ImageObject\",\"inLanguage\":\"es\",\"@id\":\"https:\\\/\\\/diarioprincipios.com\\\/#\\\/schema\\\/logo\\\/image\\\/\",\"url\":\"https:\\\/\\\/diarioprincipios.com\\\/wp-content\\\/uploads\\\/2024\\\/04\\\/cropped-www.diarioprincipios.com_-1.png\",\"contentUrl\":\"https:\\\/\\\/diarioprincipios.com\\\/wp-content\\\/uploads\\\/2024\\\/04\\\/cropped-www.diarioprincipios.com_-1.png\",\"width\":5325,\"height\":1454,\"caption\":\"Principios\"},\"image\":{\"@id\":\"https:\\\/\\\/diarioprincipios.com\\\/#\\\/schema\\\/logo\\\/image\\\/\"}},{\"@type\":\"Person\",\"@id\":\"https:\\\/\\\/diarioprincipios.com\\\/#\\\/schema\\\/person\\\/436d5a1fd41a5e250e23ff5a6a7cb080\",\"name\":\"Hern\u00e1n L\u00f3pez\",\"image\":{\"@type\":\"ImageObject\",\"inLanguage\":\"es\",\"@id\":\"https:\\\/\\\/diarioprincipios.com\\\/wp-content\\\/litespeed\\\/avatar\\\/11ddfe5610ff3bd100522525b2571f48.jpg?ver=1777048341\",\"url\":\"https:\\\/\\\/diarioprincipios.com\\\/wp-content\\\/litespeed\\\/avatar\\\/11ddfe5610ff3bd100522525b2571f48.jpg?ver=1777048341\",\"contentUrl\":\"https:\\\/\\\/diarioprincipios.com\\\/wp-content\\\/litespeed\\\/avatar\\\/11ddfe5610ff3bd100522525b2571f48.jpg?ver=1777048341\",\"caption\":\"Hern\u00e1n L\u00f3pez\"},\"url\":\"https:\\\/\\\/diarioprincipios.com\\\/index.php\\\/author\\\/hernan\\\/\"}]}<\/script>\n<!-- \/ Yoast SEO plugin. -->","yoast_head_json":{"title":"Scaloni aclar\u00f3 que \"el Monumental siempre est\u00e1 en los planes\" para la Selecci\u00f3n - Principios","robots":{"index":"index","follow":"follow","max-snippet":"max-snippet:-1","max-image-preview":"max-image-preview:large","max-video-preview":"max-video-preview:-1"},"canonical":"https:\/\/diarioprincipios.com\/index.php\/2020\/05\/30\/scaloni-aclaro-que-el-monumental-siempre-esta-en-los-planes-para-la-seleccion\/","og_locale":"es_ES","og_type":"article","og_title":"Scaloni aclar\u00f3 que \"el Monumental siempre est\u00e1 en los planes\" para la Selecci\u00f3n - Principios","og_description":"El director t\u00e9cnico del seleccionado argentino, Lionel Scaloni, aclar\u00f3 que el estadio de River Plate \u00absiempre est\u00e1 en los planes\u00bb para ejercer la condici\u00f3n de local de su equipo, con lo que busc\u00f3 ponerle fin a una pol\u00e9mica por sus declaraciones del viernes en las que mostr\u00f3 preferencias por estadios en los que se siente...","og_url":"https:\/\/diarioprincipios.com\/index.php\/2020\/05\/30\/scaloni-aclaro-que-el-monumental-siempre-esta-en-los-planes-para-la-seleccion\/","og_site_name":"Principios","article_published_time":"2020-05-30T23:11:14+00:00","article_modified_time":"2020-05-30T23:11:15+00:00","og_image":[{"width":2560,"height":1732,"url":"https:\/\/diarioprincipios.com\/wp-content\/uploads\/2020\/05\/monumental-scaled.jpg","type":"image\/jpeg"}],"author":"Hern\u00e1n L\u00f3pez","twitter_card":"summary_large_image","twitter_misc":{"Escrito por":"Hern\u00e1n L\u00f3pez","Tiempo de lectura":"1 minuto"},"schema":{"@context":"https:\/\/schema.org","@graph":[{"@type":"Article","@id":"https:\/\/diarioprincipios.com\/index.php\/2020\/05\/30\/scaloni-aclaro-que-el-monumental-siempre-esta-en-los-planes-para-la-seleccion\/#article","isPartOf":{"@id":"https:\/\/diarioprincipios.com\/index.php\/2020\/05\/30\/scaloni-aclaro-que-el-monumental-siempre-esta-en-los-planes-para-la-seleccion\/"},"author":{"name":"Hern\u00e1n L\u00f3pez","@id":"https:\/\/diarioprincipios.com\/#\/schema\/person\/436d5a1fd41a5e250e23ff5a6a7cb080"},"headline":"Scaloni aclar\u00f3 que \u00abel Monumental siempre est\u00e1 en los planes\u00bb para la Selecci\u00f3n","datePublished":"2020-05-30T23:11:14+00:00","dateModified":"2020-05-30T23:11:15+00:00","mainEntityOfPage":{"@id":"https:\/\/diarioprincipios.com\/index.php\/2020\/05\/30\/scaloni-aclaro-que-el-monumental-siempre-esta-en-los-planes-para-la-seleccion\/"},"wordCount":314,"commentCount":0,"publisher":{"@id":"https:\/\/diarioprincipios.com\/#organization"},"image":{"@id":"https:\/\/diarioprincipios.com\/index.php\/2020\/05\/30\/scaloni-aclaro-que-el-monumental-siempre-esta-en-los-planes-para-la-seleccion\/#primaryimage"},"thumbnailUrl":"https:\/\/diarioprincipios.com\/wp-content\/uploads\/2020\/05\/monumental-scaled.jpg","articleSection":["Deportes"],"inLanguage":"es","potentialAction":[{"@type":"CommentAction","name":"Comment","target":["https:\/\/diarioprincipios.com\/index.php\/2020\/05\/30\/scaloni-aclaro-que-el-monumental-siempre-esta-en-los-planes-para-la-seleccion\/#respond"]}]},{"@type":"WebPage","@id":"https:\/\/diarioprincipios.com\/index.php\/2020\/05\/30\/scaloni-aclaro-que-el-monumental-siempre-esta-en-los-planes-para-la-seleccion\/","url":"https:\/\/diarioprincipios.com\/index.php\/2020\/05\/30\/scaloni-aclaro-que-el-monumental-siempre-esta-en-los-planes-para-la-seleccion\/","name":"Scaloni aclar\u00f3 que \"el Monumental siempre est\u00e1 en los planes\" para la Selecci\u00f3n - Principios","isPartOf":{"@id":"https:\/\/diarioprincipios.com\/#website"},"primaryImageOfPage":{"@id":"https:\/\/diarioprincipios.com\/index.php\/2020\/05\/30\/scaloni-aclaro-que-el-monumental-siempre-esta-en-los-planes-para-la-seleccion\/#primaryimage"},"image":{"@id":"https:\/\/diarioprincipios.com\/index.php\/2020\/05\/30\/scaloni-aclaro-que-el-monumental-siempre-esta-en-los-planes-para-la-seleccion\/#primaryimage"},"thumbnailUrl":"https:\/\/diarioprincipios.com\/wp-content\/uploads\/2020\/05\/monumental-scaled.jpg","datePublished":"2020-05-30T23:11:14+00:00","dateModified":"2020-05-30T23:11:15+00:00","breadcrumb":{"@id":"https:\/\/diarioprincipios.com\/index.php\/2020\/05\/30\/scaloni-aclaro-que-el-monumental-siempre-esta-en-los-planes-para-la-seleccion\/#breadcrumb"},"inLanguage":"es","potentialAction":[{"@type":"ReadAction","target":["https:\/\/diarioprincipios.com\/index.php\/2020\/05\/30\/scaloni-aclaro-que-el-monumental-siempre-esta-en-los-planes-para-la-seleccion\/"]}]},{"@type":"ImageObject","inLanguage":"es","@id":"https:\/\/diarioprincipios.com\/index.php\/2020\/05\/30\/scaloni-aclaro-que-el-monumental-siempre-esta-en-los-planes-para-la-seleccion\/#primaryimage","url":"https:\/\/diarioprincipios.com\/wp-content\/uploads\/2020\/05\/monumental-scaled.jpg","contentUrl":"https:\/\/diarioprincipios.com\/wp-content\/uploads\/2020\/05\/monumental-scaled.jpg","width":2560,"height":1732},{"@type":"BreadcrumbList","@id":"https:\/\/diarioprincipios.com\/index.php\/2020\/05\/30\/scaloni-aclaro-que-el-monumental-siempre-esta-en-los-planes-para-la-seleccion\/#breadcrumb","itemListElement":[{"@type":"ListItem","position":1,"name":"Portada","item":"https:\/\/diarioprincipios.com\/"},{"@type":"ListItem","position":2,"name":"Scaloni aclar\u00f3 que \u00abel Monumental siempre est\u00e1 en los planes\u00bb para la Selecci\u00f3n"}]},{"@type":"WebSite","@id":"https:\/\/diarioprincipios.com\/#website","url":"https:\/\/diarioprincipios.com\/","name":"Principios","description":"Principios Diario","publisher":{"@id":"https:\/\/diarioprincipios.com\/#organization"},"potentialAction":[{"@type":"SearchAction","target":{"@type":"EntryPoint","urlTemplate":"https:\/\/diarioprincipios.com\/?s={search_term_string}"},"query-input":{"@type":"PropertyValueSpecification","valueRequired":true,"valueName":"search_term_string"}}],"inLanguage":"es"},{"@type":"Organization","@id":"https:\/\/diarioprincipios.com\/#organization","name":"Principios","url":"https:\/\/diarioprincipios.com\/","logo":{"@type":"ImageObject","inLanguage":"es","@id":"https:\/\/diarioprincipios.com\/#\/schema\/logo\/image\/","url":"https:\/\/diarioprincipios.com\/wp-content\/uploads\/2024\/04\/cropped-www.diarioprincipios.com_-1.png","contentUrl":"https:\/\/diarioprincipios.com\/wp-content\/uploads\/2024\/04\/cropped-www.diarioprincipios.com_-1.png","width":5325,"height":1454,"caption":"Principios"},"image":{"@id":"https:\/\/diarioprincipios.com\/#\/schema\/logo\/image\/"}},{"@type":"Person","@id":"https:\/\/diarioprincipios.com\/#\/schema\/person\/436d5a1fd41a5e250e23ff5a6a7cb080","name":"Hern\u00e1n L\u00f3pez","image":{"@type":"ImageObject","inLanguage":"es","@id":"https:\/\/diarioprincipios.com\/wp-content\/litespeed\/avatar\/11ddfe5610ff3bd100522525b2571f48.jpg?ver=1777048341","url":"https:\/\/diarioprincipios.com\/wp-content\/litespeed\/avatar\/11ddfe5610ff3bd100522525b2571f48.jpg?ver=1777048341","contentUrl":"https:\/\/diarioprincipios.com\/wp-content\/litespeed\/avatar\/11ddfe5610ff3bd100522525b2571f48.jpg?ver=1777048341","caption":"Hern\u00e1n L\u00f3pez"},"url":"https:\/\/diarioprincipios.com\/index.php\/author\/hernan\/"}]}},"jetpack_featured_media_url":"https:\/\/diarioprincipios.com\/wp-content\/uploads\/2020\/05\/monumental-scaled.jpg","_links":{"self":[{"href":"https:\/\/diarioprincipios.com\/index.php\/wp-json\/wp\/v2\/posts\/2280","targetHints":{"allow":["GET"]}}],"collection":[{"href":"https:\/\/diarioprincipios.com\/index.php\/wp-json\/wp\/v2\/posts"}],"about":[{"href":"https:\/\/diarioprincipios.com\/index.php\/wp-json\/wp\/v2\/types\/post"}],"author":[{"embeddable":true,"href":"https:\/\/diarioprincipios.com\/index.php\/wp-json\/wp\/v2\/users\/2"}],"replies":[{"embeddable":true,"href":"https:\/\/diarioprincipios.com\/index.php\/wp-json\/wp\/v2\/comments?post=2280"}],"version-history":[{"count":1,"href":"https:\/\/diarioprincipios.com\/index.php\/wp-json\/wp\/v2\/posts\/2280\/revisions"}],"predecessor-version":[{"id":2282,"href":"https:\/\/diarioprincipios.com\/index.php\/wp-json\/wp\/v2\/posts\/2280\/revisions\/2282"}],"wp:featuredmedia":[{"embeddable":true,"href":"https:\/\/diarioprincipios.com\/index.php\/wp-json\/wp\/v2\/media\/2281"}],"wp:attachment":[{"href":"https:\/\/diarioprincipios.com\/index.php\/wp-json\/wp\/v2\/media?parent=2280"}],"wp:term":[{"taxonomy":"category","embeddable":true,"href":"https:\/\/diarioprincipios.com\/index.php\/wp-json\/wp\/v2\/categories?post=2280"},{"taxonomy":"post_tag","embeddable":true,"href":"https:\/\/diarioprincipios.com\/index.php\/wp-json\/wp\/v2\/tags?post=2280"}],"curies":[{"name":"wp","href":"https:\/\/api.w.org\/{rel}","templated":true}]}}